{"id":166069,"date":"2026-03-04T13:19:56","date_gmt":"2026-03-04T10:19:56","guid":{"rendered":"https:\/\/epochtimestr.com\/?p=166069"},"modified":"2026-03-04T13:20:00","modified_gmt":"2026-03-04T10:20:00","slug":"makron-fransa-nukleer-ucak-gemisini-dogu-akdenize-gonderdi","status":"publish","type":"post","link":"https:\/\/epochtimestr.com\/index.php\/makron-fransa-nukleer-ucak-gemisini-dogu-akdenize-gonderdi","title":{"rendered":"Makron Fransa N\u00fckleer U\u00e7ak Gemisini Do\u011fu Akdeniz\u2019e G\u00f6nderdi"},"content":{"rendered":"<div class=\"wp-block-image\">\n<figure class=\"aligncenter size-full\"><img loading=\"lazy\" decoding=\"async\" width=\"1080\" height=\"720\" src=\"https:\/\/epochtimestr.com\/wp-content\/uploads\/2011y\/1000034226.jpg\" alt=\"Frans\u0131z Donanmas\u0131\u2019n\u0131n n\u00fckleer g\u00fc\u00e7le \u00e7al\u0131\u015fan u\u00e7ak gemisi Charles de Gaulle\u2019de bir Rafale sava\u015f u\u00e7a\u011f\u0131, Clemenceau 25 g\u00f6revinin bir par\u00e7as\u0131 olarak Endonezya\u2019daki ilk liman ziyareti s\u0131ras\u0131nda u\u00e7u\u015f g\u00fcvertesinde \u00e7ekiliyor. Bu d\u00f6rt ayl\u0131k g\u00f6rev, Akdeniz ve Hint-Pasifik b\u00f6lgelerini kapsayarak m\u00fcttefik donanmalarla i\u015f birli\u011fini g\u00fc\u00e7lendirmeyi ama\u00e7l\u0131yor. G\u00f6r\u00fcnt\u00fc, 28 Ocak 2025 tarihinde Bali\u2019nin do\u011fusundaki Lombok Adas\u0131\u2019nda \u00e7ekildi. (Foto\u011fraf: Yasuyoshi Chiba\/AFP via Getty Images)\" class=\"wp-image-166070\" srcset=\"https:\/\/epochtimestr.com\/wp-content\/uploads\/2011y\/1000034226.jpg 1080w, https:\/\/epochtimestr.com\/wp-content\/uploads\/2011y\/1000034226-300x200.jpg 300w, https:\/\/epochtimestr.com\/wp-content\/uploads\/2011y\/1000034226-150x100.jpg 150w, https:\/\/epochtimestr.com\/wp-content\/uploads\/2011y\/1000034226-768x512.jpg 768w\" sizes=\"(max-width: 1080px) 100vw, 1080px\" \/><figcaption class=\"wp-element-caption\">Fransa, n\u00fckleer u\u00e7ak gemisini Do\u011fu Akdeniz\u2019e g\u00f6nderdi. Fransa Cumhurba\u015fkan\u0131 Makron, Orta Do\u011fu\u2019daki artan gerilim kar\u015f\u0131s\u0131nda savunmay\u0131 g\u00fc\u00e7lendirme karar\u0131 ald\u0131. Frans\u0131z Donanmas\u0131\u2019n\u0131n n\u00fckleer g\u00fc\u00e7le \u00e7al\u0131\u015fan u\u00e7ak gemisi Charles de Gaulle\u2019de bir Rafale sava\u015f u\u00e7a\u011f\u0131. 28 Ocak 2025, Bali\u2019nin do\u011fusundaki Lombok Adas\u0131. (Foto\u011fraf: The Epoch Times arac\u0131l\u0131\u011f\u0131yla, Yasuyoshi Chiba, AFP &#8211; Getty Images)<\/figcaption><\/figure><\/div>\n\n\n<p>Fransa Cumhurba\u015fkan\u0131 Emanuel Makron, Orta Do\u011fu\u2019da artan gerilim \u00fczerine \u00fclkesinin n\u00fckleer g\u00fc\u00e7le \u00e7al\u0131\u015fan u\u00e7ak gemisi Charles de Gaulle\u2019\u00fcn Do\u011fu Akdeniz\u2019e do\u011fru yola \u00e7\u0131kt\u0131\u011f\u0131n\u0131 a\u00e7\u0131klad\u0131. <a href=\"https:\/\/www.theepochtimes.com\/world\/france-sending-nuclear-powered-aircraft-carrier-to-mediterranean-macron-5993633\">3 Mart 2026 tarihinde<\/a> Frans\u0131z televizyonlar\u0131nda yay\u0131mlanan konu\u015fmas\u0131nda Macron, geminin b\u00f6lgedeki Frans\u0131z askeri unsurlar\u0131n\u0131 ve \u00e7\u0131karlar\u0131n\u0131 koruma amac\u0131yla g\u00f6revlendirildi\u011fini duyurdu.<\/p>\n\n\n\n<p>Frans\u0131z donanmas\u0131n\u0131n amiral gemisi Charles de Gaulle, sava\u015f u\u00e7aklar\u0131 ve f\u0131rkateyn eskortlar\u0131yla birlikte Do\u011fu Akdeniz\u2019de konu\u015flanacak. A\u00e7\u0131klamaya g\u00f6re geminin temel g\u00f6revi, f\u00fcze ve insans\u0131z hava arac\u0131 sald\u0131r\u0131lar\u0131na kar\u015f\u0131 savunma kapasitesini g\u00fc\u00e7lendirmek. Makron, b\u00f6lgede halihaz\u0131rda g\u00f6rev yapan Frans\u0131z unsurlar\u0131n\u0131n bu yeni sevkiyatla desteklenece\u011fini vurgulad\u0131.<\/p>\n\n\n\n<p>Fransa\u2019n\u0131n Rafale sava\u015f u\u00e7aklar\u0131yla erken uyar\u0131 ve hava savunma sistemleri de aktif olarak g\u00f6rev yap\u0131yor. Ayr\u0131ca bu birimler Birle\u015fik Arap Emirlikleri\u2019nin ba\u015fkenti Abu Dabi yak\u0131nlar\u0131nda bulunan El-Dafra \u00dcss\u00fc\u2019nde konu\u015flu. Macron, Orta Do\u011fu\u2019daki iki Frans\u0131z askeri \u00fcss\u00fcn\u00fcn s\u0131n\u0131rl\u0131 sald\u0131r\u0131ya u\u011frad\u0131\u011f\u0131n\u0131 bildirdi. Bu nedenle b\u00f6lgedeki askeri \u00fcsler ve b\u00fcy\u00fckel\u00e7iliklerde g\u00fcvenlik \u00f6nlemlerinin art\u0131r\u0131ld\u0131\u011f\u0131n\u0131 ifade etti.<\/p>\n\n\n\n<h3 class=\"wp-block-heading\">K\u0131br\u0131s A\u00e7\u0131klar\u0131nda Frans\u0131z F\u0131rkateyni<\/h3>\n\n\n\n<p>\u00d6te yandan Frans\u0131z f\u0131rkateyni Languedoc\u2019un da K\u0131br\u0131s a\u00e7\u0131klar\u0131na g\u00f6nderildi\u011fi bildirildi. Makron, K\u0131br\u0131s\u2019\u0131n hem <a href=\"https:\/\/epochtimestr.com\/index.php\/avrupa-ulkeleri-orta-dogudaki-vatandaslarini-tahliye-ediyor\" target=\"_blank\" rel=\"noreferrer noopener\">Avrupa Birli\u011fi \u00fcyesi<\/a> hem de Fransa\u2019n\u0131n stratejik ortaklar\u0131ndan biri oldu\u011funu hat\u0131rlatt\u0131. Ard\u0131ndan, b\u00f6lgedeki m\u00fcttefik \u00fclkelere y\u00f6nelik savunma taahh\u00fctlerinin s\u00fcrece\u011fini kaydetti. Fransa\u2019n\u0131n Birle\u015fik Arap Emirlikleri, Kuveyt, Katar, \u00dcrd\u00fcn, Irak ve K\u00fcrt m\u00fcttefikleriyle savunma anla\u015fmalar\u0131na ba\u011fl\u0131 kalaca\u011f\u0131n\u0131 belirtti.<\/p>\n\n\n\n<p>Makron Basra K\u00f6rfezi\u2019nden ba\u015flayarak H\u00fcrm\u00fcz Bo\u011faz\u0131, K\u0131z\u0131ldeniz ve S\u00fcvey\u015f Kanal\u0131 hatt\u0131ndaki deniz ticaret yollar\u0131 g\u00fcvenli\u011finin sa\u011flanmas\u0131 gerekti\u011fini s\u00f6yledi. Ayr\u0131ca bunun i\u00e7in uluslararas\u0131 bir koalisyon olu\u015fturulmas\u0131 \u00e7a\u011fr\u0131s\u0131 yapt\u0131. B\u00f6lgedeki yakla\u015f\u0131k 400 bin Frans\u0131z vatanda\u015f\u0131n\u0131n durumunun yak\u0131ndan takip edildi\u011fini bildirdi. Ayr\u0131ca \u00fclkelerine d\u00f6nmek isteyenler i\u00e7in tahliye u\u00e7u\u015flar\u0131n\u0131n ba\u015flat\u0131ld\u0131\u011f\u0131n\u0131 da s\u00f6zlerine ekledi.<\/p>\n\n\n\n<p>Fransa Cumhurba\u015fkan\u0131, ABD ve \u0130srail\u2019in \u0130ran\u2019a y\u00f6nelik sald\u0131r\u0131 karar\u0131n\u0131 uluslararas\u0131 hukuk a\u00e7\u0131s\u0131ndan ele\u015ftirdi. Bunun yan\u0131 s\u0131ra \u0130ran y\u00f6netimine de sert s\u00f6zler s\u00f6yledi. Ocak ay\u0131nda kendi halk\u0131na ate\u015f a\u00e7\u0131lmas\u0131 talimat\u0131 veren bir y\u00f6netimin tarihte iyi an\u0131lmayaca\u011f\u0131n\u0131 belirtti. Makron, b\u00f6lgedeki tansiyonun daha da y\u00fckselmemesi i\u00e7in diplomatik \u00e7abalar\u0131n s\u00fcrd\u00fcr\u00fclmesi gerekti\u011fini ifade etti.<\/p>\n","protected":false},"excerpt":{"rendered":"<p>Fransa Cumhurba\u015fkan\u0131 Emanuel Makron, Orta Do\u011fu\u2019da artan gerilim \u00fczerine \u00fclkesinin n\u00fckleer g\u00fc\u00e7le \u00e7al\u0131\u015fan u\u00e7ak gemisi Charles de Gaulle\u2019\u00fcn Do\u011fu Akdeniz\u2019e do\u011fru yola \u00e7\u0131kt\u0131\u011f\u0131n\u0131 a\u00e7\u0131klad\u0131. 3 Mart 2026 tarihinde Frans\u0131z televizyonlar\u0131nda yay\u0131mlanan konu\u015fmas\u0131nda Macron, geminin b\u00f6lgedeki Frans\u0131z askeri unsurlar\u0131n\u0131 ve \u00e7\u0131karlar\u0131n\u0131 koruma amac\u0131yla g\u00f6revlendirildi\u011fini duyurdu. Frans\u0131z donanmas\u0131n\u0131n amiral gemisi Charles de Gaulle, sava\u015f u\u00e7aklar\u0131 ve f\u0131rkateyn [&hellip;]<\/p>\n","protected":false},"author":13996,"featured_media":166070,"comment_status":"open","ping_status":"open","sticky":false,"template":"","format":"standard","meta":{"_yoast_wpseo_focuskw":"Fransa - N\u00fckleer U\u00e7ak","_yoast_wpseo_title":"","_yoast_wpseo_metadesc":"Fransa Cumhurba\u015fkan\u0131 Makron, artan gerilim kar\u015f\u0131s\u0131nda savunmay\u0131 g\u00fc\u00e7lendirme karar\u0131 alarak n\u00fckleer u\u00e7ak gemisini Do\u011fu Akdeniz\u2019e g\u00f6nderdi.","_bbp_topic_count":0,"_bbp_reply_count":0,"_bbp_total_topic_count":0,"_bbp_total_reply_count":0,"_bbp_voice_count":0,"_bbp_anonymous_reply_count":0,"_bbp_topic_count_hidden":0,"_bbp_reply_count_hidden":0,"_bbp_forum_subforum_count":0,"footnotes":"","_yoast_wpseo_focuskw_text_input":""},"categories":[5,1,8138],"tags":[10503,10955,10954,10951,10950,10952,2820,10953],"yoast_head":"<!-- This site is optimized with the Yoast SEO plugin v23.0 - https:\/\/yoast.com\/wordpress\/plugins\/seo\/ -->\n<title>Makron Fransa N\u00fckleer U\u00e7ak Gemisini Do\u011fu Akdeniz\u2019e G\u00f6nderdi - The Epoch Times TR<\/title>\n<meta name=\"description\" content=\"Fransa Cumhurba\u015fkan\u0131 Makron, artan gerilim kar\u015f\u0131s\u0131nda savunmay\u0131 g\u00fc\u00e7lendirme karar\u0131 alarak n\u00fckleer u\u00e7ak gemisini Do\u011fu Akdeniz\u2019e g\u00f6nderdi.\" \/>\n<meta name=\"robots\" content=\"index, follow, max-snippet:-1, max-image-preview:large, max-video-preview:-1\" \/>\n<link rel=\"canonical\" href=\"https:\/\/epochtimestr.com\/index.php\/makron-fransa-nukleer-ucak-gemisini-dogu-akdenize-gonderdi\" \/>\n<meta property=\"og:locale\" content=\"tr_TR\" \/>\n<meta property=\"og:type\" content=\"article\" \/>\n<meta property=\"og:title\" content=\"Makron Fransa N\u00fckleer U\u00e7ak Gemisini Do\u011fu Akdeniz\u2019e G\u00f6nderdi - The Epoch Times TR\" \/>\n<meta property=\"og:description\" content=\"Fransa Cumhurba\u015fkan\u0131 Makron, artan gerilim kar\u015f\u0131s\u0131nda savunmay\u0131 g\u00fc\u00e7lendirme karar\u0131 alarak n\u00fckleer u\u00e7ak gemisini Do\u011fu Akdeniz\u2019e g\u00f6nderdi.\" \/>\n<meta property=\"og:url\" content=\"https:\/\/epochtimestr.com\/index.php\/makron-fransa-nukleer-ucak-gemisini-dogu-akdenize-gonderdi\" \/>\n<meta property=\"og:site_name\" content=\"The Epoch Times TR\" \/>\n<meta property=\"article:publisher\" content=\"https:\/\/www.facebook.com\/theepochtimestr\" \/>\n<meta property=\"article:published_time\" content=\"2026-03-04T10:19:56+00:00\" \/>\n<meta property=\"article:modified_time\" content=\"2026-03-04T10:20:00+00:00\" \/>\n<meta property=\"og:image\" content=\"https:\/\/epochtimestr.com\/wp-content\/uploads\/2011y\/1000034226.jpg\" \/>\n\t<meta property=\"og:image:width\" content=\"1080\" \/>\n\t<meta property=\"og:image:height\" content=\"720\" \/>\n\t<meta property=\"og:image:type\" content=\"image\/jpeg\" \/>\n<meta name=\"author\" content=\"Leo Bajelan\" \/>\n<meta name=\"twitter:card\" content=\"summary_large_image\" \/>\n<meta name=\"twitter:creator\" content=\"@TheEpochTimesTR\" \/>\n<meta name=\"twitter:site\" content=\"@TheEpochTimesTR\" \/>\n<meta name=\"twitter:label1\" content=\"Yazan:\" \/>\n\t<meta name=\"twitter:data1\" content=\"Leo Bajelan\" \/>\n\t<meta name=\"twitter:label2\" content=\"Tahmini okuma s\u00fcresi\" \/>\n\t<meta name=\"twitter:data2\" content=\"3 dakika\" \/>\n<script type=\"application\/ld+json\" class=\"yoast-schema-graph\">{\"@context\":\"https:\/\/schema.org\",\"@graph\":[{\"@type\":\"Article\",\"@id\":\"https:\/\/epochtimestr.com\/index.php\/makron-fransa-nukleer-ucak-gemisini-dogu-akdenize-gonderdi#article\",\"isPartOf\":{\"@id\":\"https:\/\/epochtimestr.com\/index.php\/makron-fransa-nukleer-ucak-gemisini-dogu-akdenize-gonderdi\"},\"author\":{\"name\":\"Leo Bajelan\",\"@id\":\"https:\/\/epochtimestr.com\/#\/schema\/person\/5fef218711d76d8f232b0e1f1d7e4c0d\"},\"headline\":\"Makron Fransa N\u00fckleer U\u00e7ak Gemisini Do\u011fu Akdeniz\u2019e G\u00f6nderdi\",\"datePublished\":\"2026-03-04T10:19:56+00:00\",\"dateModified\":\"2026-03-04T10:20:00+00:00\",\"mainEntityOfPage\":{\"@id\":\"https:\/\/epochtimestr.com\/index.php\/makron-fransa-nukleer-ucak-gemisini-dogu-akdenize-gonderdi\"},\"wordCount\":563,\"commentCount\":0,\"publisher\":{\"@id\":\"https:\/\/epochtimestr.com\/#organization\"},\"image\":{\"@id\":\"https:\/\/epochtimestr.com\/index.php\/makron-fransa-nukleer-ucak-gemisini-dogu-akdenize-gonderdi#primaryimage\"},\"thumbnailUrl\":\"https:\/\/epochtimestr.com\/wp-content\/uploads\/2011y\/1000034226.jpg\",\"keywords\":[\"ABD \u0130ran sava\u015f\u0131\",\"amiral gemisi\",\"Charles de Gaulle\",\"Emanuel makron\",\"Fransa N\u00fckleer u\u00e7ak gemisi\",\"Frans\u0131z f\u0131rkateyni\",\"K\u0131br\u0131s\",\"savunma anla\u015fmalar\u0131\"],\"articleSection\":[\"D\u00dcNYA\",\"G\u00dcNDEM\",\"MAN\u015eET\"],\"inLanguage\":\"tr\",\"potentialAction\":[{\"@type\":\"CommentAction\",\"name\":\"Comment\",\"target\":[\"https:\/\/epochtimestr.com\/index.php\/makron-fransa-nukleer-ucak-gemisini-dogu-akdenize-gonderdi#respond\"]}]},{\"@type\":\"WebPage\",\"@id\":\"https:\/\/epochtimestr.com\/index.php\/makron-fransa-nukleer-ucak-gemisini-dogu-akdenize-gonderdi\",\"url\":\"https:\/\/epochtimestr.com\/index.php\/makron-fransa-nukleer-ucak-gemisini-dogu-akdenize-gonderdi\",\"name\":\"Makron Fransa N\u00fckleer U\u00e7ak Gemisini Do\u011fu Akdeniz\u2019e G\u00f6nderdi - The Epoch Times TR\",\"isPartOf\":{\"@id\":\"https:\/\/epochtimestr.com\/#website\"},\"primaryImageOfPage\":{\"@id\":\"https:\/\/epochtimestr.com\/index.php\/makron-fransa-nukleer-ucak-gemisini-dogu-akdenize-gonderdi#primaryimage\"},\"image\":{\"@id\":\"https:\/\/epochtimestr.com\/index.php\/makron-fransa-nukleer-ucak-gemisini-dogu-akdenize-gonderdi#primaryimage\"},\"thumbnailUrl\":\"https:\/\/epochtimestr.com\/wp-content\/uploads\/2011y\/1000034226.jpg\",\"datePublished\":\"2026-03-04T10:19:56+00:00\",\"dateModified\":\"2026-03-04T10:20:00+00:00\",\"description\":\"Fransa Cumhurba\u015fkan\u0131 Makron, artan gerilim kar\u015f\u0131s\u0131nda savunmay\u0131 g\u00fc\u00e7lendirme karar\u0131 alarak n\u00fckleer u\u00e7ak gemisini Do\u011fu Akdeniz\u2019e g\u00f6nderdi.\",\"inLanguage\":\"tr\",\"potentialAction\":[{\"@type\":\"ReadAction\",\"target\":[\"https:\/\/epochtimestr.com\/index.php\/makron-fransa-nukleer-ucak-gemisini-dogu-akdenize-gonderdi\"]}]},{\"@type\":\"ImageObject\",\"inLanguage\":\"tr\",\"@id\":\"https:\/\/epochtimestr.com\/index.php\/makron-fransa-nukleer-ucak-gemisini-dogu-akdenize-gonderdi#primaryimage\",\"url\":\"https:\/\/epochtimestr.com\/wp-content\/uploads\/2011y\/1000034226.jpg\",\"contentUrl\":\"https:\/\/epochtimestr.com\/wp-content\/uploads\/2011y\/1000034226.jpg\",\"width\":1080,\"height\":720},{\"@type\":\"WebSite\",\"@id\":\"https:\/\/epochtimestr.com\/#website\",\"url\":\"https:\/\/epochtimestr.com\/\",\"name\":\"The Epoch Times TR\",\"description\":\"De\u011fi\u015fen D\u00fcnyam\u0131za Taze Bir Bak\u0131\u015f\",\"publisher\":{\"@id\":\"https:\/\/epochtimestr.com\/#organization\"},\"potentialAction\":[{\"@type\":\"SearchAction\",\"target\":{\"@type\":\"EntryPoint\",\"urlTemplate\":\"https:\/\/epochtimestr.com\/?s={search_term_string}\"},\"query-input\":\"required name=search_term_string\"}],\"inLanguage\":\"tr\"},{\"@type\":\"Organization\",\"@id\":\"https:\/\/epochtimestr.com\/#organization\",\"name\":\"The EpochTimes T\u00fcrkiye\",\"url\":\"https:\/\/epochtimestr.com\/\",\"logo\":{\"@type\":\"ImageObject\",\"inLanguage\":\"tr\",\"@id\":\"https:\/\/epochtimestr.com\/#\/schema\/logo\/image\/\",\"url\":\"https:\/\/epochtimestr.com\/wp-content\/uploads\/2011y\/ET-Logo-YG.jpg\",\"contentUrl\":\"https:\/\/epochtimestr.com\/wp-content\/uploads\/2011y\/ET-Logo-YG.jpg\",\"width\":346,\"height\":29,\"caption\":\"The EpochTimes T\u00fcrkiye\"},\"image\":{\"@id\":\"https:\/\/epochtimestr.com\/#\/schema\/logo\/image\/\"},\"sameAs\":[\"https:\/\/www.facebook.com\/theepochtimestr\",\"https:\/\/x.com\/TheEpochTimesTR\",\"https:\/\/www.instagram.com\/epochtimestr\"]},{\"@type\":\"Person\",\"@id\":\"https:\/\/epochtimestr.com\/#\/schema\/person\/5fef218711d76d8f232b0e1f1d7e4c0d\",\"name\":\"Leo Bajelan\",\"image\":{\"@type\":\"ImageObject\",\"inLanguage\":\"tr\",\"@id\":\"https:\/\/epochtimestr.com\/#\/schema\/person\/image\/\",\"url\":\"https:\/\/secure.gravatar.com\/avatar\/917669146f489549e548a2e9af272df5?s=96&d=mm&r=g\",\"contentUrl\":\"https:\/\/secure.gravatar.com\/avatar\/917669146f489549e548a2e9af272df5?s=96&d=mm&r=g\",\"caption\":\"Leo Bajelan\"},\"url\":\"https:\/\/epochtimestr.com\/index.php\/author\/leo\"}]}<\/script>\n<!-- \/ Yoast SEO plugin. -->","yoast_head_json":{"title":"Makron Fransa N\u00fckleer U\u00e7ak Gemisini Do\u011fu Akdeniz\u2019e G\u00f6nderdi - The Epoch Times TR","description":"Fransa Cumhurba\u015fkan\u0131 Makron, artan gerilim kar\u015f\u0131s\u0131nda savunmay\u0131 g\u00fc\u00e7lendirme karar\u0131 alarak n\u00fckleer u\u00e7ak gemisini Do\u011fu Akdeniz\u2019e g\u00f6nderdi.","robots":{"index":"index","follow":"follow","max-snippet":"max-snippet:-1","max-image-preview":"max-image-preview:large","max-video-preview":"max-video-preview:-1"},"canonical":"https:\/\/epochtimestr.com\/index.php\/makron-fransa-nukleer-ucak-gemisini-dogu-akdenize-gonderdi","og_locale":"tr_TR","og_type":"article","og_title":"Makron Fransa N\u00fckleer U\u00e7ak Gemisini Do\u011fu Akdeniz\u2019e G\u00f6nderdi - The Epoch Times TR","og_description":"Fransa Cumhurba\u015fkan\u0131 Makron, artan gerilim kar\u015f\u0131s\u0131nda savunmay\u0131 g\u00fc\u00e7lendirme karar\u0131 alarak n\u00fckleer u\u00e7ak gemisini Do\u011fu Akdeniz\u2019e g\u00f6nderdi.","og_url":"https:\/\/epochtimestr.com\/index.php\/makron-fransa-nukleer-ucak-gemisini-dogu-akdenize-gonderdi","og_site_name":"The Epoch Times TR","article_publisher":"https:\/\/www.facebook.com\/theepochtimestr","article_published_time":"2026-03-04T10:19:56+00:00","article_modified_time":"2026-03-04T10:20:00+00:00","og_image":[{"width":1080,"height":720,"url":"https:\/\/epochtimestr.com\/wp-content\/uploads\/2011y\/1000034226.jpg","type":"image\/jpeg"}],"author":"Leo Bajelan","twitter_card":"summary_large_image","twitter_creator":"@TheEpochTimesTR","twitter_site":"@TheEpochTimesTR","twitter_misc":{"Yazan:":"Leo Bajelan","Tahmini okuma s\u00fcresi":"3 dakika"},"schema":{"@context":"https:\/\/schema.org","@graph":[{"@type":"Article","@id":"https:\/\/epochtimestr.com\/index.php\/makron-fransa-nukleer-ucak-gemisini-dogu-akdenize-gonderdi#article","isPartOf":{"@id":"https:\/\/epochtimestr.com\/index.php\/makron-fransa-nukleer-ucak-gemisini-dogu-akdenize-gonderdi"},"author":{"name":"Leo Bajelan","@id":"https:\/\/epochtimestr.com\/#\/schema\/person\/5fef218711d76d8f232b0e1f1d7e4c0d"},"headline":"Makron Fransa N\u00fckleer U\u00e7ak Gemisini Do\u011fu Akdeniz\u2019e G\u00f6nderdi","datePublished":"2026-03-04T10:19:56+00:00","dateModified":"2026-03-04T10:20:00+00:00","mainEntityOfPage":{"@id":"https:\/\/epochtimestr.com\/index.php\/makron-fransa-nukleer-ucak-gemisini-dogu-akdenize-gonderdi"},"wordCount":563,"commentCount":0,"publisher":{"@id":"https:\/\/epochtimestr.com\/#organization"},"image":{"@id":"https:\/\/epochtimestr.com\/index.php\/makron-fransa-nukleer-ucak-gemisini-dogu-akdenize-gonderdi#primaryimage"},"thumbnailUrl":"https:\/\/epochtimestr.com\/wp-content\/uploads\/2011y\/1000034226.jpg","keywords":["ABD \u0130ran sava\u015f\u0131","amiral gemisi","Charles de Gaulle","Emanuel makron","Fransa N\u00fckleer u\u00e7ak gemisi","Frans\u0131z f\u0131rkateyni","K\u0131br\u0131s","savunma anla\u015fmalar\u0131"],"articleSection":["D\u00dcNYA","G\u00dcNDEM","MAN\u015eET"],"inLanguage":"tr","potentialAction":[{"@type":"CommentAction","name":"Comment","target":["https:\/\/epochtimestr.com\/index.php\/makron-fransa-nukleer-ucak-gemisini-dogu-akdenize-gonderdi#respond"]}]},{"@type":"WebPage","@id":"https:\/\/epochtimestr.com\/index.php\/makron-fransa-nukleer-ucak-gemisini-dogu-akdenize-gonderdi","url":"https:\/\/epochtimestr.com\/index.php\/makron-fransa-nukleer-ucak-gemisini-dogu-akdenize-gonderdi","name":"Makron Fransa N\u00fckleer U\u00e7ak Gemisini Do\u011fu Akdeniz\u2019e G\u00f6nderdi - The Epoch Times TR","isPartOf":{"@id":"https:\/\/epochtimestr.com\/#website"},"primaryImageOfPage":{"@id":"https:\/\/epochtimestr.com\/index.php\/makron-fransa-nukleer-ucak-gemisini-dogu-akdenize-gonderdi#primaryimage"},"image":{"@id":"https:\/\/epochtimestr.com\/index.php\/makron-fransa-nukleer-ucak-gemisini-dogu-akdenize-gonderdi#primaryimage"},"thumbnailUrl":"https:\/\/epochtimestr.com\/wp-content\/uploads\/2011y\/1000034226.jpg","datePublished":"2026-03-04T10:19:56+00:00","dateModified":"2026-03-04T10:20:00+00:00","description":"Fransa Cumhurba\u015fkan\u0131 Makron, artan gerilim kar\u015f\u0131s\u0131nda savunmay\u0131 g\u00fc\u00e7lendirme karar\u0131 alarak n\u00fckleer u\u00e7ak gemisini Do\u011fu Akdeniz\u2019e g\u00f6nderdi.","inLanguage":"tr","potentialAction":[{"@type":"ReadAction","target":["https:\/\/epochtimestr.com\/index.php\/makron-fransa-nukleer-ucak-gemisini-dogu-akdenize-gonderdi"]}]},{"@type":"ImageObject","inLanguage":"tr","@id":"https:\/\/epochtimestr.com\/index.php\/makron-fransa-nukleer-ucak-gemisini-dogu-akdenize-gonderdi#primaryimage","url":"https:\/\/epochtimestr.com\/wp-content\/uploads\/2011y\/1000034226.jpg","contentUrl":"https:\/\/epochtimestr.com\/wp-content\/uploads\/2011y\/1000034226.jpg","width":1080,"height":720},{"@type":"WebSite","@id":"https:\/\/epochtimestr.com\/#website","url":"https:\/\/epochtimestr.com\/","name":"The Epoch Times TR","description":"De\u011fi\u015fen D\u00fcnyam\u0131za Taze Bir Bak\u0131\u015f","publisher":{"@id":"https:\/\/epochtimestr.com\/#organization"},"potentialAction":[{"@type":"SearchAction","target":{"@type":"EntryPoint","urlTemplate":"https:\/\/epochtimestr.com\/?s={search_term_string}"},"query-input":"required name=search_term_string"}],"inLanguage":"tr"},{"@type":"Organization","@id":"https:\/\/epochtimestr.com\/#organization","name":"The EpochTimes T\u00fcrkiye","url":"https:\/\/epochtimestr.com\/","logo":{"@type":"ImageObject","inLanguage":"tr","@id":"https:\/\/epochtimestr.com\/#\/schema\/logo\/image\/","url":"https:\/\/epochtimestr.com\/wp-content\/uploads\/2011y\/ET-Logo-YG.jpg","contentUrl":"https:\/\/epochtimestr.com\/wp-content\/uploads\/2011y\/ET-Logo-YG.jpg","width":346,"height":29,"caption":"The EpochTimes T\u00fcrkiye"},"image":{"@id":"https:\/\/epochtimestr.com\/#\/schema\/logo\/image\/"},"sameAs":["https:\/\/www.facebook.com\/theepochtimestr","https:\/\/x.com\/TheEpochTimesTR","https:\/\/www.instagram.com\/epochtimestr"]},{"@type":"Person","@id":"https:\/\/epochtimestr.com\/#\/schema\/person\/5fef218711d76d8f232b0e1f1d7e4c0d","name":"Leo Bajelan","image":{"@type":"ImageObject","inLanguage":"tr","@id":"https:\/\/epochtimestr.com\/#\/schema\/person\/image\/","url":"https:\/\/secure.gravatar.com\/avatar\/917669146f489549e548a2e9af272df5?s=96&d=mm&r=g","contentUrl":"https:\/\/secure.gravatar.com\/avatar\/917669146f489549e548a2e9af272df5?s=96&d=mm&r=g","caption":"Leo Bajelan"},"url":"https:\/\/epochtimestr.com\/index.php\/author\/leo"}]}},"_links":{"self":[{"href":"https:\/\/epochtimestr.com\/index.php\/wp-json\/wp\/v2\/posts\/166069"}],"collection":[{"href":"https:\/\/epochtimestr.com\/index.php\/wp-json\/wp\/v2\/posts"}],"about":[{"href":"https:\/\/epochtimestr.com\/index.php\/wp-json\/wp\/v2\/types\/post"}],"author":[{"embeddable":true,"href":"https:\/\/epochtimestr.com\/index.php\/wp-json\/wp\/v2\/users\/13996"}],"replies":[{"embeddable":true,"href":"https:\/\/epochtimestr.com\/index.php\/wp-json\/wp\/v2\/comments?post=166069"}],"version-history":[{"count":2,"href":"https:\/\/epochtimestr.com\/index.php\/wp-json\/wp\/v2\/posts\/166069\/revisions"}],"predecessor-version":[{"id":166074,"href":"https:\/\/epochtimestr.com\/index.php\/wp-json\/wp\/v2\/posts\/166069\/revisions\/166074"}],"wp:featuredmedia":[{"embeddable":true,"href":"https:\/\/epochtimestr.com\/index.php\/wp-json\/wp\/v2\/media\/166070"}],"wp:attachment":[{"href":"https:\/\/epochtimestr.com\/index.php\/wp-json\/wp\/v2\/media?parent=166069"}],"wp:term":[{"taxonomy":"category","embeddable":true,"href":"https:\/\/epochtimestr.com\/index.php\/wp-json\/wp\/v2\/categories?post=166069"},{"taxonomy":"post_tag","embeddable":true,"href":"https:\/\/epochtimestr.com\/index.php\/wp-json\/wp\/v2\/tags?post=166069"}],"curies":[{"name":"wp","href":"https:\/\/api.w.org\/{rel}","templated":true}]}}