{"id":166080,"date":"2026-03-05T15:46:29","date_gmt":"2026-03-05T12:46:29","guid":{"rendered":"https:\/\/epochtimestr.com\/?p=166080"},"modified":"2026-03-05T15:46:31","modified_gmt":"2026-03-05T12:46:31","slug":"kubada-enerji-krizi-nedeniyle-genis-capli-elektrik-kesintisi","status":"publish","type":"post","link":"https:\/\/epochtimestr.com\/index.php\/kubada-enerji-krizi-nedeniyle-genis-capli-elektrik-kesintisi","title":{"rendered":"K\u00fcba\u2019da Enerji Krizi Nedeniyle Geni\u015f \u00c7apl\u0131 Elektrik Kesintisi"},"content":{"rendered":"\n<figure class=\"wp-block-image aligncenter size-full is-resized\"><img loading=\"lazy\" decoding=\"async\" width=\"1080\" height=\"720\" src=\"https:\/\/epochtimestr.com\/wp-content\/uploads\/2011y\/1000034256.webp\" alt=\"Malena Borrell, 4 Mart 2026\u2019da K\u00fcba\u2019n\u0131n Havana kentinde \u00fclkenin b\u00fcy\u00fck b\u00f6l\u00fcm\u00fcn\u00fc etkileyen geni\u015f \u00e7apl\u0131 elektrik kesintisi s\u0131ras\u0131nda d\u00fckk\u00e2n\u0131nda m\u00fc\u015fterilerini bekliyor.\nFoto\u011fraf: Norlys Perez \/ Reuters\" class=\"wp-image-166081\" style=\"width:840px;height:auto\" srcset=\"https:\/\/epochtimestr.com\/wp-content\/uploads\/2011y\/1000034256.webp 1080w, https:\/\/epochtimestr.com\/wp-content\/uploads\/2011y\/1000034256-300x200.webp 300w, https:\/\/epochtimestr.com\/wp-content\/uploads\/2011y\/1000034256-150x100.webp 150w, https:\/\/epochtimestr.com\/wp-content\/uploads\/2011y\/1000034256-768x512.webp 768w\" sizes=\"(max-width: 1080px) 100vw, 1080px\" \/><figcaption class=\"wp-element-caption\">Malena Borrell, \u00fclkenin b\u00fcy\u00fck b\u00f6l\u00fcm\u00fcn\u00fc etkileyen geni\u015f \u00e7apl\u0131 elektrik kesintisi s\u0131ras\u0131nda d\u00fckk\u00e2n\u0131nda m\u00fc\u015fterilerini bekliyor. 4 Mart 2026, Havana, K\u00fcba. (Foto\u011fraf: The Epoch Times arac\u0131l\u0131\u011f\u0131yla, Norlys Perez, Reuters)<\/figcaption><\/figure>\n\n\n\n<p>K\u00fcba\u2019da ya\u015fanan b\u00fcy\u00fck bir elektrik kesintisi, ba\u015fkent Havana ba\u015fta olmak \u00fczere \u00fclkenin b\u00fcy\u00fck b\u00f6l\u00fcm\u00fcn\u00fc etkiledi. K\u00fcba devlet elektrik \u015firketi taraf\u0131ndan yap\u0131lan a\u00e7\u0131klamaya g\u00f6re kesintinin nedeni, beklenmedik bir ar\u0131za oldu. Ar\u0131za ba\u015fkentin yakla\u015f\u0131k 100 kilometre do\u011fusunda bulunan Antonio Guiteras termoelektrik santralinde meydana geldi. Ar\u0131za nedeniyle \u00fclkenin bat\u0131s\u0131ndaki <a href=\"https:\/\/www.theepochtimes.com\/world\/cuba-hit-by-widespread-power-blackout-amid-us-oil-chokehold-5994429\" target=\"_blank\" rel=\"noreferrer noopener\">Pinar del Rio\u2019dan<\/a> orta do\u011fudaki Camag\u00fcey eyaletine kadar geni\u015f bir b\u00f6lgede elektrik kesintileri ger\u00e7ekle\u015fti.<\/p>\n\n\n\n<p>Yetkililer, s\u00f6z konusu santralde kazan sisteminde meydana gelen s\u0131z\u0131nt\u0131 ve teknik sorunlar nedeniyle enerji \u00fcretiminin durdu\u011funu a\u00e7\u0131klad\u0131. Uzman ekiplerin onar\u0131m \u00e7al\u0131\u015fmalar\u0131na ba\u015flad\u0131. Ancak tesisin tamamen yeniden devreye al\u0131nmas\u0131 \u00fc\u00e7 ila d\u00f6rt g\u00fcn s\u00fcrecek.<\/p>\n\n\n\n<p>Kesinti sadece bat\u0131 ve orta b\u00f6lgeleri de\u011fil, do\u011fudaki baz\u0131 eyaletleri de etkiledi. Las Tunas eyaletinde trafo merkezlerinde ya\u015fanan teknik ar\u0131zalar nedeniyle elektrik da\u011f\u0131t\u0131m\u0131nda sorunlar meydana geldi. Bununla birlikte \u00fclkenin en do\u011fu kesimlerinde enerji arz\u0131 s\u0131n\u0131rl\u0131 da olsa s\u00fcr\u00fcyor.<\/p>\n\n\n\n<h3 class=\"wp-block-heading\">K\u00fcba\u2019da Elektrik Kesintileri Giderek S\u0131kla\u015f\u0131yor<\/h3>\n\n\n\n<p>Elektrik kesintisi g\u00fcnl\u00fck ya\u015fam\u0131 \u00f6nemli \u00f6l\u00e7\u00fcde etkiledi. Ba\u015fkent Havana\u2019da trafik \u0131\u015f\u0131klar\u0131 devre d\u0131\u015f\u0131 kal\u0131rken baz\u0131 i\u015f yerleri ve kurumlar faaliyetlerini durdurmak zorunda kald\u0131. Devlet televizyonu da kesinti nedeniyle bir s\u00fcre yay\u0131n yapamad\u0131.<\/p>\n\n\n\n<p>K\u00fcba\u2019da son y\u0131llarda elektrik kesintileri giderek daha s\u0131k ya\u015fan\u0131yor. Uzmanlar bu durumun temel nedenleri aras\u0131nda eskiyen enerji altyap\u0131s\u0131, bak\u0131m eksiklikleri ve yak\u0131t tedarikinde ya\u015fanan sorunlar\u0131 g\u00f6steriyor. \u00dclkedeki bir\u00e7ok termoelektrik santrali 30 y\u0131ldan daha eski ve bu nedenle s\u0131k s\u0131k teknik ar\u0131zalar ya\u015fan\u0131yor.<\/p>\n\n\n\n<p>Enerji krizini derinle\u015ftiren bir di\u011fer unsur ise petrol tedarikindeki azalma. K\u00fcba\u2019n\u0131n en \u00f6nemli petrol tedarik\u00e7ilerinden biri olan Venezuela\u2019dan gelen sevkiyatlar\u0131n son d\u00f6nemde azald\u0131. Ayr\u0131ca baz\u0131 \u00fclkelerin petrol sat\u0131\u015f\u0131n\u0131 durdurmas\u0131 da enerji \u00fcretimini olumsuz etkiledi. Yak\u0131t s\u0131k\u0131nt\u0131s\u0131 nedeniyle h\u00fck\u00fcmetin ula\u015f\u0131m ve \u00e7\u00f6p toplama gibi baz\u0131 temel hizmetlerde de k\u0131s\u0131tlamalara gitti\u011fi bildiriliyor.<\/p>\n\n\n\n<p>Elektrik kesintilerinin <a href=\"https:\/\/epochtimestr.com\/index.php\/ekonomik-zorluklar-nedeniyle-kubayi-dostane-devralabiliriz\" target=\"_blank\" rel=\"noreferrer noopener\">g\u00fcnl\u00fck hayat\u0131 zorla\u015ft\u0131rmas\u0131<\/a> nedeniyle baz\u0131 K\u00fcbal\u0131lar alternatif \u00e7\u00f6z\u00fcmlere y\u00f6neldi. \u00d6zellikle son d\u00f6nemde bir\u00e7ok evde ve i\u015f yerinde g\u00fcne\u015f panelleri ile jenerat\u00f6r kullan\u0131m\u0131 yayg\u0131nla\u015ft\u0131. Buna ra\u011fmen \u00fclkedeki enerji altyap\u0131s\u0131ndaki yap\u0131sal sorunlar k\u0131sa vadede tamamen \u00e7\u00f6z\u00fclemeyecek gibi g\u00f6r\u00fcn\u00fcyor.<\/p>\n\n\n\n<p>Uzmanlar, K\u00fcba\u2019n\u0131n enerji sisteminin modernizasyonu ve alternatif enerji yat\u0131r\u0131mlar\u0131n\u0131n art\u0131r\u0131lmas\u0131 gerekti\u011fini vurguluyor. Mevcut kriz \u00fclkenin ekonomik zorluklar\u0131n\u0131 daha da derinle\u015ftirebilecek \u00f6nemli bir geli\u015fme oldu.<\/p>\n","protected":false},"excerpt":{"rendered":"<p>K\u00fcba\u2019da ya\u015fanan b\u00fcy\u00fck bir elektrik kesintisi, ba\u015fkent Havana ba\u015fta olmak \u00fczere \u00fclkenin b\u00fcy\u00fck b\u00f6l\u00fcm\u00fcn\u00fc etkiledi. K\u00fcba devlet elektrik \u015firketi taraf\u0131ndan yap\u0131lan a\u00e7\u0131klamaya g\u00f6re kesintinin nedeni, beklenmedik bir ar\u0131za oldu. Ar\u0131za ba\u015fkentin yakla\u015f\u0131k 100 kilometre do\u011fusunda bulunan Antonio Guiteras termoelektrik santralinde meydana geldi. Ar\u0131za nedeniyle \u00fclkenin bat\u0131s\u0131ndaki Pinar del Rio\u2019dan orta do\u011fudaki Camag\u00fcey eyaletine kadar geni\u015f [&hellip;]<\/p>\n","protected":false},"author":13996,"featured_media":166081,"comment_status":"open","ping_status":"open","sticky":false,"template":"","format":"standard","meta":{"_yoast_wpseo_focuskw":"Elektrik Kesintisi","_yoast_wpseo_title":"","_yoast_wpseo_metadesc":"K\u00fcba\u2019da ya\u015fanan b\u00fcy\u00fck bir elektrik kesintisi, ba\u015fkent Havana ba\u015fta olmak \u00fczere \u00fclkenin b\u00fcy\u00fck b\u00f6l\u00fcm\u00fcn\u00fc etkiledi.","_bbp_topic_count":0,"_bbp_reply_count":0,"_bbp_total_topic_count":0,"_bbp_total_reply_count":0,"_bbp_voice_count":0,"_bbp_anonymous_reply_count":0,"_bbp_topic_count_hidden":0,"_bbp_reply_count_hidden":0,"_bbp_forum_subforum_count":0,"footnotes":"","_yoast_wpseo_focuskw_text_input":""},"categories":[5,1,8138],"tags":[9972,10960,1284,10589,1197,10312,10958,10959,5764,6592],"yoast_head":"<!-- This site is optimized with the Yoast SEO plugin v23.0 - https:\/\/yoast.com\/wordpress\/plugins\/seo\/ -->\n<title>K\u00fcba\u2019da Enerji Krizi Nedeniyle Geni\u015f \u00c7apl\u0131 Elektrik Kesintisi - The Epoch Times TR<\/title>\n<meta name=\"description\" content=\"K\u00fcba\u2019da ya\u015fanan b\u00fcy\u00fck bir elektrik kesintisi, ba\u015fkent Havana ba\u015fta olmak \u00fczere \u00fclkenin b\u00fcy\u00fck b\u00f6l\u00fcm\u00fcn\u00fc etkiledi.\" \/>\n<meta name=\"robots\" content=\"index, follow, max-snippet:-1, max-image-preview:large, max-video-preview:-1\" \/>\n<link rel=\"canonical\" href=\"https:\/\/epochtimestr.com\/index.php\/kubada-enerji-krizi-nedeniyle-genis-capli-elektrik-kesintisi\" \/>\n<meta property=\"og:locale\" content=\"tr_TR\" \/>\n<meta property=\"og:type\" content=\"article\" \/>\n<meta property=\"og:title\" content=\"K\u00fcba\u2019da Enerji Krizi Nedeniyle Geni\u015f \u00c7apl\u0131 Elektrik Kesintisi - The Epoch Times TR\" \/>\n<meta property=\"og:description\" content=\"K\u00fcba\u2019da ya\u015fanan b\u00fcy\u00fck bir elektrik kesintisi, ba\u015fkent Havana ba\u015fta olmak \u00fczere \u00fclkenin b\u00fcy\u00fck b\u00f6l\u00fcm\u00fcn\u00fc etkiledi.\" \/>\n<meta property=\"og:url\" content=\"https:\/\/epochtimestr.com\/index.php\/kubada-enerji-krizi-nedeniyle-genis-capli-elektrik-kesintisi\" \/>\n<meta property=\"og:site_name\" content=\"The Epoch Times TR\" \/>\n<meta property=\"article:publisher\" content=\"https:\/\/www.facebook.com\/theepochtimestr\" \/>\n<meta property=\"article:published_time\" content=\"2026-03-05T12:46:29+00:00\" \/>\n<meta property=\"article:modified_time\" content=\"2026-03-05T12:46:31+00:00\" \/>\n<meta property=\"og:image\" content=\"https:\/\/epochtimestr.com\/wp-content\/uploads\/2011y\/1000034256.webp\" \/>\n\t<meta property=\"og:image:width\" content=\"1080\" \/>\n\t<meta property=\"og:image:height\" content=\"720\" \/>\n\t<meta property=\"og:image:type\" content=\"image\/webp\" \/>\n<meta name=\"author\" content=\"Leo Bajelan\" \/>\n<meta name=\"twitter:card\" content=\"summary_large_image\" \/>\n<meta name=\"twitter:creator\" content=\"@TheEpochTimesTR\" \/>\n<meta name=\"twitter:site\" content=\"@TheEpochTimesTR\" \/>\n<meta name=\"twitter:label1\" content=\"Yazan:\" \/>\n\t<meta name=\"twitter:data1\" content=\"Leo Bajelan\" \/>\n\t<meta name=\"twitter:label2\" content=\"Tahmini okuma s\u00fcresi\" \/>\n\t<meta name=\"twitter:data2\" content=\"3 dakika\" \/>\n<script type=\"application\/ld+json\" class=\"yoast-schema-graph\">{\"@context\":\"https:\/\/schema.org\",\"@graph\":[{\"@type\":\"Article\",\"@id\":\"https:\/\/epochtimestr.com\/index.php\/kubada-enerji-krizi-nedeniyle-genis-capli-elektrik-kesintisi#article\",\"isPartOf\":{\"@id\":\"https:\/\/epochtimestr.com\/index.php\/kubada-enerji-krizi-nedeniyle-genis-capli-elektrik-kesintisi\"},\"author\":{\"name\":\"Leo Bajelan\",\"@id\":\"https:\/\/epochtimestr.com\/#\/schema\/person\/5fef218711d76d8f232b0e1f1d7e4c0d\"},\"headline\":\"K\u00fcba\u2019da Enerji Krizi Nedeniyle Geni\u015f \u00c7apl\u0131 Elektrik Kesintisi\",\"datePublished\":\"2026-03-05T12:46:29+00:00\",\"dateModified\":\"2026-03-05T12:46:31+00:00\",\"mainEntityOfPage\":{\"@id\":\"https:\/\/epochtimestr.com\/index.php\/kubada-enerji-krizi-nedeniyle-genis-capli-elektrik-kesintisi\"},\"wordCount\":516,\"commentCount\":0,\"publisher\":{\"@id\":\"https:\/\/epochtimestr.com\/#organization\"},\"image\":{\"@id\":\"https:\/\/epochtimestr.com\/index.php\/kubada-enerji-krizi-nedeniyle-genis-capli-elektrik-kesintisi#primaryimage\"},\"thumbnailUrl\":\"https:\/\/epochtimestr.com\/wp-content\/uploads\/2011y\/1000034256.webp\",\"keywords\":[\"Ekonomik Zorluklar\",\"elektrik kesintileri\",\"G\u00fcney amerika\",\"Havana\",\"K\u00fcba\",\"Nicolas Maduro\",\"petrol tedariki\",\"teknik ar\u0131zalar\",\"Trump\",\"venezuela\"],\"articleSection\":[\"D\u00dcNYA\",\"G\u00dcNDEM\",\"MAN\u015eET\"],\"inLanguage\":\"tr\",\"potentialAction\":[{\"@type\":\"CommentAction\",\"name\":\"Comment\",\"target\":[\"https:\/\/epochtimestr.com\/index.php\/kubada-enerji-krizi-nedeniyle-genis-capli-elektrik-kesintisi#respond\"]}]},{\"@type\":\"WebPage\",\"@id\":\"https:\/\/epochtimestr.com\/index.php\/kubada-enerji-krizi-nedeniyle-genis-capli-elektrik-kesintisi\",\"url\":\"https:\/\/epochtimestr.com\/index.php\/kubada-enerji-krizi-nedeniyle-genis-capli-elektrik-kesintisi\",\"name\":\"K\u00fcba\u2019da Enerji Krizi Nedeniyle Geni\u015f \u00c7apl\u0131 Elektrik Kesintisi - The Epoch Times TR\",\"isPartOf\":{\"@id\":\"https:\/\/epochtimestr.com\/#website\"},\"primaryImageOfPage\":{\"@id\":\"https:\/\/epochtimestr.com\/index.php\/kubada-enerji-krizi-nedeniyle-genis-capli-elektrik-kesintisi#primaryimage\"},\"image\":{\"@id\":\"https:\/\/epochtimestr.com\/index.php\/kubada-enerji-krizi-nedeniyle-genis-capli-elektrik-kesintisi#primaryimage\"},\"thumbnailUrl\":\"https:\/\/epochtimestr.com\/wp-content\/uploads\/2011y\/1000034256.webp\",\"datePublished\":\"2026-03-05T12:46:29+00:00\",\"dateModified\":\"2026-03-05T12:46:31+00:00\",\"description\":\"K\u00fcba\u2019da ya\u015fanan b\u00fcy\u00fck bir elektrik kesintisi, ba\u015fkent Havana ba\u015fta olmak \u00fczere \u00fclkenin b\u00fcy\u00fck b\u00f6l\u00fcm\u00fcn\u00fc etkiledi.\",\"inLanguage\":\"tr\",\"potentialAction\":[{\"@type\":\"ReadAction\",\"target\":[\"https:\/\/epochtimestr.com\/index.php\/kubada-enerji-krizi-nedeniyle-genis-capli-elektrik-kesintisi\"]}]},{\"@type\":\"ImageObject\",\"inLanguage\":\"tr\",\"@id\":\"https:\/\/epochtimestr.com\/index.php\/kubada-enerji-krizi-nedeniyle-genis-capli-elektrik-kesintisi#primaryimage\",\"url\":\"https:\/\/epochtimestr.com\/wp-content\/uploads\/2011y\/1000034256.webp\",\"contentUrl\":\"https:\/\/epochtimestr.com\/wp-content\/uploads\/2011y\/1000034256.webp\",\"width\":1080,\"height\":720},{\"@type\":\"WebSite\",\"@id\":\"https:\/\/epochtimestr.com\/#website\",\"url\":\"https:\/\/epochtimestr.com\/\",\"name\":\"The Epoch Times TR\",\"description\":\"De\u011fi\u015fen D\u00fcnyam\u0131za Taze Bir Bak\u0131\u015f\",\"publisher\":{\"@id\":\"https:\/\/epochtimestr.com\/#organization\"},\"potentialAction\":[{\"@type\":\"SearchAction\",\"target\":{\"@type\":\"EntryPoint\",\"urlTemplate\":\"https:\/\/epochtimestr.com\/?s={search_term_string}\"},\"query-input\":\"required name=search_term_string\"}],\"inLanguage\":\"tr\"},{\"@type\":\"Organization\",\"@id\":\"https:\/\/epochtimestr.com\/#organization\",\"name\":\"The EpochTimes T\u00fcrkiye\",\"url\":\"https:\/\/epochtimestr.com\/\",\"logo\":{\"@type\":\"ImageObject\",\"inLanguage\":\"tr\",\"@id\":\"https:\/\/epochtimestr.com\/#\/schema\/logo\/image\/\",\"url\":\"https:\/\/epochtimestr.com\/wp-content\/uploads\/2011y\/ET-Logo-YG.jpg\",\"contentUrl\":\"https:\/\/epochtimestr.com\/wp-content\/uploads\/2011y\/ET-Logo-YG.jpg\",\"width\":346,\"height\":29,\"caption\":\"The EpochTimes T\u00fcrkiye\"},\"image\":{\"@id\":\"https:\/\/epochtimestr.com\/#\/schema\/logo\/image\/\"},\"sameAs\":[\"https:\/\/www.facebook.com\/theepochtimestr\",\"https:\/\/x.com\/TheEpochTimesTR\",\"https:\/\/www.instagram.com\/epochtimestr\"]},{\"@type\":\"Person\",\"@id\":\"https:\/\/epochtimestr.com\/#\/schema\/person\/5fef218711d76d8f232b0e1f1d7e4c0d\",\"name\":\"Leo Bajelan\",\"image\":{\"@type\":\"ImageObject\",\"inLanguage\":\"tr\",\"@id\":\"https:\/\/epochtimestr.com\/#\/schema\/person\/image\/\",\"url\":\"https:\/\/secure.gravatar.com\/avatar\/917669146f489549e548a2e9af272df5?s=96&d=mm&r=g\",\"contentUrl\":\"https:\/\/secure.gravatar.com\/avatar\/917669146f489549e548a2e9af272df5?s=96&d=mm&r=g\",\"caption\":\"Leo Bajelan\"},\"url\":\"https:\/\/epochtimestr.com\/index.php\/author\/leo\"}]}<\/script>\n<!-- \/ Yoast SEO plugin. -->","yoast_head_json":{"title":"K\u00fcba\u2019da Enerji Krizi Nedeniyle Geni\u015f \u00c7apl\u0131 Elektrik Kesintisi - The Epoch Times TR","description":"K\u00fcba\u2019da ya\u015fanan b\u00fcy\u00fck bir elektrik kesintisi, ba\u015fkent Havana ba\u015fta olmak \u00fczere \u00fclkenin b\u00fcy\u00fck b\u00f6l\u00fcm\u00fcn\u00fc etkiledi.","robots":{"index":"index","follow":"follow","max-snippet":"max-snippet:-1","max-image-preview":"max-image-preview:large","max-video-preview":"max-video-preview:-1"},"canonical":"https:\/\/epochtimestr.com\/index.php\/kubada-enerji-krizi-nedeniyle-genis-capli-elektrik-kesintisi","og_locale":"tr_TR","og_type":"article","og_title":"K\u00fcba\u2019da Enerji Krizi Nedeniyle Geni\u015f \u00c7apl\u0131 Elektrik Kesintisi - The Epoch Times TR","og_description":"K\u00fcba\u2019da ya\u015fanan b\u00fcy\u00fck bir elektrik kesintisi, ba\u015fkent Havana ba\u015fta olmak \u00fczere \u00fclkenin b\u00fcy\u00fck b\u00f6l\u00fcm\u00fcn\u00fc etkiledi.","og_url":"https:\/\/epochtimestr.com\/index.php\/kubada-enerji-krizi-nedeniyle-genis-capli-elektrik-kesintisi","og_site_name":"The Epoch Times TR","article_publisher":"https:\/\/www.facebook.com\/theepochtimestr","article_published_time":"2026-03-05T12:46:29+00:00","article_modified_time":"2026-03-05T12:46:31+00:00","og_image":[{"width":1080,"height":720,"url":"https:\/\/epochtimestr.com\/wp-content\/uploads\/2011y\/1000034256.webp","type":"image\/webp"}],"author":"Leo Bajelan","twitter_card":"summary_large_image","twitter_creator":"@TheEpochTimesTR","twitter_site":"@TheEpochTimesTR","twitter_misc":{"Yazan:":"Leo Bajelan","Tahmini okuma s\u00fcresi":"3 dakika"},"schema":{"@context":"https:\/\/schema.org","@graph":[{"@type":"Article","@id":"https:\/\/epochtimestr.com\/index.php\/kubada-enerji-krizi-nedeniyle-genis-capli-elektrik-kesintisi#article","isPartOf":{"@id":"https:\/\/epochtimestr.com\/index.php\/kubada-enerji-krizi-nedeniyle-genis-capli-elektrik-kesintisi"},"author":{"name":"Leo Bajelan","@id":"https:\/\/epochtimestr.com\/#\/schema\/person\/5fef218711d76d8f232b0e1f1d7e4c0d"},"headline":"K\u00fcba\u2019da Enerji Krizi Nedeniyle Geni\u015f \u00c7apl\u0131 Elektrik Kesintisi","datePublished":"2026-03-05T12:46:29+00:00","dateModified":"2026-03-05T12:46:31+00:00","mainEntityOfPage":{"@id":"https:\/\/epochtimestr.com\/index.php\/kubada-enerji-krizi-nedeniyle-genis-capli-elektrik-kesintisi"},"wordCount":516,"commentCount":0,"publisher":{"@id":"https:\/\/epochtimestr.com\/#organization"},"image":{"@id":"https:\/\/epochtimestr.com\/index.php\/kubada-enerji-krizi-nedeniyle-genis-capli-elektrik-kesintisi#primaryimage"},"thumbnailUrl":"https:\/\/epochtimestr.com\/wp-content\/uploads\/2011y\/1000034256.webp","keywords":["Ekonomik Zorluklar","elektrik kesintileri","G\u00fcney amerika","Havana","K\u00fcba","Nicolas Maduro","petrol tedariki","teknik ar\u0131zalar","Trump","venezuela"],"articleSection":["D\u00dcNYA","G\u00dcNDEM","MAN\u015eET"],"inLanguage":"tr","potentialAction":[{"@type":"CommentAction","name":"Comment","target":["https:\/\/epochtimestr.com\/index.php\/kubada-enerji-krizi-nedeniyle-genis-capli-elektrik-kesintisi#respond"]}]},{"@type":"WebPage","@id":"https:\/\/epochtimestr.com\/index.php\/kubada-enerji-krizi-nedeniyle-genis-capli-elektrik-kesintisi","url":"https:\/\/epochtimestr.com\/index.php\/kubada-enerji-krizi-nedeniyle-genis-capli-elektrik-kesintisi","name":"K\u00fcba\u2019da Enerji Krizi Nedeniyle Geni\u015f \u00c7apl\u0131 Elektrik Kesintisi - The Epoch Times TR","isPartOf":{"@id":"https:\/\/epochtimestr.com\/#website"},"primaryImageOfPage":{"@id":"https:\/\/epochtimestr.com\/index.php\/kubada-enerji-krizi-nedeniyle-genis-capli-elektrik-kesintisi#primaryimage"},"image":{"@id":"https:\/\/epochtimestr.com\/index.php\/kubada-enerji-krizi-nedeniyle-genis-capli-elektrik-kesintisi#primaryimage"},"thumbnailUrl":"https:\/\/epochtimestr.com\/wp-content\/uploads\/2011y\/1000034256.webp","datePublished":"2026-03-05T12:46:29+00:00","dateModified":"2026-03-05T12:46:31+00:00","description":"K\u00fcba\u2019da ya\u015fanan b\u00fcy\u00fck bir elektrik kesintisi, ba\u015fkent Havana ba\u015fta olmak \u00fczere \u00fclkenin b\u00fcy\u00fck b\u00f6l\u00fcm\u00fcn\u00fc etkiledi.","inLanguage":"tr","potentialAction":[{"@type":"ReadAction","target":["https:\/\/epochtimestr.com\/index.php\/kubada-enerji-krizi-nedeniyle-genis-capli-elektrik-kesintisi"]}]},{"@type":"ImageObject","inLanguage":"tr","@id":"https:\/\/epochtimestr.com\/index.php\/kubada-enerji-krizi-nedeniyle-genis-capli-elektrik-kesintisi#primaryimage","url":"https:\/\/epochtimestr.com\/wp-content\/uploads\/2011y\/1000034256.webp","contentUrl":"https:\/\/epochtimestr.com\/wp-content\/uploads\/2011y\/1000034256.webp","width":1080,"height":720},{"@type":"WebSite","@id":"https:\/\/epochtimestr.com\/#website","url":"https:\/\/epochtimestr.com\/","name":"The Epoch Times TR","description":"De\u011fi\u015fen D\u00fcnyam\u0131za Taze Bir Bak\u0131\u015f","publisher":{"@id":"https:\/\/epochtimestr.com\/#organization"},"potentialAction":[{"@type":"SearchAction","target":{"@type":"EntryPoint","urlTemplate":"https:\/\/epochtimestr.com\/?s={search_term_string}"},"query-input":"required name=search_term_string"}],"inLanguage":"tr"},{"@type":"Organization","@id":"https:\/\/epochtimestr.com\/#organization","name":"The EpochTimes T\u00fcrkiye","url":"https:\/\/epochtimestr.com\/","logo":{"@type":"ImageObject","inLanguage":"tr","@id":"https:\/\/epochtimestr.com\/#\/schema\/logo\/image\/","url":"https:\/\/epochtimestr.com\/wp-content\/uploads\/2011y\/ET-Logo-YG.jpg","contentUrl":"https:\/\/epochtimestr.com\/wp-content\/uploads\/2011y\/ET-Logo-YG.jpg","width":346,"height":29,"caption":"The EpochTimes T\u00fcrkiye"},"image":{"@id":"https:\/\/epochtimestr.com\/#\/schema\/logo\/image\/"},"sameAs":["https:\/\/www.facebook.com\/theepochtimestr","https:\/\/x.com\/TheEpochTimesTR","https:\/\/www.instagram.com\/epochtimestr"]},{"@type":"Person","@id":"https:\/\/epochtimestr.com\/#\/schema\/person\/5fef218711d76d8f232b0e1f1d7e4c0d","name":"Leo Bajelan","image":{"@type":"ImageObject","inLanguage":"tr","@id":"https:\/\/epochtimestr.com\/#\/schema\/person\/image\/","url":"https:\/\/secure.gravatar.com\/avatar\/917669146f489549e548a2e9af272df5?s=96&d=mm&r=g","contentUrl":"https:\/\/secure.gravatar.com\/avatar\/917669146f489549e548a2e9af272df5?s=96&d=mm&r=g","caption":"Leo Bajelan"},"url":"https:\/\/epochtimestr.com\/index.php\/author\/leo"}]}},"_links":{"self":[{"href":"https:\/\/epochtimestr.com\/index.php\/wp-json\/wp\/v2\/posts\/166080"}],"collection":[{"href":"https:\/\/epochtimestr.com\/index.php\/wp-json\/wp\/v2\/posts"}],"about":[{"href":"https:\/\/epochtimestr.com\/index.php\/wp-json\/wp\/v2\/types\/post"}],"author":[{"embeddable":true,"href":"https:\/\/epochtimestr.com\/index.php\/wp-json\/wp\/v2\/users\/13996"}],"replies":[{"embeddable":true,"href":"https:\/\/epochtimestr.com\/index.php\/wp-json\/wp\/v2\/comments?post=166080"}],"version-history":[{"count":2,"href":"https:\/\/epochtimestr.com\/index.php\/wp-json\/wp\/v2\/posts\/166080\/revisions"}],"predecessor-version":[{"id":166088,"href":"https:\/\/epochtimestr.com\/index.php\/wp-json\/wp\/v2\/posts\/166080\/revisions\/166088"}],"wp:featuredmedia":[{"embeddable":true,"href":"https:\/\/epochtimestr.com\/index.php\/wp-json\/wp\/v2\/media\/166081"}],"wp:attachment":[{"href":"https:\/\/epochtimestr.com\/index.php\/wp-json\/wp\/v2\/media?parent=166080"}],"wp:term":[{"taxonomy":"category","embeddable":true,"href":"https:\/\/epochtimestr.com\/index.php\/wp-json\/wp\/v2\/categories?post=166080"},{"taxonomy":"post_tag","embeddable":true,"href":"https:\/\/epochtimestr.com\/index.php\/wp-json\/wp\/v2\/tags?post=166080"}],"curies":[{"name":"wp","href":"https:\/\/api.w.org\/{rel}","templated":true}]}}