{"id":166098,"date":"2026-03-06T19:41:41","date_gmt":"2026-03-06T16:41:41","guid":{"rendered":"https:\/\/epochtimestr.com\/?p=166098"},"modified":"2026-03-06T19:41:45","modified_gmt":"2026-03-06T16:41:45","slug":"trump-irandan-sonra-sirada-kuba-var","status":"publish","type":"post","link":"https:\/\/epochtimestr.com\/index.php\/trump-irandan-sonra-sirada-kuba-var","title":{"rendered":"Trump: \u0130ran&#8217;dan Sonra S\u0131rada K\u00fcba Var"},"content":{"rendered":"<div class=\"wp-block-image\">\n<figure class=\"aligncenter size-full\"><img loading=\"lazy\" decoding=\"async\" width=\"1080\" height=\"720\" src=\"https:\/\/epochtimestr.com\/wp-content\/uploads\/2011y\/1000034326.jpg\" alt=\"Ba\u015fkan Trump, 5 Mart 2026'da Beyaz Saray'da Major League Soccer \u015fampiyonlar\u0131 Inter Miami CF'yi kabul ederken konu\u015fma yapt\u0131. (Foto\u011fraf: Madalina Kilroy\/The Epoch Times)\" class=\"wp-image-166099\" srcset=\"https:\/\/epochtimestr.com\/wp-content\/uploads\/2011y\/1000034326.jpg 1080w, https:\/\/epochtimestr.com\/wp-content\/uploads\/2011y\/1000034326-300x200.jpg 300w, https:\/\/epochtimestr.com\/wp-content\/uploads\/2011y\/1000034326-150x100.jpg 150w, https:\/\/epochtimestr.com\/wp-content\/uploads\/2011y\/1000034326-768x512.jpg 768w\" sizes=\"(max-width: 1080px) 100vw, 1080px\" \/><figcaption class=\"wp-element-caption\">Trump \u0130ran operasyonlar\u0131n\u0131n planlanandan daha h\u0131zl\u0131 ilerledi\u011fini ve s\u0131rada K\u00fcba oldu\u011funu a\u00e7\u0131klad\u0131. ABD Ba\u015fkan\u0131 Trump, Major League Soccer \u015fampiyonu Inter Miami CF&#8217;yi kabul ederken konu\u015fma yapt\u0131. 5 Mart 2026, Beyaz Saray.  (Foto\u011fraf: Madalina Kilroy, The Epoch Times)<\/figcaption><\/figure><\/div>\n\n\n<p>Amerika Birle\u015fik Devletleri Ba\u015fkan\u0131 Donald Trump, Beyaz Saray&#8217;da d\u00fczenlenen t\u00f6rende 2025 Major League Soccer \u015fampiyonu Inter Miami CF&#8217;yi a\u011f\u0131rlad\u0131. 5 Mart&#8217;taki t\u00f6rende konu\u015fan Trump, \u0130ran&#8217;a kar\u015f\u0131 y\u00fcr\u00fct\u00fclen askeri operasyonlar\u0131n planlanandan daha h\u0131zl\u0131 ilerledi\u011fini belirtti. Trump, ayn\u0131 zamanda K\u00fcba&#8217;n\u0131n da s\u0131rada oldu\u011funu ve \u201c<a href=\"https:\/\/www.theepochtimes.com\/us\/trump-touts-swift-progress-in-operation-against-iran-says-cuba-also-on-his-to-do-list-5995089\" target=\"_blank\" rel=\"noreferrer noopener\">sadece zaman meselesi<\/a>\u201d oldu\u011funu ifade etti. ABD Ba\u015fkan\u0131 ayr\u0131ca, D\u0131\u015fi\u015fleri Bakan\u0131 Marco Rubio&#8217;nun K\u00fcba ve Venezuela&#8217;daki \u00e7abalar\u0131n\u0131 \u00f6vd\u00fc.<\/p>\n\n\n\n<p>Trump, ABD ordusunun \u0130ran\u2019a y\u00fcr\u00fct\u00fclen operasyonlarda bir\u00e7ok \u0130ran askeri altyap\u0131s\u0131n\u0131 hedef ald\u0131\u011f\u0131n\u0131 ve \u00e7ok h\u0131zl\u0131 bir \u015fekilde ba\u015far\u0131l\u0131 oldu\u011funu belirtti. &#8220;\u0130ran\u2019\u0131n deniz kuvvetleri yok oldu. \u00dc\u00e7 g\u00fcn i\u00e7inde 24 gemi kaybettiler. Hava savunma sistemleri, u\u00e7aklar\u0131, ileti\u015fim altyap\u0131lar\u0131 ve f\u00fczeleri yok oldu,&#8221; \u015feklinde a\u00e7\u0131klamalar yapt\u0131. Bu h\u0131zl\u0131 ilerlemenin, Amerika&#8217;n\u0131n \u0130ran\u2019a kar\u015f\u0131 m\u00fccadelesinde \u00f6nemli bir avantaj sa\u011flad\u0131\u011f\u0131n\u0131 vurgulad\u0131. Ayr\u0131ca \u0130ranl\u0131 yetkililere seslenerek, &#8220;T\u00fcm \u0130ran Devrim Muhaf\u0131zlar\u0131, ordu ve polis te\u015fkilat\u0131n\u0131n t\u00fcm \u00fcyelerini silahlar\u0131n\u0131 b\u0131rakmaya \u00e7a\u011f\u0131r\u0131yorum,&#8221; dedi.<\/p>\n\n\n\n<p>Trump, <a href=\"https:\/\/epochtimestr.com\/index.php\/kubada-enerji-krizi-nedeniyle-genis-capli-elektrik-kesintisi\" target=\"_blank\" rel=\"noreferrer noopener\">K\u00fcba ile yap\u0131lan g\u00f6r\u00fc\u015fmelerin<\/a> h\u0131zla ilerledi\u011fini ve K\u00fcba y\u00f6netiminin anla\u015fma yapmaya olduk\u00e7a hevesli oldu\u011funu belirtti. &#8220;K\u00fcba&#8217;daki kom\u00fcnist h\u00fck\u00fcmet, anla\u015fma yapmay\u0131 o kadar \u00e7ok istiyor ki, tahmin bile edemezsiniz,&#8221; \u015feklinde konu\u015ftu. Ayr\u0131ca K\u00fcba konusunda at\u0131lacak ad\u0131mlar\u0131n \u00f6nceden planland\u0131\u011f\u0131 gibi devam edece\u011fini s\u00f6yledi. Bunun yan\u0131 s\u0131ra, K\u00fcba&#8217;n\u0131n enerji s\u0131k\u0131nt\u0131lar\u0131 ve Venezuela&#8217;dan gelen petrol sevkiyatlar\u0131n\u0131n azalmas\u0131 gibi sorunlar\u0131n da devam etti\u011fine dikkat \u00e7ekti.<\/p>\n\n\n\n<h3 class=\"wp-block-heading\">&#8220;Venezuela&#8217;da Geli\u015fmeler Olumlu Y\u00f6nde \u0130lerliyor&#8221;<\/h3>\n\n\n\n<p>Trump, Venezuela&#8217;da ise geli\u015fmelerin olumlu y\u00f6nde ilerledi\u011fini ifade etti. Venezuela&#8217;da ge\u00e7ici ba\u015fkan olarak g\u00f6rev yapan Delcy Rodriguez ile yap\u0131lan \u00e7al\u0131\u015fmalar sonucunda, \u00fclkenin istikrara kavu\u015ftu\u011funu ve Amerika&#8217;ya petrol ihracat\u0131n\u0131n artmaya ba\u015flad\u0131\u011f\u0131n\u0131 belirtti. Bu geli\u015fmelerin, \u00f6zellikle petrol fiyatlar\u0131 \u00fczerindeki etkisini olumlu buldu\u011funu s\u00f6yledi.<\/p>\n\n\n\n<p>ABD Ba\u015fkan\u0131 Trump, petrol fiyatlar\u0131n\u0131n kontrol alt\u0131na al\u0131nmas\u0131 i\u00e7in \u00e7e\u015fitli stratejiler geli\u015ftirdiklerini s\u00f6yledi. \u00d6zellikle, K\u00f6rfez&#8217;e tankerlerin ge\u00e7i\u015fini g\u00fcvence alt\u0131na almak i\u00e7in siyasi risk sigortas\u0131 teklif ettiklerini a\u00e7\u0131klad\u0131. Bu ad\u0131mlar\u0131n, d\u00fcnya genelindeki petrol fiyatlar\u0131n\u0131n stabil kalmas\u0131na yard\u0131mc\u0131 oldu\u011funu ve daha fazla \u00f6nlemin de g\u00fcndemde oldu\u011funu ekledi.<\/p>\n\n\n\n<p>Trump, \u0130ran\u2019a y\u00f6nelik operasyonlar\u0131n h\u0131zla tamamlanmas\u0131n\u0131n ard\u0131ndan, K\u00fcba&#8217;ya odaklanacaklar\u0131n\u0131 s\u00f6yledi. &#8220;Her iki operasyonu ayn\u0131 anda yapabiliriz ama k\u00f6t\u00fc \u015feyler olur,&#8221; dedi. Ancak operasyonlar\u0131n h\u0131zland\u0131r\u0131lmas\u0131n\u0131n potansiyel olumsuz sonu\u00e7lar\u0131 olabilece\u011fini belirtti.<\/p>\n","protected":false},"excerpt":{"rendered":"<p>Amerika Birle\u015fik Devletleri Ba\u015fkan\u0131 Donald Trump, Beyaz Saray&#8217;da d\u00fczenlenen t\u00f6rende 2025 Major League Soccer \u015fampiyonu Inter Miami CF&#8217;yi a\u011f\u0131rlad\u0131. 5 Mart&#8217;taki t\u00f6rende konu\u015fan Trump, \u0130ran&#8217;a kar\u015f\u0131 y\u00fcr\u00fct\u00fclen askeri operasyonlar\u0131n planlanandan daha h\u0131zl\u0131 ilerledi\u011fini belirtti. Trump, ayn\u0131 zamanda K\u00fcba&#8217;n\u0131n da s\u0131rada oldu\u011funu ve \u201csadece zaman meselesi\u201d oldu\u011funu ifade etti. ABD Ba\u015fkan\u0131 ayr\u0131ca, D\u0131\u015fi\u015fleri Bakan\u0131 Marco Rubio&#8217;nun [&hellip;]<\/p>\n","protected":false},"author":13996,"featured_media":166099,"comment_status":"open","ping_status":"open","sticky":false,"template":"","format":"standard","meta":{"_yoast_wpseo_focuskw":"Trump - K\u00fcba","_yoast_wpseo_title":"","_yoast_wpseo_metadesc":"Amerika Birle\u015fik Devletleri Ba\u015fkan\u0131 Donald Trump \u0130ran operasyonlar\u0131n\u0131n planlanandan daha h\u0131zl\u0131 ilerledi\u011fini ve s\u0131rada K\u00fcba oldu\u011funu a\u00e7\u0131klad\u0131.","_bbp_topic_count":0,"_bbp_reply_count":0,"_bbp_total_topic_count":0,"_bbp_total_reply_count":0,"_bbp_voice_count":0,"_bbp_anonymous_reply_count":0,"_bbp_topic_count_hidden":0,"_bbp_reply_count_hidden":0,"_bbp_forum_subforum_count":0,"footnotes":"","_yoast_wpseo_focuskw_text_input":""},"categories":[5,1,8138],"tags":[10100,10503,10966,1284,10967,6520,10961,1197,4682,5764],"yoast_head":"<!-- This site is optimized with the Yoast SEO plugin v23.0 - https:\/\/yoast.com\/wordpress\/plugins\/seo\/ -->\n<title>Trump: \u0130ran&#039;dan Sonra S\u0131rada K\u00fcba Var - The Epoch Times TR<\/title>\n<meta name=\"description\" content=\"Amerika Birle\u015fik Devletleri Ba\u015fkan\u0131 Donald Trump \u0130ran operasyonlar\u0131n\u0131n planlanandan daha h\u0131zl\u0131 ilerledi\u011fini ve s\u0131rada K\u00fcba oldu\u011funu a\u00e7\u0131klad\u0131.\" \/>\n<meta name=\"robots\" content=\"index, follow, max-snippet:-1, max-image-preview:large, max-video-preview:-1\" \/>\n<link rel=\"canonical\" href=\"https:\/\/epochtimestr.com\/index.php\/trump-irandan-sonra-sirada-kuba-var\" \/>\n<meta property=\"og:locale\" content=\"tr_TR\" \/>\n<meta property=\"og:type\" content=\"article\" \/>\n<meta property=\"og:title\" content=\"Trump: \u0130ran&#039;dan Sonra S\u0131rada K\u00fcba Var - The Epoch Times TR\" \/>\n<meta property=\"og:description\" content=\"Amerika Birle\u015fik Devletleri Ba\u015fkan\u0131 Donald Trump \u0130ran operasyonlar\u0131n\u0131n planlanandan daha h\u0131zl\u0131 ilerledi\u011fini ve s\u0131rada K\u00fcba oldu\u011funu a\u00e7\u0131klad\u0131.\" \/>\n<meta property=\"og:url\" content=\"https:\/\/epochtimestr.com\/index.php\/trump-irandan-sonra-sirada-kuba-var\" \/>\n<meta property=\"og:site_name\" content=\"The Epoch Times TR\" \/>\n<meta property=\"article:publisher\" content=\"https:\/\/www.facebook.com\/theepochtimestr\" \/>\n<meta property=\"article:published_time\" content=\"2026-03-06T16:41:41+00:00\" \/>\n<meta property=\"article:modified_time\" content=\"2026-03-06T16:41:45+00:00\" \/>\n<meta property=\"og:image\" content=\"https:\/\/epochtimestr.com\/wp-content\/uploads\/2011y\/1000034326.jpg\" \/>\n\t<meta property=\"og:image:width\" content=\"1080\" \/>\n\t<meta property=\"og:image:height\" content=\"720\" \/>\n\t<meta property=\"og:image:type\" content=\"image\/jpeg\" \/>\n<meta name=\"author\" content=\"Leo Bajelan\" \/>\n<meta name=\"twitter:card\" content=\"summary_large_image\" \/>\n<meta name=\"twitter:creator\" content=\"@TheEpochTimesTR\" \/>\n<meta name=\"twitter:site\" content=\"@TheEpochTimesTR\" \/>\n<meta name=\"twitter:label1\" content=\"Yazan:\" \/>\n\t<meta name=\"twitter:data1\" content=\"Leo Bajelan\" \/>\n\t<meta name=\"twitter:label2\" content=\"Tahmini okuma s\u00fcresi\" \/>\n\t<meta name=\"twitter:data2\" content=\"3 dakika\" \/>\n<script type=\"application\/ld+json\" class=\"yoast-schema-graph\">{\"@context\":\"https:\/\/schema.org\",\"@graph\":[{\"@type\":\"Article\",\"@id\":\"https:\/\/epochtimestr.com\/index.php\/trump-irandan-sonra-sirada-kuba-var#article\",\"isPartOf\":{\"@id\":\"https:\/\/epochtimestr.com\/index.php\/trump-irandan-sonra-sirada-kuba-var\"},\"author\":{\"name\":\"Leo Bajelan\",\"@id\":\"https:\/\/epochtimestr.com\/#\/schema\/person\/5fef218711d76d8f232b0e1f1d7e4c0d\"},\"headline\":\"Trump: \u0130ran&#8217;dan Sonra S\u0131rada K\u00fcba Var\",\"datePublished\":\"2026-03-06T16:41:41+00:00\",\"dateModified\":\"2026-03-06T16:41:45+00:00\",\"mainEntityOfPage\":{\"@id\":\"https:\/\/epochtimestr.com\/index.php\/trump-irandan-sonra-sirada-kuba-var\"},\"wordCount\":524,\"commentCount\":0,\"publisher\":{\"@id\":\"https:\/\/epochtimestr.com\/#organization\"},\"image\":{\"@id\":\"https:\/\/epochtimestr.com\/index.php\/trump-irandan-sonra-sirada-kuba-var#primaryimage\"},\"thumbnailUrl\":\"https:\/\/epochtimestr.com\/wp-content\/uploads\/2011y\/1000034326.jpg\",\"keywords\":[\"ABD - Venezuela\",\"ABD \u0130ran sava\u015f\u0131\",\"Delcy Rodriguez\",\"G\u00fcney amerika\",\"\u0130ran askeri altyap\u0131s\u0131\",\"\u0130ran Devrim Muhaf\u0131zlar\u0131\",\"\u0130ran Operasyonlar\u0131\",\"K\u00fcba\",\"petrol fiyatlar\u0131\",\"Trump\"],\"articleSection\":[\"D\u00dcNYA\",\"G\u00dcNDEM\",\"MAN\u015eET\"],\"inLanguage\":\"tr\",\"potentialAction\":[{\"@type\":\"CommentAction\",\"name\":\"Comment\",\"target\":[\"https:\/\/epochtimestr.com\/index.php\/trump-irandan-sonra-sirada-kuba-var#respond\"]}]},{\"@type\":\"WebPage\",\"@id\":\"https:\/\/epochtimestr.com\/index.php\/trump-irandan-sonra-sirada-kuba-var\",\"url\":\"https:\/\/epochtimestr.com\/index.php\/trump-irandan-sonra-sirada-kuba-var\",\"name\":\"Trump: \u0130ran'dan Sonra S\u0131rada K\u00fcba Var - The Epoch Times TR\",\"isPartOf\":{\"@id\":\"https:\/\/epochtimestr.com\/#website\"},\"primaryImageOfPage\":{\"@id\":\"https:\/\/epochtimestr.com\/index.php\/trump-irandan-sonra-sirada-kuba-var#primaryimage\"},\"image\":{\"@id\":\"https:\/\/epochtimestr.com\/index.php\/trump-irandan-sonra-sirada-kuba-var#primaryimage\"},\"thumbnailUrl\":\"https:\/\/epochtimestr.com\/wp-content\/uploads\/2011y\/1000034326.jpg\",\"datePublished\":\"2026-03-06T16:41:41+00:00\",\"dateModified\":\"2026-03-06T16:41:45+00:00\",\"description\":\"Amerika Birle\u015fik Devletleri Ba\u015fkan\u0131 Donald Trump \u0130ran operasyonlar\u0131n\u0131n planlanandan daha h\u0131zl\u0131 ilerledi\u011fini ve s\u0131rada K\u00fcba oldu\u011funu a\u00e7\u0131klad\u0131.\",\"inLanguage\":\"tr\",\"potentialAction\":[{\"@type\":\"ReadAction\",\"target\":[\"https:\/\/epochtimestr.com\/index.php\/trump-irandan-sonra-sirada-kuba-var\"]}]},{\"@type\":\"ImageObject\",\"inLanguage\":\"tr\",\"@id\":\"https:\/\/epochtimestr.com\/index.php\/trump-irandan-sonra-sirada-kuba-var#primaryimage\",\"url\":\"https:\/\/epochtimestr.com\/wp-content\/uploads\/2011y\/1000034326.jpg\",\"contentUrl\":\"https:\/\/epochtimestr.com\/wp-content\/uploads\/2011y\/1000034326.jpg\",\"width\":1080,\"height\":720},{\"@type\":\"WebSite\",\"@id\":\"https:\/\/epochtimestr.com\/#website\",\"url\":\"https:\/\/epochtimestr.com\/\",\"name\":\"The Epoch Times TR\",\"description\":\"De\u011fi\u015fen D\u00fcnyam\u0131za Taze Bir Bak\u0131\u015f\",\"publisher\":{\"@id\":\"https:\/\/epochtimestr.com\/#organization\"},\"potentialAction\":[{\"@type\":\"SearchAction\",\"target\":{\"@type\":\"EntryPoint\",\"urlTemplate\":\"https:\/\/epochtimestr.com\/?s={search_term_string}\"},\"query-input\":\"required name=search_term_string\"}],\"inLanguage\":\"tr\"},{\"@type\":\"Organization\",\"@id\":\"https:\/\/epochtimestr.com\/#organization\",\"name\":\"The EpochTimes T\u00fcrkiye\",\"url\":\"https:\/\/epochtimestr.com\/\",\"logo\":{\"@type\":\"ImageObject\",\"inLanguage\":\"tr\",\"@id\":\"https:\/\/epochtimestr.com\/#\/schema\/logo\/image\/\",\"url\":\"https:\/\/epochtimestr.com\/wp-content\/uploads\/2011y\/ET-Logo-YG.jpg\",\"contentUrl\":\"https:\/\/epochtimestr.com\/wp-content\/uploads\/2011y\/ET-Logo-YG.jpg\",\"width\":346,\"height\":29,\"caption\":\"The EpochTimes T\u00fcrkiye\"},\"image\":{\"@id\":\"https:\/\/epochtimestr.com\/#\/schema\/logo\/image\/\"},\"sameAs\":[\"https:\/\/www.facebook.com\/theepochtimestr\",\"https:\/\/x.com\/TheEpochTimesTR\",\"https:\/\/www.instagram.com\/epochtimestr\"]},{\"@type\":\"Person\",\"@id\":\"https:\/\/epochtimestr.com\/#\/schema\/person\/5fef218711d76d8f232b0e1f1d7e4c0d\",\"name\":\"Leo Bajelan\",\"image\":{\"@type\":\"ImageObject\",\"inLanguage\":\"tr\",\"@id\":\"https:\/\/epochtimestr.com\/#\/schema\/person\/image\/\",\"url\":\"https:\/\/secure.gravatar.com\/avatar\/917669146f489549e548a2e9af272df5?s=96&d=mm&r=g\",\"contentUrl\":\"https:\/\/secure.gravatar.com\/avatar\/917669146f489549e548a2e9af272df5?s=96&d=mm&r=g\",\"caption\":\"Leo Bajelan\"},\"url\":\"https:\/\/epochtimestr.com\/index.php\/author\/leo\"}]}<\/script>\n<!-- \/ Yoast SEO plugin. -->","yoast_head_json":{"title":"Trump: \u0130ran'dan Sonra S\u0131rada K\u00fcba Var - The Epoch Times TR","description":"Amerika Birle\u015fik Devletleri Ba\u015fkan\u0131 Donald Trump \u0130ran operasyonlar\u0131n\u0131n planlanandan daha h\u0131zl\u0131 ilerledi\u011fini ve s\u0131rada K\u00fcba oldu\u011funu a\u00e7\u0131klad\u0131.","robots":{"index":"index","follow":"follow","max-snippet":"max-snippet:-1","max-image-preview":"max-image-preview:large","max-video-preview":"max-video-preview:-1"},"canonical":"https:\/\/epochtimestr.com\/index.php\/trump-irandan-sonra-sirada-kuba-var","og_locale":"tr_TR","og_type":"article","og_title":"Trump: \u0130ran'dan Sonra S\u0131rada K\u00fcba Var - The Epoch Times TR","og_description":"Amerika Birle\u015fik Devletleri Ba\u015fkan\u0131 Donald Trump \u0130ran operasyonlar\u0131n\u0131n planlanandan daha h\u0131zl\u0131 ilerledi\u011fini ve s\u0131rada K\u00fcba oldu\u011funu a\u00e7\u0131klad\u0131.","og_url":"https:\/\/epochtimestr.com\/index.php\/trump-irandan-sonra-sirada-kuba-var","og_site_name":"The Epoch Times TR","article_publisher":"https:\/\/www.facebook.com\/theepochtimestr","article_published_time":"2026-03-06T16:41:41+00:00","article_modified_time":"2026-03-06T16:41:45+00:00","og_image":[{"width":1080,"height":720,"url":"https:\/\/epochtimestr.com\/wp-content\/uploads\/2011y\/1000034326.jpg","type":"image\/jpeg"}],"author":"Leo Bajelan","twitter_card":"summary_large_image","twitter_creator":"@TheEpochTimesTR","twitter_site":"@TheEpochTimesTR","twitter_misc":{"Yazan:":"Leo Bajelan","Tahmini okuma s\u00fcresi":"3 dakika"},"schema":{"@context":"https:\/\/schema.org","@graph":[{"@type":"Article","@id":"https:\/\/epochtimestr.com\/index.php\/trump-irandan-sonra-sirada-kuba-var#article","isPartOf":{"@id":"https:\/\/epochtimestr.com\/index.php\/trump-irandan-sonra-sirada-kuba-var"},"author":{"name":"Leo Bajelan","@id":"https:\/\/epochtimestr.com\/#\/schema\/person\/5fef218711d76d8f232b0e1f1d7e4c0d"},"headline":"Trump: \u0130ran&#8217;dan Sonra S\u0131rada K\u00fcba Var","datePublished":"2026-03-06T16:41:41+00:00","dateModified":"2026-03-06T16:41:45+00:00","mainEntityOfPage":{"@id":"https:\/\/epochtimestr.com\/index.php\/trump-irandan-sonra-sirada-kuba-var"},"wordCount":524,"commentCount":0,"publisher":{"@id":"https:\/\/epochtimestr.com\/#organization"},"image":{"@id":"https:\/\/epochtimestr.com\/index.php\/trump-irandan-sonra-sirada-kuba-var#primaryimage"},"thumbnailUrl":"https:\/\/epochtimestr.com\/wp-content\/uploads\/2011y\/1000034326.jpg","keywords":["ABD - Venezuela","ABD \u0130ran sava\u015f\u0131","Delcy Rodriguez","G\u00fcney amerika","\u0130ran askeri altyap\u0131s\u0131","\u0130ran Devrim Muhaf\u0131zlar\u0131","\u0130ran Operasyonlar\u0131","K\u00fcba","petrol fiyatlar\u0131","Trump"],"articleSection":["D\u00dcNYA","G\u00dcNDEM","MAN\u015eET"],"inLanguage":"tr","potentialAction":[{"@type":"CommentAction","name":"Comment","target":["https:\/\/epochtimestr.com\/index.php\/trump-irandan-sonra-sirada-kuba-var#respond"]}]},{"@type":"WebPage","@id":"https:\/\/epochtimestr.com\/index.php\/trump-irandan-sonra-sirada-kuba-var","url":"https:\/\/epochtimestr.com\/index.php\/trump-irandan-sonra-sirada-kuba-var","name":"Trump: \u0130ran'dan Sonra S\u0131rada K\u00fcba Var - The Epoch Times TR","isPartOf":{"@id":"https:\/\/epochtimestr.com\/#website"},"primaryImageOfPage":{"@id":"https:\/\/epochtimestr.com\/index.php\/trump-irandan-sonra-sirada-kuba-var#primaryimage"},"image":{"@id":"https:\/\/epochtimestr.com\/index.php\/trump-irandan-sonra-sirada-kuba-var#primaryimage"},"thumbnailUrl":"https:\/\/epochtimestr.com\/wp-content\/uploads\/2011y\/1000034326.jpg","datePublished":"2026-03-06T16:41:41+00:00","dateModified":"2026-03-06T16:41:45+00:00","description":"Amerika Birle\u015fik Devletleri Ba\u015fkan\u0131 Donald Trump \u0130ran operasyonlar\u0131n\u0131n planlanandan daha h\u0131zl\u0131 ilerledi\u011fini ve s\u0131rada K\u00fcba oldu\u011funu a\u00e7\u0131klad\u0131.","inLanguage":"tr","potentialAction":[{"@type":"ReadAction","target":["https:\/\/epochtimestr.com\/index.php\/trump-irandan-sonra-sirada-kuba-var"]}]},{"@type":"ImageObject","inLanguage":"tr","@id":"https:\/\/epochtimestr.com\/index.php\/trump-irandan-sonra-sirada-kuba-var#primaryimage","url":"https:\/\/epochtimestr.com\/wp-content\/uploads\/2011y\/1000034326.jpg","contentUrl":"https:\/\/epochtimestr.com\/wp-content\/uploads\/2011y\/1000034326.jpg","width":1080,"height":720},{"@type":"WebSite","@id":"https:\/\/epochtimestr.com\/#website","url":"https:\/\/epochtimestr.com\/","name":"The Epoch Times TR","description":"De\u011fi\u015fen D\u00fcnyam\u0131za Taze Bir Bak\u0131\u015f","publisher":{"@id":"https:\/\/epochtimestr.com\/#organization"},"potentialAction":[{"@type":"SearchAction","target":{"@type":"EntryPoint","urlTemplate":"https:\/\/epochtimestr.com\/?s={search_term_string}"},"query-input":"required name=search_term_string"}],"inLanguage":"tr"},{"@type":"Organization","@id":"https:\/\/epochtimestr.com\/#organization","name":"The EpochTimes T\u00fcrkiye","url":"https:\/\/epochtimestr.com\/","logo":{"@type":"ImageObject","inLanguage":"tr","@id":"https:\/\/epochtimestr.com\/#\/schema\/logo\/image\/","url":"https:\/\/epochtimestr.com\/wp-content\/uploads\/2011y\/ET-Logo-YG.jpg","contentUrl":"https:\/\/epochtimestr.com\/wp-content\/uploads\/2011y\/ET-Logo-YG.jpg","width":346,"height":29,"caption":"The EpochTimes T\u00fcrkiye"},"image":{"@id":"https:\/\/epochtimestr.com\/#\/schema\/logo\/image\/"},"sameAs":["https:\/\/www.facebook.com\/theepochtimestr","https:\/\/x.com\/TheEpochTimesTR","https:\/\/www.instagram.com\/epochtimestr"]},{"@type":"Person","@id":"https:\/\/epochtimestr.com\/#\/schema\/person\/5fef218711d76d8f232b0e1f1d7e4c0d","name":"Leo Bajelan","image":{"@type":"ImageObject","inLanguage":"tr","@id":"https:\/\/epochtimestr.com\/#\/schema\/person\/image\/","url":"https:\/\/secure.gravatar.com\/avatar\/917669146f489549e548a2e9af272df5?s=96&d=mm&r=g","contentUrl":"https:\/\/secure.gravatar.com\/avatar\/917669146f489549e548a2e9af272df5?s=96&d=mm&r=g","caption":"Leo Bajelan"},"url":"https:\/\/epochtimestr.com\/index.php\/author\/leo"}]}},"_links":{"self":[{"href":"https:\/\/epochtimestr.com\/index.php\/wp-json\/wp\/v2\/posts\/166098"}],"collection":[{"href":"https:\/\/epochtimestr.com\/index.php\/wp-json\/wp\/v2\/posts"}],"about":[{"href":"https:\/\/epochtimestr.com\/index.php\/wp-json\/wp\/v2\/types\/post"}],"author":[{"embeddable":true,"href":"https:\/\/epochtimestr.com\/index.php\/wp-json\/wp\/v2\/users\/13996"}],"replies":[{"embeddable":true,"href":"https:\/\/epochtimestr.com\/index.php\/wp-json\/wp\/v2\/comments?post=166098"}],"version-history":[{"count":2,"href":"https:\/\/epochtimestr.com\/index.php\/wp-json\/wp\/v2\/posts\/166098\/revisions"}],"predecessor-version":[{"id":166114,"href":"https:\/\/epochtimestr.com\/index.php\/wp-json\/wp\/v2\/posts\/166098\/revisions\/166114"}],"wp:featuredmedia":[{"embeddable":true,"href":"https:\/\/epochtimestr.com\/index.php\/wp-json\/wp\/v2\/media\/166099"}],"wp:attachment":[{"href":"https:\/\/epochtimestr.com\/index.php\/wp-json\/wp\/v2\/media?parent=166098"}],"wp:term":[{"taxonomy":"category","embeddable":true,"href":"https:\/\/epochtimestr.com\/index.php\/wp-json\/wp\/v2\/categories?post=166098"},{"taxonomy":"post_tag","embeddable":true,"href":"https:\/\/epochtimestr.com\/index.php\/wp-json\/wp\/v2\/tags?post=166098"}],"curies":[{"name":"wp","href":"https:\/\/api.w.org\/{rel}","templated":true}]}}