{"id":166104,"date":"2026-03-06T12:08:37","date_gmt":"2026-03-06T09:08:37","guid":{"rendered":"https:\/\/epochtimestr.com\/?p=166104"},"modified":"2026-03-06T19:46:06","modified_gmt":"2026-03-06T16:46:06","slug":"turkiye-ye-saldirinin-sonuclari","status":"publish","type":"post","link":"https:\/\/epochtimestr.com\/index.php\/turkiye-ye-saldirinin-sonuclari","title":{"rendered":"T\u00fcrkiye&#8217;ye Olas\u0131 Sald\u0131r\u0131 B\u00f6lge \u0130\u00e7in Felaket Olur"},"content":{"rendered":"<div class=\"wp-block-image\">\n<figure class=\"aligncenter size-full\"><img loading=\"lazy\" decoding=\"async\" width=\"1536\" height=\"1024\" src=\"https:\/\/epochtimestr.com\/wp-content\/uploads\/2011y\/Turkiye-Iran.png\" alt=\"\" class=\"wp-image-166106\" srcset=\"https:\/\/epochtimestr.com\/wp-content\/uploads\/2011y\/Turkiye-Iran.png 1536w, https:\/\/epochtimestr.com\/wp-content\/uploads\/2011y\/Turkiye-Iran-300x200.png 300w, https:\/\/epochtimestr.com\/wp-content\/uploads\/2011y\/Turkiye-Iran-150x100.png 150w, https:\/\/epochtimestr.com\/wp-content\/uploads\/2011y\/Turkiye-Iran-768x512.png 768w\" sizes=\"(max-width: 1536px) 100vw, 1536px\" \/><\/figure><\/div>\n\n<figure class=\"wp-block-image aligncenter size-large\"><\/figure>\n<p>Orta Do\u011fu&#8217;da tansiyon y\u00fckselirken, \u0130ngiliz bas\u0131n\u0131ndan gelen bir analiz dikkat \u00e7ekiyor. Daily Mail&#8217;in analizine g\u00f6re, T\u00fcrkiye&#8217;ye y\u00f6nelik herhangi bir sald\u0131r\u0131, b\u00f6lge i\u00e7in kabus senaryosu anlam\u0131na gelebilir. Bu durum, hem b\u00f6lgesel hem de k\u00fcresel dengeleri alt\u00fcst edebilir.<\/p>\n<p><strong>\u0130ttifaklar ve Dengeler Tehlikede<\/strong><\/p>\n<p>Uzun y\u0131llard\u0131r Orta Do\u011fu&#8217;da s\u00fcregelen ittifaklar ve dengeler, mevcut sava\u015f ortam\u0131nda b\u00fcy\u00fck bir bask\u0131 alt\u0131nda. Sava\u015f\u0131n gidi\u015fat\u0131, bu ili\u015fkilerin gelece\u011fini belirleyecek. Bu ba\u011flamda T\u00fcrkiye, Orta Do\u011fu&#8217;nun en g\u00fc\u00e7l\u00fc akt\u00f6rlerinden biri olarak kabul ediliyor. \u0130ran&#8217;\u0131n T\u00fcrkiye&#8217;yi hedef almas\u0131, NATO&#8217;yu da do\u011frudan \u00e7at\u0131\u015fman\u0131n i\u00e7ine \u00e7ekebilir. Yorumcular, b\u00f6yle bir senaryonun felaket olabilece\u011fini fade ediyor.<\/p>\n<p>\u0130ran&#8217;\u0131n T\u00fcrkiye&#8217;ye sald\u0131rmaktan ka\u00e7\u0131nmas\u0131 i\u00e7in bir\u00e7ok neden var. NATO&#8217;nun 5. maddesi gere\u011fi, ittifak\u0131n 32 \u00fcyesi \u00e7at\u0131\u015fmaya dahil olabilir. \u0130ran, bu riski g\u00f6ze almak istemeyebilir.<\/p>\n<p><strong>B\u00f6lgesel G\u00fcvenlik ve NATO<\/strong><\/p>\n<p>T\u00fcrkiye&#8217;nin b\u00f6lgesel g\u00fcvenlik ve NATO cayd\u0131r\u0131c\u0131l\u0131\u011f\u0131 a\u00e7\u0131s\u0131ndan kilit bir rol oynad\u0131\u011f\u0131 vurgulan\u0131yor. Herhangi bir sald\u0131r\u0131, NATO&#8217;yu do\u011frudan \u00e7at\u0131\u015fmaya s\u00fcr\u00fckleyebilir ve b\u00f6lgede insani kriz ile b\u00fcy\u00fck g\u00f6\u00e7 dalgalar\u0131n\u0131 ka\u00e7\u0131n\u0131lmaz k\u0131lar.<\/p>\n<p>\u00d6te yandan K\u00f6rfez \u00fclkelerinin savunmalar\u0131, \u0130ran&#8217;\u0131n dronlar\u0131 ve f\u00fcze stoklar\u0131 kar\u015f\u0131s\u0131nda s\u0131n\u0131rl\u0131 kalabilir. T\u00fcrkiye a\u00e7\u0131klar\u0131nda engellenen bir f\u00fcze, Ceyhan petrol hatt\u0131n\u0131 hedeflemi\u015f olabilir. Bu, b\u00f6lgedeki \u00e7at\u0131\u015fma dinamiklerini de\u011fi\u015ftirebilir.<\/p>\n<p>Pakistan&#8217;\u0131n sava\u015fa dahil olma ihtimali ve n\u00fckleer kapasitesi, b\u00f6lgedeki riskleri daha da art\u0131r\u0131yor. Bu durum, Orta Do\u011fu&#8217;daki t\u00fcm \u00fclkeler i\u00e7in ciddi sonu\u00e7lar do\u011furabilir.<\/p>","protected":false},"excerpt":{"rendered":"<p>\u0130ngiliz bas\u0131n\u0131, T\u00fcrkiye&#8217;ye y\u00f6nelik olas\u0131 bir sald\u0131r\u0131n\u0131n Orta Do\u011fu i\u00e7in felaket sonu\u00e7lar do\u011furabilece\u011fini belirtti.<\/p>\n","protected":false},"author":12791,"featured_media":166103,"comment_status":"open","ping_status":"open","sticky":false,"template":"","format":"standard","meta":{"_yoast_wpseo_focuskw":"T\u00fcrkiye-\u0130ran","_yoast_wpseo_title":"T\u00fcrkiye'ye Olas\u0131 Sald\u0131r\u0131 B\u00f6lge \u0130\u00e7in Felaket Olur","_yoast_wpseo_metadesc":"\u0130ngiliz bas\u0131n\u0131, T\u00fcrkiye'ye y\u00f6nelik olas\u0131 bir sald\u0131r\u0131n\u0131n Orta Do\u011fu i\u00e7in felaket sonu\u00e7lar do\u011furabilece\u011fini analiz etti.","_bbp_topic_count":0,"_bbp_reply_count":0,"_bbp_total_topic_count":0,"_bbp_total_reply_count":0,"_bbp_voice_count":0,"_bbp_anonymous_reply_count":0,"_bbp_topic_count_hidden":0,"_bbp_reply_count_hidden":0,"_bbp_forum_subforum_count":0,"footnotes":"","_yoast_wpseo_focuskw_text_input":""},"categories":[5,1,8138],"tags":[],"yoast_head":"<!-- This site is optimized with the Yoast SEO plugin v23.0 - https:\/\/yoast.com\/wordpress\/plugins\/seo\/ -->\n<title>T\u00fcrkiye&#039;ye Olas\u0131 Sald\u0131r\u0131 B\u00f6lge \u0130\u00e7in Felaket Olur<\/title>\n<meta name=\"description\" content=\"\u0130ngiliz bas\u0131n\u0131, T\u00fcrkiye&#039;ye y\u00f6nelik olas\u0131 bir sald\u0131r\u0131n\u0131n Orta Do\u011fu i\u00e7in felaket sonu\u00e7lar do\u011furabilece\u011fini analiz etti.\" \/>\n<meta name=\"robots\" content=\"index, follow, max-snippet:-1, max-image-preview:large, max-video-preview:-1\" \/>\n<link rel=\"canonical\" href=\"https:\/\/epochtimestr.com\/index.php\/turkiye-ye-saldirinin-sonuclari\" \/>\n<meta property=\"og:locale\" content=\"tr_TR\" \/>\n<meta property=\"og:type\" content=\"article\" \/>\n<meta property=\"og:title\" content=\"T\u00fcrkiye&#039;ye Olas\u0131 Sald\u0131r\u0131 B\u00f6lge \u0130\u00e7in Felaket Olur\" \/>\n<meta property=\"og:description\" content=\"\u0130ngiliz bas\u0131n\u0131, T\u00fcrkiye&#039;ye y\u00f6nelik olas\u0131 bir sald\u0131r\u0131n\u0131n Orta Do\u011fu i\u00e7in felaket sonu\u00e7lar do\u011furabilece\u011fini analiz etti.\" \/>\n<meta property=\"og:url\" content=\"https:\/\/epochtimestr.com\/index.php\/turkiye-ye-saldirinin-sonuclari\" \/>\n<meta property=\"og:site_name\" content=\"The Epoch Times TR\" \/>\n<meta property=\"article:publisher\" content=\"https:\/\/www.facebook.com\/theepochtimestr\" \/>\n<meta property=\"article:published_time\" content=\"2026-03-06T09:08:37+00:00\" \/>\n<meta property=\"article:modified_time\" content=\"2026-03-06T16:46:06+00:00\" \/>\n<meta property=\"og:image\" content=\"https:\/\/epochtimestr.com\/wp-content\/uploads\/2011y\/69aa783ac202702b6e2915aa.jpg\" \/>\n\t<meta property=\"og:image:width\" content=\"730\" \/>\n\t<meta property=\"og:image:height\" content=\"400\" \/>\n\t<meta property=\"og:image:type\" content=\"image\/jpeg\" \/>\n<meta name=\"author\" content=\"Haber Merkezi\" \/>\n<meta name=\"twitter:card\" content=\"summary_large_image\" \/>\n<meta name=\"twitter:creator\" content=\"@TheEpochTimesTR\" \/>\n<meta name=\"twitter:site\" content=\"@TheEpochTimesTR\" \/>\n<meta name=\"twitter:label1\" content=\"Yazan:\" \/>\n\t<meta name=\"twitter:data1\" content=\"Haber Merkezi\" \/>\n\t<meta name=\"twitter:label2\" content=\"Tahmini okuma s\u00fcresi\" \/>\n\t<meta name=\"twitter:data2\" content=\"2 dakika\" \/>\n<script type=\"application\/ld+json\" class=\"yoast-schema-graph\">{\"@context\":\"https:\/\/schema.org\",\"@graph\":[{\"@type\":\"Article\",\"@id\":\"https:\/\/epochtimestr.com\/index.php\/turkiye-ye-saldirinin-sonuclari#article\",\"isPartOf\":{\"@id\":\"https:\/\/epochtimestr.com\/index.php\/turkiye-ye-saldirinin-sonuclari\"},\"author\":{\"name\":\"Haber Merkezi\",\"@id\":\"https:\/\/epochtimestr.com\/#\/schema\/person\/3dc5c3adeb9f43923c5aa85889172fdd\"},\"headline\":\"T\u00fcrkiye&#8217;ye Olas\u0131 Sald\u0131r\u0131 B\u00f6lge \u0130\u00e7in Felaket Olur\",\"datePublished\":\"2026-03-06T09:08:37+00:00\",\"dateModified\":\"2026-03-06T16:46:06+00:00\",\"mainEntityOfPage\":{\"@id\":\"https:\/\/epochtimestr.com\/index.php\/turkiye-ye-saldirinin-sonuclari\"},\"wordCount\":306,\"commentCount\":0,\"publisher\":{\"@id\":\"https:\/\/epochtimestr.com\/#organization\"},\"image\":{\"@id\":\"https:\/\/epochtimestr.com\/index.php\/turkiye-ye-saldirinin-sonuclari#primaryimage\"},\"thumbnailUrl\":\"https:\/\/epochtimestr.com\/wp-content\/uploads\/2011y\/69aa783ac202702b6e2915aa.jpg\",\"articleSection\":[\"D\u00dcNYA\",\"G\u00dcNDEM\",\"MAN\u015eET\"],\"inLanguage\":\"tr\",\"potentialAction\":[{\"@type\":\"CommentAction\",\"name\":\"Comment\",\"target\":[\"https:\/\/epochtimestr.com\/index.php\/turkiye-ye-saldirinin-sonuclari#respond\"]}]},{\"@type\":\"WebPage\",\"@id\":\"https:\/\/epochtimestr.com\/index.php\/turkiye-ye-saldirinin-sonuclari\",\"url\":\"https:\/\/epochtimestr.com\/index.php\/turkiye-ye-saldirinin-sonuclari\",\"name\":\"T\u00fcrkiye'ye Olas\u0131 Sald\u0131r\u0131 B\u00f6lge \u0130\u00e7in Felaket Olur\",\"isPartOf\":{\"@id\":\"https:\/\/epochtimestr.com\/#website\"},\"primaryImageOfPage\":{\"@id\":\"https:\/\/epochtimestr.com\/index.php\/turkiye-ye-saldirinin-sonuclari#primaryimage\"},\"image\":{\"@id\":\"https:\/\/epochtimestr.com\/index.php\/turkiye-ye-saldirinin-sonuclari#primaryimage\"},\"thumbnailUrl\":\"https:\/\/epochtimestr.com\/wp-content\/uploads\/2011y\/69aa783ac202702b6e2915aa.jpg\",\"datePublished\":\"2026-03-06T09:08:37+00:00\",\"dateModified\":\"2026-03-06T16:46:06+00:00\",\"description\":\"\u0130ngiliz bas\u0131n\u0131, T\u00fcrkiye'ye y\u00f6nelik olas\u0131 bir sald\u0131r\u0131n\u0131n Orta Do\u011fu i\u00e7in felaket sonu\u00e7lar do\u011furabilece\u011fini analiz etti.\",\"inLanguage\":\"tr\",\"potentialAction\":[{\"@type\":\"ReadAction\",\"target\":[\"https:\/\/epochtimestr.com\/index.php\/turkiye-ye-saldirinin-sonuclari\"]}]},{\"@type\":\"ImageObject\",\"inLanguage\":\"tr\",\"@id\":\"https:\/\/epochtimestr.com\/index.php\/turkiye-ye-saldirinin-sonuclari#primaryimage\",\"url\":\"https:\/\/epochtimestr.com\/wp-content\/uploads\/2011y\/69aa783ac202702b6e2915aa.jpg\",\"contentUrl\":\"https:\/\/epochtimestr.com\/wp-content\/uploads\/2011y\/69aa783ac202702b6e2915aa.jpg\",\"width\":730,\"height\":400,\"caption\":\"Foto\u011fraf: Hibya\"},{\"@type\":\"WebSite\",\"@id\":\"https:\/\/epochtimestr.com\/#website\",\"url\":\"https:\/\/epochtimestr.com\/\",\"name\":\"The Epoch Times TR\",\"description\":\"De\u011fi\u015fen D\u00fcnyam\u0131za Taze Bir Bak\u0131\u015f\",\"publisher\":{\"@id\":\"https:\/\/epochtimestr.com\/#organization\"},\"potentialAction\":[{\"@type\":\"SearchAction\",\"target\":{\"@type\":\"EntryPoint\",\"urlTemplate\":\"https:\/\/epochtimestr.com\/?s={search_term_string}\"},\"query-input\":\"required name=search_term_string\"}],\"inLanguage\":\"tr\"},{\"@type\":\"Organization\",\"@id\":\"https:\/\/epochtimestr.com\/#organization\",\"name\":\"The EpochTimes T\u00fcrkiye\",\"url\":\"https:\/\/epochtimestr.com\/\",\"logo\":{\"@type\":\"ImageObject\",\"inLanguage\":\"tr\",\"@id\":\"https:\/\/epochtimestr.com\/#\/schema\/logo\/image\/\",\"url\":\"https:\/\/epochtimestr.com\/wp-content\/uploads\/2011y\/ET-Logo-YG.jpg\",\"contentUrl\":\"https:\/\/epochtimestr.com\/wp-content\/uploads\/2011y\/ET-Logo-YG.jpg\",\"width\":346,\"height\":29,\"caption\":\"The EpochTimes T\u00fcrkiye\"},\"image\":{\"@id\":\"https:\/\/epochtimestr.com\/#\/schema\/logo\/image\/\"},\"sameAs\":[\"https:\/\/www.facebook.com\/theepochtimestr\",\"https:\/\/x.com\/TheEpochTimesTR\",\"https:\/\/www.instagram.com\/epochtimestr\"]},{\"@type\":\"Person\",\"@id\":\"https:\/\/epochtimestr.com\/#\/schema\/person\/3dc5c3adeb9f43923c5aa85889172fdd\",\"name\":\"Haber Merkezi\",\"image\":{\"@type\":\"ImageObject\",\"inLanguage\":\"tr\",\"@id\":\"https:\/\/epochtimestr.com\/#\/schema\/person\/image\/\",\"url\":\"https:\/\/secure.gravatar.com\/avatar\/d73f772ba5a74f28601361e17c2f93e6?s=96&d=mm&r=g\",\"contentUrl\":\"https:\/\/secure.gravatar.com\/avatar\/d73f772ba5a74f28601361e17c2f93e6?s=96&d=mm&r=g\",\"caption\":\"Haber Merkezi\"},\"url\":\"https:\/\/epochtimestr.com\/index.php\/author\/sendag\"}]}<\/script>\n<!-- \/ Yoast SEO plugin. -->","yoast_head_json":{"title":"T\u00fcrkiye'ye Olas\u0131 Sald\u0131r\u0131 B\u00f6lge \u0130\u00e7in Felaket Olur","description":"\u0130ngiliz bas\u0131n\u0131, T\u00fcrkiye'ye y\u00f6nelik olas\u0131 bir sald\u0131r\u0131n\u0131n Orta Do\u011fu i\u00e7in felaket sonu\u00e7lar do\u011furabilece\u011fini analiz etti.","robots":{"index":"index","follow":"follow","max-snippet":"max-snippet:-1","max-image-preview":"max-image-preview:large","max-video-preview":"max-video-preview:-1"},"canonical":"https:\/\/epochtimestr.com\/index.php\/turkiye-ye-saldirinin-sonuclari","og_locale":"tr_TR","og_type":"article","og_title":"T\u00fcrkiye'ye Olas\u0131 Sald\u0131r\u0131 B\u00f6lge \u0130\u00e7in Felaket Olur","og_description":"\u0130ngiliz bas\u0131n\u0131, T\u00fcrkiye'ye y\u00f6nelik olas\u0131 bir sald\u0131r\u0131n\u0131n Orta Do\u011fu i\u00e7in felaket sonu\u00e7lar do\u011furabilece\u011fini analiz etti.","og_url":"https:\/\/epochtimestr.com\/index.php\/turkiye-ye-saldirinin-sonuclari","og_site_name":"The Epoch Times TR","article_publisher":"https:\/\/www.facebook.com\/theepochtimestr","article_published_time":"2026-03-06T09:08:37+00:00","article_modified_time":"2026-03-06T16:46:06+00:00","og_image":[{"width":730,"height":400,"url":"https:\/\/epochtimestr.com\/wp-content\/uploads\/2011y\/69aa783ac202702b6e2915aa.jpg","type":"image\/jpeg"}],"author":"Haber Merkezi","twitter_card":"summary_large_image","twitter_creator":"@TheEpochTimesTR","twitter_site":"@TheEpochTimesTR","twitter_misc":{"Yazan:":"Haber Merkezi","Tahmini okuma s\u00fcresi":"2 dakika"},"schema":{"@context":"https:\/\/schema.org","@graph":[{"@type":"Article","@id":"https:\/\/epochtimestr.com\/index.php\/turkiye-ye-saldirinin-sonuclari#article","isPartOf":{"@id":"https:\/\/epochtimestr.com\/index.php\/turkiye-ye-saldirinin-sonuclari"},"author":{"name":"Haber Merkezi","@id":"https:\/\/epochtimestr.com\/#\/schema\/person\/3dc5c3adeb9f43923c5aa85889172fdd"},"headline":"T\u00fcrkiye&#8217;ye Olas\u0131 Sald\u0131r\u0131 B\u00f6lge \u0130\u00e7in Felaket Olur","datePublished":"2026-03-06T09:08:37+00:00","dateModified":"2026-03-06T16:46:06+00:00","mainEntityOfPage":{"@id":"https:\/\/epochtimestr.com\/index.php\/turkiye-ye-saldirinin-sonuclari"},"wordCount":306,"commentCount":0,"publisher":{"@id":"https:\/\/epochtimestr.com\/#organization"},"image":{"@id":"https:\/\/epochtimestr.com\/index.php\/turkiye-ye-saldirinin-sonuclari#primaryimage"},"thumbnailUrl":"https:\/\/epochtimestr.com\/wp-content\/uploads\/2011y\/69aa783ac202702b6e2915aa.jpg","articleSection":["D\u00dcNYA","G\u00dcNDEM","MAN\u015eET"],"inLanguage":"tr","potentialAction":[{"@type":"CommentAction","name":"Comment","target":["https:\/\/epochtimestr.com\/index.php\/turkiye-ye-saldirinin-sonuclari#respond"]}]},{"@type":"WebPage","@id":"https:\/\/epochtimestr.com\/index.php\/turkiye-ye-saldirinin-sonuclari","url":"https:\/\/epochtimestr.com\/index.php\/turkiye-ye-saldirinin-sonuclari","name":"T\u00fcrkiye'ye Olas\u0131 Sald\u0131r\u0131 B\u00f6lge \u0130\u00e7in Felaket Olur","isPartOf":{"@id":"https:\/\/epochtimestr.com\/#website"},"primaryImageOfPage":{"@id":"https:\/\/epochtimestr.com\/index.php\/turkiye-ye-saldirinin-sonuclari#primaryimage"},"image":{"@id":"https:\/\/epochtimestr.com\/index.php\/turkiye-ye-saldirinin-sonuclari#primaryimage"},"thumbnailUrl":"https:\/\/epochtimestr.com\/wp-content\/uploads\/2011y\/69aa783ac202702b6e2915aa.jpg","datePublished":"2026-03-06T09:08:37+00:00","dateModified":"2026-03-06T16:46:06+00:00","description":"\u0130ngiliz bas\u0131n\u0131, T\u00fcrkiye'ye y\u00f6nelik olas\u0131 bir sald\u0131r\u0131n\u0131n Orta Do\u011fu i\u00e7in felaket sonu\u00e7lar do\u011furabilece\u011fini analiz etti.","inLanguage":"tr","potentialAction":[{"@type":"ReadAction","target":["https:\/\/epochtimestr.com\/index.php\/turkiye-ye-saldirinin-sonuclari"]}]},{"@type":"ImageObject","inLanguage":"tr","@id":"https:\/\/epochtimestr.com\/index.php\/turkiye-ye-saldirinin-sonuclari#primaryimage","url":"https:\/\/epochtimestr.com\/wp-content\/uploads\/2011y\/69aa783ac202702b6e2915aa.jpg","contentUrl":"https:\/\/epochtimestr.com\/wp-content\/uploads\/2011y\/69aa783ac202702b6e2915aa.jpg","width":730,"height":400,"caption":"Foto\u011fraf: Hibya"},{"@type":"WebSite","@id":"https:\/\/epochtimestr.com\/#website","url":"https:\/\/epochtimestr.com\/","name":"The Epoch Times TR","description":"De\u011fi\u015fen D\u00fcnyam\u0131za Taze Bir Bak\u0131\u015f","publisher":{"@id":"https:\/\/epochtimestr.com\/#organization"},"potentialAction":[{"@type":"SearchAction","target":{"@type":"EntryPoint","urlTemplate":"https:\/\/epochtimestr.com\/?s={search_term_string}"},"query-input":"required name=search_term_string"}],"inLanguage":"tr"},{"@type":"Organization","@id":"https:\/\/epochtimestr.com\/#organization","name":"The EpochTimes T\u00fcrkiye","url":"https:\/\/epochtimestr.com\/","logo":{"@type":"ImageObject","inLanguage":"tr","@id":"https:\/\/epochtimestr.com\/#\/schema\/logo\/image\/","url":"https:\/\/epochtimestr.com\/wp-content\/uploads\/2011y\/ET-Logo-YG.jpg","contentUrl":"https:\/\/epochtimestr.com\/wp-content\/uploads\/2011y\/ET-Logo-YG.jpg","width":346,"height":29,"caption":"The EpochTimes T\u00fcrkiye"},"image":{"@id":"https:\/\/epochtimestr.com\/#\/schema\/logo\/image\/"},"sameAs":["https:\/\/www.facebook.com\/theepochtimestr","https:\/\/x.com\/TheEpochTimesTR","https:\/\/www.instagram.com\/epochtimestr"]},{"@type":"Person","@id":"https:\/\/epochtimestr.com\/#\/schema\/person\/3dc5c3adeb9f43923c5aa85889172fdd","name":"Haber Merkezi","image":{"@type":"ImageObject","inLanguage":"tr","@id":"https:\/\/epochtimestr.com\/#\/schema\/person\/image\/","url":"https:\/\/secure.gravatar.com\/avatar\/d73f772ba5a74f28601361e17c2f93e6?s=96&d=mm&r=g","contentUrl":"https:\/\/secure.gravatar.com\/avatar\/d73f772ba5a74f28601361e17c2f93e6?s=96&d=mm&r=g","caption":"Haber Merkezi"},"url":"https:\/\/epochtimestr.com\/index.php\/author\/sendag"}]}},"_links":{"self":[{"href":"https:\/\/epochtimestr.com\/index.php\/wp-json\/wp\/v2\/posts\/166104"}],"collection":[{"href":"https:\/\/epochtimestr.com\/index.php\/wp-json\/wp\/v2\/posts"}],"about":[{"href":"https:\/\/epochtimestr.com\/index.php\/wp-json\/wp\/v2\/types\/post"}],"author":[{"embeddable":true,"href":"https:\/\/epochtimestr.com\/index.php\/wp-json\/wp\/v2\/users\/12791"}],"replies":[{"embeddable":true,"href":"https:\/\/epochtimestr.com\/index.php\/wp-json\/wp\/v2\/comments?post=166104"}],"version-history":[{"count":2,"href":"https:\/\/epochtimestr.com\/index.php\/wp-json\/wp\/v2\/posts\/166104\/revisions"}],"predecessor-version":[{"id":166116,"href":"https:\/\/epochtimestr.com\/index.php\/wp-json\/wp\/v2\/posts\/166104\/revisions\/166116"}],"wp:featuredmedia":[{"embeddable":true,"href":"https:\/\/epochtimestr.com\/index.php\/wp-json\/wp\/v2\/media\/166103"}],"wp:attachment":[{"href":"https:\/\/epochtimestr.com\/index.php\/wp-json\/wp\/v2\/media?parent=166104"}],"wp:term":[{"taxonomy":"category","embeddable":true,"href":"https:\/\/epochtimestr.com\/index.php\/wp-json\/wp\/v2\/categories?post=166104"},{"taxonomy":"post_tag","embeddable":true,"href":"https:\/\/epochtimestr.com\/index.php\/wp-json\/wp\/v2\/tags?post=166104"}],"curies":[{"name":"wp","href":"https:\/\/api.w.org\/{rel}","templated":true}]}}