{"id":166118,"date":"2026-03-07T08:35:15","date_gmt":"2026-03-07T05:35:15","guid":{"rendered":"https:\/\/epochtimestr.com\/?p=166118"},"modified":"2026-03-07T09:15:25","modified_gmt":"2026-03-07T06:15:25","slug":"bir-izzettin-celik-portresi2","status":"publish","type":"post","link":"https:\/\/epochtimestr.com\/index.php\/bir-izzettin-celik-portresi2","title":{"rendered":"Bir \u0130zzettin \u00c7elik Portresi"},"content":{"rendered":"\n<p><em>Bu yaz\u0131 ilk olarak 07.09.2016 tarihinde inovatifhaber.com\u2019da yay\u0131nlanm\u0131\u015ft\u0131r.<\/em><\/p>\n\n\n\n<p>Nereden ba\u015flasam, nas\u0131l anlatsam bilemiyorum. Ama bir \u015fekilde, bir yerlerden ba\u015flamam, bu renkli ki\u015fili\u011fi size anlatmam gerekir. 1942, Diyarbak\u0131r do\u011fumlu emekli rehber \u00f6\u011fretmen \u0130zzettin \u00c7elik\u2019i anlamak ve anlatabilmek i\u00e7in onunla tan\u0131\u015fmak, bir tak\u0131m etkinliklerde yer almak daha do\u011fru olur san\u0131r\u0131m.<\/p>\n\n\n\n<p>S\u00fcrekli devinim halinde nas\u0131l olunur? Yenilikler, iyilikler pe\u015finde nas\u0131l ko\u015fulur? \u00c7evreye, insanlara, ya\u015fad\u0131\u011f\u0131 kente nas\u0131l duyarl\u0131 olunur? Onu bir c\u00fcmle, bir paragraf ile anlatmak nas\u0131l m\u00fcmk\u00fcn olur?<\/p>\n\n\n\n<p>Ge\u00e7enlerde yeni bir projeyle yan\u0131m\u0131za yine u\u011frad\u0131. Her zamanki gibi heyecanl\u0131, diri ve umutluydu. \u0130zzettin Bey\u2019in \u00f6zelliklerinden biri, yapt\u0131\u011f\u0131 i\u015flerin, projelerin, davetlerin duyurulmas\u0131na \u00f6nem vermesidir.<\/p>\n\n\n\n<p>Sadece s\u00f6ylemek, yazmak yetmez! O bir eylem adam\u0131; kendisini hep \u201ccephede\u201d g\u00f6ren, aya\u011f\u0131nda \u00e7izmesi, elinde k\u00fcre\u011fiyle fidan diken \u00e7evreci biri. Yine kendi deyimiyle, \u201cyap\u0131yorsam, s\u00f6ylediklerim do\u011frudur\u201d d\u00fcsturu ile davranan, s\u00f6ylediklerini \u201csahada\u201d tatbik eden, bu u\u011furda gerekirse \u201csevimsiz pozisyonlara\u201d d\u00fc\u015febilen, etraf\u0131ndakileri d\u00fcrten, rahats\u0131z eden bir eylem adam\u0131d\u0131r \u0130zzettin \u00c7elik.<\/p>\n\n\n\n<p>\u00c7elik, ilerleyen ya\u015f\u0131na ra\u011fmen hem \u00f6zel hayat\u0131nda kendi botanik bah\u00e7esinden, hem de Toroslar semtinden ba\u015flayarak, b\u00fct\u00fcn kentte uygulamal\u0131 \u00f6rnek \u015fekilde davranan, etkin yurtta\u015f kimli\u011fine b\u00fcy\u00fck \u00f6nem veren ve bu ama\u00e7la 4207, 5257 say\u0131l\u0131 yasalar\u0131n \u00e7\u0131kmas\u0131na katk\u0131 veren bir \u015fahsiyettir. (T\u00fct\u00fcn ve mamullerinin kullan\u0131m\u0131n\u0131 s\u0131n\u0131rlayan yasa)<\/p>\n\n\n\n<p>T\u00fcm \u00e7al\u0131\u015fmalar\u0131n\u0131, yaz\u0131lar\u0131n\u0131 bir taraf\u0131 kullan\u0131lm\u0131\u015f at\u0131k k\u00e2\u011f\u0131tlara yapar, arkada\u015flar\u0131n\u0131 bu hususta te\u015fvik eder. (1968 den beri yapageldi\u011fi) T\u00fcrk\u00e7emizin do\u011fru yaz\u0131lmas\u0131 ve konu\u015fulmas\u0131 i\u00e7in azami dikkat g\u00f6sterir.<\/p>\n\n\n\n<p>Kendisiyle tan\u0131\u015fmam\u0131z, Temiz Toplum Hareketi Derne\u011fi d\u00f6nemine rastlar. 0 g\u00fcnden bu g\u00fcne onlarca etkinlik, davet ve a\u00e7\u0131l\u0131\u015flarda ve kurucusu oldu\u011fumuz Mersin Yazarlar Derne\u011fi\u2019nde \u00e7al\u0131\u015fmalar\u0131m\u0131z ve \u015fimdi de \u00f6\u011fretmenevine kadar uzayan fikir al\u0131\u015fveri\u015fimiz ve hatta ara ara \u201cdidi\u015fmelerimiz\u201d devam etmektedir.<\/p>\n\n\n\n<p>Kendisine sorarsan\u0131z, duyarl\u0131, \u00e7evreci, dost canl\u0131s\u0131, s\u00fcrekli arayan, ara\u015ft\u0131ran ve hareket halinde etkin bir yurtta\u015f olmak pe\u015findedir. Hi\u00e7bir \u015feyi yeterli bulmaz, hep daha iyisini, daha \u00e7o\u011funu yapmak ister. Siyaset \u00fcst\u00fc davran\u0131r. B\u00fct\u00fcn siyasi g\u00f6r\u00fc\u015flere e\u015fit mesafededir.<\/p>\n\n\n\n<p>E\u011fitimlidir, bilin\u00e7lidir, Cumhuriyet yurtta\u015fl\u0131\u011f\u0131 kavram\u0131n\u0131 \u00f6nemser. Mersin sivil toplum hayat\u0131n\u0131n, k\u00fclt\u00fcr ya\u015fam\u0131n\u0131n renkli simas\u0131d\u0131r. Yazmay\u0131, kitap okumay\u0131, bah\u00e7ede \u00e7al\u0131\u015fmay\u0131, tavla oynamay\u0131, dengeli beslenmeyi sever.<\/p>\n\n\n\n<p>Emekli \u00f6\u011fretmen olmas\u0131n\u0131n yan\u0131 s\u0131ra Akdeniz Belediyesi Kent Konseyi Y\u00fcr\u00fctme Kurulu \u00fcyeli\u011fi, \u00c7evre Sa\u011fl\u0131k E\u011fitim Komisyon ba\u015fkanl\u0131\u011f\u0131 yapm\u0131\u015ft\u0131r ve halen B\u00fcy\u00fck\u015fehir Belediye K\u00fclt\u00fcr Sanat Komisyonu \u00fcyeli\u011fi yapmaktad\u0131r.<\/p>\n\n\n\n<p>Fark\u0131 fark etmek isteyenler i\u00e7in, yay\u0131mlanm\u0131\u015f \u00fc\u00e7 kitab\u0131 ve e\u011fitim k\u00fclt\u00fcr, \u00e7evre sorunlar\u0131 a\u011f\u0131rl\u0131kl\u0131 y\u00fczlerce makaleye at\u0131lm\u0131\u015f imzas\u0131 bulunmaktad\u0131r.<\/p>\n\n\n\n<p>\u0130zmir, Gaziantep ve Mersin de say\u0131s\u0131z fidan dikimine \u00f6nc\u00fcl\u00fck etmi\u015f ve hali haz\u0131rda etmektedir. TEMA Vakf\u0131 Mersin \u015eubesinin ilk sivil g\u00f6n\u00fcll\u00fcs\u00fc (1993) ve aktif \u00fcyelerinden birisidir.<\/p>\n\n\n\n<p>\u0130zzettin Bey evsel ve sanayi at\u0131klar konusunda olduk\u00e7a hassast\u0131r. Botanik bah\u00e7esinde posal\u0131 at\u0131klar\u0131 g\u00fcbre olarak kullan\u0131r. \u00c7evre duyars\u0131zl\u0131\u011f\u0131na dikkat \u00e7ekmek, sorgulamak ama\u00e7l\u0131, sekiz kez sergi a\u00e7arak, yerel y\u00f6neticilerden plaketler, Cumhurba\u015fkanlar\u0131 A. Necdet Sezer ve Abdullah G\u00fcl\u2019den te\u015fekk\u00fcr ve takdir telefonlar\u0131 alm\u0131\u015ft\u0131r.<\/p>\n\n\n\n<p>Fen Lisesindeki \u00f6rnek izcilik faaliyetlerinden \u00f6t\u00fcr\u00fc, Portekiz D\u00fcnya \u0130zcilik Toplant\u0131s\u0131\u2019na davet edilmi\u015ftir. Yine, Mersin\u2019de ve g\u00f6rev yapt\u0131\u011f\u0131 di\u011fer illerde say\u0131s\u0131z etkinliklere \u00f6nderlik etmi\u015f, proje dan\u0131\u015fmanl\u0131klar\u0131na, il temsilciliklerine, koordinat\u00f6rl\u00fcklere lay\u0131k g\u00f6r\u00fclm\u00fc\u015f, bu ama\u00e7la onlarca belge ve takdirnamelerle \u00f6d\u00fcllendirilmi\u015ftir.<\/p>\n\n\n\n<p>De\u011ferli okuyucular! \u00dclkemizde maalesef insan\u0131m\u0131za ya\u015farken, gereken \u00f6nemi ve de\u011feri verememekteyiz. \u00d6yle ki bir\u00e7ok insan\u0131m\u0131za yabanc\u0131 \u00fclkeler kucak a\u00e7ar olmu\u015f. T\u00fcrkiye son altm\u0131\u015f-yetmi\u015f y\u0131l\u0131n\u0131 \u201cinsan \u00f6\u011f\u00fctmekle\u201d, onlar\u0131 ka\u00e7\u0131rtmakla ge\u00e7irmi\u015ftir.<\/p>\n\n\n\n<p>Abidevi eserler, k\u00fclt\u00fcrel-sanatsal miraslar\u0131 oldu\u011fu gibi, abidevi ki\u015filikler de pek\u00e2l\u00e2 vard\u0131r. \u0130\u015fte \u0130zzettin \u00c7elik Hocam\u0131z bunlardan biridir.<\/p>\n\n\n\n<p>Hocama \u00e7ok \u00f6m\u00fcr, enerji, sa\u011fl\u0131k ve daha \u00e7ok \u00fcretim diliyorum.<\/p>\n\n\n\n<p>\u0130yi ki vars\u0131n\u0131z!<\/p>\n","protected":false},"excerpt":{"rendered":"<p>Bu yaz\u0131 ilk olarak 07.09.2016 tarihinde inovatifhaber.com\u2019da yay\u0131nlanm\u0131\u015ft\u0131r. Nereden ba\u015flasam, nas\u0131l anlatsam bilemiyorum. Ama bir \u015fekilde, bir yerlerden ba\u015flamam, bu renkli ki\u015fili\u011fi size anlatmam gerekir. 1942, Diyarbak\u0131r do\u011fumlu emekli rehber \u00f6\u011fretmen \u0130zzettin \u00c7elik\u2019i anlamak ve anlatabilmek i\u00e7in onunla tan\u0131\u015fmak, bir tak\u0131m etkinliklerde yer almak daha do\u011fru olur san\u0131r\u0131m. S\u00fcrekli devinim halinde nas\u0131l olunur? Yenilikler, iyilikler [&hellip;]<\/p>\n","protected":false},"author":14001,"featured_media":161038,"comment_status":"open","ping_status":"open","sticky":false,"template":"","format":"standard","meta":{"_yoast_wpseo_focuskw":"\u0130zzettin \u00c7elik","_yoast_wpseo_title":"","_yoast_wpseo_metadesc":"\u0130zzettin \u00c7elik\u2019i anlamak ve anlatabilmek i\u00e7in onunla tan\u0131\u015fmak, bir tak\u0131m etkinliklerde yer almak daha do\u011fru olur san\u0131r\u0131m.","_bbp_topic_count":0,"_bbp_reply_count":0,"_bbp_total_topic_count":0,"_bbp_total_reply_count":0,"_bbp_voice_count":0,"_bbp_anonymous_reply_count":0,"_bbp_topic_count_hidden":0,"_bbp_reply_count_hidden":0,"_bbp_forum_subforum_count":0,"footnotes":"","_yoast_wpseo_focuskw_text_input":""},"categories":[9170],"tags":[],"yoast_head":"<!-- This site is optimized with the Yoast SEO plugin v23.0 - https:\/\/yoast.com\/wordpress\/plugins\/seo\/ -->\n<title>Bir \u0130zzettin \u00c7elik Portresi - The Epoch Times TR<\/title>\n<meta name=\"description\" content=\"\u0130zzettin \u00c7elik\u2019i anlamak ve anlatabilmek i\u00e7in onunla tan\u0131\u015fmak, bir tak\u0131m etkinliklerde yer almak daha do\u011fru olur san\u0131r\u0131m.\" \/>\n<meta name=\"robots\" content=\"index, follow, max-snippet:-1, max-image-preview:large, max-video-preview:-1\" \/>\n<link rel=\"canonical\" href=\"https:\/\/epochtimestr.com\/index.php\/bir-izzettin-celik-portresi2\" \/>\n<meta property=\"og:locale\" content=\"tr_TR\" \/>\n<meta property=\"og:type\" content=\"article\" \/>\n<meta property=\"og:title\" content=\"Bir \u0130zzettin \u00c7elik Portresi - The Epoch Times TR\" \/>\n<meta property=\"og:description\" content=\"\u0130zzettin \u00c7elik\u2019i anlamak ve anlatabilmek i\u00e7in onunla tan\u0131\u015fmak, bir tak\u0131m etkinliklerde yer almak daha do\u011fru olur san\u0131r\u0131m.\" \/>\n<meta property=\"og:url\" content=\"https:\/\/epochtimestr.com\/index.php\/bir-izzettin-celik-portresi2\" \/>\n<meta property=\"og:site_name\" content=\"The Epoch Times TR\" \/>\n<meta property=\"article:publisher\" content=\"https:\/\/www.facebook.com\/theepochtimestr\" \/>\n<meta property=\"article:published_time\" content=\"2026-03-07T05:35:15+00:00\" \/>\n<meta property=\"article:modified_time\" content=\"2026-03-07T06:15:25+00:00\" \/>\n<meta property=\"og:image\" content=\"https:\/\/epochtimestr.com\/wp-content\/uploads\/2011y\/signal-2026-03-07-090743.jpeg\" \/>\n\t<meta property=\"og:image:width\" content=\"1200\" \/>\n\t<meta property=\"og:image:height\" content=\"630\" \/>\n\t<meta property=\"og:image:type\" content=\"image\/jpeg\" \/>\n<meta name=\"author\" content=\"Bekir Zorba\" \/>\n<meta name=\"twitter:card\" content=\"summary_large_image\" \/>\n<meta name=\"twitter:creator\" content=\"@TheEpochTimesTR\" \/>\n<meta name=\"twitter:site\" content=\"@TheEpochTimesTR\" \/>\n<meta name=\"twitter:label1\" content=\"Yazan:\" \/>\n\t<meta name=\"twitter:data1\" content=\"Bekir Zorba\" \/>\n\t<meta name=\"twitter:label2\" content=\"Tahmini okuma s\u00fcresi\" \/>\n\t<meta name=\"twitter:data2\" content=\"4 dakika\" \/>\n<script type=\"application\/ld+json\" class=\"yoast-schema-graph\">{\"@context\":\"https:\/\/schema.org\",\"@graph\":[{\"@type\":\"Article\",\"@id\":\"https:\/\/epochtimestr.com\/index.php\/bir-izzettin-celik-portresi2#article\",\"isPartOf\":{\"@id\":\"https:\/\/epochtimestr.com\/index.php\/bir-izzettin-celik-portresi2\"},\"author\":{\"name\":\"Bekir Zorba\",\"@id\":\"https:\/\/epochtimestr.com\/#\/schema\/person\/da1ad104599611965442ed3e7e9acb2b\"},\"headline\":\"Bir \u0130zzettin \u00c7elik Portresi\",\"datePublished\":\"2026-03-07T05:35:15+00:00\",\"dateModified\":\"2026-03-07T06:15:25+00:00\",\"mainEntityOfPage\":{\"@id\":\"https:\/\/epochtimestr.com\/index.php\/bir-izzettin-celik-portresi2\"},\"wordCount\":768,\"commentCount\":0,\"publisher\":{\"@id\":\"https:\/\/epochtimestr.com\/#organization\"},\"image\":{\"@id\":\"https:\/\/epochtimestr.com\/index.php\/bir-izzettin-celik-portresi2#primaryimage\"},\"thumbnailUrl\":\"https:\/\/epochtimestr.com\/wp-content\/uploads\/2011y\/Bekir-Zorba.png\",\"articleSection\":[\"K\u00f6\u015fe Yaz\u0131lar\u0131 Bekir Zorba\"],\"inLanguage\":\"tr\",\"potentialAction\":[{\"@type\":\"CommentAction\",\"name\":\"Comment\",\"target\":[\"https:\/\/epochtimestr.com\/index.php\/bir-izzettin-celik-portresi2#respond\"]}]},{\"@type\":\"WebPage\",\"@id\":\"https:\/\/epochtimestr.com\/index.php\/bir-izzettin-celik-portresi2\",\"url\":\"https:\/\/epochtimestr.com\/index.php\/bir-izzettin-celik-portresi2\",\"name\":\"Bir \u0130zzettin \u00c7elik Portresi - The Epoch Times TR\",\"isPartOf\":{\"@id\":\"https:\/\/epochtimestr.com\/#website\"},\"primaryImageOfPage\":{\"@id\":\"https:\/\/epochtimestr.com\/index.php\/bir-izzettin-celik-portresi2#primaryimage\"},\"image\":{\"@id\":\"https:\/\/epochtimestr.com\/index.php\/bir-izzettin-celik-portresi2#primaryimage\"},\"thumbnailUrl\":\"https:\/\/epochtimestr.com\/wp-content\/uploads\/2011y\/Bekir-Zorba.png\",\"datePublished\":\"2026-03-07T05:35:15+00:00\",\"dateModified\":\"2026-03-07T06:15:25+00:00\",\"description\":\"\u0130zzettin \u00c7elik\u2019i anlamak ve anlatabilmek i\u00e7in onunla tan\u0131\u015fmak, bir tak\u0131m etkinliklerde yer almak daha do\u011fru olur san\u0131r\u0131m.\",\"inLanguage\":\"tr\",\"potentialAction\":[{\"@type\":\"ReadAction\",\"target\":[\"https:\/\/epochtimestr.com\/index.php\/bir-izzettin-celik-portresi2\"]}]},{\"@type\":\"ImageObject\",\"inLanguage\":\"tr\",\"@id\":\"https:\/\/epochtimestr.com\/index.php\/bir-izzettin-celik-portresi2#primaryimage\",\"url\":\"https:\/\/epochtimestr.com\/wp-content\/uploads\/2011y\/Bekir-Zorba.png\",\"contentUrl\":\"https:\/\/epochtimestr.com\/wp-content\/uploads\/2011y\/Bekir-Zorba.png\",\"width\":600,\"height\":600},{\"@type\":\"WebSite\",\"@id\":\"https:\/\/epochtimestr.com\/#website\",\"url\":\"https:\/\/epochtimestr.com\/\",\"name\":\"The Epoch Times TR\",\"description\":\"De\u011fi\u015fen D\u00fcnyam\u0131za Taze Bir Bak\u0131\u015f\",\"publisher\":{\"@id\":\"https:\/\/epochtimestr.com\/#organization\"},\"potentialAction\":[{\"@type\":\"SearchAction\",\"target\":{\"@type\":\"EntryPoint\",\"urlTemplate\":\"https:\/\/epochtimestr.com\/?s={search_term_string}\"},\"query-input\":\"required name=search_term_string\"}],\"inLanguage\":\"tr\"},{\"@type\":\"Organization\",\"@id\":\"https:\/\/epochtimestr.com\/#organization\",\"name\":\"The EpochTimes T\u00fcrkiye\",\"url\":\"https:\/\/epochtimestr.com\/\",\"logo\":{\"@type\":\"ImageObject\",\"inLanguage\":\"tr\",\"@id\":\"https:\/\/epochtimestr.com\/#\/schema\/logo\/image\/\",\"url\":\"https:\/\/epochtimestr.com\/wp-content\/uploads\/2011y\/ET-Logo-YG.jpg\",\"contentUrl\":\"https:\/\/epochtimestr.com\/wp-content\/uploads\/2011y\/ET-Logo-YG.jpg\",\"width\":346,\"height\":29,\"caption\":\"The EpochTimes T\u00fcrkiye\"},\"image\":{\"@id\":\"https:\/\/epochtimestr.com\/#\/schema\/logo\/image\/\"},\"sameAs\":[\"https:\/\/www.facebook.com\/theepochtimestr\",\"https:\/\/x.com\/TheEpochTimesTR\",\"https:\/\/www.instagram.com\/epochtimestr\"]},{\"@type\":\"Person\",\"@id\":\"https:\/\/epochtimestr.com\/#\/schema\/person\/da1ad104599611965442ed3e7e9acb2b\",\"name\":\"Bekir Zorba\",\"image\":{\"@type\":\"ImageObject\",\"inLanguage\":\"tr\",\"@id\":\"https:\/\/epochtimestr.com\/#\/schema\/person\/image\/\",\"url\":\"https:\/\/secure.gravatar.com\/avatar\/eafd40d9b77b1fbf7c565a3d4916b79c?s=96&d=mm&r=g\",\"contentUrl\":\"https:\/\/secure.gravatar.com\/avatar\/eafd40d9b77b1fbf7c565a3d4916b79c?s=96&d=mm&r=g\",\"caption\":\"Bekir Zorba\"},\"url\":\"https:\/\/epochtimestr.com\/index.php\/author\/bekir\"}]}<\/script>\n<!-- \/ Yoast SEO plugin. -->","yoast_head_json":{"title":"Bir \u0130zzettin \u00c7elik Portresi - The Epoch Times TR","description":"\u0130zzettin \u00c7elik\u2019i anlamak ve anlatabilmek i\u00e7in onunla tan\u0131\u015fmak, bir tak\u0131m etkinliklerde yer almak daha do\u011fru olur san\u0131r\u0131m.","robots":{"index":"index","follow":"follow","max-snippet":"max-snippet:-1","max-image-preview":"max-image-preview:large","max-video-preview":"max-video-preview:-1"},"canonical":"https:\/\/epochtimestr.com\/index.php\/bir-izzettin-celik-portresi2","og_locale":"tr_TR","og_type":"article","og_title":"Bir \u0130zzettin \u00c7elik Portresi - The Epoch Times TR","og_description":"\u0130zzettin \u00c7elik\u2019i anlamak ve anlatabilmek i\u00e7in onunla tan\u0131\u015fmak, bir tak\u0131m etkinliklerde yer almak daha do\u011fru olur san\u0131r\u0131m.","og_url":"https:\/\/epochtimestr.com\/index.php\/bir-izzettin-celik-portresi2","og_site_name":"The Epoch Times TR","article_publisher":"https:\/\/www.facebook.com\/theepochtimestr","article_published_time":"2026-03-07T05:35:15+00:00","article_modified_time":"2026-03-07T06:15:25+00:00","og_image":[{"width":1200,"height":630,"url":"https:\/\/epochtimestr.com\/wp-content\/uploads\/2011y\/signal-2026-03-07-090743.jpeg","type":"image\/jpeg"}],"author":"Bekir Zorba","twitter_card":"summary_large_image","twitter_creator":"@TheEpochTimesTR","twitter_site":"@TheEpochTimesTR","twitter_misc":{"Yazan:":"Bekir Zorba","Tahmini okuma s\u00fcresi":"4 dakika"},"schema":{"@context":"https:\/\/schema.org","@graph":[{"@type":"Article","@id":"https:\/\/epochtimestr.com\/index.php\/bir-izzettin-celik-portresi2#article","isPartOf":{"@id":"https:\/\/epochtimestr.com\/index.php\/bir-izzettin-celik-portresi2"},"author":{"name":"Bekir Zorba","@id":"https:\/\/epochtimestr.com\/#\/schema\/person\/da1ad104599611965442ed3e7e9acb2b"},"headline":"Bir \u0130zzettin \u00c7elik Portresi","datePublished":"2026-03-07T05:35:15+00:00","dateModified":"2026-03-07T06:15:25+00:00","mainEntityOfPage":{"@id":"https:\/\/epochtimestr.com\/index.php\/bir-izzettin-celik-portresi2"},"wordCount":768,"commentCount":0,"publisher":{"@id":"https:\/\/epochtimestr.com\/#organization"},"image":{"@id":"https:\/\/epochtimestr.com\/index.php\/bir-izzettin-celik-portresi2#primaryimage"},"thumbnailUrl":"https:\/\/epochtimestr.com\/wp-content\/uploads\/2011y\/Bekir-Zorba.png","articleSection":["K\u00f6\u015fe Yaz\u0131lar\u0131 Bekir Zorba"],"inLanguage":"tr","potentialAction":[{"@type":"CommentAction","name":"Comment","target":["https:\/\/epochtimestr.com\/index.php\/bir-izzettin-celik-portresi2#respond"]}]},{"@type":"WebPage","@id":"https:\/\/epochtimestr.com\/index.php\/bir-izzettin-celik-portresi2","url":"https:\/\/epochtimestr.com\/index.php\/bir-izzettin-celik-portresi2","name":"Bir \u0130zzettin \u00c7elik Portresi - The Epoch Times TR","isPartOf":{"@id":"https:\/\/epochtimestr.com\/#website"},"primaryImageOfPage":{"@id":"https:\/\/epochtimestr.com\/index.php\/bir-izzettin-celik-portresi2#primaryimage"},"image":{"@id":"https:\/\/epochtimestr.com\/index.php\/bir-izzettin-celik-portresi2#primaryimage"},"thumbnailUrl":"https:\/\/epochtimestr.com\/wp-content\/uploads\/2011y\/Bekir-Zorba.png","datePublished":"2026-03-07T05:35:15+00:00","dateModified":"2026-03-07T06:15:25+00:00","description":"\u0130zzettin \u00c7elik\u2019i anlamak ve anlatabilmek i\u00e7in onunla tan\u0131\u015fmak, bir tak\u0131m etkinliklerde yer almak daha do\u011fru olur san\u0131r\u0131m.","inLanguage":"tr","potentialAction":[{"@type":"ReadAction","target":["https:\/\/epochtimestr.com\/index.php\/bir-izzettin-celik-portresi2"]}]},{"@type":"ImageObject","inLanguage":"tr","@id":"https:\/\/epochtimestr.com\/index.php\/bir-izzettin-celik-portresi2#primaryimage","url":"https:\/\/epochtimestr.com\/wp-content\/uploads\/2011y\/Bekir-Zorba.png","contentUrl":"https:\/\/epochtimestr.com\/wp-content\/uploads\/2011y\/Bekir-Zorba.png","width":600,"height":600},{"@type":"WebSite","@id":"https:\/\/epochtimestr.com\/#website","url":"https:\/\/epochtimestr.com\/","name":"The Epoch Times TR","description":"De\u011fi\u015fen D\u00fcnyam\u0131za Taze Bir Bak\u0131\u015f","publisher":{"@id":"https:\/\/epochtimestr.com\/#organization"},"potentialAction":[{"@type":"SearchAction","target":{"@type":"EntryPoint","urlTemplate":"https:\/\/epochtimestr.com\/?s={search_term_string}"},"query-input":"required name=search_term_string"}],"inLanguage":"tr"},{"@type":"Organization","@id":"https:\/\/epochtimestr.com\/#organization","name":"The EpochTimes T\u00fcrkiye","url":"https:\/\/epochtimestr.com\/","logo":{"@type":"ImageObject","inLanguage":"tr","@id":"https:\/\/epochtimestr.com\/#\/schema\/logo\/image\/","url":"https:\/\/epochtimestr.com\/wp-content\/uploads\/2011y\/ET-Logo-YG.jpg","contentUrl":"https:\/\/epochtimestr.com\/wp-content\/uploads\/2011y\/ET-Logo-YG.jpg","width":346,"height":29,"caption":"The EpochTimes T\u00fcrkiye"},"image":{"@id":"https:\/\/epochtimestr.com\/#\/schema\/logo\/image\/"},"sameAs":["https:\/\/www.facebook.com\/theepochtimestr","https:\/\/x.com\/TheEpochTimesTR","https:\/\/www.instagram.com\/epochtimestr"]},{"@type":"Person","@id":"https:\/\/epochtimestr.com\/#\/schema\/person\/da1ad104599611965442ed3e7e9acb2b","name":"Bekir Zorba","image":{"@type":"ImageObject","inLanguage":"tr","@id":"https:\/\/epochtimestr.com\/#\/schema\/person\/image\/","url":"https:\/\/secure.gravatar.com\/avatar\/eafd40d9b77b1fbf7c565a3d4916b79c?s=96&d=mm&r=g","contentUrl":"https:\/\/secure.gravatar.com\/avatar\/eafd40d9b77b1fbf7c565a3d4916b79c?s=96&d=mm&r=g","caption":"Bekir Zorba"},"url":"https:\/\/epochtimestr.com\/index.php\/author\/bekir"}]}},"_links":{"self":[{"href":"https:\/\/epochtimestr.com\/index.php\/wp-json\/wp\/v2\/posts\/166118"}],"collection":[{"href":"https:\/\/epochtimestr.com\/index.php\/wp-json\/wp\/v2\/posts"}],"about":[{"href":"https:\/\/epochtimestr.com\/index.php\/wp-json\/wp\/v2\/types\/post"}],"author":[{"embeddable":true,"href":"https:\/\/epochtimestr.com\/index.php\/wp-json\/wp\/v2\/users\/14001"}],"replies":[{"embeddable":true,"href":"https:\/\/epochtimestr.com\/index.php\/wp-json\/wp\/v2\/comments?post=166118"}],"version-history":[{"count":1,"href":"https:\/\/epochtimestr.com\/index.php\/wp-json\/wp\/v2\/posts\/166118\/revisions"}],"predecessor-version":[{"id":166119,"href":"https:\/\/epochtimestr.com\/index.php\/wp-json\/wp\/v2\/posts\/166118\/revisions\/166119"}],"wp:featuredmedia":[{"embeddable":true,"href":"https:\/\/epochtimestr.com\/index.php\/wp-json\/wp\/v2\/media\/161038"}],"wp:attachment":[{"href":"https:\/\/epochtimestr.com\/index.php\/wp-json\/wp\/v2\/media?parent=166118"}],"wp:term":[{"taxonomy":"category","embeddable":true,"href":"https:\/\/epochtimestr.com\/index.php\/wp-json\/wp\/v2\/categories?post=166118"},{"taxonomy":"post_tag","embeddable":true,"href":"https:\/\/epochtimestr.com\/index.php\/wp-json\/wp\/v2\/tags?post=166118"}],"curies":[{"name":"wp","href":"https:\/\/api.w.org\/{rel}","templated":true}]}}