{"id":166123,"date":"2026-03-07T11:36:06","date_gmt":"2026-03-07T08:36:06","guid":{"rendered":"https:\/\/epochtimestr.com\/?p=166123"},"modified":"2026-03-07T11:36:20","modified_gmt":"2026-03-07T08:36:20","slug":"abd-bombardiman-ucaklari-iranda-yaklasik-200-hedefi-vurdu","status":"publish","type":"post","link":"https:\/\/epochtimestr.com\/index.php\/abd-bombardiman-ucaklari-iranda-yaklasik-200-hedefi-vurdu","title":{"rendered":"ABD Bombard\u0131man U\u00e7aklar\u0131 \u0130ran&#8217;da Yakla\u015f\u0131k 200 Hedefi Vurdu"},"content":{"rendered":"<div class=\"wp-block-image\">\n<figure class=\"aligncenter size-full is-resized\"><img loading=\"lazy\" decoding=\"async\" width=\"1080\" height=\"720\" src=\"https:\/\/epochtimestr.com\/wp-content\/uploads\/2011y\/1000034363.webp\" alt=\"ABD bombard\u0131man u\u00e7aklar\u0131 \u0130ran i\u00e7lerinde yakla\u015f\u0131k 200 hedefi vurdu. 28 \u015eubat 2026'da Tahran'da meydana gelen patlaman\u0131n ard\u0131ndan duman bulutu y\u00fckseliyor. (Foto\u011fraf: The Epoch Times arac\u0131l\u0131\u011f\u0131yla, Atta Kenare, AFP - Getty Images)\" class=\"wp-image-166124\" style=\"width:840px;height:auto\" srcset=\"https:\/\/epochtimestr.com\/wp-content\/uploads\/2011y\/1000034363.webp 1080w, https:\/\/epochtimestr.com\/wp-content\/uploads\/2011y\/1000034363-300x200.webp 300w, https:\/\/epochtimestr.com\/wp-content\/uploads\/2011y\/1000034363-150x100.webp 150w, https:\/\/epochtimestr.com\/wp-content\/uploads\/2011y\/1000034363-768x512.webp 768w\" sizes=\"(max-width: 1080px) 100vw, 1080px\" \/><figcaption class=\"wp-element-caption\">ABD bombard\u0131man u\u00e7aklar\u0131 \u0130ran i\u00e7lerinde yakla\u015f\u0131k 200 hedefi vurdu. 28 \u015eubat 2026&#8217;da Tahran&#8217;da meydana gelen patlaman\u0131n ard\u0131ndan duman bulutu y\u00fckseliyor. (Foto\u011fraf: The Epoch Times arac\u0131l\u0131\u011f\u0131yla, Atta Kenare, AFP &#8211; Getty Images)<\/figcaption><\/figure><\/div>\n\n\n<p>Amerika Birle\u015fik Devletleri\u2019nin \u0130ran\u2019a y\u00f6nelik askeri operasyonlar\u0131 h\u0131z kesmeden devam ediyor. ABD Merkez Kuvvetler Komutanl\u0131\u011f\u0131 <a href=\"https:\/\/www.theepochtimes.com\/world\/american-bombers-struck-close-to-200-targets-deep-inside-iran-centcom-5995490\" target=\"_blank\" rel=\"noreferrer noopener\">CENTCOM<\/a> son 72 saat i\u00e7inde \u0130ran topraklar\u0131nda yakla\u015f\u0131k 200 hedefin vuruldu\u011funu a\u00e7\u0131klad\u0131. Yap\u0131lan a\u00e7\u0131klamaya g\u00f6re sald\u0131r\u0131lar \u00f6zellikle ba\u015fkent Tahran \u00e7evresinde yo\u011funla\u015ft\u0131.<\/p>\n\n\n\n<p>CENTCOM Komutan\u0131 Amiral Brad Cooper, bas\u0131n toplant\u0131s\u0131 d\u00fczenledi. ABD hayalet bombard\u0131man u\u00e7aklar\u0131n\u0131n \u0130ran\u2019da yer alt\u0131na konu\u015fland\u0131r\u0131lm\u0131\u015f balistik f\u00fcze rampalar\u0131n\u0131 hedef ald\u0131\u011f\u0131n\u0131 belirtti. Cooper, B-2  bombard\u0131man u\u00e7aklar\u0131n\u0131n 900 kg a\u011f\u0131rl\u0131\u011f\u0131nda s\u0131\u011f\u0131nak delici bombalar kulland\u0131\u011f\u0131n\u0131 ifade etti. <\/p>\n\n\n\n<p>Yetkililer, \u0130ran\u2019\u0131n balistik f\u00fcze sistemlerinin en \u00f6nemli askeri unsurlar aras\u0131nda yer ald\u0131\u011f\u0131n\u0131 vurgulad\u0131. \u0130ran bu sistemleri b\u00f6lgedeki ABD ve \u0130srail g\u00fc\u00e7lerine kar\u015f\u0131 kullan\u0131yor. Ayr\u0131ca di\u011fer Orta Do\u011fu \u00fclkelerini hedef alan sald\u0131r\u0131larda da bu sistemler \u00f6nemli rol oynad\u0131.<\/p>\n\n\n\n<p>A\u00e7\u0131klamalara g\u00f6re ABD ayr\u0131ca \u0130ran\u2019\u0131n askeri komuta ve kontrol merkezlerinden baz\u0131lar\u0131na da sald\u0131r\u0131 d\u00fczenledi. Bu kapsamda hedef al\u0131nan yerler aras\u0131nda \u0130ran\u2019\u0131n uzay komutanl\u0131\u011f\u0131na benzer bir yap\u0131s\u0131 da yer al\u0131yor. ABD&#8217;li yetkililerin a\u00e7\u0131klamalar\u0131na g\u00f6re bu sald\u0131rlar \u0130ran\u2019\u0131n askeri koordinasyon kabiliyetini zay\u0131flatt\u0131.<\/p>\n\n\n\n<p>Amiral Cooper, operasyonlar\u0131n ba\u015flamas\u0131ndan bu yana \u0130ran\u2019\u0131n sald\u0131r\u0131 kapasitesinde ciddi bir d\u00fc\u015f\u00fc\u015f ya\u015fand\u0131\u011f\u0131n\u0131 s\u00f6yledi. Verilen bilgilere g\u00f6re \u0130ran\u2019\u0131n balistik f\u00fcze sald\u0131r\u0131lar\u0131 sava\u015f\u0131n ilk g\u00fcn\u00fcne k\u0131yasla y\u00fczde 90 oran\u0131nda azald\u0131. Ayr\u0131ca insans\u0131z hava arac\u0131 sald\u0131r\u0131lar\u0131nda da yakla\u015f\u0131k y\u00fczde 83\u2019l\u00fck bir d\u00fc\u015f\u00fc\u015f ger\u00e7ekle\u015fti. B\u00f6ylece ABD ve \u0130srail g\u00fc\u00e7leri, \u0130ran\u2019\u0131n hava savunma sistemlerini b\u00fcy\u00fck \u00f6l\u00e7\u00fcde etkisiz hale getirdi.<\/p>\n\n\n\n<h3 class=\"wp-block-heading\">ABD, \u0130ran Ordusuna Deniz ve Karada B\u00fcy\u00fck Kay\u0131plar Verdirdi<\/h3>\n\n\n\n<p>\u0130ran deniz g\u00fcc\u00fc a\u00e7\u0131s\u0131ndan da \u00f6nemli kay\u0131plar verdi. A\u00e7\u0131klamaya g\u00f6re \u0130ran\u2019a ait 30\u2019dan fazla sava\u015f gemisi bat\u0131r\u0131ld\u0131. Bir \u0130ran insans\u0131z hava arac\u0131 ta\u015f\u0131y\u0131c\u0131 gemisi, son sald\u0131r\u0131lardan birine hedef oldu. Yetkililer, geminin II. D\u00fcnya Sava\u015f\u0131 d\u00f6nemindeki u\u00e7ak gemileri b\u00fcy\u00fckl\u00fc\u011f\u00fcnde oldu\u011funu belirtti.  <\/p>\n\n\n\n<p>ABD Savunma Bakanl\u0131\u011f\u0131 28 \u015eubat\u2019ta ba\u015flat\u0131lan askeri operasyonun ilk yedi g\u00fcn\u00fcne ili\u015fkin genel bir de\u011ferlendirme payla\u015ft\u0131. Verilen bilgilere g\u00f6re bu s\u00fcre\u00e7te ABD ve m\u00fcttefikleri \u0130ran genelinde 3 binden fazla hedefi vurdu. Operasyon kapsam\u0131nda balistik f\u00fcze \u00fcsleri, hava savunma sistemleri, askeri ileti\u015fim merkezleri, deniz \u00fcsleri, denizalt\u0131lar ve \u0130ran Devrim Muhaf\u0131zlar\u0131\u2019na ait komuta merkezleri hedef al\u0131nd\u0131.<\/p>\n\n\n\n<p>ABD Savunma Bakan\u0131 Pete Hegseth, operasyonlar\u0131n uzun s\u00fcre devam edebilece\u011fini belirtti. Ayr\u0131ca \u0130ran\u2019\u0131n ABD\u2019nin m\u00fchimmat kapasitesini yanl\u0131\u015f de\u011ferlendirdi\u011fini s\u00f6yledi. Hegseth, ABD\u2019nin hem savunma hem de sald\u0131r\u0131 m\u00fchimmat stoklar\u0131n\u0131n operasyonu s\u00fcrd\u00fcrebilecek d\u00fczeyde oldu\u011funu belirtti. Ayr\u0131ca ABD\u2019nin b\u00f6lgeye daha fazla askeri g\u00fc\u00e7 sevk etmeye devam etti\u011fini de s\u00f6zlerine ekledi.<\/p>\n\n\n\n<p><a href=\"https:\/\/epochtimestr.com\/index.php\/abd-temsilciler-meclisi-irana-savas-yetkisi-tasarisini-reddetti\" target=\"_blank\" rel=\"noreferrer noopener\">ABD<\/a> ordusunun b\u00f6lgede \u00e7ok say\u0131da ileri teknoloji askeri unsuru mevcut. Bunlar aras\u0131nda B-1 ve B-2 bombard\u0131man u\u00e7aklar\u0131, F-22 ve F-35 sava\u015f u\u00e7aklar\u0131, Patriot hava savunma sistemleri, n\u00fckleer g\u00fc\u00e7le \u00e7al\u0131\u015fan u\u00e7ak gemileri ve g\u00fcd\u00fcml\u00fc f\u00fcze destroyerleri yer al\u0131yor.<\/p>\n\n\n\n<p>CENTCOM ayr\u0131ca sosyal medyada dola\u015fan baz\u0131 iddialar\u0131 da yalanlad\u0131. \u0130ran taraf\u0131ndan ABD\u2019ye ait bir u\u00e7ak gemisinin bat\u0131r\u0131ld\u0131\u011f\u0131 y\u00f6n\u00fcndeki haberlerin ger\u00e7e\u011fi yans\u0131tmad\u0131\u011f\u0131 belirtti. Ayr\u0131ca Basra \u00fczerinde bir ABD sava\u015f u\u00e7a\u011f\u0131n\u0131n d\u00fc\u015f\u00fcr\u00fcld\u00fc\u011f\u00fc iddialar\u0131n\u0131n da as\u0131ls\u0131z oldu\u011fu ifade etti.<\/p>\n","protected":false},"excerpt":{"rendered":"<p>Amerika Birle\u015fik Devletleri\u2019nin \u0130ran\u2019a y\u00f6nelik askeri operasyonlar\u0131 h\u0131z kesmeden devam ediyor. ABD Merkez Kuvvetler Komutanl\u0131\u011f\u0131 CENTCOM son 72 saat i\u00e7inde \u0130ran topraklar\u0131nda yakla\u015f\u0131k 200 hedefin vuruldu\u011funu a\u00e7\u0131klad\u0131. Yap\u0131lan a\u00e7\u0131klamaya g\u00f6re sald\u0131r\u0131lar \u00f6zellikle ba\u015fkent Tahran \u00e7evresinde yo\u011funla\u015ft\u0131. CENTCOM Komutan\u0131 Amiral Brad Cooper, bas\u0131n toplant\u0131s\u0131 d\u00fczenledi. ABD hayalet bombard\u0131man u\u00e7aklar\u0131n\u0131n \u0130ran\u2019da yer alt\u0131na konu\u015fland\u0131r\u0131lm\u0131\u015f balistik f\u00fcze rampalar\u0131n\u0131 [&hellip;]<\/p>\n","protected":false},"author":13996,"featured_media":166124,"comment_status":"open","ping_status":"open","sticky":false,"template":"","format":"standard","meta":{"_yoast_wpseo_focuskw":"ABD - \u0130ran","_yoast_wpseo_title":"","_yoast_wpseo_metadesc":"ABD bombard\u0131man u\u00e7aklar\u0131 \u0130ran i\u00e7lerinde yakla\u015f\u0131k 200 hedefi vurdu. Son 72 saatte f\u00fcze \u00fcsleri ve askeri tesisler hedef al\u0131nd\u0131.","_bbp_topic_count":0,"_bbp_reply_count":0,"_bbp_total_topic_count":0,"_bbp_total_reply_count":0,"_bbp_voice_count":0,"_bbp_anonymous_reply_count":0,"_bbp_topic_count_hidden":0,"_bbp_reply_count_hidden":0,"_bbp_forum_subforum_count":0,"footnotes":"","_yoast_wpseo_focuskw_text_input":""},"categories":[5,1,8138],"tags":[10503,10068,10969,276,10968,10945,9876,10970,1405],"yoast_head":"<!-- This site is optimized with the Yoast SEO plugin v23.0 - https:\/\/yoast.com\/wordpress\/plugins\/seo\/ -->\n<title>ABD Bombard\u0131man U\u00e7aklar\u0131 \u0130ran&#039;da Yakla\u015f\u0131k 200 Hedefi Vurdu - The Epoch Times TR<\/title>\n<meta name=\"description\" content=\"ABD bombard\u0131man u\u00e7aklar\u0131 \u0130ran i\u00e7lerinde yakla\u015f\u0131k 200 hedefi vurdu. Son 72 saatte f\u00fcze \u00fcsleri ve askeri tesisler hedef al\u0131nd\u0131.\" \/>\n<meta name=\"robots\" content=\"index, follow, max-snippet:-1, max-image-preview:large, max-video-preview:-1\" \/>\n<link rel=\"canonical\" href=\"https:\/\/epochtimestr.com\/index.php\/abd-bombardiman-ucaklari-iranda-yaklasik-200-hedefi-vurdu\" \/>\n<meta property=\"og:locale\" content=\"tr_TR\" \/>\n<meta property=\"og:type\" content=\"article\" \/>\n<meta property=\"og:title\" content=\"ABD Bombard\u0131man U\u00e7aklar\u0131 \u0130ran&#039;da Yakla\u015f\u0131k 200 Hedefi Vurdu - The Epoch Times TR\" \/>\n<meta property=\"og:description\" content=\"ABD bombard\u0131man u\u00e7aklar\u0131 \u0130ran i\u00e7lerinde yakla\u015f\u0131k 200 hedefi vurdu. Son 72 saatte f\u00fcze \u00fcsleri ve askeri tesisler hedef al\u0131nd\u0131.\" \/>\n<meta property=\"og:url\" content=\"https:\/\/epochtimestr.com\/index.php\/abd-bombardiman-ucaklari-iranda-yaklasik-200-hedefi-vurdu\" \/>\n<meta property=\"og:site_name\" content=\"The Epoch Times TR\" \/>\n<meta property=\"article:publisher\" content=\"https:\/\/www.facebook.com\/theepochtimestr\" \/>\n<meta property=\"article:published_time\" content=\"2026-03-07T08:36:06+00:00\" \/>\n<meta property=\"article:modified_time\" content=\"2026-03-07T08:36:20+00:00\" \/>\n<meta property=\"og:image\" content=\"https:\/\/epochtimestr.com\/wp-content\/uploads\/2011y\/1000034363.webp\" \/>\n\t<meta property=\"og:image:width\" content=\"1080\" \/>\n\t<meta property=\"og:image:height\" content=\"720\" \/>\n\t<meta property=\"og:image:type\" content=\"image\/webp\" \/>\n<meta name=\"author\" content=\"Leo Bajelan\" \/>\n<meta name=\"twitter:card\" content=\"summary_large_image\" \/>\n<meta name=\"twitter:creator\" content=\"@TheEpochTimesTR\" \/>\n<meta name=\"twitter:site\" content=\"@TheEpochTimesTR\" \/>\n<meta name=\"twitter:label1\" content=\"Yazan:\" \/>\n\t<meta name=\"twitter:data1\" content=\"Leo Bajelan\" \/>\n\t<meta name=\"twitter:label2\" content=\"Tahmini okuma s\u00fcresi\" \/>\n\t<meta name=\"twitter:data2\" content=\"4 dakika\" \/>\n<script type=\"application\/ld+json\" class=\"yoast-schema-graph\">{\"@context\":\"https:\/\/schema.org\",\"@graph\":[{\"@type\":\"Article\",\"@id\":\"https:\/\/epochtimestr.com\/index.php\/abd-bombardiman-ucaklari-iranda-yaklasik-200-hedefi-vurdu#article\",\"isPartOf\":{\"@id\":\"https:\/\/epochtimestr.com\/index.php\/abd-bombardiman-ucaklari-iranda-yaklasik-200-hedefi-vurdu\"},\"author\":{\"name\":\"Leo Bajelan\",\"@id\":\"https:\/\/epochtimestr.com\/#\/schema\/person\/5fef218711d76d8f232b0e1f1d7e4c0d\"},\"headline\":\"ABD Bombard\u0131man U\u00e7aklar\u0131 \u0130ran&#8217;da Yakla\u015f\u0131k 200 Hedefi Vurdu\",\"datePublished\":\"2026-03-07T08:36:06+00:00\",\"dateModified\":\"2026-03-07T08:36:20+00:00\",\"mainEntityOfPage\":{\"@id\":\"https:\/\/epochtimestr.com\/index.php\/abd-bombardiman-ucaklari-iranda-yaklasik-200-hedefi-vurdu\"},\"wordCount\":681,\"commentCount\":0,\"publisher\":{\"@id\":\"https:\/\/epochtimestr.com\/#organization\"},\"image\":{\"@id\":\"https:\/\/epochtimestr.com\/index.php\/abd-bombardiman-ucaklari-iranda-yaklasik-200-hedefi-vurdu#primaryimage\"},\"thumbnailUrl\":\"https:\/\/epochtimestr.com\/wp-content\/uploads\/2011y\/1000034363.webp\",\"keywords\":[\"ABD \u0130ran sava\u015f\u0131\",\"ABD ve \u0130srail\",\"askeri komuta ve kontrol merkezleri\",\"askeri operasyon\",\"balistik f\u00fcze sistemleri\",\"Brad Cooper\",\"CENTCOM\",\"insans\u0131z hava arac\u0131 sald\u0131r\u0131lar\u0131\",\"Orta Do\u011fu\"],\"articleSection\":[\"D\u00dcNYA\",\"G\u00dcNDEM\",\"MAN\u015eET\"],\"inLanguage\":\"tr\",\"potentialAction\":[{\"@type\":\"CommentAction\",\"name\":\"Comment\",\"target\":[\"https:\/\/epochtimestr.com\/index.php\/abd-bombardiman-ucaklari-iranda-yaklasik-200-hedefi-vurdu#respond\"]}]},{\"@type\":\"WebPage\",\"@id\":\"https:\/\/epochtimestr.com\/index.php\/abd-bombardiman-ucaklari-iranda-yaklasik-200-hedefi-vurdu\",\"url\":\"https:\/\/epochtimestr.com\/index.php\/abd-bombardiman-ucaklari-iranda-yaklasik-200-hedefi-vurdu\",\"name\":\"ABD Bombard\u0131man U\u00e7aklar\u0131 \u0130ran'da Yakla\u015f\u0131k 200 Hedefi Vurdu - The Epoch Times TR\",\"isPartOf\":{\"@id\":\"https:\/\/epochtimestr.com\/#website\"},\"primaryImageOfPage\":{\"@id\":\"https:\/\/epochtimestr.com\/index.php\/abd-bombardiman-ucaklari-iranda-yaklasik-200-hedefi-vurdu#primaryimage\"},\"image\":{\"@id\":\"https:\/\/epochtimestr.com\/index.php\/abd-bombardiman-ucaklari-iranda-yaklasik-200-hedefi-vurdu#primaryimage\"},\"thumbnailUrl\":\"https:\/\/epochtimestr.com\/wp-content\/uploads\/2011y\/1000034363.webp\",\"datePublished\":\"2026-03-07T08:36:06+00:00\",\"dateModified\":\"2026-03-07T08:36:20+00:00\",\"description\":\"ABD bombard\u0131man u\u00e7aklar\u0131 \u0130ran i\u00e7lerinde yakla\u015f\u0131k 200 hedefi vurdu. Son 72 saatte f\u00fcze \u00fcsleri ve askeri tesisler hedef al\u0131nd\u0131.\",\"inLanguage\":\"tr\",\"potentialAction\":[{\"@type\":\"ReadAction\",\"target\":[\"https:\/\/epochtimestr.com\/index.php\/abd-bombardiman-ucaklari-iranda-yaklasik-200-hedefi-vurdu\"]}]},{\"@type\":\"ImageObject\",\"inLanguage\":\"tr\",\"@id\":\"https:\/\/epochtimestr.com\/index.php\/abd-bombardiman-ucaklari-iranda-yaklasik-200-hedefi-vurdu#primaryimage\",\"url\":\"https:\/\/epochtimestr.com\/wp-content\/uploads\/2011y\/1000034363.webp\",\"contentUrl\":\"https:\/\/epochtimestr.com\/wp-content\/uploads\/2011y\/1000034363.webp\",\"width\":1080,\"height\":720},{\"@type\":\"WebSite\",\"@id\":\"https:\/\/epochtimestr.com\/#website\",\"url\":\"https:\/\/epochtimestr.com\/\",\"name\":\"The Epoch Times TR\",\"description\":\"De\u011fi\u015fen D\u00fcnyam\u0131za Taze Bir Bak\u0131\u015f\",\"publisher\":{\"@id\":\"https:\/\/epochtimestr.com\/#organization\"},\"potentialAction\":[{\"@type\":\"SearchAction\",\"target\":{\"@type\":\"EntryPoint\",\"urlTemplate\":\"https:\/\/epochtimestr.com\/?s={search_term_string}\"},\"query-input\":\"required name=search_term_string\"}],\"inLanguage\":\"tr\"},{\"@type\":\"Organization\",\"@id\":\"https:\/\/epochtimestr.com\/#organization\",\"name\":\"The EpochTimes T\u00fcrkiye\",\"url\":\"https:\/\/epochtimestr.com\/\",\"logo\":{\"@type\":\"ImageObject\",\"inLanguage\":\"tr\",\"@id\":\"https:\/\/epochtimestr.com\/#\/schema\/logo\/image\/\",\"url\":\"https:\/\/epochtimestr.com\/wp-content\/uploads\/2011y\/ET-Logo-YG.jpg\",\"contentUrl\":\"https:\/\/epochtimestr.com\/wp-content\/uploads\/2011y\/ET-Logo-YG.jpg\",\"width\":346,\"height\":29,\"caption\":\"The EpochTimes T\u00fcrkiye\"},\"image\":{\"@id\":\"https:\/\/epochtimestr.com\/#\/schema\/logo\/image\/\"},\"sameAs\":[\"https:\/\/www.facebook.com\/theepochtimestr\",\"https:\/\/x.com\/TheEpochTimesTR\",\"https:\/\/www.instagram.com\/epochtimestr\"]},{\"@type\":\"Person\",\"@id\":\"https:\/\/epochtimestr.com\/#\/schema\/person\/5fef218711d76d8f232b0e1f1d7e4c0d\",\"name\":\"Leo Bajelan\",\"image\":{\"@type\":\"ImageObject\",\"inLanguage\":\"tr\",\"@id\":\"https:\/\/epochtimestr.com\/#\/schema\/person\/image\/\",\"url\":\"https:\/\/secure.gravatar.com\/avatar\/917669146f489549e548a2e9af272df5?s=96&d=mm&r=g\",\"contentUrl\":\"https:\/\/secure.gravatar.com\/avatar\/917669146f489549e548a2e9af272df5?s=96&d=mm&r=g\",\"caption\":\"Leo Bajelan\"},\"url\":\"https:\/\/epochtimestr.com\/index.php\/author\/leo\"}]}<\/script>\n<!-- \/ Yoast SEO plugin. -->","yoast_head_json":{"title":"ABD Bombard\u0131man U\u00e7aklar\u0131 \u0130ran'da Yakla\u015f\u0131k 200 Hedefi Vurdu - The Epoch Times TR","description":"ABD bombard\u0131man u\u00e7aklar\u0131 \u0130ran i\u00e7lerinde yakla\u015f\u0131k 200 hedefi vurdu. Son 72 saatte f\u00fcze \u00fcsleri ve askeri tesisler hedef al\u0131nd\u0131.","robots":{"index":"index","follow":"follow","max-snippet":"max-snippet:-1","max-image-preview":"max-image-preview:large","max-video-preview":"max-video-preview:-1"},"canonical":"https:\/\/epochtimestr.com\/index.php\/abd-bombardiman-ucaklari-iranda-yaklasik-200-hedefi-vurdu","og_locale":"tr_TR","og_type":"article","og_title":"ABD Bombard\u0131man U\u00e7aklar\u0131 \u0130ran'da Yakla\u015f\u0131k 200 Hedefi Vurdu - The Epoch Times TR","og_description":"ABD bombard\u0131man u\u00e7aklar\u0131 \u0130ran i\u00e7lerinde yakla\u015f\u0131k 200 hedefi vurdu. Son 72 saatte f\u00fcze \u00fcsleri ve askeri tesisler hedef al\u0131nd\u0131.","og_url":"https:\/\/epochtimestr.com\/index.php\/abd-bombardiman-ucaklari-iranda-yaklasik-200-hedefi-vurdu","og_site_name":"The Epoch Times TR","article_publisher":"https:\/\/www.facebook.com\/theepochtimestr","article_published_time":"2026-03-07T08:36:06+00:00","article_modified_time":"2026-03-07T08:36:20+00:00","og_image":[{"width":1080,"height":720,"url":"https:\/\/epochtimestr.com\/wp-content\/uploads\/2011y\/1000034363.webp","type":"image\/webp"}],"author":"Leo Bajelan","twitter_card":"summary_large_image","twitter_creator":"@TheEpochTimesTR","twitter_site":"@TheEpochTimesTR","twitter_misc":{"Yazan:":"Leo Bajelan","Tahmini okuma s\u00fcresi":"4 dakika"},"schema":{"@context":"https:\/\/schema.org","@graph":[{"@type":"Article","@id":"https:\/\/epochtimestr.com\/index.php\/abd-bombardiman-ucaklari-iranda-yaklasik-200-hedefi-vurdu#article","isPartOf":{"@id":"https:\/\/epochtimestr.com\/index.php\/abd-bombardiman-ucaklari-iranda-yaklasik-200-hedefi-vurdu"},"author":{"name":"Leo Bajelan","@id":"https:\/\/epochtimestr.com\/#\/schema\/person\/5fef218711d76d8f232b0e1f1d7e4c0d"},"headline":"ABD Bombard\u0131man U\u00e7aklar\u0131 \u0130ran&#8217;da Yakla\u015f\u0131k 200 Hedefi Vurdu","datePublished":"2026-03-07T08:36:06+00:00","dateModified":"2026-03-07T08:36:20+00:00","mainEntityOfPage":{"@id":"https:\/\/epochtimestr.com\/index.php\/abd-bombardiman-ucaklari-iranda-yaklasik-200-hedefi-vurdu"},"wordCount":681,"commentCount":0,"publisher":{"@id":"https:\/\/epochtimestr.com\/#organization"},"image":{"@id":"https:\/\/epochtimestr.com\/index.php\/abd-bombardiman-ucaklari-iranda-yaklasik-200-hedefi-vurdu#primaryimage"},"thumbnailUrl":"https:\/\/epochtimestr.com\/wp-content\/uploads\/2011y\/1000034363.webp","keywords":["ABD \u0130ran sava\u015f\u0131","ABD ve \u0130srail","askeri komuta ve kontrol merkezleri","askeri operasyon","balistik f\u00fcze sistemleri","Brad Cooper","CENTCOM","insans\u0131z hava arac\u0131 sald\u0131r\u0131lar\u0131","Orta Do\u011fu"],"articleSection":["D\u00dcNYA","G\u00dcNDEM","MAN\u015eET"],"inLanguage":"tr","potentialAction":[{"@type":"CommentAction","name":"Comment","target":["https:\/\/epochtimestr.com\/index.php\/abd-bombardiman-ucaklari-iranda-yaklasik-200-hedefi-vurdu#respond"]}]},{"@type":"WebPage","@id":"https:\/\/epochtimestr.com\/index.php\/abd-bombardiman-ucaklari-iranda-yaklasik-200-hedefi-vurdu","url":"https:\/\/epochtimestr.com\/index.php\/abd-bombardiman-ucaklari-iranda-yaklasik-200-hedefi-vurdu","name":"ABD Bombard\u0131man U\u00e7aklar\u0131 \u0130ran'da Yakla\u015f\u0131k 200 Hedefi Vurdu - The Epoch Times TR","isPartOf":{"@id":"https:\/\/epochtimestr.com\/#website"},"primaryImageOfPage":{"@id":"https:\/\/epochtimestr.com\/index.php\/abd-bombardiman-ucaklari-iranda-yaklasik-200-hedefi-vurdu#primaryimage"},"image":{"@id":"https:\/\/epochtimestr.com\/index.php\/abd-bombardiman-ucaklari-iranda-yaklasik-200-hedefi-vurdu#primaryimage"},"thumbnailUrl":"https:\/\/epochtimestr.com\/wp-content\/uploads\/2011y\/1000034363.webp","datePublished":"2026-03-07T08:36:06+00:00","dateModified":"2026-03-07T08:36:20+00:00","description":"ABD bombard\u0131man u\u00e7aklar\u0131 \u0130ran i\u00e7lerinde yakla\u015f\u0131k 200 hedefi vurdu. Son 72 saatte f\u00fcze \u00fcsleri ve askeri tesisler hedef al\u0131nd\u0131.","inLanguage":"tr","potentialAction":[{"@type":"ReadAction","target":["https:\/\/epochtimestr.com\/index.php\/abd-bombardiman-ucaklari-iranda-yaklasik-200-hedefi-vurdu"]}]},{"@type":"ImageObject","inLanguage":"tr","@id":"https:\/\/epochtimestr.com\/index.php\/abd-bombardiman-ucaklari-iranda-yaklasik-200-hedefi-vurdu#primaryimage","url":"https:\/\/epochtimestr.com\/wp-content\/uploads\/2011y\/1000034363.webp","contentUrl":"https:\/\/epochtimestr.com\/wp-content\/uploads\/2011y\/1000034363.webp","width":1080,"height":720},{"@type":"WebSite","@id":"https:\/\/epochtimestr.com\/#website","url":"https:\/\/epochtimestr.com\/","name":"The Epoch Times TR","description":"De\u011fi\u015fen D\u00fcnyam\u0131za Taze Bir Bak\u0131\u015f","publisher":{"@id":"https:\/\/epochtimestr.com\/#organization"},"potentialAction":[{"@type":"SearchAction","target":{"@type":"EntryPoint","urlTemplate":"https:\/\/epochtimestr.com\/?s={search_term_string}"},"query-input":"required name=search_term_string"}],"inLanguage":"tr"},{"@type":"Organization","@id":"https:\/\/epochtimestr.com\/#organization","name":"The EpochTimes T\u00fcrkiye","url":"https:\/\/epochtimestr.com\/","logo":{"@type":"ImageObject","inLanguage":"tr","@id":"https:\/\/epochtimestr.com\/#\/schema\/logo\/image\/","url":"https:\/\/epochtimestr.com\/wp-content\/uploads\/2011y\/ET-Logo-YG.jpg","contentUrl":"https:\/\/epochtimestr.com\/wp-content\/uploads\/2011y\/ET-Logo-YG.jpg","width":346,"height":29,"caption":"The EpochTimes T\u00fcrkiye"},"image":{"@id":"https:\/\/epochtimestr.com\/#\/schema\/logo\/image\/"},"sameAs":["https:\/\/www.facebook.com\/theepochtimestr","https:\/\/x.com\/TheEpochTimesTR","https:\/\/www.instagram.com\/epochtimestr"]},{"@type":"Person","@id":"https:\/\/epochtimestr.com\/#\/schema\/person\/5fef218711d76d8f232b0e1f1d7e4c0d","name":"Leo Bajelan","image":{"@type":"ImageObject","inLanguage":"tr","@id":"https:\/\/epochtimestr.com\/#\/schema\/person\/image\/","url":"https:\/\/secure.gravatar.com\/avatar\/917669146f489549e548a2e9af272df5?s=96&d=mm&r=g","contentUrl":"https:\/\/secure.gravatar.com\/avatar\/917669146f489549e548a2e9af272df5?s=96&d=mm&r=g","caption":"Leo Bajelan"},"url":"https:\/\/epochtimestr.com\/index.php\/author\/leo"}]}},"_links":{"self":[{"href":"https:\/\/epochtimestr.com\/index.php\/wp-json\/wp\/v2\/posts\/166123"}],"collection":[{"href":"https:\/\/epochtimestr.com\/index.php\/wp-json\/wp\/v2\/posts"}],"about":[{"href":"https:\/\/epochtimestr.com\/index.php\/wp-json\/wp\/v2\/types\/post"}],"author":[{"embeddable":true,"href":"https:\/\/epochtimestr.com\/index.php\/wp-json\/wp\/v2\/users\/13996"}],"replies":[{"embeddable":true,"href":"https:\/\/epochtimestr.com\/index.php\/wp-json\/wp\/v2\/comments?post=166123"}],"version-history":[{"count":2,"href":"https:\/\/epochtimestr.com\/index.php\/wp-json\/wp\/v2\/posts\/166123\/revisions"}],"predecessor-version":[{"id":166127,"href":"https:\/\/epochtimestr.com\/index.php\/wp-json\/wp\/v2\/posts\/166123\/revisions\/166127"}],"wp:featuredmedia":[{"embeddable":true,"href":"https:\/\/epochtimestr.com\/index.php\/wp-json\/wp\/v2\/media\/166124"}],"wp:attachment":[{"href":"https:\/\/epochtimestr.com\/index.php\/wp-json\/wp\/v2\/media?parent=166123"}],"wp:term":[{"taxonomy":"category","embeddable":true,"href":"https:\/\/epochtimestr.com\/index.php\/wp-json\/wp\/v2\/categories?post=166123"},{"taxonomy":"post_tag","embeddable":true,"href":"https:\/\/epochtimestr.com\/index.php\/wp-json\/wp\/v2\/tags?post=166123"}],"curies":[{"name":"wp","href":"https:\/\/api.w.org\/{rel}","templated":true}]}}