{"id":166134,"date":"2026-03-08T08:30:00","date_gmt":"2026-03-08T05:30:00","guid":{"rendered":"https:\/\/epochtimestr.com\/?p=166134"},"modified":"2026-03-08T19:49:34","modified_gmt":"2026-03-08T16:49:34","slug":"mensur-naat","status":"publish","type":"post","link":"https:\/\/epochtimestr.com\/index.php\/mensur-naat","title":{"rendered":"Mensur Naat"},"content":{"rendered":"\n<p class=\"has-text-align-right\"><em>\u201cKe\u015fke uyuyabilseydim de, r\u00fcyada y\u00fcz\u00fcn\u00fc g\u00f6sterseydin.\u201d<\/em><br \/><em>Hz. Mevl\u00e2n\u00e2<\/em>, <em>Divan-\u0131 Kebir<\/em><\/p>\n\n\n\n<p>Ad\u0131n\u0131 and\u0131\u011f\u0131mda a\u011fz\u0131mda bir \u015feker tad\u0131\u2026<\/p>\n\n\n\n<p>\u2026<\/p>\n\n\n\n<p>Senin parmaklar\u0131n\u0131n hayata kar\u015f\u0131 bir duru\u015fu vard\u0131. G\u00fczeli resmederdin duru\u015funla, parmaklar\u0131n\u0131 s\u00f6ze katmadan. G\u00fczel ne demekmi\u015f anlard\u0131m.<br \/>Senin ince uzun parmaklar\u0131n ellerime hi\u00e7 dokunmad\u0131 ama ben onlar\u0131 ba\u015fucu kitab\u0131m sayd\u0131m. Yalana kar\u015f\u0131 \u00e7\u0131kan parmaklar\u0131n\u0131, yetim ba\u015f\u0131 ok\u015fayan parmaklar\u0131n\u0131, zalime kar\u015f\u0131 silah olan parmaklar\u0131n\u0131&#8230; \u00f6ns\u00f6z\u00fcm sayd\u0131m.<br \/>B\u00f6yle konu\u015fup durdu\u011fuma bakma, dilim tutulurdu, konu\u015famazd\u0131m, seni bir kez g\u00f6rm\u00fc\u015f olsayd\u0131m.<\/p>\n\n\n\n<p><br \/>Seni d\u00fc\u015f\u00fcnd\u00fc\u011f\u00fcmde benli\u011fimde bir \u015feker tad\u0131\u2026<\/p>\n\n\n\n<p>&#8230;<\/p>\n\n\n\n<p class=\"has-text-align-right\"><em>\u201cSana rastlasam beni g\u00f6rmeden ge\u00e7erdin,<\/em><br \/><em>\u00c7\u00fcnk\u00fc r\u00fcyalar\u0131m\u0131z taraf\u0131ndan g\u00f6r\u00fclmeyiz.\u201d<\/em><br \/><em>Marguerite Yourcenar, Ate\u015fler<\/em><\/p>\n\n\n\n<p>Beni g\u00f6rsen ba\u015f\u0131n\u0131 \u00e7evirip bakmazd\u0131n. Sen hi\u00e7bir \u015feye ba\u015f\u0131n\u0131 \u00e7evirip bakmazd\u0131n.<br \/>Bakaca\u011f\u0131n bir \u015fey varsa b\u00fct\u00fcn v\u00fccudunla d\u00f6nerdin ona, hi\u00e7bir \u015feye g\u00f6z ucuyla bakmazd\u0131n.<br \/>Hi\u00e7bir \u015feyi didikleyip ge\u00e7mez, \u00fcst\u00fcnk\u00f6r\u00fc de\u011finmezdin.<br \/>\u201c-M\u0131\u015f gibi\u201d yapmazd\u0131n, <em>olurdun<\/em>, olman gerekti\u011fi gibi.<br \/>Bir \u015feye y\u00f6neldi\u011finde b\u00fct\u00fcn\u00fcyle y\u00f6nelmek gerekirmi\u015f, bunu anlat\u0131rd\u0131n hi\u00e7 konu\u015fmadan.<br \/>Hi\u00e7bir \u015fey s\u00f6ylemeden anlatt\u0131\u011f\u0131n \u00e7ok \u015fey gibi\u2026<\/p>\n\n\n\n<p><br \/>\u015euh kahkahalar atmazd\u0131n mesela. Ama hep tebess\u00fcm ederdin.<br \/>Bunun b\u00f6yle olmas\u0131 gerekti\u011fini sen s\u00f6ylemeden anlard\u0131m.<\/p>\n\n\n\n<p>\u2026<\/p>\n\n\n\n<p class=\"has-text-align-right\"><em>&#8220;Elbette g\u00f6z &#8216;cemal\u2019 &nbsp;ister.<\/em><br \/><em>Ama \u2018a\u015fk\u2019 &nbsp;g\u00f6z\u00fcn de\u011fil, g\u00f6nl\u00fcn i\u015fidir.&#8221;<\/em><br \/><em>\u00d6mer Tu\u011frul \u0130nan\u00e7er<\/em><\/p>\n\n\n\n<p>Kendimi bildim bileli seni arad\u0131m. \u015eehirlerde arad\u0131m, \u015fiirlerde. Da\u011flarda, g\u00fcn bat\u0131mlar\u0131nda, \u015fark\u0131larda. Yal\u00e7\u0131n kayal\u0131klarda, h\u0131r\u00e7\u0131n dalgalarda, \u0131ss\u0131z koyaklarda\u2026<br \/>Bir bebe\u011fin masumiyetinde bulur gibi oldum seni, az \u00f6nce oradan ge\u00e7mi\u015ftin.<br \/>\u00d6l\u00fcme haz\u0131rlanan bir ihtiyar\u0131n g\u00f6zlerinden s\u00fcz\u00fclen ya\u015flara merhametin de\u011fmi\u015fti sanki.<br \/>Fazla uza\u011fa gitmi\u015f olamazd\u0131n, izlerin h\u00e2l\u00e2 s\u0131cak\u2026<br \/>Pe\u015finden gitmek, kaybolmay\u0131 g\u00f6ze almak demekti yirmi birinci y\u00fczy\u0131l\u0131n sokaklar\u0131nda.<br \/>Ben ba\u015f\u0131m\u0131 al\u0131p giderdim. Ba\u015f\u0131m\u0131 koltu\u011fumun alt\u0131na al\u0131p giderdim.<\/p>\n\n\n\n<p><br \/>Seni aramak kendime yakla\u015ft\u0131r\u0131rd\u0131 beni, kendime vard\u0131k\u00e7a seni \u00f6zlerdim.<\/p>\n\n\n\n<p>\u2026<\/p>\n\n\n\n<p class=\"has-text-align-right\"><em>\u201cBen seni solmu\u015f yerlerden sevdim\u201d<\/em><br \/><em>Kahraman Deniz<\/em><\/p>\n\n\n\n<p>Bug\u00fcn de olmad\u0131 ama biliyorum, bir g\u00fcn bulu\u015faca\u011f\u0131z muhakkak!<br \/>O g\u00fcn geldi\u011finde yine g\u00f6zlerine bakamayaca\u011f\u0131m, biliyorum.<br \/>\u00c7\u00fcnk\u00fc g\u00f6zlerine bakarsam akl\u0131m ba\u015f\u0131mda kalmayacak.<br \/>\u00c7\u00fcnk\u00fc g\u00f6zlerime inanamayaca\u011f\u0131m, a\u015fk\u0131n sonum olacak.<\/p>\n\n\n\n<p><br \/>O g\u00fcn g\u00f6zya\u015f\u0131mdan bir elbise giyece\u011fim,<br \/>Ve e\u011fer dilim a\u011fz\u0131mda k\u00fcl olmasa, \u201cmutlu son buymu\u015f\u201d diyece\u011fim.<\/p>\n","protected":false},"excerpt":{"rendered":"<p>\u201cKe\u015fke uyuyabilseydim de, r\u00fcyada y\u00fcz\u00fcn\u00fc g\u00f6sterseydin.\u201dHz. Mevl\u00e2n\u00e2, Divan-\u0131 Kebir Ad\u0131n\u0131 and\u0131\u011f\u0131mda a\u011fz\u0131mda bir \u015feker tad\u0131\u2026 \u2026 Senin parmaklar\u0131n\u0131n hayata kar\u015f\u0131 bir duru\u015fu vard\u0131. G\u00fczeli resmederdin duru\u015funla, parmaklar\u0131n\u0131 s\u00f6ze katmadan. G\u00fczel ne demekmi\u015f anlard\u0131m.Senin ince uzun parmaklar\u0131n ellerime hi\u00e7 dokunmad\u0131 ama ben onlar\u0131 ba\u015fucu kitab\u0131m sayd\u0131m. Yalana kar\u015f\u0131 \u00e7\u0131kan parmaklar\u0131n\u0131, yetim ba\u015f\u0131 ok\u015fayan parmaklar\u0131n\u0131, zalime kar\u015f\u0131 [&hellip;]<\/p>\n","protected":false},"author":14002,"featured_media":161248,"comment_status":"open","ping_status":"open","sticky":false,"template":"","format":"standard","meta":{"_yoast_wpseo_focuskw":"Mensur Naat","_yoast_wpseo_title":"","_yoast_wpseo_metadesc":"Senin parmaklar\u0131n\u0131n hayata kar\u015f\u0131 bir duru\u015fu vard\u0131. G\u00fczeli resmederdin duru\u015funla, parmaklar\u0131n\u0131 s\u00f6ze katmadan. G\u00fczel ne demekmi\u015f anlard\u0131m.","_bbp_topic_count":0,"_bbp_reply_count":0,"_bbp_total_topic_count":0,"_bbp_total_reply_count":0,"_bbp_voice_count":0,"_bbp_anonymous_reply_count":0,"_bbp_topic_count_hidden":0,"_bbp_reply_count_hidden":0,"_bbp_forum_subforum_count":0,"footnotes":"","_yoast_wpseo_focuskw_text_input":""},"categories":[9240,8665],"tags":[],"yoast_head":"<!-- This site is optimized with the Yoast SEO plugin v23.0 - https:\/\/yoast.com\/wordpress\/plugins\/seo\/ -->\n<title>Mensur Naat - The Epoch Times TR<\/title>\n<meta name=\"description\" content=\"Senin parmaklar\u0131n\u0131n hayata kar\u015f\u0131 bir duru\u015fu vard\u0131. G\u00fczeli resmederdin duru\u015funla, parmaklar\u0131n\u0131 s\u00f6ze katmadan. G\u00fczel ne demekmi\u015f anlard\u0131m.\" \/>\n<meta name=\"robots\" content=\"index, follow, max-snippet:-1, max-image-preview:large, max-video-preview:-1\" \/>\n<link rel=\"canonical\" href=\"https:\/\/epochtimestr.com\/index.php\/mensur-naat\" \/>\n<meta property=\"og:locale\" content=\"tr_TR\" \/>\n<meta property=\"og:type\" content=\"article\" \/>\n<meta property=\"og:title\" content=\"Mensur Naat - The Epoch Times TR\" \/>\n<meta property=\"og:description\" content=\"Senin parmaklar\u0131n\u0131n hayata kar\u015f\u0131 bir duru\u015fu vard\u0131. G\u00fczeli resmederdin duru\u015funla, parmaklar\u0131n\u0131 s\u00f6ze katmadan. G\u00fczel ne demekmi\u015f anlard\u0131m.\" \/>\n<meta property=\"og:url\" content=\"https:\/\/epochtimestr.com\/index.php\/mensur-naat\" \/>\n<meta property=\"og:site_name\" content=\"The Epoch Times TR\" \/>\n<meta property=\"article:publisher\" content=\"https:\/\/www.facebook.com\/theepochtimestr\" \/>\n<meta property=\"article:published_time\" content=\"2026-03-08T05:30:00+00:00\" \/>\n<meta property=\"article:modified_time\" content=\"2026-03-08T16:49:34+00:00\" \/>\n<meta property=\"og:image\" content=\"https:\/\/epochtimestr.com\/wp-content\/uploads\/2011y\/Omer-Karayilan-SM-2.jpg\" \/>\n\t<meta property=\"og:image:width\" content=\"1200\" \/>\n\t<meta property=\"og:image:height\" content=\"630\" \/>\n\t<meta property=\"og:image:type\" content=\"image\/jpeg\" \/>\n<meta name=\"author\" content=\"\u00d6mer Karay\u0131lan\" \/>\n<meta name=\"twitter:card\" content=\"summary_large_image\" \/>\n<meta name=\"twitter:creator\" content=\"@TheEpochTimesTR\" \/>\n<meta name=\"twitter:site\" content=\"@TheEpochTimesTR\" \/>\n<meta name=\"twitter:label1\" content=\"Yazan:\" \/>\n\t<meta name=\"twitter:data1\" content=\"\u00d6mer Karay\u0131lan\" \/>\n\t<meta name=\"twitter:label2\" content=\"Tahmini okuma s\u00fcresi\" \/>\n\t<meta name=\"twitter:data2\" content=\"2 dakika\" \/>\n<script type=\"application\/ld+json\" class=\"yoast-schema-graph\">{\"@context\":\"https:\/\/schema.org\",\"@graph\":[{\"@type\":\"Article\",\"@id\":\"https:\/\/epochtimestr.com\/index.php\/mensur-naat#article\",\"isPartOf\":{\"@id\":\"https:\/\/epochtimestr.com\/index.php\/mensur-naat\"},\"author\":{\"name\":\"\u00d6mer Karay\u0131lan\",\"@id\":\"https:\/\/epochtimestr.com\/#\/schema\/person\/ee101079be4d8fb9fb88cca6784e219b\"},\"headline\":\"Mensur Naat\",\"datePublished\":\"2026-03-08T05:30:00+00:00\",\"dateModified\":\"2026-03-08T16:49:34+00:00\",\"mainEntityOfPage\":{\"@id\":\"https:\/\/epochtimestr.com\/index.php\/mensur-naat\"},\"wordCount\":469,\"commentCount\":1,\"publisher\":{\"@id\":\"https:\/\/epochtimestr.com\/#organization\"},\"image\":{\"@id\":\"https:\/\/epochtimestr.com\/index.php\/mensur-naat#primaryimage\"},\"thumbnailUrl\":\"https:\/\/epochtimestr.com\/wp-content\/uploads\/2011y\/Karayilan-Profil.png\",\"articleSection\":[\"K\u00f6\u015fe Yaz\u0131lar\u0131 \u00d6mer Karay\u0131lan\",\"\u015eiir\"],\"inLanguage\":\"tr\",\"potentialAction\":[{\"@type\":\"CommentAction\",\"name\":\"Comment\",\"target\":[\"https:\/\/epochtimestr.com\/index.php\/mensur-naat#respond\"]}]},{\"@type\":\"WebPage\",\"@id\":\"https:\/\/epochtimestr.com\/index.php\/mensur-naat\",\"url\":\"https:\/\/epochtimestr.com\/index.php\/mensur-naat\",\"name\":\"Mensur Naat - The Epoch Times TR\",\"isPartOf\":{\"@id\":\"https:\/\/epochtimestr.com\/#website\"},\"primaryImageOfPage\":{\"@id\":\"https:\/\/epochtimestr.com\/index.php\/mensur-naat#primaryimage\"},\"image\":{\"@id\":\"https:\/\/epochtimestr.com\/index.php\/mensur-naat#primaryimage\"},\"thumbnailUrl\":\"https:\/\/epochtimestr.com\/wp-content\/uploads\/2011y\/Karayilan-Profil.png\",\"datePublished\":\"2026-03-08T05:30:00+00:00\",\"dateModified\":\"2026-03-08T16:49:34+00:00\",\"description\":\"Senin parmaklar\u0131n\u0131n hayata kar\u015f\u0131 bir duru\u015fu vard\u0131. G\u00fczeli resmederdin duru\u015funla, parmaklar\u0131n\u0131 s\u00f6ze katmadan. G\u00fczel ne demekmi\u015f anlard\u0131m.\",\"inLanguage\":\"tr\",\"potentialAction\":[{\"@type\":\"ReadAction\",\"target\":[\"https:\/\/epochtimestr.com\/index.php\/mensur-naat\"]}]},{\"@type\":\"ImageObject\",\"inLanguage\":\"tr\",\"@id\":\"https:\/\/epochtimestr.com\/index.php\/mensur-naat#primaryimage\",\"url\":\"https:\/\/epochtimestr.com\/wp-content\/uploads\/2011y\/Karayilan-Profil.png\",\"contentUrl\":\"https:\/\/epochtimestr.com\/wp-content\/uploads\/2011y\/Karayilan-Profil.png\",\"width\":600,\"height\":600},{\"@type\":\"WebSite\",\"@id\":\"https:\/\/epochtimestr.com\/#website\",\"url\":\"https:\/\/epochtimestr.com\/\",\"name\":\"The Epoch Times TR\",\"description\":\"De\u011fi\u015fen D\u00fcnyam\u0131za Taze Bir Bak\u0131\u015f\",\"publisher\":{\"@id\":\"https:\/\/epochtimestr.com\/#organization\"},\"potentialAction\":[{\"@type\":\"SearchAction\",\"target\":{\"@type\":\"EntryPoint\",\"urlTemplate\":\"https:\/\/epochtimestr.com\/?s={search_term_string}\"},\"query-input\":\"required name=search_term_string\"}],\"inLanguage\":\"tr\"},{\"@type\":\"Organization\",\"@id\":\"https:\/\/epochtimestr.com\/#organization\",\"name\":\"The EpochTimes T\u00fcrkiye\",\"url\":\"https:\/\/epochtimestr.com\/\",\"logo\":{\"@type\":\"ImageObject\",\"inLanguage\":\"tr\",\"@id\":\"https:\/\/epochtimestr.com\/#\/schema\/logo\/image\/\",\"url\":\"https:\/\/epochtimestr.com\/wp-content\/uploads\/2011y\/ET-Logo-YG.jpg\",\"contentUrl\":\"https:\/\/epochtimestr.com\/wp-content\/uploads\/2011y\/ET-Logo-YG.jpg\",\"width\":346,\"height\":29,\"caption\":\"The EpochTimes T\u00fcrkiye\"},\"image\":{\"@id\":\"https:\/\/epochtimestr.com\/#\/schema\/logo\/image\/\"},\"sameAs\":[\"https:\/\/www.facebook.com\/theepochtimestr\",\"https:\/\/x.com\/TheEpochTimesTR\",\"https:\/\/www.instagram.com\/epochtimestr\"]},{\"@type\":\"Person\",\"@id\":\"https:\/\/epochtimestr.com\/#\/schema\/person\/ee101079be4d8fb9fb88cca6784e219b\",\"name\":\"\u00d6mer Karay\u0131lan\",\"image\":{\"@type\":\"ImageObject\",\"inLanguage\":\"tr\",\"@id\":\"https:\/\/epochtimestr.com\/#\/schema\/person\/image\/\",\"url\":\"https:\/\/secure.gravatar.com\/avatar\/23a8932f0189c3fe4c0e2731cb5eb5dd?s=96&d=mm&r=g\",\"contentUrl\":\"https:\/\/secure.gravatar.com\/avatar\/23a8932f0189c3fe4c0e2731cb5eb5dd?s=96&d=mm&r=g\",\"caption\":\"\u00d6mer Karay\u0131lan\"},\"url\":\"https:\/\/epochtimestr.com\/index.php\/author\/omer\"}]}<\/script>\n<!-- \/ Yoast SEO plugin. -->","yoast_head_json":{"title":"Mensur Naat - The Epoch Times TR","description":"Senin parmaklar\u0131n\u0131n hayata kar\u015f\u0131 bir duru\u015fu vard\u0131. G\u00fczeli resmederdin duru\u015funla, parmaklar\u0131n\u0131 s\u00f6ze katmadan. G\u00fczel ne demekmi\u015f anlard\u0131m.","robots":{"index":"index","follow":"follow","max-snippet":"max-snippet:-1","max-image-preview":"max-image-preview:large","max-video-preview":"max-video-preview:-1"},"canonical":"https:\/\/epochtimestr.com\/index.php\/mensur-naat","og_locale":"tr_TR","og_type":"article","og_title":"Mensur Naat - The Epoch Times TR","og_description":"Senin parmaklar\u0131n\u0131n hayata kar\u015f\u0131 bir duru\u015fu vard\u0131. G\u00fczeli resmederdin duru\u015funla, parmaklar\u0131n\u0131 s\u00f6ze katmadan. G\u00fczel ne demekmi\u015f anlard\u0131m.","og_url":"https:\/\/epochtimestr.com\/index.php\/mensur-naat","og_site_name":"The Epoch Times TR","article_publisher":"https:\/\/www.facebook.com\/theepochtimestr","article_published_time":"2026-03-08T05:30:00+00:00","article_modified_time":"2026-03-08T16:49:34+00:00","og_image":[{"width":1200,"height":630,"url":"https:\/\/epochtimestr.com\/wp-content\/uploads\/2011y\/Omer-Karayilan-SM-2.jpg","type":"image\/jpeg"}],"author":"\u00d6mer Karay\u0131lan","twitter_card":"summary_large_image","twitter_creator":"@TheEpochTimesTR","twitter_site":"@TheEpochTimesTR","twitter_misc":{"Yazan:":"\u00d6mer Karay\u0131lan","Tahmini okuma s\u00fcresi":"2 dakika"},"schema":{"@context":"https:\/\/schema.org","@graph":[{"@type":"Article","@id":"https:\/\/epochtimestr.com\/index.php\/mensur-naat#article","isPartOf":{"@id":"https:\/\/epochtimestr.com\/index.php\/mensur-naat"},"author":{"name":"\u00d6mer Karay\u0131lan","@id":"https:\/\/epochtimestr.com\/#\/schema\/person\/ee101079be4d8fb9fb88cca6784e219b"},"headline":"Mensur Naat","datePublished":"2026-03-08T05:30:00+00:00","dateModified":"2026-03-08T16:49:34+00:00","mainEntityOfPage":{"@id":"https:\/\/epochtimestr.com\/index.php\/mensur-naat"},"wordCount":469,"commentCount":1,"publisher":{"@id":"https:\/\/epochtimestr.com\/#organization"},"image":{"@id":"https:\/\/epochtimestr.com\/index.php\/mensur-naat#primaryimage"},"thumbnailUrl":"https:\/\/epochtimestr.com\/wp-content\/uploads\/2011y\/Karayilan-Profil.png","articleSection":["K\u00f6\u015fe Yaz\u0131lar\u0131 \u00d6mer Karay\u0131lan","\u015eiir"],"inLanguage":"tr","potentialAction":[{"@type":"CommentAction","name":"Comment","target":["https:\/\/epochtimestr.com\/index.php\/mensur-naat#respond"]}]},{"@type":"WebPage","@id":"https:\/\/epochtimestr.com\/index.php\/mensur-naat","url":"https:\/\/epochtimestr.com\/index.php\/mensur-naat","name":"Mensur Naat - The Epoch Times TR","isPartOf":{"@id":"https:\/\/epochtimestr.com\/#website"},"primaryImageOfPage":{"@id":"https:\/\/epochtimestr.com\/index.php\/mensur-naat#primaryimage"},"image":{"@id":"https:\/\/epochtimestr.com\/index.php\/mensur-naat#primaryimage"},"thumbnailUrl":"https:\/\/epochtimestr.com\/wp-content\/uploads\/2011y\/Karayilan-Profil.png","datePublished":"2026-03-08T05:30:00+00:00","dateModified":"2026-03-08T16:49:34+00:00","description":"Senin parmaklar\u0131n\u0131n hayata kar\u015f\u0131 bir duru\u015fu vard\u0131. G\u00fczeli resmederdin duru\u015funla, parmaklar\u0131n\u0131 s\u00f6ze katmadan. G\u00fczel ne demekmi\u015f anlard\u0131m.","inLanguage":"tr","potentialAction":[{"@type":"ReadAction","target":["https:\/\/epochtimestr.com\/index.php\/mensur-naat"]}]},{"@type":"ImageObject","inLanguage":"tr","@id":"https:\/\/epochtimestr.com\/index.php\/mensur-naat#primaryimage","url":"https:\/\/epochtimestr.com\/wp-content\/uploads\/2011y\/Karayilan-Profil.png","contentUrl":"https:\/\/epochtimestr.com\/wp-content\/uploads\/2011y\/Karayilan-Profil.png","width":600,"height":600},{"@type":"WebSite","@id":"https:\/\/epochtimestr.com\/#website","url":"https:\/\/epochtimestr.com\/","name":"The Epoch Times TR","description":"De\u011fi\u015fen D\u00fcnyam\u0131za Taze Bir Bak\u0131\u015f","publisher":{"@id":"https:\/\/epochtimestr.com\/#organization"},"potentialAction":[{"@type":"SearchAction","target":{"@type":"EntryPoint","urlTemplate":"https:\/\/epochtimestr.com\/?s={search_term_string}"},"query-input":"required name=search_term_string"}],"inLanguage":"tr"},{"@type":"Organization","@id":"https:\/\/epochtimestr.com\/#organization","name":"The EpochTimes T\u00fcrkiye","url":"https:\/\/epochtimestr.com\/","logo":{"@type":"ImageObject","inLanguage":"tr","@id":"https:\/\/epochtimestr.com\/#\/schema\/logo\/image\/","url":"https:\/\/epochtimestr.com\/wp-content\/uploads\/2011y\/ET-Logo-YG.jpg","contentUrl":"https:\/\/epochtimestr.com\/wp-content\/uploads\/2011y\/ET-Logo-YG.jpg","width":346,"height":29,"caption":"The EpochTimes T\u00fcrkiye"},"image":{"@id":"https:\/\/epochtimestr.com\/#\/schema\/logo\/image\/"},"sameAs":["https:\/\/www.facebook.com\/theepochtimestr","https:\/\/x.com\/TheEpochTimesTR","https:\/\/www.instagram.com\/epochtimestr"]},{"@type":"Person","@id":"https:\/\/epochtimestr.com\/#\/schema\/person\/ee101079be4d8fb9fb88cca6784e219b","name":"\u00d6mer Karay\u0131lan","image":{"@type":"ImageObject","inLanguage":"tr","@id":"https:\/\/epochtimestr.com\/#\/schema\/person\/image\/","url":"https:\/\/secure.gravatar.com\/avatar\/23a8932f0189c3fe4c0e2731cb5eb5dd?s=96&d=mm&r=g","contentUrl":"https:\/\/secure.gravatar.com\/avatar\/23a8932f0189c3fe4c0e2731cb5eb5dd?s=96&d=mm&r=g","caption":"\u00d6mer Karay\u0131lan"},"url":"https:\/\/epochtimestr.com\/index.php\/author\/omer"}]}},"_links":{"self":[{"href":"https:\/\/epochtimestr.com\/index.php\/wp-json\/wp\/v2\/posts\/166134"}],"collection":[{"href":"https:\/\/epochtimestr.com\/index.php\/wp-json\/wp\/v2\/posts"}],"about":[{"href":"https:\/\/epochtimestr.com\/index.php\/wp-json\/wp\/v2\/types\/post"}],"author":[{"embeddable":true,"href":"https:\/\/epochtimestr.com\/index.php\/wp-json\/wp\/v2\/users\/14002"}],"replies":[{"embeddable":true,"href":"https:\/\/epochtimestr.com\/index.php\/wp-json\/wp\/v2\/comments?post=166134"}],"version-history":[{"count":3,"href":"https:\/\/epochtimestr.com\/index.php\/wp-json\/wp\/v2\/posts\/166134\/revisions"}],"predecessor-version":[{"id":166139,"href":"https:\/\/epochtimestr.com\/index.php\/wp-json\/wp\/v2\/posts\/166134\/revisions\/166139"}],"wp:featuredmedia":[{"embeddable":true,"href":"https:\/\/epochtimestr.com\/index.php\/wp-json\/wp\/v2\/media\/161248"}],"wp:attachment":[{"href":"https:\/\/epochtimestr.com\/index.php\/wp-json\/wp\/v2\/media?parent=166134"}],"wp:term":[{"taxonomy":"category","embeddable":true,"href":"https:\/\/epochtimestr.com\/index.php\/wp-json\/wp\/v2\/categories?post=166134"},{"taxonomy":"post_tag","embeddable":true,"href":"https:\/\/epochtimestr.com\/index.php\/wp-json\/wp\/v2\/tags?post=166134"}],"curies":[{"name":"wp","href":"https:\/\/api.w.org\/{rel}","templated":true}]}}