{"id":166142,"date":"2026-03-09T14:07:13","date_gmt":"2026-03-09T11:07:13","guid":{"rendered":"https:\/\/epochtimestr.com\/?p=166142"},"modified":"2026-03-09T14:07:17","modified_gmt":"2026-03-09T11:07:17","slug":"iranda-yeni-donem-yeni-dini-lider-mucteba-hamaney-oldu","status":"publish","type":"post","link":"https:\/\/epochtimestr.com\/index.php\/iranda-yeni-donem-yeni-dini-lider-mucteba-hamaney-oldu","title":{"rendered":"\u0130ran\u2019da Yeni D\u00f6nem: Yeni Dini Lider M\u00fccteba Hamaney Oldu"},"content":{"rendered":"<div class=\"wp-block-image\">\n<figure class=\"aligncenter size-full\"><img loading=\"lazy\" decoding=\"async\" width=\"1080\" height=\"720\" src=\"https:\/\/epochtimestr.com\/wp-content\/uploads\/2011y\/1000034502.jpg\" alt=\"Ayetullah Ali Hamaney\u2019in o\u011flu ve \u0130ran\u2019\u0131n yeni dini lideri M\u00fccteba Hamaney, y\u0131ll\u0131k Kud\u00fcs G\u00fcn\u00fc y\u00fcr\u00fcy\u00fc\u015f\u00fcnde. 31 May\u0131s 2019, Tahran, \u0130ran. (Foto\u011fraf: The Epoch Times arac\u0131l\u0131\u011f\u0131yla, Rouzbeh Fouladi, AFP - Getty Images)\" class=\"wp-image-166145\" srcset=\"https:\/\/epochtimestr.com\/wp-content\/uploads\/2011y\/1000034502.jpg 1080w, https:\/\/epochtimestr.com\/wp-content\/uploads\/2011y\/1000034502-300x200.jpg 300w, https:\/\/epochtimestr.com\/wp-content\/uploads\/2011y\/1000034502-150x100.jpg 150w, https:\/\/epochtimestr.com\/wp-content\/uploads\/2011y\/1000034502-768x512.jpg 768w\" sizes=\"(max-width: 1080px) 100vw, 1080px\" \/><figcaption class=\"wp-element-caption\">Ayetullah Ali Hamaney\u2019in o\u011flu ve \u0130ran\u2019\u0131n yeni dini lideri M\u00fccteba Hamaney, y\u0131ll\u0131k Kud\u00fcs G\u00fcn\u00fc y\u00fcr\u00fcy\u00fc\u015f\u00fcnde. 31 May\u0131s 2019, Tahran, \u0130ran. (Foto\u011fraf: The Epoch Times arac\u0131l\u0131\u011f\u0131yla, Rouzbeh Fouladi, AFP &#8211; Getty Images)<\/figcaption><\/figure><\/div>\n\n\n<p>\u0130ran\u2019da siyasi dengeleri de\u011fi\u015ftirecek \u00f6nemli bir geli\u015fme ger\u00e7ekle\u015fti. \u0130ran\u2019\u0131n dini lideri Ayetullah Ali Hamaney\u2019in yerine o\u011flu M\u00fccteba Hamaney\u2019in getirildi. Ayetullah Hamaney, ABD ve \u0130srail\u2019in 28 \u015eubat\u2019ta d\u00fczenledi\u011fi sald\u0131r\u0131larda hayat\u0131n\u0131 kaybetmi\u015fti. \u0130ran Anayasas\u0131\u2019na g\u00f6re Uzmanlar Meclisi, \u00fclkenin yeni dini liderini belirleme yetkisine sahip. Meclis, yapt\u0131\u011f\u0131 oylama sonucunda M\u00fccteba Hamaney\u2019i \u0130ran \u0130slam Cumhuriyeti\u2019nin \u00fc\u00e7\u00fcnc\u00fc lideri olarak se\u00e7ti\u011fini duyurdu.<\/p>\n\n\n\n<p>88 din adam\u0131ndan olu\u015fan meclis, 9 Mart gece yar\u0131s\u0131ndan k\u0131sa s\u00fcre sonra resmi bir a\u00e7\u0131klama yay\u0131mlad\u0131.  \u0130ran\u2019da devletin en g\u00fc\u00e7l\u00fc pozisyonu olan <a href=\"https:\/\/www.theepochtimes.com\/world\/iranian-regime-names-khameneis-son-as-new-leader-5995879\">dini lider makam\u0131<\/a>, oy \u00e7oklu\u011fuyla M\u00fccteba Hamaney\u2019in oldu. \u00c7\u00fcnk\u00fc \u00fclkenin i\u00e7 ve d\u0131\u015f politikas\u0131 ba\u015fta olmak \u00fczere t\u00fcm kritik kararlar bu makam\u0131n onay\u0131yla y\u00fcr\u00fct\u00fcl\u00fcyor.<\/p>\n\n\n\n<p>M\u00fccteba Hamaney, uzun s\u00fcredir \u0130ran siyasetinde etkili isimlerden biri olarak g\u00f6r\u00fcl\u00fcyor. Kamuoyunda \u00e7ok s\u0131k g\u00f6r\u00fcnmese de \u00f6zellikle Devrim Muhaf\u0131zlar\u0131 Ordusu ile yak\u0131n ili\u015fkileri oldu\u011fu bilinen bir isim. \u0130ran\u2019daki baz\u0131 din adamlar\u0131 ve g\u00fcvenlik \u00e7evreleri \u00fczerinde \u00f6nemli bir n\u00fcfuza sahip. 56 ya\u015f\u0131ndaki M\u00fccteba Hamaney\u2019in se\u00e7ilmesi, \u00fclkede sertlik yanl\u0131s\u0131 siyasi \u00e7izginin devam edece\u011fi y\u00f6n\u00fcnde yorumlara neden oldu.<\/p>\n\n\n\n<p>\u0130ran Devrim Muhaf\u0131zlar\u0131 Ordusu da yay\u0131mlad\u0131\u011f\u0131 a\u00e7\u0131klamada yeni liderin se\u00e7ilmesini memnuniyetle kar\u015f\u0131lad\u0131\u011f\u0131n\u0131 belirtti. IRGC a\u00e7\u0131klamas\u0131nda M\u00fccteba Hamaney i\u00e7in &#8220;gen\u00e7, entelekt\u00fcel ve siyasi konulara hakim bir lider&#8221; ifadesi kullan\u0131ld\u0131. Hat\u0131rlanaca\u011f\u0131 \u00fczere 1989 y\u0131l\u0131nda \u0130ran \u0130slam Cumhuriyeti\u2019nin kurucusu Ruhullah Humeyni \u00f6ld\u00fc. Bu olay\u0131n ard\u0131ndan Ali Hamaney 50 ya\u015f\u0131ndayken liderlik g\u00f6revini \u00fcstlendi ve yakla\u015f\u0131k 37 y\u0131l boyunca \u00fclkeyi y\u00f6netti.<\/p>\n\n\n\n<h3 class=\"wp-block-heading\">Trump&#8217;tan Dikkat \u00c7ekici A\u00e7\u0131klamalar <\/h3>\n\n\n\n<p>\u00d6te yandan Trump daha \u00f6nce, \u0130ran\u2019da yeni liderin belirlenmesi s\u00fcreci hakk\u0131nda dikkat \u00e7eken a\u00e7\u0131klamalar yapm\u0131\u015ft\u0131. ABD Ba\u015fkan\u0131 Donald Trump, \u0130ran\u2019\u0131n belirleyece\u011fi yeni liderin ABD taraf\u0131ndan kabul edilmemesi halinde uzun s\u00fcre g\u00f6revde kalamayaca\u011f\u0131n\u0131 s\u00f6ylemi\u015fti. Ayr\u0131ca M\u00fccteba Hamaney\u2019in lider olmas\u0131 se\u00e7ene\u011finin uygun olmad\u0131\u011f\u0131n\u0131 dile getirmi\u015fti. Yeni liderin a\u00e7\u0131klanmas\u0131n\u0131n ard\u0131ndan Trump, &#8220;geli\u015fmelerin nas\u0131l ilerleyece\u011fini g\u00f6rece\u011fiz&#8221; dedi.<\/p>\n\n\n\n<p>\u0130ran\u2019daki liderlik de\u011fi\u015fimi, <a href=\"https:\/\/epochtimestr.com\/index.php\/abd-bombardiman-ucaklari-iranda-yaklasik-200-hedefi-vurdu\" target=\"_blank\" rel=\"noreferrer noopener\">ABD ve \u0130srail<\/a> ile devam eden \u00e7at\u0131\u015fmalar\u0131n g\u00f6lgesinde ger\u00e7ekle\u015fti. Sava\u015f\u0131n ba\u015flad\u0131\u011f\u0131 g\u00fcnden beri \u0130ran\u2019da \u00e7ok say\u0131da \u00fcst d\u00fczey komutan ve devlet yetkilisi hayat\u0131n\u0131 kaybetti. Ayn\u0131 sald\u0131r\u0131larda M\u00fccteba Hamaney\u2019in annesi ve e\u015fi de ya\u015fam\u0131n\u0131 yitirdi.<\/p>\n\n\n\n<p>\u00c7at\u0131\u015fmalar\u0131n di\u011fer taraf\u0131nda ABD ordusu da kay\u0131plar vermeye devam ediyor. ABD Merkez Kuvvetler Komutanl\u0131\u011f\u0131 CENTCOM sava\u015ftaki geli\u015fmeler hakk\u0131nda d\u00fczenli a\u00e7\u0131klamalar yap\u0131yor. Komutanl\u0131k, \u0130ran\u2019\u0131n Suudi Arabistan\u2019daki ABD askerlerine y\u00f6nelik sald\u0131r\u0131s\u0131nda bir askerin hayat\u0131n\u0131 kaybetti\u011fi duyurdu. B\u00f6ylece sava\u015f\u0131n ba\u015flamas\u0131ndan bu yana hayat\u0131n\u0131 kaybeden ABD askerlerinin say\u0131s\u0131 yediye y\u00fckseldi.<\/p>\n\n\n\n<p>Ortado\u011fu\u2019daki gerilim giderek artarken \u0130ran\u2019da yeni liderin g\u00f6reve gelmesi, uluslararas\u0131 kamuoyunun dikkatini yeniden \u0130ran\u2019a \u00e7evirdi. Bu olay\u0131n \u00f6zellikle b\u00f6lgedeki siyasi ve askeri dengelerin nas\u0131l \u015fekillenece\u011fi merak konusu. Uzmanlar, M\u00fccteba Hamaney\u2019in liderli\u011finin \u0130ran\u2019\u0131n mevcut politikalar\u0131n\u0131 s\u00fcrd\u00fcrme ihtimalini g\u00fc\u00e7lendirdi\u011fini de\u011ferlendiriyor.<\/p>\n","protected":false},"excerpt":{"rendered":"<p>\u0130ran\u2019da siyasi dengeleri de\u011fi\u015ftirecek \u00f6nemli bir geli\u015fme ger\u00e7ekle\u015fti. \u0130ran\u2019\u0131n dini lideri Ayetullah Ali Hamaney\u2019in yerine o\u011flu M\u00fccteba Hamaney\u2019in getirildi. Ayetullah Hamaney, ABD ve \u0130srail\u2019in 28 \u015eubat\u2019ta d\u00fczenledi\u011fi sald\u0131r\u0131larda hayat\u0131n\u0131 kaybetmi\u015fti. \u0130ran Anayasas\u0131\u2019na g\u00f6re Uzmanlar Meclisi, \u00fclkenin yeni dini liderini belirleme yetkisine sahip. Meclis, yapt\u0131\u011f\u0131 oylama sonucunda M\u00fccteba Hamaney\u2019i \u0130ran \u0130slam Cumhuriyeti\u2019nin \u00fc\u00e7\u00fcnc\u00fc lideri olarak se\u00e7ti\u011fini [&hellip;]<\/p>\n","protected":false},"author":13996,"featured_media":166145,"comment_status":"open","ping_status":"open","sticky":false,"template":"","format":"standard","meta":{"_yoast_wpseo_focuskw":"M\u00fccteba Hamaney","_yoast_wpseo_title":"","_yoast_wpseo_metadesc":"ABD ve \u0130srail sald\u0131r\u0131lar\u0131nda hayat\u0131n\u0131 kaybeden Ali Hamaney\u2019in ard\u0131ndan \u0130ran\u2019da dini liderlik g\u00f6revine o\u011flu M\u00fccteba Hamaney getirildi.","_bbp_topic_count":0,"_bbp_reply_count":0,"_bbp_total_topic_count":0,"_bbp_total_reply_count":0,"_bbp_voice_count":0,"_bbp_anonymous_reply_count":0,"_bbp_topic_count_hidden":0,"_bbp_reply_count_hidden":0,"_bbp_forum_subforum_count":0,"footnotes":"","_yoast_wpseo_focuskw_text_input":""},"categories":[5,1,8138],"tags":[10503,10449,9876,10980,10975,10979,10525,10949,5764],"yoast_head":"<!-- This site is optimized with the Yoast SEO plugin v23.0 - https:\/\/yoast.com\/wordpress\/plugins\/seo\/ -->\n<title>\u0130ran\u2019da Yeni D\u00f6nem: Yeni Dini Lider M\u00fccteba Hamaney Oldu - The Epoch Times TR<\/title>\n<meta name=\"description\" content=\"ABD ve \u0130srail sald\u0131r\u0131lar\u0131nda hayat\u0131n\u0131 kaybeden Ali Hamaney\u2019in ard\u0131ndan \u0130ran\u2019da dini liderlik g\u00f6revine o\u011flu M\u00fccteba Hamaney getirildi.\" \/>\n<meta name=\"robots\" content=\"index, follow, max-snippet:-1, max-image-preview:large, max-video-preview:-1\" \/>\n<link rel=\"canonical\" href=\"https:\/\/epochtimestr.com\/index.php\/iranda-yeni-donem-yeni-dini-lider-mucteba-hamaney-oldu\" \/>\n<meta property=\"og:locale\" content=\"tr_TR\" \/>\n<meta property=\"og:type\" content=\"article\" \/>\n<meta property=\"og:title\" content=\"\u0130ran\u2019da Yeni D\u00f6nem: Yeni Dini Lider M\u00fccteba Hamaney Oldu - The Epoch Times TR\" \/>\n<meta property=\"og:description\" content=\"ABD ve \u0130srail sald\u0131r\u0131lar\u0131nda hayat\u0131n\u0131 kaybeden Ali Hamaney\u2019in ard\u0131ndan \u0130ran\u2019da dini liderlik g\u00f6revine o\u011flu M\u00fccteba Hamaney getirildi.\" \/>\n<meta property=\"og:url\" content=\"https:\/\/epochtimestr.com\/index.php\/iranda-yeni-donem-yeni-dini-lider-mucteba-hamaney-oldu\" \/>\n<meta property=\"og:site_name\" content=\"The Epoch Times TR\" \/>\n<meta property=\"article:publisher\" content=\"https:\/\/www.facebook.com\/theepochtimestr\" \/>\n<meta property=\"article:published_time\" content=\"2026-03-09T11:07:13+00:00\" \/>\n<meta property=\"article:modified_time\" content=\"2026-03-09T11:07:17+00:00\" \/>\n<meta property=\"og:image\" content=\"https:\/\/epochtimestr.com\/wp-content\/uploads\/2011y\/1000034502.jpg\" \/>\n\t<meta property=\"og:image:width\" content=\"1080\" \/>\n\t<meta property=\"og:image:height\" content=\"720\" \/>\n\t<meta property=\"og:image:type\" content=\"image\/jpeg\" \/>\n<meta name=\"author\" content=\"Leo Bajelan\" \/>\n<meta name=\"twitter:card\" content=\"summary_large_image\" \/>\n<meta name=\"twitter:creator\" content=\"@TheEpochTimesTR\" \/>\n<meta name=\"twitter:site\" content=\"@TheEpochTimesTR\" \/>\n<meta name=\"twitter:label1\" content=\"Yazan:\" \/>\n\t<meta name=\"twitter:data1\" content=\"Leo Bajelan\" \/>\n\t<meta name=\"twitter:label2\" content=\"Tahmini okuma s\u00fcresi\" \/>\n\t<meta name=\"twitter:data2\" content=\"3 dakika\" \/>\n<script type=\"application\/ld+json\" class=\"yoast-schema-graph\">{\"@context\":\"https:\/\/schema.org\",\"@graph\":[{\"@type\":\"Article\",\"@id\":\"https:\/\/epochtimestr.com\/index.php\/iranda-yeni-donem-yeni-dini-lider-mucteba-hamaney-oldu#article\",\"isPartOf\":{\"@id\":\"https:\/\/epochtimestr.com\/index.php\/iranda-yeni-donem-yeni-dini-lider-mucteba-hamaney-oldu\"},\"author\":{\"name\":\"Leo Bajelan\",\"@id\":\"https:\/\/epochtimestr.com\/#\/schema\/person\/5fef218711d76d8f232b0e1f1d7e4c0d\"},\"headline\":\"\u0130ran\u2019da Yeni D\u00f6nem: Yeni Dini Lider M\u00fccteba Hamaney Oldu\",\"datePublished\":\"2026-03-09T11:07:13+00:00\",\"dateModified\":\"2026-03-09T11:07:17+00:00\",\"mainEntityOfPage\":{\"@id\":\"https:\/\/epochtimestr.com\/index.php\/iranda-yeni-donem-yeni-dini-lider-mucteba-hamaney-oldu\"},\"wordCount\":632,\"commentCount\":0,\"publisher\":{\"@id\":\"https:\/\/epochtimestr.com\/#organization\"},\"image\":{\"@id\":\"https:\/\/epochtimestr.com\/index.php\/iranda-yeni-donem-yeni-dini-lider-mucteba-hamaney-oldu#primaryimage\"},\"thumbnailUrl\":\"https:\/\/epochtimestr.com\/wp-content\/uploads\/2011y\/1000034502.jpg\",\"keywords\":[\"ABD \u0130ran sava\u015f\u0131\",\"Ayetullah Ali Hamaney\",\"CENTCOM\",\"\u0130ran \u0130slam Cumhuriyeti\",\"\u0130ran yeni d\u00f6nemi\",\"\u0130ran\u2019\u0131n dini lideri\",\"IRGC\",\"M\u00fccteba Hamaney\",\"Trump\"],\"articleSection\":[\"D\u00dcNYA\",\"G\u00dcNDEM\",\"MAN\u015eET\"],\"inLanguage\":\"tr\",\"potentialAction\":[{\"@type\":\"CommentAction\",\"name\":\"Comment\",\"target\":[\"https:\/\/epochtimestr.com\/index.php\/iranda-yeni-donem-yeni-dini-lider-mucteba-hamaney-oldu#respond\"]}]},{\"@type\":\"WebPage\",\"@id\":\"https:\/\/epochtimestr.com\/index.php\/iranda-yeni-donem-yeni-dini-lider-mucteba-hamaney-oldu\",\"url\":\"https:\/\/epochtimestr.com\/index.php\/iranda-yeni-donem-yeni-dini-lider-mucteba-hamaney-oldu\",\"name\":\"\u0130ran\u2019da Yeni D\u00f6nem: Yeni Dini Lider M\u00fccteba Hamaney Oldu - The Epoch Times TR\",\"isPartOf\":{\"@id\":\"https:\/\/epochtimestr.com\/#website\"},\"primaryImageOfPage\":{\"@id\":\"https:\/\/epochtimestr.com\/index.php\/iranda-yeni-donem-yeni-dini-lider-mucteba-hamaney-oldu#primaryimage\"},\"image\":{\"@id\":\"https:\/\/epochtimestr.com\/index.php\/iranda-yeni-donem-yeni-dini-lider-mucteba-hamaney-oldu#primaryimage\"},\"thumbnailUrl\":\"https:\/\/epochtimestr.com\/wp-content\/uploads\/2011y\/1000034502.jpg\",\"datePublished\":\"2026-03-09T11:07:13+00:00\",\"dateModified\":\"2026-03-09T11:07:17+00:00\",\"description\":\"ABD ve \u0130srail sald\u0131r\u0131lar\u0131nda hayat\u0131n\u0131 kaybeden Ali Hamaney\u2019in ard\u0131ndan \u0130ran\u2019da dini liderlik g\u00f6revine o\u011flu M\u00fccteba Hamaney getirildi.\",\"inLanguage\":\"tr\",\"potentialAction\":[{\"@type\":\"ReadAction\",\"target\":[\"https:\/\/epochtimestr.com\/index.php\/iranda-yeni-donem-yeni-dini-lider-mucteba-hamaney-oldu\"]}]},{\"@type\":\"ImageObject\",\"inLanguage\":\"tr\",\"@id\":\"https:\/\/epochtimestr.com\/index.php\/iranda-yeni-donem-yeni-dini-lider-mucteba-hamaney-oldu#primaryimage\",\"url\":\"https:\/\/epochtimestr.com\/wp-content\/uploads\/2011y\/1000034502.jpg\",\"contentUrl\":\"https:\/\/epochtimestr.com\/wp-content\/uploads\/2011y\/1000034502.jpg\",\"width\":1080,\"height\":720},{\"@type\":\"WebSite\",\"@id\":\"https:\/\/epochtimestr.com\/#website\",\"url\":\"https:\/\/epochtimestr.com\/\",\"name\":\"The Epoch Times TR\",\"description\":\"De\u011fi\u015fen D\u00fcnyam\u0131za Taze Bir Bak\u0131\u015f\",\"publisher\":{\"@id\":\"https:\/\/epochtimestr.com\/#organization\"},\"potentialAction\":[{\"@type\":\"SearchAction\",\"target\":{\"@type\":\"EntryPoint\",\"urlTemplate\":\"https:\/\/epochtimestr.com\/?s={search_term_string}\"},\"query-input\":\"required name=search_term_string\"}],\"inLanguage\":\"tr\"},{\"@type\":\"Organization\",\"@id\":\"https:\/\/epochtimestr.com\/#organization\",\"name\":\"The EpochTimes T\u00fcrkiye\",\"url\":\"https:\/\/epochtimestr.com\/\",\"logo\":{\"@type\":\"ImageObject\",\"inLanguage\":\"tr\",\"@id\":\"https:\/\/epochtimestr.com\/#\/schema\/logo\/image\/\",\"url\":\"https:\/\/epochtimestr.com\/wp-content\/uploads\/2011y\/ET-Logo-YG.jpg\",\"contentUrl\":\"https:\/\/epochtimestr.com\/wp-content\/uploads\/2011y\/ET-Logo-YG.jpg\",\"width\":346,\"height\":29,\"caption\":\"The EpochTimes T\u00fcrkiye\"},\"image\":{\"@id\":\"https:\/\/epochtimestr.com\/#\/schema\/logo\/image\/\"},\"sameAs\":[\"https:\/\/www.facebook.com\/theepochtimestr\",\"https:\/\/x.com\/TheEpochTimesTR\",\"https:\/\/www.instagram.com\/epochtimestr\"]},{\"@type\":\"Person\",\"@id\":\"https:\/\/epochtimestr.com\/#\/schema\/person\/5fef218711d76d8f232b0e1f1d7e4c0d\",\"name\":\"Leo Bajelan\",\"image\":{\"@type\":\"ImageObject\",\"inLanguage\":\"tr\",\"@id\":\"https:\/\/epochtimestr.com\/#\/schema\/person\/image\/\",\"url\":\"https:\/\/secure.gravatar.com\/avatar\/917669146f489549e548a2e9af272df5?s=96&d=mm&r=g\",\"contentUrl\":\"https:\/\/secure.gravatar.com\/avatar\/917669146f489549e548a2e9af272df5?s=96&d=mm&r=g\",\"caption\":\"Leo Bajelan\"},\"url\":\"https:\/\/epochtimestr.com\/index.php\/author\/leo\"}]}<\/script>\n<!-- \/ Yoast SEO plugin. -->","yoast_head_json":{"title":"\u0130ran\u2019da Yeni D\u00f6nem: Yeni Dini Lider M\u00fccteba Hamaney Oldu - The Epoch Times TR","description":"ABD ve \u0130srail sald\u0131r\u0131lar\u0131nda hayat\u0131n\u0131 kaybeden Ali Hamaney\u2019in ard\u0131ndan \u0130ran\u2019da dini liderlik g\u00f6revine o\u011flu M\u00fccteba Hamaney getirildi.","robots":{"index":"index","follow":"follow","max-snippet":"max-snippet:-1","max-image-preview":"max-image-preview:large","max-video-preview":"max-video-preview:-1"},"canonical":"https:\/\/epochtimestr.com\/index.php\/iranda-yeni-donem-yeni-dini-lider-mucteba-hamaney-oldu","og_locale":"tr_TR","og_type":"article","og_title":"\u0130ran\u2019da Yeni D\u00f6nem: Yeni Dini Lider M\u00fccteba Hamaney Oldu - The Epoch Times TR","og_description":"ABD ve \u0130srail sald\u0131r\u0131lar\u0131nda hayat\u0131n\u0131 kaybeden Ali Hamaney\u2019in ard\u0131ndan \u0130ran\u2019da dini liderlik g\u00f6revine o\u011flu M\u00fccteba Hamaney getirildi.","og_url":"https:\/\/epochtimestr.com\/index.php\/iranda-yeni-donem-yeni-dini-lider-mucteba-hamaney-oldu","og_site_name":"The Epoch Times TR","article_publisher":"https:\/\/www.facebook.com\/theepochtimestr","article_published_time":"2026-03-09T11:07:13+00:00","article_modified_time":"2026-03-09T11:07:17+00:00","og_image":[{"width":1080,"height":720,"url":"https:\/\/epochtimestr.com\/wp-content\/uploads\/2011y\/1000034502.jpg","type":"image\/jpeg"}],"author":"Leo Bajelan","twitter_card":"summary_large_image","twitter_creator":"@TheEpochTimesTR","twitter_site":"@TheEpochTimesTR","twitter_misc":{"Yazan:":"Leo Bajelan","Tahmini okuma s\u00fcresi":"3 dakika"},"schema":{"@context":"https:\/\/schema.org","@graph":[{"@type":"Article","@id":"https:\/\/epochtimestr.com\/index.php\/iranda-yeni-donem-yeni-dini-lider-mucteba-hamaney-oldu#article","isPartOf":{"@id":"https:\/\/epochtimestr.com\/index.php\/iranda-yeni-donem-yeni-dini-lider-mucteba-hamaney-oldu"},"author":{"name":"Leo Bajelan","@id":"https:\/\/epochtimestr.com\/#\/schema\/person\/5fef218711d76d8f232b0e1f1d7e4c0d"},"headline":"\u0130ran\u2019da Yeni D\u00f6nem: Yeni Dini Lider M\u00fccteba Hamaney Oldu","datePublished":"2026-03-09T11:07:13+00:00","dateModified":"2026-03-09T11:07:17+00:00","mainEntityOfPage":{"@id":"https:\/\/epochtimestr.com\/index.php\/iranda-yeni-donem-yeni-dini-lider-mucteba-hamaney-oldu"},"wordCount":632,"commentCount":0,"publisher":{"@id":"https:\/\/epochtimestr.com\/#organization"},"image":{"@id":"https:\/\/epochtimestr.com\/index.php\/iranda-yeni-donem-yeni-dini-lider-mucteba-hamaney-oldu#primaryimage"},"thumbnailUrl":"https:\/\/epochtimestr.com\/wp-content\/uploads\/2011y\/1000034502.jpg","keywords":["ABD \u0130ran sava\u015f\u0131","Ayetullah Ali Hamaney","CENTCOM","\u0130ran \u0130slam Cumhuriyeti","\u0130ran yeni d\u00f6nemi","\u0130ran\u2019\u0131n dini lideri","IRGC","M\u00fccteba Hamaney","Trump"],"articleSection":["D\u00dcNYA","G\u00dcNDEM","MAN\u015eET"],"inLanguage":"tr","potentialAction":[{"@type":"CommentAction","name":"Comment","target":["https:\/\/epochtimestr.com\/index.php\/iranda-yeni-donem-yeni-dini-lider-mucteba-hamaney-oldu#respond"]}]},{"@type":"WebPage","@id":"https:\/\/epochtimestr.com\/index.php\/iranda-yeni-donem-yeni-dini-lider-mucteba-hamaney-oldu","url":"https:\/\/epochtimestr.com\/index.php\/iranda-yeni-donem-yeni-dini-lider-mucteba-hamaney-oldu","name":"\u0130ran\u2019da Yeni D\u00f6nem: Yeni Dini Lider M\u00fccteba Hamaney Oldu - The Epoch Times TR","isPartOf":{"@id":"https:\/\/epochtimestr.com\/#website"},"primaryImageOfPage":{"@id":"https:\/\/epochtimestr.com\/index.php\/iranda-yeni-donem-yeni-dini-lider-mucteba-hamaney-oldu#primaryimage"},"image":{"@id":"https:\/\/epochtimestr.com\/index.php\/iranda-yeni-donem-yeni-dini-lider-mucteba-hamaney-oldu#primaryimage"},"thumbnailUrl":"https:\/\/epochtimestr.com\/wp-content\/uploads\/2011y\/1000034502.jpg","datePublished":"2026-03-09T11:07:13+00:00","dateModified":"2026-03-09T11:07:17+00:00","description":"ABD ve \u0130srail sald\u0131r\u0131lar\u0131nda hayat\u0131n\u0131 kaybeden Ali Hamaney\u2019in ard\u0131ndan \u0130ran\u2019da dini liderlik g\u00f6revine o\u011flu M\u00fccteba Hamaney getirildi.","inLanguage":"tr","potentialAction":[{"@type":"ReadAction","target":["https:\/\/epochtimestr.com\/index.php\/iranda-yeni-donem-yeni-dini-lider-mucteba-hamaney-oldu"]}]},{"@type":"ImageObject","inLanguage":"tr","@id":"https:\/\/epochtimestr.com\/index.php\/iranda-yeni-donem-yeni-dini-lider-mucteba-hamaney-oldu#primaryimage","url":"https:\/\/epochtimestr.com\/wp-content\/uploads\/2011y\/1000034502.jpg","contentUrl":"https:\/\/epochtimestr.com\/wp-content\/uploads\/2011y\/1000034502.jpg","width":1080,"height":720},{"@type":"WebSite","@id":"https:\/\/epochtimestr.com\/#website","url":"https:\/\/epochtimestr.com\/","name":"The Epoch Times TR","description":"De\u011fi\u015fen D\u00fcnyam\u0131za Taze Bir Bak\u0131\u015f","publisher":{"@id":"https:\/\/epochtimestr.com\/#organization"},"potentialAction":[{"@type":"SearchAction","target":{"@type":"EntryPoint","urlTemplate":"https:\/\/epochtimestr.com\/?s={search_term_string}"},"query-input":"required name=search_term_string"}],"inLanguage":"tr"},{"@type":"Organization","@id":"https:\/\/epochtimestr.com\/#organization","name":"The EpochTimes T\u00fcrkiye","url":"https:\/\/epochtimestr.com\/","logo":{"@type":"ImageObject","inLanguage":"tr","@id":"https:\/\/epochtimestr.com\/#\/schema\/logo\/image\/","url":"https:\/\/epochtimestr.com\/wp-content\/uploads\/2011y\/ET-Logo-YG.jpg","contentUrl":"https:\/\/epochtimestr.com\/wp-content\/uploads\/2011y\/ET-Logo-YG.jpg","width":346,"height":29,"caption":"The EpochTimes T\u00fcrkiye"},"image":{"@id":"https:\/\/epochtimestr.com\/#\/schema\/logo\/image\/"},"sameAs":["https:\/\/www.facebook.com\/theepochtimestr","https:\/\/x.com\/TheEpochTimesTR","https:\/\/www.instagram.com\/epochtimestr"]},{"@type":"Person","@id":"https:\/\/epochtimestr.com\/#\/schema\/person\/5fef218711d76d8f232b0e1f1d7e4c0d","name":"Leo Bajelan","image":{"@type":"ImageObject","inLanguage":"tr","@id":"https:\/\/epochtimestr.com\/#\/schema\/person\/image\/","url":"https:\/\/secure.gravatar.com\/avatar\/917669146f489549e548a2e9af272df5?s=96&d=mm&r=g","contentUrl":"https:\/\/secure.gravatar.com\/avatar\/917669146f489549e548a2e9af272df5?s=96&d=mm&r=g","caption":"Leo Bajelan"},"url":"https:\/\/epochtimestr.com\/index.php\/author\/leo"}]}},"_links":{"self":[{"href":"https:\/\/epochtimestr.com\/index.php\/wp-json\/wp\/v2\/posts\/166142"}],"collection":[{"href":"https:\/\/epochtimestr.com\/index.php\/wp-json\/wp\/v2\/posts"}],"about":[{"href":"https:\/\/epochtimestr.com\/index.php\/wp-json\/wp\/v2\/types\/post"}],"author":[{"embeddable":true,"href":"https:\/\/epochtimestr.com\/index.php\/wp-json\/wp\/v2\/users\/13996"}],"replies":[{"embeddable":true,"href":"https:\/\/epochtimestr.com\/index.php\/wp-json\/wp\/v2\/comments?post=166142"}],"version-history":[{"count":2,"href":"https:\/\/epochtimestr.com\/index.php\/wp-json\/wp\/v2\/posts\/166142\/revisions"}],"predecessor-version":[{"id":166165,"href":"https:\/\/epochtimestr.com\/index.php\/wp-json\/wp\/v2\/posts\/166142\/revisions\/166165"}],"wp:featuredmedia":[{"embeddable":true,"href":"https:\/\/epochtimestr.com\/index.php\/wp-json\/wp\/v2\/media\/166145"}],"wp:attachment":[{"href":"https:\/\/epochtimestr.com\/index.php\/wp-json\/wp\/v2\/media?parent=166142"}],"wp:term":[{"taxonomy":"category","embeddable":true,"href":"https:\/\/epochtimestr.com\/index.php\/wp-json\/wp\/v2\/categories?post=166142"},{"taxonomy":"post_tag","embeddable":true,"href":"https:\/\/epochtimestr.com\/index.php\/wp-json\/wp\/v2\/tags?post=166142"}],"curies":[{"name":"wp","href":"https:\/\/api.w.org\/{rel}","templated":true}]}}