{"id":166143,"date":"2026-03-09T09:56:29","date_gmt":"2026-03-09T06:56:29","guid":{"rendered":"https:\/\/epochtimestr.com\/?p=166143"},"modified":"2026-03-09T13:43:18","modified_gmt":"2026-03-09T10:43:18","slug":"denge2","status":"publish","type":"post","link":"https:\/\/epochtimestr.com\/index.php\/denge2","title":{"rendered":"Denge"},"content":{"rendered":"\n<p class=\"has-text-align-right\"><em>\u201cBir a\u011fa\u00e7 gibi tek ve h\u00fcr, bir orman gibi karde\u015f\u00e7esine\u2026\u201d N\u00e2z\u0131m Hikmet<\/em><\/p>\n\n\n\n<p>Gece yar\u0131s\u0131n\u0131 \u00e7oktan ge\u00e7mi\u015fti. Ay \u0131\u015f\u0131\u011f\u0131, g\u00f6l\u00fcn \u00e7evresine \u00fc\u00e7 g\u00fcnd\u00fcr ya\u011fan kar\u0131 daha bir parlat\u0131yordu. \u0130ki gen\u00e7 adam arabalar\u0131ndan inip, avlayacaklar\u0131 bal\u0131klar\u0131, b\u00f6celeri ararken g\u00f6lde bir sa\u011fa bir sola y\u00fczen ku\u015flar\u0131n karalt\u0131s\u0131n\u0131, suda parlayan \u0131\u015f\u0131kta b\u0131rakt\u0131klar\u0131 izleri seyrettiler. Uzaktaki k\u00f6ylerde k\u00f6peklerin havlad\u0131klar\u0131 duyuluyordu. G\u00f6lden esen r\u00fczg\u00e2r\u0131n suyun y\u00fczeyinden getirdi\u011fi sesle, ku\u015flar\u0131n sesleri \u00f6ne \u00e7\u0131k\u0131yordu. \u0130ki adam hi\u00e7 konu\u015fmad\u0131lar. Bir arac\u0131n ge\u00e7i\u015fine izin veren karl\u0131 yol, g\u00f6l\u00fcn \u00e7evresini k\u0131vr\u0131larak dolan\u0131yordu. Tekrar yola koyuldular.<\/p>\n\n\n\n<p>G\u00f6l k\u0131y\u0131s\u0131nda bir bal\u0131k\u00e7\u0131 lokantas\u0131nda durdular. Bacas\u0131ndan \u00e7\u0131kan dumandan i\u00e7eride kuvvetlice yanan bir soba oldu\u011fu belliydi. \u00c7evreye yay\u0131lan kokudan \u00fczerinde pi\u015feni kestirmek zor de\u011fildi. A\u011f\u0131r kap\u0131y\u0131 zorlayarak i\u00e7eri girdiler. B\u00fcy\u00fck bir salonda tahta masa ve iskemleler pencere \u00f6nlerine dizilmi\u015f,\u00a0ortadaki sobada yanan me\u015fe odunu tavan\u0131 ayd\u0131nlat\u0131yordu. Alevler \u00e7\u0131t\u0131rdamayla y\u00fckseliyor, bo\u015f salonun duvarlar\u0131na vuran siluetler belirginle\u015fiyordu. Tavanda eski bir a\u011f geriliydi. \u0130\u00e7erisi bal\u0131k kokuyordu. Alevler s\u00f6n\u00fcmlendi\u011finde pencerelerden kar\u0131n yans\u0131tt\u0131\u011f\u0131 ay \u0131\u015f\u0131\u011f\u0131n\u0131n beyazl\u0131\u011f\u0131 \u00f6ne \u00e7\u0131k\u0131yordu.<\/p>\n\n\n\n<p>Lokantac\u0131 mutfaktan biraz yorgun ve uykusuz geldi. Soban\u0131n \u00fczerinde kaynayan geni\u015f tencerenin kapa\u011f\u0131n\u0131 sol elindeki havluyla tutarak a\u00e7t\u0131; tencerede pi\u015fen mekeleri sa\u011f elindeki kep\u00e7eyle saat y\u00f6n\u00fcnde d\u00f6nd\u00fcrerek yava\u015f yava\u015f kar\u0131\u015ft\u0131r\u0131yordu. Tencereye burnunu uzatt\u0131. Yeme\u011fin kokusundan pi\u015fip pi\u015fmedi\u011fini kestirmeye \u00e7al\u0131\u015ft\u0131. Kep\u00e7eyi b\u0131rak\u0131p yak\u0131ndaki masadan karabiber kavanozunu ald\u0131. Bir tutam tencerenin \u00fczerine serpti. Salondaki \u00e7orba kokusu, gelenleri \u00e7orban\u0131n tad\u0131na hemen bakmaya zorluyordu.<\/p>\n\n\n\n<p>\u0130ki adam soban\u0131n \u00e7evresinde, ellerini ovu\u015fturarak \u0131s\u0131tt\u0131lar. Pa\u00e7alar\u0131ndaki kar\u0131 silkelediler ve az da olsa \u0131slanm\u0131\u015f pa\u00e7alar\u0131n\u0131, ayakkab\u0131lar\u0131n\u0131 kurutmak i\u00e7in sobaya yakla\u015ft\u0131r\u0131yorlard\u0131. So\u011fuktan donmu\u015f elleri, ayaklar\u0131, hatta kulak kep\u00e7eleri \u0131s\u0131nd\u0131k\u00e7a s\u0131zl\u0131yordu. Masaya ge\u00e7ip \u00e7orbalar\u0131n\u0131 i\u00e7tiler.<\/p>\n\n\n\n<p>I\u015f\u0131kl\u0131 G\u00f6l\u00fc\u2019n\u00fcn \u00e7evresindeki pek \u00e7ok k\u00f6y, ge\u00e7imini b\u00f6ce (kerevit) ya da bal\u0131k avlayarak sa\u011fl\u0131yordu. G\u00f6le ya\u015fam veren Akda\u011f, y\u00f6redeki en y\u00fcksek da\u011flardan biriydi. P\u0131narlar\u0131yla, vadilerinde akan dereleriyle I\u015f\u0131kl\u0131 G\u00f6l\u00fc\u2019n\u00fc emziriyordu. \u00d6yle lezzetli bir suyu vard\u0131 ki kerevitleri Avrupa\u2019n\u0131n kuzeyindeki mutfaklarda, \u00f6zellikle Noel\u2019de ayr\u0131 bir yere sahipti.<\/p>\n\n\n\n<p>Akda\u011f\u2019\u0131n g\u00fcney yama\u00e7lar\u0131 e\u011fimli koyaklarla ba\u015flar, ilerledik\u00e7e kaya teraslar\u0131 t\u0131rmanmay\u0131 zorla\u015ft\u0131r\u0131rd\u0131. \u0130ki gen\u00e7 adam ertesi sabah Beydilli K\u00f6y\u00fc\u2019n\u00fcn bat\u0131s\u0131ndaki vadiden y\u00fckselmeye ba\u015flad\u0131lar. Hava tipiye d\u00f6nd\u00fc. Ekipmanlar\u0131 k\u0131\u015f i\u00e7in yetersizdi. Zirveye ula\u015fmak olanaks\u0131zd\u0131. Geri d\u00f6nmeye karar verdiler. D\u00f6n\u00fc\u015f yolunda, kar\u0131n i\u00e7inden boynunu \u00e7\u0131karm\u0131\u015f kardelenlere rastlad\u0131lar. \u015eehre d\u00f6nd\u00fcklerinde toplad\u0131klar\u0131 kardelenleri, kurutup bir panoya yerle\u015ftirdiler.<\/p>\n\n\n\n<p>Yaza do\u011fru, bir bitki bilimci ziyaretlerine gelmi\u015f, panodaki kardelenleri fark etmi\u015fti. B\u00f6lgenin floras\u0131 hakk\u0131nda doktora tezi haz\u0131rl\u0131yordu. Dan\u0131\u015fmanlar\u0131, tezde kardelenlerin eksik oldu\u011funu belirtince yine geldi. Kardelenlerin topland\u0131\u011f\u0131 yere gitmek \u00fczere yola \u00e7\u0131kt\u0131lar.<\/p>\n\n\n\n<p>O s\u0131rada g\u00f6lde bir Japon ara\u015ft\u0131r\u0131c\u0131 polenleri ara\u015ft\u0131rmak i\u00e7in g\u00f6l\u00fcn taban\u0131ndan \u00e7amur \u00f6rne\u011fi al\u0131yordu. Geldiklerinde Mi\u015fimira, zodyak botuyla g\u00f6l\u00fcn i\u00e7inde, a\u011flar\u0131 ve di\u011fer malzemeleri suyun i\u00e7indeydi. Uzun bir metal boruyu g\u00f6l\u00fcn taban\u0131na \u00e7ak\u0131yor, i\u00e7i \u00e7amurla dolan boruyu Japonya\u2019ya g\u00f6nderiyor ve her milimindeki polenleri inceliyorlard\u0131. Binlerce y\u0131ll\u0131k bitki ve k\u00fclt\u00fcr tarihini \u00f6\u011freniyorlard\u0131. Toprak \u00f6rnekleri almada \u00e7ok yetkin bu tan\u0131nm\u0131\u015f bilim insan\u0131n\u0131, Mi\u015fimira\u2019y\u0131 yanlar\u0131na ald\u0131lar. T\u00fcm g\u00fcn\u00fc bitki ve toprak \u00f6rne\u011fi derleyerek, notlar alarak ge\u00e7irdiler.<\/p>\n\n\n\n<p>Ertesi bahar, g\u00f6lde avlanan k\u00f6ylerden feryat y\u00fckseldi; b\u00f6celerde veba (\u2018plaque\u2019, bir mantar hastal\u0131\u011f\u0131) vard\u0131. Kerevit h\u0131zla yok oldu\u2026 Hastal\u0131\u011f\u0131n ortadan kalkmas\u0131, kerevitin eski d\u00fczeyine gelmesi y\u00fcz y\u0131l s\u00fcrecekti.<\/p>\n\n\n\n<p>Mi\u015fimira, Avrupa\u2019daki hastal\u0131kl\u0131 g\u00f6llerden \u00f6rnek toplayarak gelmi\u015fti. I\u015f\u0131kl\u0131\u2019dan sonra \u00fclkemizde \u00f6rnek toplad\u0131\u011f\u0131 g\u00f6llerden de benzer hastal\u0131k haberleri geliyordu. Kulland\u0131\u011f\u0131 a\u011flarla bula\u015ft\u0131rm\u0131\u015f olabilirdi. Bir bilim insan\u0131n\u0131n bunu \u00f6ng\u00f6rmemi\u015f olmas\u0131 olanaks\u0131zd\u0131. Nitekim Japonya, d\u00fcnya kerevit pazar\u0131nda tekeldi.<\/p>\n\n\n\n<p>Ard\u0131ndan ya\u015fanan geli\u015fmeler konumuzun ba\u015fl\u0131\u011f\u0131na \u0131\u015f\u0131k tutacakt\u0131r. I\u015f\u0131kl\u0131 g\u00f6l\u00fcnde avlanan di\u011fer su \u00fcr\u00fcn\u00fc, eti lezzetli olan, k\u00f6yl\u00fcn\u00fcn di\u015fli dedi\u011fi turna bal\u0131\u011f\u0131yd\u0131. K\u00f6yler ayakta kalabilmek i\u00e7in di\u015fliye y\u00f6neldiler. G\u00f6lde di\u015fli h\u0131zla azald\u0131. Di\u015fli, avc\u0131 bir bal\u0131kt\u0131, sazanla beslenirdi. Sazan tercih edilmezdi, turnaya g\u00f6re lezzetsizdi. Art\u0131k di\u015fli azal\u0131nca g\u00f6lden \u00e7ok b\u00fcy\u00fck sazanlar \u00e7\u0131kmaya ba\u015flam\u0131\u015ft\u0131.<\/p>\n\n\n\n<p>Tek a\u011fa\u00e7, ne kadar h\u00fcrd\u00fcr? \u0130kinci\u2026 \u00fc\u00e7\u00fcnc\u00fc&#8230; d\u00f6rd\u00fcnc\u00fc a\u011fac\u0131 dikmeyi d\u00fc\u015f\u00fcnmeyip, baltas\u0131n\u0131 kap\u0131p gelen, &#8220;ba\u015fkalar\u0131 kesmeden \u015funu ben keseyim,&#8221; diyen adam kar\u015f\u0131s\u0131nda \u015fans\u0131 nedir? Di\u011fer yandan bin bir \u00e7e\u015fit bitki i\u00e7eren, ulu a\u011fa\u00e7lardan, sarma\u015f\u0131klardan \u00e7al\u0131lara, k\u00fc\u00e7\u00fck otlara, mantarlara, ar\u0131lara, kar\u0131ncalara yuva olan ormanda ne kadar karde\u015flik vard\u0131r?<\/p>\n\n\n\n<p>Ormanda da bitkiler ve di\u011fer canl\u0131lar aras\u0131nda k\u0131yas\u0131ya bir ya\u015fam m\u00fccadelesi vard\u0131r. Zamanla bu m\u00fccadele yok olmaz ama en aza iner, huzur ba\u015flar. Bitkiler aras\u0131nda, hayvanlar aras\u0131nda ya da canl\u0131lar ars\u0131nda bir denge olu\u015fmu\u015ftur. Ormanda gezerken duydu\u011fumuz huzur, bu dengedir.\u00a0\u0130nsan topluluklar\u0131 da, k\u00f6yler, kasabalar ya da \u015fehirler de b\u00f6yledir. Denge olu\u015ftuysa huzuru hissederiz. Ta ki g\u00fcn\u00fcn birinde biri \u00e7\u0131k\u0131p hakk\u0131ndan daha fazlas\u0131n\u0131 isteyene, daha fazlas\u0131n\u0131 hak etti\u011fini s\u00f6yleyene kadar. B\u00f6yleleri g\u00fc\u00e7 kullan\u0131r ve dengeyi bozar. Ama evren enerjisini denge kurmak i\u00e7in harcar ve eninde sonunda denge yeniden olu\u015fur.<\/p>\n","protected":false},"excerpt":{"rendered":"<p>\u201cBir a\u011fa\u00e7 gibi tek ve h\u00fcr, bir orman gibi karde\u015f\u00e7esine\u2026\u201d N\u00e2z\u0131m Hikmet Gece yar\u0131s\u0131n\u0131 \u00e7oktan ge\u00e7mi\u015fti. Ay \u0131\u015f\u0131\u011f\u0131, g\u00f6l\u00fcn \u00e7evresine \u00fc\u00e7 g\u00fcnd\u00fcr ya\u011fan kar\u0131 daha bir parlat\u0131yordu. \u0130ki gen\u00e7 adam arabalar\u0131ndan inip, avlayacaklar\u0131 bal\u0131klar\u0131, b\u00f6celeri ararken g\u00f6lde bir sa\u011fa bir sola y\u00fczen ku\u015flar\u0131n karalt\u0131s\u0131n\u0131, suda parlayan \u0131\u015f\u0131kta b\u0131rakt\u0131klar\u0131 izleri seyrettiler. Uzaktaki k\u00f6ylerde k\u00f6peklerin havlad\u0131klar\u0131 duyuluyordu. [&hellip;]<\/p>\n","protected":false},"author":14010,"featured_media":166141,"comment_status":"open","ping_status":"open","sticky":false,"template":"","format":"standard","meta":{"_yoast_wpseo_focuskw":"Denge","_yoast_wpseo_title":"","_yoast_wpseo_metadesc":"Birileri g\u00fc\u00e7 kullan\u0131r ve dengeyi bozar. Ama evren enerjisini denge kurmak i\u00e7in harcar ve eninde sonunda denge yeniden olu\u015fur.","_bbp_topic_count":0,"_bbp_reply_count":0,"_bbp_total_topic_count":0,"_bbp_total_reply_count":0,"_bbp_voice_count":0,"_bbp_anonymous_reply_count":0,"_bbp_topic_count_hidden":0,"_bbp_reply_count_hidden":0,"_bbp_forum_subforum_count":0,"footnotes":"","_yoast_wpseo_focuskw_text_input":""},"categories":[10976],"tags":[],"yoast_head":"<!-- This site is optimized with the Yoast SEO plugin v23.0 - https:\/\/yoast.com\/wordpress\/plugins\/seo\/ -->\n<title>Denge - The Epoch Times TR<\/title>\n<meta name=\"description\" content=\"Birileri g\u00fc\u00e7 kullan\u0131r ve dengeyi bozar. Ama evren enerjisini denge kurmak i\u00e7in harcar ve eninde sonunda denge yeniden olu\u015fur.\" \/>\n<meta name=\"robots\" content=\"index, follow, max-snippet:-1, max-image-preview:large, max-video-preview:-1\" \/>\n<link rel=\"canonical\" href=\"https:\/\/epochtimestr.com\/index.php\/denge2\" \/>\n<meta property=\"og:locale\" content=\"tr_TR\" \/>\n<meta property=\"og:type\" content=\"article\" \/>\n<meta property=\"og:title\" content=\"Denge - The Epoch Times TR\" \/>\n<meta property=\"og:description\" content=\"Birileri g\u00fc\u00e7 kullan\u0131r ve dengeyi bozar. Ama evren enerjisini denge kurmak i\u00e7in harcar ve eninde sonunda denge yeniden olu\u015fur.\" \/>\n<meta property=\"og:url\" content=\"https:\/\/epochtimestr.com\/index.php\/denge2\" \/>\n<meta property=\"og:site_name\" content=\"The Epoch Times TR\" \/>\n<meta property=\"article:publisher\" content=\"https:\/\/www.facebook.com\/theepochtimestr\" \/>\n<meta property=\"article:published_time\" content=\"2026-03-09T06:56:29+00:00\" \/>\n<meta property=\"article:modified_time\" content=\"2026-03-09T10:43:18+00:00\" \/>\n<meta property=\"og:image\" content=\"https:\/\/epochtimestr.com\/wp-content\/uploads\/2011y\/Erkan-Ozaydin-SM.png\" \/>\n\t<meta property=\"og:image:width\" content=\"1200\" \/>\n\t<meta property=\"og:image:height\" content=\"630\" \/>\n\t<meta property=\"og:image:type\" content=\"image\/png\" \/>\n<meta name=\"author\" content=\"Erkan \u00d6zayd\u0131n\" \/>\n<meta name=\"twitter:card\" content=\"summary_large_image\" \/>\n<meta name=\"twitter:creator\" content=\"@TheEpochTimesTR\" \/>\n<meta name=\"twitter:site\" content=\"@TheEpochTimesTR\" \/>\n<meta name=\"twitter:label1\" content=\"Yazan:\" \/>\n\t<meta name=\"twitter:data1\" content=\"Erkan \u00d6zayd\u0131n\" \/>\n\t<meta name=\"twitter:label2\" content=\"Tahmini okuma s\u00fcresi\" \/>\n\t<meta name=\"twitter:data2\" content=\"5 dakika\" \/>\n<script type=\"application\/ld+json\" class=\"yoast-schema-graph\">{\"@context\":\"https:\/\/schema.org\",\"@graph\":[{\"@type\":\"Article\",\"@id\":\"https:\/\/epochtimestr.com\/index.php\/denge2#article\",\"isPartOf\":{\"@id\":\"https:\/\/epochtimestr.com\/index.php\/denge2\"},\"author\":{\"name\":\"Erkan \u00d6zayd\u0131n\",\"@id\":\"https:\/\/epochtimestr.com\/#\/schema\/person\/8b779c2a2f9b04e7b800c473bf5f9e40\"},\"headline\":\"Denge\",\"datePublished\":\"2026-03-09T06:56:29+00:00\",\"dateModified\":\"2026-03-09T10:43:18+00:00\",\"mainEntityOfPage\":{\"@id\":\"https:\/\/epochtimestr.com\/index.php\/denge2\"},\"wordCount\":1055,\"commentCount\":0,\"publisher\":{\"@id\":\"https:\/\/epochtimestr.com\/#organization\"},\"image\":{\"@id\":\"https:\/\/epochtimestr.com\/index.php\/denge2#primaryimage\"},\"thumbnailUrl\":\"https:\/\/epochtimestr.com\/wp-content\/uploads\/2011y\/Osman-Erkan-Ozaydin.jpg\",\"articleSection\":[\"K\u00f6\u015fe Yaz\u0131lar\u0131 Osman Erkan \u00d6zayd\u0131n\"],\"inLanguage\":\"tr\",\"potentialAction\":[{\"@type\":\"CommentAction\",\"name\":\"Comment\",\"target\":[\"https:\/\/epochtimestr.com\/index.php\/denge2#respond\"]}]},{\"@type\":\"WebPage\",\"@id\":\"https:\/\/epochtimestr.com\/index.php\/denge2\",\"url\":\"https:\/\/epochtimestr.com\/index.php\/denge2\",\"name\":\"Denge - The Epoch Times TR\",\"isPartOf\":{\"@id\":\"https:\/\/epochtimestr.com\/#website\"},\"primaryImageOfPage\":{\"@id\":\"https:\/\/epochtimestr.com\/index.php\/denge2#primaryimage\"},\"image\":{\"@id\":\"https:\/\/epochtimestr.com\/index.php\/denge2#primaryimage\"},\"thumbnailUrl\":\"https:\/\/epochtimestr.com\/wp-content\/uploads\/2011y\/Osman-Erkan-Ozaydin.jpg\",\"datePublished\":\"2026-03-09T06:56:29+00:00\",\"dateModified\":\"2026-03-09T10:43:18+00:00\",\"description\":\"Birileri g\u00fc\u00e7 kullan\u0131r ve dengeyi bozar. Ama evren enerjisini denge kurmak i\u00e7in harcar ve eninde sonunda denge yeniden olu\u015fur.\",\"inLanguage\":\"tr\",\"potentialAction\":[{\"@type\":\"ReadAction\",\"target\":[\"https:\/\/epochtimestr.com\/index.php\/denge2\"]}]},{\"@type\":\"ImageObject\",\"inLanguage\":\"tr\",\"@id\":\"https:\/\/epochtimestr.com\/index.php\/denge2#primaryimage\",\"url\":\"https:\/\/epochtimestr.com\/wp-content\/uploads\/2011y\/Osman-Erkan-Ozaydin.jpg\",\"contentUrl\":\"https:\/\/epochtimestr.com\/wp-content\/uploads\/2011y\/Osman-Erkan-Ozaydin.jpg\",\"width\":600,\"height\":600},{\"@type\":\"WebSite\",\"@id\":\"https:\/\/epochtimestr.com\/#website\",\"url\":\"https:\/\/epochtimestr.com\/\",\"name\":\"The Epoch Times TR\",\"description\":\"De\u011fi\u015fen D\u00fcnyam\u0131za Taze Bir Bak\u0131\u015f\",\"publisher\":{\"@id\":\"https:\/\/epochtimestr.com\/#organization\"},\"potentialAction\":[{\"@type\":\"SearchAction\",\"target\":{\"@type\":\"EntryPoint\",\"urlTemplate\":\"https:\/\/epochtimestr.com\/?s={search_term_string}\"},\"query-input\":\"required name=search_term_string\"}],\"inLanguage\":\"tr\"},{\"@type\":\"Organization\",\"@id\":\"https:\/\/epochtimestr.com\/#organization\",\"name\":\"The EpochTimes T\u00fcrkiye\",\"url\":\"https:\/\/epochtimestr.com\/\",\"logo\":{\"@type\":\"ImageObject\",\"inLanguage\":\"tr\",\"@id\":\"https:\/\/epochtimestr.com\/#\/schema\/logo\/image\/\",\"url\":\"https:\/\/epochtimestr.com\/wp-content\/uploads\/2011y\/ET-Logo-YG.jpg\",\"contentUrl\":\"https:\/\/epochtimestr.com\/wp-content\/uploads\/2011y\/ET-Logo-YG.jpg\",\"width\":346,\"height\":29,\"caption\":\"The EpochTimes T\u00fcrkiye\"},\"image\":{\"@id\":\"https:\/\/epochtimestr.com\/#\/schema\/logo\/image\/\"},\"sameAs\":[\"https:\/\/www.facebook.com\/theepochtimestr\",\"https:\/\/x.com\/TheEpochTimesTR\",\"https:\/\/www.instagram.com\/epochtimestr\"]},{\"@type\":\"Person\",\"@id\":\"https:\/\/epochtimestr.com\/#\/schema\/person\/8b779c2a2f9b04e7b800c473bf5f9e40\",\"name\":\"Erkan \u00d6zayd\u0131n\",\"image\":{\"@type\":\"ImageObject\",\"inLanguage\":\"tr\",\"@id\":\"https:\/\/epochtimestr.com\/#\/schema\/person\/image\/\",\"url\":\"https:\/\/secure.gravatar.com\/avatar\/b3ddeb5153599c4db07e15e361a1c7af?s=96&d=mm&r=g\",\"contentUrl\":\"https:\/\/secure.gravatar.com\/avatar\/b3ddeb5153599c4db07e15e361a1c7af?s=96&d=mm&r=g\",\"caption\":\"Erkan \u00d6zayd\u0131n\"},\"url\":\"https:\/\/epochtimestr.com\/index.php\/author\/erkan\"}]}<\/script>\n<!-- \/ Yoast SEO plugin. -->","yoast_head_json":{"title":"Denge - The Epoch Times TR","description":"Birileri g\u00fc\u00e7 kullan\u0131r ve dengeyi bozar. Ama evren enerjisini denge kurmak i\u00e7in harcar ve eninde sonunda denge yeniden olu\u015fur.","robots":{"index":"index","follow":"follow","max-snippet":"max-snippet:-1","max-image-preview":"max-image-preview:large","max-video-preview":"max-video-preview:-1"},"canonical":"https:\/\/epochtimestr.com\/index.php\/denge2","og_locale":"tr_TR","og_type":"article","og_title":"Denge - The Epoch Times TR","og_description":"Birileri g\u00fc\u00e7 kullan\u0131r ve dengeyi bozar. Ama evren enerjisini denge kurmak i\u00e7in harcar ve eninde sonunda denge yeniden olu\u015fur.","og_url":"https:\/\/epochtimestr.com\/index.php\/denge2","og_site_name":"The Epoch Times TR","article_publisher":"https:\/\/www.facebook.com\/theepochtimestr","article_published_time":"2026-03-09T06:56:29+00:00","article_modified_time":"2026-03-09T10:43:18+00:00","og_image":[{"width":1200,"height":630,"url":"https:\/\/epochtimestr.com\/wp-content\/uploads\/2011y\/Erkan-Ozaydin-SM.png","type":"image\/png"}],"author":"Erkan \u00d6zayd\u0131n","twitter_card":"summary_large_image","twitter_creator":"@TheEpochTimesTR","twitter_site":"@TheEpochTimesTR","twitter_misc":{"Yazan:":"Erkan \u00d6zayd\u0131n","Tahmini okuma s\u00fcresi":"5 dakika"},"schema":{"@context":"https:\/\/schema.org","@graph":[{"@type":"Article","@id":"https:\/\/epochtimestr.com\/index.php\/denge2#article","isPartOf":{"@id":"https:\/\/epochtimestr.com\/index.php\/denge2"},"author":{"name":"Erkan \u00d6zayd\u0131n","@id":"https:\/\/epochtimestr.com\/#\/schema\/person\/8b779c2a2f9b04e7b800c473bf5f9e40"},"headline":"Denge","datePublished":"2026-03-09T06:56:29+00:00","dateModified":"2026-03-09T10:43:18+00:00","mainEntityOfPage":{"@id":"https:\/\/epochtimestr.com\/index.php\/denge2"},"wordCount":1055,"commentCount":0,"publisher":{"@id":"https:\/\/epochtimestr.com\/#organization"},"image":{"@id":"https:\/\/epochtimestr.com\/index.php\/denge2#primaryimage"},"thumbnailUrl":"https:\/\/epochtimestr.com\/wp-content\/uploads\/2011y\/Osman-Erkan-Ozaydin.jpg","articleSection":["K\u00f6\u015fe Yaz\u0131lar\u0131 Osman Erkan \u00d6zayd\u0131n"],"inLanguage":"tr","potentialAction":[{"@type":"CommentAction","name":"Comment","target":["https:\/\/epochtimestr.com\/index.php\/denge2#respond"]}]},{"@type":"WebPage","@id":"https:\/\/epochtimestr.com\/index.php\/denge2","url":"https:\/\/epochtimestr.com\/index.php\/denge2","name":"Denge - The Epoch Times TR","isPartOf":{"@id":"https:\/\/epochtimestr.com\/#website"},"primaryImageOfPage":{"@id":"https:\/\/epochtimestr.com\/index.php\/denge2#primaryimage"},"image":{"@id":"https:\/\/epochtimestr.com\/index.php\/denge2#primaryimage"},"thumbnailUrl":"https:\/\/epochtimestr.com\/wp-content\/uploads\/2011y\/Osman-Erkan-Ozaydin.jpg","datePublished":"2026-03-09T06:56:29+00:00","dateModified":"2026-03-09T10:43:18+00:00","description":"Birileri g\u00fc\u00e7 kullan\u0131r ve dengeyi bozar. Ama evren enerjisini denge kurmak i\u00e7in harcar ve eninde sonunda denge yeniden olu\u015fur.","inLanguage":"tr","potentialAction":[{"@type":"ReadAction","target":["https:\/\/epochtimestr.com\/index.php\/denge2"]}]},{"@type":"ImageObject","inLanguage":"tr","@id":"https:\/\/epochtimestr.com\/index.php\/denge2#primaryimage","url":"https:\/\/epochtimestr.com\/wp-content\/uploads\/2011y\/Osman-Erkan-Ozaydin.jpg","contentUrl":"https:\/\/epochtimestr.com\/wp-content\/uploads\/2011y\/Osman-Erkan-Ozaydin.jpg","width":600,"height":600},{"@type":"WebSite","@id":"https:\/\/epochtimestr.com\/#website","url":"https:\/\/epochtimestr.com\/","name":"The Epoch Times TR","description":"De\u011fi\u015fen D\u00fcnyam\u0131za Taze Bir Bak\u0131\u015f","publisher":{"@id":"https:\/\/epochtimestr.com\/#organization"},"potentialAction":[{"@type":"SearchAction","target":{"@type":"EntryPoint","urlTemplate":"https:\/\/epochtimestr.com\/?s={search_term_string}"},"query-input":"required name=search_term_string"}],"inLanguage":"tr"},{"@type":"Organization","@id":"https:\/\/epochtimestr.com\/#organization","name":"The EpochTimes T\u00fcrkiye","url":"https:\/\/epochtimestr.com\/","logo":{"@type":"ImageObject","inLanguage":"tr","@id":"https:\/\/epochtimestr.com\/#\/schema\/logo\/image\/","url":"https:\/\/epochtimestr.com\/wp-content\/uploads\/2011y\/ET-Logo-YG.jpg","contentUrl":"https:\/\/epochtimestr.com\/wp-content\/uploads\/2011y\/ET-Logo-YG.jpg","width":346,"height":29,"caption":"The EpochTimes T\u00fcrkiye"},"image":{"@id":"https:\/\/epochtimestr.com\/#\/schema\/logo\/image\/"},"sameAs":["https:\/\/www.facebook.com\/theepochtimestr","https:\/\/x.com\/TheEpochTimesTR","https:\/\/www.instagram.com\/epochtimestr"]},{"@type":"Person","@id":"https:\/\/epochtimestr.com\/#\/schema\/person\/8b779c2a2f9b04e7b800c473bf5f9e40","name":"Erkan \u00d6zayd\u0131n","image":{"@type":"ImageObject","inLanguage":"tr","@id":"https:\/\/epochtimestr.com\/#\/schema\/person\/image\/","url":"https:\/\/secure.gravatar.com\/avatar\/b3ddeb5153599c4db07e15e361a1c7af?s=96&d=mm&r=g","contentUrl":"https:\/\/secure.gravatar.com\/avatar\/b3ddeb5153599c4db07e15e361a1c7af?s=96&d=mm&r=g","caption":"Erkan \u00d6zayd\u0131n"},"url":"https:\/\/epochtimestr.com\/index.php\/author\/erkan"}]}},"_links":{"self":[{"href":"https:\/\/epochtimestr.com\/index.php\/wp-json\/wp\/v2\/posts\/166143"}],"collection":[{"href":"https:\/\/epochtimestr.com\/index.php\/wp-json\/wp\/v2\/posts"}],"about":[{"href":"https:\/\/epochtimestr.com\/index.php\/wp-json\/wp\/v2\/types\/post"}],"author":[{"embeddable":true,"href":"https:\/\/epochtimestr.com\/index.php\/wp-json\/wp\/v2\/users\/14010"}],"replies":[{"embeddable":true,"href":"https:\/\/epochtimestr.com\/index.php\/wp-json\/wp\/v2\/comments?post=166143"}],"version-history":[{"count":3,"href":"https:\/\/epochtimestr.com\/index.php\/wp-json\/wp\/v2\/posts\/166143\/revisions"}],"predecessor-version":[{"id":166162,"href":"https:\/\/epochtimestr.com\/index.php\/wp-json\/wp\/v2\/posts\/166143\/revisions\/166162"}],"wp:featuredmedia":[{"embeddable":true,"href":"https:\/\/epochtimestr.com\/index.php\/wp-json\/wp\/v2\/media\/166141"}],"wp:attachment":[{"href":"https:\/\/epochtimestr.com\/index.php\/wp-json\/wp\/v2\/media?parent=166143"}],"wp:term":[{"taxonomy":"category","embeddable":true,"href":"https:\/\/epochtimestr.com\/index.php\/wp-json\/wp\/v2\/categories?post=166143"},{"taxonomy":"post_tag","embeddable":true,"href":"https:\/\/epochtimestr.com\/index.php\/wp-json\/wp\/v2\/tags?post=166143"}],"curies":[{"name":"wp","href":"https:\/\/api.w.org\/{rel}","templated":true}]}}