{"id":166159,"date":"2026-03-09T21:43:14","date_gmt":"2026-03-09T18:43:14","guid":{"rendered":"https:\/\/epochtimestr.com\/?p=166159"},"modified":"2026-03-09T21:43:20","modified_gmt":"2026-03-09T18:43:20","slug":"iran-saldirilari-cinde-ayaklanma-baslatabilir-mi","status":"publish","type":"post","link":"https:\/\/epochtimestr.com\/index.php\/iran-saldirilari-cinde-ayaklanma-baslatabilir-mi","title":{"rendered":"\u0130ran Sald\u0131r\u0131lar\u0131 \u00c7in&#8217;de Ayaklanma Ba\u015flatabilir mi"},"content":{"rendered":"<div class=\"wp-block-image\">\n<figure class=\"aligncenter size-full is-resized\"><img loading=\"lazy\" decoding=\"async\" width=\"1080\" height=\"721\" src=\"https:\/\/epochtimestr.com\/wp-content\/uploads\/2011y\/1000034529.jpg\" alt=\"\u00c7in, ABD liderli\u011findeki \u0130ran operasyonlar\u0131 sonras\u0131 i\u00e7 istikrar\u0131 korumak i\u00e7in \u00f6nlemler al\u0131yor ve olas\u0131 halk ayaklanmalar\u0131ndan korkuyor. Yasak \u015eehir\u2019in kap\u0131s\u0131nda bir paramiliter g\u00fcvenlik g\u00f6revlisi foto\u011fraf \u00e7ekilmemek i\u00e7in i\u015faret ederken. 1 Mart 2017, Pekin. (Foto\u011fraf: The Epoch Times arac\u0131l\u0131\u011f\u0131yla, Fred Dufour, AFP - Getty Images)\" class=\"wp-image-166161\" style=\"width:840px;height:auto\" srcset=\"https:\/\/epochtimestr.com\/wp-content\/uploads\/2011y\/1000034529.jpg 1080w, https:\/\/epochtimestr.com\/wp-content\/uploads\/2011y\/1000034529-300x200.jpg 300w, https:\/\/epochtimestr.com\/wp-content\/uploads\/2011y\/1000034529-150x100.jpg 150w, https:\/\/epochtimestr.com\/wp-content\/uploads\/2011y\/1000034529-768x513.jpg 768w\" sizes=\"(max-width: 1080px) 100vw, 1080px\" \/><figcaption class=\"wp-element-caption\">\u00c7in, ABD liderli\u011findeki \u0130ran operasyonlar\u0131 sonras\u0131 i\u00e7 istikrar\u0131 korumak i\u00e7in \u00f6nlemler al\u0131yor ve olas\u0131 halk ayaklanmalar\u0131ndan korkuyor. Yasak \u015eehir\u2019in kap\u0131s\u0131nda bir paramiliter g\u00fcvenlik g\u00f6revlisi foto\u011fraf \u00e7ekilmemek i\u00e7in i\u015faret ederken. 1 Mart 2017, Pekin. (Foto\u011fraf: The Epoch Times arac\u0131l\u0131\u011f\u0131yla, Fred Dufour, AFP &#8211; Getty Images)<\/figcaption><\/figure><\/div>\n\n\n<p>\u00c7in, ABD&#8217;nin \u0130ran\u2019a y\u00f6nelik askeri operasyonlar\u0131 ve \u0130ran liderinin \u00f6l\u00fcm\u00fcn\u00fcn ard\u0131ndan, i\u00e7 istikrar\u0131n\u0131 koruma konusunda yo\u011fun \u00f6nlemler al\u0131yor. \u0130\u00e7 kaynaklardan edinilen bilgilere g\u00f6re <a href=\"https:\/\/www.theepochtimes.com\/article\/beijing-afraid-iran-strikes-will-spur-uprising-in-china-insiders-say-5994766\" target=\"_blank\" rel=\"noreferrer noopener\">\u00c7in yetkilileri<\/a>, \u0130ran\u2019da patlak veren h\u00fck\u00fcmet kar\u015f\u0131t\u0131 protestolar\u0131n kendi \u00fclkelerinde de yank\u0131 bulabilece\u011fi endi\u015fesi ta\u015f\u0131yor.<\/p>\n\n\n\n<p><a href=\"https:\/\/epochtimestr.com\/index.php\/abdden-irana-destansi-ofke-operasyonu\">Destans\u0131 \u00d6fke Operasyonu<\/a>&#8216;nun ard\u0131ndan, \u00c7in\u2019in \u00fcst d\u00fczey yetkilileri Politb\u00fcro\u2019da bir dizi gizli toplant\u0131 ger\u00e7ekle\u015ftirdi. Kaynaklara g\u00f6re, toplant\u0131larda s\u0131k\u00e7a Sovyetler Birli\u011fi\u2019nin \u00e7\u00f6k\u00fc\u015f\u00fcnden ders \u00e7\u0131kar\u0131lmas\u0131 gerekti\u011fi vurguland\u0131. \u00c7in\u2019de nadiren g\u00fcndeme gelen tarihsel kar\u015f\u0131la\u015ft\u0131rmalar, \u0130ran\u2019daki geli\u015fmeler nedeniyle bu kez \u00f6n plana \u00e7\u0131km\u0131\u015f durumda.<\/p>\n\n\n\n<p>Pekin y\u00f6netimi \u00fclke genelinde internet sans\u00fcr\u00fcn\u00fc art\u0131rd\u0131 ve siyasi e\u011fitim oturumlar\u0131n\u0131 yo\u011funla\u015ft\u0131rd\u0131. Ayr\u0131ca her bir ordu personelinden \u0130ran\u2019a kar\u015f\u0131 tutumlar\u0131n\u0131 netle\u015ftirmeleri istendi. Eski bir \u00c7inli yetkili, ya\u015fanan geli\u015fmelerin \u201crejim i\u00e7in ciddi bir jeopolitik sars\u0131nt\u0131\u201d oldu\u011funu ifade etti.<\/p>\n\n\n\n<h3 class=\"wp-block-heading\">Son 20 Y\u0131l\u0131n En \u00d6nemli Jeopolitik Olaylar\u0131ndan Biri<\/h3>\n\n\n\n<p>Yetkililer, \u0130ran lideri Ali Hameney&#8217;in \u00f6ld\u00fcr\u00fclmesini son yirmi y\u0131ldaki en \u00f6nemli jeopolitik olaylardan biri olarak de\u011ferlendiriyor. \u0130\u00e7 kaynaklar, \u00c7in\u2019in bu operasyonlar\u0131 ba\u015flang\u0131\u00e7ta hafife ald\u0131\u011f\u0131n\u0131 bildirdi. Ayr\u0131ca ABD\u2019nin b\u00f6yle bir sald\u0131r\u0131y\u0131 ger\u00e7ekle\u015ftiremeyece\u011fini d\u00fc\u015f\u00fcnd\u00fc\u011f\u00fcn\u00fc aktard\u0131. Bat\u0131l\u0131 m\u00fcttefikler h\u0131zla tepki g\u00f6sterirken, \u00c7in D\u0131\u015fi\u015fleri Bakanl\u0131\u011f\u0131, sald\u0131r\u0131dan yedi saat sonra bir a\u00e7\u0131klama yapt\u0131. Yaln\u0131zca 80 kelimeden olu\u015fan a\u00e7\u0131klamada Bakanl\u0131k, \u201caskeri operasyonlar\u0131n derhal durdurulmas\u0131n\u0131\u201d talep etti. A\u00e7\u0131klama, i\u00e7erik \u00fczerinde yap\u0131lan \u00e7ok say\u0131da revizyon sonras\u0131nda \u201ck\u0131sa bir kopya\u201d oldu. \u00d6zellikle ABD ile \u0130srail\u2019e y\u00f6nelik sert ele\u015ftirilerin a\u00e7\u0131klamadan \u00e7\u0131kar\u0131ld\u0131\u011f\u0131 belirtildi.<\/p>\n\n\n\n<p>Sald\u0131r\u0131 \u00f6ncesinde, \u00c7in\u2019in \u00f6nde gelen akademisyenleri ve devlet dan\u0131\u015fmanlar\u0131, ABD sald\u0131r\u0131s\u0131n\u0131n ger\u00e7ekle\u015fmeyece\u011fini iddia etmi\u015fti. Emekli T\u00fcmgeneral Jin Yinan, \u201cABD bu m\u00fccadeleyi s\u00fcrd\u00fcremez ve kazanamaz\u201d a\u00e7\u0131klamas\u0131 yapm\u0131\u015ft\u0131. Sald\u0131r\u0131n\u0131n ger\u00e7ekle\u015fti\u011fi sabah \u00c7in devlet medyas\u0131 Global Times edit\u00f6r\u00fc Hu Xijin, liderlerin g\u00fcvende oldu\u011funu belirten bir video payla\u015ft\u0131. Ancak bu videoyu daha sonra sessizce sildi.<\/p>\n\n\n\n<p>\u00c7in\u2019in \u0130ran\u2019a y\u00f6nelik askeri sald\u0131r\u0131lardan duydu\u011fu endi\u015fe, rejimin kendi i\u00e7indeki kontrol\u00fcn\u00fc s\u0131k\u0131la\u015ft\u0131rmas\u0131na yol a\u00e7\u0131yor. Yetkililer olas\u0131 halk tepkilerini \u00f6nlemek i\u00e7in her alanda haz\u0131rl\u0131klar\u0131n\u0131 s\u00fcrd\u00fcr\u00fcyor.<\/p>\n","protected":false},"excerpt":{"rendered":"<p>\u00c7in, ABD&#8217;nin \u0130ran\u2019a y\u00f6nelik askeri operasyonlar\u0131 ve \u0130ran liderinin \u00f6l\u00fcm\u00fcn\u00fcn ard\u0131ndan, i\u00e7 istikrar\u0131n\u0131 koruma konusunda yo\u011fun \u00f6nlemler al\u0131yor. \u0130\u00e7 kaynaklardan edinilen bilgilere g\u00f6re \u00c7in yetkilileri, \u0130ran\u2019da patlak veren h\u00fck\u00fcmet kar\u015f\u0131t\u0131 protestolar\u0131n kendi \u00fclkelerinde de yank\u0131 bulabilece\u011fi endi\u015fesi ta\u015f\u0131yor. Destans\u0131 \u00d6fke Operasyonu&#8216;nun ard\u0131ndan, \u00c7in\u2019in \u00fcst d\u00fczey yetkilileri Politb\u00fcro\u2019da bir dizi gizli toplant\u0131 ger\u00e7ekle\u015ftirdi. Kaynaklara g\u00f6re, toplant\u0131larda [&hellip;]<\/p>\n","protected":false},"author":13996,"featured_media":166161,"comment_status":"open","ping_status":"open","sticky":false,"template":"","format":"standard","meta":{"_yoast_wpseo_focuskw":"\u00c7in - \u0130ran","_yoast_wpseo_title":"","_yoast_wpseo_metadesc":"\u00c7in, ABD liderli\u011findeki \u0130ran operasyonlar\u0131 sonras\u0131 i\u00e7 istikrar\u0131 korumak i\u00e7in \u00f6nlemler al\u0131yor ve olas\u0131 halk ayaklanmalar\u0131ndan korkuyor.","_bbp_topic_count":0,"_bbp_reply_count":0,"_bbp_total_topic_count":0,"_bbp_total_reply_count":0,"_bbp_voice_count":0,"_bbp_anonymous_reply_count":0,"_bbp_topic_count_hidden":0,"_bbp_reply_count_hidden":0,"_bbp_forum_subforum_count":0,"footnotes":"","_yoast_wpseo_focuskw_text_input":""},"categories":[5,1,8138],"tags":[407,10988,10503,10987,170,10984,10985,10986,10397,10488,5764],"yoast_head":"<!-- This site is optimized with the Yoast SEO plugin v23.0 - https:\/\/yoast.com\/wordpress\/plugins\/seo\/ -->\n<title>\u0130ran Sald\u0131r\u0131lar\u0131 \u00c7in&#039;de Ayaklanma Ba\u015flatabilir mi - The Epoch Times TR<\/title>\n<meta name=\"description\" content=\"\u00c7in, ABD liderli\u011findeki \u0130ran operasyonlar\u0131 sonras\u0131 i\u00e7 istikrar\u0131 korumak i\u00e7in \u00f6nlemler al\u0131yor ve olas\u0131 halk ayaklanmalar\u0131ndan korkuyor.\" \/>\n<meta name=\"robots\" content=\"index, follow, max-snippet:-1, max-image-preview:large, max-video-preview:-1\" \/>\n<link rel=\"canonical\" href=\"https:\/\/epochtimestr.com\/index.php\/iran-saldirilari-cinde-ayaklanma-baslatabilir-mi\" \/>\n<meta property=\"og:locale\" content=\"tr_TR\" \/>\n<meta property=\"og:type\" content=\"article\" \/>\n<meta property=\"og:title\" content=\"\u0130ran Sald\u0131r\u0131lar\u0131 \u00c7in&#039;de Ayaklanma Ba\u015flatabilir mi - The Epoch Times TR\" \/>\n<meta property=\"og:description\" content=\"\u00c7in, ABD liderli\u011findeki \u0130ran operasyonlar\u0131 sonras\u0131 i\u00e7 istikrar\u0131 korumak i\u00e7in \u00f6nlemler al\u0131yor ve olas\u0131 halk ayaklanmalar\u0131ndan korkuyor.\" \/>\n<meta property=\"og:url\" content=\"https:\/\/epochtimestr.com\/index.php\/iran-saldirilari-cinde-ayaklanma-baslatabilir-mi\" \/>\n<meta property=\"og:site_name\" content=\"The Epoch Times TR\" \/>\n<meta property=\"article:publisher\" content=\"https:\/\/www.facebook.com\/theepochtimestr\" \/>\n<meta property=\"article:published_time\" content=\"2026-03-09T18:43:14+00:00\" \/>\n<meta property=\"article:modified_time\" content=\"2026-03-09T18:43:20+00:00\" \/>\n<meta property=\"og:image\" content=\"https:\/\/epochtimestr.com\/wp-content\/uploads\/2011y\/1000034529.jpg\" \/>\n\t<meta property=\"og:image:width\" content=\"1080\" \/>\n\t<meta property=\"og:image:height\" content=\"721\" \/>\n\t<meta property=\"og:image:type\" content=\"image\/jpeg\" \/>\n<meta name=\"author\" content=\"Leo Bajelan\" \/>\n<meta name=\"twitter:card\" content=\"summary_large_image\" \/>\n<meta name=\"twitter:creator\" content=\"@TheEpochTimesTR\" \/>\n<meta name=\"twitter:site\" content=\"@TheEpochTimesTR\" \/>\n<meta name=\"twitter:label1\" content=\"Yazan:\" \/>\n\t<meta name=\"twitter:data1\" content=\"Leo Bajelan\" \/>\n\t<meta name=\"twitter:label2\" content=\"Tahmini okuma s\u00fcresi\" \/>\n\t<meta name=\"twitter:data2\" content=\"3 dakika\" \/>\n<script type=\"application\/ld+json\" class=\"yoast-schema-graph\">{\"@context\":\"https:\/\/schema.org\",\"@graph\":[{\"@type\":\"Article\",\"@id\":\"https:\/\/epochtimestr.com\/index.php\/iran-saldirilari-cinde-ayaklanma-baslatabilir-mi#article\",\"isPartOf\":{\"@id\":\"https:\/\/epochtimestr.com\/index.php\/iran-saldirilari-cinde-ayaklanma-baslatabilir-mi\"},\"author\":{\"name\":\"Leo Bajelan\",\"@id\":\"https:\/\/epochtimestr.com\/#\/schema\/person\/5fef218711d76d8f232b0e1f1d7e4c0d\"},\"headline\":\"\u0130ran Sald\u0131r\u0131lar\u0131 \u00c7in&#8217;de Ayaklanma Ba\u015flatabilir mi\",\"datePublished\":\"2026-03-09T18:43:14+00:00\",\"dateModified\":\"2026-03-09T18:43:20+00:00\",\"mainEntityOfPage\":{\"@id\":\"https:\/\/epochtimestr.com\/index.php\/iran-saldirilari-cinde-ayaklanma-baslatabilir-mi\"},\"wordCount\":497,\"commentCount\":0,\"publisher\":{\"@id\":\"https:\/\/epochtimestr.com\/#organization\"},\"image\":{\"@id\":\"https:\/\/epochtimestr.com\/index.php\/iran-saldirilari-cinde-ayaklanma-baslatabilir-mi#primaryimage\"},\"thumbnailUrl\":\"https:\/\/epochtimestr.com\/wp-content\/uploads\/2011y\/1000034529.jpg\",\"keywords\":[\"ABD\",\"ABD ile \u0130srail\",\"ABD \u0130ran sava\u015f\u0131\",\"Ali Hameney\",\"\u00c7in\",\"gizli toplant\u0131\",\"internet sans\u00fcr\u00fc\",\"jeopolitik sars\u0131nt\u0131\",\"Pekin y\u00f6netimi\",\"Politb\u00fcro\",\"Trump\"],\"articleSection\":[\"D\u00dcNYA\",\"G\u00dcNDEM\",\"MAN\u015eET\"],\"inLanguage\":\"tr\",\"potentialAction\":[{\"@type\":\"CommentAction\",\"name\":\"Comment\",\"target\":[\"https:\/\/epochtimestr.com\/index.php\/iran-saldirilari-cinde-ayaklanma-baslatabilir-mi#respond\"]}]},{\"@type\":\"WebPage\",\"@id\":\"https:\/\/epochtimestr.com\/index.php\/iran-saldirilari-cinde-ayaklanma-baslatabilir-mi\",\"url\":\"https:\/\/epochtimestr.com\/index.php\/iran-saldirilari-cinde-ayaklanma-baslatabilir-mi\",\"name\":\"\u0130ran Sald\u0131r\u0131lar\u0131 \u00c7in'de Ayaklanma Ba\u015flatabilir mi - The Epoch Times TR\",\"isPartOf\":{\"@id\":\"https:\/\/epochtimestr.com\/#website\"},\"primaryImageOfPage\":{\"@id\":\"https:\/\/epochtimestr.com\/index.php\/iran-saldirilari-cinde-ayaklanma-baslatabilir-mi#primaryimage\"},\"image\":{\"@id\":\"https:\/\/epochtimestr.com\/index.php\/iran-saldirilari-cinde-ayaklanma-baslatabilir-mi#primaryimage\"},\"thumbnailUrl\":\"https:\/\/epochtimestr.com\/wp-content\/uploads\/2011y\/1000034529.jpg\",\"datePublished\":\"2026-03-09T18:43:14+00:00\",\"dateModified\":\"2026-03-09T18:43:20+00:00\",\"description\":\"\u00c7in, ABD liderli\u011findeki \u0130ran operasyonlar\u0131 sonras\u0131 i\u00e7 istikrar\u0131 korumak i\u00e7in \u00f6nlemler al\u0131yor ve olas\u0131 halk ayaklanmalar\u0131ndan korkuyor.\",\"inLanguage\":\"tr\",\"potentialAction\":[{\"@type\":\"ReadAction\",\"target\":[\"https:\/\/epochtimestr.com\/index.php\/iran-saldirilari-cinde-ayaklanma-baslatabilir-mi\"]}]},{\"@type\":\"ImageObject\",\"inLanguage\":\"tr\",\"@id\":\"https:\/\/epochtimestr.com\/index.php\/iran-saldirilari-cinde-ayaklanma-baslatabilir-mi#primaryimage\",\"url\":\"https:\/\/epochtimestr.com\/wp-content\/uploads\/2011y\/1000034529.jpg\",\"contentUrl\":\"https:\/\/epochtimestr.com\/wp-content\/uploads\/2011y\/1000034529.jpg\",\"width\":1080,\"height\":721},{\"@type\":\"WebSite\",\"@id\":\"https:\/\/epochtimestr.com\/#website\",\"url\":\"https:\/\/epochtimestr.com\/\",\"name\":\"The Epoch Times TR\",\"description\":\"De\u011fi\u015fen D\u00fcnyam\u0131za Taze Bir Bak\u0131\u015f\",\"publisher\":{\"@id\":\"https:\/\/epochtimestr.com\/#organization\"},\"potentialAction\":[{\"@type\":\"SearchAction\",\"target\":{\"@type\":\"EntryPoint\",\"urlTemplate\":\"https:\/\/epochtimestr.com\/?s={search_term_string}\"},\"query-input\":\"required name=search_term_string\"}],\"inLanguage\":\"tr\"},{\"@type\":\"Organization\",\"@id\":\"https:\/\/epochtimestr.com\/#organization\",\"name\":\"The EpochTimes T\u00fcrkiye\",\"url\":\"https:\/\/epochtimestr.com\/\",\"logo\":{\"@type\":\"ImageObject\",\"inLanguage\":\"tr\",\"@id\":\"https:\/\/epochtimestr.com\/#\/schema\/logo\/image\/\",\"url\":\"https:\/\/epochtimestr.com\/wp-content\/uploads\/2011y\/ET-Logo-YG.jpg\",\"contentUrl\":\"https:\/\/epochtimestr.com\/wp-content\/uploads\/2011y\/ET-Logo-YG.jpg\",\"width\":346,\"height\":29,\"caption\":\"The EpochTimes T\u00fcrkiye\"},\"image\":{\"@id\":\"https:\/\/epochtimestr.com\/#\/schema\/logo\/image\/\"},\"sameAs\":[\"https:\/\/www.facebook.com\/theepochtimestr\",\"https:\/\/x.com\/TheEpochTimesTR\",\"https:\/\/www.instagram.com\/epochtimestr\"]},{\"@type\":\"Person\",\"@id\":\"https:\/\/epochtimestr.com\/#\/schema\/person\/5fef218711d76d8f232b0e1f1d7e4c0d\",\"name\":\"Leo Bajelan\",\"image\":{\"@type\":\"ImageObject\",\"inLanguage\":\"tr\",\"@id\":\"https:\/\/epochtimestr.com\/#\/schema\/person\/image\/\",\"url\":\"https:\/\/secure.gravatar.com\/avatar\/917669146f489549e548a2e9af272df5?s=96&d=mm&r=g\",\"contentUrl\":\"https:\/\/secure.gravatar.com\/avatar\/917669146f489549e548a2e9af272df5?s=96&d=mm&r=g\",\"caption\":\"Leo Bajelan\"},\"url\":\"https:\/\/epochtimestr.com\/index.php\/author\/leo\"}]}<\/script>\n<!-- \/ Yoast SEO plugin. -->","yoast_head_json":{"title":"\u0130ran Sald\u0131r\u0131lar\u0131 \u00c7in'de Ayaklanma Ba\u015flatabilir mi - The Epoch Times TR","description":"\u00c7in, ABD liderli\u011findeki \u0130ran operasyonlar\u0131 sonras\u0131 i\u00e7 istikrar\u0131 korumak i\u00e7in \u00f6nlemler al\u0131yor ve olas\u0131 halk ayaklanmalar\u0131ndan korkuyor.","robots":{"index":"index","follow":"follow","max-snippet":"max-snippet:-1","max-image-preview":"max-image-preview:large","max-video-preview":"max-video-preview:-1"},"canonical":"https:\/\/epochtimestr.com\/index.php\/iran-saldirilari-cinde-ayaklanma-baslatabilir-mi","og_locale":"tr_TR","og_type":"article","og_title":"\u0130ran Sald\u0131r\u0131lar\u0131 \u00c7in'de Ayaklanma Ba\u015flatabilir mi - The Epoch Times TR","og_description":"\u00c7in, ABD liderli\u011findeki \u0130ran operasyonlar\u0131 sonras\u0131 i\u00e7 istikrar\u0131 korumak i\u00e7in \u00f6nlemler al\u0131yor ve olas\u0131 halk ayaklanmalar\u0131ndan korkuyor.","og_url":"https:\/\/epochtimestr.com\/index.php\/iran-saldirilari-cinde-ayaklanma-baslatabilir-mi","og_site_name":"The Epoch Times TR","article_publisher":"https:\/\/www.facebook.com\/theepochtimestr","article_published_time":"2026-03-09T18:43:14+00:00","article_modified_time":"2026-03-09T18:43:20+00:00","og_image":[{"width":1080,"height":721,"url":"https:\/\/epochtimestr.com\/wp-content\/uploads\/2011y\/1000034529.jpg","type":"image\/jpeg"}],"author":"Leo Bajelan","twitter_card":"summary_large_image","twitter_creator":"@TheEpochTimesTR","twitter_site":"@TheEpochTimesTR","twitter_misc":{"Yazan:":"Leo Bajelan","Tahmini okuma s\u00fcresi":"3 dakika"},"schema":{"@context":"https:\/\/schema.org","@graph":[{"@type":"Article","@id":"https:\/\/epochtimestr.com\/index.php\/iran-saldirilari-cinde-ayaklanma-baslatabilir-mi#article","isPartOf":{"@id":"https:\/\/epochtimestr.com\/index.php\/iran-saldirilari-cinde-ayaklanma-baslatabilir-mi"},"author":{"name":"Leo Bajelan","@id":"https:\/\/epochtimestr.com\/#\/schema\/person\/5fef218711d76d8f232b0e1f1d7e4c0d"},"headline":"\u0130ran Sald\u0131r\u0131lar\u0131 \u00c7in&#8217;de Ayaklanma Ba\u015flatabilir mi","datePublished":"2026-03-09T18:43:14+00:00","dateModified":"2026-03-09T18:43:20+00:00","mainEntityOfPage":{"@id":"https:\/\/epochtimestr.com\/index.php\/iran-saldirilari-cinde-ayaklanma-baslatabilir-mi"},"wordCount":497,"commentCount":0,"publisher":{"@id":"https:\/\/epochtimestr.com\/#organization"},"image":{"@id":"https:\/\/epochtimestr.com\/index.php\/iran-saldirilari-cinde-ayaklanma-baslatabilir-mi#primaryimage"},"thumbnailUrl":"https:\/\/epochtimestr.com\/wp-content\/uploads\/2011y\/1000034529.jpg","keywords":["ABD","ABD ile \u0130srail","ABD \u0130ran sava\u015f\u0131","Ali Hameney","\u00c7in","gizli toplant\u0131","internet sans\u00fcr\u00fc","jeopolitik sars\u0131nt\u0131","Pekin y\u00f6netimi","Politb\u00fcro","Trump"],"articleSection":["D\u00dcNYA","G\u00dcNDEM","MAN\u015eET"],"inLanguage":"tr","potentialAction":[{"@type":"CommentAction","name":"Comment","target":["https:\/\/epochtimestr.com\/index.php\/iran-saldirilari-cinde-ayaklanma-baslatabilir-mi#respond"]}]},{"@type":"WebPage","@id":"https:\/\/epochtimestr.com\/index.php\/iran-saldirilari-cinde-ayaklanma-baslatabilir-mi","url":"https:\/\/epochtimestr.com\/index.php\/iran-saldirilari-cinde-ayaklanma-baslatabilir-mi","name":"\u0130ran Sald\u0131r\u0131lar\u0131 \u00c7in'de Ayaklanma Ba\u015flatabilir mi - The Epoch Times TR","isPartOf":{"@id":"https:\/\/epochtimestr.com\/#website"},"primaryImageOfPage":{"@id":"https:\/\/epochtimestr.com\/index.php\/iran-saldirilari-cinde-ayaklanma-baslatabilir-mi#primaryimage"},"image":{"@id":"https:\/\/epochtimestr.com\/index.php\/iran-saldirilari-cinde-ayaklanma-baslatabilir-mi#primaryimage"},"thumbnailUrl":"https:\/\/epochtimestr.com\/wp-content\/uploads\/2011y\/1000034529.jpg","datePublished":"2026-03-09T18:43:14+00:00","dateModified":"2026-03-09T18:43:20+00:00","description":"\u00c7in, ABD liderli\u011findeki \u0130ran operasyonlar\u0131 sonras\u0131 i\u00e7 istikrar\u0131 korumak i\u00e7in \u00f6nlemler al\u0131yor ve olas\u0131 halk ayaklanmalar\u0131ndan korkuyor.","inLanguage":"tr","potentialAction":[{"@type":"ReadAction","target":["https:\/\/epochtimestr.com\/index.php\/iran-saldirilari-cinde-ayaklanma-baslatabilir-mi"]}]},{"@type":"ImageObject","inLanguage":"tr","@id":"https:\/\/epochtimestr.com\/index.php\/iran-saldirilari-cinde-ayaklanma-baslatabilir-mi#primaryimage","url":"https:\/\/epochtimestr.com\/wp-content\/uploads\/2011y\/1000034529.jpg","contentUrl":"https:\/\/epochtimestr.com\/wp-content\/uploads\/2011y\/1000034529.jpg","width":1080,"height":721},{"@type":"WebSite","@id":"https:\/\/epochtimestr.com\/#website","url":"https:\/\/epochtimestr.com\/","name":"The Epoch Times TR","description":"De\u011fi\u015fen D\u00fcnyam\u0131za Taze Bir Bak\u0131\u015f","publisher":{"@id":"https:\/\/epochtimestr.com\/#organization"},"potentialAction":[{"@type":"SearchAction","target":{"@type":"EntryPoint","urlTemplate":"https:\/\/epochtimestr.com\/?s={search_term_string}"},"query-input":"required name=search_term_string"}],"inLanguage":"tr"},{"@type":"Organization","@id":"https:\/\/epochtimestr.com\/#organization","name":"The EpochTimes T\u00fcrkiye","url":"https:\/\/epochtimestr.com\/","logo":{"@type":"ImageObject","inLanguage":"tr","@id":"https:\/\/epochtimestr.com\/#\/schema\/logo\/image\/","url":"https:\/\/epochtimestr.com\/wp-content\/uploads\/2011y\/ET-Logo-YG.jpg","contentUrl":"https:\/\/epochtimestr.com\/wp-content\/uploads\/2011y\/ET-Logo-YG.jpg","width":346,"height":29,"caption":"The EpochTimes T\u00fcrkiye"},"image":{"@id":"https:\/\/epochtimestr.com\/#\/schema\/logo\/image\/"},"sameAs":["https:\/\/www.facebook.com\/theepochtimestr","https:\/\/x.com\/TheEpochTimesTR","https:\/\/www.instagram.com\/epochtimestr"]},{"@type":"Person","@id":"https:\/\/epochtimestr.com\/#\/schema\/person\/5fef218711d76d8f232b0e1f1d7e4c0d","name":"Leo Bajelan","image":{"@type":"ImageObject","inLanguage":"tr","@id":"https:\/\/epochtimestr.com\/#\/schema\/person\/image\/","url":"https:\/\/secure.gravatar.com\/avatar\/917669146f489549e548a2e9af272df5?s=96&d=mm&r=g","contentUrl":"https:\/\/secure.gravatar.com\/avatar\/917669146f489549e548a2e9af272df5?s=96&d=mm&r=g","caption":"Leo Bajelan"},"url":"https:\/\/epochtimestr.com\/index.php\/author\/leo"}]}},"_links":{"self":[{"href":"https:\/\/epochtimestr.com\/index.php\/wp-json\/wp\/v2\/posts\/166159"}],"collection":[{"href":"https:\/\/epochtimestr.com\/index.php\/wp-json\/wp\/v2\/posts"}],"about":[{"href":"https:\/\/epochtimestr.com\/index.php\/wp-json\/wp\/v2\/types\/post"}],"author":[{"embeddable":true,"href":"https:\/\/epochtimestr.com\/index.php\/wp-json\/wp\/v2\/users\/13996"}],"replies":[{"embeddable":true,"href":"https:\/\/epochtimestr.com\/index.php\/wp-json\/wp\/v2\/comments?post=166159"}],"version-history":[{"count":2,"href":"https:\/\/epochtimestr.com\/index.php\/wp-json\/wp\/v2\/posts\/166159\/revisions"}],"predecessor-version":[{"id":166169,"href":"https:\/\/epochtimestr.com\/index.php\/wp-json\/wp\/v2\/posts\/166159\/revisions\/166169"}],"wp:featuredmedia":[{"embeddable":true,"href":"https:\/\/epochtimestr.com\/index.php\/wp-json\/wp\/v2\/media\/166161"}],"wp:attachment":[{"href":"https:\/\/epochtimestr.com\/index.php\/wp-json\/wp\/v2\/media?parent=166159"}],"wp:term":[{"taxonomy":"category","embeddable":true,"href":"https:\/\/epochtimestr.com\/index.php\/wp-json\/wp\/v2\/categories?post=166159"},{"taxonomy":"post_tag","embeddable":true,"href":"https:\/\/epochtimestr.com\/index.php\/wp-json\/wp\/v2\/tags?post=166159"}],"curies":[{"name":"wp","href":"https:\/\/api.w.org\/{rel}","templated":true}]}}