{"id":166170,"date":"2026-03-10T08:30:00","date_gmt":"2026-03-10T05:30:00","guid":{"rendered":"https:\/\/epochtimestr.com\/?p=166170"},"modified":"2026-03-10T08:43:24","modified_gmt":"2026-03-10T05:43:24","slug":"clara-zetkin-ve-dunya-emekci-kadinlar-gunu","status":"publish","type":"post","link":"https:\/\/epochtimestr.com\/index.php\/clara-zetkin-ve-dunya-emekci-kadinlar-gunu","title":{"rendered":"Clara Zetkin ve D\u00fcnya Emek\u00e7i Kad\u0131nlar G\u00fcn\u00fc"},"content":{"rendered":"\n<p>Clara Zetkin, D\u00fcnya Emek\u00e7i Kad\u0131nlar G\u00fcn\u00fc\u2019n\u00fcn mimar\u0131 olarak tarihte \u00f6nemli bir yer edinmi\u015f g\u00fc\u00e7l\u00fc bir kad\u0131n, bir d\u00fc\u015f\u00fcn\u00fcr ve bir m\u00fccadele insan\u0131d\u0131r. 27 A\u011fustos 1910\u2019da Kopenhag\u2019da d\u00fczenlenen 2. Enternasyonal\u2019e ba\u011fl\u0131 Uluslararas\u0131 Sosyalist Kad\u0131nlar Konferans\u0131\u2019nda, Amerika Birle\u015fik Devletleri\u2019nde dokuma fabrikas\u0131nda hayat\u0131n\u0131 kaybeden i\u015f\u00e7i kad\u0131nlar\u0131n an\u0131s\u0131na 8 Mart\u2019\u0131n D\u00fcnya Kad\u0131nlar G\u00fcn\u00fc olarak kutlanmas\u0131n\u0131 \u00f6nerdi. Bu \u00f6neri toplant\u0131ya kat\u0131lan kad\u0131n delegeler taraf\u0131ndan kabul edildi ve b\u00f6ylece kad\u0131nlar\u0131n e\u015fitlik, \u00f6zg\u00fcrl\u00fck ve emek m\u00fccadelesini simgeleyen bir g\u00fcn ortaya \u00e7\u0131kt\u0131.<\/p>\n\n\n\n<p>Clara Zetkin, 5 Temmuz 1857\u2019de Almanya\u2019da do\u011fmu\u015f; \u00f6\u011fretmenlik e\u011fitimi al\u0131rken sosyalist fikirlerle tan\u0131\u015farak ya\u015fam\u0131n\u0131 i\u015f\u00e7i s\u0131n\u0131f\u0131 haklar\u0131na ve kad\u0131n m\u00fccadelesine adam\u0131\u015ft\u0131r. Alman Sosyal Demokrat Partisi (SPD) ve daha sonra Alman Kom\u00fcnist Partisi b\u00fcnyesinde aktif siyaset y\u00fcr\u00fctt\u00fc.<\/p>\n\n\n\n<p>Clara Zetkin yaln\u0131zca bir \u00f6neri sunan ki\u015fi de\u011fildi; o ayn\u0131 zamanda sosyalist kad\u0131n hareketinin teorik ve pratik temellerini atan \u00f6nc\u00fc isimlerden biriydi. Kad\u0131nlar\u0131n \u00f6zg\u00fcrle\u015fmesinin yaln\u0131zca bireysel haklarla de\u011fil, ayn\u0131 zamanda s\u0131n\u0131fsal m\u00fccadeleyle m\u00fcmk\u00fcn olaca\u011f\u0131n\u0131 savunuyordu. Bu nedenle proleter kad\u0131n hareketini, burjuva kad\u0131n hareketinden a\u00e7\u0131k ve kesin bir bi\u00e7imde ay\u0131rd\u0131. Ona g\u00f6re kad\u0131nlar\u0131n ger\u00e7ek \u00f6zg\u00fcrl\u00fc\u011f\u00fc, emek s\u00f6m\u00fcr\u00fcs\u00fcn\u00fcn ve s\u0131n\u0131fsal e\u015fitsizli\u011fin ortadan kald\u0131r\u0131lmas\u0131yla m\u00fcmk\u00fcn olacakt\u0131.<\/p>\n\n\n\n<p>\u201cYa\u015fam\u0131n oldu\u011fu her yerde sava\u015fmak istiyorum!\u201d s\u00f6z\u00fc, Clara Zetkin\u2019in ya\u015fam felsefesini ve m\u00fccadele ruhunu en iyi anlatan ifadelerden biridir. Hayat\u0131 boyunca d\u00fc\u015f\u00fcncelerinden taviz vermeden m\u00fccadele etti. Nazilerin karanl\u0131k bir d\u00f6nem yarataca\u011f\u0131 Almanya\u2019da zor \u015fartlarda ya\u015famas\u0131na ra\u011fmen Clara Zetkin, hi\u00e7bir zaman revizyonist politikalara boyun e\u011fmedi. Sosyalist ve feminist m\u00fccadelenin k\u00f6klerini d\u00fcnyan\u0131n farkl\u0131 yerlerinde b\u00fcy\u00fctmek i\u00e7in \u00e7al\u0131\u015ft\u0131.<\/p>\n\n\n\n<p>Clara Zetkin, aktivist, sosyalist, politikac\u0131, kad\u0131n hareketi \u00f6nc\u00fcs\u00fc, yazar, militan ve filozof kimlikleriyle tan\u0131nan y\u0131lmaz bir sava\u015f\u00e7\u0131yd\u0131. Sava\u015f kar\u015f\u0131t\u0131 d\u00fc\u015f\u00fcncelerini a\u00e7\u0131k\u00e7a savundu\u011fu i\u00e7in defalarca s\u00fcrg\u00fcn edildi ve siyasi bask\u0131lara maruz kald\u0131. M\u00fccadelesi sadece kad\u0131n haklar\u0131yla s\u0131n\u0131rl\u0131 de\u011fildi; ayn\u0131 zamanda emperyalizme, sava\u015fa ve fa\u015fizme kar\u015f\u0131 da g\u00fc\u00e7l\u00fc bir duru\u015f sergiledi.<\/p>\n\n\n\n<p>Paris\u2019te Rus sosyalisti Ossip Zetkin ile evlendi. Bu evlilikten iki o\u011flu d\u00fcnyaya geldi. Ancak hayatlar\u0131 b\u00fcy\u00fck zorluklar ve yokluk i\u00e7inde ge\u00e7ti. E\u015finin \u00f6l\u00fcm\u00fcnden sonra Clara Zetkin Almanya\u2019ya geri d\u00f6nd\u00fc. Fakat burada da m\u00fccadele kolay de\u011fildi. \u00c7\u00fcnk\u00fc kad\u0131nlar\u0131n, sosyalist hareketin i\u00e7inde bile zaman zaman erkek egemen anlay\u0131\u015flarla m\u00fccadele etmek zorunda kald\u0131\u011f\u0131n\u0131 biliyordu. Bu durum onu y\u0131ld\u0131rmad\u0131; aksine daha da g\u00fc\u00e7lendirdi.<\/p>\n\n\n\n<p>Almanya\u2019daki siyasi bask\u0131lar\u0131n artmas\u0131 ve fa\u015fizmin y\u00fckselmesi \u00fczerine hayat\u0131n\u0131n son d\u00f6neminde Sovyetler Birli\u011fi\u2019ne gitti. 1933 y\u0131l\u0131nda hayat\u0131n\u0131 kaybedene kadar d\u00fc\u015f\u00fcncelerini savunmaya ve kad\u0131nlar\u0131n e\u015fitlik m\u00fccadelesine katk\u0131 sunmaya devam etti. \u00d6l\u00fcm\u00fcne kadar s\u00fcrd\u00fcrd\u00fc\u011f\u00fc bu kararl\u0131 m\u00fccadele, onu d\u00fcnya kad\u0131n hareketinin en \u00f6nemli fig\u00fcrlerinden biri haline getirdi.<\/p>\n\n\n\n<p>Bug\u00fcn Clara Zetkin\u2019in \u00f6nc\u00fcl\u00fck etti\u011fi 8 Mart, d\u00fcnyan\u0131n bir\u00e7ok yerinde kad\u0131nlar\u0131n e\u015fitlik ve \u00f6zg\u00fcrl\u00fck taleplerini dile getirdi\u011fi \u00f6nemli bir g\u00fcn olarak kutlanmaktad\u0131r. Almanya\u2019dan Ortado\u011fu\u2019ya, Avrupa\u2019dan Latin Amerika\u2019ya kadar bir\u00e7ok co\u011frafyada kad\u0131nlar bu g\u00fcn\u00fc yaln\u0131zca bir kutlama olarak de\u011fil, ayn\u0131 zamanda m\u00fccadele ve dayan\u0131\u015fma g\u00fcn\u00fc olarak g\u00f6rmektedir.<\/p>\n\n\n\n<p>1960\u2019l\u0131 y\u0131llardan itibaren Amerika Birle\u015fik Devletleri\u2019nde de yayg\u0131n olarak kutlanmaya ba\u015flayan D\u00fcnya Kad\u0131nlar G\u00fcn\u00fc, 1977 y\u0131l\u0131nda Birle\u015fmi\u015f Milletler taraf\u0131ndan resm\u00ee olarak kabul edilmi\u015ftir. B\u00f6ylece 8 Mart, uluslararas\u0131 \u00f6l\u00e7ekte tan\u0131nan ve kad\u0131n haklar\u0131n\u0131n \u00f6nemini vurgulayan bir g\u00fcn haline gelmi\u015ftir.<\/p>\n\n\n\n<p>Clara Zetkin\u2019in miras\u0131, yaln\u0131zca bir g\u00fcn\u00fcn ortaya \u00e7\u0131kmas\u0131na \u00f6nc\u00fcl\u00fck etmek de\u011fildir. Onun as\u0131l miras\u0131, sosyalizm ve feminizmi kopmaz bir b\u00fct\u00fcn olarak g\u00f6rmesi \u00fczerine kuruludur. Rosa Luxemburg ile birlikte Spartak\u00fcs Birli\u011fi kurulmas\u0131nda rol alarak radikal sol siyasetin teorik ve pratik geli\u015fimine y\u00f6n vermi\u015ftir. Kad\u0131nlar\u0131n \u00f6rg\u00fctl\u00fc m\u00fccadelesinin \u00f6nemini g\u00f6stermi\u015f ve emek\u00e7i kad\u0131nlar\u0131n tarih sahnesinde g\u00f6r\u00fcn\u00fcr olmas\u0131n\u0131 sa\u011flam\u0131\u015ft\u0131r. Onun d\u00fc\u015f\u00fcnceleri, bug\u00fcn h\u00e2l\u00e2 kad\u0131n hareketleri ve toplumsal e\u015fitlik m\u00fccadeleleri i\u00e7inde g\u00fc\u00e7l\u00fc bir \u015fekilde ya\u015famaya devam etmektedir.<\/p>\n\n\n\n<p>Clara Zetkin\u2019in 1932\u2019de Reichestag\u2019\u0131n en ya\u015fl\u0131 \u00fcyesi olarak yapt\u0131\u011f\u0131 a\u00e7\u0131l\u0131\u015f konu\u015fmas\u0131nda, kar\u015f\u0131s\u0131na dizilen Nazi milletvekilleri ona hakaretler ya\u011fd\u0131r\u0131yordu. Ancak o yakla\u015f\u0131k bir saat s\u00fcren konu\u015fmas\u0131n\u0131 tamamlam\u0131\u015f, Nazi tehlikesine kar\u015f\u0131 t\u00fcm i\u015f\u00e7ileri birle\u015fmeye \u00e7a\u011f\u0131ran kararl\u0131 bir duru\u015f sergilemi\u015ftir. Bu hareket, \u201cFa\u015fizme Kar\u015f\u0131 Birle\u015fik Cephe\u201d kurmaya \u00e7a\u011f\u0131ran Zetkin\u2019in, asl\u0131nda \u00f6l\u00fcm\u00fc g\u00f6ze alarak yapt\u0131\u011f\u0131 bir eylemdi. 75 ya\u015f\u0131ndayd\u0131, neredeyse k\u00f6r olmu\u015ftu. Moskova\u2019dan Berlin\u2019e sedyeyle getirilmi\u015fti. A\u011f\u0131r hastal\u0131\u011f\u0131na ra\u011fmen sergiledi\u011fi bu dik duru\u015fla direni\u015fin sembol\u00fc haline gelmi\u015ftir. Bu hitab\u0131, parlamenter sistemin \u00e7\u00f6k\u00fc\u015f\u00fcnden hemen \u00f6nce y\u00fckselen a\u015f\u0131r\u0131 sa\u011fa kar\u015f\u0131 yap\u0131lan en g\u00fc\u00e7l\u00fc ve en devrimci \u00e7a\u011fr\u0131lardan biri olarak kabul edilir. Bu olaydan k\u0131sa bir s\u00fcre sonra Naziler iktidara gelmi\u015f ve Zetkin tekrar s\u00fcrg\u00fcne gitmek zorunda kalm\u0131\u015ft\u0131r.<\/p>\n\n\n\n<p>Her ne kadar cesur y\u00fcrekli Clara Zetkin\u2019in 8 Mart\u2019\u0131n mimar\u0131 oldu\u011fu bilinmese de, yakt\u0131\u011f\u0131 ate\u015f bu yolda m\u00fccadele eden t\u00fcm kad\u0131nlara \u0131\u015f\u0131k olmu\u015ftur. Dokuma fabrikalar\u0131nda, at\u00f6lyelerde, tarlalarda ve hayat\u0131n her alan\u0131nda emek veren kad\u0131nlar\u0131n m\u00fccadelesi unutulmayacakt\u0131r. Emekleri, direni\u015fleri ve dayan\u0131\u015fmalar\u0131, bug\u00fcn h\u00e2l\u00e2 d\u00fcnyan\u0131n d\u00f6rt bir yan\u0131nda kad\u0131nlar\u0131n \u00f6zg\u00fcrl\u00fck aray\u0131\u015f\u0131na ilham vermektedir.<\/p>\n","protected":false},"excerpt":{"rendered":"<p>Clara Zetkin, D\u00fcnya Emek\u00e7i Kad\u0131nlar G\u00fcn\u00fc\u2019n\u00fcn mimar\u0131 olarak tarihte \u00f6nemli bir yer edinmi\u015f g\u00fc\u00e7l\u00fc bir kad\u0131n, bir d\u00fc\u015f\u00fcn\u00fcr ve bir m\u00fccadele insan\u0131d\u0131r. 27 A\u011fustos 1910\u2019da Kopenhag\u2019da d\u00fczenlenen 2. Enternasyonal\u2019e ba\u011fl\u0131 Uluslararas\u0131 Sosyalist Kad\u0131nlar Konferans\u0131\u2019nda, Amerika Birle\u015fik Devletleri\u2019nde dokuma fabrikas\u0131nda hayat\u0131n\u0131 kaybeden i\u015f\u00e7i kad\u0131nlar\u0131n an\u0131s\u0131na 8 Mart\u2019\u0131n D\u00fcnya Kad\u0131nlar G\u00fcn\u00fc olarak kutlanmas\u0131n\u0131 \u00f6nerdi. Bu \u00f6neri toplant\u0131ya [&hellip;]<\/p>\n","protected":false},"author":14005,"featured_media":163897,"comment_status":"open","ping_status":"open","sticky":false,"template":"","format":"standard","meta":{"_yoast_wpseo_focuskw":"Clara Zetkin","_yoast_wpseo_title":"","_yoast_wpseo_metadesc":"Clara Zetkin, D\u00fcnya Emek\u00e7i Kad\u0131nlar G\u00fcn\u00fc\u2019n\u00fcn mimar\u0131, g\u00fc\u00e7l\u00fc bir kad\u0131n, bir d\u00fc\u015f\u00fcn\u00fcr ve bir m\u00fccadele insan\u0131d\u0131r.","_bbp_topic_count":0,"_bbp_reply_count":0,"_bbp_total_topic_count":0,"_bbp_total_reply_count":0,"_bbp_voice_count":0,"_bbp_anonymous_reply_count":0,"_bbp_topic_count_hidden":0,"_bbp_reply_count_hidden":0,"_bbp_forum_subforum_count":0,"footnotes":"","_yoast_wpseo_focuskw_text_input":""},"categories":[10057],"tags":[320,10989,10991],"yoast_head":"<!-- This site is optimized with the Yoast SEO plugin v23.0 - https:\/\/yoast.com\/wordpress\/plugins\/seo\/ -->\n<title>Clara Zetkin ve D\u00fcnya Emek\u00e7i Kad\u0131nlar G\u00fcn\u00fc - The Epoch Times TR<\/title>\n<meta name=\"description\" content=\"Clara Zetkin, D\u00fcnya Emek\u00e7i Kad\u0131nlar G\u00fcn\u00fc\u2019n\u00fcn mimar\u0131, g\u00fc\u00e7l\u00fc bir kad\u0131n, bir d\u00fc\u015f\u00fcn\u00fcr ve bir m\u00fccadele insan\u0131d\u0131r.\" \/>\n<meta name=\"robots\" content=\"index, follow, max-snippet:-1, max-image-preview:large, max-video-preview:-1\" \/>\n<link rel=\"canonical\" href=\"https:\/\/epochtimestr.com\/index.php\/clara-zetkin-ve-dunya-emekci-kadinlar-gunu\" \/>\n<meta property=\"og:locale\" content=\"tr_TR\" \/>\n<meta property=\"og:type\" content=\"article\" \/>\n<meta property=\"og:title\" content=\"Clara Zetkin ve D\u00fcnya Emek\u00e7i Kad\u0131nlar G\u00fcn\u00fc - The Epoch Times TR\" \/>\n<meta property=\"og:description\" content=\"Clara Zetkin, D\u00fcnya Emek\u00e7i Kad\u0131nlar G\u00fcn\u00fc\u2019n\u00fcn mimar\u0131, g\u00fc\u00e7l\u00fc bir kad\u0131n, bir d\u00fc\u015f\u00fcn\u00fcr ve bir m\u00fccadele insan\u0131d\u0131r.\" \/>\n<meta property=\"og:url\" content=\"https:\/\/epochtimestr.com\/index.php\/clara-zetkin-ve-dunya-emekci-kadinlar-gunu\" \/>\n<meta property=\"og:site_name\" content=\"The Epoch Times TR\" \/>\n<meta property=\"article:publisher\" content=\"https:\/\/www.facebook.com\/theepochtimestr\" \/>\n<meta property=\"article:published_time\" content=\"2026-03-10T05:30:00+00:00\" \/>\n<meta property=\"article:modified_time\" content=\"2026-03-10T05:43:24+00:00\" \/>\n<meta property=\"og:image\" content=\"https:\/\/epochtimestr.com\/wp-content\/uploads\/2011y\/Aysel-Yetis-SM3.png\" \/>\n\t<meta property=\"og:image:width\" content=\"1200\" \/>\n\t<meta property=\"og:image:height\" content=\"630\" \/>\n\t<meta property=\"og:image:type\" content=\"image\/png\" \/>\n<meta name=\"author\" content=\"Aysel \u00d6zcan Yeti\u015f\" \/>\n<meta name=\"twitter:card\" content=\"summary_large_image\" \/>\n<meta name=\"twitter:creator\" content=\"@TheEpochTimesTR\" \/>\n<meta name=\"twitter:site\" content=\"@TheEpochTimesTR\" \/>\n<meta name=\"twitter:label1\" content=\"Yazan:\" \/>\n\t<meta name=\"twitter:data1\" content=\"Aysel \u00d6zcan Yeti\u015f\" \/>\n\t<meta name=\"twitter:label2\" content=\"Tahmini okuma s\u00fcresi\" \/>\n\t<meta name=\"twitter:data2\" content=\"5 dakika\" \/>\n<script type=\"application\/ld+json\" class=\"yoast-schema-graph\">{\"@context\":\"https:\/\/schema.org\",\"@graph\":[{\"@type\":\"Article\",\"@id\":\"https:\/\/epochtimestr.com\/index.php\/clara-zetkin-ve-dunya-emekci-kadinlar-gunu#article\",\"isPartOf\":{\"@id\":\"https:\/\/epochtimestr.com\/index.php\/clara-zetkin-ve-dunya-emekci-kadinlar-gunu\"},\"author\":{\"name\":\"Aysel \u00d6zcan Yeti\u015f\",\"@id\":\"https:\/\/epochtimestr.com\/#\/schema\/person\/8ac8c965e5072789ae94ce8df3878fad\"},\"headline\":\"Clara Zetkin ve D\u00fcnya Emek\u00e7i Kad\u0131nlar G\u00fcn\u00fc\",\"datePublished\":\"2026-03-10T05:30:00+00:00\",\"dateModified\":\"2026-03-10T05:43:24+00:00\",\"mainEntityOfPage\":{\"@id\":\"https:\/\/epochtimestr.com\/index.php\/clara-zetkin-ve-dunya-emekci-kadinlar-gunu\"},\"wordCount\":1080,\"commentCount\":0,\"publisher\":{\"@id\":\"https:\/\/epochtimestr.com\/#organization\"},\"image\":{\"@id\":\"https:\/\/epochtimestr.com\/index.php\/clara-zetkin-ve-dunya-emekci-kadinlar-gunu#primaryimage\"},\"thumbnailUrl\":\"https:\/\/epochtimestr.com\/wp-content\/uploads\/2011y\/Aysel-Ozcan-Yetis.png\",\"keywords\":[\"8 Mart\",\"Clara Zetkin\",\"D\u00fcnya Emek\u00e7i Kad\u0131nlar G\u00fcn\u00fc\"],\"articleSection\":[\"K\u00f6\u015fe Yaz\u0131lar\u0131 Aysel \u00d6zcan Yeti\u015f\"],\"inLanguage\":\"tr\",\"potentialAction\":[{\"@type\":\"CommentAction\",\"name\":\"Comment\",\"target\":[\"https:\/\/epochtimestr.com\/index.php\/clara-zetkin-ve-dunya-emekci-kadinlar-gunu#respond\"]}]},{\"@type\":\"WebPage\",\"@id\":\"https:\/\/epochtimestr.com\/index.php\/clara-zetkin-ve-dunya-emekci-kadinlar-gunu\",\"url\":\"https:\/\/epochtimestr.com\/index.php\/clara-zetkin-ve-dunya-emekci-kadinlar-gunu\",\"name\":\"Clara Zetkin ve D\u00fcnya Emek\u00e7i Kad\u0131nlar G\u00fcn\u00fc - The Epoch Times TR\",\"isPartOf\":{\"@id\":\"https:\/\/epochtimestr.com\/#website\"},\"primaryImageOfPage\":{\"@id\":\"https:\/\/epochtimestr.com\/index.php\/clara-zetkin-ve-dunya-emekci-kadinlar-gunu#primaryimage\"},\"image\":{\"@id\":\"https:\/\/epochtimestr.com\/index.php\/clara-zetkin-ve-dunya-emekci-kadinlar-gunu#primaryimage\"},\"thumbnailUrl\":\"https:\/\/epochtimestr.com\/wp-content\/uploads\/2011y\/Aysel-Ozcan-Yetis.png\",\"datePublished\":\"2026-03-10T05:30:00+00:00\",\"dateModified\":\"2026-03-10T05:43:24+00:00\",\"description\":\"Clara Zetkin, D\u00fcnya Emek\u00e7i Kad\u0131nlar G\u00fcn\u00fc\u2019n\u00fcn mimar\u0131, g\u00fc\u00e7l\u00fc bir kad\u0131n, bir d\u00fc\u015f\u00fcn\u00fcr ve bir m\u00fccadele insan\u0131d\u0131r.\",\"inLanguage\":\"tr\",\"potentialAction\":[{\"@type\":\"ReadAction\",\"target\":[\"https:\/\/epochtimestr.com\/index.php\/clara-zetkin-ve-dunya-emekci-kadinlar-gunu\"]}]},{\"@type\":\"ImageObject\",\"inLanguage\":\"tr\",\"@id\":\"https:\/\/epochtimestr.com\/index.php\/clara-zetkin-ve-dunya-emekci-kadinlar-gunu#primaryimage\",\"url\":\"https:\/\/epochtimestr.com\/wp-content\/uploads\/2011y\/Aysel-Ozcan-Yetis.png\",\"contentUrl\":\"https:\/\/epochtimestr.com\/wp-content\/uploads\/2011y\/Aysel-Ozcan-Yetis.png\",\"width\":750,\"height\":750},{\"@type\":\"WebSite\",\"@id\":\"https:\/\/epochtimestr.com\/#website\",\"url\":\"https:\/\/epochtimestr.com\/\",\"name\":\"The Epoch Times TR\",\"description\":\"De\u011fi\u015fen D\u00fcnyam\u0131za Taze Bir Bak\u0131\u015f\",\"publisher\":{\"@id\":\"https:\/\/epochtimestr.com\/#organization\"},\"potentialAction\":[{\"@type\":\"SearchAction\",\"target\":{\"@type\":\"EntryPoint\",\"urlTemplate\":\"https:\/\/epochtimestr.com\/?s={search_term_string}\"},\"query-input\":\"required name=search_term_string\"}],\"inLanguage\":\"tr\"},{\"@type\":\"Organization\",\"@id\":\"https:\/\/epochtimestr.com\/#organization\",\"name\":\"The EpochTimes T\u00fcrkiye\",\"url\":\"https:\/\/epochtimestr.com\/\",\"logo\":{\"@type\":\"ImageObject\",\"inLanguage\":\"tr\",\"@id\":\"https:\/\/epochtimestr.com\/#\/schema\/logo\/image\/\",\"url\":\"https:\/\/epochtimestr.com\/wp-content\/uploads\/2011y\/ET-Logo-YG.jpg\",\"contentUrl\":\"https:\/\/epochtimestr.com\/wp-content\/uploads\/2011y\/ET-Logo-YG.jpg\",\"width\":346,\"height\":29,\"caption\":\"The EpochTimes T\u00fcrkiye\"},\"image\":{\"@id\":\"https:\/\/epochtimestr.com\/#\/schema\/logo\/image\/\"},\"sameAs\":[\"https:\/\/www.facebook.com\/theepochtimestr\",\"https:\/\/x.com\/TheEpochTimesTR\",\"https:\/\/www.instagram.com\/epochtimestr\"]},{\"@type\":\"Person\",\"@id\":\"https:\/\/epochtimestr.com\/#\/schema\/person\/8ac8c965e5072789ae94ce8df3878fad\",\"name\":\"Aysel \u00d6zcan Yeti\u015f\",\"image\":{\"@type\":\"ImageObject\",\"inLanguage\":\"tr\",\"@id\":\"https:\/\/epochtimestr.com\/#\/schema\/person\/image\/\",\"url\":\"https:\/\/secure.gravatar.com\/avatar\/e05a79b1b2d145df9f842aa7f0e32ef2?s=96&d=mm&r=g\",\"contentUrl\":\"https:\/\/secure.gravatar.com\/avatar\/e05a79b1b2d145df9f842aa7f0e32ef2?s=96&d=mm&r=g\",\"caption\":\"Aysel \u00d6zcan Yeti\u015f\"},\"url\":\"https:\/\/epochtimestr.com\/index.php\/author\/aysel\"}]}<\/script>\n<!-- \/ Yoast SEO plugin. -->","yoast_head_json":{"title":"Clara Zetkin ve D\u00fcnya Emek\u00e7i Kad\u0131nlar G\u00fcn\u00fc - The Epoch Times TR","description":"Clara Zetkin, D\u00fcnya Emek\u00e7i Kad\u0131nlar G\u00fcn\u00fc\u2019n\u00fcn mimar\u0131, g\u00fc\u00e7l\u00fc bir kad\u0131n, bir d\u00fc\u015f\u00fcn\u00fcr ve bir m\u00fccadele insan\u0131d\u0131r.","robots":{"index":"index","follow":"follow","max-snippet":"max-snippet:-1","max-image-preview":"max-image-preview:large","max-video-preview":"max-video-preview:-1"},"canonical":"https:\/\/epochtimestr.com\/index.php\/clara-zetkin-ve-dunya-emekci-kadinlar-gunu","og_locale":"tr_TR","og_type":"article","og_title":"Clara Zetkin ve D\u00fcnya Emek\u00e7i Kad\u0131nlar G\u00fcn\u00fc - The Epoch Times TR","og_description":"Clara Zetkin, D\u00fcnya Emek\u00e7i Kad\u0131nlar G\u00fcn\u00fc\u2019n\u00fcn mimar\u0131, g\u00fc\u00e7l\u00fc bir kad\u0131n, bir d\u00fc\u015f\u00fcn\u00fcr ve bir m\u00fccadele insan\u0131d\u0131r.","og_url":"https:\/\/epochtimestr.com\/index.php\/clara-zetkin-ve-dunya-emekci-kadinlar-gunu","og_site_name":"The Epoch Times TR","article_publisher":"https:\/\/www.facebook.com\/theepochtimestr","article_published_time":"2026-03-10T05:30:00+00:00","article_modified_time":"2026-03-10T05:43:24+00:00","og_image":[{"width":1200,"height":630,"url":"https:\/\/epochtimestr.com\/wp-content\/uploads\/2011y\/Aysel-Yetis-SM3.png","type":"image\/png"}],"author":"Aysel \u00d6zcan Yeti\u015f","twitter_card":"summary_large_image","twitter_creator":"@TheEpochTimesTR","twitter_site":"@TheEpochTimesTR","twitter_misc":{"Yazan:":"Aysel \u00d6zcan Yeti\u015f","Tahmini okuma s\u00fcresi":"5 dakika"},"schema":{"@context":"https:\/\/schema.org","@graph":[{"@type":"Article","@id":"https:\/\/epochtimestr.com\/index.php\/clara-zetkin-ve-dunya-emekci-kadinlar-gunu#article","isPartOf":{"@id":"https:\/\/epochtimestr.com\/index.php\/clara-zetkin-ve-dunya-emekci-kadinlar-gunu"},"author":{"name":"Aysel \u00d6zcan Yeti\u015f","@id":"https:\/\/epochtimestr.com\/#\/schema\/person\/8ac8c965e5072789ae94ce8df3878fad"},"headline":"Clara Zetkin ve D\u00fcnya Emek\u00e7i Kad\u0131nlar G\u00fcn\u00fc","datePublished":"2026-03-10T05:30:00+00:00","dateModified":"2026-03-10T05:43:24+00:00","mainEntityOfPage":{"@id":"https:\/\/epochtimestr.com\/index.php\/clara-zetkin-ve-dunya-emekci-kadinlar-gunu"},"wordCount":1080,"commentCount":0,"publisher":{"@id":"https:\/\/epochtimestr.com\/#organization"},"image":{"@id":"https:\/\/epochtimestr.com\/index.php\/clara-zetkin-ve-dunya-emekci-kadinlar-gunu#primaryimage"},"thumbnailUrl":"https:\/\/epochtimestr.com\/wp-content\/uploads\/2011y\/Aysel-Ozcan-Yetis.png","keywords":["8 Mart","Clara Zetkin","D\u00fcnya Emek\u00e7i Kad\u0131nlar G\u00fcn\u00fc"],"articleSection":["K\u00f6\u015fe Yaz\u0131lar\u0131 Aysel \u00d6zcan Yeti\u015f"],"inLanguage":"tr","potentialAction":[{"@type":"CommentAction","name":"Comment","target":["https:\/\/epochtimestr.com\/index.php\/clara-zetkin-ve-dunya-emekci-kadinlar-gunu#respond"]}]},{"@type":"WebPage","@id":"https:\/\/epochtimestr.com\/index.php\/clara-zetkin-ve-dunya-emekci-kadinlar-gunu","url":"https:\/\/epochtimestr.com\/index.php\/clara-zetkin-ve-dunya-emekci-kadinlar-gunu","name":"Clara Zetkin ve D\u00fcnya Emek\u00e7i Kad\u0131nlar G\u00fcn\u00fc - The Epoch Times TR","isPartOf":{"@id":"https:\/\/epochtimestr.com\/#website"},"primaryImageOfPage":{"@id":"https:\/\/epochtimestr.com\/index.php\/clara-zetkin-ve-dunya-emekci-kadinlar-gunu#primaryimage"},"image":{"@id":"https:\/\/epochtimestr.com\/index.php\/clara-zetkin-ve-dunya-emekci-kadinlar-gunu#primaryimage"},"thumbnailUrl":"https:\/\/epochtimestr.com\/wp-content\/uploads\/2011y\/Aysel-Ozcan-Yetis.png","datePublished":"2026-03-10T05:30:00+00:00","dateModified":"2026-03-10T05:43:24+00:00","description":"Clara Zetkin, D\u00fcnya Emek\u00e7i Kad\u0131nlar G\u00fcn\u00fc\u2019n\u00fcn mimar\u0131, g\u00fc\u00e7l\u00fc bir kad\u0131n, bir d\u00fc\u015f\u00fcn\u00fcr ve bir m\u00fccadele insan\u0131d\u0131r.","inLanguage":"tr","potentialAction":[{"@type":"ReadAction","target":["https:\/\/epochtimestr.com\/index.php\/clara-zetkin-ve-dunya-emekci-kadinlar-gunu"]}]},{"@type":"ImageObject","inLanguage":"tr","@id":"https:\/\/epochtimestr.com\/index.php\/clara-zetkin-ve-dunya-emekci-kadinlar-gunu#primaryimage","url":"https:\/\/epochtimestr.com\/wp-content\/uploads\/2011y\/Aysel-Ozcan-Yetis.png","contentUrl":"https:\/\/epochtimestr.com\/wp-content\/uploads\/2011y\/Aysel-Ozcan-Yetis.png","width":750,"height":750},{"@type":"WebSite","@id":"https:\/\/epochtimestr.com\/#website","url":"https:\/\/epochtimestr.com\/","name":"The Epoch Times TR","description":"De\u011fi\u015fen D\u00fcnyam\u0131za Taze Bir Bak\u0131\u015f","publisher":{"@id":"https:\/\/epochtimestr.com\/#organization"},"potentialAction":[{"@type":"SearchAction","target":{"@type":"EntryPoint","urlTemplate":"https:\/\/epochtimestr.com\/?s={search_term_string}"},"query-input":"required name=search_term_string"}],"inLanguage":"tr"},{"@type":"Organization","@id":"https:\/\/epochtimestr.com\/#organization","name":"The EpochTimes T\u00fcrkiye","url":"https:\/\/epochtimestr.com\/","logo":{"@type":"ImageObject","inLanguage":"tr","@id":"https:\/\/epochtimestr.com\/#\/schema\/logo\/image\/","url":"https:\/\/epochtimestr.com\/wp-content\/uploads\/2011y\/ET-Logo-YG.jpg","contentUrl":"https:\/\/epochtimestr.com\/wp-content\/uploads\/2011y\/ET-Logo-YG.jpg","width":346,"height":29,"caption":"The EpochTimes T\u00fcrkiye"},"image":{"@id":"https:\/\/epochtimestr.com\/#\/schema\/logo\/image\/"},"sameAs":["https:\/\/www.facebook.com\/theepochtimestr","https:\/\/x.com\/TheEpochTimesTR","https:\/\/www.instagram.com\/epochtimestr"]},{"@type":"Person","@id":"https:\/\/epochtimestr.com\/#\/schema\/person\/8ac8c965e5072789ae94ce8df3878fad","name":"Aysel \u00d6zcan Yeti\u015f","image":{"@type":"ImageObject","inLanguage":"tr","@id":"https:\/\/epochtimestr.com\/#\/schema\/person\/image\/","url":"https:\/\/secure.gravatar.com\/avatar\/e05a79b1b2d145df9f842aa7f0e32ef2?s=96&d=mm&r=g","contentUrl":"https:\/\/secure.gravatar.com\/avatar\/e05a79b1b2d145df9f842aa7f0e32ef2?s=96&d=mm&r=g","caption":"Aysel \u00d6zcan Yeti\u015f"},"url":"https:\/\/epochtimestr.com\/index.php\/author\/aysel"}]}},"_links":{"self":[{"href":"https:\/\/epochtimestr.com\/index.php\/wp-json\/wp\/v2\/posts\/166170"}],"collection":[{"href":"https:\/\/epochtimestr.com\/index.php\/wp-json\/wp\/v2\/posts"}],"about":[{"href":"https:\/\/epochtimestr.com\/index.php\/wp-json\/wp\/v2\/types\/post"}],"author":[{"embeddable":true,"href":"https:\/\/epochtimestr.com\/index.php\/wp-json\/wp\/v2\/users\/14005"}],"replies":[{"embeddable":true,"href":"https:\/\/epochtimestr.com\/index.php\/wp-json\/wp\/v2\/comments?post=166170"}],"version-history":[{"count":1,"href":"https:\/\/epochtimestr.com\/index.php\/wp-json\/wp\/v2\/posts\/166170\/revisions"}],"predecessor-version":[{"id":166171,"href":"https:\/\/epochtimestr.com\/index.php\/wp-json\/wp\/v2\/posts\/166170\/revisions\/166171"}],"wp:featuredmedia":[{"embeddable":true,"href":"https:\/\/epochtimestr.com\/index.php\/wp-json\/wp\/v2\/media\/163897"}],"wp:attachment":[{"href":"https:\/\/epochtimestr.com\/index.php\/wp-json\/wp\/v2\/media?parent=166170"}],"wp:term":[{"taxonomy":"category","embeddable":true,"href":"https:\/\/epochtimestr.com\/index.php\/wp-json\/wp\/v2\/categories?post=166170"},{"taxonomy":"post_tag","embeddable":true,"href":"https:\/\/epochtimestr.com\/index.php\/wp-json\/wp\/v2\/tags?post=166170"}],"curies":[{"name":"wp","href":"https:\/\/api.w.org\/{rel}","templated":true}]}}