{"id":166175,"date":"2026-03-10T11:06:55","date_gmt":"2026-03-10T08:06:55","guid":{"rendered":"https:\/\/epochtimestr.com\/?p=166175"},"modified":"2026-03-10T11:07:18","modified_gmt":"2026-03-10T08:07:18","slug":"putin-ve-trump-gorusmesinde-gundem-iran-savasi-ve-ukrayna","status":"publish","type":"post","link":"https:\/\/epochtimestr.com\/index.php\/putin-ve-trump-gorusmesinde-gundem-iran-savasi-ve-ukrayna","title":{"rendered":"Putin &#8211; Trump G\u00f6r\u00fc\u015fmesinde G\u00fcndem \u0130ran Sava\u015f\u0131 ve Ukrayna"},"content":{"rendered":"<div class=\"wp-block-image\">\n<figure class=\"aligncenter size-full\"><img loading=\"lazy\" decoding=\"async\" width=\"1080\" height=\"720\" src=\"https:\/\/epochtimestr.com\/wp-content\/uploads\/2011y\/1000034567.webp\" alt=\"ABD Ba\u015fkan\u0131 Donald Trump ile Rusya Devlet Ba\u015fkan\u0131 Vladimir Putin, Ukrayna\u2019daki sava\u015f\u0131 sona erdirmeye y\u00f6nelik g\u00f6r\u00fc\u015fmelerin ard\u0131ndan el s\u0131k\u0131\u015f\u0131rken. 15 A\u011fustos 2025, Joint Base Elmendorf\u2013Richardson, Anchorage, Alaska. (Foto\u011fraf: The Epoch Times arac\u0131l\u0131\u011f\u0131yla, Kevin Lamarque, Reuters)\" class=\"wp-image-166176\" srcset=\"https:\/\/epochtimestr.com\/wp-content\/uploads\/2011y\/1000034567.webp 1080w, https:\/\/epochtimestr.com\/wp-content\/uploads\/2011y\/1000034567-300x200.webp 300w, https:\/\/epochtimestr.com\/wp-content\/uploads\/2011y\/1000034567-150x100.webp 150w, https:\/\/epochtimestr.com\/wp-content\/uploads\/2011y\/1000034567-768x512.webp 768w\" sizes=\"(max-width: 1080px) 100vw, 1080px\" \/><figcaption class=\"wp-element-caption\">ABD Ba\u015fkan\u0131 Donald Trump ile Rusya Devlet Ba\u015fkan\u0131 Vladimir Putin, Ukrayna\u2019daki sava\u015f\u0131 sona erdirmeye y\u00f6nelik g\u00f6r\u00fc\u015fmelerin ard\u0131ndan el s\u0131k\u0131\u015f\u0131rken. 15 A\u011fustos 2025, Joint Base Elmendorf\u2013Richardson, Anchorage, Alaska. (Foto\u011fraf: The Epoch Times arac\u0131l\u0131\u011f\u0131yla, Kevin Lamarque, Reuters)<\/figcaption><\/figure><\/div>\n\n\n<p>Rusya Devlet Ba\u015fkan\u0131 Vladimir Putin ile ABD Ba\u015fkan\u0131 Donald Trump, <a href=\"https:\/\/www.theepochtimes.com\/world\/putin-discusses-iran-war-in-phone-call-with-trump-kremlin-5996461\" target=\"_blank\" rel=\"noreferrer noopener\">9 Mart tarihinde<\/a> bir telefon g\u00f6r\u00fc\u015fmesi ger\u00e7ekle\u015ftirdi. \u0130ki lider \u0130ran \u00e7evresinde t\u0131rmanan \u00e7at\u0131\u015fmalar\u0131, Ukrayna\u2019daki sava\u015f\u0131 ve k\u00fcresel enerji piyasalar\u0131n\u0131 etkileyen geli\u015fmeleri ele ald\u0131. Kremlin taraf\u0131ndan yap\u0131lan a\u00e7\u0131klamaya g\u00f6re yakla\u015f\u0131k bir saat s\u00fcren g\u00f6r\u00fc\u015fme \u201ci\u015f odakl\u0131, a\u00e7\u0131k ve yap\u0131c\u0131\u201d bir atmosferde ger\u00e7ekle\u015fti.<\/p>\n\n\n\n<p>Kremlin\u2019in d\u0131\u015f politika dan\u0131\u015fman\u0131 Yuri Ushakov, g\u00f6r\u00fc\u015fmede Putin\u2019in \u00f6zellikle \u0130ran \u00e7evresindeki gerilimin diplomatik ve siyasi yollarla h\u0131zl\u0131 \u015fekilde \u00e7\u00f6z\u00fclmesi gerekti\u011fine vurgu yapt\u0131\u011f\u0131n\u0131 s\u00f6yledi. Ayr\u0131ca Putin\u2019in son d\u00f6nemde K\u00f6rfez \u00fclkelerinin liderleri ve \u0130ran Cumhurba\u015fkan\u0131 ile temas kurdu\u011funu belirtti. Ushakov, Rus liderin bu temaslar\u0131n b\u00f6lgedeki gerilimi azaltabilecek potansiyele sahip oldu\u011funu ifade etti\u011fini aktard\u0131.<\/p>\n\n\n\n<p>G\u00f6r\u00fc\u015fmede ABD\u2019nin \u0130srail ile birlikte \u0130ran\u2019a y\u00f6nelik y\u00fcr\u00fctt\u00fc\u011f\u00fc askeri operasyon da g\u00fcndeme geldi. Trump, \u0130ran\u2019daki geli\u015fmeleri ABD ile \u0130srail\u2019in devam eden operasyonu \u00e7er\u00e7evesinde de\u011ferlendirdi. \u0130ki lider konu hakk\u0131nda ayr\u0131nt\u0131l\u0131 g\u00f6r\u00fc\u015f al\u0131\u015fveri\u015finde bulundu.<\/p>\n\n\n\n<p>Telefon g\u00f6r\u00fc\u015fmesinin bir di\u011fer \u00f6nemli ba\u015fl\u0131\u011f\u0131 ise Ukrayna\u2019daki sava\u015f oldu. Putin, Rus ordusunun Ukrayna\u2019daki cephelerde ilerleme kaydetti\u011fini belirtti. Ayr\u0131ca bu durumun Kiev y\u00f6netimini m\u00fczakere yoluna y\u00f6nlendirmesi gerekti\u011fini dile getirdi. Rusya lideri, \u00e7at\u0131\u015fman\u0131n diplomatik \u00e7\u00f6z\u00fcmle sona ermesinin m\u00fcmk\u00fcn oldu\u011funu belirtti. Ukrayna taraf\u0131n\u0131n da bu y\u00f6nde ad\u0131m atmas\u0131 gerekti\u011fini s\u00f6zlerine ekledi.<\/p>\n\n\n\n<h3 class=\"wp-block-heading\">Her \u0130ki Taraf da G\u00f6r\u00fc\u015fmeyi Olumlu Olarak De\u011ferlendirdi<\/h3>\n\n\n\n<p>Trump, Ukrayna\u2019daki sava\u015f\u0131n sona erdirilmesine y\u00f6nelik bir ate\u015fkes ve kal\u0131c\u0131 \u00e7\u00f6z\u00fcm bulunmas\u0131 iste\u011fini ifade etti. Ayr\u0131ca g\u00f6r\u00fc\u015fmenin ard\u0131ndan yapt\u0131\u011f\u0131 a\u00e7\u0131klamada Putin ile yapt\u0131\u011f\u0131 telefon g\u00f6r\u00fc\u015fmesini olumlu olarak de\u011ferlendirdi. Trump, Putin\u2019in \u0130ran konusunun \u00e7\u00f6z\u00fcm\u00fcne yard\u0131mc\u0131 olmak istedi\u011fini s\u00f6yledi\u011fini ifade etti. Ancak kendisinin Rusya\u2019n\u0131n \u00f6ncelikle Ukrayna\u2019daki sava\u015f\u0131 sona erdirmeye odaklanmas\u0131n\u0131n daha faydal\u0131 olaca\u011f\u0131n\u0131 dile getirdi\u011fini belirtti.<\/p>\n\n\n\n<p>G\u00f6r\u00fc\u015fmede ayr\u0131ca Venezuela\u2019daki geli\u015fmeler ve <a href=\"https:\/\/epochtimestr.com\/index.php\/abdden-rus-petrolu-yaptirimlarinda-esneme-sinyali\" target=\"_blank\" rel=\"noreferrer noopener\">k\u00fcresel petrol piyasalar\u0131na<\/a> etkileri de ele al\u0131nd\u0131. Taraflar uluslararas\u0131 enerji piyasalar\u0131nda ya\u015fanan dalgalanmalar konusunda fikir al\u0131\u015fveri\u015finde bulundu. Buna ek olarak ileti\u015fimi s\u00fcrd\u00fcrme konusunda mutab\u0131k kald\u0131lar.<\/p>\n\n\n\n<p>\u00d6te yandan Ukrayna Devlet Ba\u015fkan\u0131 Volodimir Zelenski de h\u00fck\u00fcmetinin bar\u0131\u015f g\u00f6r\u00fc\u015fmelerine haz\u0131r oldu\u011funu belirtti. Zelenski, bu hafta yap\u0131lmas\u0131 planlanan diplomatik g\u00f6r\u00fc\u015fmelerin, ABD taraf\u0131n\u0131n talebi \u00fczerine ertelendi\u011fini ifade etti.<\/p>\n\n\n\n<p>ABD ve \u0130srail\u2019in \u0130ran\u2019a y\u00f6nelik askeri operasyonlar\u0131 28 \u015eubat\u2019ta ba\u015flam\u0131\u015ft\u0131. Washington y\u00f6netimi, \u0130ran\u2019\u0131n n\u00fckleer program\u0131n\u0131n olu\u015fturdu\u011fu tehdidi ortadan kald\u0131rmak amac\u0131yla operasyonlar\u0131n ba\u015flat\u0131ld\u0131\u011f\u0131n\u0131 a\u00e7\u0131klam\u0131\u015ft\u0131. \u0130ran ise buna kar\u015f\u0131l\u0131k Orta Do\u011fu\u2019daki baz\u0131 hedeflere y\u00f6nelik sald\u0131r\u0131lar d\u00fczenledi.<\/p>\n\n\n\n<p>B\u00f6lgedeki gerilim k\u00fcresel enerji piyasalar\u0131n\u0131 da do\u011frudan etkiledi. \u00d6zellikle d\u00fcnya petrol ve do\u011fal gaz ta\u015f\u0131mac\u0131l\u0131\u011f\u0131 a\u00e7\u0131s\u0131ndan kritik \u00f6neme sahip H\u00fcrm\u00fcz Bo\u011faz\u0131\u2019nda g\u00fcvenlik endi\u015feleri nedeniyle bir\u00e7ok petrol tankeri ge\u00e7i\u015fi durdurdu. Bu durum petrol fiyatlar\u0131nda dalgalanmalara neden oldu.<\/p>\n\n\n\n<p>ABD Ba\u015fkan\u0131 Trump, \u0130ran Devrim Muhaf\u0131zlar\u0131\u2019n\u0131n H\u00fcrm\u00fcz Bo\u011faz\u0131\u2019nda ticari gemileri tehdit etmeye devam etmesi halinde ABD\u2019nin askeri operasyonlar\u0131n\u0131 daha da sertle\u015ftirece\u011fi uyar\u0131s\u0131nda bulundu. Trump, \u0130ran\u2019\u0131n k\u00fcresel petrol arz\u0131n\u0131 tehdit etmesine izin vermeyeceklerini vurgulad\u0131.<\/p>\n","protected":false},"excerpt":{"rendered":"<p>Rusya Devlet Ba\u015fkan\u0131 Vladimir Putin ile ABD Ba\u015fkan\u0131 Donald Trump, 9 Mart tarihinde bir telefon g\u00f6r\u00fc\u015fmesi ger\u00e7ekle\u015ftirdi. \u0130ki lider \u0130ran \u00e7evresinde t\u0131rmanan \u00e7at\u0131\u015fmalar\u0131, Ukrayna\u2019daki sava\u015f\u0131 ve k\u00fcresel enerji piyasalar\u0131n\u0131 etkileyen geli\u015fmeleri ele ald\u0131. Kremlin taraf\u0131ndan yap\u0131lan a\u00e7\u0131klamaya g\u00f6re yakla\u015f\u0131k bir saat s\u00fcren g\u00f6r\u00fc\u015fme \u201ci\u015f odakl\u0131, a\u00e7\u0131k ve yap\u0131c\u0131\u201d bir atmosferde ger\u00e7ekle\u015fti. Kremlin\u2019in d\u0131\u015f politika dan\u0131\u015fman\u0131 [&hellip;]<\/p>\n","protected":false},"author":13996,"featured_media":166176,"comment_status":"open","ping_status":"open","sticky":false,"template":"","format":"standard","meta":{"_yoast_wpseo_focuskw":"Putin - Trump","_yoast_wpseo_title":"","_yoast_wpseo_metadesc":"Putin ve Trump telefonla g\u00f6r\u00fc\u015ferek, \u0130ran sava\u015f\u0131, Ukrayna krizi ve k\u00fcresel enerji piyasalar\u0131n\u0131 etkileyen geli\u015fmeleri konu\u015ftular.","_bbp_topic_count":0,"_bbp_reply_count":0,"_bbp_total_topic_count":0,"_bbp_total_reply_count":0,"_bbp_voice_count":0,"_bbp_anonymous_reply_count":0,"_bbp_topic_count_hidden":0,"_bbp_reply_count_hidden":0,"_bbp_forum_subforum_count":0,"footnotes":"","_yoast_wpseo_focuskw_text_input":""},"categories":[5,1,8138],"tags":[10503,276,10996,5907,10998,10994,3871,5764,8766,10997],"yoast_head":"<!-- This site is optimized with the Yoast SEO plugin v23.0 - https:\/\/yoast.com\/wordpress\/plugins\/seo\/ -->\n<title>Putin - Trump G\u00f6r\u00fc\u015fmesinde G\u00fcndem \u0130ran Sava\u015f\u0131 ve Ukrayna - The Epoch Times TR<\/title>\n<meta name=\"description\" content=\"Putin ve Trump telefonla g\u00f6r\u00fc\u015ferek, \u0130ran sava\u015f\u0131, Ukrayna krizi ve k\u00fcresel enerji piyasalar\u0131n\u0131 etkileyen geli\u015fmeleri konu\u015ftular.\" \/>\n<meta name=\"robots\" content=\"index, follow, max-snippet:-1, max-image-preview:large, max-video-preview:-1\" \/>\n<link rel=\"canonical\" href=\"https:\/\/epochtimestr.com\/index.php\/putin-ve-trump-gorusmesinde-gundem-iran-savasi-ve-ukrayna\" \/>\n<meta property=\"og:locale\" content=\"tr_TR\" \/>\n<meta property=\"og:type\" content=\"article\" \/>\n<meta property=\"og:title\" content=\"Putin - Trump G\u00f6r\u00fc\u015fmesinde G\u00fcndem \u0130ran Sava\u015f\u0131 ve Ukrayna - The Epoch Times TR\" \/>\n<meta property=\"og:description\" content=\"Putin ve Trump telefonla g\u00f6r\u00fc\u015ferek, \u0130ran sava\u015f\u0131, Ukrayna krizi ve k\u00fcresel enerji piyasalar\u0131n\u0131 etkileyen geli\u015fmeleri konu\u015ftular.\" \/>\n<meta property=\"og:url\" content=\"https:\/\/epochtimestr.com\/index.php\/putin-ve-trump-gorusmesinde-gundem-iran-savasi-ve-ukrayna\" \/>\n<meta property=\"og:site_name\" content=\"The Epoch Times TR\" \/>\n<meta property=\"article:publisher\" content=\"https:\/\/www.facebook.com\/theepochtimestr\" \/>\n<meta property=\"article:published_time\" content=\"2026-03-10T08:06:55+00:00\" \/>\n<meta property=\"article:modified_time\" content=\"2026-03-10T08:07:18+00:00\" \/>\n<meta property=\"og:image\" content=\"https:\/\/epochtimestr.com\/wp-content\/uploads\/2011y\/1000034567.webp\" \/>\n\t<meta property=\"og:image:width\" content=\"1080\" \/>\n\t<meta property=\"og:image:height\" content=\"720\" \/>\n\t<meta property=\"og:image:type\" content=\"image\/webp\" \/>\n<meta name=\"author\" content=\"Leo Bajelan\" \/>\n<meta name=\"twitter:card\" content=\"summary_large_image\" \/>\n<meta name=\"twitter:creator\" content=\"@TheEpochTimesTR\" \/>\n<meta name=\"twitter:site\" content=\"@TheEpochTimesTR\" \/>\n<meta name=\"twitter:label1\" content=\"Yazan:\" \/>\n\t<meta name=\"twitter:data1\" content=\"Leo Bajelan\" \/>\n\t<meta name=\"twitter:label2\" content=\"Tahmini okuma s\u00fcresi\" \/>\n\t<meta name=\"twitter:data2\" content=\"4 dakika\" \/>\n<script type=\"application\/ld+json\" class=\"yoast-schema-graph\">{\"@context\":\"https:\/\/schema.org\",\"@graph\":[{\"@type\":\"Article\",\"@id\":\"https:\/\/epochtimestr.com\/index.php\/putin-ve-trump-gorusmesinde-gundem-iran-savasi-ve-ukrayna#article\",\"isPartOf\":{\"@id\":\"https:\/\/epochtimestr.com\/index.php\/putin-ve-trump-gorusmesinde-gundem-iran-savasi-ve-ukrayna\"},\"author\":{\"name\":\"Leo Bajelan\",\"@id\":\"https:\/\/epochtimestr.com\/#\/schema\/person\/5fef218711d76d8f232b0e1f1d7e4c0d\"},\"headline\":\"Putin &#8211; Trump G\u00f6r\u00fc\u015fmesinde G\u00fcndem \u0130ran Sava\u015f\u0131 ve Ukrayna\",\"datePublished\":\"2026-03-10T08:06:55+00:00\",\"dateModified\":\"2026-03-10T08:07:18+00:00\",\"mainEntityOfPage\":{\"@id\":\"https:\/\/epochtimestr.com\/index.php\/putin-ve-trump-gorusmesinde-gundem-iran-savasi-ve-ukrayna\"},\"wordCount\":678,\"commentCount\":0,\"publisher\":{\"@id\":\"https:\/\/epochtimestr.com\/#organization\"},\"image\":{\"@id\":\"https:\/\/epochtimestr.com\/index.php\/putin-ve-trump-gorusmesinde-gundem-iran-savasi-ve-ukrayna#primaryimage\"},\"thumbnailUrl\":\"https:\/\/epochtimestr.com\/wp-content\/uploads\/2011y\/1000034567.webp\",\"keywords\":[\"ABD \u0130ran sava\u015f\u0131\",\"askeri operasyon\",\"\u00e7at\u0131\u015fmalar\",\"Kremlin\",\"k\u00fcresel enerji piyasalar\u0131\",\"k\u00fcresel petrol piyasalar\",\"Putin\",\"Trump\",\"Ukrayna Rusya Sava\u015f\u0131\",\"Ukrayna\u2019daki sava\u015f\"],\"articleSection\":[\"D\u00dcNYA\",\"G\u00dcNDEM\",\"MAN\u015eET\"],\"inLanguage\":\"tr\",\"potentialAction\":[{\"@type\":\"CommentAction\",\"name\":\"Comment\",\"target\":[\"https:\/\/epochtimestr.com\/index.php\/putin-ve-trump-gorusmesinde-gundem-iran-savasi-ve-ukrayna#respond\"]}]},{\"@type\":\"WebPage\",\"@id\":\"https:\/\/epochtimestr.com\/index.php\/putin-ve-trump-gorusmesinde-gundem-iran-savasi-ve-ukrayna\",\"url\":\"https:\/\/epochtimestr.com\/index.php\/putin-ve-trump-gorusmesinde-gundem-iran-savasi-ve-ukrayna\",\"name\":\"Putin - Trump G\u00f6r\u00fc\u015fmesinde G\u00fcndem \u0130ran Sava\u015f\u0131 ve Ukrayna - The Epoch Times TR\",\"isPartOf\":{\"@id\":\"https:\/\/epochtimestr.com\/#website\"},\"primaryImageOfPage\":{\"@id\":\"https:\/\/epochtimestr.com\/index.php\/putin-ve-trump-gorusmesinde-gundem-iran-savasi-ve-ukrayna#primaryimage\"},\"image\":{\"@id\":\"https:\/\/epochtimestr.com\/index.php\/putin-ve-trump-gorusmesinde-gundem-iran-savasi-ve-ukrayna#primaryimage\"},\"thumbnailUrl\":\"https:\/\/epochtimestr.com\/wp-content\/uploads\/2011y\/1000034567.webp\",\"datePublished\":\"2026-03-10T08:06:55+00:00\",\"dateModified\":\"2026-03-10T08:07:18+00:00\",\"description\":\"Putin ve Trump telefonla g\u00f6r\u00fc\u015ferek, \u0130ran sava\u015f\u0131, Ukrayna krizi ve k\u00fcresel enerji piyasalar\u0131n\u0131 etkileyen geli\u015fmeleri konu\u015ftular.\",\"inLanguage\":\"tr\",\"potentialAction\":[{\"@type\":\"ReadAction\",\"target\":[\"https:\/\/epochtimestr.com\/index.php\/putin-ve-trump-gorusmesinde-gundem-iran-savasi-ve-ukrayna\"]}]},{\"@type\":\"ImageObject\",\"inLanguage\":\"tr\",\"@id\":\"https:\/\/epochtimestr.com\/index.php\/putin-ve-trump-gorusmesinde-gundem-iran-savasi-ve-ukrayna#primaryimage\",\"url\":\"https:\/\/epochtimestr.com\/wp-content\/uploads\/2011y\/1000034567.webp\",\"contentUrl\":\"https:\/\/epochtimestr.com\/wp-content\/uploads\/2011y\/1000034567.webp\",\"width\":1080,\"height\":720},{\"@type\":\"WebSite\",\"@id\":\"https:\/\/epochtimestr.com\/#website\",\"url\":\"https:\/\/epochtimestr.com\/\",\"name\":\"The Epoch Times TR\",\"description\":\"De\u011fi\u015fen D\u00fcnyam\u0131za Taze Bir Bak\u0131\u015f\",\"publisher\":{\"@id\":\"https:\/\/epochtimestr.com\/#organization\"},\"potentialAction\":[{\"@type\":\"SearchAction\",\"target\":{\"@type\":\"EntryPoint\",\"urlTemplate\":\"https:\/\/epochtimestr.com\/?s={search_term_string}\"},\"query-input\":\"required name=search_term_string\"}],\"inLanguage\":\"tr\"},{\"@type\":\"Organization\",\"@id\":\"https:\/\/epochtimestr.com\/#organization\",\"name\":\"The EpochTimes T\u00fcrkiye\",\"url\":\"https:\/\/epochtimestr.com\/\",\"logo\":{\"@type\":\"ImageObject\",\"inLanguage\":\"tr\",\"@id\":\"https:\/\/epochtimestr.com\/#\/schema\/logo\/image\/\",\"url\":\"https:\/\/epochtimestr.com\/wp-content\/uploads\/2011y\/ET-Logo-YG.jpg\",\"contentUrl\":\"https:\/\/epochtimestr.com\/wp-content\/uploads\/2011y\/ET-Logo-YG.jpg\",\"width\":346,\"height\":29,\"caption\":\"The EpochTimes T\u00fcrkiye\"},\"image\":{\"@id\":\"https:\/\/epochtimestr.com\/#\/schema\/logo\/image\/\"},\"sameAs\":[\"https:\/\/www.facebook.com\/theepochtimestr\",\"https:\/\/x.com\/TheEpochTimesTR\",\"https:\/\/www.instagram.com\/epochtimestr\"]},{\"@type\":\"Person\",\"@id\":\"https:\/\/epochtimestr.com\/#\/schema\/person\/5fef218711d76d8f232b0e1f1d7e4c0d\",\"name\":\"Leo Bajelan\",\"image\":{\"@type\":\"ImageObject\",\"inLanguage\":\"tr\",\"@id\":\"https:\/\/epochtimestr.com\/#\/schema\/person\/image\/\",\"url\":\"https:\/\/secure.gravatar.com\/avatar\/917669146f489549e548a2e9af272df5?s=96&d=mm&r=g\",\"contentUrl\":\"https:\/\/secure.gravatar.com\/avatar\/917669146f489549e548a2e9af272df5?s=96&d=mm&r=g\",\"caption\":\"Leo Bajelan\"},\"url\":\"https:\/\/epochtimestr.com\/index.php\/author\/leo\"}]}<\/script>\n<!-- \/ Yoast SEO plugin. -->","yoast_head_json":{"title":"Putin - Trump G\u00f6r\u00fc\u015fmesinde G\u00fcndem \u0130ran Sava\u015f\u0131 ve Ukrayna - The Epoch Times TR","description":"Putin ve Trump telefonla g\u00f6r\u00fc\u015ferek, \u0130ran sava\u015f\u0131, Ukrayna krizi ve k\u00fcresel enerji piyasalar\u0131n\u0131 etkileyen geli\u015fmeleri konu\u015ftular.","robots":{"index":"index","follow":"follow","max-snippet":"max-snippet:-1","max-image-preview":"max-image-preview:large","max-video-preview":"max-video-preview:-1"},"canonical":"https:\/\/epochtimestr.com\/index.php\/putin-ve-trump-gorusmesinde-gundem-iran-savasi-ve-ukrayna","og_locale":"tr_TR","og_type":"article","og_title":"Putin - Trump G\u00f6r\u00fc\u015fmesinde G\u00fcndem \u0130ran Sava\u015f\u0131 ve Ukrayna - The Epoch Times TR","og_description":"Putin ve Trump telefonla g\u00f6r\u00fc\u015ferek, \u0130ran sava\u015f\u0131, Ukrayna krizi ve k\u00fcresel enerji piyasalar\u0131n\u0131 etkileyen geli\u015fmeleri konu\u015ftular.","og_url":"https:\/\/epochtimestr.com\/index.php\/putin-ve-trump-gorusmesinde-gundem-iran-savasi-ve-ukrayna","og_site_name":"The Epoch Times TR","article_publisher":"https:\/\/www.facebook.com\/theepochtimestr","article_published_time":"2026-03-10T08:06:55+00:00","article_modified_time":"2026-03-10T08:07:18+00:00","og_image":[{"width":1080,"height":720,"url":"https:\/\/epochtimestr.com\/wp-content\/uploads\/2011y\/1000034567.webp","type":"image\/webp"}],"author":"Leo Bajelan","twitter_card":"summary_large_image","twitter_creator":"@TheEpochTimesTR","twitter_site":"@TheEpochTimesTR","twitter_misc":{"Yazan:":"Leo Bajelan","Tahmini okuma s\u00fcresi":"4 dakika"},"schema":{"@context":"https:\/\/schema.org","@graph":[{"@type":"Article","@id":"https:\/\/epochtimestr.com\/index.php\/putin-ve-trump-gorusmesinde-gundem-iran-savasi-ve-ukrayna#article","isPartOf":{"@id":"https:\/\/epochtimestr.com\/index.php\/putin-ve-trump-gorusmesinde-gundem-iran-savasi-ve-ukrayna"},"author":{"name":"Leo Bajelan","@id":"https:\/\/epochtimestr.com\/#\/schema\/person\/5fef218711d76d8f232b0e1f1d7e4c0d"},"headline":"Putin &#8211; Trump G\u00f6r\u00fc\u015fmesinde G\u00fcndem \u0130ran Sava\u015f\u0131 ve Ukrayna","datePublished":"2026-03-10T08:06:55+00:00","dateModified":"2026-03-10T08:07:18+00:00","mainEntityOfPage":{"@id":"https:\/\/epochtimestr.com\/index.php\/putin-ve-trump-gorusmesinde-gundem-iran-savasi-ve-ukrayna"},"wordCount":678,"commentCount":0,"publisher":{"@id":"https:\/\/epochtimestr.com\/#organization"},"image":{"@id":"https:\/\/epochtimestr.com\/index.php\/putin-ve-trump-gorusmesinde-gundem-iran-savasi-ve-ukrayna#primaryimage"},"thumbnailUrl":"https:\/\/epochtimestr.com\/wp-content\/uploads\/2011y\/1000034567.webp","keywords":["ABD \u0130ran sava\u015f\u0131","askeri operasyon","\u00e7at\u0131\u015fmalar","Kremlin","k\u00fcresel enerji piyasalar\u0131","k\u00fcresel petrol piyasalar","Putin","Trump","Ukrayna Rusya Sava\u015f\u0131","Ukrayna\u2019daki sava\u015f"],"articleSection":["D\u00dcNYA","G\u00dcNDEM","MAN\u015eET"],"inLanguage":"tr","potentialAction":[{"@type":"CommentAction","name":"Comment","target":["https:\/\/epochtimestr.com\/index.php\/putin-ve-trump-gorusmesinde-gundem-iran-savasi-ve-ukrayna#respond"]}]},{"@type":"WebPage","@id":"https:\/\/epochtimestr.com\/index.php\/putin-ve-trump-gorusmesinde-gundem-iran-savasi-ve-ukrayna","url":"https:\/\/epochtimestr.com\/index.php\/putin-ve-trump-gorusmesinde-gundem-iran-savasi-ve-ukrayna","name":"Putin - Trump G\u00f6r\u00fc\u015fmesinde G\u00fcndem \u0130ran Sava\u015f\u0131 ve Ukrayna - The Epoch Times TR","isPartOf":{"@id":"https:\/\/epochtimestr.com\/#website"},"primaryImageOfPage":{"@id":"https:\/\/epochtimestr.com\/index.php\/putin-ve-trump-gorusmesinde-gundem-iran-savasi-ve-ukrayna#primaryimage"},"image":{"@id":"https:\/\/epochtimestr.com\/index.php\/putin-ve-trump-gorusmesinde-gundem-iran-savasi-ve-ukrayna#primaryimage"},"thumbnailUrl":"https:\/\/epochtimestr.com\/wp-content\/uploads\/2011y\/1000034567.webp","datePublished":"2026-03-10T08:06:55+00:00","dateModified":"2026-03-10T08:07:18+00:00","description":"Putin ve Trump telefonla g\u00f6r\u00fc\u015ferek, \u0130ran sava\u015f\u0131, Ukrayna krizi ve k\u00fcresel enerji piyasalar\u0131n\u0131 etkileyen geli\u015fmeleri konu\u015ftular.","inLanguage":"tr","potentialAction":[{"@type":"ReadAction","target":["https:\/\/epochtimestr.com\/index.php\/putin-ve-trump-gorusmesinde-gundem-iran-savasi-ve-ukrayna"]}]},{"@type":"ImageObject","inLanguage":"tr","@id":"https:\/\/epochtimestr.com\/index.php\/putin-ve-trump-gorusmesinde-gundem-iran-savasi-ve-ukrayna#primaryimage","url":"https:\/\/epochtimestr.com\/wp-content\/uploads\/2011y\/1000034567.webp","contentUrl":"https:\/\/epochtimestr.com\/wp-content\/uploads\/2011y\/1000034567.webp","width":1080,"height":720},{"@type":"WebSite","@id":"https:\/\/epochtimestr.com\/#website","url":"https:\/\/epochtimestr.com\/","name":"The Epoch Times TR","description":"De\u011fi\u015fen D\u00fcnyam\u0131za Taze Bir Bak\u0131\u015f","publisher":{"@id":"https:\/\/epochtimestr.com\/#organization"},"potentialAction":[{"@type":"SearchAction","target":{"@type":"EntryPoint","urlTemplate":"https:\/\/epochtimestr.com\/?s={search_term_string}"},"query-input":"required name=search_term_string"}],"inLanguage":"tr"},{"@type":"Organization","@id":"https:\/\/epochtimestr.com\/#organization","name":"The EpochTimes T\u00fcrkiye","url":"https:\/\/epochtimestr.com\/","logo":{"@type":"ImageObject","inLanguage":"tr","@id":"https:\/\/epochtimestr.com\/#\/schema\/logo\/image\/","url":"https:\/\/epochtimestr.com\/wp-content\/uploads\/2011y\/ET-Logo-YG.jpg","contentUrl":"https:\/\/epochtimestr.com\/wp-content\/uploads\/2011y\/ET-Logo-YG.jpg","width":346,"height":29,"caption":"The EpochTimes T\u00fcrkiye"},"image":{"@id":"https:\/\/epochtimestr.com\/#\/schema\/logo\/image\/"},"sameAs":["https:\/\/www.facebook.com\/theepochtimestr","https:\/\/x.com\/TheEpochTimesTR","https:\/\/www.instagram.com\/epochtimestr"]},{"@type":"Person","@id":"https:\/\/epochtimestr.com\/#\/schema\/person\/5fef218711d76d8f232b0e1f1d7e4c0d","name":"Leo Bajelan","image":{"@type":"ImageObject","inLanguage":"tr","@id":"https:\/\/epochtimestr.com\/#\/schema\/person\/image\/","url":"https:\/\/secure.gravatar.com\/avatar\/917669146f489549e548a2e9af272df5?s=96&d=mm&r=g","contentUrl":"https:\/\/secure.gravatar.com\/avatar\/917669146f489549e548a2e9af272df5?s=96&d=mm&r=g","caption":"Leo Bajelan"},"url":"https:\/\/epochtimestr.com\/index.php\/author\/leo"}]}},"_links":{"self":[{"href":"https:\/\/epochtimestr.com\/index.php\/wp-json\/wp\/v2\/posts\/166175"}],"collection":[{"href":"https:\/\/epochtimestr.com\/index.php\/wp-json\/wp\/v2\/posts"}],"about":[{"href":"https:\/\/epochtimestr.com\/index.php\/wp-json\/wp\/v2\/types\/post"}],"author":[{"embeddable":true,"href":"https:\/\/epochtimestr.com\/index.php\/wp-json\/wp\/v2\/users\/13996"}],"replies":[{"embeddable":true,"href":"https:\/\/epochtimestr.com\/index.php\/wp-json\/wp\/v2\/comments?post=166175"}],"version-history":[{"count":4,"href":"https:\/\/epochtimestr.com\/index.php\/wp-json\/wp\/v2\/posts\/166175\/revisions"}],"predecessor-version":[{"id":166185,"href":"https:\/\/epochtimestr.com\/index.php\/wp-json\/wp\/v2\/posts\/166175\/revisions\/166185"}],"wp:featuredmedia":[{"embeddable":true,"href":"https:\/\/epochtimestr.com\/index.php\/wp-json\/wp\/v2\/media\/166176"}],"wp:attachment":[{"href":"https:\/\/epochtimestr.com\/index.php\/wp-json\/wp\/v2\/media?parent=166175"}],"wp:term":[{"taxonomy":"category","embeddable":true,"href":"https:\/\/epochtimestr.com\/index.php\/wp-json\/wp\/v2\/categories?post=166175"},{"taxonomy":"post_tag","embeddable":true,"href":"https:\/\/epochtimestr.com\/index.php\/wp-json\/wp\/v2\/tags?post=166175"}],"curies":[{"name":"wp","href":"https:\/\/api.w.org\/{rel}","templated":true}]}}