{"id":166178,"date":"2026-03-10T12:55:56","date_gmt":"2026-03-10T09:55:56","guid":{"rendered":"https:\/\/epochtimestr.com\/?p=166178"},"modified":"2026-03-10T12:55:58","modified_gmt":"2026-03-10T09:55:58","slug":"avustralya-birlesik-arap-emirliklerine-gozetleme-ucagi-gonderiyor","status":"publish","type":"post","link":"https:\/\/epochtimestr.com\/index.php\/avustralya-birlesik-arap-emirliklerine-gozetleme-ucagi-gonderiyor","title":{"rendered":"Avustralya Birle\u015fik Arap Emirlikleri&#8217;ne G\u00f6zetleme U\u00e7a\u011f\u0131 G\u00f6nderiyor"},"content":{"rendered":"<div class=\"wp-block-image\">\n<figure class=\"aligncenter size-large is-resized\"><img loading=\"lazy\" decoding=\"async\" width=\"1800\" height=\"1200\" src=\"https:\/\/epochtimestr.com\/wp-content\/uploads\/2011y\/1000034568-1800x1200.jpg\" alt=\"Avustralya Ba\u015fbakan\u0131 Anthony Albanese\u2019nin resm\u00ee portresi. (Foto\u011fraf: Wikimedia)\" class=\"wp-image-166180\" style=\"width:840px;height:auto\" srcset=\"https:\/\/epochtimestr.com\/wp-content\/uploads\/2011y\/1000034568-1800x1200.jpg 1800w, https:\/\/epochtimestr.com\/wp-content\/uploads\/2011y\/1000034568-300x200.jpg 300w, https:\/\/epochtimestr.com\/wp-content\/uploads\/2011y\/1000034568-150x100.jpg 150w, https:\/\/epochtimestr.com\/wp-content\/uploads\/2011y\/1000034568-768x512.jpg 768w, https:\/\/epochtimestr.com\/wp-content\/uploads\/2011y\/1000034568-1536x1024.jpg 1536w, https:\/\/epochtimestr.com\/wp-content\/uploads\/2011y\/1000034568.jpg 2000w\" sizes=\"(max-width: 1800px) 100vw, 1800px\" \/><figcaption class=\"wp-element-caption\">Avustralya, \u0130ran kaynakl\u0131 sald\u0131r\u0131lar sonras\u0131 BAE\u2019ye g\u00f6zetleme u\u00e7a\u011f\u0131, asker ve savunma f\u00fczeleri g\u00f6nderecek. Ba\u015fnalan bu karar\u0131n K\u00f6rfez\u2019de g\u00fcvenli\u011fi desteklemek amac\u0131yla al\u0131nd\u0131\u011f\u0131n\u0131 bildirdi. Avustralya Ba\u015fbakan\u0131 Anthony Albanese\u2019nin resm\u00ee portresi. (Foto\u011fraf: Wikimedia)<\/figcaption><\/figure><\/div>\n\n\n<p>Avustralya h\u00fck\u00fcmeti, Orta Do\u011fu\u2019da artan gerilim nedeniyle Birle\u015fik Arap Emirlikleri\u2019ne (BAE) <a href=\"https:\/\/www.theepochtimes.com\/world\/australia-sends-surveillance-aircraft-and-missiles-to-uae-amid-iran-war-5996451\" target=\"_blank\" rel=\"noreferrer noopener\">askeri destek sa\u011flama<\/a> karar\u0131 ald\u0131. Ba\u015fbakan Anthony Albanese, yapt\u0131\u011f\u0131 a\u00e7\u0131klamada Avustralya Kraliyet Hava Kuvvetleri\u2019ne ait bir erken uyar\u0131 ve g\u00f6zetleme u\u00e7a\u011f\u0131n\u0131n b\u00f6lgeye g\u00f6nderilece\u011fi bildirdi. &#8220;Avustralya bu karar\u0131, \u0130ran sald\u0131r\u0131lar\u0131 ard\u0131ndan K\u00f6rfez \u00fclkelerinde g\u00fcvenlik risklerine kar\u015f\u0131 \u00f6nlem kapsam\u0131nda ald\u0131&#8221; dedi.<\/p>\n\n\n\n<p>Canberra\u2019da d\u00fczenlenen bas\u0131n toplant\u0131s\u0131nda konu\u015fan Albanese, h\u00fck\u00fcmetin en \u00f6nemli \u00f6nceli\u011finin yurtd\u0131\u015f\u0131nda ya\u015fayan Avustralya vatanda\u015flar\u0131n\u0131n g\u00fcvenli\u011fini sa\u011flamak oldu\u011funu belirtti. Ba\u015fbakan ayr\u0131ca Orta Do\u011fu genelinde yakla\u015f\u0131k 115 bin Avustralyal\u0131n\u0131n ya\u015fad\u0131\u011f\u0131n\u0131 s\u00f6yledi. Bunlar\u0131n yakla\u015f\u0131k 24 bininin Birle\u015fik Arap Emirlikleri\u2019nde bulundu\u011funu vurgulad\u0131. H\u00fck\u00fcmetin ald\u0131\u011f\u0131 karar\u0131n, hem b\u00f6lgedeki sivillerin hem de Avustralya vatanda\u015flar\u0131n\u0131n g\u00fcvenli\u011fine katk\u0131 sa\u011flamay\u0131 ama\u00e7lad\u0131\u011f\u0131n\u0131 dile getirdi.<\/p>\n\n\n\n<p>G\u00f6nderilecek u\u00e7ak, hava sahas\u0131n\u0131 uzun menzilden izleme ve komuta kontrol deste\u011fi sa\u011flama kapasitesine sahip. Avustralya Savunma Kuvvetleri\u2019nden yakla\u015f\u0131k 85 personel de u\u00e7akla birlikte Orta Do\u011fu\u2019ya g\u00f6nderilecek. Yetkililer, planlanan g\u00f6rev s\u00fcresinin ilk etapta d\u00f6rt hafta olaca\u011f\u0131n\u0131 bildirdi. Ayr\u0131ca K\u00f6rfez b\u00f6lgesindeki hava sahas\u0131n\u0131n izlenmesine destek verilece\u011fini a\u00e7\u0131klad\u0131.<\/p>\n\n\n\n<p>Ba\u015fbakan Yard\u0131mc\u0131s\u0131 ve Savunma Bakan\u0131 Richard Marles ise s\u00f6z konusu u\u00e7a\u011f\u0131n d\u00fcnyadaki en geli\u015fmi\u015f hava g\u00f6zetleme sistemlerinden biri oldu\u011funu s\u00f6yledi. Marles, bu platformun daha \u00f6nce Avrupa\u2019da benzer bir g\u00f6revde kullan\u0131ld\u0131\u011f\u0131n\u0131 hat\u0131rlatt\u0131. Ayr\u0131ca hava sahas\u0131n\u0131n korunmas\u0131 ve erken uyar\u0131 sa\u011flanmas\u0131 konusunda \u00f6nemli bir rol oynad\u0131\u011f\u0131n\u0131 ifade etti. U\u00e7a\u011f\u0131n k\u0131sa s\u00fcre i\u00e7inde Avustralya\u2019dan ayr\u0131larak hafta ortas\u0131nda Orta Do\u011fu\u2019ya ula\u015fmas\u0131 planlan\u0131yor. Buna ek olarak u\u00e7ak hafta sonuna do\u011fru aktif g\u00f6reve ba\u015flayacak.<\/p>\n\n\n\n<h3 class=\"wp-block-heading\">Ama\u00e7 B\u00f6lgedeki Savunma Kapasitesini G\u00fc\u00e7lendirmek<\/h3>\n\n\n\n<p>Avustralya h\u00fck\u00fcmeti ayr\u0131ca BAE\u2019nin talebi \u00fczerine orta menzilli geli\u015fmi\u015f hava-hava f\u00fczeleri de sa\u011flayaca\u011f\u0131n\u0131 duyurdu. Bu destekle Avustralya, b\u00f6lgedeki savunma kapasitesini g\u00fc\u00e7lendirmeyi ama\u00e7l\u0131yor.<\/p>\n\n\n\n<p><a href=\"https:\/\/epochtimestr.com\/index.php\/abd-temsilciler-meclisi-irana-savas-yetkisi-tasarisini-reddetti\" target=\"_blank\" rel=\"noreferrer noopener\">\u0130ran &#8211;<\/a> <a href=\"https:\/\/epochtimestr.com\/index.php\/abd-temsilciler-meclisi-irana-savas-yetkisi-tasarisini-reddetti\" target=\"_blank\" rel=\"noreferrer noopener\">ABD<\/a> aras\u0131ndaki askeri gerilimin ard\u0131ndan K\u00f6rfez \u00fclkelerine \u00e7ok say\u0131da f\u00fcze ve \u0130HA sald\u0131r\u0131s\u0131 ger\u00e7ekle\u015fti. BAE y\u00f6netimi, hava savunma sistemlerinin y\u00fczlerce sald\u0131r\u0131y\u0131 engelledi\u011fini a\u00e7\u0131klad\u0131. Ayr\u0131ca b\u00f6lgede sivil hedefler de risk alt\u0131nda.<\/p>\n\n\n\n<p>Avustralya y\u00f6netimi ise g\u00f6nderilen askeri unsurlar\u0131n yaln\u0131zca savunma ve g\u00f6zetleme amac\u0131yla g\u00f6rev yapaca\u011f\u0131n\u0131 duyurdu. \u0130ran\u2019a y\u00f6nelik herhangi bir sald\u0131r\u0131 operasyonunda yer almayaca\u011f\u0131n\u0131 \u00f6zellikle vurgulad\u0131. Canberra, b\u00f6lgedeki m\u00fcttefiklere sa\u011flanan bu destekle ayn\u0131 zamanda Orta Do\u011fu\u2019daki istikrar\u0131n korunmas\u0131na katk\u0131 sa\u011flamay\u0131 hedefliyor.<\/p>\n","protected":false},"excerpt":{"rendered":"<p>Avustralya h\u00fck\u00fcmeti, Orta Do\u011fu\u2019da artan gerilim nedeniyle Birle\u015fik Arap Emirlikleri\u2019ne (BAE) askeri destek sa\u011flama karar\u0131 ald\u0131. Ba\u015fbakan Anthony Albanese, yapt\u0131\u011f\u0131 a\u00e7\u0131klamada Avustralya Kraliyet Hava Kuvvetleri\u2019ne ait bir erken uyar\u0131 ve g\u00f6zetleme u\u00e7a\u011f\u0131n\u0131n b\u00f6lgeye g\u00f6nderilece\u011fi bildirdi. &#8220;Avustralya bu karar\u0131, \u0130ran sald\u0131r\u0131lar\u0131 ard\u0131ndan K\u00f6rfez \u00fclkelerinde g\u00fcvenlik risklerine kar\u015f\u0131 \u00f6nlem kapsam\u0131nda ald\u0131&#8221; dedi. Canberra\u2019da d\u00fczenlenen bas\u0131n toplant\u0131s\u0131nda konu\u015fan [&hellip;]<\/p>\n","protected":false},"author":13996,"featured_media":166180,"comment_status":"open","ping_status":"open","sticky":false,"template":"","format":"standard","meta":{"_yoast_wpseo_focuskw":"Avustralya - \u0130ran","_yoast_wpseo_title":"","_yoast_wpseo_metadesc":"Avustralya, \u0130ran kaynakl\u0131 sald\u0131r\u0131lar sonras\u0131 Birle\u015fik Arap Emirlikleri'ne g\u00f6zetleme u\u00e7a\u011f\u0131, asker ve savunma f\u00fczeleri g\u00f6nderiyor.","_bbp_topic_count":0,"_bbp_reply_count":0,"_bbp_total_topic_count":0,"_bbp_total_reply_count":0,"_bbp_voice_count":0,"_bbp_anonymous_reply_count":0,"_bbp_topic_count_hidden":0,"_bbp_reply_count_hidden":0,"_bbp_forum_subforum_count":0,"footnotes":"","_yoast_wpseo_focuskw_text_input":""},"categories":[5,1,8138],"tags":[9294,10995,6013,6983,6828,10687],"yoast_head":"<!-- This site is optimized with the Yoast SEO plugin v23.0 - https:\/\/yoast.com\/wordpress\/plugins\/seo\/ -->\n<title>Avustralya Birle\u015fik Arap Emirlikleri&#039;ne G\u00f6zetleme U\u00e7a\u011f\u0131 G\u00f6nderiyor - The Epoch Times TR<\/title>\n<meta name=\"description\" content=\"Avustralya, \u0130ran kaynakl\u0131 sald\u0131r\u0131lar sonras\u0131 Birle\u015fik Arap Emirlikleri&#039;ne g\u00f6zetleme u\u00e7a\u011f\u0131, asker ve savunma f\u00fczeleri g\u00f6nderiyor.\" \/>\n<meta name=\"robots\" content=\"index, follow, max-snippet:-1, max-image-preview:large, max-video-preview:-1\" \/>\n<link rel=\"canonical\" href=\"https:\/\/epochtimestr.com\/index.php\/avustralya-birlesik-arap-emirliklerine-gozetleme-ucagi-gonderiyor\" \/>\n<meta property=\"og:locale\" content=\"tr_TR\" \/>\n<meta property=\"og:type\" content=\"article\" \/>\n<meta property=\"og:title\" content=\"Avustralya Birle\u015fik Arap Emirlikleri&#039;ne G\u00f6zetleme U\u00e7a\u011f\u0131 G\u00f6nderiyor - The Epoch Times TR\" \/>\n<meta property=\"og:description\" content=\"Avustralya, \u0130ran kaynakl\u0131 sald\u0131r\u0131lar sonras\u0131 Birle\u015fik Arap Emirlikleri&#039;ne g\u00f6zetleme u\u00e7a\u011f\u0131, asker ve savunma f\u00fczeleri g\u00f6nderiyor.\" \/>\n<meta property=\"og:url\" content=\"https:\/\/epochtimestr.com\/index.php\/avustralya-birlesik-arap-emirliklerine-gozetleme-ucagi-gonderiyor\" \/>\n<meta property=\"og:site_name\" content=\"The Epoch Times TR\" \/>\n<meta property=\"article:publisher\" content=\"https:\/\/www.facebook.com\/theepochtimestr\" \/>\n<meta property=\"article:published_time\" content=\"2026-03-10T09:55:56+00:00\" \/>\n<meta property=\"article:modified_time\" content=\"2026-03-10T09:55:58+00:00\" \/>\n<meta property=\"og:image\" content=\"https:\/\/epochtimestr.com\/wp-content\/uploads\/2011y\/1000034568.jpg\" \/>\n\t<meta property=\"og:image:width\" content=\"2000\" \/>\n\t<meta property=\"og:image:height\" content=\"1333\" \/>\n\t<meta property=\"og:image:type\" content=\"image\/jpeg\" \/>\n<meta name=\"author\" content=\"Leo Bajelan\" \/>\n<meta name=\"twitter:card\" content=\"summary_large_image\" \/>\n<meta name=\"twitter:creator\" content=\"@TheEpochTimesTR\" \/>\n<meta name=\"twitter:site\" content=\"@TheEpochTimesTR\" \/>\n<meta name=\"twitter:label1\" content=\"Yazan:\" \/>\n\t<meta name=\"twitter:data1\" content=\"Leo Bajelan\" \/>\n\t<meta name=\"twitter:label2\" content=\"Tahmini okuma s\u00fcresi\" \/>\n\t<meta name=\"twitter:data2\" content=\"3 dakika\" \/>\n<script type=\"application\/ld+json\" class=\"yoast-schema-graph\">{\"@context\":\"https:\/\/schema.org\",\"@graph\":[{\"@type\":\"Article\",\"@id\":\"https:\/\/epochtimestr.com\/index.php\/avustralya-birlesik-arap-emirliklerine-gozetleme-ucagi-gonderiyor#article\",\"isPartOf\":{\"@id\":\"https:\/\/epochtimestr.com\/index.php\/avustralya-birlesik-arap-emirliklerine-gozetleme-ucagi-gonderiyor\"},\"author\":{\"name\":\"Leo Bajelan\",\"@id\":\"https:\/\/epochtimestr.com\/#\/schema\/person\/5fef218711d76d8f232b0e1f1d7e4c0d\"},\"headline\":\"Avustralya Birle\u015fik Arap Emirlikleri&#8217;ne G\u00f6zetleme U\u00e7a\u011f\u0131 G\u00f6nderiyor\",\"datePublished\":\"2026-03-10T09:55:56+00:00\",\"dateModified\":\"2026-03-10T09:55:58+00:00\",\"mainEntityOfPage\":{\"@id\":\"https:\/\/epochtimestr.com\/index.php\/avustralya-birlesik-arap-emirliklerine-gozetleme-ucagi-gonderiyor\"},\"wordCount\":550,\"commentCount\":0,\"publisher\":{\"@id\":\"https:\/\/epochtimestr.com\/#organization\"},\"image\":{\"@id\":\"https:\/\/epochtimestr.com\/index.php\/avustralya-birlesik-arap-emirliklerine-gozetleme-ucagi-gonderiyor#primaryimage\"},\"thumbnailUrl\":\"https:\/\/epochtimestr.com\/wp-content\/uploads\/2011y\/1000034568.jpg\",\"keywords\":[\"Anthony Albanese\",\"Arap \u00fclkeleri\",\"askeri destek\",\"AVUSTRAlya\",\"BAE\",\"\u0130ran ABD sava\u015f\u0131\"],\"articleSection\":[\"D\u00dcNYA\",\"G\u00dcNDEM\",\"MAN\u015eET\"],\"inLanguage\":\"tr\",\"potentialAction\":[{\"@type\":\"CommentAction\",\"name\":\"Comment\",\"target\":[\"https:\/\/epochtimestr.com\/index.php\/avustralya-birlesik-arap-emirliklerine-gozetleme-ucagi-gonderiyor#respond\"]}]},{\"@type\":\"WebPage\",\"@id\":\"https:\/\/epochtimestr.com\/index.php\/avustralya-birlesik-arap-emirliklerine-gozetleme-ucagi-gonderiyor\",\"url\":\"https:\/\/epochtimestr.com\/index.php\/avustralya-birlesik-arap-emirliklerine-gozetleme-ucagi-gonderiyor\",\"name\":\"Avustralya Birle\u015fik Arap Emirlikleri'ne G\u00f6zetleme U\u00e7a\u011f\u0131 G\u00f6nderiyor - The Epoch Times TR\",\"isPartOf\":{\"@id\":\"https:\/\/epochtimestr.com\/#website\"},\"primaryImageOfPage\":{\"@id\":\"https:\/\/epochtimestr.com\/index.php\/avustralya-birlesik-arap-emirliklerine-gozetleme-ucagi-gonderiyor#primaryimage\"},\"image\":{\"@id\":\"https:\/\/epochtimestr.com\/index.php\/avustralya-birlesik-arap-emirliklerine-gozetleme-ucagi-gonderiyor#primaryimage\"},\"thumbnailUrl\":\"https:\/\/epochtimestr.com\/wp-content\/uploads\/2011y\/1000034568.jpg\",\"datePublished\":\"2026-03-10T09:55:56+00:00\",\"dateModified\":\"2026-03-10T09:55:58+00:00\",\"description\":\"Avustralya, \u0130ran kaynakl\u0131 sald\u0131r\u0131lar sonras\u0131 Birle\u015fik Arap Emirlikleri'ne g\u00f6zetleme u\u00e7a\u011f\u0131, asker ve savunma f\u00fczeleri g\u00f6nderiyor.\",\"inLanguage\":\"tr\",\"potentialAction\":[{\"@type\":\"ReadAction\",\"target\":[\"https:\/\/epochtimestr.com\/index.php\/avustralya-birlesik-arap-emirliklerine-gozetleme-ucagi-gonderiyor\"]}]},{\"@type\":\"ImageObject\",\"inLanguage\":\"tr\",\"@id\":\"https:\/\/epochtimestr.com\/index.php\/avustralya-birlesik-arap-emirliklerine-gozetleme-ucagi-gonderiyor#primaryimage\",\"url\":\"https:\/\/epochtimestr.com\/wp-content\/uploads\/2011y\/1000034568.jpg\",\"contentUrl\":\"https:\/\/epochtimestr.com\/wp-content\/uploads\/2011y\/1000034568.jpg\",\"width\":2000,\"height\":1333},{\"@type\":\"WebSite\",\"@id\":\"https:\/\/epochtimestr.com\/#website\",\"url\":\"https:\/\/epochtimestr.com\/\",\"name\":\"The Epoch Times TR\",\"description\":\"De\u011fi\u015fen D\u00fcnyam\u0131za Taze Bir Bak\u0131\u015f\",\"publisher\":{\"@id\":\"https:\/\/epochtimestr.com\/#organization\"},\"potentialAction\":[{\"@type\":\"SearchAction\",\"target\":{\"@type\":\"EntryPoint\",\"urlTemplate\":\"https:\/\/epochtimestr.com\/?s={search_term_string}\"},\"query-input\":\"required name=search_term_string\"}],\"inLanguage\":\"tr\"},{\"@type\":\"Organization\",\"@id\":\"https:\/\/epochtimestr.com\/#organization\",\"name\":\"The EpochTimes T\u00fcrkiye\",\"url\":\"https:\/\/epochtimestr.com\/\",\"logo\":{\"@type\":\"ImageObject\",\"inLanguage\":\"tr\",\"@id\":\"https:\/\/epochtimestr.com\/#\/schema\/logo\/image\/\",\"url\":\"https:\/\/epochtimestr.com\/wp-content\/uploads\/2011y\/ET-Logo-YG.jpg\",\"contentUrl\":\"https:\/\/epochtimestr.com\/wp-content\/uploads\/2011y\/ET-Logo-YG.jpg\",\"width\":346,\"height\":29,\"caption\":\"The EpochTimes T\u00fcrkiye\"},\"image\":{\"@id\":\"https:\/\/epochtimestr.com\/#\/schema\/logo\/image\/\"},\"sameAs\":[\"https:\/\/www.facebook.com\/theepochtimestr\",\"https:\/\/x.com\/TheEpochTimesTR\",\"https:\/\/www.instagram.com\/epochtimestr\"]},{\"@type\":\"Person\",\"@id\":\"https:\/\/epochtimestr.com\/#\/schema\/person\/5fef218711d76d8f232b0e1f1d7e4c0d\",\"name\":\"Leo Bajelan\",\"image\":{\"@type\":\"ImageObject\",\"inLanguage\":\"tr\",\"@id\":\"https:\/\/epochtimestr.com\/#\/schema\/person\/image\/\",\"url\":\"https:\/\/secure.gravatar.com\/avatar\/917669146f489549e548a2e9af272df5?s=96&d=mm&r=g\",\"contentUrl\":\"https:\/\/secure.gravatar.com\/avatar\/917669146f489549e548a2e9af272df5?s=96&d=mm&r=g\",\"caption\":\"Leo Bajelan\"},\"url\":\"https:\/\/epochtimestr.com\/index.php\/author\/leo\"}]}<\/script>\n<!-- \/ Yoast SEO plugin. -->","yoast_head_json":{"title":"Avustralya Birle\u015fik Arap Emirlikleri'ne G\u00f6zetleme U\u00e7a\u011f\u0131 G\u00f6nderiyor - The Epoch Times TR","description":"Avustralya, \u0130ran kaynakl\u0131 sald\u0131r\u0131lar sonras\u0131 Birle\u015fik Arap Emirlikleri'ne g\u00f6zetleme u\u00e7a\u011f\u0131, asker ve savunma f\u00fczeleri g\u00f6nderiyor.","robots":{"index":"index","follow":"follow","max-snippet":"max-snippet:-1","max-image-preview":"max-image-preview:large","max-video-preview":"max-video-preview:-1"},"canonical":"https:\/\/epochtimestr.com\/index.php\/avustralya-birlesik-arap-emirliklerine-gozetleme-ucagi-gonderiyor","og_locale":"tr_TR","og_type":"article","og_title":"Avustralya Birle\u015fik Arap Emirlikleri'ne G\u00f6zetleme U\u00e7a\u011f\u0131 G\u00f6nderiyor - The Epoch Times TR","og_description":"Avustralya, \u0130ran kaynakl\u0131 sald\u0131r\u0131lar sonras\u0131 Birle\u015fik Arap Emirlikleri'ne g\u00f6zetleme u\u00e7a\u011f\u0131, asker ve savunma f\u00fczeleri g\u00f6nderiyor.","og_url":"https:\/\/epochtimestr.com\/index.php\/avustralya-birlesik-arap-emirliklerine-gozetleme-ucagi-gonderiyor","og_site_name":"The Epoch Times TR","article_publisher":"https:\/\/www.facebook.com\/theepochtimestr","article_published_time":"2026-03-10T09:55:56+00:00","article_modified_time":"2026-03-10T09:55:58+00:00","og_image":[{"width":2000,"height":1333,"url":"https:\/\/epochtimestr.com\/wp-content\/uploads\/2011y\/1000034568.jpg","type":"image\/jpeg"}],"author":"Leo Bajelan","twitter_card":"summary_large_image","twitter_creator":"@TheEpochTimesTR","twitter_site":"@TheEpochTimesTR","twitter_misc":{"Yazan:":"Leo Bajelan","Tahmini okuma s\u00fcresi":"3 dakika"},"schema":{"@context":"https:\/\/schema.org","@graph":[{"@type":"Article","@id":"https:\/\/epochtimestr.com\/index.php\/avustralya-birlesik-arap-emirliklerine-gozetleme-ucagi-gonderiyor#article","isPartOf":{"@id":"https:\/\/epochtimestr.com\/index.php\/avustralya-birlesik-arap-emirliklerine-gozetleme-ucagi-gonderiyor"},"author":{"name":"Leo Bajelan","@id":"https:\/\/epochtimestr.com\/#\/schema\/person\/5fef218711d76d8f232b0e1f1d7e4c0d"},"headline":"Avustralya Birle\u015fik Arap Emirlikleri&#8217;ne G\u00f6zetleme U\u00e7a\u011f\u0131 G\u00f6nderiyor","datePublished":"2026-03-10T09:55:56+00:00","dateModified":"2026-03-10T09:55:58+00:00","mainEntityOfPage":{"@id":"https:\/\/epochtimestr.com\/index.php\/avustralya-birlesik-arap-emirliklerine-gozetleme-ucagi-gonderiyor"},"wordCount":550,"commentCount":0,"publisher":{"@id":"https:\/\/epochtimestr.com\/#organization"},"image":{"@id":"https:\/\/epochtimestr.com\/index.php\/avustralya-birlesik-arap-emirliklerine-gozetleme-ucagi-gonderiyor#primaryimage"},"thumbnailUrl":"https:\/\/epochtimestr.com\/wp-content\/uploads\/2011y\/1000034568.jpg","keywords":["Anthony Albanese","Arap \u00fclkeleri","askeri destek","AVUSTRAlya","BAE","\u0130ran ABD sava\u015f\u0131"],"articleSection":["D\u00dcNYA","G\u00dcNDEM","MAN\u015eET"],"inLanguage":"tr","potentialAction":[{"@type":"CommentAction","name":"Comment","target":["https:\/\/epochtimestr.com\/index.php\/avustralya-birlesik-arap-emirliklerine-gozetleme-ucagi-gonderiyor#respond"]}]},{"@type":"WebPage","@id":"https:\/\/epochtimestr.com\/index.php\/avustralya-birlesik-arap-emirliklerine-gozetleme-ucagi-gonderiyor","url":"https:\/\/epochtimestr.com\/index.php\/avustralya-birlesik-arap-emirliklerine-gozetleme-ucagi-gonderiyor","name":"Avustralya Birle\u015fik Arap Emirlikleri'ne G\u00f6zetleme U\u00e7a\u011f\u0131 G\u00f6nderiyor - The Epoch Times TR","isPartOf":{"@id":"https:\/\/epochtimestr.com\/#website"},"primaryImageOfPage":{"@id":"https:\/\/epochtimestr.com\/index.php\/avustralya-birlesik-arap-emirliklerine-gozetleme-ucagi-gonderiyor#primaryimage"},"image":{"@id":"https:\/\/epochtimestr.com\/index.php\/avustralya-birlesik-arap-emirliklerine-gozetleme-ucagi-gonderiyor#primaryimage"},"thumbnailUrl":"https:\/\/epochtimestr.com\/wp-content\/uploads\/2011y\/1000034568.jpg","datePublished":"2026-03-10T09:55:56+00:00","dateModified":"2026-03-10T09:55:58+00:00","description":"Avustralya, \u0130ran kaynakl\u0131 sald\u0131r\u0131lar sonras\u0131 Birle\u015fik Arap Emirlikleri'ne g\u00f6zetleme u\u00e7a\u011f\u0131, asker ve savunma f\u00fczeleri g\u00f6nderiyor.","inLanguage":"tr","potentialAction":[{"@type":"ReadAction","target":["https:\/\/epochtimestr.com\/index.php\/avustralya-birlesik-arap-emirliklerine-gozetleme-ucagi-gonderiyor"]}]},{"@type":"ImageObject","inLanguage":"tr","@id":"https:\/\/epochtimestr.com\/index.php\/avustralya-birlesik-arap-emirliklerine-gozetleme-ucagi-gonderiyor#primaryimage","url":"https:\/\/epochtimestr.com\/wp-content\/uploads\/2011y\/1000034568.jpg","contentUrl":"https:\/\/epochtimestr.com\/wp-content\/uploads\/2011y\/1000034568.jpg","width":2000,"height":1333},{"@type":"WebSite","@id":"https:\/\/epochtimestr.com\/#website","url":"https:\/\/epochtimestr.com\/","name":"The Epoch Times TR","description":"De\u011fi\u015fen D\u00fcnyam\u0131za Taze Bir Bak\u0131\u015f","publisher":{"@id":"https:\/\/epochtimestr.com\/#organization"},"potentialAction":[{"@type":"SearchAction","target":{"@type":"EntryPoint","urlTemplate":"https:\/\/epochtimestr.com\/?s={search_term_string}"},"query-input":"required name=search_term_string"}],"inLanguage":"tr"},{"@type":"Organization","@id":"https:\/\/epochtimestr.com\/#organization","name":"The EpochTimes T\u00fcrkiye","url":"https:\/\/epochtimestr.com\/","logo":{"@type":"ImageObject","inLanguage":"tr","@id":"https:\/\/epochtimestr.com\/#\/schema\/logo\/image\/","url":"https:\/\/epochtimestr.com\/wp-content\/uploads\/2011y\/ET-Logo-YG.jpg","contentUrl":"https:\/\/epochtimestr.com\/wp-content\/uploads\/2011y\/ET-Logo-YG.jpg","width":346,"height":29,"caption":"The EpochTimes T\u00fcrkiye"},"image":{"@id":"https:\/\/epochtimestr.com\/#\/schema\/logo\/image\/"},"sameAs":["https:\/\/www.facebook.com\/theepochtimestr","https:\/\/x.com\/TheEpochTimesTR","https:\/\/www.instagram.com\/epochtimestr"]},{"@type":"Person","@id":"https:\/\/epochtimestr.com\/#\/schema\/person\/5fef218711d76d8f232b0e1f1d7e4c0d","name":"Leo Bajelan","image":{"@type":"ImageObject","inLanguage":"tr","@id":"https:\/\/epochtimestr.com\/#\/schema\/person\/image\/","url":"https:\/\/secure.gravatar.com\/avatar\/917669146f489549e548a2e9af272df5?s=96&d=mm&r=g","contentUrl":"https:\/\/secure.gravatar.com\/avatar\/917669146f489549e548a2e9af272df5?s=96&d=mm&r=g","caption":"Leo Bajelan"},"url":"https:\/\/epochtimestr.com\/index.php\/author\/leo"}]}},"_links":{"self":[{"href":"https:\/\/epochtimestr.com\/index.php\/wp-json\/wp\/v2\/posts\/166178"}],"collection":[{"href":"https:\/\/epochtimestr.com\/index.php\/wp-json\/wp\/v2\/posts"}],"about":[{"href":"https:\/\/epochtimestr.com\/index.php\/wp-json\/wp\/v2\/types\/post"}],"author":[{"embeddable":true,"href":"https:\/\/epochtimestr.com\/index.php\/wp-json\/wp\/v2\/users\/13996"}],"replies":[{"embeddable":true,"href":"https:\/\/epochtimestr.com\/index.php\/wp-json\/wp\/v2\/comments?post=166178"}],"version-history":[{"count":2,"href":"https:\/\/epochtimestr.com\/index.php\/wp-json\/wp\/v2\/posts\/166178\/revisions"}],"predecessor-version":[{"id":166187,"href":"https:\/\/epochtimestr.com\/index.php\/wp-json\/wp\/v2\/posts\/166178\/revisions\/166187"}],"wp:featuredmedia":[{"embeddable":true,"href":"https:\/\/epochtimestr.com\/index.php\/wp-json\/wp\/v2\/media\/166180"}],"wp:attachment":[{"href":"https:\/\/epochtimestr.com\/index.php\/wp-json\/wp\/v2\/media?parent=166178"}],"wp:term":[{"taxonomy":"category","embeddable":true,"href":"https:\/\/epochtimestr.com\/index.php\/wp-json\/wp\/v2\/categories?post=166178"},{"taxonomy":"post_tag","embeddable":true,"href":"https:\/\/epochtimestr.com\/index.php\/wp-json\/wp\/v2\/tags?post=166178"}],"curies":[{"name":"wp","href":"https:\/\/api.w.org\/{rel}","templated":true}]}}