{"id":166188,"date":"2026-03-11T13:10:47","date_gmt":"2026-03-11T10:10:47","guid":{"rendered":"https:\/\/epochtimestr.com\/?p=166188"},"modified":"2026-03-11T13:10:54","modified_gmt":"2026-03-11T10:10:54","slug":"abd-sudanli-musluman-kardesleri-terorist-ilan-etti","status":"publish","type":"post","link":"https:\/\/epochtimestr.com\/index.php\/abd-sudanli-musluman-kardesleri-terorist-ilan-etti","title":{"rendered":"ABD Sudanl\u0131 M\u00fcsl\u00fcman Karde\u015fler\u2019i Ter\u00f6rist \u0130lan Etti"},"content":{"rendered":"<div class=\"wp-block-image\">\n<figure class=\"aligncenter size-full\"><img loading=\"lazy\" decoding=\"async\" width=\"1080\" height=\"720\" src=\"https:\/\/epochtimestr.com\/wp-content\/uploads\/2011y\/1000034638.jpg\" alt=\"ABD Sudanl\u0131 M\u00fcsl\u00fcman Karde\u015fler\u2019i, \u0130ran ba\u011flant\u0131lar\u0131 ve sivillere y\u00f6nelik \u015fiddet nedeniyle yabanc\u0131 ter\u00f6rist organizasyon ilan etti. ABD D\u0131\u015fi\u015fleri Bakan\u0131 Marco Rubio, y\u0131l sonu bas\u0131n toplant\u0131s\u0131nda konu\u015fma yaparken. 19 Aral\u0131k 2025, ABD D\u0131\u015fi\u015fleri Bakanl\u0131\u011f\u0131 Bas\u0131n Brifing Odas\u0131, Washington. (Foto\u011fraf: The Epoch Times arac\u0131l\u0131\u011f\u0131yla, Mandel Ngan, AFP - Getty Images)\" class=\"wp-image-166189\" srcset=\"https:\/\/epochtimestr.com\/wp-content\/uploads\/2011y\/1000034638.jpg 1080w, https:\/\/epochtimestr.com\/wp-content\/uploads\/2011y\/1000034638-300x200.jpg 300w, https:\/\/epochtimestr.com\/wp-content\/uploads\/2011y\/1000034638-150x100.jpg 150w, https:\/\/epochtimestr.com\/wp-content\/uploads\/2011y\/1000034638-768x512.jpg 768w\" sizes=\"(max-width: 1080px) 100vw, 1080px\" \/><figcaption class=\"wp-element-caption\">ABD Sudanl\u0131 M\u00fcsl\u00fcman Karde\u015fler\u2019i, \u0130ran ba\u011flant\u0131lar\u0131 ve sivillere y\u00f6nelik \u015fiddet nedeniyle yabanc\u0131 ter\u00f6rist organizasyon ilan etti. ABD D\u0131\u015fi\u015fleri Bakan\u0131 Marco Rubio, y\u0131l sonu bas\u0131n toplant\u0131s\u0131nda konu\u015fma yaparken. 19 Aral\u0131k 2025, ABD D\u0131\u015fi\u015fleri Bakanl\u0131\u011f\u0131 Bas\u0131n Brifing Odas\u0131, Washington. (Foto\u011fraf: The Epoch Times arac\u0131l\u0131\u011f\u0131yla, Mandel Ngan, AFP &#8211; Getty Images)<\/figcaption><\/figure><\/div>\n\n\n<p>Amerika Birle\u015fik Devletleri, Sudanl\u0131 M\u00fcsl\u00fcman Karde\u015fler\u2019i, \u0130ran\u2019\u0131n Silahl\u0131 Kuvvetleri ile ba\u011flant\u0131lar\u0131 ve sivillere y\u00f6nelik \u015fiddet i\u00e7eren faaliyetleri nedeniyle yabanc\u0131 ter\u00f6rist organizasyon ilan etti. ABD D\u0131\u015fi\u015fleri Bakanl\u0131\u011f\u0131, <a href=\"https:\/\/www.theepochtimes.com\/world\/us-designates-sudanese-muslim-brotherhood-as-foreign-terrorist-organization-5996559\" target=\"_blank\" rel=\"noreferrer noopener\">9 Mart tarihli<\/a> a\u00e7\u0131klamas\u0131nda, grubun 16 Mart 2026 tarihinde resmen ter\u00f6rist olarak kabul edilece\u011fini duyurdu.<\/p>\n\n\n\n<p>ABD D\u0131\u015fi\u015fleri Bakan\u0131 Marco Rubio, Sudanl\u0131 M\u00fcsl\u00fcman Karde\u015fler\u2019in ter\u00f6rist ilan edilmesi hakk\u0131nda konu\u015ftu. Grubun 2023 y\u0131l\u0131nda Sudan\u2019da ba\u015flayan i\u00e7 sava\u015fta sivillere y\u00f6nelik kitlesel infazlar ger\u00e7ekle\u015ftirdi\u011fini dile getirdi. Ayr\u0131ca bu sava\u015f\u0131n \u00e7\u00f6z\u00fclmesine engel oldu\u011funu ifade etti. Sudan Silahl\u0131 Kuvvetleri (SAF) ve paramiliter H\u0131zl\u0131 Destek Kuvvetleri (RSF) aras\u0131ndaki \u00e7at\u0131\u015fmalar halen devam ediyor.<\/p>\n\n\n\n<p>Bakanl\u0131k taraf\u0131ndan a\u00e7\u0131klanan bilgilere g\u00f6re, Sudanl\u0131 M\u00fcsl\u00fcman Karde\u015fler, bu \u00e7at\u0131\u015fmaya yakla\u015f\u0131k 20.000 sava\u015f\u00e7\u0131 g\u00f6nderdi. Ayr\u0131ca bu sava\u015f\u00e7\u0131lar, \u0130ran\u2019\u0131n Devrim Muhaf\u0131zlar\u0131 (IRGC) taraf\u0131ndan e\u011fitim deste\u011fi ald\u0131. Rubio yapt\u0131\u011f\u0131 a\u00e7\u0131klamada, &#8220;\u0130ran rejimi, d\u00fcnyan\u0131n en b\u00fcy\u00fck devlet sponsorlu ter\u00f6rizm kayna\u011f\u0131d\u0131r. IRGC arac\u0131l\u0131\u011f\u0131yla k\u00fcresel \u00e7apta k\u00f6t\u00fc niyetli faaliyetleri finanse ve y\u00f6nlendirmektedir,&#8221; dedi.<\/p>\n\n\n\n<p>ABD\u2019nin bu karar\u0131, \u0130ran rejimi ve M\u00fcsl\u00fcman Karde\u015fler \u00f6rg\u00fctlerinin ter\u00f6rizmi desteklemek i\u00e7in kaynak kullanmalar\u0131n\u0131 engellemeyi ama\u00e7l\u0131yor. Bu kararla ABD, ter\u00f6rist organizasyon Sudanl\u0131 M\u00fcsl\u00fcman Karde\u015fler&#8217;in \u00fclkedeki t\u00fcm mal varl\u0131klar\u0131n\u0131 donduracak. Ayr\u0131ca ABD vatanda\u015flar\u0131n\u0131n bu grup ile herhangi bir i\u015f yapmalar\u0131n\u0131 da yasak olacak.<\/p>\n\n\n\n<h3 class=\"wp-block-heading\">Birle\u015fik Arap Emirlikleri, ABD&#8217;nin Bu Ad\u0131m\u0131n\u0131 Olumlu Kar\u015f\u0131lad\u0131 <\/h3>\n\n\n\n<p>BAE, Sudanl\u0131 M\u00fcsl\u00fcman Karde\u015fler&#8217;in ter\u00f6rist bir organizasyon olarak tan\u0131nmas\u0131 olumlu kar\u015f\u0131lad\u0131. Yetkililer bu ad\u0131m\u0131n, Trump y\u00f6netiminin grup \u00fczerinde Sudan&#8217;daki \u00e7abalar\u0131n\u0131 yans\u0131tt\u0131\u011f\u0131n\u0131 belirtti. Ayr\u0131ca, ter\u00f6rizmi ve a\u015f\u0131r\u0131l\u0131\u011f\u0131 besleyen kaynaklar\u0131n kurutulmas\u0131 i\u00e7in at\u0131lm\u0131\u015f \u00f6nemli bir ad\u0131m olarak nitelendirdi.<\/p>\n\n\n\n<p>Asl\u0131nda bu geli\u015fme, Kas\u0131m 2025&#8217;te ABD Ba\u015fkan\u0131 Donald Trump taraf\u0131ndan imzalanan bir y\u00fcr\u00fctme emriyle do\u011frudan ba\u011flant\u0131l\u0131. Bu emir, M\u00fcsl\u00fcman Karde\u015fler&#8217;in Amerika ve m\u00fcttefikleri i\u00e7in g\u00fcvenlik tehdidi olu\u015fturan kollar\u0131n\u0131 ter\u00f6rist organizasyon olarak belirlemeyi ama\u00e7l\u0131yordu. ABD D\u0131\u015fi\u015fleri Bakanl\u0131\u011f\u0131 Ocak 2026\u2019da L\u00fcbnan, \u00dcrd\u00fcn ve M\u0131s\u0131r\u2019daki M\u00fcsl\u00fcman Karde\u015fler kollar\u0131n\u0131 ter\u00f6rist ilan etmi\u015fti.<\/p>\n\n\n\n<p>1920\u2019lerde M\u0131s\u0131r\u2019da kurulan M\u00fcsl\u00fcman Karde\u015fler, d\u00fcnya \u00e7ap\u0131nda en etkili \u0130slami hareketlerden biri haline geldi. Hem dini \u00f6\u011fretisi hem de sosyal ve siyasi faaliyetleriyle geni\u015f bir etki alan\u0131 yaratt\u0131. Bu grup, bir\u00e7ok \u00fclkede ter\u00f6rist olarak kabul edildi. Ayr\u0131ca ge\u00e7ti\u011fimiz y\u0131llarda Suudi Arabistan, M\u0131s\u0131r ve Bahreyn gibi \u00fclkeler de benzer ad\u0131mlar att\u0131.<\/p>\n\n\n\n<p><a href=\"https:\/\/epochtimestr.com\/index.php\/abd-bombardiman-ucaklari-iranda-yaklasik-200-hedefi-vurdu\" target=\"_blank\" rel=\"noreferrer noopener\">ABD\u2019nin bu son hamlesi<\/a>, d\u00fcnya genelindeki M\u00fcsl\u00fcman Karde\u015fler kollar\u0131na kar\u015f\u0131 ter\u00f6rle m\u00fccadele stratejisinin par\u00e7as\u0131 oldu.<\/p>\n","protected":false},"excerpt":{"rendered":"<p>Amerika Birle\u015fik Devletleri, Sudanl\u0131 M\u00fcsl\u00fcman Karde\u015fler\u2019i, \u0130ran\u2019\u0131n Silahl\u0131 Kuvvetleri ile ba\u011flant\u0131lar\u0131 ve sivillere y\u00f6nelik \u015fiddet i\u00e7eren faaliyetleri nedeniyle yabanc\u0131 ter\u00f6rist organizasyon ilan etti. ABD D\u0131\u015fi\u015fleri Bakanl\u0131\u011f\u0131, 9 Mart tarihli a\u00e7\u0131klamas\u0131nda, grubun 16 Mart 2026 tarihinde resmen ter\u00f6rist olarak kabul edilece\u011fini duyurdu. ABD D\u0131\u015fi\u015fleri Bakan\u0131 Marco Rubio, Sudanl\u0131 M\u00fcsl\u00fcman Karde\u015fler\u2019in ter\u00f6rist ilan edilmesi hakk\u0131nda konu\u015ftu. Grubun [&hellip;]<\/p>\n","protected":false},"author":13996,"featured_media":166189,"comment_status":"open","ping_status":"open","sticky":false,"template":"","format":"standard","meta":{"_yoast_wpseo_focuskw":"Sudanl\u0131 M\u00fcsl\u00fcman","_yoast_wpseo_title":"","_yoast_wpseo_metadesc":"ABD Sudanl\u0131 M\u00fcsl\u00fcman Karde\u015fler\u2019i, \u0130ran ba\u011flant\u0131lar\u0131 ve sivillere y\u00f6nelik \u015fiddet nedeniyle yabanc\u0131 ter\u00f6rist organizasyon ilan etti.","_bbp_topic_count":0,"_bbp_reply_count":0,"_bbp_total_topic_count":0,"_bbp_total_reply_count":0,"_bbp_voice_count":0,"_bbp_anonymous_reply_count":0,"_bbp_topic_count_hidden":0,"_bbp_reply_count_hidden":0,"_bbp_forum_subforum_count":0,"footnotes":"","_yoast_wpseo_focuskw_text_input":""},"categories":[5,1,8138],"tags":[407,228,6828,6033,10525,8598,240,10999,727,11000],"yoast_head":"<!-- This site is optimized with the Yoast SEO plugin v23.0 - https:\/\/yoast.com\/wordpress\/plugins\/seo\/ -->\n<title>ABD Sudanl\u0131 M\u00fcsl\u00fcman Karde\u015fler\u2019i Ter\u00f6rist \u0130lan Etti - The Epoch Times TR<\/title>\n<meta name=\"description\" content=\"ABD Sudanl\u0131 M\u00fcsl\u00fcman Karde\u015fler\u2019i, \u0130ran ba\u011flant\u0131lar\u0131 ve sivillere y\u00f6nelik \u015fiddet nedeniyle yabanc\u0131 ter\u00f6rist organizasyon ilan etti.\" \/>\n<meta name=\"robots\" content=\"index, follow, max-snippet:-1, max-image-preview:large, max-video-preview:-1\" \/>\n<link rel=\"canonical\" href=\"https:\/\/epochtimestr.com\/index.php\/abd-sudanli-musluman-kardesleri-terorist-ilan-etti\" \/>\n<meta property=\"og:locale\" content=\"tr_TR\" \/>\n<meta property=\"og:type\" content=\"article\" \/>\n<meta property=\"og:title\" content=\"ABD Sudanl\u0131 M\u00fcsl\u00fcman Karde\u015fler\u2019i Ter\u00f6rist \u0130lan Etti - The Epoch Times TR\" \/>\n<meta property=\"og:description\" content=\"ABD Sudanl\u0131 M\u00fcsl\u00fcman Karde\u015fler\u2019i, \u0130ran ba\u011flant\u0131lar\u0131 ve sivillere y\u00f6nelik \u015fiddet nedeniyle yabanc\u0131 ter\u00f6rist organizasyon ilan etti.\" \/>\n<meta property=\"og:url\" content=\"https:\/\/epochtimestr.com\/index.php\/abd-sudanli-musluman-kardesleri-terorist-ilan-etti\" \/>\n<meta property=\"og:site_name\" content=\"The Epoch Times TR\" \/>\n<meta property=\"article:publisher\" content=\"https:\/\/www.facebook.com\/theepochtimestr\" \/>\n<meta property=\"article:published_time\" content=\"2026-03-11T10:10:47+00:00\" \/>\n<meta property=\"article:modified_time\" content=\"2026-03-11T10:10:54+00:00\" \/>\n<meta property=\"og:image\" content=\"https:\/\/epochtimestr.com\/wp-content\/uploads\/2011y\/1000034638.jpg\" \/>\n\t<meta property=\"og:image:width\" content=\"1080\" \/>\n\t<meta property=\"og:image:height\" content=\"720\" \/>\n\t<meta property=\"og:image:type\" content=\"image\/jpeg\" \/>\n<meta name=\"author\" content=\"Leo Bajelan\" \/>\n<meta name=\"twitter:card\" content=\"summary_large_image\" \/>\n<meta name=\"twitter:creator\" content=\"@TheEpochTimesTR\" \/>\n<meta name=\"twitter:site\" content=\"@TheEpochTimesTR\" \/>\n<meta name=\"twitter:label1\" content=\"Yazan:\" \/>\n\t<meta name=\"twitter:data1\" content=\"Leo Bajelan\" \/>\n\t<meta name=\"twitter:label2\" content=\"Tahmini okuma s\u00fcresi\" \/>\n\t<meta name=\"twitter:data2\" content=\"3 dakika\" \/>\n<script type=\"application\/ld+json\" class=\"yoast-schema-graph\">{\"@context\":\"https:\/\/schema.org\",\"@graph\":[{\"@type\":\"Article\",\"@id\":\"https:\/\/epochtimestr.com\/index.php\/abd-sudanli-musluman-kardesleri-terorist-ilan-etti#article\",\"isPartOf\":{\"@id\":\"https:\/\/epochtimestr.com\/index.php\/abd-sudanli-musluman-kardesleri-terorist-ilan-etti\"},\"author\":{\"name\":\"Leo Bajelan\",\"@id\":\"https:\/\/epochtimestr.com\/#\/schema\/person\/5fef218711d76d8f232b0e1f1d7e4c0d\"},\"headline\":\"ABD Sudanl\u0131 M\u00fcsl\u00fcman Karde\u015fler\u2019i Ter\u00f6rist \u0130lan Etti\",\"datePublished\":\"2026-03-11T10:10:47+00:00\",\"dateModified\":\"2026-03-11T10:10:54+00:00\",\"mainEntityOfPage\":{\"@id\":\"https:\/\/epochtimestr.com\/index.php\/abd-sudanli-musluman-kardesleri-terorist-ilan-etti\"},\"wordCount\":591,\"commentCount\":0,\"publisher\":{\"@id\":\"https:\/\/epochtimestr.com\/#organization\"},\"image\":{\"@id\":\"https:\/\/epochtimestr.com\/index.php\/abd-sudanli-musluman-kardesleri-terorist-ilan-etti#primaryimage\"},\"thumbnailUrl\":\"https:\/\/epochtimestr.com\/wp-content\/uploads\/2011y\/1000034638.jpg\",\"keywords\":[\"ABD\",\"Afrika\",\"BAE\",\"Bahreyn\",\"IRGC\",\"Marco Rubio\",\"M\u0131s\u0131r\",\"Sudanl\u0131 M\u00fcsl\u00fcman Karde\u015fler\",\"suudi arabistan\",\"Ter\u00f6rist Organizasyon\"],\"articleSection\":[\"D\u00dcNYA\",\"G\u00dcNDEM\",\"MAN\u015eET\"],\"inLanguage\":\"tr\",\"potentialAction\":[{\"@type\":\"CommentAction\",\"name\":\"Comment\",\"target\":[\"https:\/\/epochtimestr.com\/index.php\/abd-sudanli-musluman-kardesleri-terorist-ilan-etti#respond\"]}]},{\"@type\":\"WebPage\",\"@id\":\"https:\/\/epochtimestr.com\/index.php\/abd-sudanli-musluman-kardesleri-terorist-ilan-etti\",\"url\":\"https:\/\/epochtimestr.com\/index.php\/abd-sudanli-musluman-kardesleri-terorist-ilan-etti\",\"name\":\"ABD Sudanl\u0131 M\u00fcsl\u00fcman Karde\u015fler\u2019i Ter\u00f6rist \u0130lan Etti - The Epoch Times TR\",\"isPartOf\":{\"@id\":\"https:\/\/epochtimestr.com\/#website\"},\"primaryImageOfPage\":{\"@id\":\"https:\/\/epochtimestr.com\/index.php\/abd-sudanli-musluman-kardesleri-terorist-ilan-etti#primaryimage\"},\"image\":{\"@id\":\"https:\/\/epochtimestr.com\/index.php\/abd-sudanli-musluman-kardesleri-terorist-ilan-etti#primaryimage\"},\"thumbnailUrl\":\"https:\/\/epochtimestr.com\/wp-content\/uploads\/2011y\/1000034638.jpg\",\"datePublished\":\"2026-03-11T10:10:47+00:00\",\"dateModified\":\"2026-03-11T10:10:54+00:00\",\"description\":\"ABD Sudanl\u0131 M\u00fcsl\u00fcman Karde\u015fler\u2019i, \u0130ran ba\u011flant\u0131lar\u0131 ve sivillere y\u00f6nelik \u015fiddet nedeniyle yabanc\u0131 ter\u00f6rist organizasyon ilan etti.\",\"inLanguage\":\"tr\",\"potentialAction\":[{\"@type\":\"ReadAction\",\"target\":[\"https:\/\/epochtimestr.com\/index.php\/abd-sudanli-musluman-kardesleri-terorist-ilan-etti\"]}]},{\"@type\":\"ImageObject\",\"inLanguage\":\"tr\",\"@id\":\"https:\/\/epochtimestr.com\/index.php\/abd-sudanli-musluman-kardesleri-terorist-ilan-etti#primaryimage\",\"url\":\"https:\/\/epochtimestr.com\/wp-content\/uploads\/2011y\/1000034638.jpg\",\"contentUrl\":\"https:\/\/epochtimestr.com\/wp-content\/uploads\/2011y\/1000034638.jpg\",\"width\":1080,\"height\":720},{\"@type\":\"WebSite\",\"@id\":\"https:\/\/epochtimestr.com\/#website\",\"url\":\"https:\/\/epochtimestr.com\/\",\"name\":\"The Epoch Times TR\",\"description\":\"De\u011fi\u015fen D\u00fcnyam\u0131za Taze Bir Bak\u0131\u015f\",\"publisher\":{\"@id\":\"https:\/\/epochtimestr.com\/#organization\"},\"potentialAction\":[{\"@type\":\"SearchAction\",\"target\":{\"@type\":\"EntryPoint\",\"urlTemplate\":\"https:\/\/epochtimestr.com\/?s={search_term_string}\"},\"query-input\":\"required name=search_term_string\"}],\"inLanguage\":\"tr\"},{\"@type\":\"Organization\",\"@id\":\"https:\/\/epochtimestr.com\/#organization\",\"name\":\"The EpochTimes T\u00fcrkiye\",\"url\":\"https:\/\/epochtimestr.com\/\",\"logo\":{\"@type\":\"ImageObject\",\"inLanguage\":\"tr\",\"@id\":\"https:\/\/epochtimestr.com\/#\/schema\/logo\/image\/\",\"url\":\"https:\/\/epochtimestr.com\/wp-content\/uploads\/2011y\/ET-Logo-YG.jpg\",\"contentUrl\":\"https:\/\/epochtimestr.com\/wp-content\/uploads\/2011y\/ET-Logo-YG.jpg\",\"width\":346,\"height\":29,\"caption\":\"The EpochTimes T\u00fcrkiye\"},\"image\":{\"@id\":\"https:\/\/epochtimestr.com\/#\/schema\/logo\/image\/\"},\"sameAs\":[\"https:\/\/www.facebook.com\/theepochtimestr\",\"https:\/\/x.com\/TheEpochTimesTR\",\"https:\/\/www.instagram.com\/epochtimestr\"]},{\"@type\":\"Person\",\"@id\":\"https:\/\/epochtimestr.com\/#\/schema\/person\/5fef218711d76d8f232b0e1f1d7e4c0d\",\"name\":\"Leo Bajelan\",\"image\":{\"@type\":\"ImageObject\",\"inLanguage\":\"tr\",\"@id\":\"https:\/\/epochtimestr.com\/#\/schema\/person\/image\/\",\"url\":\"https:\/\/secure.gravatar.com\/avatar\/917669146f489549e548a2e9af272df5?s=96&d=mm&r=g\",\"contentUrl\":\"https:\/\/secure.gravatar.com\/avatar\/917669146f489549e548a2e9af272df5?s=96&d=mm&r=g\",\"caption\":\"Leo Bajelan\"},\"url\":\"https:\/\/epochtimestr.com\/index.php\/author\/leo\"}]}<\/script>\n<!-- \/ Yoast SEO plugin. -->","yoast_head_json":{"title":"ABD Sudanl\u0131 M\u00fcsl\u00fcman Karde\u015fler\u2019i Ter\u00f6rist \u0130lan Etti - The Epoch Times TR","description":"ABD Sudanl\u0131 M\u00fcsl\u00fcman Karde\u015fler\u2019i, \u0130ran ba\u011flant\u0131lar\u0131 ve sivillere y\u00f6nelik \u015fiddet nedeniyle yabanc\u0131 ter\u00f6rist organizasyon ilan etti.","robots":{"index":"index","follow":"follow","max-snippet":"max-snippet:-1","max-image-preview":"max-image-preview:large","max-video-preview":"max-video-preview:-1"},"canonical":"https:\/\/epochtimestr.com\/index.php\/abd-sudanli-musluman-kardesleri-terorist-ilan-etti","og_locale":"tr_TR","og_type":"article","og_title":"ABD Sudanl\u0131 M\u00fcsl\u00fcman Karde\u015fler\u2019i Ter\u00f6rist \u0130lan Etti - The Epoch Times TR","og_description":"ABD Sudanl\u0131 M\u00fcsl\u00fcman Karde\u015fler\u2019i, \u0130ran ba\u011flant\u0131lar\u0131 ve sivillere y\u00f6nelik \u015fiddet nedeniyle yabanc\u0131 ter\u00f6rist organizasyon ilan etti.","og_url":"https:\/\/epochtimestr.com\/index.php\/abd-sudanli-musluman-kardesleri-terorist-ilan-etti","og_site_name":"The Epoch Times TR","article_publisher":"https:\/\/www.facebook.com\/theepochtimestr","article_published_time":"2026-03-11T10:10:47+00:00","article_modified_time":"2026-03-11T10:10:54+00:00","og_image":[{"width":1080,"height":720,"url":"https:\/\/epochtimestr.com\/wp-content\/uploads\/2011y\/1000034638.jpg","type":"image\/jpeg"}],"author":"Leo Bajelan","twitter_card":"summary_large_image","twitter_creator":"@TheEpochTimesTR","twitter_site":"@TheEpochTimesTR","twitter_misc":{"Yazan:":"Leo Bajelan","Tahmini okuma s\u00fcresi":"3 dakika"},"schema":{"@context":"https:\/\/schema.org","@graph":[{"@type":"Article","@id":"https:\/\/epochtimestr.com\/index.php\/abd-sudanli-musluman-kardesleri-terorist-ilan-etti#article","isPartOf":{"@id":"https:\/\/epochtimestr.com\/index.php\/abd-sudanli-musluman-kardesleri-terorist-ilan-etti"},"author":{"name":"Leo Bajelan","@id":"https:\/\/epochtimestr.com\/#\/schema\/person\/5fef218711d76d8f232b0e1f1d7e4c0d"},"headline":"ABD Sudanl\u0131 M\u00fcsl\u00fcman Karde\u015fler\u2019i Ter\u00f6rist \u0130lan Etti","datePublished":"2026-03-11T10:10:47+00:00","dateModified":"2026-03-11T10:10:54+00:00","mainEntityOfPage":{"@id":"https:\/\/epochtimestr.com\/index.php\/abd-sudanli-musluman-kardesleri-terorist-ilan-etti"},"wordCount":591,"commentCount":0,"publisher":{"@id":"https:\/\/epochtimestr.com\/#organization"},"image":{"@id":"https:\/\/epochtimestr.com\/index.php\/abd-sudanli-musluman-kardesleri-terorist-ilan-etti#primaryimage"},"thumbnailUrl":"https:\/\/epochtimestr.com\/wp-content\/uploads\/2011y\/1000034638.jpg","keywords":["ABD","Afrika","BAE","Bahreyn","IRGC","Marco Rubio","M\u0131s\u0131r","Sudanl\u0131 M\u00fcsl\u00fcman Karde\u015fler","suudi arabistan","Ter\u00f6rist Organizasyon"],"articleSection":["D\u00dcNYA","G\u00dcNDEM","MAN\u015eET"],"inLanguage":"tr","potentialAction":[{"@type":"CommentAction","name":"Comment","target":["https:\/\/epochtimestr.com\/index.php\/abd-sudanli-musluman-kardesleri-terorist-ilan-etti#respond"]}]},{"@type":"WebPage","@id":"https:\/\/epochtimestr.com\/index.php\/abd-sudanli-musluman-kardesleri-terorist-ilan-etti","url":"https:\/\/epochtimestr.com\/index.php\/abd-sudanli-musluman-kardesleri-terorist-ilan-etti","name":"ABD Sudanl\u0131 M\u00fcsl\u00fcman Karde\u015fler\u2019i Ter\u00f6rist \u0130lan Etti - The Epoch Times TR","isPartOf":{"@id":"https:\/\/epochtimestr.com\/#website"},"primaryImageOfPage":{"@id":"https:\/\/epochtimestr.com\/index.php\/abd-sudanli-musluman-kardesleri-terorist-ilan-etti#primaryimage"},"image":{"@id":"https:\/\/epochtimestr.com\/index.php\/abd-sudanli-musluman-kardesleri-terorist-ilan-etti#primaryimage"},"thumbnailUrl":"https:\/\/epochtimestr.com\/wp-content\/uploads\/2011y\/1000034638.jpg","datePublished":"2026-03-11T10:10:47+00:00","dateModified":"2026-03-11T10:10:54+00:00","description":"ABD Sudanl\u0131 M\u00fcsl\u00fcman Karde\u015fler\u2019i, \u0130ran ba\u011flant\u0131lar\u0131 ve sivillere y\u00f6nelik \u015fiddet nedeniyle yabanc\u0131 ter\u00f6rist organizasyon ilan etti.","inLanguage":"tr","potentialAction":[{"@type":"ReadAction","target":["https:\/\/epochtimestr.com\/index.php\/abd-sudanli-musluman-kardesleri-terorist-ilan-etti"]}]},{"@type":"ImageObject","inLanguage":"tr","@id":"https:\/\/epochtimestr.com\/index.php\/abd-sudanli-musluman-kardesleri-terorist-ilan-etti#primaryimage","url":"https:\/\/epochtimestr.com\/wp-content\/uploads\/2011y\/1000034638.jpg","contentUrl":"https:\/\/epochtimestr.com\/wp-content\/uploads\/2011y\/1000034638.jpg","width":1080,"height":720},{"@type":"WebSite","@id":"https:\/\/epochtimestr.com\/#website","url":"https:\/\/epochtimestr.com\/","name":"The Epoch Times TR","description":"De\u011fi\u015fen D\u00fcnyam\u0131za Taze Bir Bak\u0131\u015f","publisher":{"@id":"https:\/\/epochtimestr.com\/#organization"},"potentialAction":[{"@type":"SearchAction","target":{"@type":"EntryPoint","urlTemplate":"https:\/\/epochtimestr.com\/?s={search_term_string}"},"query-input":"required name=search_term_string"}],"inLanguage":"tr"},{"@type":"Organization","@id":"https:\/\/epochtimestr.com\/#organization","name":"The EpochTimes T\u00fcrkiye","url":"https:\/\/epochtimestr.com\/","logo":{"@type":"ImageObject","inLanguage":"tr","@id":"https:\/\/epochtimestr.com\/#\/schema\/logo\/image\/","url":"https:\/\/epochtimestr.com\/wp-content\/uploads\/2011y\/ET-Logo-YG.jpg","contentUrl":"https:\/\/epochtimestr.com\/wp-content\/uploads\/2011y\/ET-Logo-YG.jpg","width":346,"height":29,"caption":"The EpochTimes T\u00fcrkiye"},"image":{"@id":"https:\/\/epochtimestr.com\/#\/schema\/logo\/image\/"},"sameAs":["https:\/\/www.facebook.com\/theepochtimestr","https:\/\/x.com\/TheEpochTimesTR","https:\/\/www.instagram.com\/epochtimestr"]},{"@type":"Person","@id":"https:\/\/epochtimestr.com\/#\/schema\/person\/5fef218711d76d8f232b0e1f1d7e4c0d","name":"Leo Bajelan","image":{"@type":"ImageObject","inLanguage":"tr","@id":"https:\/\/epochtimestr.com\/#\/schema\/person\/image\/","url":"https:\/\/secure.gravatar.com\/avatar\/917669146f489549e548a2e9af272df5?s=96&d=mm&r=g","contentUrl":"https:\/\/secure.gravatar.com\/avatar\/917669146f489549e548a2e9af272df5?s=96&d=mm&r=g","caption":"Leo Bajelan"},"url":"https:\/\/epochtimestr.com\/index.php\/author\/leo"}]}},"_links":{"self":[{"href":"https:\/\/epochtimestr.com\/index.php\/wp-json\/wp\/v2\/posts\/166188"}],"collection":[{"href":"https:\/\/epochtimestr.com\/index.php\/wp-json\/wp\/v2\/posts"}],"about":[{"href":"https:\/\/epochtimestr.com\/index.php\/wp-json\/wp\/v2\/types\/post"}],"author":[{"embeddable":true,"href":"https:\/\/epochtimestr.com\/index.php\/wp-json\/wp\/v2\/users\/13996"}],"replies":[{"embeddable":true,"href":"https:\/\/epochtimestr.com\/index.php\/wp-json\/wp\/v2\/comments?post=166188"}],"version-history":[{"count":2,"href":"https:\/\/epochtimestr.com\/index.php\/wp-json\/wp\/v2\/posts\/166188\/revisions"}],"predecessor-version":[{"id":166210,"href":"https:\/\/epochtimestr.com\/index.php\/wp-json\/wp\/v2\/posts\/166188\/revisions\/166210"}],"wp:featuredmedia":[{"embeddable":true,"href":"https:\/\/epochtimestr.com\/index.php\/wp-json\/wp\/v2\/media\/166189"}],"wp:attachment":[{"href":"https:\/\/epochtimestr.com\/index.php\/wp-json\/wp\/v2\/media?parent=166188"}],"wp:term":[{"taxonomy":"category","embeddable":true,"href":"https:\/\/epochtimestr.com\/index.php\/wp-json\/wp\/v2\/categories?post=166188"},{"taxonomy":"post_tag","embeddable":true,"href":"https:\/\/epochtimestr.com\/index.php\/wp-json\/wp\/v2\/tags?post=166188"}],"curies":[{"name":"wp","href":"https:\/\/api.w.org\/{rel}","templated":true}]}}