{"id":166206,"date":"2026-03-11T14:02:38","date_gmt":"2026-03-11T11:02:38","guid":{"rendered":"https:\/\/epochtimestr.com\/?p=166206"},"modified":"2026-03-11T14:02:42","modified_gmt":"2026-03-11T11:02:42","slug":"israil-saldirilari-nedeniyle-lubnanda-700-000-kisi-evini-terk-etti","status":"publish","type":"post","link":"https:\/\/epochtimestr.com\/index.php\/israil-saldirilari-nedeniyle-lubnanda-700-000-kisi-evini-terk-etti","title":{"rendered":"\u0130srail Sald\u0131r\u0131lar\u0131 Nedeniyle L\u00fcbnan&#8217;da 700.000 Ki\u015fi Evini Terk Etti"},"content":{"rendered":"<div class=\"wp-block-image\">\n<figure class=\"aligncenter size-full is-resized\"><img loading=\"lazy\" decoding=\"async\" width=\"1080\" height=\"720\" src=\"https:\/\/epochtimestr.com\/wp-content\/uploads\/2011y\/1000034655.jpg\" alt=\"\u0130srail sald\u0131r\u0131lar\u0131 nedeniyle L\u00fcbnan\u2019da 700.000\u2019den fazla ki\u015fi yerinden edildi, insani kriz b\u00fcy\u00fcyor. L\u00fcbnan askerleri, Bab el-Tabbaneh mahallesinde \u00e7\u00f6ken eski bir konut binas\u0131n\u0131n bulundu\u011fu alan\u0131 g\u00fcvenlik alt\u0131na al\u0131rken. 9 \u015eubat 2026, Trablus, L\u00fcbnan. (Foto\u011fraf: The Epoch Times arac\u0131l\u0131\u011f\u0131yla, Anwar AMRO, AFP - Getty Images)\" class=\"wp-image-166207\" style=\"width:840px;height:auto\" srcset=\"https:\/\/epochtimestr.com\/wp-content\/uploads\/2011y\/1000034655.jpg 1080w, https:\/\/epochtimestr.com\/wp-content\/uploads\/2011y\/1000034655-300x200.jpg 300w, https:\/\/epochtimestr.com\/wp-content\/uploads\/2011y\/1000034655-150x100.jpg 150w, https:\/\/epochtimestr.com\/wp-content\/uploads\/2011y\/1000034655-768x512.jpg 768w\" sizes=\"(max-width: 1080px) 100vw, 1080px\" \/><figcaption class=\"wp-element-caption\">\u0130srail sald\u0131r\u0131lar\u0131 nedeniyle L\u00fcbnan\u2019da 700.000\u2019den fazla ki\u015fi yerinden edildi, insani kriz b\u00fcy\u00fcyor. L\u00fcbnan askerleri, Bab el-Tabbaneh mahallesinde \u00e7\u00f6ken eski bir konut binas\u0131n\u0131n bulundu\u011fu alan\u0131 g\u00fcvenlik alt\u0131na al\u0131rken. 9 \u015eubat 2026, Trablus, L\u00fcbnan. (Foto\u011fraf: The Epoch Times arac\u0131l\u0131\u011f\u0131yla, Anwar AMRO, AFP &#8211; Getty Images)<\/figcaption><\/figure><\/div>\n\n\n<p>2026 \u015eubat ay\u0131nda ba\u015flayan \u0130srail sald\u0131r\u0131lar\u0131, L\u00fcbnan&#8217;\u0131n b\u00fcy\u00fck bir insani krizle kar\u015f\u0131 kar\u015f\u0131ya kalmas\u0131na yol a\u00e7t\u0131. Birle\u015fmi\u015f Milletler M\u00fclteci Y\u00fcksek Komiserli\u011fi <a href=\"https:\/\/www.theepochtimes.com\/world\/nearly-700000-people-displaced-in-lebanon-amid-israeli-strikes-un-5996848\" target=\"_blank\" rel=\"noreferrer noopener\">(UNHCR)<\/a> taraf\u0131ndan L\u00fcbnan&#8217;daki son durum hakk\u0131nda veriler a\u00e7\u0131klad\u0131. L\u00fcbnan&#8217;da \u0130srail sald\u0131r\u0131lar\u0131 nedeniyle evlerini terk eden insan say\u0131s\u0131 10 Mart itibariyle 667.000&#8217;i ge\u00e7ti. Sadece bir g\u00fcnde 100.000 ki\u015finin daha yerinden edilmesi, durumun ciddiyetini g\u00f6zler \u00f6n\u00fcne serdi.<\/p>\n\n\n\n<p>Bir\u00e7ok insan, L\u00fcbnan h\u00fck\u00fcmetinin belirledi\u011fi toplu bar\u0131nma alanlar\u0131na veya akrabalar\u0131n\u0131n evlerine yerle\u015fti. H\u00fck\u00fcmet taraf\u0131ndan tahsis edilen alanlarda 120.000&#8217;den fazla ki\u015fi bar\u0131n\u0131yor. Bununla birlikte \u00e7ok say\u0131da insan, ge\u00e7ici olarak yak\u0131nlar\u0131yla ya\u015famaya devam ediyor.<\/p>\n\n\n\n<p>Birle\u015fmi\u015f Milletler&#8217;in L\u00fcbnan temsilcisi Karolina Lindholm Billing, konu hakk\u0131nda a\u00e7\u0131klama yapt\u0131. Billing, \u201cHayatlar b\u00fcy\u00fck bir \u00f6l\u00e7ekte alt \u00fcst oldu,\u201d diyerek durumun vahametini vurgulad\u0131. UNHCR taraf\u0131ndan sa\u011flanan verilere g\u00f6re, yerinden edilenlerin b\u00fcy\u00fck bir k\u0131sm\u0131 \u0130srail&#8217;in sald\u0131rd\u0131\u011f\u0131 53 k\u00f6yde ya\u015f\u0131yordu.<\/p>\n\n\n\n<h3 class=\"wp-block-heading\">\u0130srail-\u0130ran Krizi ve L\u00fcbnan\u2019daki Etkileri<\/h3>\n\n\n\n<p>\u0130srail ile \u0130ran aras\u0131ndaki sava\u015f\u0131n ard\u0131ndan, <a href=\"https:\/\/epochtimestr.com\/index.php\/abdden-irana-destansi-ofke-operasyonu\">28 \u015eubat 2026&#8217;da<\/a> ABD ve \u0130srail ortak bir operasyon ba\u015flatt\u0131. Bu operasyonun hedeflerinden biri, \u0130ran destekli Hizbullah\u2019t\u0131. Buna kar\u015f\u0131l\u0131k Hizbullah, k\u0131sa s\u00fcre i\u00e7inde \u0130srail\u2019e roketler ve insans\u0131z hava ara\u00e7lar\u0131yla sald\u0131r\u0131lar d\u00fczenledi. \u0130srail bu sald\u0131r\u0131lar\u0131, \u0130ran rejiminin L\u00fcbnan&#8217;daki en g\u00fc\u00e7l\u00fc vekili olan Hizbullah\u2019\u0131n bilin\u00e7li olarak sava\u015fa d\u00e2hil olmas\u0131na ba\u011flad\u0131.<\/p>\n\n\n\n<p>Sava\u015f\u0131n ilk g\u00fcnlerinde L\u00fcbnan&#8217;da 294 ki\u015fi hayat\u0131n\u0131 kaybetmi\u015f ve 1.000&#8217;den fazla insan yaralanm\u0131\u015ft\u0131. Birle\u015fmi\u015f Milletler, sadece 2 Mart itibariyle 83 \u00e7ocu\u011fun hayat\u0131n\u0131 kaybetti\u011fini, 254 \u00e7ocu\u011fun yaraland\u0131\u011f\u0131n\u0131 a\u00e7\u0131klad\u0131. BM, son 28 ayda bu say\u0131n\u0131n 300&#8217;\u00fcn \u00fczerinde oldu\u011funu belirtti. Ayr\u0131ca raporunda, bu sava\u015f\u0131n \u00e7ocuklar \u00fczerinde yarataca\u011f\u0131 tahribat\u0131 daha fazla \u00f6n plana \u00e7\u0131kard\u0131.  <\/p>\n\n\n\n<p><strong>Hizbullah&#8217;\u0131n Durumu ve \u0130srail&#8217;in Tepkisi<\/strong><\/p>\n\n\n\n<p>Hizbullah, 2024 y\u0131l\u0131nda \u0130srail taraf\u0131ndan yap\u0131lan kapsaml\u0131 bir askeri operasyonda ciddi \u015fekilde zay\u0131flam\u0131\u015ft\u0131. Ancak \u0130ran destekli bu \u00f6rg\u00fct, b\u00f6lgedeki en g\u00fc\u00e7l\u00fc silahl\u0131 grup olmaya devam ediyor. Hizbullah\u2019\u0131n \u00fcst d\u00fczey y\u00f6neticilerinden Hassan Salameh, 10 Mart 2026&#8217;da \u0130srail Hava Kuvvetleri&#8217;nin bir sald\u0131r\u0131s\u0131nda \u00f6ld\u00fc. Olay\u0131n ard\u0131ndan \u0130srail, Salameh&#8217;i Hizbullah\u2019\u0131n \u00f6nemli pozisyonlarda g\u00f6rev yapan bir \u00fcyesi olarak tan\u0131mlad\u0131.<\/p>\n\n\n\n<p>Birle\u015fmi\u015f Milletler, L\u00fcbnan\u2019daki acil yard\u0131m operasyonlar\u0131n\u0131n devam etti\u011fini belirtti. Ayr\u0131ca \u00e7at\u0131\u015fmalar\u0131n olu\u015fturdu\u011fu insani krize h\u0131zl\u0131 ve etkili bir \u015fekilde m\u00fcdahale edilmesi gerekti\u011fini vurgulad\u0131. L\u00fcbnan&#8217;a \u015fu ana kadar 45 ton acil yard\u0131m malzemesi g\u00f6nderildi\u011fini bildirdi. Ancak UNHCR&#8217;\u0131n L\u00fcbnan\u2019daki operasyonlar\u0131n\u0131n yaln\u0131zca %14 oran\u0131nda finanse edildi\u011fini kaydetti.<\/p>\n\n\n\n<p>Uluslararas\u0131 dayan\u0131\u015fman\u0131n h\u0131zla g\u00fc\u00e7lendirilmesi konusunda \u00e7a\u011fr\u0131da bulunan BM, L\u00fcbnan h\u00fck\u00fcmetine ve yerel yetkililere destek verilmesi gerekti\u011fini belirtti. Bu kriz, b\u00f6lgedeki g\u00fcvenlik ve insani durumun daha da k\u00f6t\u00fcle\u015fmesine yol a\u00e7makta ve L\u00fcbnan\u2019daki insanlar b\u00fcy\u00fck bir belirsizlik i\u00e7inde hayatlar\u0131n\u0131 s\u00fcrd\u00fcrmeye \u00e7al\u0131\u015fmaktad\u0131r.<\/p>\n","protected":false},"excerpt":{"rendered":"<p>2026 \u015eubat ay\u0131nda ba\u015flayan \u0130srail sald\u0131r\u0131lar\u0131, L\u00fcbnan&#8217;\u0131n b\u00fcy\u00fck bir insani krizle kar\u015f\u0131 kar\u015f\u0131ya kalmas\u0131na yol a\u00e7t\u0131. Birle\u015fmi\u015f Milletler M\u00fclteci Y\u00fcksek Komiserli\u011fi (UNHCR) taraf\u0131ndan L\u00fcbnan&#8217;daki son durum hakk\u0131nda veriler a\u00e7\u0131klad\u0131. L\u00fcbnan&#8217;da \u0130srail sald\u0131r\u0131lar\u0131 nedeniyle evlerini terk eden insan say\u0131s\u0131 10 Mart itibariyle 667.000&#8217;i ge\u00e7ti. Sadece bir g\u00fcnde 100.000 ki\u015finin daha yerinden edilmesi, durumun ciddiyetini g\u00f6zler \u00f6n\u00fcne [&hellip;]<\/p>\n","protected":false},"author":13996,"featured_media":166207,"comment_status":"open","ping_status":"open","sticky":false,"template":"","format":"standard","meta":{"_yoast_wpseo_focuskw":"\u0130srail Sald\u0131r\u0131lar\u0131","_yoast_wpseo_title":"","_yoast_wpseo_metadesc":"\u0130srail sald\u0131r\u0131lar\u0131 nedeniyle L\u00fcbnan\u2019da 700.000\u2019den fazla ki\u015fi yerinden edildi, insani kriz b\u00fcy\u00fcyor ve acil yard\u0131ma ihtiya\u00e7 var.","_bbp_topic_count":0,"_bbp_reply_count":0,"_bbp_total_topic_count":0,"_bbp_total_reply_count":0,"_bbp_voice_count":0,"_bbp_anonymous_reply_count":0,"_bbp_topic_count_hidden":0,"_bbp_reply_count_hidden":0,"_bbp_forum_subforum_count":0,"footnotes":"","_yoast_wpseo_focuskw_text_input":""},"categories":[5,1,8138],"tags":[2635,11004,323,1824,7874,11003,1380,1405,11002],"yoast_head":"<!-- This site is optimized with the Yoast SEO plugin v23.0 - https:\/\/yoast.com\/wordpress\/plugins\/seo\/ -->\n<title>\u0130srail Sald\u0131r\u0131lar\u0131 Nedeniyle L\u00fcbnan&#039;da 700.000 Ki\u015fi Evini Terk Etti - The Epoch Times TR<\/title>\n<meta name=\"description\" content=\"\u0130srail sald\u0131r\u0131lar\u0131 nedeniyle L\u00fcbnan\u2019da 700.000\u2019den fazla ki\u015fi yerinden edildi, insani kriz b\u00fcy\u00fcyor ve acil yard\u0131ma ihtiya\u00e7 var.\" \/>\n<meta name=\"robots\" content=\"index, follow, max-snippet:-1, max-image-preview:large, max-video-preview:-1\" \/>\n<link rel=\"canonical\" href=\"https:\/\/epochtimestr.com\/index.php\/israil-saldirilari-nedeniyle-lubnanda-700-000-kisi-evini-terk-etti\" \/>\n<meta property=\"og:locale\" content=\"tr_TR\" \/>\n<meta property=\"og:type\" content=\"article\" \/>\n<meta property=\"og:title\" content=\"\u0130srail Sald\u0131r\u0131lar\u0131 Nedeniyle L\u00fcbnan&#039;da 700.000 Ki\u015fi Evini Terk Etti - The Epoch Times TR\" \/>\n<meta property=\"og:description\" content=\"\u0130srail sald\u0131r\u0131lar\u0131 nedeniyle L\u00fcbnan\u2019da 700.000\u2019den fazla ki\u015fi yerinden edildi, insani kriz b\u00fcy\u00fcyor ve acil yard\u0131ma ihtiya\u00e7 var.\" \/>\n<meta property=\"og:url\" content=\"https:\/\/epochtimestr.com\/index.php\/israil-saldirilari-nedeniyle-lubnanda-700-000-kisi-evini-terk-etti\" \/>\n<meta property=\"og:site_name\" content=\"The Epoch Times TR\" \/>\n<meta property=\"article:publisher\" content=\"https:\/\/www.facebook.com\/theepochtimestr\" \/>\n<meta property=\"article:published_time\" content=\"2026-03-11T11:02:38+00:00\" \/>\n<meta property=\"article:modified_time\" content=\"2026-03-11T11:02:42+00:00\" \/>\n<meta property=\"og:image\" content=\"https:\/\/epochtimestr.com\/wp-content\/uploads\/2011y\/1000034655.jpg\" \/>\n\t<meta property=\"og:image:width\" content=\"1080\" \/>\n\t<meta property=\"og:image:height\" content=\"720\" \/>\n\t<meta property=\"og:image:type\" content=\"image\/jpeg\" \/>\n<meta name=\"author\" content=\"Leo Bajelan\" \/>\n<meta name=\"twitter:card\" content=\"summary_large_image\" \/>\n<meta name=\"twitter:creator\" content=\"@TheEpochTimesTR\" \/>\n<meta name=\"twitter:site\" content=\"@TheEpochTimesTR\" \/>\n<meta name=\"twitter:label1\" content=\"Yazan:\" \/>\n\t<meta name=\"twitter:data1\" content=\"Leo Bajelan\" \/>\n\t<meta name=\"twitter:label2\" content=\"Tahmini okuma s\u00fcresi\" \/>\n\t<meta name=\"twitter:data2\" content=\"3 dakika\" \/>\n<script type=\"application\/ld+json\" class=\"yoast-schema-graph\">{\"@context\":\"https:\/\/schema.org\",\"@graph\":[{\"@type\":\"Article\",\"@id\":\"https:\/\/epochtimestr.com\/index.php\/israil-saldirilari-nedeniyle-lubnanda-700-000-kisi-evini-terk-etti#article\",\"isPartOf\":{\"@id\":\"https:\/\/epochtimestr.com\/index.php\/israil-saldirilari-nedeniyle-lubnanda-700-000-kisi-evini-terk-etti\"},\"author\":{\"name\":\"Leo Bajelan\",\"@id\":\"https:\/\/epochtimestr.com\/#\/schema\/person\/5fef218711d76d8f232b0e1f1d7e4c0d\"},\"headline\":\"\u0130srail Sald\u0131r\u0131lar\u0131 Nedeniyle L\u00fcbnan&#8217;da 700.000 Ki\u015fi Evini Terk Etti\",\"datePublished\":\"2026-03-11T11:02:38+00:00\",\"dateModified\":\"2026-03-11T11:02:42+00:00\",\"mainEntityOfPage\":{\"@id\":\"https:\/\/epochtimestr.com\/index.php\/israil-saldirilari-nedeniyle-lubnanda-700-000-kisi-evini-terk-etti\"},\"wordCount\":622,\"commentCount\":0,\"publisher\":{\"@id\":\"https:\/\/epochtimestr.com\/#organization\"},\"image\":{\"@id\":\"https:\/\/epochtimestr.com\/index.php\/israil-saldirilari-nedeniyle-lubnanda-700-000-kisi-evini-terk-etti#primaryimage\"},\"thumbnailUrl\":\"https:\/\/epochtimestr.com\/wp-content\/uploads\/2011y\/1000034655.jpg\",\"keywords\":[\"Birle\u015fmi\u015f Milletler\",\"Birle\u015fmi\u015f Milletler M\u00fclteci Y\u00fcksek Komiserli\u011fi\",\"bm\",\"Hizbullah\",\"\u0130srail\",\"\u0130srail-\u0130ran Krizi\",\"L\u00fcbnan\",\"Orta Do\u011fu\",\"UNHCR\"],\"articleSection\":[\"D\u00dcNYA\",\"G\u00dcNDEM\",\"MAN\u015eET\"],\"inLanguage\":\"tr\",\"potentialAction\":[{\"@type\":\"CommentAction\",\"name\":\"Comment\",\"target\":[\"https:\/\/epochtimestr.com\/index.php\/israil-saldirilari-nedeniyle-lubnanda-700-000-kisi-evini-terk-etti#respond\"]}]},{\"@type\":\"WebPage\",\"@id\":\"https:\/\/epochtimestr.com\/index.php\/israil-saldirilari-nedeniyle-lubnanda-700-000-kisi-evini-terk-etti\",\"url\":\"https:\/\/epochtimestr.com\/index.php\/israil-saldirilari-nedeniyle-lubnanda-700-000-kisi-evini-terk-etti\",\"name\":\"\u0130srail Sald\u0131r\u0131lar\u0131 Nedeniyle L\u00fcbnan'da 700.000 Ki\u015fi Evini Terk Etti - The Epoch Times TR\",\"isPartOf\":{\"@id\":\"https:\/\/epochtimestr.com\/#website\"},\"primaryImageOfPage\":{\"@id\":\"https:\/\/epochtimestr.com\/index.php\/israil-saldirilari-nedeniyle-lubnanda-700-000-kisi-evini-terk-etti#primaryimage\"},\"image\":{\"@id\":\"https:\/\/epochtimestr.com\/index.php\/israil-saldirilari-nedeniyle-lubnanda-700-000-kisi-evini-terk-etti#primaryimage\"},\"thumbnailUrl\":\"https:\/\/epochtimestr.com\/wp-content\/uploads\/2011y\/1000034655.jpg\",\"datePublished\":\"2026-03-11T11:02:38+00:00\",\"dateModified\":\"2026-03-11T11:02:42+00:00\",\"description\":\"\u0130srail sald\u0131r\u0131lar\u0131 nedeniyle L\u00fcbnan\u2019da 700.000\u2019den fazla ki\u015fi yerinden edildi, insani kriz b\u00fcy\u00fcyor ve acil yard\u0131ma ihtiya\u00e7 var.\",\"inLanguage\":\"tr\",\"potentialAction\":[{\"@type\":\"ReadAction\",\"target\":[\"https:\/\/epochtimestr.com\/index.php\/israil-saldirilari-nedeniyle-lubnanda-700-000-kisi-evini-terk-etti\"]}]},{\"@type\":\"ImageObject\",\"inLanguage\":\"tr\",\"@id\":\"https:\/\/epochtimestr.com\/index.php\/israil-saldirilari-nedeniyle-lubnanda-700-000-kisi-evini-terk-etti#primaryimage\",\"url\":\"https:\/\/epochtimestr.com\/wp-content\/uploads\/2011y\/1000034655.jpg\",\"contentUrl\":\"https:\/\/epochtimestr.com\/wp-content\/uploads\/2011y\/1000034655.jpg\",\"width\":1080,\"height\":720},{\"@type\":\"WebSite\",\"@id\":\"https:\/\/epochtimestr.com\/#website\",\"url\":\"https:\/\/epochtimestr.com\/\",\"name\":\"The Epoch Times TR\",\"description\":\"De\u011fi\u015fen D\u00fcnyam\u0131za Taze Bir Bak\u0131\u015f\",\"publisher\":{\"@id\":\"https:\/\/epochtimestr.com\/#organization\"},\"potentialAction\":[{\"@type\":\"SearchAction\",\"target\":{\"@type\":\"EntryPoint\",\"urlTemplate\":\"https:\/\/epochtimestr.com\/?s={search_term_string}\"},\"query-input\":\"required name=search_term_string\"}],\"inLanguage\":\"tr\"},{\"@type\":\"Organization\",\"@id\":\"https:\/\/epochtimestr.com\/#organization\",\"name\":\"The EpochTimes T\u00fcrkiye\",\"url\":\"https:\/\/epochtimestr.com\/\",\"logo\":{\"@type\":\"ImageObject\",\"inLanguage\":\"tr\",\"@id\":\"https:\/\/epochtimestr.com\/#\/schema\/logo\/image\/\",\"url\":\"https:\/\/epochtimestr.com\/wp-content\/uploads\/2011y\/ET-Logo-YG.jpg\",\"contentUrl\":\"https:\/\/epochtimestr.com\/wp-content\/uploads\/2011y\/ET-Logo-YG.jpg\",\"width\":346,\"height\":29,\"caption\":\"The EpochTimes T\u00fcrkiye\"},\"image\":{\"@id\":\"https:\/\/epochtimestr.com\/#\/schema\/logo\/image\/\"},\"sameAs\":[\"https:\/\/www.facebook.com\/theepochtimestr\",\"https:\/\/x.com\/TheEpochTimesTR\",\"https:\/\/www.instagram.com\/epochtimestr\"]},{\"@type\":\"Person\",\"@id\":\"https:\/\/epochtimestr.com\/#\/schema\/person\/5fef218711d76d8f232b0e1f1d7e4c0d\",\"name\":\"Leo Bajelan\",\"image\":{\"@type\":\"ImageObject\",\"inLanguage\":\"tr\",\"@id\":\"https:\/\/epochtimestr.com\/#\/schema\/person\/image\/\",\"url\":\"https:\/\/secure.gravatar.com\/avatar\/917669146f489549e548a2e9af272df5?s=96&d=mm&r=g\",\"contentUrl\":\"https:\/\/secure.gravatar.com\/avatar\/917669146f489549e548a2e9af272df5?s=96&d=mm&r=g\",\"caption\":\"Leo Bajelan\"},\"url\":\"https:\/\/epochtimestr.com\/index.php\/author\/leo\"}]}<\/script>\n<!-- \/ Yoast SEO plugin. -->","yoast_head_json":{"title":"\u0130srail Sald\u0131r\u0131lar\u0131 Nedeniyle L\u00fcbnan'da 700.000 Ki\u015fi Evini Terk Etti - The Epoch Times TR","description":"\u0130srail sald\u0131r\u0131lar\u0131 nedeniyle L\u00fcbnan\u2019da 700.000\u2019den fazla ki\u015fi yerinden edildi, insani kriz b\u00fcy\u00fcyor ve acil yard\u0131ma ihtiya\u00e7 var.","robots":{"index":"index","follow":"follow","max-snippet":"max-snippet:-1","max-image-preview":"max-image-preview:large","max-video-preview":"max-video-preview:-1"},"canonical":"https:\/\/epochtimestr.com\/index.php\/israil-saldirilari-nedeniyle-lubnanda-700-000-kisi-evini-terk-etti","og_locale":"tr_TR","og_type":"article","og_title":"\u0130srail Sald\u0131r\u0131lar\u0131 Nedeniyle L\u00fcbnan'da 700.000 Ki\u015fi Evini Terk Etti - The Epoch Times TR","og_description":"\u0130srail sald\u0131r\u0131lar\u0131 nedeniyle L\u00fcbnan\u2019da 700.000\u2019den fazla ki\u015fi yerinden edildi, insani kriz b\u00fcy\u00fcyor ve acil yard\u0131ma ihtiya\u00e7 var.","og_url":"https:\/\/epochtimestr.com\/index.php\/israil-saldirilari-nedeniyle-lubnanda-700-000-kisi-evini-terk-etti","og_site_name":"The Epoch Times TR","article_publisher":"https:\/\/www.facebook.com\/theepochtimestr","article_published_time":"2026-03-11T11:02:38+00:00","article_modified_time":"2026-03-11T11:02:42+00:00","og_image":[{"width":1080,"height":720,"url":"https:\/\/epochtimestr.com\/wp-content\/uploads\/2011y\/1000034655.jpg","type":"image\/jpeg"}],"author":"Leo Bajelan","twitter_card":"summary_large_image","twitter_creator":"@TheEpochTimesTR","twitter_site":"@TheEpochTimesTR","twitter_misc":{"Yazan:":"Leo Bajelan","Tahmini okuma s\u00fcresi":"3 dakika"},"schema":{"@context":"https:\/\/schema.org","@graph":[{"@type":"Article","@id":"https:\/\/epochtimestr.com\/index.php\/israil-saldirilari-nedeniyle-lubnanda-700-000-kisi-evini-terk-etti#article","isPartOf":{"@id":"https:\/\/epochtimestr.com\/index.php\/israil-saldirilari-nedeniyle-lubnanda-700-000-kisi-evini-terk-etti"},"author":{"name":"Leo Bajelan","@id":"https:\/\/epochtimestr.com\/#\/schema\/person\/5fef218711d76d8f232b0e1f1d7e4c0d"},"headline":"\u0130srail Sald\u0131r\u0131lar\u0131 Nedeniyle L\u00fcbnan&#8217;da 700.000 Ki\u015fi Evini Terk Etti","datePublished":"2026-03-11T11:02:38+00:00","dateModified":"2026-03-11T11:02:42+00:00","mainEntityOfPage":{"@id":"https:\/\/epochtimestr.com\/index.php\/israil-saldirilari-nedeniyle-lubnanda-700-000-kisi-evini-terk-etti"},"wordCount":622,"commentCount":0,"publisher":{"@id":"https:\/\/epochtimestr.com\/#organization"},"image":{"@id":"https:\/\/epochtimestr.com\/index.php\/israil-saldirilari-nedeniyle-lubnanda-700-000-kisi-evini-terk-etti#primaryimage"},"thumbnailUrl":"https:\/\/epochtimestr.com\/wp-content\/uploads\/2011y\/1000034655.jpg","keywords":["Birle\u015fmi\u015f Milletler","Birle\u015fmi\u015f Milletler M\u00fclteci Y\u00fcksek Komiserli\u011fi","bm","Hizbullah","\u0130srail","\u0130srail-\u0130ran Krizi","L\u00fcbnan","Orta Do\u011fu","UNHCR"],"articleSection":["D\u00dcNYA","G\u00dcNDEM","MAN\u015eET"],"inLanguage":"tr","potentialAction":[{"@type":"CommentAction","name":"Comment","target":["https:\/\/epochtimestr.com\/index.php\/israil-saldirilari-nedeniyle-lubnanda-700-000-kisi-evini-terk-etti#respond"]}]},{"@type":"WebPage","@id":"https:\/\/epochtimestr.com\/index.php\/israil-saldirilari-nedeniyle-lubnanda-700-000-kisi-evini-terk-etti","url":"https:\/\/epochtimestr.com\/index.php\/israil-saldirilari-nedeniyle-lubnanda-700-000-kisi-evini-terk-etti","name":"\u0130srail Sald\u0131r\u0131lar\u0131 Nedeniyle L\u00fcbnan'da 700.000 Ki\u015fi Evini Terk Etti - The Epoch Times TR","isPartOf":{"@id":"https:\/\/epochtimestr.com\/#website"},"primaryImageOfPage":{"@id":"https:\/\/epochtimestr.com\/index.php\/israil-saldirilari-nedeniyle-lubnanda-700-000-kisi-evini-terk-etti#primaryimage"},"image":{"@id":"https:\/\/epochtimestr.com\/index.php\/israil-saldirilari-nedeniyle-lubnanda-700-000-kisi-evini-terk-etti#primaryimage"},"thumbnailUrl":"https:\/\/epochtimestr.com\/wp-content\/uploads\/2011y\/1000034655.jpg","datePublished":"2026-03-11T11:02:38+00:00","dateModified":"2026-03-11T11:02:42+00:00","description":"\u0130srail sald\u0131r\u0131lar\u0131 nedeniyle L\u00fcbnan\u2019da 700.000\u2019den fazla ki\u015fi yerinden edildi, insani kriz b\u00fcy\u00fcyor ve acil yard\u0131ma ihtiya\u00e7 var.","inLanguage":"tr","potentialAction":[{"@type":"ReadAction","target":["https:\/\/epochtimestr.com\/index.php\/israil-saldirilari-nedeniyle-lubnanda-700-000-kisi-evini-terk-etti"]}]},{"@type":"ImageObject","inLanguage":"tr","@id":"https:\/\/epochtimestr.com\/index.php\/israil-saldirilari-nedeniyle-lubnanda-700-000-kisi-evini-terk-etti#primaryimage","url":"https:\/\/epochtimestr.com\/wp-content\/uploads\/2011y\/1000034655.jpg","contentUrl":"https:\/\/epochtimestr.com\/wp-content\/uploads\/2011y\/1000034655.jpg","width":1080,"height":720},{"@type":"WebSite","@id":"https:\/\/epochtimestr.com\/#website","url":"https:\/\/epochtimestr.com\/","name":"The Epoch Times TR","description":"De\u011fi\u015fen D\u00fcnyam\u0131za Taze Bir Bak\u0131\u015f","publisher":{"@id":"https:\/\/epochtimestr.com\/#organization"},"potentialAction":[{"@type":"SearchAction","target":{"@type":"EntryPoint","urlTemplate":"https:\/\/epochtimestr.com\/?s={search_term_string}"},"query-input":"required name=search_term_string"}],"inLanguage":"tr"},{"@type":"Organization","@id":"https:\/\/epochtimestr.com\/#organization","name":"The EpochTimes T\u00fcrkiye","url":"https:\/\/epochtimestr.com\/","logo":{"@type":"ImageObject","inLanguage":"tr","@id":"https:\/\/epochtimestr.com\/#\/schema\/logo\/image\/","url":"https:\/\/epochtimestr.com\/wp-content\/uploads\/2011y\/ET-Logo-YG.jpg","contentUrl":"https:\/\/epochtimestr.com\/wp-content\/uploads\/2011y\/ET-Logo-YG.jpg","width":346,"height":29,"caption":"The EpochTimes T\u00fcrkiye"},"image":{"@id":"https:\/\/epochtimestr.com\/#\/schema\/logo\/image\/"},"sameAs":["https:\/\/www.facebook.com\/theepochtimestr","https:\/\/x.com\/TheEpochTimesTR","https:\/\/www.instagram.com\/epochtimestr"]},{"@type":"Person","@id":"https:\/\/epochtimestr.com\/#\/schema\/person\/5fef218711d76d8f232b0e1f1d7e4c0d","name":"Leo Bajelan","image":{"@type":"ImageObject","inLanguage":"tr","@id":"https:\/\/epochtimestr.com\/#\/schema\/person\/image\/","url":"https:\/\/secure.gravatar.com\/avatar\/917669146f489549e548a2e9af272df5?s=96&d=mm&r=g","contentUrl":"https:\/\/secure.gravatar.com\/avatar\/917669146f489549e548a2e9af272df5?s=96&d=mm&r=g","caption":"Leo Bajelan"},"url":"https:\/\/epochtimestr.com\/index.php\/author\/leo"}]}},"_links":{"self":[{"href":"https:\/\/epochtimestr.com\/index.php\/wp-json\/wp\/v2\/posts\/166206"}],"collection":[{"href":"https:\/\/epochtimestr.com\/index.php\/wp-json\/wp\/v2\/posts"}],"about":[{"href":"https:\/\/epochtimestr.com\/index.php\/wp-json\/wp\/v2\/types\/post"}],"author":[{"embeddable":true,"href":"https:\/\/epochtimestr.com\/index.php\/wp-json\/wp\/v2\/users\/13996"}],"replies":[{"embeddable":true,"href":"https:\/\/epochtimestr.com\/index.php\/wp-json\/wp\/v2\/comments?post=166206"}],"version-history":[{"count":2,"href":"https:\/\/epochtimestr.com\/index.php\/wp-json\/wp\/v2\/posts\/166206\/revisions"}],"predecessor-version":[{"id":166216,"href":"https:\/\/epochtimestr.com\/index.php\/wp-json\/wp\/v2\/posts\/166206\/revisions\/166216"}],"wp:featuredmedia":[{"embeddable":true,"href":"https:\/\/epochtimestr.com\/index.php\/wp-json\/wp\/v2\/media\/166207"}],"wp:attachment":[{"href":"https:\/\/epochtimestr.com\/index.php\/wp-json\/wp\/v2\/media?parent=166206"}],"wp:term":[{"taxonomy":"category","embeddable":true,"href":"https:\/\/epochtimestr.com\/index.php\/wp-json\/wp\/v2\/categories?post=166206"},{"taxonomy":"post_tag","embeddable":true,"href":"https:\/\/epochtimestr.com\/index.php\/wp-json\/wp\/v2\/tags?post=166206"}],"curies":[{"name":"wp","href":"https:\/\/api.w.org\/{rel}","templated":true}]}}