{"id":166245,"date":"2026-03-13T10:05:49","date_gmt":"2026-03-13T07:05:49","guid":{"rendered":"https:\/\/epochtimestr.com\/?p=166245"},"modified":"2026-03-13T16:31:39","modified_gmt":"2026-03-13T13:31:39","slug":"hepimiz-adaleti-ve-erdemi-konusmaliyiz","status":"publish","type":"post","link":"https:\/\/epochtimestr.com\/index.php\/hepimiz-adaleti-ve-erdemi-konusmaliyiz","title":{"rendered":"Hepimiz Adaleti ve Erdemi Konu\u015fmal\u0131y\u0131z"},"content":{"rendered":"\n<p class=\"has-text-align-right\">\u201c\u0130stiklal, istikbal, h\u00fcrriyet, her \u015fey adaletle kaimdir!\u201d <br \/>Mustafa Kemal Atat\u00fcrk<\/p>\n\n\n\n<p>Oturdu\u011fumuz sitenin i\u00e7erisinde bulunan Atat\u00fcrk b\u00fcst\u00fc \u00fczerindeki bu yaz\u0131 ile her g\u00fcn kar\u015f\u0131la\u015f\u0131r ve Atat\u00fcrk\u2019\u00fcn hayat ile ilgili ne kadar derin bir kavray\u0131\u015f\u0131 oldu\u011funu d\u00fc\u015f\u00fcn\u00fcr\u00fcm. Her \u015feyin temelinde adaletin oldu\u011funu g\u00f6rmek ve evrende ger\u00e7ekli\u011fi yaratan etki-tepki zinciri halkalar\u0131n\u0131n, erdem ile birbirine ba\u011fl\u0131 oldu\u011funun bu kadar fark\u0131nda olmak\u2026 Bir milletin gelece\u011fini kurgularken de bu ince \u00e7izginin \u00fczerinde y\u00fcr\u00fcd\u00fc\u011f\u00fcn\u00fc bilmek\u2026 Bu d\u00e2hilerin ve filozoflar\u0131n inceli\u011fidir. Ayn\u0131 zamanda erdemin yoludur. Bu y\u00fczden \u00fclkeyi y\u00f6netenlerin en b\u00fcy\u00fck \u00f6nceli\u011fi, her zaman adaletin tesis edilmesi olmal\u0131d\u0131r. Buna isterseniz ilahi adalet, isterseniz metafizik ger\u00e7eklik deyin, ama ger\u00e7ek budur. Adaletin tesis edilmedi\u011fi yerde adalet tecelli eder ve bu durumun da son derece y\u0131k\u0131c\u0131 sonu\u00e7lar\u0131 olur.<\/p>\n\n\n\n<p>Bu y\u00fczden hepimiz adaleti ve erdemi konu\u015fmak zorunday\u0131z. Adalet tac\u0131n\u0131 ba\u015f\u0131m\u0131za ge\u00e7irerek her \u015feyi adalet terazisinde tartmal\u0131 ve bunu yaparken de erdemin gerektirdi\u011fi \u015fekilde, g\u00f6zlerimizi ay\u0131r\u0131m g\u00f6zetmemek i\u00e7in kapal\u0131 tutmal\u0131y\u0131z.<\/p>\n\n\n\n<p>Ekrem \u0130mamo\u011flu davas\u0131na bakal\u0131m mesela\u2026 Yarg\u0131lamalar ba\u015flad\u0131. Ekrem \u0130mamo\u011flu hakk\u0131nda 2.352 y\u0131la kadar hapis istenen bir iddianame haz\u0131rland\u0131.\u00a0Bu \u00fclkede elbette herkes yarg\u0131lanabilmelidir ve Ekrem \u0130mamo\u011flu hakk\u0131nda delile ve kan\u0131ta dayal\u0131 iddialar varsa, elbette adil olarak yarg\u0131lanmal\u0131d\u0131r. Fakat sorulmas\u0131 gereken soru \u015fu: Neden bu sistem sadece AKP muhaliflerine y\u00f6nelik olarak i\u015fliyor?\u00a0<\/p>\n\n\n\n<p>En yak\u0131n tarihlerden ba\u015flayarak haklar\u0131nda somut deliller olan Zafer \u00c7a\u011flayan, Kemal Unak\u0131tan, Ruhsar Pek\u00e7an, Erdo\u011fan Bayraktar ve Melih G\u00f6k\u00e7ek ilk akla gelen isimler. Neden bu isimler hakk\u0131nda bug\u00fcne kadar, b\u0131rak\u0131n yarg\u0131lamay\u0131, bir soru\u015fturma bile a\u00e7\u0131lmad\u0131?<\/p>\n\n\n\n<p>\u0130\u015fte bu noktada sorgulanacak \u00e7ok \u015fey var \u00e7\u00fcnk\u00fc adalet terazisinin hassasiyetini yitirdi\u011fi \u00fclkelerde, iktidarlar halk\u0131n g\u00f6z\u00fcnde me\u015fruiyetini kaybetmeye ba\u015flarlar ve\u00a0yerlerini koruyabilmek i\u00e7in bask\u0131y\u0131 ve manip\u00fclasyonu artt\u0131rmak zorundad\u0131rlar. Bir s\u00fcre sonra ama\u00e7 sadece iktidarda kalabilme m\u00fccadelesine d\u00f6n\u00fc\u015f\u00fcr. Makyavelist bir anlay\u0131\u015fla bu m\u00fccadele i\u00e7in yap\u0131lan her \u015fey, ister erdemli olsun ister olmas\u0131n, me\u015fru hale gelir.<\/p>\n\n\n\n<p>\u0130\u015fte medya\u2026 Yanda\u015f medya olarak tabir edilen gazete ve televizyonlar\u0131n gazetecileri ekranlarda soru\u015fturmalar hakk\u0131ndaki en gizli bilgileri kamuoyu ile payla\u015ft\u0131lar. Ak Parti muhaliflerine kar\u015f\u0131 ciddi bir karalama kampanyas\u0131n\u0131 f\u00fctursuzca y\u00fcr\u00fct\u00fcrken muhalif gazeteciler s\u00fcrekli bask\u0131 alt\u0131nda tutulup, en ufak bir tedirgin edici s\u00f6ylemlerinde g\u00f6z alt\u0131na al\u0131nd\u0131lar. Hatta medya organlar\u0131na kayy\u0131m atand\u0131.<\/p>\n\n\n\n<p>Ya Ter\u00f6rs\u00fcz T\u00fcrkiye s\u00fcreci? K\u0131rk y\u0131ll\u0131k ter\u00f6rist ba\u015f\u0131 \u201ckurucu \u00f6nder\u201d oldu. K\u0131rk y\u0131ll\u0131k s\u00fcre\u00e7te ter\u00f6r \u00f6rg\u00fct\u00fc ile m\u00fccadele etmi\u015f askerler, bu u\u011furda evlatlar\u0131n\u0131 \u015fehit vermi\u015f aileler ve gaziler kan a\u011fl\u0131yor. \u015eu anda s\u00fcre\u00e7 ask\u0131da g\u00f6r\u00fcnmesine ra\u011fmen hala i\u015fletiliyor.<\/p>\n\n\n\n<p>Ekonomi alan\u0131nda b\u00fct\u00fcn y\u00fck, vergiler ve zamlar yoluyla halk\u0131n \u00fczerine y\u0131k\u0131l\u0131rken \u00fclkede k\u00fc\u00e7\u00fck bir az\u0131nl\u0131k sadece refah i\u00e7erisinde ya\u015f\u0131yor; halk bu kadar ac\u0131 \u00e7ekerken \u00fclkenin ba\u015fkan\u0131 1001 odal\u0131 saray\u0131nda ya\u015f\u0131yor\u2026<\/p>\n\n\n\n<p>Gen\u00e7ler \u00fclkede gelecekleri konusunda kayg\u0131l\u0131 ve \u00e7areyi ba\u015fka \u00fclkelere gitmekte ar\u0131yor; \u00fclkedeki hemen hemen her kesimden sesler y\u00fckselirken bu sesler bast\u0131r\u0131lmaya \u00e7al\u0131\u015f\u0131l\u0131yor.<\/p>\n\n\n\n<p>Ama b\u00fct\u00fcn bunlardan da \u00f6nemlisi, b\u00fct\u00fcn bunlar olurken halk sadece kendi \u00e7\u0131karlar\u0131n\u0131 ve konforunu d\u00fc\u015f\u00fcn\u00fcp, korku i\u00e7erisinde, adaletsizli\u011fi \u00f6nemsemiyor ve bir vurdumduymazl\u0131k i\u00e7erisinde olanlara g\u00f6z yumuyorsa; yani erdemini kaybetmi\u015fse\u2026 \u0130\u015fte o zaman durum \u00e7ok ciddi demektir.<\/p>\n\n\n\n<p>\u015eu anda Ortado\u011fu bir ate\u015f \u00e7emberine d\u00f6nm\u00fc\u015f durumda. Yan kap\u0131m\u0131zdaki sava\u015f\u0131n T\u00fcrkiye&#8217;ye s\u0131\u00e7ramamas\u0131n\u0131 y\u00fcrekten arzuluyoruz. Durum b\u00f6yle olmas\u0131na ra\u011fmen biz yine de adaleti ve erdemi konu\u015fmaya devam etmeliyiz. \u00c7\u00fcnk\u00fc do\u011fru olmayan her \u015fey y\u0131k\u0131lmaya mahkumdur. Bu evrenin kanunudur.<\/p>\n\n\n\n<p>Bu y\u00fczden hepimizin konu\u015fmas\u0131 gereken \u015fey, adalet ve erdem olmal\u0131d\u0131r. Ulu \u00d6nder Atat\u00fcrk\u2019\u00fcn de s\u00f6yledi\u011fi gibi \u201c\u0130stiklal, istikbal, h\u00fcrriyet, her \u015fey adaletle kaimdir!\u201d Erdemin yolundan sapm\u0131\u015f bir millet, bu hayattaki en kutsal \u015fey olan ve ger\u00e7e\u011fi belirleyen adalet kar\u015f\u0131s\u0131nda kendi vicdan\u0131na ve gelecek nesillere hesap vermeye mahk\u00fbm kalacakt\u0131r.<\/p>\n","protected":false},"excerpt":{"rendered":"<p>\u201c\u0130stiklal, istikbal, h\u00fcrriyet, her \u015fey adaletle kaimdir!\u201d Mustafa Kemal Atat\u00fcrk Oturdu\u011fumuz sitenin i\u00e7erisinde bulunan Atat\u00fcrk b\u00fcst\u00fc \u00fczerindeki bu yaz\u0131 ile her g\u00fcn kar\u015f\u0131la\u015f\u0131r ve Atat\u00fcrk\u2019\u00fcn hayat ile ilgili ne kadar derin bir kavray\u0131\u015f\u0131 oldu\u011funu d\u00fc\u015f\u00fcn\u00fcr\u00fcm. Her \u015feyin temelinde adaletin oldu\u011funu g\u00f6rmek ve evrende ger\u00e7ekli\u011fi yaratan etki-tepki zinciri halkalar\u0131n\u0131n, erdem ile birbirine ba\u011fl\u0131 oldu\u011funun bu kadar [&hellip;]<\/p>\n","protected":false},"author":22,"featured_media":161727,"comment_status":"open","ping_status":"open","sticky":false,"template":"","format":"standard","meta":{"_yoast_wpseo_focuskw":"Adalet - Erdem","_yoast_wpseo_title":"","_yoast_wpseo_metadesc":"Her \u015feyin temelinde adalet oldu\u011funu g\u00f6rmek ve evrende ger\u00e7ekli\u011fi yaratan etki-tepki zincirinin erdem ile ba\u011fl\u0131 oldu\u011funun fark\u0131nda olmak\u2026","_bbp_topic_count":0,"_bbp_reply_count":0,"_bbp_total_topic_count":0,"_bbp_total_reply_count":0,"_bbp_voice_count":0,"_bbp_anonymous_reply_count":0,"_bbp_topic_count_hidden":0,"_bbp_reply_count_hidden":0,"_bbp_forum_subforum_count":0,"footnotes":"","_yoast_wpseo_focuskw_text_input":""},"categories":[8412],"tags":[2646,628,11030],"yoast_head":"<!-- This site is optimized with the Yoast SEO plugin v23.0 - https:\/\/yoast.com\/wordpress\/plugins\/seo\/ -->\n<title>Hepimiz Adaleti ve Erdemi Konu\u015fmal\u0131y\u0131z - The Epoch Times TR<\/title>\n<meta name=\"description\" content=\"Her \u015feyin temelinde adalet oldu\u011funu g\u00f6rmek ve evrende ger\u00e7ekli\u011fi yaratan etki-tepki zincirinin erdem ile ba\u011fl\u0131 oldu\u011funun fark\u0131nda olmak\u2026\" \/>\n<meta name=\"robots\" content=\"index, follow, max-snippet:-1, max-image-preview:large, max-video-preview:-1\" \/>\n<link rel=\"canonical\" href=\"https:\/\/epochtimestr.com\/index.php\/hepimiz-adaleti-ve-erdemi-konusmaliyiz\" \/>\n<meta property=\"og:locale\" content=\"tr_TR\" \/>\n<meta property=\"og:type\" content=\"article\" \/>\n<meta property=\"og:title\" content=\"Hepimiz Adaleti ve Erdemi Konu\u015fmal\u0131y\u0131z - The Epoch Times TR\" \/>\n<meta property=\"og:description\" content=\"Her \u015feyin temelinde adalet oldu\u011funu g\u00f6rmek ve evrende ger\u00e7ekli\u011fi yaratan etki-tepki zincirinin erdem ile ba\u011fl\u0131 oldu\u011funun fark\u0131nda olmak\u2026\" \/>\n<meta property=\"og:url\" content=\"https:\/\/epochtimestr.com\/index.php\/hepimiz-adaleti-ve-erdemi-konusmaliyiz\" \/>\n<meta property=\"og:site_name\" content=\"The Epoch Times TR\" \/>\n<meta property=\"article:publisher\" content=\"https:\/\/www.facebook.com\/theepochtimestr\" \/>\n<meta property=\"article:published_time\" content=\"2026-03-13T07:05:49+00:00\" \/>\n<meta property=\"article:modified_time\" content=\"2026-03-13T13:31:39+00:00\" \/>\n<meta property=\"og:image\" content=\"https:\/\/epochtimestr.com\/wp-content\/uploads\/2011y\/HAKAN-KOCMAN-SM.png\" \/>\n\t<meta property=\"og:image:width\" content=\"1200\" \/>\n\t<meta property=\"og:image:height\" content=\"630\" \/>\n\t<meta property=\"og:image:type\" content=\"image\/png\" \/>\n<meta name=\"author\" content=\"G.Hakan Ko\u00e7man\" \/>\n<meta name=\"twitter:card\" content=\"summary_large_image\" \/>\n<meta name=\"twitter:creator\" content=\"@TheEpochTimesTR\" \/>\n<meta name=\"twitter:site\" content=\"@TheEpochTimesTR\" \/>\n<meta name=\"twitter:label1\" content=\"Yazan:\" \/>\n\t<meta name=\"twitter:data1\" content=\"G.Hakan Ko\u00e7man\" \/>\n\t<meta name=\"twitter:label2\" content=\"Tahmini okuma s\u00fcresi\" \/>\n\t<meta name=\"twitter:data2\" content=\"4 dakika\" \/>\n<script type=\"application\/ld+json\" class=\"yoast-schema-graph\">{\"@context\":\"https:\/\/schema.org\",\"@graph\":[{\"@type\":\"Article\",\"@id\":\"https:\/\/epochtimestr.com\/index.php\/hepimiz-adaleti-ve-erdemi-konusmaliyiz#article\",\"isPartOf\":{\"@id\":\"https:\/\/epochtimestr.com\/index.php\/hepimiz-adaleti-ve-erdemi-konusmaliyiz\"},\"author\":{\"name\":\"G.Hakan Ko\u00e7man\",\"@id\":\"https:\/\/epochtimestr.com\/#\/schema\/person\/b5509977c9a6cd729a3e74d9743d035b\"},\"headline\":\"Hepimiz Adaleti ve Erdemi Konu\u015fmal\u0131y\u0131z\",\"datePublished\":\"2026-03-13T07:05:49+00:00\",\"dateModified\":\"2026-03-13T13:31:39+00:00\",\"mainEntityOfPage\":{\"@id\":\"https:\/\/epochtimestr.com\/index.php\/hepimiz-adaleti-ve-erdemi-konusmaliyiz\"},\"wordCount\":784,\"commentCount\":0,\"publisher\":{\"@id\":\"https:\/\/epochtimestr.com\/#organization\"},\"image\":{\"@id\":\"https:\/\/epochtimestr.com\/index.php\/hepimiz-adaleti-ve-erdemi-konusmaliyiz#primaryimage\"},\"thumbnailUrl\":\"https:\/\/epochtimestr.com\/wp-content\/uploads\/2011y\/Hakan-Kocman-Profil.png\",\"keywords\":[\"adalet\",\"atat\u00fcrk\",\"erdem\"],\"articleSection\":[\"K\u00f6\u015fe Yaz\u0131lar\u0131 Hakan Ko\u00e7man\"],\"inLanguage\":\"tr\",\"potentialAction\":[{\"@type\":\"CommentAction\",\"name\":\"Comment\",\"target\":[\"https:\/\/epochtimestr.com\/index.php\/hepimiz-adaleti-ve-erdemi-konusmaliyiz#respond\"]}]},{\"@type\":\"WebPage\",\"@id\":\"https:\/\/epochtimestr.com\/index.php\/hepimiz-adaleti-ve-erdemi-konusmaliyiz\",\"url\":\"https:\/\/epochtimestr.com\/index.php\/hepimiz-adaleti-ve-erdemi-konusmaliyiz\",\"name\":\"Hepimiz Adaleti ve Erdemi Konu\u015fmal\u0131y\u0131z - The Epoch Times TR\",\"isPartOf\":{\"@id\":\"https:\/\/epochtimestr.com\/#website\"},\"primaryImageOfPage\":{\"@id\":\"https:\/\/epochtimestr.com\/index.php\/hepimiz-adaleti-ve-erdemi-konusmaliyiz#primaryimage\"},\"image\":{\"@id\":\"https:\/\/epochtimestr.com\/index.php\/hepimiz-adaleti-ve-erdemi-konusmaliyiz#primaryimage\"},\"thumbnailUrl\":\"https:\/\/epochtimestr.com\/wp-content\/uploads\/2011y\/Hakan-Kocman-Profil.png\",\"datePublished\":\"2026-03-13T07:05:49+00:00\",\"dateModified\":\"2026-03-13T13:31:39+00:00\",\"description\":\"Her \u015feyin temelinde adalet oldu\u011funu g\u00f6rmek ve evrende ger\u00e7ekli\u011fi yaratan etki-tepki zincirinin erdem ile ba\u011fl\u0131 oldu\u011funun fark\u0131nda olmak\u2026\",\"inLanguage\":\"tr\",\"potentialAction\":[{\"@type\":\"ReadAction\",\"target\":[\"https:\/\/epochtimestr.com\/index.php\/hepimiz-adaleti-ve-erdemi-konusmaliyiz\"]}]},{\"@type\":\"ImageObject\",\"inLanguage\":\"tr\",\"@id\":\"https:\/\/epochtimestr.com\/index.php\/hepimiz-adaleti-ve-erdemi-konusmaliyiz#primaryimage\",\"url\":\"https:\/\/epochtimestr.com\/wp-content\/uploads\/2011y\/Hakan-Kocman-Profil.png\",\"contentUrl\":\"https:\/\/epochtimestr.com\/wp-content\/uploads\/2011y\/Hakan-Kocman-Profil.png\",\"width\":600,\"height\":600},{\"@type\":\"WebSite\",\"@id\":\"https:\/\/epochtimestr.com\/#website\",\"url\":\"https:\/\/epochtimestr.com\/\",\"name\":\"The Epoch Times TR\",\"description\":\"De\u011fi\u015fen D\u00fcnyam\u0131za Taze Bir Bak\u0131\u015f\",\"publisher\":{\"@id\":\"https:\/\/epochtimestr.com\/#organization\"},\"potentialAction\":[{\"@type\":\"SearchAction\",\"target\":{\"@type\":\"EntryPoint\",\"urlTemplate\":\"https:\/\/epochtimestr.com\/?s={search_term_string}\"},\"query-input\":\"required name=search_term_string\"}],\"inLanguage\":\"tr\"},{\"@type\":\"Organization\",\"@id\":\"https:\/\/epochtimestr.com\/#organization\",\"name\":\"The EpochTimes T\u00fcrkiye\",\"url\":\"https:\/\/epochtimestr.com\/\",\"logo\":{\"@type\":\"ImageObject\",\"inLanguage\":\"tr\",\"@id\":\"https:\/\/epochtimestr.com\/#\/schema\/logo\/image\/\",\"url\":\"https:\/\/epochtimestr.com\/wp-content\/uploads\/2011y\/ET-Logo-YG.jpg\",\"contentUrl\":\"https:\/\/epochtimestr.com\/wp-content\/uploads\/2011y\/ET-Logo-YG.jpg\",\"width\":346,\"height\":29,\"caption\":\"The EpochTimes T\u00fcrkiye\"},\"image\":{\"@id\":\"https:\/\/epochtimestr.com\/#\/schema\/logo\/image\/\"},\"sameAs\":[\"https:\/\/www.facebook.com\/theepochtimestr\",\"https:\/\/x.com\/TheEpochTimesTR\",\"https:\/\/www.instagram.com\/epochtimestr\"]},{\"@type\":\"Person\",\"@id\":\"https:\/\/epochtimestr.com\/#\/schema\/person\/b5509977c9a6cd729a3e74d9743d035b\",\"name\":\"G.Hakan Ko\u00e7man\",\"image\":{\"@type\":\"ImageObject\",\"inLanguage\":\"tr\",\"@id\":\"https:\/\/epochtimestr.com\/#\/schema\/person\/image\/\",\"url\":\"https:\/\/secure.gravatar.com\/avatar\/e4eafee1ab5d1f4015c3930376b22ca8?s=96&d=mm&r=g\",\"contentUrl\":\"https:\/\/secure.gravatar.com\/avatar\/e4eafee1ab5d1f4015c3930376b22ca8?s=96&d=mm&r=g\",\"caption\":\"G.Hakan Ko\u00e7man\"},\"url\":\"https:\/\/epochtimestr.com\/index.php\/author\/hakan\"}]}<\/script>\n<!-- \/ Yoast SEO plugin. -->","yoast_head_json":{"title":"Hepimiz Adaleti ve Erdemi Konu\u015fmal\u0131y\u0131z - The Epoch Times TR","description":"Her \u015feyin temelinde adalet oldu\u011funu g\u00f6rmek ve evrende ger\u00e7ekli\u011fi yaratan etki-tepki zincirinin erdem ile ba\u011fl\u0131 oldu\u011funun fark\u0131nda olmak\u2026","robots":{"index":"index","follow":"follow","max-snippet":"max-snippet:-1","max-image-preview":"max-image-preview:large","max-video-preview":"max-video-preview:-1"},"canonical":"https:\/\/epochtimestr.com\/index.php\/hepimiz-adaleti-ve-erdemi-konusmaliyiz","og_locale":"tr_TR","og_type":"article","og_title":"Hepimiz Adaleti ve Erdemi Konu\u015fmal\u0131y\u0131z - The Epoch Times TR","og_description":"Her \u015feyin temelinde adalet oldu\u011funu g\u00f6rmek ve evrende ger\u00e7ekli\u011fi yaratan etki-tepki zincirinin erdem ile ba\u011fl\u0131 oldu\u011funun fark\u0131nda olmak\u2026","og_url":"https:\/\/epochtimestr.com\/index.php\/hepimiz-adaleti-ve-erdemi-konusmaliyiz","og_site_name":"The Epoch Times TR","article_publisher":"https:\/\/www.facebook.com\/theepochtimestr","article_published_time":"2026-03-13T07:05:49+00:00","article_modified_time":"2026-03-13T13:31:39+00:00","og_image":[{"width":1200,"height":630,"url":"https:\/\/epochtimestr.com\/wp-content\/uploads\/2011y\/HAKAN-KOCMAN-SM.png","type":"image\/png"}],"author":"G.Hakan Ko\u00e7man","twitter_card":"summary_large_image","twitter_creator":"@TheEpochTimesTR","twitter_site":"@TheEpochTimesTR","twitter_misc":{"Yazan:":"G.Hakan Ko\u00e7man","Tahmini okuma s\u00fcresi":"4 dakika"},"schema":{"@context":"https:\/\/schema.org","@graph":[{"@type":"Article","@id":"https:\/\/epochtimestr.com\/index.php\/hepimiz-adaleti-ve-erdemi-konusmaliyiz#article","isPartOf":{"@id":"https:\/\/epochtimestr.com\/index.php\/hepimiz-adaleti-ve-erdemi-konusmaliyiz"},"author":{"name":"G.Hakan Ko\u00e7man","@id":"https:\/\/epochtimestr.com\/#\/schema\/person\/b5509977c9a6cd729a3e74d9743d035b"},"headline":"Hepimiz Adaleti ve Erdemi Konu\u015fmal\u0131y\u0131z","datePublished":"2026-03-13T07:05:49+00:00","dateModified":"2026-03-13T13:31:39+00:00","mainEntityOfPage":{"@id":"https:\/\/epochtimestr.com\/index.php\/hepimiz-adaleti-ve-erdemi-konusmaliyiz"},"wordCount":784,"commentCount":0,"publisher":{"@id":"https:\/\/epochtimestr.com\/#organization"},"image":{"@id":"https:\/\/epochtimestr.com\/index.php\/hepimiz-adaleti-ve-erdemi-konusmaliyiz#primaryimage"},"thumbnailUrl":"https:\/\/epochtimestr.com\/wp-content\/uploads\/2011y\/Hakan-Kocman-Profil.png","keywords":["adalet","atat\u00fcrk","erdem"],"articleSection":["K\u00f6\u015fe Yaz\u0131lar\u0131 Hakan Ko\u00e7man"],"inLanguage":"tr","potentialAction":[{"@type":"CommentAction","name":"Comment","target":["https:\/\/epochtimestr.com\/index.php\/hepimiz-adaleti-ve-erdemi-konusmaliyiz#respond"]}]},{"@type":"WebPage","@id":"https:\/\/epochtimestr.com\/index.php\/hepimiz-adaleti-ve-erdemi-konusmaliyiz","url":"https:\/\/epochtimestr.com\/index.php\/hepimiz-adaleti-ve-erdemi-konusmaliyiz","name":"Hepimiz Adaleti ve Erdemi Konu\u015fmal\u0131y\u0131z - The Epoch Times TR","isPartOf":{"@id":"https:\/\/epochtimestr.com\/#website"},"primaryImageOfPage":{"@id":"https:\/\/epochtimestr.com\/index.php\/hepimiz-adaleti-ve-erdemi-konusmaliyiz#primaryimage"},"image":{"@id":"https:\/\/epochtimestr.com\/index.php\/hepimiz-adaleti-ve-erdemi-konusmaliyiz#primaryimage"},"thumbnailUrl":"https:\/\/epochtimestr.com\/wp-content\/uploads\/2011y\/Hakan-Kocman-Profil.png","datePublished":"2026-03-13T07:05:49+00:00","dateModified":"2026-03-13T13:31:39+00:00","description":"Her \u015feyin temelinde adalet oldu\u011funu g\u00f6rmek ve evrende ger\u00e7ekli\u011fi yaratan etki-tepki zincirinin erdem ile ba\u011fl\u0131 oldu\u011funun fark\u0131nda olmak\u2026","inLanguage":"tr","potentialAction":[{"@type":"ReadAction","target":["https:\/\/epochtimestr.com\/index.php\/hepimiz-adaleti-ve-erdemi-konusmaliyiz"]}]},{"@type":"ImageObject","inLanguage":"tr","@id":"https:\/\/epochtimestr.com\/index.php\/hepimiz-adaleti-ve-erdemi-konusmaliyiz#primaryimage","url":"https:\/\/epochtimestr.com\/wp-content\/uploads\/2011y\/Hakan-Kocman-Profil.png","contentUrl":"https:\/\/epochtimestr.com\/wp-content\/uploads\/2011y\/Hakan-Kocman-Profil.png","width":600,"height":600},{"@type":"WebSite","@id":"https:\/\/epochtimestr.com\/#website","url":"https:\/\/epochtimestr.com\/","name":"The Epoch Times TR","description":"De\u011fi\u015fen D\u00fcnyam\u0131za Taze Bir Bak\u0131\u015f","publisher":{"@id":"https:\/\/epochtimestr.com\/#organization"},"potentialAction":[{"@type":"SearchAction","target":{"@type":"EntryPoint","urlTemplate":"https:\/\/epochtimestr.com\/?s={search_term_string}"},"query-input":"required name=search_term_string"}],"inLanguage":"tr"},{"@type":"Organization","@id":"https:\/\/epochtimestr.com\/#organization","name":"The EpochTimes T\u00fcrkiye","url":"https:\/\/epochtimestr.com\/","logo":{"@type":"ImageObject","inLanguage":"tr","@id":"https:\/\/epochtimestr.com\/#\/schema\/logo\/image\/","url":"https:\/\/epochtimestr.com\/wp-content\/uploads\/2011y\/ET-Logo-YG.jpg","contentUrl":"https:\/\/epochtimestr.com\/wp-content\/uploads\/2011y\/ET-Logo-YG.jpg","width":346,"height":29,"caption":"The EpochTimes T\u00fcrkiye"},"image":{"@id":"https:\/\/epochtimestr.com\/#\/schema\/logo\/image\/"},"sameAs":["https:\/\/www.facebook.com\/theepochtimestr","https:\/\/x.com\/TheEpochTimesTR","https:\/\/www.instagram.com\/epochtimestr"]},{"@type":"Person","@id":"https:\/\/epochtimestr.com\/#\/schema\/person\/b5509977c9a6cd729a3e74d9743d035b","name":"G.Hakan Ko\u00e7man","image":{"@type":"ImageObject","inLanguage":"tr","@id":"https:\/\/epochtimestr.com\/#\/schema\/person\/image\/","url":"https:\/\/secure.gravatar.com\/avatar\/e4eafee1ab5d1f4015c3930376b22ca8?s=96&d=mm&r=g","contentUrl":"https:\/\/secure.gravatar.com\/avatar\/e4eafee1ab5d1f4015c3930376b22ca8?s=96&d=mm&r=g","caption":"G.Hakan Ko\u00e7man"},"url":"https:\/\/epochtimestr.com\/index.php\/author\/hakan"}]}},"_links":{"self":[{"href":"https:\/\/epochtimestr.com\/index.php\/wp-json\/wp\/v2\/posts\/166245"}],"collection":[{"href":"https:\/\/epochtimestr.com\/index.php\/wp-json\/wp\/v2\/posts"}],"about":[{"href":"https:\/\/epochtimestr.com\/index.php\/wp-json\/wp\/v2\/types\/post"}],"author":[{"embeddable":true,"href":"https:\/\/epochtimestr.com\/index.php\/wp-json\/wp\/v2\/users\/22"}],"replies":[{"embeddable":true,"href":"https:\/\/epochtimestr.com\/index.php\/wp-json\/wp\/v2\/comments?post=166245"}],"version-history":[{"count":8,"href":"https:\/\/epochtimestr.com\/index.php\/wp-json\/wp\/v2\/posts\/166245\/revisions"}],"predecessor-version":[{"id":166270,"href":"https:\/\/epochtimestr.com\/index.php\/wp-json\/wp\/v2\/posts\/166245\/revisions\/166270"}],"wp:featuredmedia":[{"embeddable":true,"href":"https:\/\/epochtimestr.com\/index.php\/wp-json\/wp\/v2\/media\/161727"}],"wp:attachment":[{"href":"https:\/\/epochtimestr.com\/index.php\/wp-json\/wp\/v2\/media?parent=166245"}],"wp:term":[{"taxonomy":"category","embeddable":true,"href":"https:\/\/epochtimestr.com\/index.php\/wp-json\/wp\/v2\/categories?post=166245"},{"taxonomy":"post_tag","embeddable":true,"href":"https:\/\/epochtimestr.com\/index.php\/wp-json\/wp\/v2\/tags?post=166245"}],"curies":[{"name":"wp","href":"https:\/\/api.w.org\/{rel}","templated":true}]}}