{"id":166253,"date":"2026-03-13T16:19:48","date_gmt":"2026-03-13T13:19:48","guid":{"rendered":"https:\/\/epochtimestr.com\/?p=166253"},"modified":"2026-03-13T16:19:52","modified_gmt":"2026-03-13T13:19:52","slug":"abd-yakit-ikmal-ucagi-bati-irakta-dustu","status":"publish","type":"post","link":"https:\/\/epochtimestr.com\/index.php\/abd-yakit-ikmal-ucagi-bati-irakta-dustu","title":{"rendered":"ABD Yak\u0131t \u0130kmal U\u00e7a\u011f\u0131 Bat\u0131 Irak&#8217;ta D\u00fc\u015ft\u00fc"},"content":{"rendered":"<div class=\"wp-block-image\">\n<figure class=\"aligncenter size-full\"><img loading=\"lazy\" decoding=\"async\" width=\"960\" height=\"640\" src=\"https:\/\/epochtimestr.com\/wp-content\/uploads\/2011y\/image-350.png\" alt=\"Barksdale K\u00fcresel G\u00fc\u00e7 M\u00fczesi'nde sergilenen, ABD hava kuvvetlerine ait Boeing KC-135A Stratotanker tipi bir yak\u0131t ikmal u\u00e7a\u011f\u0131. Barksdale Hava Kuvvetleri \u00dcss\u00fc, Bossier City, Louisiana, ABD. (Foto\u011fraf: Wikimedia)\" class=\"wp-image-166267\" srcset=\"https:\/\/epochtimestr.com\/wp-content\/uploads\/2011y\/image-350.png 960w, https:\/\/epochtimestr.com\/wp-content\/uploads\/2011y\/image-350-300x200.png 300w, https:\/\/epochtimestr.com\/wp-content\/uploads\/2011y\/image-350-150x100.png 150w, https:\/\/epochtimestr.com\/wp-content\/uploads\/2011y\/image-350-768x512.png 768w\" sizes=\"(max-width: 960px) 100vw, 960px\" \/><figcaption class=\"wp-element-caption\">Barksdale K\u00fcresel G\u00fc\u00e7 M\u00fczesi&#8217;nde sergilenen, ABD hava kuvvetlerine ait Boeing KC-135A Stratotanker tipi bir yak\u0131t ikmal u\u00e7a\u011f\u0131. Barksdale Hava Kuvvetleri \u00dcss\u00fc, Bossier City, Louisiana, ABD. (Foto\u011fraf: Wikimedia)<\/figcaption><\/figure><\/div>\n\n\n<p>ABD&#8217;nin Orta Do\u011fu askeri operasyonlar\u0131ndan sorumlu Merkez Komutanl\u0131\u011f\u0131 (CENTCOM), Bat\u0131 Irak&#8217;ta bir <a href=\"https:\/\/www.theepochtimes.com\/us\/us-aerial-refueling-aircraft-crashes-in-western-iraq-5998074\">KC-135 Stratotanker<\/a> yak\u0131t ikmal u\u00e7a\u011f\u0131n\u0131n d\u00fc\u015ft\u00fc\u011f\u00fcn\u00fc duyurdu. CENTCOM, 12 Mart&#8217;ta yapt\u0131\u011f\u0131 a\u00e7\u0131klamada, u\u00e7a\u011f\u0131n dost hava sahas\u0131nda d\u00fc\u015ft\u00fc\u011f\u00fcn\u00fc belirtti. <\/p>\n\n\n\n<p>Yetkililer, s\u00f6z konusu kazara dost ate\u015fi veya d\u00fc\u015fman ate\u015fi sonucu meydana gelmedi\u011fini belirtti. Ayr\u0131ca olaya dahil olan ikinci u\u00e7a\u011f\u0131n g\u00fcvenli bir \u015fekilde ini\u015f yapt\u0131\u011f\u0131 bilgisini payla\u015ft\u0131. Bununla birlikte \u0130ran destekli Irak \u0130slam Direni\u015fi grubu, KC-135 u\u00e7a\u011f\u0131n\u0131 d\u00fc\u015f\u00fcrd\u00fcklerini bildirdi. Ayr\u0131ca bu eylemi \u00fclke hava sahas\u0131n\u0131 savunmak amac\u0131yla ger\u00e7ekle\u015ftirdiklerini iddia etti.<\/p>\n\n\n\n<p>D\u00fc\u015fen KC-135&#8217;in m\u00fcrettebat\u0131n\u0131 bulmak ve kurtarmak i\u00e7in \u00e7al\u0131\u015fmalar devam ediyor. CENTCOM, u\u00e7a\u011f\u0131n m\u00fcrettebat\u0131 hakk\u0131nda hen\u00fcz net bir bilgi vermedi. Tipik olarak, KC-135 u\u00e7aklar\u0131nda bir pilot, yard\u0131mc\u0131 pilot ve yak\u0131t ikmal operat\u00f6r\u00fc bulunuyor. Buna ek olarak baz\u0131 durumlarda u\u00e7akta, navigasyon ama\u00e7l\u0131 ek u\u00e7u\u015f ekibi de yer al\u0131yor.<\/p>\n\n\n\n<h3 class=\"wp-block-heading\">Destans\u0131 \u00d6fke -Epic Fury- Operasyonu<\/h3>\n\n\n\n<p>Bu kaza, ABD&#8217;nin \u0130ran&#8217;a y\u00f6nelik ba\u015flatt\u0131\u011f\u0131 &#8220;<a href=\"https:\/\/epochtimestr.com\/index.php\/abdden-irana-destansi-ofke-operasyonu\" target=\"_blank\" rel=\"noreferrer noopener\">Destans\u0131 \u00d6fke (Epic Fury)<\/a>&#8221; operasyonu s\u0131ras\u0131nda meydana geldi. ABD g\u00fc\u00e7leri, b\u00f6lgedeki y\u00fcksek operasyon temposunu desteklemek amac\u0131yla \u00e7ok say\u0131da yak\u0131t ikmal u\u00e7a\u011f\u0131 konu\u015fland\u0131rm\u0131\u015ft\u0131. 12 Mart itibar\u0131yla, ABD g\u00fc\u00e7leri yakla\u015f\u0131k 6.000 hedefe sald\u0131r\u0131 d\u00fczenledi.<\/p>\n\n\n\n<p>Sonu\u00e7 olarak bu olayla ABD, sava\u015f\u0131n ba\u015flad\u0131\u011f\u0131 28 \u015eubat\u2019tan bu yana d\u00f6rd\u00fcnc\u00fc manevra u\u00e7a\u011f\u0131n\u0131 kaybetti.  \u00dc\u00e7 ABD Hava Kuvvetleri F-15E Strike Eagle u\u00e7a\u011f\u0131, Kuveyt hava sahas\u0131nda dost ate\u015fi sonucu kazara d\u00fc\u015ft\u00fc. Bu u\u00e7aklar\u0131 Kuveyt\u2019e ait F\/A-18 Hornet u\u00e7a\u011f\u0131 vurdu. Ayr\u0131ca son d\u00f6nemde yakla\u015f\u0131k 10 adet de insans\u0131z MQ-9 Reaper dronu d\u00fc\u015ft\u00fc.<\/p>\n\n\n\n<p>Bu geli\u015fmeler, b\u00f6lgedeki gerilimin artt\u0131\u011f\u0131n\u0131 ve askeri \u00e7at\u0131\u015fmalar\u0131n daha karma\u015f\u0131k hale geldi\u011fini g\u00f6zler \u00f6n\u00fcne seriyor. U\u00e7ak kazalar\u0131n\u0131n art\u0131\u015f\u0131, operasyonlar\u0131n riskli bir seviyeye ula\u015fmas\u0131n\u0131n bir g\u00f6stergesi olarak de\u011ferlendiriliyor.<\/p>\n","protected":false},"excerpt":{"rendered":"<p>ABD&#8217;nin Orta Do\u011fu askeri operasyonlar\u0131ndan sorumlu Merkez Komutanl\u0131\u011f\u0131 (CENTCOM), Bat\u0131 Irak&#8217;ta bir KC-135 Stratotanker yak\u0131t ikmal u\u00e7a\u011f\u0131n\u0131n d\u00fc\u015ft\u00fc\u011f\u00fcn\u00fc duyurdu. CENTCOM, 12 Mart&#8217;ta yapt\u0131\u011f\u0131 a\u00e7\u0131klamada, u\u00e7a\u011f\u0131n dost hava sahas\u0131nda d\u00fc\u015ft\u00fc\u011f\u00fcn\u00fc belirtti. Yetkililer, s\u00f6z konusu kazara dost ate\u015fi veya d\u00fc\u015fman ate\u015fi sonucu meydana gelmedi\u011fini belirtti. Ayr\u0131ca olaya dahil olan ikinci u\u00e7a\u011f\u0131n g\u00fcvenli bir \u015fekilde ini\u015f yapt\u0131\u011f\u0131 bilgisini [&hellip;]<\/p>\n","protected":false},"author":13996,"featured_media":166267,"comment_status":"open","ping_status":"open","sticky":false,"template":"","format":"standard","meta":{"_yoast_wpseo_focuskw":"Yak\u0131t \u0130kmal U\u00e7a\u011f\u0131","_yoast_wpseo_title":"","_yoast_wpseo_metadesc":"ABD'ye ait KC-135 yak\u0131t ikmal u\u00e7a\u011f\u0131, Bat\u0131 Irak'ta d\u00fc\u015ferken, \u0130ran destekli grup sorumlulu\u011fu \u00fcstlendi. Kurtarma \u00e7al\u0131\u015fmalar\u0131 devam ediyor.","_bbp_topic_count":0,"_bbp_reply_count":0,"_bbp_total_topic_count":0,"_bbp_total_reply_count":0,"_bbp_voice_count":0,"_bbp_anonymous_reply_count":0,"_bbp_topic_count_hidden":0,"_bbp_reply_count_hidden":0,"_bbp_forum_subforum_count":0,"footnotes":"","_yoast_wpseo_focuskw_text_input":""},"categories":[5,1,8138],"tags":[407,10503,9876,10963,11029,7874,11028,502,11020],"yoast_head":"<!-- This site is optimized with the Yoast SEO plugin v23.0 - https:\/\/yoast.com\/wordpress\/plugins\/seo\/ -->\n<title>ABD Yak\u0131t \u0130kmal U\u00e7a\u011f\u0131 Bat\u0131 Irak&#039;ta D\u00fc\u015ft\u00fc - The Epoch Times TR<\/title>\n<meta name=\"description\" content=\"ABD&#039;ye ait KC-135 yak\u0131t ikmal u\u00e7a\u011f\u0131, Bat\u0131 Irak&#039;ta d\u00fc\u015ferken, \u0130ran destekli grup sorumlulu\u011fu \u00fcstlendi. Kurtarma \u00e7al\u0131\u015fmalar\u0131 devam ediyor.\" \/>\n<meta name=\"robots\" content=\"index, follow, max-snippet:-1, max-image-preview:large, max-video-preview:-1\" \/>\n<link rel=\"canonical\" href=\"https:\/\/epochtimestr.com\/index.php\/abd-yakit-ikmal-ucagi-bati-irakta-dustu\" \/>\n<meta property=\"og:locale\" content=\"tr_TR\" \/>\n<meta property=\"og:type\" content=\"article\" \/>\n<meta property=\"og:title\" content=\"ABD Yak\u0131t \u0130kmal U\u00e7a\u011f\u0131 Bat\u0131 Irak&#039;ta D\u00fc\u015ft\u00fc - The Epoch Times TR\" \/>\n<meta property=\"og:description\" content=\"ABD&#039;ye ait KC-135 yak\u0131t ikmal u\u00e7a\u011f\u0131, Bat\u0131 Irak&#039;ta d\u00fc\u015ferken, \u0130ran destekli grup sorumlulu\u011fu \u00fcstlendi. Kurtarma \u00e7al\u0131\u015fmalar\u0131 devam ediyor.\" \/>\n<meta property=\"og:url\" content=\"https:\/\/epochtimestr.com\/index.php\/abd-yakit-ikmal-ucagi-bati-irakta-dustu\" \/>\n<meta property=\"og:site_name\" content=\"The Epoch Times TR\" \/>\n<meta property=\"article:publisher\" content=\"https:\/\/www.facebook.com\/theepochtimestr\" \/>\n<meta property=\"article:published_time\" content=\"2026-03-13T13:19:48+00:00\" \/>\n<meta property=\"article:modified_time\" content=\"2026-03-13T13:19:52+00:00\" \/>\n<meta property=\"og:image\" content=\"https:\/\/epochtimestr.com\/wp-content\/uploads\/2011y\/image-350.png\" \/>\n\t<meta property=\"og:image:width\" content=\"960\" \/>\n\t<meta property=\"og:image:height\" content=\"640\" \/>\n\t<meta property=\"og:image:type\" content=\"image\/png\" \/>\n<meta name=\"author\" content=\"Leo Bajelan\" \/>\n<meta name=\"twitter:card\" content=\"summary_large_image\" \/>\n<meta name=\"twitter:creator\" content=\"@TheEpochTimesTR\" \/>\n<meta name=\"twitter:site\" content=\"@TheEpochTimesTR\" \/>\n<meta name=\"twitter:label1\" content=\"Yazan:\" \/>\n\t<meta name=\"twitter:data1\" content=\"Leo Bajelan\" \/>\n\t<meta name=\"twitter:label2\" content=\"Tahmini okuma s\u00fcresi\" \/>\n\t<meta name=\"twitter:data2\" content=\"3 dakika\" \/>\n<script type=\"application\/ld+json\" class=\"yoast-schema-graph\">{\"@context\":\"https:\/\/schema.org\",\"@graph\":[{\"@type\":\"Article\",\"@id\":\"https:\/\/epochtimestr.com\/index.php\/abd-yakit-ikmal-ucagi-bati-irakta-dustu#article\",\"isPartOf\":{\"@id\":\"https:\/\/epochtimestr.com\/index.php\/abd-yakit-ikmal-ucagi-bati-irakta-dustu\"},\"author\":{\"name\":\"Leo Bajelan\",\"@id\":\"https:\/\/epochtimestr.com\/#\/schema\/person\/5fef218711d76d8f232b0e1f1d7e4c0d\"},\"headline\":\"ABD Yak\u0131t \u0130kmal U\u00e7a\u011f\u0131 Bat\u0131 Irak&#8217;ta D\u00fc\u015ft\u00fc\",\"datePublished\":\"2026-03-13T13:19:48+00:00\",\"dateModified\":\"2026-03-13T13:19:52+00:00\",\"mainEntityOfPage\":{\"@id\":\"https:\/\/epochtimestr.com\/index.php\/abd-yakit-ikmal-ucagi-bati-irakta-dustu\"},\"wordCount\":395,\"commentCount\":0,\"publisher\":{\"@id\":\"https:\/\/epochtimestr.com\/#organization\"},\"image\":{\"@id\":\"https:\/\/epochtimestr.com\/index.php\/abd-yakit-ikmal-ucagi-bati-irakta-dustu#primaryimage\"},\"thumbnailUrl\":\"https:\/\/epochtimestr.com\/wp-content\/uploads\/2011y\/image-350.png\",\"keywords\":[\"ABD\",\"ABD \u0130ran sava\u015f\u0131\",\"CENTCOM\",\"Destans\u0131 \u00d6fke Operasyonu\",\"Irak \u0130slam Direni\u015fi\",\"\u0130srail\",\"KC-135\",\"kuveyt\",\"Yak\u0131t \u0130kmal U\u00e7a\u011f\u0131\"],\"articleSection\":[\"D\u00dcNYA\",\"G\u00dcNDEM\",\"MAN\u015eET\"],\"inLanguage\":\"tr\",\"potentialAction\":[{\"@type\":\"CommentAction\",\"name\":\"Comment\",\"target\":[\"https:\/\/epochtimestr.com\/index.php\/abd-yakit-ikmal-ucagi-bati-irakta-dustu#respond\"]}]},{\"@type\":\"WebPage\",\"@id\":\"https:\/\/epochtimestr.com\/index.php\/abd-yakit-ikmal-ucagi-bati-irakta-dustu\",\"url\":\"https:\/\/epochtimestr.com\/index.php\/abd-yakit-ikmal-ucagi-bati-irakta-dustu\",\"name\":\"ABD Yak\u0131t \u0130kmal U\u00e7a\u011f\u0131 Bat\u0131 Irak'ta D\u00fc\u015ft\u00fc - The Epoch Times TR\",\"isPartOf\":{\"@id\":\"https:\/\/epochtimestr.com\/#website\"},\"primaryImageOfPage\":{\"@id\":\"https:\/\/epochtimestr.com\/index.php\/abd-yakit-ikmal-ucagi-bati-irakta-dustu#primaryimage\"},\"image\":{\"@id\":\"https:\/\/epochtimestr.com\/index.php\/abd-yakit-ikmal-ucagi-bati-irakta-dustu#primaryimage\"},\"thumbnailUrl\":\"https:\/\/epochtimestr.com\/wp-content\/uploads\/2011y\/image-350.png\",\"datePublished\":\"2026-03-13T13:19:48+00:00\",\"dateModified\":\"2026-03-13T13:19:52+00:00\",\"description\":\"ABD'ye ait KC-135 yak\u0131t ikmal u\u00e7a\u011f\u0131, Bat\u0131 Irak'ta d\u00fc\u015ferken, \u0130ran destekli grup sorumlulu\u011fu \u00fcstlendi. Kurtarma \u00e7al\u0131\u015fmalar\u0131 devam ediyor.\",\"inLanguage\":\"tr\",\"potentialAction\":[{\"@type\":\"ReadAction\",\"target\":[\"https:\/\/epochtimestr.com\/index.php\/abd-yakit-ikmal-ucagi-bati-irakta-dustu\"]}]},{\"@type\":\"ImageObject\",\"inLanguage\":\"tr\",\"@id\":\"https:\/\/epochtimestr.com\/index.php\/abd-yakit-ikmal-ucagi-bati-irakta-dustu#primaryimage\",\"url\":\"https:\/\/epochtimestr.com\/wp-content\/uploads\/2011y\/image-350.png\",\"contentUrl\":\"https:\/\/epochtimestr.com\/wp-content\/uploads\/2011y\/image-350.png\",\"width\":960,\"height\":640},{\"@type\":\"WebSite\",\"@id\":\"https:\/\/epochtimestr.com\/#website\",\"url\":\"https:\/\/epochtimestr.com\/\",\"name\":\"The Epoch Times TR\",\"description\":\"De\u011fi\u015fen D\u00fcnyam\u0131za Taze Bir Bak\u0131\u015f\",\"publisher\":{\"@id\":\"https:\/\/epochtimestr.com\/#organization\"},\"potentialAction\":[{\"@type\":\"SearchAction\",\"target\":{\"@type\":\"EntryPoint\",\"urlTemplate\":\"https:\/\/epochtimestr.com\/?s={search_term_string}\"},\"query-input\":\"required name=search_term_string\"}],\"inLanguage\":\"tr\"},{\"@type\":\"Organization\",\"@id\":\"https:\/\/epochtimestr.com\/#organization\",\"name\":\"The EpochTimes T\u00fcrkiye\",\"url\":\"https:\/\/epochtimestr.com\/\",\"logo\":{\"@type\":\"ImageObject\",\"inLanguage\":\"tr\",\"@id\":\"https:\/\/epochtimestr.com\/#\/schema\/logo\/image\/\",\"url\":\"https:\/\/epochtimestr.com\/wp-content\/uploads\/2011y\/ET-Logo-YG.jpg\",\"contentUrl\":\"https:\/\/epochtimestr.com\/wp-content\/uploads\/2011y\/ET-Logo-YG.jpg\",\"width\":346,\"height\":29,\"caption\":\"The EpochTimes T\u00fcrkiye\"},\"image\":{\"@id\":\"https:\/\/epochtimestr.com\/#\/schema\/logo\/image\/\"},\"sameAs\":[\"https:\/\/www.facebook.com\/theepochtimestr\",\"https:\/\/x.com\/TheEpochTimesTR\",\"https:\/\/www.instagram.com\/epochtimestr\"]},{\"@type\":\"Person\",\"@id\":\"https:\/\/epochtimestr.com\/#\/schema\/person\/5fef218711d76d8f232b0e1f1d7e4c0d\",\"name\":\"Leo Bajelan\",\"image\":{\"@type\":\"ImageObject\",\"inLanguage\":\"tr\",\"@id\":\"https:\/\/epochtimestr.com\/#\/schema\/person\/image\/\",\"url\":\"https:\/\/secure.gravatar.com\/avatar\/917669146f489549e548a2e9af272df5?s=96&d=mm&r=g\",\"contentUrl\":\"https:\/\/secure.gravatar.com\/avatar\/917669146f489549e548a2e9af272df5?s=96&d=mm&r=g\",\"caption\":\"Leo Bajelan\"},\"url\":\"https:\/\/epochtimestr.com\/index.php\/author\/leo\"}]}<\/script>\n<!-- \/ Yoast SEO plugin. -->","yoast_head_json":{"title":"ABD Yak\u0131t \u0130kmal U\u00e7a\u011f\u0131 Bat\u0131 Irak'ta D\u00fc\u015ft\u00fc - The Epoch Times TR","description":"ABD'ye ait KC-135 yak\u0131t ikmal u\u00e7a\u011f\u0131, Bat\u0131 Irak'ta d\u00fc\u015ferken, \u0130ran destekli grup sorumlulu\u011fu \u00fcstlendi. Kurtarma \u00e7al\u0131\u015fmalar\u0131 devam ediyor.","robots":{"index":"index","follow":"follow","max-snippet":"max-snippet:-1","max-image-preview":"max-image-preview:large","max-video-preview":"max-video-preview:-1"},"canonical":"https:\/\/epochtimestr.com\/index.php\/abd-yakit-ikmal-ucagi-bati-irakta-dustu","og_locale":"tr_TR","og_type":"article","og_title":"ABD Yak\u0131t \u0130kmal U\u00e7a\u011f\u0131 Bat\u0131 Irak'ta D\u00fc\u015ft\u00fc - The Epoch Times TR","og_description":"ABD'ye ait KC-135 yak\u0131t ikmal u\u00e7a\u011f\u0131, Bat\u0131 Irak'ta d\u00fc\u015ferken, \u0130ran destekli grup sorumlulu\u011fu \u00fcstlendi. Kurtarma \u00e7al\u0131\u015fmalar\u0131 devam ediyor.","og_url":"https:\/\/epochtimestr.com\/index.php\/abd-yakit-ikmal-ucagi-bati-irakta-dustu","og_site_name":"The Epoch Times TR","article_publisher":"https:\/\/www.facebook.com\/theepochtimestr","article_published_time":"2026-03-13T13:19:48+00:00","article_modified_time":"2026-03-13T13:19:52+00:00","og_image":[{"width":960,"height":640,"url":"https:\/\/epochtimestr.com\/wp-content\/uploads\/2011y\/image-350.png","type":"image\/png"}],"author":"Leo Bajelan","twitter_card":"summary_large_image","twitter_creator":"@TheEpochTimesTR","twitter_site":"@TheEpochTimesTR","twitter_misc":{"Yazan:":"Leo Bajelan","Tahmini okuma s\u00fcresi":"3 dakika"},"schema":{"@context":"https:\/\/schema.org","@graph":[{"@type":"Article","@id":"https:\/\/epochtimestr.com\/index.php\/abd-yakit-ikmal-ucagi-bati-irakta-dustu#article","isPartOf":{"@id":"https:\/\/epochtimestr.com\/index.php\/abd-yakit-ikmal-ucagi-bati-irakta-dustu"},"author":{"name":"Leo Bajelan","@id":"https:\/\/epochtimestr.com\/#\/schema\/person\/5fef218711d76d8f232b0e1f1d7e4c0d"},"headline":"ABD Yak\u0131t \u0130kmal U\u00e7a\u011f\u0131 Bat\u0131 Irak&#8217;ta D\u00fc\u015ft\u00fc","datePublished":"2026-03-13T13:19:48+00:00","dateModified":"2026-03-13T13:19:52+00:00","mainEntityOfPage":{"@id":"https:\/\/epochtimestr.com\/index.php\/abd-yakit-ikmal-ucagi-bati-irakta-dustu"},"wordCount":395,"commentCount":0,"publisher":{"@id":"https:\/\/epochtimestr.com\/#organization"},"image":{"@id":"https:\/\/epochtimestr.com\/index.php\/abd-yakit-ikmal-ucagi-bati-irakta-dustu#primaryimage"},"thumbnailUrl":"https:\/\/epochtimestr.com\/wp-content\/uploads\/2011y\/image-350.png","keywords":["ABD","ABD \u0130ran sava\u015f\u0131","CENTCOM","Destans\u0131 \u00d6fke Operasyonu","Irak \u0130slam Direni\u015fi","\u0130srail","KC-135","kuveyt","Yak\u0131t \u0130kmal U\u00e7a\u011f\u0131"],"articleSection":["D\u00dcNYA","G\u00dcNDEM","MAN\u015eET"],"inLanguage":"tr","potentialAction":[{"@type":"CommentAction","name":"Comment","target":["https:\/\/epochtimestr.com\/index.php\/abd-yakit-ikmal-ucagi-bati-irakta-dustu#respond"]}]},{"@type":"WebPage","@id":"https:\/\/epochtimestr.com\/index.php\/abd-yakit-ikmal-ucagi-bati-irakta-dustu","url":"https:\/\/epochtimestr.com\/index.php\/abd-yakit-ikmal-ucagi-bati-irakta-dustu","name":"ABD Yak\u0131t \u0130kmal U\u00e7a\u011f\u0131 Bat\u0131 Irak'ta D\u00fc\u015ft\u00fc - The Epoch Times TR","isPartOf":{"@id":"https:\/\/epochtimestr.com\/#website"},"primaryImageOfPage":{"@id":"https:\/\/epochtimestr.com\/index.php\/abd-yakit-ikmal-ucagi-bati-irakta-dustu#primaryimage"},"image":{"@id":"https:\/\/epochtimestr.com\/index.php\/abd-yakit-ikmal-ucagi-bati-irakta-dustu#primaryimage"},"thumbnailUrl":"https:\/\/epochtimestr.com\/wp-content\/uploads\/2011y\/image-350.png","datePublished":"2026-03-13T13:19:48+00:00","dateModified":"2026-03-13T13:19:52+00:00","description":"ABD'ye ait KC-135 yak\u0131t ikmal u\u00e7a\u011f\u0131, Bat\u0131 Irak'ta d\u00fc\u015ferken, \u0130ran destekli grup sorumlulu\u011fu \u00fcstlendi. Kurtarma \u00e7al\u0131\u015fmalar\u0131 devam ediyor.","inLanguage":"tr","potentialAction":[{"@type":"ReadAction","target":["https:\/\/epochtimestr.com\/index.php\/abd-yakit-ikmal-ucagi-bati-irakta-dustu"]}]},{"@type":"ImageObject","inLanguage":"tr","@id":"https:\/\/epochtimestr.com\/index.php\/abd-yakit-ikmal-ucagi-bati-irakta-dustu#primaryimage","url":"https:\/\/epochtimestr.com\/wp-content\/uploads\/2011y\/image-350.png","contentUrl":"https:\/\/epochtimestr.com\/wp-content\/uploads\/2011y\/image-350.png","width":960,"height":640},{"@type":"WebSite","@id":"https:\/\/epochtimestr.com\/#website","url":"https:\/\/epochtimestr.com\/","name":"The Epoch Times TR","description":"De\u011fi\u015fen D\u00fcnyam\u0131za Taze Bir Bak\u0131\u015f","publisher":{"@id":"https:\/\/epochtimestr.com\/#organization"},"potentialAction":[{"@type":"SearchAction","target":{"@type":"EntryPoint","urlTemplate":"https:\/\/epochtimestr.com\/?s={search_term_string}"},"query-input":"required name=search_term_string"}],"inLanguage":"tr"},{"@type":"Organization","@id":"https:\/\/epochtimestr.com\/#organization","name":"The EpochTimes T\u00fcrkiye","url":"https:\/\/epochtimestr.com\/","logo":{"@type":"ImageObject","inLanguage":"tr","@id":"https:\/\/epochtimestr.com\/#\/schema\/logo\/image\/","url":"https:\/\/epochtimestr.com\/wp-content\/uploads\/2011y\/ET-Logo-YG.jpg","contentUrl":"https:\/\/epochtimestr.com\/wp-content\/uploads\/2011y\/ET-Logo-YG.jpg","width":346,"height":29,"caption":"The EpochTimes T\u00fcrkiye"},"image":{"@id":"https:\/\/epochtimestr.com\/#\/schema\/logo\/image\/"},"sameAs":["https:\/\/www.facebook.com\/theepochtimestr","https:\/\/x.com\/TheEpochTimesTR","https:\/\/www.instagram.com\/epochtimestr"]},{"@type":"Person","@id":"https:\/\/epochtimestr.com\/#\/schema\/person\/5fef218711d76d8f232b0e1f1d7e4c0d","name":"Leo Bajelan","image":{"@type":"ImageObject","inLanguage":"tr","@id":"https:\/\/epochtimestr.com\/#\/schema\/person\/image\/","url":"https:\/\/secure.gravatar.com\/avatar\/917669146f489549e548a2e9af272df5?s=96&d=mm&r=g","contentUrl":"https:\/\/secure.gravatar.com\/avatar\/917669146f489549e548a2e9af272df5?s=96&d=mm&r=g","caption":"Leo Bajelan"},"url":"https:\/\/epochtimestr.com\/index.php\/author\/leo"}]}},"_links":{"self":[{"href":"https:\/\/epochtimestr.com\/index.php\/wp-json\/wp\/v2\/posts\/166253"}],"collection":[{"href":"https:\/\/epochtimestr.com\/index.php\/wp-json\/wp\/v2\/posts"}],"about":[{"href":"https:\/\/epochtimestr.com\/index.php\/wp-json\/wp\/v2\/types\/post"}],"author":[{"embeddable":true,"href":"https:\/\/epochtimestr.com\/index.php\/wp-json\/wp\/v2\/users\/13996"}],"replies":[{"embeddable":true,"href":"https:\/\/epochtimestr.com\/index.php\/wp-json\/wp\/v2\/comments?post=166253"}],"version-history":[{"count":2,"href":"https:\/\/epochtimestr.com\/index.php\/wp-json\/wp\/v2\/posts\/166253\/revisions"}],"predecessor-version":[{"id":166268,"href":"https:\/\/epochtimestr.com\/index.php\/wp-json\/wp\/v2\/posts\/166253\/revisions\/166268"}],"wp:featuredmedia":[{"embeddable":true,"href":"https:\/\/epochtimestr.com\/index.php\/wp-json\/wp\/v2\/media\/166267"}],"wp:attachment":[{"href":"https:\/\/epochtimestr.com\/index.php\/wp-json\/wp\/v2\/media?parent=166253"}],"wp:term":[{"taxonomy":"category","embeddable":true,"href":"https:\/\/epochtimestr.com\/index.php\/wp-json\/wp\/v2\/categories?post=166253"},{"taxonomy":"post_tag","embeddable":true,"href":"https:\/\/epochtimestr.com\/index.php\/wp-json\/wp\/v2\/tags?post=166253"}],"curies":[{"name":"wp","href":"https:\/\/api.w.org\/{rel}","templated":true}]}}