{"id":166279,"date":"2026-03-14T09:34:23","date_gmt":"2026-03-14T06:34:23","guid":{"rendered":"https:\/\/epochtimestr.com\/?p=166279"},"modified":"2026-03-14T09:34:24","modified_gmt":"2026-03-14T06:34:24","slug":"merkezdeki-adam","status":"publish","type":"post","link":"https:\/\/epochtimestr.com\/index.php\/merkezdeki-adam","title":{"rendered":"Merkezdeki Adam"},"content":{"rendered":"\n<p><em>Bu yaz\u0131 ilk olarak 8 Mart 2017 tarihinde inovatifhaber.com\u2019da yay\u0131nlanm\u0131\u015ft\u0131r.<\/em><\/p>\n\n\n\n<p class=\"has-text-align-right\">\u201cY\u0131lmak yok, y\u0131k\u0131lmak yok, m\u00fccadeleye devam!\u201d O. Pad\u0131r<\/p>\n\n\n\n<p>Bir i\u015fyeri d\u00fc\u015f\u00fcn\u00fcn! \u00c7ar\u015f\u0131n\u0131n g\u00f6be\u011finde iki ana caddeyi birbirine ba\u011flayan, sa\u011fl\u0131- sollu d\u00fckk\u00e2nlarla \u00e7evrili bir sokak \u00fczerinde, tam k\u00f6\u015fe ba\u015f\u0131nda. Her g\u00fcn binlerce insan\u0131n \u0130stiklal Caddesinden, Silifke Caddesine ve tersi istikamette ge\u00e7i\u015f yapt\u0131klar\u0131, Bit Pazar\u0131 ve G\u00f6k\u00e7ay \u0130\u015f Merkezi aras\u0131nda kalan k\u00fc\u00e7\u00fck sokak. Giyim e\u015fyac\u0131lar\u0131n\u0131n, elektronik\u00e7ilerin, t\u00fct\u00fcn sat\u0131c\u0131lar\u0131n\u0131n ve bir kapal\u0131 otopark\u0131n bulundu\u011fu 4706 ya da di\u011fer ad\u0131yla Henri Hattat sokak.<\/p>\n\n\n\n<p>\u0130\u015fte buras\u0131 Mersinlilerin yak\u0131ndan tan\u0131d\u0131\u011f\u0131, Orhan Pad\u0131r ve a\u011fabeyi Yusuf Pad\u0131r\u2019\u0131n otuz \u00fc\u00e7 y\u0131ld\u0131r i\u015flettikleri k\u00f6\u015fe ba\u015f\u0131ndaki Kul B\u00fcfe\u2019dir. Dile kolay, haftan\u0131n yedi g\u00fcn\u00fc sabah alt\u0131dan ak\u015fam on-on birlere kadar uzanan yo\u011fun \u00e7al\u0131\u015fma trafi\u011fi ve b\u00fcfenin \u00f6n\u00fcnden akan y\u00fczlerce, binlerce insan. Her gelip ge\u00e7en m\u00fc\u015fteri say\u0131lmasa da zamanla bir g\u00f6z a\u015final\u0131\u011f\u0131 mutlaka olu\u015fur. K\u00f6\u015fe ba\u015f\u0131ndaki b\u00fcfeci tan\u0131d\u0131k bir simaya d\u00f6n\u00fc\u015f\u00fcr. Y\u0131lba\u015flar\u0131nda k\u0131sa s\u00fcreli\u011fine de olsa \u015fans da\u011f\u0131tan mili piyango sat\u0131c\u0131s\u0131d\u0131r o. Adres soranlardan tutun da yolunu kaybedenlere, \u015fehir ke\u015ffine \u00e7\u0131kan turistinden, avare gezginine kadar, mesai dolduran\u0131ndan, i\u015f\u00e7isine, \u00f6\u011frencisine, memuruna, ak\u015famc\u0131s\u0131ndan, yol yorgununa, onca insan, dost, arkada\u015f, m\u00fc\u015fteri.<\/p>\n\n\n\n<p>Orhan abinin ba\u015f\u0131 hep kalabal\u0131k. M\u00fc\u015fteri memnuniyeti, g\u00fczel dostluklar kurmak, iyi hizmet vermektir onun derdi. Hem sosyal medyadaki isabetli payla\u015f\u0131mlar\u0131yla, hem de i\u015fyerinin \u015fehrin g\u00f6be\u011finde bulunmas\u0131 nedeniyle, merkezdeki adam tan\u0131mlamas\u0131na lay\u0131k\u0131yla uyuyor. \u00c7evresinde say\u0131lan, sevilen, dan\u0131\u015f\u0131lan biri o. Olaylar\u0131n ve insanlar\u0131n merkezinde bulunmak, s\u00fcre\u00e7 i\u00e7erisinde esnafl\u0131\u011f\u0131n da kazand\u0131rd\u0131\u011f\u0131 tecr\u00fcbeyle, ki\u015fiyi yo\u011frulmu\u015f, deneyimli bir insana d\u00f6n\u00fc\u015ft\u00fcr\u00fcr. Orhan Pad\u0131r\u2019\u0131n face\u2019deki payla\u015f\u0131mlar\u0131ndan ve insanlarla olan ili\u015fkisinden bu a\u00e7\u0131k\u00e7a bellidir. \u201cGe\u00e7im zor, ayakta durmak zor, \u00e7ocuklar\u0131 hayata haz\u0131rlamak zor, kuyru\u011fu dik tutmak zor, dosta d\u00fc\u015fmana kar\u015f\u0131 kuyru\u011fu dik tutmak gerekiyor\u201d diyor esprili bir dille.<\/p>\n\n\n\n<p>Yenimahalleli aileden gelme tam bir Mersin sevdal\u0131s\u0131, M\u0130Y a\u015f\u0131\u011f\u0131 Orhan abi. Mahalle k\u00fclt\u00fcr\u00fc alm\u0131\u015f. Kom\u015fulu\u011fun, yard\u0131mla\u015fman\u0131n, iyilikseverli\u011fin ya\u015fand\u0131\u011f\u0131 eski d\u00f6nemleri \u00f6zlemle an\u0131yor. Yo\u011fun g\u00f6\u00e7lerin, yeni insan sellerinin mahalle k\u00fclt\u00fcr\u00fcn\u00fc bitirdi\u011fini iddia ediyor \u0131srarla. Duyarl\u0131 ba\u015fka Mersinliler gibi kentin ve M\u0130Y\u2019in bulundu\u011fu yerden hi\u00e7 ho\u015fnut de\u011fil. Bu \u015fehrin daha fazlas\u0131n\u0131 hak etti\u011fini d\u00fc\u015f\u00fcn\u00fcyor. \u00c7ar\u015f\u0131 merkezinin eskiye oranla bo\u015fald\u0131\u011f\u0131n\u0131, paral\u0131, e\u011fitimli insanlar\u0131n Pozcu- Mezitli b\u00f6lgelerine ta\u015f\u0131nd\u0131klar\u0131n\u0131 s\u00f6yl\u00fcyor.<\/p>\n\n\n\n<p>Siyasi g\u00f6r\u00fc\u015f\u00fcn\u00fc sordu\u011fumda, elini sol g\u00f6\u011fs\u00fcn\u00fcn \u00fczerine g\u00f6t\u00fcr\u00fcyor. Halk\u00e7\u0131, sosyal demokrat bir \u00e7izgide, memleket meselelerine epey yak\u0131n duruyor, g\u00fcndemi iyi takip ediyor. Zaten bir esnaf olarak buna birazc\u0131k da \u201celi mahk\u00fbm\u201d. \u00c7\u00fcnk\u00fc iki ailenin ge\u00e7imi s\u00f6z konusu bu k\u00fc\u00e7\u00fck ekmek teknesinden. Y\u00fcksek vergilerin, vergi adaletsizli\u011finin kay\u0131tl\u0131 esnaf\u0131n i\u015fini d\u00fc\u015f\u00fcrd\u00fc\u011f\u00fcn\u00fc, ka\u00e7ak\u00e7\u0131l\u0131\u011f\u0131, merdiven alt\u0131n\u0131 te\u015fvik etti\u011fini biliyor.<\/p>\n\n\n\n<p>Vatan\u0131n\u0131, milletini seven her kesimden insan\u0131n bulu\u015ftuklar\u0131 yerdir onun b\u00fcfesi. Profes\u00f6r\u00fcnden- dilencisine, bakan\u0131ndan-muhtar\u0131na herkesin yolu mutlaka d\u00fc\u015fer oraya. Fakat odunun e\u011frisi bile giremez mek\u00e2na, sadece g\u00fczel insanlara a\u00e7\u0131kt\u0131r kap\u0131.<\/p>\n\n\n\n<p>Bir Mersin, Mersinli yaz\u0131s\u0131 yazd\u0131\u011f\u0131n\u0131zda g\u00f6\u00e7e, Suriyelilere de\u011finmeden bitirmek olmaz. Orhan abi: \u201c400-500 bin Suriyeli, tek kur\u015fun atmadan Mersin\u2019i i\u015fgal etti\u201d diyor ve buna ge\u00e7it verenleri \u015fiddetle k\u0131n\u0131yor. Y\u00f6neticilerin bu cennet k\u00f6\u015fesi \u015fehre, yeterince ilgi g\u00f6stermediklerini s\u00f6yl\u00fcyor. Ayn\u0131 zamanda emekli olan Orhan Pad\u0131r, daha g\u00fczel, daha ya\u015fan\u0131r bir Mersin hasreti \u00e7ekiyor.<\/p>\n\n\n\n<p>\u0130\u00e7eceklerimiz tazeleniyor, konu konuyu a\u00e7\u0131yor, m\u00fc\u015fteri gelip gittik\u00e7e istemeden ara veriyoruz, zaman\u0131m\u0131z daral\u0131yor. En k\u0131sa s\u00fcrede yeniden bulu\u015fmak \u00fczere sar\u0131l\u0131p, vedala\u015f\u0131yoruz. \u00c7\u0131karken arkamdan \u015fu s\u00f6zleri duyuyorum: \u201cG\u00fczel g\u00fcnler g\u00f6rmek umuduyla, yar\u0131n\u0131 beklemekten ba\u015fka \u00e7are yok!\u201d<\/p>\n","protected":false},"excerpt":{"rendered":"<p>Bu yaz\u0131 ilk olarak 8 Mart 2017 tarihinde inovatifhaber.com\u2019da yay\u0131nlanm\u0131\u015ft\u0131r. \u201cY\u0131lmak yok, y\u0131k\u0131lmak yok, m\u00fccadeleye devam!\u201d O. Pad\u0131r Bir i\u015fyeri d\u00fc\u015f\u00fcn\u00fcn! \u00c7ar\u015f\u0131n\u0131n g\u00f6be\u011finde iki ana caddeyi birbirine ba\u011flayan, sa\u011fl\u0131- sollu d\u00fckk\u00e2nlarla \u00e7evrili bir sokak \u00fczerinde, tam k\u00f6\u015fe ba\u015f\u0131nda. Her g\u00fcn binlerce insan\u0131n \u0130stiklal Caddesinden, Silifke Caddesine ve tersi istikamette ge\u00e7i\u015f yapt\u0131klar\u0131, Bit Pazar\u0131 ve G\u00f6k\u00e7ay [&hellip;]<\/p>\n","protected":false},"author":14001,"featured_media":161038,"comment_status":"open","ping_status":"open","sticky":false,"template":"","format":"standard","meta":{"_yoast_wpseo_focuskw":"Orhan Pad\u0131r","_yoast_wpseo_title":"","_yoast_wpseo_metadesc":"\u0130\u015fte buras\u0131 Mersinlilerin yak\u0131ndan tan\u0131d\u0131\u011f\u0131, Orhan Pad\u0131r ve a\u011fabeyi Yusuf Pad\u0131r\u2019\u0131n otuz \u00fc\u00e7 y\u0131ld\u0131r i\u015flettikleri k\u00f6\u015fe ba\u015f\u0131ndaki Kul B\u00fcfe\u2019dir.","_bbp_topic_count":0,"_bbp_reply_count":0,"_bbp_total_topic_count":0,"_bbp_total_reply_count":0,"_bbp_voice_count":0,"_bbp_anonymous_reply_count":0,"_bbp_topic_count_hidden":0,"_bbp_reply_count_hidden":0,"_bbp_forum_subforum_count":0,"footnotes":"","_yoast_wpseo_focuskw_text_input":""},"categories":[9170],"tags":[],"yoast_head":"<!-- This site is optimized with the Yoast SEO plugin v23.0 - https:\/\/yoast.com\/wordpress\/plugins\/seo\/ -->\n<title>Merkezdeki Adam - The Epoch Times TR<\/title>\n<meta name=\"description\" content=\"\u0130\u015fte buras\u0131 Mersinlilerin yak\u0131ndan tan\u0131d\u0131\u011f\u0131, Orhan Pad\u0131r ve a\u011fabeyi Yusuf Pad\u0131r\u2019\u0131n otuz \u00fc\u00e7 y\u0131ld\u0131r i\u015flettikleri k\u00f6\u015fe ba\u015f\u0131ndaki Kul B\u00fcfe\u2019dir.\" \/>\n<meta name=\"robots\" content=\"index, follow, max-snippet:-1, max-image-preview:large, max-video-preview:-1\" \/>\n<link rel=\"canonical\" href=\"https:\/\/epochtimestr.com\/index.php\/merkezdeki-adam\" \/>\n<meta property=\"og:locale\" content=\"tr_TR\" \/>\n<meta property=\"og:type\" content=\"article\" \/>\n<meta property=\"og:title\" content=\"Merkezdeki Adam - The Epoch Times TR\" \/>\n<meta property=\"og:description\" content=\"\u0130\u015fte buras\u0131 Mersinlilerin yak\u0131ndan tan\u0131d\u0131\u011f\u0131, Orhan Pad\u0131r ve a\u011fabeyi Yusuf Pad\u0131r\u2019\u0131n otuz \u00fc\u00e7 y\u0131ld\u0131r i\u015flettikleri k\u00f6\u015fe ba\u015f\u0131ndaki Kul B\u00fcfe\u2019dir.\" \/>\n<meta property=\"og:url\" content=\"https:\/\/epochtimestr.com\/index.php\/merkezdeki-adam\" \/>\n<meta property=\"og:site_name\" content=\"The Epoch Times TR\" \/>\n<meta property=\"article:publisher\" content=\"https:\/\/www.facebook.com\/theepochtimestr\" \/>\n<meta property=\"article:published_time\" content=\"2026-03-14T06:34:23+00:00\" \/>\n<meta property=\"article:modified_time\" content=\"2026-03-14T06:34:24+00:00\" \/>\n<meta property=\"og:image\" content=\"https:\/\/epochtimestr.com\/wp-content\/uploads\/2011y\/signal-2026-03-14-091141-1.jpeg\" \/>\n\t<meta property=\"og:image:width\" content=\"1200\" \/>\n\t<meta property=\"og:image:height\" content=\"630\" \/>\n\t<meta property=\"og:image:type\" content=\"image\/jpeg\" \/>\n<meta name=\"author\" content=\"Bekir Zorba\" \/>\n<meta name=\"twitter:card\" content=\"summary_large_image\" \/>\n<meta name=\"twitter:creator\" content=\"@TheEpochTimesTR\" \/>\n<meta name=\"twitter:site\" content=\"@TheEpochTimesTR\" \/>\n<meta name=\"twitter:label1\" content=\"Yazan:\" \/>\n\t<meta name=\"twitter:data1\" content=\"Bekir Zorba\" \/>\n\t<meta name=\"twitter:label2\" content=\"Tahmini okuma s\u00fcresi\" \/>\n\t<meta name=\"twitter:data2\" content=\"4 dakika\" \/>\n<script type=\"application\/ld+json\" class=\"yoast-schema-graph\">{\"@context\":\"https:\/\/schema.org\",\"@graph\":[{\"@type\":\"Article\",\"@id\":\"https:\/\/epochtimestr.com\/index.php\/merkezdeki-adam#article\",\"isPartOf\":{\"@id\":\"https:\/\/epochtimestr.com\/index.php\/merkezdeki-adam\"},\"author\":{\"name\":\"Bekir Zorba\",\"@id\":\"https:\/\/epochtimestr.com\/#\/schema\/person\/da1ad104599611965442ed3e7e9acb2b\"},\"headline\":\"Merkezdeki Adam\",\"datePublished\":\"2026-03-14T06:34:23+00:00\",\"dateModified\":\"2026-03-14T06:34:24+00:00\",\"mainEntityOfPage\":{\"@id\":\"https:\/\/epochtimestr.com\/index.php\/merkezdeki-adam\"},\"wordCount\":758,\"commentCount\":0,\"publisher\":{\"@id\":\"https:\/\/epochtimestr.com\/#organization\"},\"image\":{\"@id\":\"https:\/\/epochtimestr.com\/index.php\/merkezdeki-adam#primaryimage\"},\"thumbnailUrl\":\"https:\/\/epochtimestr.com\/wp-content\/uploads\/2011y\/Bekir-Zorba.png\",\"articleSection\":[\"K\u00f6\u015fe Yaz\u0131lar\u0131 Bekir Zorba\"],\"inLanguage\":\"tr\",\"potentialAction\":[{\"@type\":\"CommentAction\",\"name\":\"Comment\",\"target\":[\"https:\/\/epochtimestr.com\/index.php\/merkezdeki-adam#respond\"]}]},{\"@type\":\"WebPage\",\"@id\":\"https:\/\/epochtimestr.com\/index.php\/merkezdeki-adam\",\"url\":\"https:\/\/epochtimestr.com\/index.php\/merkezdeki-adam\",\"name\":\"Merkezdeki Adam - The Epoch Times TR\",\"isPartOf\":{\"@id\":\"https:\/\/epochtimestr.com\/#website\"},\"primaryImageOfPage\":{\"@id\":\"https:\/\/epochtimestr.com\/index.php\/merkezdeki-adam#primaryimage\"},\"image\":{\"@id\":\"https:\/\/epochtimestr.com\/index.php\/merkezdeki-adam#primaryimage\"},\"thumbnailUrl\":\"https:\/\/epochtimestr.com\/wp-content\/uploads\/2011y\/Bekir-Zorba.png\",\"datePublished\":\"2026-03-14T06:34:23+00:00\",\"dateModified\":\"2026-03-14T06:34:24+00:00\",\"description\":\"\u0130\u015fte buras\u0131 Mersinlilerin yak\u0131ndan tan\u0131d\u0131\u011f\u0131, Orhan Pad\u0131r ve a\u011fabeyi Yusuf Pad\u0131r\u2019\u0131n otuz \u00fc\u00e7 y\u0131ld\u0131r i\u015flettikleri k\u00f6\u015fe ba\u015f\u0131ndaki Kul B\u00fcfe\u2019dir.\",\"inLanguage\":\"tr\",\"potentialAction\":[{\"@type\":\"ReadAction\",\"target\":[\"https:\/\/epochtimestr.com\/index.php\/merkezdeki-adam\"]}]},{\"@type\":\"ImageObject\",\"inLanguage\":\"tr\",\"@id\":\"https:\/\/epochtimestr.com\/index.php\/merkezdeki-adam#primaryimage\",\"url\":\"https:\/\/epochtimestr.com\/wp-content\/uploads\/2011y\/Bekir-Zorba.png\",\"contentUrl\":\"https:\/\/epochtimestr.com\/wp-content\/uploads\/2011y\/Bekir-Zorba.png\",\"width\":600,\"height\":600},{\"@type\":\"WebSite\",\"@id\":\"https:\/\/epochtimestr.com\/#website\",\"url\":\"https:\/\/epochtimestr.com\/\",\"name\":\"The Epoch Times TR\",\"description\":\"De\u011fi\u015fen D\u00fcnyam\u0131za Taze Bir Bak\u0131\u015f\",\"publisher\":{\"@id\":\"https:\/\/epochtimestr.com\/#organization\"},\"potentialAction\":[{\"@type\":\"SearchAction\",\"target\":{\"@type\":\"EntryPoint\",\"urlTemplate\":\"https:\/\/epochtimestr.com\/?s={search_term_string}\"},\"query-input\":\"required name=search_term_string\"}],\"inLanguage\":\"tr\"},{\"@type\":\"Organization\",\"@id\":\"https:\/\/epochtimestr.com\/#organization\",\"name\":\"The EpochTimes T\u00fcrkiye\",\"url\":\"https:\/\/epochtimestr.com\/\",\"logo\":{\"@type\":\"ImageObject\",\"inLanguage\":\"tr\",\"@id\":\"https:\/\/epochtimestr.com\/#\/schema\/logo\/image\/\",\"url\":\"https:\/\/epochtimestr.com\/wp-content\/uploads\/2011y\/ET-Logo-YG.jpg\",\"contentUrl\":\"https:\/\/epochtimestr.com\/wp-content\/uploads\/2011y\/ET-Logo-YG.jpg\",\"width\":346,\"height\":29,\"caption\":\"The EpochTimes T\u00fcrkiye\"},\"image\":{\"@id\":\"https:\/\/epochtimestr.com\/#\/schema\/logo\/image\/\"},\"sameAs\":[\"https:\/\/www.facebook.com\/theepochtimestr\",\"https:\/\/x.com\/TheEpochTimesTR\",\"https:\/\/www.instagram.com\/epochtimestr\"]},{\"@type\":\"Person\",\"@id\":\"https:\/\/epochtimestr.com\/#\/schema\/person\/da1ad104599611965442ed3e7e9acb2b\",\"name\":\"Bekir Zorba\",\"image\":{\"@type\":\"ImageObject\",\"inLanguage\":\"tr\",\"@id\":\"https:\/\/epochtimestr.com\/#\/schema\/person\/image\/\",\"url\":\"https:\/\/secure.gravatar.com\/avatar\/eafd40d9b77b1fbf7c565a3d4916b79c?s=96&d=mm&r=g\",\"contentUrl\":\"https:\/\/secure.gravatar.com\/avatar\/eafd40d9b77b1fbf7c565a3d4916b79c?s=96&d=mm&r=g\",\"caption\":\"Bekir Zorba\"},\"url\":\"https:\/\/epochtimestr.com\/index.php\/author\/bekir\"}]}<\/script>\n<!-- \/ Yoast SEO plugin. -->","yoast_head_json":{"title":"Merkezdeki Adam - The Epoch Times TR","description":"\u0130\u015fte buras\u0131 Mersinlilerin yak\u0131ndan tan\u0131d\u0131\u011f\u0131, Orhan Pad\u0131r ve a\u011fabeyi Yusuf Pad\u0131r\u2019\u0131n otuz \u00fc\u00e7 y\u0131ld\u0131r i\u015flettikleri k\u00f6\u015fe ba\u015f\u0131ndaki Kul B\u00fcfe\u2019dir.","robots":{"index":"index","follow":"follow","max-snippet":"max-snippet:-1","max-image-preview":"max-image-preview:large","max-video-preview":"max-video-preview:-1"},"canonical":"https:\/\/epochtimestr.com\/index.php\/merkezdeki-adam","og_locale":"tr_TR","og_type":"article","og_title":"Merkezdeki Adam - The Epoch Times TR","og_description":"\u0130\u015fte buras\u0131 Mersinlilerin yak\u0131ndan tan\u0131d\u0131\u011f\u0131, Orhan Pad\u0131r ve a\u011fabeyi Yusuf Pad\u0131r\u2019\u0131n otuz \u00fc\u00e7 y\u0131ld\u0131r i\u015flettikleri k\u00f6\u015fe ba\u015f\u0131ndaki Kul B\u00fcfe\u2019dir.","og_url":"https:\/\/epochtimestr.com\/index.php\/merkezdeki-adam","og_site_name":"The Epoch Times TR","article_publisher":"https:\/\/www.facebook.com\/theepochtimestr","article_published_time":"2026-03-14T06:34:23+00:00","article_modified_time":"2026-03-14T06:34:24+00:00","og_image":[{"width":1200,"height":630,"url":"https:\/\/epochtimestr.com\/wp-content\/uploads\/2011y\/signal-2026-03-14-091141-1.jpeg","type":"image\/jpeg"}],"author":"Bekir Zorba","twitter_card":"summary_large_image","twitter_creator":"@TheEpochTimesTR","twitter_site":"@TheEpochTimesTR","twitter_misc":{"Yazan:":"Bekir Zorba","Tahmini okuma s\u00fcresi":"4 dakika"},"schema":{"@context":"https:\/\/schema.org","@graph":[{"@type":"Article","@id":"https:\/\/epochtimestr.com\/index.php\/merkezdeki-adam#article","isPartOf":{"@id":"https:\/\/epochtimestr.com\/index.php\/merkezdeki-adam"},"author":{"name":"Bekir Zorba","@id":"https:\/\/epochtimestr.com\/#\/schema\/person\/da1ad104599611965442ed3e7e9acb2b"},"headline":"Merkezdeki Adam","datePublished":"2026-03-14T06:34:23+00:00","dateModified":"2026-03-14T06:34:24+00:00","mainEntityOfPage":{"@id":"https:\/\/epochtimestr.com\/index.php\/merkezdeki-adam"},"wordCount":758,"commentCount":0,"publisher":{"@id":"https:\/\/epochtimestr.com\/#organization"},"image":{"@id":"https:\/\/epochtimestr.com\/index.php\/merkezdeki-adam#primaryimage"},"thumbnailUrl":"https:\/\/epochtimestr.com\/wp-content\/uploads\/2011y\/Bekir-Zorba.png","articleSection":["K\u00f6\u015fe Yaz\u0131lar\u0131 Bekir Zorba"],"inLanguage":"tr","potentialAction":[{"@type":"CommentAction","name":"Comment","target":["https:\/\/epochtimestr.com\/index.php\/merkezdeki-adam#respond"]}]},{"@type":"WebPage","@id":"https:\/\/epochtimestr.com\/index.php\/merkezdeki-adam","url":"https:\/\/epochtimestr.com\/index.php\/merkezdeki-adam","name":"Merkezdeki Adam - The Epoch Times TR","isPartOf":{"@id":"https:\/\/epochtimestr.com\/#website"},"primaryImageOfPage":{"@id":"https:\/\/epochtimestr.com\/index.php\/merkezdeki-adam#primaryimage"},"image":{"@id":"https:\/\/epochtimestr.com\/index.php\/merkezdeki-adam#primaryimage"},"thumbnailUrl":"https:\/\/epochtimestr.com\/wp-content\/uploads\/2011y\/Bekir-Zorba.png","datePublished":"2026-03-14T06:34:23+00:00","dateModified":"2026-03-14T06:34:24+00:00","description":"\u0130\u015fte buras\u0131 Mersinlilerin yak\u0131ndan tan\u0131d\u0131\u011f\u0131, Orhan Pad\u0131r ve a\u011fabeyi Yusuf Pad\u0131r\u2019\u0131n otuz \u00fc\u00e7 y\u0131ld\u0131r i\u015flettikleri k\u00f6\u015fe ba\u015f\u0131ndaki Kul B\u00fcfe\u2019dir.","inLanguage":"tr","potentialAction":[{"@type":"ReadAction","target":["https:\/\/epochtimestr.com\/index.php\/merkezdeki-adam"]}]},{"@type":"ImageObject","inLanguage":"tr","@id":"https:\/\/epochtimestr.com\/index.php\/merkezdeki-adam#primaryimage","url":"https:\/\/epochtimestr.com\/wp-content\/uploads\/2011y\/Bekir-Zorba.png","contentUrl":"https:\/\/epochtimestr.com\/wp-content\/uploads\/2011y\/Bekir-Zorba.png","width":600,"height":600},{"@type":"WebSite","@id":"https:\/\/epochtimestr.com\/#website","url":"https:\/\/epochtimestr.com\/","name":"The Epoch Times TR","description":"De\u011fi\u015fen D\u00fcnyam\u0131za Taze Bir Bak\u0131\u015f","publisher":{"@id":"https:\/\/epochtimestr.com\/#organization"},"potentialAction":[{"@type":"SearchAction","target":{"@type":"EntryPoint","urlTemplate":"https:\/\/epochtimestr.com\/?s={search_term_string}"},"query-input":"required name=search_term_string"}],"inLanguage":"tr"},{"@type":"Organization","@id":"https:\/\/epochtimestr.com\/#organization","name":"The EpochTimes T\u00fcrkiye","url":"https:\/\/epochtimestr.com\/","logo":{"@type":"ImageObject","inLanguage":"tr","@id":"https:\/\/epochtimestr.com\/#\/schema\/logo\/image\/","url":"https:\/\/epochtimestr.com\/wp-content\/uploads\/2011y\/ET-Logo-YG.jpg","contentUrl":"https:\/\/epochtimestr.com\/wp-content\/uploads\/2011y\/ET-Logo-YG.jpg","width":346,"height":29,"caption":"The EpochTimes T\u00fcrkiye"},"image":{"@id":"https:\/\/epochtimestr.com\/#\/schema\/logo\/image\/"},"sameAs":["https:\/\/www.facebook.com\/theepochtimestr","https:\/\/x.com\/TheEpochTimesTR","https:\/\/www.instagram.com\/epochtimestr"]},{"@type":"Person","@id":"https:\/\/epochtimestr.com\/#\/schema\/person\/da1ad104599611965442ed3e7e9acb2b","name":"Bekir Zorba","image":{"@type":"ImageObject","inLanguage":"tr","@id":"https:\/\/epochtimestr.com\/#\/schema\/person\/image\/","url":"https:\/\/secure.gravatar.com\/avatar\/eafd40d9b77b1fbf7c565a3d4916b79c?s=96&d=mm&r=g","contentUrl":"https:\/\/secure.gravatar.com\/avatar\/eafd40d9b77b1fbf7c565a3d4916b79c?s=96&d=mm&r=g","caption":"Bekir Zorba"},"url":"https:\/\/epochtimestr.com\/index.php\/author\/bekir"}]}},"_links":{"self":[{"href":"https:\/\/epochtimestr.com\/index.php\/wp-json\/wp\/v2\/posts\/166279"}],"collection":[{"href":"https:\/\/epochtimestr.com\/index.php\/wp-json\/wp\/v2\/posts"}],"about":[{"href":"https:\/\/epochtimestr.com\/index.php\/wp-json\/wp\/v2\/types\/post"}],"author":[{"embeddable":true,"href":"https:\/\/epochtimestr.com\/index.php\/wp-json\/wp\/v2\/users\/14001"}],"replies":[{"embeddable":true,"href":"https:\/\/epochtimestr.com\/index.php\/wp-json\/wp\/v2\/comments?post=166279"}],"version-history":[{"count":1,"href":"https:\/\/epochtimestr.com\/index.php\/wp-json\/wp\/v2\/posts\/166279\/revisions"}],"predecessor-version":[{"id":166282,"href":"https:\/\/epochtimestr.com\/index.php\/wp-json\/wp\/v2\/posts\/166279\/revisions\/166282"}],"wp:featuredmedia":[{"embeddable":true,"href":"https:\/\/epochtimestr.com\/index.php\/wp-json\/wp\/v2\/media\/161038"}],"wp:attachment":[{"href":"https:\/\/epochtimestr.com\/index.php\/wp-json\/wp\/v2\/media?parent=166279"}],"wp:term":[{"taxonomy":"category","embeddable":true,"href":"https:\/\/epochtimestr.com\/index.php\/wp-json\/wp\/v2\/categories?post=166279"},{"taxonomy":"post_tag","embeddable":true,"href":"https:\/\/epochtimestr.com\/index.php\/wp-json\/wp\/v2\/tags?post=166279"}],"curies":[{"name":"wp","href":"https:\/\/api.w.org\/{rel}","templated":true}]}}