{"id":166283,"date":"2026-03-14T17:51:49","date_gmt":"2026-03-14T14:51:49","guid":{"rendered":"https:\/\/epochtimestr.com\/?p=166283"},"modified":"2026-03-14T17:51:52","modified_gmt":"2026-03-14T14:51:52","slug":"iran-turkiye-arasindaki-gerilim-tirmaniyor","status":"publish","type":"post","link":"https:\/\/epochtimestr.com\/index.php\/iran-turkiye-arasindaki-gerilim-tirmaniyor","title":{"rendered":"\u0130ran\u2013T\u00fcrkiye Aras\u0131ndaki Gerilim T\u0131rman\u0131yor"},"content":{"rendered":"\n<p>13 Mart 2026 itibar\u0131yla \u0130ran ve T\u00fcrkiye aras\u0131ndaki ili\u015fkiler, dokuz g\u00fcn i\u00e7inde T\u00fcrk topraklar\u0131n\u0131 hedef alan \u00fc\u00e7 ayr\u0131 balistik f\u00fcze sald\u0131r\u0131s\u0131n\u0131n ard\u0131ndan kritik bir noktaya ula\u015ft\u0131. Her ne kadar iki \u00fclke tarihsel olarak karma\u015f\u0131k bir \u201crekabet\u00e7i i\u015fbirli\u011fi\u201d i\u00e7inde olsa da son d\u00f6nemde ya\u015fanan asker\u00ee gerginlikler, ili\u015fkilerini do\u011frudan d\u00fc\u015fmanl\u0131\u011fa do\u011fru itmi\u015ftir.<\/p>\n\n\n\n<p>4 Mart, 9 Mart ve 13 Mart 2026 tarihlerinde NATO hava savunma sistemleri, T\u00fcrkiye hava sahas\u0131na do\u011fru ilerleyen \u0130ran men\u015feli balistik f\u00fczeleri engelledi. 4 Mart: \u0130lk f\u00fcze, T\u00fcrkiye hava sahas\u0131na girmeden \u00f6nce Do\u011fu Akdeniz \u00fczerinde imha edildi. 9 Mart: \u0130kinci f\u00fcze, T\u00fcrkiye-Suriye s\u0131n\u0131r\u0131 yak\u0131nlar\u0131nda \u00f6nlendi; f\u00fczenin par\u00e7alar\u0131 Gaziantep b\u00f6lgesine d\u00fc\u015ft\u00fc. 13 Mart: \u00dc\u00e7\u00fcnc\u00fc f\u00fcze, T\u00fcrkiye&#8217;nin g\u00fcneyindeki \u00f6nemli bir NATO hava \u00fcss\u00fc olan \u0130ncirlik b\u00f6lgesi yak\u0131nlar\u0131nda engellendi. Raporlar, ABD ve NATO f\u00fcze savunma sistemlerinin gelen f\u00fczeye m\u00fcdahale etti\u011fini ve b\u00f6lgedeki asker\u00ee tesislerde hava sald\u0131r\u0131s\u0131 sirenlerinin k\u0131sa s\u00fcreli\u011fine devreye girdi\u011fini g\u00f6steriyor.<\/p>\n\n\n\n<p>T\u00fcrkiye Savunma Bakanl\u0131\u011f\u0131, NATO f\u00fcze takip sistemlerinin \u0130ran topraklar\u0131ndan f\u0131rlat\u0131lan f\u00fczeleri tespit etti\u011fini a\u00e7\u0131klad\u0131. Bu sistemler aras\u0131nda Akdeniz&#8217;deki erken uyar\u0131 radarlar\u0131 ve deniz g\u00fcvenlik sistemleri yer al\u0131yor. T\u00fcrk kaynaklar\u0131na g\u00f6re f\u00fczeler, Irak ve Suriye hava sahas\u0131ndan ge\u00e7erek T\u00fcrkiye&#8217;nin g\u00fcneyine do\u011fru ilerledi ve ard\u0131ndan engellendi. NATO yetkilileri, ittifak\u0131n T\u00fcrk topraklar\u0131na do\u011fru gelen balistik f\u00fczeleri engelledi\u011fini do\u011frulad\u0131 ve bir \u00fcye devleti savunmaya haz\u0131r oldu\u011funu vurgulad\u0131. Bu durum, f\u00fcze f\u0131rlatmalar\u0131n\u0131n T\u00fcrkiye i\u00e7indeki teknik bir anormallik de\u011fil, ciddi bir d\u0131\u015f f\u00fcze tehdidi olarak de\u011ferlendirildi\u011fini g\u00f6steriyor. T\u00fcrkiye ve NATO, f\u00fczelerin \u0130ran topraklar\u0131ndan f\u0131rlat\u0131ld\u0131\u011f\u0131n\u0131 s\u00f6yl\u00fcyor.<\/p>\n\n\n\n<p>Cumhurba\u015fkan\u0131 Recep Tayyip Erdo\u011fan, Tahran&#8217;\u0131 yeni \u201ck\u0131\u015fk\u0131rt\u0131c\u0131 ad\u0131mlar\u201d atmamas\u0131 konusunda uyard\u0131 ve \u201cyanl\u0131\u015f davran\u0131\u015flarda\u201d \u0131srar etmenin iki \u00fclkenin dostlu\u011funu tehlikeye ataca\u011f\u0131n\u0131 belirtti.<\/p>\n\n\n\n<p>T\u00fcrkiye Savunma Bakanl\u0131\u011f\u0131, \u201cher t\u00fcrl\u00fc d\u00fc\u015fmanca tavra\u201d kar\u015f\u0131l\u0131k verme hakk\u0131n\u0131 resmi olarak sakl\u0131 tutarken, T\u00fcrkiye topraklar\u0131n\u0131 ve vatanda\u015flar\u0131n\u0131 korumak i\u00e7in gerekli t\u00fcm \u00f6nlemleri alaca\u011f\u0131n\u0131 vurgulad\u0131.<\/p>\n\n\n\n<p>D\u00fc\u015fmanl\u0131\u011f\u0131n temel nedenleri \u015funlard\u0131r:<\/p>\n\n\n\n<p>B\u00f6lgesel Vekalet Sava\u015flar\u0131: \u0130ki \u00fclke, ba\u015fta Suriye olmak \u00fczere bir\u00e7ok b\u00f6lgesel \u00e7at\u0131\u015fmada kar\u015f\u0131t taraflar\u0131 desteklemektedir. \u0130ran, Esad yanl\u0131s\u0131 g\u00fc\u00e7leri ve m\u00fcttefik milis gruplar\u0131n\u0131 desteklerken, T\u00fcrkiye muhalif gruplar\u0131 ve \u015eam&#8217;daki mevcut S\u00fcnni yanl\u0131s\u0131 siyasi y\u00f6netimi desteklemektedir.<\/p>\n\n\n\n<p>K\u00fcrt Jeopoliti\u011fi: T\u00fcrkiye, \u0130ran\u2019\u0131 Suriye ve Irak\u2019taki K\u00fcrt militan gruplar\u0131 (YPG, PKK ve PJAK gibi) destekleyerek T\u00fcrkiye\u2019nin etkisini zay\u0131flatmakla su\u00e7lamaktad\u0131r. Buna kar\u015f\u0131l\u0131k \u0130ran da T\u00fcrkiye\u2019yi \u0130ran\u2019\u0131n kuzeybat\u0131 illerinde Azeri milliyet\u00e7ili\u011fini k\u00f6r\u00fcklemekle su\u00e7lamaktad\u0131r.<\/p>\n\n\n\n<p>NATO ve B\u00f6lgesel \u00d6zerklik: \u0130ran, T\u00fcrkiye\u2019nin NATO radar sistemlerine (K\u00fcrecik erken uyar\u0131 radar\u0131 gibi) ve \u0130ncirlik Hava \u00dcss\u00fc gibi ABD \u00fcslerine ev sahipli\u011fi yapmas\u0131n\u0131, kendi g\u00fcvenli\u011fine y\u00f6nelik do\u011frudan bir tehdit olarak g\u00f6r\u00fcyor. \u0130ranl\u0131 yetkililer, bu tesisleri genellikle \u0130srail\u2019i korumak amac\u0131yla tasarlanm\u0131\u015f, daha geni\u015f kapsaml\u0131 bir Bat\u0131 f\u00fcze savunma a\u011f\u0131n\u0131n par\u00e7as\u0131 olarak nitelendiriyor.<\/p>\n\n\n\n<p>Etki M\u00fccadelesi: Asker\u00ee gerginliklerin \u00f6tesinde iki \u00fclke, \u0130slam d\u00fcnyas\u0131, Orta Asya ve G\u00fcney Kafkasya genelinde n\u00fcfuz m\u00fccadelesi veriyor. Bu rekabet, planlanan Zengezur koridoru gibi b\u00f6lgesel ula\u015f\u0131m koridorlar\u0131 konusundaki anla\u015fmazl\u0131klar\u0131 da i\u00e7eriyor.<\/p>\n\n\n\n<p>Mevcut gerginli\u011fe ra\u011fmen, tarihsel olarak tam \u00f6l\u00e7ekli bir sava\u015f\u0131 \u00f6nlemeye yard\u0131mc\u0131 olan \u00e7e\u015fitli fakt\u00f6rler bulunmaktad\u0131r. T\u00fcrkiye, \u0130ran do\u011fal gaz\u0131n\u0131n \u00f6nemli bir ithalat\u00e7\u0131s\u0131 olmaya devam etmekte ve her iki \u00fclke de \u00f6nemli d\u00fczeyde s\u0131n\u0131r \u00f6tesi ticaret yapmaktad\u0131r. Ayr\u0131ca, iki \u00fclke 530 kilometrelik bir s\u0131n\u0131r\u0131 payla\u015fmakta ve \u00f6zellikle K\u00fcrt militanlar\u0131n faaliyetleri konusunda s\u0131n\u0131r g\u00fcvenli\u011fi alan\u0131nda s\u0131k s\u0131k i\u015fbirli\u011fi yapmaktad\u0131r. Son f\u00fcze olaylar\u0131na kadar Ankara, \u0130ran ile Bat\u0131 g\u00fc\u00e7leri aras\u0131nda s\u0131k s\u0131k arabuluculuk yapmaya \u00e7al\u0131\u015fm\u0131\u015f, d\u0131\u015f asker\u00ee m\u00fcdahaleye ve Tahran&#8217;a kar\u015f\u0131 geni\u015f kapsaml\u0131 yapt\u0131r\u0131mlara kar\u015f\u0131 \u00e7\u0131km\u0131\u015ft\u0131r.<\/p>\n\n\n\n<p>T\u00fcrkiye, dokuz g\u00fcn i\u00e7inde meydana gelen \u00fc\u00e7 f\u00fcze olay\u0131na, diplomatik protesto ve savunma ama\u00e7l\u0131 asker\u00ee haz\u0131rl\u0131k \u00f6nlemlerini bir arada uygulayarak yan\u0131t verdi. Bunu yaparken ayn\u0131 zamanda geni\u015f \u00e7apl\u0131 bir b\u00f6lgesel gerginli\u011fin t\u0131rmanmas\u0131n\u0131 \u00f6nlemeye \u00e7al\u0131\u015ft\u0131. D\u0131\u015fi\u015fleri Bakan\u0131 Hakan Fidan, \u0130ranl\u0131 mevkida\u015f\u0131 Abbas Arak\u00e7i ile bir\u00e7ok kez telefon g\u00f6r\u00fc\u015fmesi yaparak, f\u00fcze olaylar\u0131 ve T\u00fcrk hava sahas\u0131n\u0131n ihlali konusunda &#8220;endi\u015fesini ve \u015fiddetli protestosunu&#8221; iletti. T\u00fcrkiye D\u0131\u015fi\u015fleri Bakanl\u0131\u011f\u0131, 9 Mart ve 13 Mart&#8217;taki olaylar\u0131n ard\u0131ndan \u0130ran&#8217;\u0131n Ankara B\u00fcy\u00fckel\u00e7isini \u00e7a\u011f\u0131rarak sald\u0131r\u0131lar\u0131 resmen protesto etti. Tekrarlanan m\u00fcdahalelere ra\u011fmen T\u00fcrk yetkililer, NATO&#8217;nun 4. Maddesi (isti\u015fare) veya 5. Maddesi&#8217;ni (ortak savunma) devreye sokmaktan ka\u00e7\u0131nd\u0131lar. Bu da ittifak \u00e7ap\u0131nda daha geni\u015f bir \u00e7at\u0131\u015fmay\u0131 tetiklemeden, krizi y\u00f6netme arzusuna i\u015faret ediyor.<\/p>\n\n\n\n<p>T\u00fcrkiye Savunma Bakanl\u0131\u011f\u0131, Do\u011fu Akdeniz&#8217;deki NATO entegre hava ve f\u00fcze savunma sistemlerinin y\u00fcksek alarmda oldu\u011funu do\u011frulad\u0131. 9 Mart&#8217;taki ikinci sald\u0131r\u0131n\u0131n ard\u0131ndan T\u00fcrkiye, Do\u011fu Akdeniz&#8217;deki g\u00fcvenli\u011fi g\u00fc\u00e7lendirmek amac\u0131yla Kuzey K\u0131br\u0131s&#8217;a alt\u0131 adet F-16 sava\u015f u\u00e7a\u011f\u0131 ve ilave hava savunma sistemleri sevk etti. 13 Mart&#8217;ta \u0130ncirlik yak\u0131nlar\u0131nda ger\u00e7ekle\u015fen \u00f6nleme operasyonunun ard\u0131ndan, T\u00fcrk ve m\u00fcttefik kuvvetler, T\u00fcrkiye&#8217;nin g\u00fcneyindeki NATO tesislerinde haz\u0131rl\u0131k seviyelerini art\u0131rd\u0131. T\u00fcrk ordusu, T\u00fcrkiye&#8217;nin kara veya hava sahas\u0131na y\u00f6nelik gelecekteki tehditlere kar\u015f\u0131 \u201cgerekli t\u00fcm \u00f6nlemlerin\u201d kararl\u0131l\u0131kla ve teredd\u00fcts\u00fcz al\u0131naca\u011f\u0131 konusunda uyard\u0131.<\/p>\n\n\n\n<p>Analistler ve yetkililer, d\u00fc\u015fmanl\u0131klar\u0131n devam etmesi halinde olas\u0131 birka\u00e7 gerilim senaryosu belirlediler. Yeni sald\u0131r\u0131lar, Ankara&#8217;y\u0131 arabuluculuk rol\u00fcnden vazge\u00e7meye ve \u0130ran&#8217;a kar\u015f\u0131 <a href=\"https:\/\/epochtimestr.com\/index.php\/amerika-iran-catismasinin-tarihi-arka-plani\" target=\"_blank\" rel=\"noreferrer noopener\">ABD \u00f6nc\u00fcl\u00fc\u011f\u00fcndeki <\/a>operasyonlarla daha yak\u0131n bir i\u015fbirli\u011fi i\u00e7ine girmeye zorlayabilir. T\u00fcrk asker\u00ee planlamac\u0131lar\u0131, s\u0131n\u0131r b\u00f6lgelerini g\u00fcvence alt\u0131na almak veya potansiyel m\u00fclteci ak\u0131nlar\u0131n\u0131 y\u00f6netmek i\u00e7in \u0130ran topraklar\u0131na s\u0131n\u0131rl\u0131 m\u00fcdahaleler i\u00e7eren senaryolar\u0131 de\u011ferlendirdiler. T\u00fcrkiye, \u0130ran\u2019\u0131n PJAK gibi K\u00fcrt gruplar\u0131n\u0131 T\u00fcrk s\u0131n\u0131r b\u00f6lgelerini istikrars\u0131zla\u015ft\u0131rmak i\u00e7in vekil olarak kulland\u0131\u011f\u0131n\u0131 d\u00fc\u015f\u00fcn\u00fcrse, bu gruplara y\u00f6nelik sald\u0131r\u0131lar\u0131n\u0131 yo\u011funla\u015ft\u0131rabilir.<\/p>\n\n\n\n<p>T\u00fcrkiye ve Hizbullah, Suriye \u00e7at\u0131\u015fmas\u0131nda kar\u015f\u0131t taraflarda yer almaya devam ediyor. Hizbullah eski Esad rejiminin kal\u0131nt\u0131lar\u0131n\u0131 desteklerken, T\u00fcrkiye \u015eam&#8217;daki S\u00fcnni yanl\u0131s\u0131 \u0130slamc\u0131 y\u00f6netimi destekliyor. Hizbullah&#8217;\u0131n T\u00fcrkiye i\u00e7inde paramiliter bir varl\u0131\u011f\u0131 bulunmamas\u0131na ra\u011fmen, T\u00fcrk yetkililer mali izleme ve istihbarat denetimine odaklan\u0131yor. Genellikle ABD Hazine Bakanl\u0131\u011f\u0131 ile koordinasyon i\u00e7inde hareket eden T\u00fcrk yetkililer, Hizbullah ile ba\u011flant\u0131l\u0131 ki\u015fi ve \u015firketlere ait varl\u0131klar\u0131 dondurma \u00e7abalar\u0131n\u0131 yo\u011funla\u015ft\u0131rd\u0131. Ankara, \u0130ran&#8217;dan L\u00fcbnan&#8217;a T\u00fcrk ticari ve lojistik a\u011flar\u0131 \u00fczerinden para transferi yapt\u0131\u011f\u0131ndan \u015f\u00fcphelenilen nakit u\u00e7u\u015flar\u0131 ve finansal koridorlar \u00fczerindeki g\u00f6zetimi art\u0131rd\u0131.<\/p>\n\n\n\n<p>13 Mart&#8217;ta ger\u00e7ekle\u015fen f\u00fcze \u00f6nleme olay\u0131, dokuz g\u00fcn i\u00e7inde T\u00fcrkiye topraklar\u0131na y\u00f6neltilen \u00fc\u00e7\u00fcnc\u00fc \u0130ran f\u00fczesi olarak kayda ge\u00e7ti. Bu durum gerginli\u011fi \u00f6nemli \u00f6l\u00e7\u00fcde art\u0131rd\u0131 ve T\u00fcrkiye&#8217;yi b\u00f6lgesel tarafs\u0131zl\u0131\u011f\u0131n\u0131 korumak ile tekrarlanan g\u00fcvenlik tehditlerine yan\u0131t vermek aras\u0131nda giderek zorla\u015fan bir duruma soktu.<\/p>\n","protected":false},"excerpt":{"rendered":"<p>13 Mart 2026 itibar\u0131yla \u0130ran ve T\u00fcrkiye aras\u0131ndaki ili\u015fkiler, dokuz g\u00fcn i\u00e7inde T\u00fcrk topraklar\u0131n\u0131 hedef alan \u00fc\u00e7 ayr\u0131 balistik f\u00fcze sald\u0131r\u0131s\u0131n\u0131n ard\u0131ndan kritik bir noktaya ula\u015ft\u0131. Her ne kadar iki \u00fclke tarihsel olarak karma\u015f\u0131k bir \u201crekabet\u00e7i i\u015fbirli\u011fi\u201d i\u00e7inde olsa da son d\u00f6nemde ya\u015fanan asker\u00ee gerginlikler, ili\u015fkilerini do\u011frudan d\u00fc\u015fmanl\u0131\u011fa do\u011fru itmi\u015ftir. 4 Mart, 9 Mart ve [&hellip;]<\/p>\n","protected":false},"author":14007,"featured_media":157889,"comment_status":"open","ping_status":"open","sticky":false,"template":"","format":"standard","meta":{"_yoast_wpseo_focuskw":"\u0130ran \u2013 T\u00fcrkiye","_yoast_wpseo_title":"","_yoast_wpseo_metadesc":"\u0130ran ve T\u00fcrkiye aras\u0131ndaki ili\u015fkiler, T\u00fcrk topraklar\u0131n\u0131 hedef alan \u00fc\u00e7 ayr\u0131 balistik f\u00fcze sald\u0131r\u0131s\u0131n\u0131n ard\u0131ndan kritik bir noktaya ula\u015ft\u0131.","_bbp_topic_count":0,"_bbp_reply_count":0,"_bbp_total_topic_count":0,"_bbp_total_reply_count":0,"_bbp_voice_count":0,"_bbp_anonymous_reply_count":0,"_bbp_topic_count_hidden":0,"_bbp_reply_count_hidden":0,"_bbp_forum_subforum_count":0,"footnotes":"","_yoast_wpseo_focuskw_text_input":""},"categories":[10520],"tags":[11034,11033,7492,1824,1086,11031,722,556,11032,328],"yoast_head":"<!-- This site is optimized with the Yoast SEO plugin v23.0 - https:\/\/yoast.com\/wordpress\/plugins\/seo\/ -->\n<title>\u0130ran\u2013T\u00fcrkiye Aras\u0131ndaki Gerilim T\u0131rman\u0131yor - The Epoch Times TR<\/title>\n<meta name=\"description\" content=\"\u0130ran ve T\u00fcrkiye aras\u0131ndaki ili\u015fkiler, T\u00fcrk topraklar\u0131n\u0131 hedef alan \u00fc\u00e7 ayr\u0131 balistik f\u00fcze sald\u0131r\u0131s\u0131n\u0131n ard\u0131ndan kritik bir noktaya ula\u015ft\u0131.\" \/>\n<meta name=\"robots\" content=\"index, follow, max-snippet:-1, max-image-preview:large, max-video-preview:-1\" \/>\n<link rel=\"canonical\" href=\"https:\/\/epochtimestr.com\/index.php\/iran-turkiye-arasindaki-gerilim-tirmaniyor\" \/>\n<meta property=\"og:locale\" content=\"tr_TR\" \/>\n<meta property=\"og:type\" content=\"article\" \/>\n<meta property=\"og:title\" content=\"\u0130ran\u2013T\u00fcrkiye Aras\u0131ndaki Gerilim T\u0131rman\u0131yor - The Epoch Times TR\" \/>\n<meta property=\"og:description\" content=\"\u0130ran ve T\u00fcrkiye aras\u0131ndaki ili\u015fkiler, T\u00fcrk topraklar\u0131n\u0131 hedef alan \u00fc\u00e7 ayr\u0131 balistik f\u00fcze sald\u0131r\u0131s\u0131n\u0131n ard\u0131ndan kritik bir noktaya ula\u015ft\u0131.\" \/>\n<meta property=\"og:url\" content=\"https:\/\/epochtimestr.com\/index.php\/iran-turkiye-arasindaki-gerilim-tirmaniyor\" \/>\n<meta property=\"og:site_name\" content=\"The Epoch Times TR\" \/>\n<meta property=\"article:publisher\" content=\"https:\/\/www.facebook.com\/theepochtimestr\" \/>\n<meta property=\"article:published_time\" content=\"2026-03-14T14:51:49+00:00\" \/>\n<meta property=\"article:modified_time\" content=\"2026-03-14T14:51:52+00:00\" \/>\n<meta property=\"og:image\" content=\"https:\/\/epochtimestr.com\/wp-content\/uploads\/2011y\/Saygin-Simsek-SM.png\" \/>\n\t<meta property=\"og:image:width\" content=\"1200\" \/>\n\t<meta property=\"og:image:height\" content=\"630\" \/>\n\t<meta property=\"og:image:type\" content=\"image\/png\" \/>\n<meta name=\"author\" content=\"Sal Sayg\u0131n \u015eim\u015fek\" \/>\n<meta name=\"twitter:card\" content=\"summary_large_image\" \/>\n<meta name=\"twitter:creator\" content=\"@TheEpochTimesTR\" \/>\n<meta name=\"twitter:site\" content=\"@TheEpochTimesTR\" \/>\n<meta name=\"twitter:label1\" content=\"Yazan:\" \/>\n\t<meta name=\"twitter:data1\" content=\"Sal Sayg\u0131n \u015eim\u015fek\" \/>\n\t<meta name=\"twitter:label2\" content=\"Tahmini okuma s\u00fcresi\" \/>\n\t<meta name=\"twitter:data2\" content=\"6 dakika\" \/>\n<script type=\"application\/ld+json\" class=\"yoast-schema-graph\">{\"@context\":\"https:\/\/schema.org\",\"@graph\":[{\"@type\":\"Article\",\"@id\":\"https:\/\/epochtimestr.com\/index.php\/iran-turkiye-arasindaki-gerilim-tirmaniyor#article\",\"isPartOf\":{\"@id\":\"https:\/\/epochtimestr.com\/index.php\/iran-turkiye-arasindaki-gerilim-tirmaniyor\"},\"author\":{\"name\":\"Sal Sayg\u0131n \u015eim\u015fek\",\"@id\":\"https:\/\/epochtimestr.com\/#\/schema\/person\/08bbb947ae6f5993c4885905dff4c451\"},\"headline\":\"\u0130ran\u2013T\u00fcrkiye Aras\u0131ndaki Gerilim T\u0131rman\u0131yor\",\"datePublished\":\"2026-03-14T14:51:49+00:00\",\"dateModified\":\"2026-03-14T14:51:52+00:00\",\"mainEntityOfPage\":{\"@id\":\"https:\/\/epochtimestr.com\/index.php\/iran-turkiye-arasindaki-gerilim-tirmaniyor\"},\"wordCount\":1333,\"commentCount\":0,\"publisher\":{\"@id\":\"https:\/\/epochtimestr.com\/#organization\"},\"image\":{\"@id\":\"https:\/\/epochtimestr.com\/index.php\/iran-turkiye-arasindaki-gerilim-tirmaniyor#primaryimage\"},\"thumbnailUrl\":\"https:\/\/epochtimestr.com\/wp-content\/uploads\/2011y\/Sal-Saygin-Simsek.png\",\"keywords\":[\"asker\u00ee gerginlik\",\"balistik f\u00fcze sald\u0131r\u0131s\u0131\",\"do\u011fu akdeniz\",\"Hizbullah\",\"\u0130ran\",\"K\u00fcrt gruplar\",\"NATO\",\"Suriye\",\"T\u00fcrk ordusu\",\"T\u00fcrkiye\"],\"articleSection\":[\"K\u00f6\u015fe Yaz\u0131lar\u0131 Sal Sayg\u0131n \u015eim\u015fek\"],\"inLanguage\":\"tr\",\"potentialAction\":[{\"@type\":\"CommentAction\",\"name\":\"Comment\",\"target\":[\"https:\/\/epochtimestr.com\/index.php\/iran-turkiye-arasindaki-gerilim-tirmaniyor#respond\"]}]},{\"@type\":\"WebPage\",\"@id\":\"https:\/\/epochtimestr.com\/index.php\/iran-turkiye-arasindaki-gerilim-tirmaniyor\",\"url\":\"https:\/\/epochtimestr.com\/index.php\/iran-turkiye-arasindaki-gerilim-tirmaniyor\",\"name\":\"\u0130ran\u2013T\u00fcrkiye Aras\u0131ndaki Gerilim T\u0131rman\u0131yor - The Epoch Times TR\",\"isPartOf\":{\"@id\":\"https:\/\/epochtimestr.com\/#website\"},\"primaryImageOfPage\":{\"@id\":\"https:\/\/epochtimestr.com\/index.php\/iran-turkiye-arasindaki-gerilim-tirmaniyor#primaryimage\"},\"image\":{\"@id\":\"https:\/\/epochtimestr.com\/index.php\/iran-turkiye-arasindaki-gerilim-tirmaniyor#primaryimage\"},\"thumbnailUrl\":\"https:\/\/epochtimestr.com\/wp-content\/uploads\/2011y\/Sal-Saygin-Simsek.png\",\"datePublished\":\"2026-03-14T14:51:49+00:00\",\"dateModified\":\"2026-03-14T14:51:52+00:00\",\"description\":\"\u0130ran ve T\u00fcrkiye aras\u0131ndaki ili\u015fkiler, T\u00fcrk topraklar\u0131n\u0131 hedef alan \u00fc\u00e7 ayr\u0131 balistik f\u00fcze sald\u0131r\u0131s\u0131n\u0131n ard\u0131ndan kritik bir noktaya ula\u015ft\u0131.\",\"inLanguage\":\"tr\",\"potentialAction\":[{\"@type\":\"ReadAction\",\"target\":[\"https:\/\/epochtimestr.com\/index.php\/iran-turkiye-arasindaki-gerilim-tirmaniyor\"]}]},{\"@type\":\"ImageObject\",\"inLanguage\":\"tr\",\"@id\":\"https:\/\/epochtimestr.com\/index.php\/iran-turkiye-arasindaki-gerilim-tirmaniyor#primaryimage\",\"url\":\"https:\/\/epochtimestr.com\/wp-content\/uploads\/2011y\/Sal-Saygin-Simsek.png\",\"contentUrl\":\"https:\/\/epochtimestr.com\/wp-content\/uploads\/2011y\/Sal-Saygin-Simsek.png\",\"width\":600,\"height\":600},{\"@type\":\"WebSite\",\"@id\":\"https:\/\/epochtimestr.com\/#website\",\"url\":\"https:\/\/epochtimestr.com\/\",\"name\":\"The Epoch Times TR\",\"description\":\"De\u011fi\u015fen D\u00fcnyam\u0131za Taze Bir Bak\u0131\u015f\",\"publisher\":{\"@id\":\"https:\/\/epochtimestr.com\/#organization\"},\"potentialAction\":[{\"@type\":\"SearchAction\",\"target\":{\"@type\":\"EntryPoint\",\"urlTemplate\":\"https:\/\/epochtimestr.com\/?s={search_term_string}\"},\"query-input\":\"required name=search_term_string\"}],\"inLanguage\":\"tr\"},{\"@type\":\"Organization\",\"@id\":\"https:\/\/epochtimestr.com\/#organization\",\"name\":\"The EpochTimes T\u00fcrkiye\",\"url\":\"https:\/\/epochtimestr.com\/\",\"logo\":{\"@type\":\"ImageObject\",\"inLanguage\":\"tr\",\"@id\":\"https:\/\/epochtimestr.com\/#\/schema\/logo\/image\/\",\"url\":\"https:\/\/epochtimestr.com\/wp-content\/uploads\/2011y\/ET-Logo-YG.jpg\",\"contentUrl\":\"https:\/\/epochtimestr.com\/wp-content\/uploads\/2011y\/ET-Logo-YG.jpg\",\"width\":346,\"height\":29,\"caption\":\"The EpochTimes T\u00fcrkiye\"},\"image\":{\"@id\":\"https:\/\/epochtimestr.com\/#\/schema\/logo\/image\/\"},\"sameAs\":[\"https:\/\/www.facebook.com\/theepochtimestr\",\"https:\/\/x.com\/TheEpochTimesTR\",\"https:\/\/www.instagram.com\/epochtimestr\"]},{\"@type\":\"Person\",\"@id\":\"https:\/\/epochtimestr.com\/#\/schema\/person\/08bbb947ae6f5993c4885905dff4c451\",\"name\":\"Sal Sayg\u0131n \u015eim\u015fek\",\"image\":{\"@type\":\"ImageObject\",\"inLanguage\":\"tr\",\"@id\":\"https:\/\/epochtimestr.com\/#\/schema\/person\/image\/\",\"url\":\"https:\/\/secure.gravatar.com\/avatar\/0de3fcdb17fb559c34b4c2847eebc04b?s=96&d=mm&r=g\",\"contentUrl\":\"https:\/\/secure.gravatar.com\/avatar\/0de3fcdb17fb559c34b4c2847eebc04b?s=96&d=mm&r=g\",\"caption\":\"Sal Sayg\u0131n \u015eim\u015fek\"},\"url\":\"https:\/\/epochtimestr.com\/index.php\/author\/sal\"}]}<\/script>\n<!-- \/ Yoast SEO plugin. -->","yoast_head_json":{"title":"\u0130ran\u2013T\u00fcrkiye Aras\u0131ndaki Gerilim T\u0131rman\u0131yor - The Epoch Times TR","description":"\u0130ran ve T\u00fcrkiye aras\u0131ndaki ili\u015fkiler, T\u00fcrk topraklar\u0131n\u0131 hedef alan \u00fc\u00e7 ayr\u0131 balistik f\u00fcze sald\u0131r\u0131s\u0131n\u0131n ard\u0131ndan kritik bir noktaya ula\u015ft\u0131.","robots":{"index":"index","follow":"follow","max-snippet":"max-snippet:-1","max-image-preview":"max-image-preview:large","max-video-preview":"max-video-preview:-1"},"canonical":"https:\/\/epochtimestr.com\/index.php\/iran-turkiye-arasindaki-gerilim-tirmaniyor","og_locale":"tr_TR","og_type":"article","og_title":"\u0130ran\u2013T\u00fcrkiye Aras\u0131ndaki Gerilim T\u0131rman\u0131yor - The Epoch Times TR","og_description":"\u0130ran ve T\u00fcrkiye aras\u0131ndaki ili\u015fkiler, T\u00fcrk topraklar\u0131n\u0131 hedef alan \u00fc\u00e7 ayr\u0131 balistik f\u00fcze sald\u0131r\u0131s\u0131n\u0131n ard\u0131ndan kritik bir noktaya ula\u015ft\u0131.","og_url":"https:\/\/epochtimestr.com\/index.php\/iran-turkiye-arasindaki-gerilim-tirmaniyor","og_site_name":"The Epoch Times TR","article_publisher":"https:\/\/www.facebook.com\/theepochtimestr","article_published_time":"2026-03-14T14:51:49+00:00","article_modified_time":"2026-03-14T14:51:52+00:00","og_image":[{"width":1200,"height":630,"url":"https:\/\/epochtimestr.com\/wp-content\/uploads\/2011y\/Saygin-Simsek-SM.png","type":"image\/png"}],"author":"Sal Sayg\u0131n \u015eim\u015fek","twitter_card":"summary_large_image","twitter_creator":"@TheEpochTimesTR","twitter_site":"@TheEpochTimesTR","twitter_misc":{"Yazan:":"Sal Sayg\u0131n \u015eim\u015fek","Tahmini okuma s\u00fcresi":"6 dakika"},"schema":{"@context":"https:\/\/schema.org","@graph":[{"@type":"Article","@id":"https:\/\/epochtimestr.com\/index.php\/iran-turkiye-arasindaki-gerilim-tirmaniyor#article","isPartOf":{"@id":"https:\/\/epochtimestr.com\/index.php\/iran-turkiye-arasindaki-gerilim-tirmaniyor"},"author":{"name":"Sal Sayg\u0131n \u015eim\u015fek","@id":"https:\/\/epochtimestr.com\/#\/schema\/person\/08bbb947ae6f5993c4885905dff4c451"},"headline":"\u0130ran\u2013T\u00fcrkiye Aras\u0131ndaki Gerilim T\u0131rman\u0131yor","datePublished":"2026-03-14T14:51:49+00:00","dateModified":"2026-03-14T14:51:52+00:00","mainEntityOfPage":{"@id":"https:\/\/epochtimestr.com\/index.php\/iran-turkiye-arasindaki-gerilim-tirmaniyor"},"wordCount":1333,"commentCount":0,"publisher":{"@id":"https:\/\/epochtimestr.com\/#organization"},"image":{"@id":"https:\/\/epochtimestr.com\/index.php\/iran-turkiye-arasindaki-gerilim-tirmaniyor#primaryimage"},"thumbnailUrl":"https:\/\/epochtimestr.com\/wp-content\/uploads\/2011y\/Sal-Saygin-Simsek.png","keywords":["asker\u00ee gerginlik","balistik f\u00fcze sald\u0131r\u0131s\u0131","do\u011fu akdeniz","Hizbullah","\u0130ran","K\u00fcrt gruplar","NATO","Suriye","T\u00fcrk ordusu","T\u00fcrkiye"],"articleSection":["K\u00f6\u015fe Yaz\u0131lar\u0131 Sal Sayg\u0131n \u015eim\u015fek"],"inLanguage":"tr","potentialAction":[{"@type":"CommentAction","name":"Comment","target":["https:\/\/epochtimestr.com\/index.php\/iran-turkiye-arasindaki-gerilim-tirmaniyor#respond"]}]},{"@type":"WebPage","@id":"https:\/\/epochtimestr.com\/index.php\/iran-turkiye-arasindaki-gerilim-tirmaniyor","url":"https:\/\/epochtimestr.com\/index.php\/iran-turkiye-arasindaki-gerilim-tirmaniyor","name":"\u0130ran\u2013T\u00fcrkiye Aras\u0131ndaki Gerilim T\u0131rman\u0131yor - The Epoch Times TR","isPartOf":{"@id":"https:\/\/epochtimestr.com\/#website"},"primaryImageOfPage":{"@id":"https:\/\/epochtimestr.com\/index.php\/iran-turkiye-arasindaki-gerilim-tirmaniyor#primaryimage"},"image":{"@id":"https:\/\/epochtimestr.com\/index.php\/iran-turkiye-arasindaki-gerilim-tirmaniyor#primaryimage"},"thumbnailUrl":"https:\/\/epochtimestr.com\/wp-content\/uploads\/2011y\/Sal-Saygin-Simsek.png","datePublished":"2026-03-14T14:51:49+00:00","dateModified":"2026-03-14T14:51:52+00:00","description":"\u0130ran ve T\u00fcrkiye aras\u0131ndaki ili\u015fkiler, T\u00fcrk topraklar\u0131n\u0131 hedef alan \u00fc\u00e7 ayr\u0131 balistik f\u00fcze sald\u0131r\u0131s\u0131n\u0131n ard\u0131ndan kritik bir noktaya ula\u015ft\u0131.","inLanguage":"tr","potentialAction":[{"@type":"ReadAction","target":["https:\/\/epochtimestr.com\/index.php\/iran-turkiye-arasindaki-gerilim-tirmaniyor"]}]},{"@type":"ImageObject","inLanguage":"tr","@id":"https:\/\/epochtimestr.com\/index.php\/iran-turkiye-arasindaki-gerilim-tirmaniyor#primaryimage","url":"https:\/\/epochtimestr.com\/wp-content\/uploads\/2011y\/Sal-Saygin-Simsek.png","contentUrl":"https:\/\/epochtimestr.com\/wp-content\/uploads\/2011y\/Sal-Saygin-Simsek.png","width":600,"height":600},{"@type":"WebSite","@id":"https:\/\/epochtimestr.com\/#website","url":"https:\/\/epochtimestr.com\/","name":"The Epoch Times TR","description":"De\u011fi\u015fen D\u00fcnyam\u0131za Taze Bir Bak\u0131\u015f","publisher":{"@id":"https:\/\/epochtimestr.com\/#organization"},"potentialAction":[{"@type":"SearchAction","target":{"@type":"EntryPoint","urlTemplate":"https:\/\/epochtimestr.com\/?s={search_term_string}"},"query-input":"required name=search_term_string"}],"inLanguage":"tr"},{"@type":"Organization","@id":"https:\/\/epochtimestr.com\/#organization","name":"The EpochTimes T\u00fcrkiye","url":"https:\/\/epochtimestr.com\/","logo":{"@type":"ImageObject","inLanguage":"tr","@id":"https:\/\/epochtimestr.com\/#\/schema\/logo\/image\/","url":"https:\/\/epochtimestr.com\/wp-content\/uploads\/2011y\/ET-Logo-YG.jpg","contentUrl":"https:\/\/epochtimestr.com\/wp-content\/uploads\/2011y\/ET-Logo-YG.jpg","width":346,"height":29,"caption":"The EpochTimes T\u00fcrkiye"},"image":{"@id":"https:\/\/epochtimestr.com\/#\/schema\/logo\/image\/"},"sameAs":["https:\/\/www.facebook.com\/theepochtimestr","https:\/\/x.com\/TheEpochTimesTR","https:\/\/www.instagram.com\/epochtimestr"]},{"@type":"Person","@id":"https:\/\/epochtimestr.com\/#\/schema\/person\/08bbb947ae6f5993c4885905dff4c451","name":"Sal Sayg\u0131n \u015eim\u015fek","image":{"@type":"ImageObject","inLanguage":"tr","@id":"https:\/\/epochtimestr.com\/#\/schema\/person\/image\/","url":"https:\/\/secure.gravatar.com\/avatar\/0de3fcdb17fb559c34b4c2847eebc04b?s=96&d=mm&r=g","contentUrl":"https:\/\/secure.gravatar.com\/avatar\/0de3fcdb17fb559c34b4c2847eebc04b?s=96&d=mm&r=g","caption":"Sal Sayg\u0131n \u015eim\u015fek"},"url":"https:\/\/epochtimestr.com\/index.php\/author\/sal"}]}},"_links":{"self":[{"href":"https:\/\/epochtimestr.com\/index.php\/wp-json\/wp\/v2\/posts\/166283"}],"collection":[{"href":"https:\/\/epochtimestr.com\/index.php\/wp-json\/wp\/v2\/posts"}],"about":[{"href":"https:\/\/epochtimestr.com\/index.php\/wp-json\/wp\/v2\/types\/post"}],"author":[{"embeddable":true,"href":"https:\/\/epochtimestr.com\/index.php\/wp-json\/wp\/v2\/users\/14007"}],"replies":[{"embeddable":true,"href":"https:\/\/epochtimestr.com\/index.php\/wp-json\/wp\/v2\/comments?post=166283"}],"version-history":[{"count":1,"href":"https:\/\/epochtimestr.com\/index.php\/wp-json\/wp\/v2\/posts\/166283\/revisions"}],"predecessor-version":[{"id":166284,"href":"https:\/\/epochtimestr.com\/index.php\/wp-json\/wp\/v2\/posts\/166283\/revisions\/166284"}],"wp:featuredmedia":[{"embeddable":true,"href":"https:\/\/epochtimestr.com\/index.php\/wp-json\/wp\/v2\/media\/157889"}],"wp:attachment":[{"href":"https:\/\/epochtimestr.com\/index.php\/wp-json\/wp\/v2\/media?parent=166283"}],"wp:term":[{"taxonomy":"category","embeddable":true,"href":"https:\/\/epochtimestr.com\/index.php\/wp-json\/wp\/v2\/categories?post=166283"},{"taxonomy":"post_tag","embeddable":true,"href":"https:\/\/epochtimestr.com\/index.php\/wp-json\/wp\/v2\/tags?post=166283"}],"curies":[{"name":"wp","href":"https:\/\/api.w.org\/{rel}","templated":true}]}}