{"id":166285,"date":"2026-03-15T08:30:00","date_gmt":"2026-03-15T05:30:00","guid":{"rendered":"https:\/\/epochtimestr.com\/?p=166285"},"modified":"2026-03-14T20:54:38","modified_gmt":"2026-03-14T17:54:38","slug":"dilara-ile-clara","status":"publish","type":"post","link":"https:\/\/epochtimestr.com\/index.php\/dilara-ile-clara","title":{"rendered":"Dilara \u0130le Clara"},"content":{"rendered":"\n<p class=\"has-text-align-right\">\u201c<em>Frans\u0131zca&#8230; Frans\u0131zcan\u0131n her l\u00e2k\u0131rd\u0131s\u0131 g\u00fczeldir&#8230;<\/em><br \/><em>Bizimki gibi kaba de\u011fildir.<\/em>\u201d<br \/>Recaizade Mahmut EKREM \/ Araba Sevdas\u0131<\/p>\n\n\n\n<p>\u0130ki gen\u00e7 k\u0131z \u00fczerinden tasavvur ediyorum y\u00fczlerce y\u0131ll\u0131k toplum hayat\u0131m\u0131z\u0131, d\u00fcnya alg\u0131m\u0131z\u0131.<\/p>\n\n\n\n<p>\u0130ki gen\u00e7 k\u0131z: biri oldu\u011fumuz, di\u011feri olmak istedi\u011fimiz. \u0130kisi de ayr\u0131 d\u00fcnyalar\u0131n insan\u0131; iki muhayyel karakter, birinin ad\u0131 Dilara, di\u011feri Clara\u2026<\/p>\n\n\n\n<p>Dilara Fars\u00e7a k\u00f6kenli bir isim. Bize has, yani d\u00fcnyan\u0131n merkezine g\u00f6re, do\u011fuya, do\u011fu k\u00fclt\u00fcr\u00fcne ait bir isim. &#8211;<em>D\u00fcnyan\u0131n merkezi bizim zihin haritam\u0131zda uzun y\u0131llardan beridir Avrupa\u2019ya tekab\u00fcl eder.<\/em>&#8211; Dilara g\u00f6n\u00fcl alan, g\u00f6nl\u00fc ok\u015fayan, g\u00f6nl\u00fc s\u00fcsleyen anlamlar\u0131na gelir. G\u00f6n\u00fcl demi\u015fken, bat\u0131 dillerinde g\u00f6n\u00fcl anlam\u0131na gelen bir ifade yok. Heart (kalp) bu anlam\u0131 kar\u015f\u0131lamaz. Ve g\u00f6n\u00fcl \u00f6yle y\u00fcce bir kavramd\u0131r ki hangi kelimeyle birle\u015fse, onu da y\u00fcceltir. Mesela al\u00e7ak kelimesinin yan\u0131na bile gelse, al\u00e7ak g\u00f6n\u00fcll\u00fc kavram\u0131n\u0131 olu\u015fturur ki bu da y\u00fcce bir de\u011ferdir.<\/p>\n\n\n\n<p>Clara Latince k\u00f6kenli bir isim. Germen dillerinde Klara bi\u00e7imindedir. Parlak, ayd\u0131nl\u0131k, m\u00fccella, anl\u0131 \u015fanl\u0131 gibi anlamlara gelir. G\u00f6n\u00fclle ya da al\u00e7ak g\u00f6n\u00fcll\u00fcl\u00fckle ilgisi yok yani.<\/p>\n\n\n\n<p>\u2026<\/p>\n\n\n\n<p>D\u00fcnyaya geleneksel a\u00e7\u0131dan bakt\u0131\u011f\u0131m\u0131zda \u015funlar\u0131 g\u00f6r\u00fcrd\u00fck bir zamanlar\u2026<\/p>\n\n\n\n<p>D\u00fcnyan\u0131n do\u011fusu ve bat\u0131s\u0131 birbirine z\u0131t kavramlarla dengededir. Z\u0131t de\u011ferlerle kendini ifade eder.<\/p>\n\n\n\n<p>Do\u011fuda k\u00fc\u00e7\u00fckl\u00fck ve sab\u0131r, bat\u0131da b\u00fcy\u00fckl\u00fck ve h\u0131z esast\u0131r. Minyat\u00fcr do\u011fuya, g\u00f6kdelen bat\u0131ya ait de\u011ferlerdir. Keza bat\u0131ya ait Olimpiyat Oyunlar\u0131\u2019n\u0131n klasik slogan\u0131, (Plus fort, plus vite, plus haut) <em>daha g\u00fc\u00e7l\u00fc, daha h\u0131zl\u0131, daha y\u00fcksek<\/em>tir. Bat\u0131daki g\u00fc\u00e7, h\u0131z ve y\u00fckseklik, do\u011fu k\u00fclt\u00fcr\u00fcnde yerini zamana yay\u0131lm\u0131\u015f emek, sab\u0131r ve esnekli\u011fe b\u0131rak\u0131r. Bat\u0131, disiplin ve standart kavramlar\u0131 temelinde y\u00fckselir ki bu da seri \u00fcretimin, dolay\u0131s\u0131yla ve giderek kapitalizmin ruhunu te\u015fkil eder. Do\u011fuda ayn\u0131 tornadan \u00e7\u0131kma eserler de\u011fil, sanat, sanat\u00e7\u0131n\u0131n \u015fahsiyeti ve haysiyeti \u00f6n plandad\u0131r. Do\u011fu k\u00fclt\u00fcr\u00fc disiplinle de\u011fil ir\u015fat ile, \u00f6z denetim ile bireysel kozas\u0131n\u0131 \u00f6rerek olgunla\u015fan ruhu y\u00fcceltir; disiplin cenderesinden azade, \u00f6zg\u00fcr ve \u00f6zg\u00fcn karakterleri in\u015fa eder.<\/p>\n\n\n\n<p>\u2026<\/p>\n\n\n\n<p>Barutu bulan \u00c7inliler, do\u011fulular, bulu\u015flar\u0131n\u0131 -havai fi\u015fek gibi &#8211; e\u011flence sekt\u00f6r\u00fcnde -yani insanlar\u0131 ya\u015fatmak- amac\u0131yla kullanm\u0131\u015flard\u0131. Bat\u0131l\u0131lar ayn\u0131 bulu\u015fu, barutu, tahakk\u00fcm etmek, soyk\u0131r\u0131m ve s\u00f6m\u00fcr\u00fc -yani insanlar\u0131 \u00f6ld\u00fcrmek- faaliyetine malzeme yapt\u0131lar.<\/p>\n\n\n\n<p>Son y\u00fczy\u0131l, bat\u0131n\u0131n silah sanayiinin ve propagandan\u0131n g\u00fcc\u00fcyle \u00fcst\u00fcnl\u00fck kurdu\u011fu do\u011fuyu a\u015fa\u011f\u0131l\u0131k kompleksine s\u00fcr\u00fckledi\u011fi, ba\u015fat hayat alg\u0131s\u0131n\u0131 bayat t\u00fcketim k\u00fclt\u00fcr\u00fcne evirdi\u011fi, giderek ortak\/melez bir k\u00fclt\u00fcr batakl\u0131\u011f\u0131na \u00e7ekti\u011fi, do\u011fuyu bat\u0131ya benzeterek, insanlar\u0131 ve toplumlar\u0131 <em>herkesle\u015ftirdi\u011fi<\/em> bir zaman dilimi olarak ya\u015fand\u0131.<\/p>\n\n\n\n<p>Bat\u0131n\u0131n g\u00fcc\u00fc cazibe, \u00e7ekim olu\u015fturdu evet; ama bu g\u00fc\u00e7 bir girdab\u0131n g\u00fcc\u00fc, merkezka\u00e7 kuvveti.<\/p>\n\n\n\n<p>Ve bu g\u00fc\u00e7 insanl\u0131\u011fa hi\u00e7bir g\u00fczellik getirmedi; bu girdap batakl\u0131\u011fa \u00e7ekti.<\/p>\n\n\n\n<p>Bi\u00e7imi, \u015fekli, g\u00f6r\u00fcn\u00fc\u015f\u00fc, g\u00f6r\u00fcnt\u00fcy\u00fc parlat\u0131rken, ruhu, kalbi, g\u00f6nl\u00fc, karakteri k\u00f6rle\u015ftirdi.<\/p>\n\n\n\n<p><em>A\u015fk<\/em>\u0131n yerini <em>sevgililer g\u00fcn\u00fc <\/em>ald\u0131.<\/p>\n\n\n\n<p>\u2026<\/p>\n\n\n\n<p>Tanzimat\u2019tan beridir pusulam\u0131z olan bat\u0131, bizi hep f\u0131rt\u0131nal\u0131 denizlere, kendimizin a\u00e7\u0131klar\u0131na savurdu. Kargadan k\u0131lavuzun bizi g\u00f6t\u00fcrece\u011fi yol ba\u015f\u0131ndan belliydi oysa.<\/p>\n\n\n\n<p>Propagandan\u0131n g\u00fcc\u00fc ad\u0131na! Biz kargay\u0131 \u015fahin sand\u0131k\u2026<\/p>\n\n\n\n<p>\u2026<\/p>\n\n\n\n<p>Bat\u0131 ve do\u011fu, Clara ile Dilara, tercihe (!) mecbur b\u0131rak\u0131ld\u0131\u011f\u0131m\u0131z hayat\u0131n hazin sembolleridir.<\/p>\n\n\n\n<p>Clara\u2019ya y\u00f6nelir, Dilara\u2019y\u0131 reddederiz. Clara\u2019y\u0131 y\u00fcceltir, Dilara\u2019y\u0131 k\u00fc\u00e7\u00fcmseriz.<\/p>\n\n\n\n<p>Clara bat\u0131l\u0131d\u0131r, bat\u0131dand\u0131r ve ba\u015f\u0131m\u0131z\u0131n tac\u0131d\u0131r. Bat\u0131da <em>e\u011fitim g\u00f6rmek,<\/em> her T\u00fcrk vatanda\u015f\u0131 i\u00e7in iyi bir CV demektir.<\/p>\n\n\n\n<p>Dilara bizdendir, yerlidir ve bu y\u00fczden \u00f6nemsizdir.<\/p>\n\n\n\n<p>Clara <em>risotto\u2019<\/em>dur<em>, parmesan <\/em>peyniridir, kruvasand\u0131r, \u201c<em>Oh my God<\/em>\u201dd\u0131r, \u201c<em>woow bi \u015fey\u201d<\/em>dir,<\/p>\n\n\n\n<p>Dilara otlu peynirdir, \u0131spanak b\u00f6re\u011fidir, lokma tatl\u0131s\u0131d\u0131r, \u201ceh i\u015fte\u201ddir.<\/p>\n\n\n\n<p>Clara tenis oynar, <em>gym\u2019<\/em>lerde boy g\u00f6sterir, beyaz tenlidir, sa\u00e7lar\u0131 -Donald Trump gibi s\u0131hhatli \u00e7ocuk kakas\u0131 renginde-sapsar\u0131d\u0131r, \u00fcstenci kahkahalar\u0131 vard\u0131r.<\/p>\n\n\n\n<p>Dilara\u2019n\u0131n esmer teni, simsiyah sa\u00e7lar\u0131, uzun kirpikleri ve tebess\u00fcm\u00fc, gizlemeye \u00e7al\u0131\u015ft\u0131\u011f\u0131 g\u00f6zya\u015flar\u0131 vard\u0131r.<\/p>\n\n\n\n<p>Klara <em>plaza\u2019<\/em>d\u0131r, <em>tower\u2019d\u0131r, rezidans\u2019t\u0131r. <\/em>Dilara m\u00fcstakil evdir, c\u00fcmle i\u00e7inde kullanmaya de\u011fmez.<\/p>\n\n\n\n<p>\u2026<\/p>\n\n\n\n<p>T\u00fcrkiye topraklar\u0131n\u0131n sadece y\u00fczde \u00fc\u00e7\u00fc Avrupa\u2019dad\u0131r; buna ra\u011fmen kendimizi Avrupal\u0131 olarak adland\u0131rmaya can atar\u0131z.<\/p>\n\n\n\n<p>\u2026<\/p>\n\n\n\n<p>Toplumumuzdaki <em>bat\u0131l\u0131 gibi<\/em> olma ve bu yoldan \u00fcst\u00fcn g\u00f6r\u00fcnme \u00e7abas\u0131 i\u00e7inde kendi \u00f6z benli\u011fini yitiren, ba\u015fkas\u0131 olamayan ama sonu\u00e7ta kendisi olarak da kalamayan insanlar\u0131n trajikomik hik\u00e2yesini bundan y\u00fcz k\u00fcsur y\u0131l \u00f6nce Recaizade Mahmut Ekrem, Araba Sevdas\u0131 adl\u0131 roman\u0131nda anlatm\u0131\u015ft\u0131 zaten, s\u00f6z\u00fc uzatmaya gerek yok.<\/p>\n\n\n\n<p>\u201cAlt\u0131 hayhayl\u0131\u201d, \u201c\u00fcst\u00fc vayvayl\u0131\u201d, \u201calt\u0131 kaval \u00fcst\u00fc \u015fe\u015fhane\u201d bu hayat alg\u0131m\u0131z, birbiriyle \u00e7eli\u015fik ve \u00e7apra\u015f\u0131k, arzusu Clara, kaderi Dilara de\u011fer yarg\u0131lar\u0131m\u0131z\u2026 \u0130\u00e7inde bulundu\u011fumuz kaosun temeli.<\/p>\n\n\n\n<p>Bu ruh-beden \u00e7eli\u015fkisi i\u00e7inde iflah olamay\u0131z.<\/p>\n\n\n\n<p><\/p>\n\n\n\n<p>B\u00f6yle gidersek adam olmay\u0131z. Dural\u0131m, kendimizi dinleyelim; b\u00f6yle gitmez, b\u00f6yle gitmeyelim.<\/p>\n","protected":false},"excerpt":{"rendered":"<p>\u201cFrans\u0131zca&#8230; Frans\u0131zcan\u0131n her l\u00e2k\u0131rd\u0131s\u0131 g\u00fczeldir&#8230;Bizimki gibi kaba de\u011fildir.\u201dRecaizade Mahmut EKREM \/ Araba Sevdas\u0131 \u0130ki gen\u00e7 k\u0131z \u00fczerinden tasavvur ediyorum y\u00fczlerce y\u0131ll\u0131k toplum hayat\u0131m\u0131z\u0131, d\u00fcnya alg\u0131m\u0131z\u0131. \u0130ki gen\u00e7 k\u0131z: biri oldu\u011fumuz, di\u011feri olmak istedi\u011fimiz. \u0130kisi de ayr\u0131 d\u00fcnyalar\u0131n insan\u0131; iki muhayyel karakter, birinin ad\u0131 Dilara, di\u011feri Clara\u2026 Dilara Fars\u00e7a k\u00f6kenli bir isim. Bize has, yani d\u00fcnyan\u0131n [&hellip;]<\/p>\n","protected":false},"author":14002,"featured_media":161248,"comment_status":"open","ping_status":"open","sticky":false,"template":"","format":"standard","meta":{"_yoast_wpseo_focuskw":"Dilara - Clara","_yoast_wpseo_title":"","_yoast_wpseo_metadesc":"\u0130ki gen\u00e7 k\u0131z \u00fczerinden tasavvur ediyorum y\u00fczlerce y\u0131ll\u0131k toplum hayat\u0131m\u0131z\u0131, d\u00fcnya alg\u0131m\u0131z\u0131. Birinin ad\u0131 Dilara, di\u011feri Clara\u2026","_bbp_topic_count":0,"_bbp_reply_count":0,"_bbp_total_topic_count":0,"_bbp_total_reply_count":0,"_bbp_voice_count":0,"_bbp_anonymous_reply_count":0,"_bbp_topic_count_hidden":0,"_bbp_reply_count_hidden":0,"_bbp_forum_subforum_count":0,"footnotes":"","_yoast_wpseo_focuskw_text_input":""},"categories":[9240],"tags":[11039,11037,11035,11038,11040,11036],"yoast_head":"<!-- This site is optimized with the Yoast SEO plugin v23.0 - https:\/\/yoast.com\/wordpress\/plugins\/seo\/ -->\n<title>Dilara \u0130le Clara - The Epoch Times TR<\/title>\n<meta name=\"description\" content=\"\u0130ki gen\u00e7 k\u0131z \u00fczerinden tasavvur ediyorum y\u00fczlerce y\u0131ll\u0131k toplum hayat\u0131m\u0131z\u0131, d\u00fcnya alg\u0131m\u0131z\u0131. Birinin ad\u0131 Dilara, di\u011feri Clara\u2026\" \/>\n<meta name=\"robots\" content=\"index, follow, max-snippet:-1, max-image-preview:large, max-video-preview:-1\" \/>\n<link rel=\"canonical\" href=\"https:\/\/epochtimestr.com\/index.php\/dilara-ile-clara\" \/>\n<meta property=\"og:locale\" content=\"tr_TR\" \/>\n<meta property=\"og:type\" content=\"article\" \/>\n<meta property=\"og:title\" content=\"Dilara \u0130le Clara - The Epoch Times TR\" \/>\n<meta property=\"og:description\" content=\"\u0130ki gen\u00e7 k\u0131z \u00fczerinden tasavvur ediyorum y\u00fczlerce y\u0131ll\u0131k toplum hayat\u0131m\u0131z\u0131, d\u00fcnya alg\u0131m\u0131z\u0131. Birinin ad\u0131 Dilara, di\u011feri Clara\u2026\" \/>\n<meta property=\"og:url\" content=\"https:\/\/epochtimestr.com\/index.php\/dilara-ile-clara\" \/>\n<meta property=\"og:site_name\" content=\"The Epoch Times TR\" \/>\n<meta property=\"article:publisher\" content=\"https:\/\/www.facebook.com\/theepochtimestr\" \/>\n<meta property=\"article:published_time\" content=\"2026-03-15T05:30:00+00:00\" \/>\n<meta property=\"article:modified_time\" content=\"2026-03-14T17:54:38+00:00\" \/>\n<meta property=\"og:image\" content=\"https:\/\/epochtimestr.com\/wp-content\/uploads\/2011y\/Omer-Karayilan-SM-2.jpg\" \/>\n\t<meta property=\"og:image:width\" content=\"1200\" \/>\n\t<meta property=\"og:image:height\" content=\"630\" \/>\n\t<meta property=\"og:image:type\" content=\"image\/jpeg\" \/>\n<meta name=\"author\" content=\"\u00d6mer Karay\u0131lan\" \/>\n<meta name=\"twitter:card\" content=\"summary_large_image\" \/>\n<meta name=\"twitter:creator\" content=\"@TheEpochTimesTR\" \/>\n<meta name=\"twitter:site\" content=\"@TheEpochTimesTR\" \/>\n<meta name=\"twitter:label1\" content=\"Yazan:\" \/>\n\t<meta name=\"twitter:data1\" content=\"\u00d6mer Karay\u0131lan\" \/>\n\t<meta name=\"twitter:label2\" content=\"Tahmini okuma s\u00fcresi\" \/>\n\t<meta name=\"twitter:data2\" content=\"4 dakika\" \/>\n<script type=\"application\/ld+json\" class=\"yoast-schema-graph\">{\"@context\":\"https:\/\/schema.org\",\"@graph\":[{\"@type\":\"Article\",\"@id\":\"https:\/\/epochtimestr.com\/index.php\/dilara-ile-clara#article\",\"isPartOf\":{\"@id\":\"https:\/\/epochtimestr.com\/index.php\/dilara-ile-clara\"},\"author\":{\"name\":\"\u00d6mer Karay\u0131lan\",\"@id\":\"https:\/\/epochtimestr.com\/#\/schema\/person\/ee101079be4d8fb9fb88cca6784e219b\"},\"headline\":\"Dilara \u0130le Clara\",\"datePublished\":\"2026-03-15T05:30:00+00:00\",\"dateModified\":\"2026-03-14T17:54:38+00:00\",\"mainEntityOfPage\":{\"@id\":\"https:\/\/epochtimestr.com\/index.php\/dilara-ile-clara\"},\"wordCount\":976,\"commentCount\":0,\"publisher\":{\"@id\":\"https:\/\/epochtimestr.com\/#organization\"},\"image\":{\"@id\":\"https:\/\/epochtimestr.com\/index.php\/dilara-ile-clara#primaryimage\"},\"thumbnailUrl\":\"https:\/\/epochtimestr.com\/wp-content\/uploads\/2011y\/Karayilan-Profil.png\",\"keywords\":[\"bat\u0131 k\u00fclt\u00fcr\u00fc\",\"bat\u0131-do\u011fu\",\"bat\u0131l\u0131 - do\u011fulu\",\"do\u011fu k\u00fclt\u00fcr\u00fc\",\"g\u00f6n\u00fcl\",\"kaos\"],\"articleSection\":[\"K\u00f6\u015fe Yaz\u0131lar\u0131 \u00d6mer Karay\u0131lan\"],\"inLanguage\":\"tr\",\"potentialAction\":[{\"@type\":\"CommentAction\",\"name\":\"Comment\",\"target\":[\"https:\/\/epochtimestr.com\/index.php\/dilara-ile-clara#respond\"]}]},{\"@type\":\"WebPage\",\"@id\":\"https:\/\/epochtimestr.com\/index.php\/dilara-ile-clara\",\"url\":\"https:\/\/epochtimestr.com\/index.php\/dilara-ile-clara\",\"name\":\"Dilara \u0130le Clara - The Epoch Times TR\",\"isPartOf\":{\"@id\":\"https:\/\/epochtimestr.com\/#website\"},\"primaryImageOfPage\":{\"@id\":\"https:\/\/epochtimestr.com\/index.php\/dilara-ile-clara#primaryimage\"},\"image\":{\"@id\":\"https:\/\/epochtimestr.com\/index.php\/dilara-ile-clara#primaryimage\"},\"thumbnailUrl\":\"https:\/\/epochtimestr.com\/wp-content\/uploads\/2011y\/Karayilan-Profil.png\",\"datePublished\":\"2026-03-15T05:30:00+00:00\",\"dateModified\":\"2026-03-14T17:54:38+00:00\",\"description\":\"\u0130ki gen\u00e7 k\u0131z \u00fczerinden tasavvur ediyorum y\u00fczlerce y\u0131ll\u0131k toplum hayat\u0131m\u0131z\u0131, d\u00fcnya alg\u0131m\u0131z\u0131. Birinin ad\u0131 Dilara, di\u011feri Clara\u2026\",\"inLanguage\":\"tr\",\"potentialAction\":[{\"@type\":\"ReadAction\",\"target\":[\"https:\/\/epochtimestr.com\/index.php\/dilara-ile-clara\"]}]},{\"@type\":\"ImageObject\",\"inLanguage\":\"tr\",\"@id\":\"https:\/\/epochtimestr.com\/index.php\/dilara-ile-clara#primaryimage\",\"url\":\"https:\/\/epochtimestr.com\/wp-content\/uploads\/2011y\/Karayilan-Profil.png\",\"contentUrl\":\"https:\/\/epochtimestr.com\/wp-content\/uploads\/2011y\/Karayilan-Profil.png\",\"width\":600,\"height\":600},{\"@type\":\"WebSite\",\"@id\":\"https:\/\/epochtimestr.com\/#website\",\"url\":\"https:\/\/epochtimestr.com\/\",\"name\":\"The Epoch Times TR\",\"description\":\"De\u011fi\u015fen D\u00fcnyam\u0131za Taze Bir Bak\u0131\u015f\",\"publisher\":{\"@id\":\"https:\/\/epochtimestr.com\/#organization\"},\"potentialAction\":[{\"@type\":\"SearchAction\",\"target\":{\"@type\":\"EntryPoint\",\"urlTemplate\":\"https:\/\/epochtimestr.com\/?s={search_term_string}\"},\"query-input\":\"required name=search_term_string\"}],\"inLanguage\":\"tr\"},{\"@type\":\"Organization\",\"@id\":\"https:\/\/epochtimestr.com\/#organization\",\"name\":\"The EpochTimes T\u00fcrkiye\",\"url\":\"https:\/\/epochtimestr.com\/\",\"logo\":{\"@type\":\"ImageObject\",\"inLanguage\":\"tr\",\"@id\":\"https:\/\/epochtimestr.com\/#\/schema\/logo\/image\/\",\"url\":\"https:\/\/epochtimestr.com\/wp-content\/uploads\/2011y\/ET-Logo-YG.jpg\",\"contentUrl\":\"https:\/\/epochtimestr.com\/wp-content\/uploads\/2011y\/ET-Logo-YG.jpg\",\"width\":346,\"height\":29,\"caption\":\"The EpochTimes T\u00fcrkiye\"},\"image\":{\"@id\":\"https:\/\/epochtimestr.com\/#\/schema\/logo\/image\/\"},\"sameAs\":[\"https:\/\/www.facebook.com\/theepochtimestr\",\"https:\/\/x.com\/TheEpochTimesTR\",\"https:\/\/www.instagram.com\/epochtimestr\"]},{\"@type\":\"Person\",\"@id\":\"https:\/\/epochtimestr.com\/#\/schema\/person\/ee101079be4d8fb9fb88cca6784e219b\",\"name\":\"\u00d6mer Karay\u0131lan\",\"image\":{\"@type\":\"ImageObject\",\"inLanguage\":\"tr\",\"@id\":\"https:\/\/epochtimestr.com\/#\/schema\/person\/image\/\",\"url\":\"https:\/\/secure.gravatar.com\/avatar\/23a8932f0189c3fe4c0e2731cb5eb5dd?s=96&d=mm&r=g\",\"contentUrl\":\"https:\/\/secure.gravatar.com\/avatar\/23a8932f0189c3fe4c0e2731cb5eb5dd?s=96&d=mm&r=g\",\"caption\":\"\u00d6mer Karay\u0131lan\"},\"url\":\"https:\/\/epochtimestr.com\/index.php\/author\/omer\"}]}<\/script>\n<!-- \/ Yoast SEO plugin. -->","yoast_head_json":{"title":"Dilara \u0130le Clara - The Epoch Times TR","description":"\u0130ki gen\u00e7 k\u0131z \u00fczerinden tasavvur ediyorum y\u00fczlerce y\u0131ll\u0131k toplum hayat\u0131m\u0131z\u0131, d\u00fcnya alg\u0131m\u0131z\u0131. Birinin ad\u0131 Dilara, di\u011feri Clara\u2026","robots":{"index":"index","follow":"follow","max-snippet":"max-snippet:-1","max-image-preview":"max-image-preview:large","max-video-preview":"max-video-preview:-1"},"canonical":"https:\/\/epochtimestr.com\/index.php\/dilara-ile-clara","og_locale":"tr_TR","og_type":"article","og_title":"Dilara \u0130le Clara - The Epoch Times TR","og_description":"\u0130ki gen\u00e7 k\u0131z \u00fczerinden tasavvur ediyorum y\u00fczlerce y\u0131ll\u0131k toplum hayat\u0131m\u0131z\u0131, d\u00fcnya alg\u0131m\u0131z\u0131. Birinin ad\u0131 Dilara, di\u011feri Clara\u2026","og_url":"https:\/\/epochtimestr.com\/index.php\/dilara-ile-clara","og_site_name":"The Epoch Times TR","article_publisher":"https:\/\/www.facebook.com\/theepochtimestr","article_published_time":"2026-03-15T05:30:00+00:00","article_modified_time":"2026-03-14T17:54:38+00:00","og_image":[{"width":1200,"height":630,"url":"https:\/\/epochtimestr.com\/wp-content\/uploads\/2011y\/Omer-Karayilan-SM-2.jpg","type":"image\/jpeg"}],"author":"\u00d6mer Karay\u0131lan","twitter_card":"summary_large_image","twitter_creator":"@TheEpochTimesTR","twitter_site":"@TheEpochTimesTR","twitter_misc":{"Yazan:":"\u00d6mer Karay\u0131lan","Tahmini okuma s\u00fcresi":"4 dakika"},"schema":{"@context":"https:\/\/schema.org","@graph":[{"@type":"Article","@id":"https:\/\/epochtimestr.com\/index.php\/dilara-ile-clara#article","isPartOf":{"@id":"https:\/\/epochtimestr.com\/index.php\/dilara-ile-clara"},"author":{"name":"\u00d6mer Karay\u0131lan","@id":"https:\/\/epochtimestr.com\/#\/schema\/person\/ee101079be4d8fb9fb88cca6784e219b"},"headline":"Dilara \u0130le Clara","datePublished":"2026-03-15T05:30:00+00:00","dateModified":"2026-03-14T17:54:38+00:00","mainEntityOfPage":{"@id":"https:\/\/epochtimestr.com\/index.php\/dilara-ile-clara"},"wordCount":976,"commentCount":0,"publisher":{"@id":"https:\/\/epochtimestr.com\/#organization"},"image":{"@id":"https:\/\/epochtimestr.com\/index.php\/dilara-ile-clara#primaryimage"},"thumbnailUrl":"https:\/\/epochtimestr.com\/wp-content\/uploads\/2011y\/Karayilan-Profil.png","keywords":["bat\u0131 k\u00fclt\u00fcr\u00fc","bat\u0131-do\u011fu","bat\u0131l\u0131 - do\u011fulu","do\u011fu k\u00fclt\u00fcr\u00fc","g\u00f6n\u00fcl","kaos"],"articleSection":["K\u00f6\u015fe Yaz\u0131lar\u0131 \u00d6mer Karay\u0131lan"],"inLanguage":"tr","potentialAction":[{"@type":"CommentAction","name":"Comment","target":["https:\/\/epochtimestr.com\/index.php\/dilara-ile-clara#respond"]}]},{"@type":"WebPage","@id":"https:\/\/epochtimestr.com\/index.php\/dilara-ile-clara","url":"https:\/\/epochtimestr.com\/index.php\/dilara-ile-clara","name":"Dilara \u0130le Clara - The Epoch Times TR","isPartOf":{"@id":"https:\/\/epochtimestr.com\/#website"},"primaryImageOfPage":{"@id":"https:\/\/epochtimestr.com\/index.php\/dilara-ile-clara#primaryimage"},"image":{"@id":"https:\/\/epochtimestr.com\/index.php\/dilara-ile-clara#primaryimage"},"thumbnailUrl":"https:\/\/epochtimestr.com\/wp-content\/uploads\/2011y\/Karayilan-Profil.png","datePublished":"2026-03-15T05:30:00+00:00","dateModified":"2026-03-14T17:54:38+00:00","description":"\u0130ki gen\u00e7 k\u0131z \u00fczerinden tasavvur ediyorum y\u00fczlerce y\u0131ll\u0131k toplum hayat\u0131m\u0131z\u0131, d\u00fcnya alg\u0131m\u0131z\u0131. Birinin ad\u0131 Dilara, di\u011feri Clara\u2026","inLanguage":"tr","potentialAction":[{"@type":"ReadAction","target":["https:\/\/epochtimestr.com\/index.php\/dilara-ile-clara"]}]},{"@type":"ImageObject","inLanguage":"tr","@id":"https:\/\/epochtimestr.com\/index.php\/dilara-ile-clara#primaryimage","url":"https:\/\/epochtimestr.com\/wp-content\/uploads\/2011y\/Karayilan-Profil.png","contentUrl":"https:\/\/epochtimestr.com\/wp-content\/uploads\/2011y\/Karayilan-Profil.png","width":600,"height":600},{"@type":"WebSite","@id":"https:\/\/epochtimestr.com\/#website","url":"https:\/\/epochtimestr.com\/","name":"The Epoch Times TR","description":"De\u011fi\u015fen D\u00fcnyam\u0131za Taze Bir Bak\u0131\u015f","publisher":{"@id":"https:\/\/epochtimestr.com\/#organization"},"potentialAction":[{"@type":"SearchAction","target":{"@type":"EntryPoint","urlTemplate":"https:\/\/epochtimestr.com\/?s={search_term_string}"},"query-input":"required name=search_term_string"}],"inLanguage":"tr"},{"@type":"Organization","@id":"https:\/\/epochtimestr.com\/#organization","name":"The EpochTimes T\u00fcrkiye","url":"https:\/\/epochtimestr.com\/","logo":{"@type":"ImageObject","inLanguage":"tr","@id":"https:\/\/epochtimestr.com\/#\/schema\/logo\/image\/","url":"https:\/\/epochtimestr.com\/wp-content\/uploads\/2011y\/ET-Logo-YG.jpg","contentUrl":"https:\/\/epochtimestr.com\/wp-content\/uploads\/2011y\/ET-Logo-YG.jpg","width":346,"height":29,"caption":"The EpochTimes T\u00fcrkiye"},"image":{"@id":"https:\/\/epochtimestr.com\/#\/schema\/logo\/image\/"},"sameAs":["https:\/\/www.facebook.com\/theepochtimestr","https:\/\/x.com\/TheEpochTimesTR","https:\/\/www.instagram.com\/epochtimestr"]},{"@type":"Person","@id":"https:\/\/epochtimestr.com\/#\/schema\/person\/ee101079be4d8fb9fb88cca6784e219b","name":"\u00d6mer Karay\u0131lan","image":{"@type":"ImageObject","inLanguage":"tr","@id":"https:\/\/epochtimestr.com\/#\/schema\/person\/image\/","url":"https:\/\/secure.gravatar.com\/avatar\/23a8932f0189c3fe4c0e2731cb5eb5dd?s=96&d=mm&r=g","contentUrl":"https:\/\/secure.gravatar.com\/avatar\/23a8932f0189c3fe4c0e2731cb5eb5dd?s=96&d=mm&r=g","caption":"\u00d6mer Karay\u0131lan"},"url":"https:\/\/epochtimestr.com\/index.php\/author\/omer"}]}},"_links":{"self":[{"href":"https:\/\/epochtimestr.com\/index.php\/wp-json\/wp\/v2\/posts\/166285"}],"collection":[{"href":"https:\/\/epochtimestr.com\/index.php\/wp-json\/wp\/v2\/posts"}],"about":[{"href":"https:\/\/epochtimestr.com\/index.php\/wp-json\/wp\/v2\/types\/post"}],"author":[{"embeddable":true,"href":"https:\/\/epochtimestr.com\/index.php\/wp-json\/wp\/v2\/users\/14002"}],"replies":[{"embeddable":true,"href":"https:\/\/epochtimestr.com\/index.php\/wp-json\/wp\/v2\/comments?post=166285"}],"version-history":[{"count":3,"href":"https:\/\/epochtimestr.com\/index.php\/wp-json\/wp\/v2\/posts\/166285\/revisions"}],"predecessor-version":[{"id":166289,"href":"https:\/\/epochtimestr.com\/index.php\/wp-json\/wp\/v2\/posts\/166285\/revisions\/166289"}],"wp:featuredmedia":[{"embeddable":true,"href":"https:\/\/epochtimestr.com\/index.php\/wp-json\/wp\/v2\/media\/161248"}],"wp:attachment":[{"href":"https:\/\/epochtimestr.com\/index.php\/wp-json\/wp\/v2\/media?parent=166285"}],"wp:term":[{"taxonomy":"category","embeddable":true,"href":"https:\/\/epochtimestr.com\/index.php\/wp-json\/wp\/v2\/categories?post=166285"},{"taxonomy":"post_tag","embeddable":true,"href":"https:\/\/epochtimestr.com\/index.php\/wp-json\/wp\/v2\/tags?post=166285"}],"curies":[{"name":"wp","href":"https:\/\/api.w.org\/{rel}","templated":true}]}}