{"id":166321,"date":"2026-03-17T11:50:02","date_gmt":"2026-03-17T08:50:02","guid":{"rendered":"https:\/\/epochtimestr.com\/?p=166321"},"modified":"2026-03-17T11:50:05","modified_gmt":"2026-03-17T08:50:05","slug":"kaliplari-ve-kendini-yikan-baskan","status":"publish","type":"post","link":"https:\/\/epochtimestr.com\/index.php\/kaliplari-ve-kendini-yikan-baskan","title":{"rendered":"Kal\u0131plar\u0131 ve Kendini Y\u0131kan Ba\u015fkan"},"content":{"rendered":"\n<p class=\"has-text-align-right\">\u201cEn y\u00fcksek makam, g\u00fcven makam\u0131d\u0131r\u201d<\/p>\n\n\n\n<p>Ya\u015fad\u0131\u011f\u0131m\u0131z bili\u015fim \u00e7a\u011f\u0131nda hi\u00e7bir \u015fey sakl\u0131 gizli kalmaz. Politikada \u00fcst s\u0131ralara oynayan her insan bunun bilinci ile hareket etmelidir. Bilhassa yak\u0131n ge\u00e7mi\u015finizde a\u00e7\u0131klar varsa, pe\u015finen politika yolunu b\u0131rakmal\u0131s\u0131n\u0131z. Veya hi\u00e7 bula\u015fmamal\u0131s\u0131n\u0131z. Sonunda mutlaka bir yerden yakay\u0131 ele verirsiniz ki g\u00fcn\u00fcm\u00fcz \u00f6rneklerle dolu. Gerek i\u00e7 politikada, gerekse d\u00fcnyada ilgin\u00e7 olaylar, ili\u015fkiler a\u00e7\u0131\u011fa \u00e7\u0131k\u0131yor. Makam\u0131ndan olanlara, yarg\u0131lananlara tan\u0131kl\u0131k ediyoruz.<\/p>\n\n\n\n<p>Bug\u00fcn daha \u00e7ok ABD ba\u015fkan\u0131ndan s\u00f6z etmek istiyorum. Ba\u015fkan \u00f6nce yerle\u015fik kal\u0131plar\u0131, team\u00fclleri y\u0131kt\u0131. Se\u00e7ildi\u011finde ge\u00e7mi\u015fle hesapla\u015fmak isteyen, bar\u0131\u015f\u00e7\u0131l politikalara f\u0131rsat tan\u0131yaca\u011f\u0131na inan\u0131lan Mr. Trump, \u015fimdilerde ise kendini bitirmekle me\u015fgul. Son \u0130ran sald\u0131r\u0131s\u0131yla Trump kendini bir \u00e7\u0131kmaza soktu ve muhtemeldir ki g\u00f6rev s\u00fcresi bitmeden makam\u0131ndan da olacak.<\/p>\n\n\n\n<p>Biliyorsunuz \u0130ngiltere ve ABD\u2019nin aras\u0131 a\u00e7\u0131k. \u0130ngiliz yetkilinin biri: \u201csorunlar\u0131n fark\u0131nday\u0131z fakat biz sosyal medya \u00fczerinden diplomasi y\u00fcr\u00fctmeyi bilmeyiz\u201d diyerek \u015fa\u015f\u0131rt\u0131c\u0131 bir tespitte bulundu. \u0130ngilizler diplomasiyi hakk\u0131yla ama kapal\u0131 kap\u0131lar ard\u0131ndan y\u00fcr\u00fct\u00fcr. Oysa Trump, sosyal medyay\u0131 kullanmay\u0131 ve s\u00fcrekli a\u00e7\u0131klamalar yapmay\u0131 seviyor.<\/p>\n\n\n\n<p>Kural ve hukuk tan\u0131maz taraflar\u0131, k\u0131\u015fk\u0131rtan s\u00f6ylemleri, kibirli hareketleri, parlamentoyu dolanmay\u0131 ve kendi ba\u015f\u0131na kararlar almay\u0131 seven biri Trump. Geleneksel kurallar\u0131, devlet ciddiyetini, diplomatik team\u00fclleri kullanmayan ya da b\u00fcy\u00fck ihtimalle bilmeyen biri. Zaten kendisi ticaretten geliyor. B\u00fcrokrasiyi tan\u0131m\u0131yor ve sevmiyor.<\/p>\n\n\n\n<p>Uzun y\u0131llar TV\u2019de \u2018\u00c7\u0131rak\u2019 adl\u0131 bir kariyer \u015fov program\u0131 yapm\u0131\u015ft\u0131. Orada ba\u015far\u0131s\u0131z olan yar\u0131\u015fmac\u0131lara hep \u2018kovuldun\u2019 diye hitap ederdi. Zengin, \u015f\u0131mar\u0131k, kibirli ve kovmaya, istedi\u011fini an\u0131nda elde etmeye al\u0131\u015f\u0131k. Devlet ciddiyeti ise sab\u0131r ister, uzla\u015f\u0131 ister, hukuka ba\u011fl\u0131l\u0131k gerektirir. Ama Trump\u2019\u0131n \u00f6yle bir derdi yok. \u00dclkeyi ve hatta d\u00fcnyay\u0131 \u015firket gibi y\u00f6netmek istiyor. Fakat her \u015feyin bir hakk\u0131, hududu vard\u0131r. D\u00fcnya bir ki\u015finin inisiyatifine terk edilemez!<\/p>\n\n\n\n<p>T\u00fcm d\u00fcnyaya g\u00fcmr\u00fck vergileri koydu; ABD y\u00fcksek mahkemesi durdurdu. G\u00f6\u00e7menler ile ilgili y\u0131\u011f\u0131nla kararlar ald\u0131; bir\u00e7o\u011fu yarg\u0131 engeline tak\u0131ld\u0131. Kongreye dan\u0131\u015fmadan sava\u015f a\u00e7\u0131yor. Uluslararas\u0131 kurulu\u015flar\u0131, m\u00fcttefiklerini falan yok say\u0131yor. Adeta \u0130srail elinde oyuncak oldu. Akl\u0131na geleni de\u011fil a\u011fz\u0131na geleni s\u00f6yl\u00fcyor. Bug\u00fcn ba\u015fka, yar\u0131n bir ba\u015fka konu\u015fuyor. S\u00f6zleri t\u00fcm d\u00fcnyada g\u00fcvenilmez addediliyor.<\/p>\n\n\n\n<p>G\u00fcya bitmeyen sava\u015flar\u0131 bitirmek i\u00e7in gelmi\u015fti. Sava\u015f a\u00e7mayacakt\u0131. Savunma Bakanl\u0131\u011f\u0131\u2019n\u0131n ad\u0131n\u0131 bile Sava\u015f Bakanl\u0131\u011f\u0131 olarak de\u011fi\u015ftirdi. \u0130ktidara geldi\u011finde s\u00f6ylediklerinin tersini yapmaya ba\u015flad\u0131. Ne yalan s\u00f6yleyeyim bende tam bir hayal k\u0131r\u0131kl\u0131\u011f\u0131 yaratt\u0131.<\/p>\n\n\n\n<p>Ancak t\u00fcm bunlar\u0131 kendi iste\u011fiyle yapmad\u0131\u011f\u0131, buna zorland\u0131\u011f\u0131 iddias\u0131 \u00e7ok yayg\u0131n. D\u00fcnya medyas\u0131 Trump\u2019\u0131n \u0130srail \u015fantaj\u0131 alt\u0131nda tutsak edildi\u011fini konu\u015fuyor. Onun \u00f6zel ya\u015fam\u0131, ticari ya\u015fam\u0131 demek ki a\u00e7\u0131klarla dolu. Hatta \u00f6yle bir iddia ortaya at\u0131ld\u0131 ki dudak u\u00e7uklatan, yok \u00f6yle dedirten cinsten.<\/p>\n\n\n\n<p>\u0130ddialara g\u00f6re Trump ve ailesi \u0130srail taraf\u0131ndan, dediklerini yapmazsa suikastla tehdit ediliyormu\u015f. Olur mu? Olur. M\u00fcmk\u00fcn m\u00fcd\u00fcr? Gelinen noktada her \u015fey m\u00fcmk\u00fcnd\u00fcr.<\/p>\n\n\n\n<p>ABD, \u0130srail vesayeti alt\u0131ndan \u00e7\u0131kmadan kendi olamaz, huzur bulamaz. \u015e\u00f6yle bir d\u00fc\u015f\u00fcn\u00fcn! \u0130srail m\u00fcdafili\u011fi olmad\u0131\u011f\u0131nda, ABD\u2019nin eli \u00e7ok rahatlard\u0131. \u0130slam co\u011frafyas\u0131yla iyi ili\u015fkiler geli\u015ftirebilirdi. Sava\u015flara, askeriyeye ay\u0131rd\u0131\u011f\u0131 paralar\u0131, halk\u0131n\u0131n refah\u0131na harcayabilirdi.<\/p>\n\n\n\n<p>Ben Trump\u2019\u0131n \u0130srail\u2019in pe\u015fine isteyerek tak\u0131ld\u0131\u011f\u0131n\u0131 d\u00fc\u015f\u00fcnm\u00fcyorum &#8211; ki o da \u0130srail\u2019i sevmiyordur bundan eminim. Ama gel g\u00f6r ki adam yakay\u0131 kapt\u0131rm\u0131\u015f bir kere! Bundan sonras\u0131 i\u00e7in Trump\u2019\u0131 hi\u00e7 iyi g\u00fcnler beklemiyor; zira ABD m\u00fcesses nizam\u0131 onu kendi haline b\u0131rakm\u0131yor. B\u00fcy\u00fck ihtimalle g\u00f6rev s\u00fcresi bitmeden gider. Yarg\u0131lanmas\u0131 da \u00e7ok muhtemeldir.<\/p>\n","protected":false},"excerpt":{"rendered":"<p>\u201cEn y\u00fcksek makam, g\u00fcven makam\u0131d\u0131r\u201d Ya\u015fad\u0131\u011f\u0131m\u0131z bili\u015fim \u00e7a\u011f\u0131nda hi\u00e7bir \u015fey sakl\u0131 gizli kalmaz. Politikada \u00fcst s\u0131ralara oynayan her insan bunun bilinci ile hareket etmelidir. Bilhassa yak\u0131n ge\u00e7mi\u015finizde a\u00e7\u0131klar varsa, pe\u015finen politika yolunu b\u0131rakmal\u0131s\u0131n\u0131z. Veya hi\u00e7 bula\u015fmamal\u0131s\u0131n\u0131z. Sonunda mutlaka bir yerden yakay\u0131 ele verirsiniz ki g\u00fcn\u00fcm\u00fcz \u00f6rneklerle dolu. Gerek i\u00e7 politikada, gerekse d\u00fcnyada ilgin\u00e7 olaylar, ili\u015fkiler [&hellip;]<\/p>\n","protected":false},"author":14001,"featured_media":161038,"comment_status":"open","ping_status":"open","sticky":false,"template":"","format":"standard","meta":{"_yoast_wpseo_focuskw":"Trump","_yoast_wpseo_title":"","_yoast_wpseo_metadesc":"Se\u00e7ildi\u011finde ge\u00e7mi\u015fle hesapla\u015fmak isteyen, bar\u0131\u015f\u00e7\u0131l politikalara f\u0131rsat tan\u0131yaca\u011f\u0131na inan\u0131lan Trump, \u015fimdilerde kendini bitirmekle me\u015fgul.","_bbp_topic_count":0,"_bbp_reply_count":0,"_bbp_total_topic_count":0,"_bbp_total_reply_count":0,"_bbp_voice_count":0,"_bbp_anonymous_reply_count":0,"_bbp_topic_count_hidden":0,"_bbp_reply_count_hidden":0,"_bbp_forum_subforum_count":0,"footnotes":"","_yoast_wpseo_focuskw_text_input":""},"categories":[9170],"tags":[407,5764],"yoast_head":"<!-- This site is optimized with the Yoast SEO plugin v23.0 - https:\/\/yoast.com\/wordpress\/plugins\/seo\/ -->\n<title>Kal\u0131plar\u0131 ve Kendini Y\u0131kan Ba\u015fkan - The Epoch Times TR<\/title>\n<meta name=\"description\" content=\"Se\u00e7ildi\u011finde ge\u00e7mi\u015fle hesapla\u015fmak isteyen, bar\u0131\u015f\u00e7\u0131l politikalara f\u0131rsat tan\u0131yaca\u011f\u0131na inan\u0131lan Trump, \u015fimdilerde kendini bitirmekle me\u015fgul.\" \/>\n<meta name=\"robots\" content=\"index, follow, max-snippet:-1, max-image-preview:large, max-video-preview:-1\" \/>\n<link rel=\"canonical\" href=\"https:\/\/epochtimestr.com\/index.php\/kaliplari-ve-kendini-yikan-baskan\" \/>\n<meta property=\"og:locale\" content=\"tr_TR\" \/>\n<meta property=\"og:type\" content=\"article\" \/>\n<meta property=\"og:title\" content=\"Kal\u0131plar\u0131 ve Kendini Y\u0131kan Ba\u015fkan - The Epoch Times TR\" \/>\n<meta property=\"og:description\" content=\"Se\u00e7ildi\u011finde ge\u00e7mi\u015fle hesapla\u015fmak isteyen, bar\u0131\u015f\u00e7\u0131l politikalara f\u0131rsat tan\u0131yaca\u011f\u0131na inan\u0131lan Trump, \u015fimdilerde kendini bitirmekle me\u015fgul.\" \/>\n<meta property=\"og:url\" content=\"https:\/\/epochtimestr.com\/index.php\/kaliplari-ve-kendini-yikan-baskan\" \/>\n<meta property=\"og:site_name\" content=\"The Epoch Times TR\" \/>\n<meta property=\"article:publisher\" content=\"https:\/\/www.facebook.com\/theepochtimestr\" \/>\n<meta property=\"article:published_time\" content=\"2026-03-17T08:50:02+00:00\" \/>\n<meta property=\"article:modified_time\" content=\"2026-03-17T08:50:05+00:00\" \/>\n<meta property=\"og:image\" content=\"https:\/\/epochtimestr.com\/wp-content\/uploads\/2011y\/BEKIR-ZORBA-SM-2.png\" \/>\n\t<meta property=\"og:image:width\" content=\"1200\" \/>\n\t<meta property=\"og:image:height\" content=\"630\" \/>\n\t<meta property=\"og:image:type\" content=\"image\/png\" \/>\n<meta name=\"author\" content=\"Bekir Zorba\" \/>\n<meta name=\"twitter:card\" content=\"summary_large_image\" \/>\n<meta name=\"twitter:creator\" content=\"@TheEpochTimesTR\" \/>\n<meta name=\"twitter:site\" content=\"@TheEpochTimesTR\" \/>\n<meta name=\"twitter:label1\" content=\"Yazan:\" \/>\n\t<meta name=\"twitter:data1\" content=\"Bekir Zorba\" \/>\n\t<meta name=\"twitter:label2\" content=\"Tahmini okuma s\u00fcresi\" \/>\n\t<meta name=\"twitter:data2\" content=\"4 dakika\" \/>\n<script type=\"application\/ld+json\" class=\"yoast-schema-graph\">{\"@context\":\"https:\/\/schema.org\",\"@graph\":[{\"@type\":\"Article\",\"@id\":\"https:\/\/epochtimestr.com\/index.php\/kaliplari-ve-kendini-yikan-baskan#article\",\"isPartOf\":{\"@id\":\"https:\/\/epochtimestr.com\/index.php\/kaliplari-ve-kendini-yikan-baskan\"},\"author\":{\"name\":\"Bekir Zorba\",\"@id\":\"https:\/\/epochtimestr.com\/#\/schema\/person\/da1ad104599611965442ed3e7e9acb2b\"},\"headline\":\"Kal\u0131plar\u0131 ve Kendini Y\u0131kan Ba\u015fkan\",\"datePublished\":\"2026-03-17T08:50:02+00:00\",\"dateModified\":\"2026-03-17T08:50:05+00:00\",\"mainEntityOfPage\":{\"@id\":\"https:\/\/epochtimestr.com\/index.php\/kaliplari-ve-kendini-yikan-baskan\"},\"wordCount\":707,\"commentCount\":0,\"publisher\":{\"@id\":\"https:\/\/epochtimestr.com\/#organization\"},\"image\":{\"@id\":\"https:\/\/epochtimestr.com\/index.php\/kaliplari-ve-kendini-yikan-baskan#primaryimage\"},\"thumbnailUrl\":\"https:\/\/epochtimestr.com\/wp-content\/uploads\/2011y\/Bekir-Zorba.png\",\"keywords\":[\"ABD\",\"Trump\"],\"articleSection\":[\"K\u00f6\u015fe Yaz\u0131lar\u0131 Bekir Zorba\"],\"inLanguage\":\"tr\",\"potentialAction\":[{\"@type\":\"CommentAction\",\"name\":\"Comment\",\"target\":[\"https:\/\/epochtimestr.com\/index.php\/kaliplari-ve-kendini-yikan-baskan#respond\"]}]},{\"@type\":\"WebPage\",\"@id\":\"https:\/\/epochtimestr.com\/index.php\/kaliplari-ve-kendini-yikan-baskan\",\"url\":\"https:\/\/epochtimestr.com\/index.php\/kaliplari-ve-kendini-yikan-baskan\",\"name\":\"Kal\u0131plar\u0131 ve Kendini Y\u0131kan Ba\u015fkan - The Epoch Times TR\",\"isPartOf\":{\"@id\":\"https:\/\/epochtimestr.com\/#website\"},\"primaryImageOfPage\":{\"@id\":\"https:\/\/epochtimestr.com\/index.php\/kaliplari-ve-kendini-yikan-baskan#primaryimage\"},\"image\":{\"@id\":\"https:\/\/epochtimestr.com\/index.php\/kaliplari-ve-kendini-yikan-baskan#primaryimage\"},\"thumbnailUrl\":\"https:\/\/epochtimestr.com\/wp-content\/uploads\/2011y\/Bekir-Zorba.png\",\"datePublished\":\"2026-03-17T08:50:02+00:00\",\"dateModified\":\"2026-03-17T08:50:05+00:00\",\"description\":\"Se\u00e7ildi\u011finde ge\u00e7mi\u015fle hesapla\u015fmak isteyen, bar\u0131\u015f\u00e7\u0131l politikalara f\u0131rsat tan\u0131yaca\u011f\u0131na inan\u0131lan Trump, \u015fimdilerde kendini bitirmekle me\u015fgul.\",\"inLanguage\":\"tr\",\"potentialAction\":[{\"@type\":\"ReadAction\",\"target\":[\"https:\/\/epochtimestr.com\/index.php\/kaliplari-ve-kendini-yikan-baskan\"]}]},{\"@type\":\"ImageObject\",\"inLanguage\":\"tr\",\"@id\":\"https:\/\/epochtimestr.com\/index.php\/kaliplari-ve-kendini-yikan-baskan#primaryimage\",\"url\":\"https:\/\/epochtimestr.com\/wp-content\/uploads\/2011y\/Bekir-Zorba.png\",\"contentUrl\":\"https:\/\/epochtimestr.com\/wp-content\/uploads\/2011y\/Bekir-Zorba.png\",\"width\":600,\"height\":600},{\"@type\":\"WebSite\",\"@id\":\"https:\/\/epochtimestr.com\/#website\",\"url\":\"https:\/\/epochtimestr.com\/\",\"name\":\"The Epoch Times TR\",\"description\":\"De\u011fi\u015fen D\u00fcnyam\u0131za Taze Bir Bak\u0131\u015f\",\"publisher\":{\"@id\":\"https:\/\/epochtimestr.com\/#organization\"},\"potentialAction\":[{\"@type\":\"SearchAction\",\"target\":{\"@type\":\"EntryPoint\",\"urlTemplate\":\"https:\/\/epochtimestr.com\/?s={search_term_string}\"},\"query-input\":\"required name=search_term_string\"}],\"inLanguage\":\"tr\"},{\"@type\":\"Organization\",\"@id\":\"https:\/\/epochtimestr.com\/#organization\",\"name\":\"The EpochTimes T\u00fcrkiye\",\"url\":\"https:\/\/epochtimestr.com\/\",\"logo\":{\"@type\":\"ImageObject\",\"inLanguage\":\"tr\",\"@id\":\"https:\/\/epochtimestr.com\/#\/schema\/logo\/image\/\",\"url\":\"https:\/\/epochtimestr.com\/wp-content\/uploads\/2011y\/ET-Logo-YG.jpg\",\"contentUrl\":\"https:\/\/epochtimestr.com\/wp-content\/uploads\/2011y\/ET-Logo-YG.jpg\",\"width\":346,\"height\":29,\"caption\":\"The EpochTimes T\u00fcrkiye\"},\"image\":{\"@id\":\"https:\/\/epochtimestr.com\/#\/schema\/logo\/image\/\"},\"sameAs\":[\"https:\/\/www.facebook.com\/theepochtimestr\",\"https:\/\/x.com\/TheEpochTimesTR\",\"https:\/\/www.instagram.com\/epochtimestr\"]},{\"@type\":\"Person\",\"@id\":\"https:\/\/epochtimestr.com\/#\/schema\/person\/da1ad104599611965442ed3e7e9acb2b\",\"name\":\"Bekir Zorba\",\"image\":{\"@type\":\"ImageObject\",\"inLanguage\":\"tr\",\"@id\":\"https:\/\/epochtimestr.com\/#\/schema\/person\/image\/\",\"url\":\"https:\/\/secure.gravatar.com\/avatar\/eafd40d9b77b1fbf7c565a3d4916b79c?s=96&d=mm&r=g\",\"contentUrl\":\"https:\/\/secure.gravatar.com\/avatar\/eafd40d9b77b1fbf7c565a3d4916b79c?s=96&d=mm&r=g\",\"caption\":\"Bekir Zorba\"},\"url\":\"https:\/\/epochtimestr.com\/index.php\/author\/bekir\"}]}<\/script>\n<!-- \/ Yoast SEO plugin. -->","yoast_head_json":{"title":"Kal\u0131plar\u0131 ve Kendini Y\u0131kan Ba\u015fkan - The Epoch Times TR","description":"Se\u00e7ildi\u011finde ge\u00e7mi\u015fle hesapla\u015fmak isteyen, bar\u0131\u015f\u00e7\u0131l politikalara f\u0131rsat tan\u0131yaca\u011f\u0131na inan\u0131lan Trump, \u015fimdilerde kendini bitirmekle me\u015fgul.","robots":{"index":"index","follow":"follow","max-snippet":"max-snippet:-1","max-image-preview":"max-image-preview:large","max-video-preview":"max-video-preview:-1"},"canonical":"https:\/\/epochtimestr.com\/index.php\/kaliplari-ve-kendini-yikan-baskan","og_locale":"tr_TR","og_type":"article","og_title":"Kal\u0131plar\u0131 ve Kendini Y\u0131kan Ba\u015fkan - The Epoch Times TR","og_description":"Se\u00e7ildi\u011finde ge\u00e7mi\u015fle hesapla\u015fmak isteyen, bar\u0131\u015f\u00e7\u0131l politikalara f\u0131rsat tan\u0131yaca\u011f\u0131na inan\u0131lan Trump, \u015fimdilerde kendini bitirmekle me\u015fgul.","og_url":"https:\/\/epochtimestr.com\/index.php\/kaliplari-ve-kendini-yikan-baskan","og_site_name":"The Epoch Times TR","article_publisher":"https:\/\/www.facebook.com\/theepochtimestr","article_published_time":"2026-03-17T08:50:02+00:00","article_modified_time":"2026-03-17T08:50:05+00:00","og_image":[{"width":1200,"height":630,"url":"https:\/\/epochtimestr.com\/wp-content\/uploads\/2011y\/BEKIR-ZORBA-SM-2.png","type":"image\/png"}],"author":"Bekir Zorba","twitter_card":"summary_large_image","twitter_creator":"@TheEpochTimesTR","twitter_site":"@TheEpochTimesTR","twitter_misc":{"Yazan:":"Bekir Zorba","Tahmini okuma s\u00fcresi":"4 dakika"},"schema":{"@context":"https:\/\/schema.org","@graph":[{"@type":"Article","@id":"https:\/\/epochtimestr.com\/index.php\/kaliplari-ve-kendini-yikan-baskan#article","isPartOf":{"@id":"https:\/\/epochtimestr.com\/index.php\/kaliplari-ve-kendini-yikan-baskan"},"author":{"name":"Bekir Zorba","@id":"https:\/\/epochtimestr.com\/#\/schema\/person\/da1ad104599611965442ed3e7e9acb2b"},"headline":"Kal\u0131plar\u0131 ve Kendini Y\u0131kan Ba\u015fkan","datePublished":"2026-03-17T08:50:02+00:00","dateModified":"2026-03-17T08:50:05+00:00","mainEntityOfPage":{"@id":"https:\/\/epochtimestr.com\/index.php\/kaliplari-ve-kendini-yikan-baskan"},"wordCount":707,"commentCount":0,"publisher":{"@id":"https:\/\/epochtimestr.com\/#organization"},"image":{"@id":"https:\/\/epochtimestr.com\/index.php\/kaliplari-ve-kendini-yikan-baskan#primaryimage"},"thumbnailUrl":"https:\/\/epochtimestr.com\/wp-content\/uploads\/2011y\/Bekir-Zorba.png","keywords":["ABD","Trump"],"articleSection":["K\u00f6\u015fe Yaz\u0131lar\u0131 Bekir Zorba"],"inLanguage":"tr","potentialAction":[{"@type":"CommentAction","name":"Comment","target":["https:\/\/epochtimestr.com\/index.php\/kaliplari-ve-kendini-yikan-baskan#respond"]}]},{"@type":"WebPage","@id":"https:\/\/epochtimestr.com\/index.php\/kaliplari-ve-kendini-yikan-baskan","url":"https:\/\/epochtimestr.com\/index.php\/kaliplari-ve-kendini-yikan-baskan","name":"Kal\u0131plar\u0131 ve Kendini Y\u0131kan Ba\u015fkan - The Epoch Times TR","isPartOf":{"@id":"https:\/\/epochtimestr.com\/#website"},"primaryImageOfPage":{"@id":"https:\/\/epochtimestr.com\/index.php\/kaliplari-ve-kendini-yikan-baskan#primaryimage"},"image":{"@id":"https:\/\/epochtimestr.com\/index.php\/kaliplari-ve-kendini-yikan-baskan#primaryimage"},"thumbnailUrl":"https:\/\/epochtimestr.com\/wp-content\/uploads\/2011y\/Bekir-Zorba.png","datePublished":"2026-03-17T08:50:02+00:00","dateModified":"2026-03-17T08:50:05+00:00","description":"Se\u00e7ildi\u011finde ge\u00e7mi\u015fle hesapla\u015fmak isteyen, bar\u0131\u015f\u00e7\u0131l politikalara f\u0131rsat tan\u0131yaca\u011f\u0131na inan\u0131lan Trump, \u015fimdilerde kendini bitirmekle me\u015fgul.","inLanguage":"tr","potentialAction":[{"@type":"ReadAction","target":["https:\/\/epochtimestr.com\/index.php\/kaliplari-ve-kendini-yikan-baskan"]}]},{"@type":"ImageObject","inLanguage":"tr","@id":"https:\/\/epochtimestr.com\/index.php\/kaliplari-ve-kendini-yikan-baskan#primaryimage","url":"https:\/\/epochtimestr.com\/wp-content\/uploads\/2011y\/Bekir-Zorba.png","contentUrl":"https:\/\/epochtimestr.com\/wp-content\/uploads\/2011y\/Bekir-Zorba.png","width":600,"height":600},{"@type":"WebSite","@id":"https:\/\/epochtimestr.com\/#website","url":"https:\/\/epochtimestr.com\/","name":"The Epoch Times TR","description":"De\u011fi\u015fen D\u00fcnyam\u0131za Taze Bir Bak\u0131\u015f","publisher":{"@id":"https:\/\/epochtimestr.com\/#organization"},"potentialAction":[{"@type":"SearchAction","target":{"@type":"EntryPoint","urlTemplate":"https:\/\/epochtimestr.com\/?s={search_term_string}"},"query-input":"required name=search_term_string"}],"inLanguage":"tr"},{"@type":"Organization","@id":"https:\/\/epochtimestr.com\/#organization","name":"The EpochTimes T\u00fcrkiye","url":"https:\/\/epochtimestr.com\/","logo":{"@type":"ImageObject","inLanguage":"tr","@id":"https:\/\/epochtimestr.com\/#\/schema\/logo\/image\/","url":"https:\/\/epochtimestr.com\/wp-content\/uploads\/2011y\/ET-Logo-YG.jpg","contentUrl":"https:\/\/epochtimestr.com\/wp-content\/uploads\/2011y\/ET-Logo-YG.jpg","width":346,"height":29,"caption":"The EpochTimes T\u00fcrkiye"},"image":{"@id":"https:\/\/epochtimestr.com\/#\/schema\/logo\/image\/"},"sameAs":["https:\/\/www.facebook.com\/theepochtimestr","https:\/\/x.com\/TheEpochTimesTR","https:\/\/www.instagram.com\/epochtimestr"]},{"@type":"Person","@id":"https:\/\/epochtimestr.com\/#\/schema\/person\/da1ad104599611965442ed3e7e9acb2b","name":"Bekir Zorba","image":{"@type":"ImageObject","inLanguage":"tr","@id":"https:\/\/epochtimestr.com\/#\/schema\/person\/image\/","url":"https:\/\/secure.gravatar.com\/avatar\/eafd40d9b77b1fbf7c565a3d4916b79c?s=96&d=mm&r=g","contentUrl":"https:\/\/secure.gravatar.com\/avatar\/eafd40d9b77b1fbf7c565a3d4916b79c?s=96&d=mm&r=g","caption":"Bekir Zorba"},"url":"https:\/\/epochtimestr.com\/index.php\/author\/bekir"}]}},"_links":{"self":[{"href":"https:\/\/epochtimestr.com\/index.php\/wp-json\/wp\/v2\/posts\/166321"}],"collection":[{"href":"https:\/\/epochtimestr.com\/index.php\/wp-json\/wp\/v2\/posts"}],"about":[{"href":"https:\/\/epochtimestr.com\/index.php\/wp-json\/wp\/v2\/types\/post"}],"author":[{"embeddable":true,"href":"https:\/\/epochtimestr.com\/index.php\/wp-json\/wp\/v2\/users\/14001"}],"replies":[{"embeddable":true,"href":"https:\/\/epochtimestr.com\/index.php\/wp-json\/wp\/v2\/comments?post=166321"}],"version-history":[{"count":1,"href":"https:\/\/epochtimestr.com\/index.php\/wp-json\/wp\/v2\/posts\/166321\/revisions"}],"predecessor-version":[{"id":166322,"href":"https:\/\/epochtimestr.com\/index.php\/wp-json\/wp\/v2\/posts\/166321\/revisions\/166322"}],"wp:featuredmedia":[{"embeddable":true,"href":"https:\/\/epochtimestr.com\/index.php\/wp-json\/wp\/v2\/media\/161038"}],"wp:attachment":[{"href":"https:\/\/epochtimestr.com\/index.php\/wp-json\/wp\/v2\/media?parent=166321"}],"wp:term":[{"taxonomy":"category","embeddable":true,"href":"https:\/\/epochtimestr.com\/index.php\/wp-json\/wp\/v2\/categories?post=166321"},{"taxonomy":"post_tag","embeddable":true,"href":"https:\/\/epochtimestr.com\/index.php\/wp-json\/wp\/v2\/tags?post=166321"}],"curies":[{"name":"wp","href":"https:\/\/api.w.org\/{rel}","templated":true}]}}