{"id":166335,"date":"2026-03-18T13:56:49","date_gmt":"2026-03-18T10:56:49","guid":{"rendered":"https:\/\/epochtimestr.com\/?p=166335"},"modified":"2026-03-18T13:56:52","modified_gmt":"2026-03-18T10:56:52","slug":"kubada-ulusal-elektrik-sebekesi-coktu","status":"publish","type":"post","link":"https:\/\/epochtimestr.com\/index.php\/kubada-ulusal-elektrik-sebekesi-coktu","title":{"rendered":"K\u00fcba&#8217;da Ulusal Elektrik \u015eebekesi \u00c7\u00f6kt\u00fc"},"content":{"rendered":"<div class=\"wp-block-image\">\n<figure class=\"aligncenter size-full\"><img loading=\"lazy\" decoding=\"async\" width=\"1200\" height=\"800\" src=\"https:\/\/epochtimestr.com\/wp-content\/uploads\/2011y\/1000034981.webp\" alt=\"K\u00fcba'da ba\u015fkent Havana'da ulusal elektrik \u015febekesinin \u00e7\u00f6kmesiyle birlikte, bir adam karanl\u0131kta el feneri kullan\u0131rken. ABD'nin uygulad\u0131\u011f\u0131 petrol ambargosu nedeniyle yakla\u015f\u0131k 10 milyon ki\u015fi elektriksiz kald\u0131. (Foto\u011fraf: The Epoch Times arac\u0131yla, Norlys Perez, Reuters)\" class=\"wp-image-166336\" srcset=\"https:\/\/epochtimestr.com\/wp-content\/uploads\/2011y\/1000034981.webp 1200w, https:\/\/epochtimestr.com\/wp-content\/uploads\/2011y\/1000034981-300x200.webp 300w, https:\/\/epochtimestr.com\/wp-content\/uploads\/2011y\/1000034981-150x100.webp 150w, https:\/\/epochtimestr.com\/wp-content\/uploads\/2011y\/1000034981-768x512.webp 768w\" sizes=\"(max-width: 1200px) 100vw, 1200px\" \/><figcaption class=\"wp-element-caption\">K\u00fcba&#8217;da ba\u015fkent Havana&#8217;da ulusal elektrik \u015febekesinin \u00e7\u00f6kmesiyle birlikte, bir adam karanl\u0131kta el feneri kullan\u0131rken. ABD&#8217;nin uygulad\u0131\u011f\u0131 petrol ambargosu nedeniyle yakla\u015f\u0131k 10 milyon ki\u015fi elektriksiz kald\u0131. (Foto\u011fraf: The Epoch Times arac\u0131yla, Norlys Perez, Reuters)<\/figcaption><\/figure><\/div>\n\n\n<p>K\u00fcba&#8217;da, ABD\u2019nin uygulad\u0131\u011f\u0131 <a href=\"https:\/\/www.theepochtimes.com\/world\/cuba-restores-power-after-29-hour-blackout-amid-us-oil-blockade-6000288\" target=\"_blank\" rel=\"noreferrer noopener\">petrol ambargosu nedeniyle<\/a> 29 saat s\u00fcren, b\u00fcy\u00fck \u00e7apl\u0131 bir elektrik kesintisi meydana geldi. K\u00fcba enerji yetkilileri, \u00fclkenin petrol ile \u00e7al\u0131\u015fan en b\u00fcy\u00fck enerji santralinin yeniden devreye al\u0131nd\u0131\u011f\u0131n\u0131 a\u00e7\u0131klad\u0131lar. Ancak elektrik \u00fcretiminin yeterli olmad\u0131\u011f\u0131n\u0131 ve enerji kesintilerinin devam edebilece\u011fini bildirdiler.<\/p>\n\n\n\n<p>K\u00fcba\u2019n\u0131n 10 milyon n\u00fcfusunu etkileyen bu kesinti, ABD&#8217;nin K\u00fcba\u2019ya petrol sat\u0131\u015flar\u0131n\u0131 durdurmas\u0131n\u0131n ard\u0131ndan meydana geldi. Pazartesi g\u00fcn\u00fc ba\u015flayan kesinti, \u00fclkenin ulusal elektrik \u015febekesinin \u00e7\u00f6kmesiyle gece boyunca devam etti. Elektrik, Sal\u0131 g\u00fcn\u00fc saat 18:11\u2019de (GMT) tamamen geri geldi. Ancak, enerji arz\u0131n\u0131n hala yetersiz oldu\u011fu ve g\u00fc\u00e7 kesintilerinin s\u00fcrebilece\u011fi ifade edildi.<\/p>\n\n\n\n<p><a href=\"https:\/\/epochtimestr.com\/index.php\/kubada-enerji-krizi-nedeniyle-genis-capli-elektrik-kesintisi\" target=\"_blank\" rel=\"noreferrer noopener\">K\u00fcba Devlet Ba\u015fkan\u0131<\/a> Miguel D\u00edaz-Canel, ABD&#8217;yi s\u00fcrekli tehditler savurmakla su\u00e7lad\u0131. Trump, K\u00fcba&#8217;y\u0131 hedef alarak, \u00fclke ile ilgili \u00e7ok \u015fey yapabilece\u011fini s\u00f6yledi. ABD D\u0131\u015fi\u015fleri Bakanl\u0131\u011f\u0131, ya\u015fanan elektrik kesintisinin K\u00fcba y\u00f6netiminin ba\u015far\u0131s\u0131zl\u0131\u011f\u0131ndan kaynakland\u0131\u011f\u0131n\u0131 belirtti.<\/p>\n\n\n\n<p>K\u00fcba&#8217;daki enerji krizinin, Venezuela&#8217;dan gelen petrol sevkiyat\u0131n\u0131n durmas\u0131 ve Washington&#8217;un petrol ambargosu nedeniyle daha da derinle\u015fti\u011fi ifade ediliyor. K\u00fcba, bu y\u0131l sadece iki k\u00fc\u00e7\u00fck petrol tankerine al\u0131m yapabildi. Ayr\u0131ca Sal\u0131 g\u00fcn\u00fc Hong Kong bayrakl\u0131 bir tanker, petrol ta\u015f\u0131ma amac\u0131yla rotas\u0131na devam etti.<\/p>\n\n\n\n<p>K\u00fcba&#8217;da enerji krizi, uzun s\u00fcreli elektrik kesintilerine yol a\u00e7arak halk\u0131 zor durumda b\u0131rak\u0131yor. Ba\u015fkent Havana\u2019da ya\u015fayanlar, g\u00fcnde 16 saatten fazla s\u00fcren elektrik kesintileriyle kar\u015f\u0131la\u015f\u0131yor. Bu durum, yiyecek ve su teminini de zorla\u015ft\u0131rarak g\u00fcnl\u00fck ya\u015fam\u0131 olumsuz etkiliyor.<\/p>\n","protected":false},"excerpt":{"rendered":"<p>K\u00fcba&#8217;da, ABD\u2019nin uygulad\u0131\u011f\u0131 petrol ambargosu nedeniyle 29 saat s\u00fcren, b\u00fcy\u00fck \u00e7apl\u0131 bir elektrik kesintisi meydana geldi. K\u00fcba enerji yetkilileri, \u00fclkenin petrol ile \u00e7al\u0131\u015fan en b\u00fcy\u00fck enerji santralinin yeniden devreye al\u0131nd\u0131\u011f\u0131n\u0131 a\u00e7\u0131klad\u0131lar. Ancak elektrik \u00fcretiminin yeterli olmad\u0131\u011f\u0131n\u0131 ve enerji kesintilerinin devam edebilece\u011fini bildirdiler. K\u00fcba\u2019n\u0131n 10 milyon n\u00fcfusunu etkileyen bu kesinti, ABD&#8217;nin K\u00fcba\u2019ya petrol sat\u0131\u015flar\u0131n\u0131 durdurmas\u0131n\u0131n ard\u0131ndan [&hellip;]<\/p>\n","protected":false},"author":13996,"featured_media":166336,"comment_status":"open","ping_status":"open","sticky":false,"template":"","format":"standard","meta":{"_yoast_wpseo_focuskw":"K\u00fcba'da - elektrik","_yoast_wpseo_title":"","_yoast_wpseo_metadesc":"K\u00fcba'da ulusal elektrik \u015febekesinin \u00e7\u00f6kmesi sonucu 10 milyon ki\u015fi elektriksiz kald\u0131. Olay, ABD'nin petrol ambargosunun etkisiyle ger\u00e7ekle\u015fti.","_bbp_topic_count":0,"_bbp_reply_count":0,"_bbp_total_topic_count":0,"_bbp_total_reply_count":0,"_bbp_voice_count":0,"_bbp_anonymous_reply_count":0,"_bbp_topic_count_hidden":0,"_bbp_reply_count_hidden":0,"_bbp_forum_subforum_count":0,"footnotes":"","_yoast_wpseo_focuskw_text_input":""},"categories":[5,1,8138],"tags":[4599,11049,1284,10589,11047,5764,6592],"yoast_head":"<!-- This site is optimized with the Yoast SEO plugin v23.0 - https:\/\/yoast.com\/wordpress\/plugins\/seo\/ -->\n<title>K\u00fcba&#039;da Ulusal Elektrik \u015eebekesi \u00c7\u00f6kt\u00fc - The Epoch Times TR<\/title>\n<meta name=\"description\" content=\"K\u00fcba&#039;da ulusal elektrik \u015febekesinin \u00e7\u00f6kmesi sonucu 10 milyon ki\u015fi elektriksiz kald\u0131. Olay, ABD&#039;nin petrol ambargosunun etkisiyle ger\u00e7ekle\u015fti.\" \/>\n<meta name=\"robots\" content=\"index, follow, max-snippet:-1, max-image-preview:large, max-video-preview:-1\" \/>\n<link rel=\"canonical\" href=\"https:\/\/epochtimestr.com\/index.php\/kubada-ulusal-elektrik-sebekesi-coktu\" \/>\n<meta property=\"og:locale\" content=\"tr_TR\" \/>\n<meta property=\"og:type\" content=\"article\" \/>\n<meta property=\"og:title\" content=\"K\u00fcba&#039;da Ulusal Elektrik \u015eebekesi \u00c7\u00f6kt\u00fc - The Epoch Times TR\" \/>\n<meta property=\"og:description\" content=\"K\u00fcba&#039;da ulusal elektrik \u015febekesinin \u00e7\u00f6kmesi sonucu 10 milyon ki\u015fi elektriksiz kald\u0131. Olay, ABD&#039;nin petrol ambargosunun etkisiyle ger\u00e7ekle\u015fti.\" \/>\n<meta property=\"og:url\" content=\"https:\/\/epochtimestr.com\/index.php\/kubada-ulusal-elektrik-sebekesi-coktu\" \/>\n<meta property=\"og:site_name\" content=\"The Epoch Times TR\" \/>\n<meta property=\"article:publisher\" content=\"https:\/\/www.facebook.com\/theepochtimestr\" \/>\n<meta property=\"article:published_time\" content=\"2026-03-18T10:56:49+00:00\" \/>\n<meta property=\"article:modified_time\" content=\"2026-03-18T10:56:52+00:00\" \/>\n<meta property=\"og:image\" content=\"https:\/\/epochtimestr.com\/wp-content\/uploads\/2011y\/1000034981.webp\" \/>\n\t<meta property=\"og:image:width\" content=\"1200\" \/>\n\t<meta property=\"og:image:height\" content=\"800\" \/>\n\t<meta property=\"og:image:type\" content=\"image\/webp\" \/>\n<meta name=\"author\" content=\"Leo Bajelan\" \/>\n<meta name=\"twitter:card\" content=\"summary_large_image\" \/>\n<meta name=\"twitter:creator\" content=\"@TheEpochTimesTR\" \/>\n<meta name=\"twitter:site\" content=\"@TheEpochTimesTR\" \/>\n<meta name=\"twitter:label1\" content=\"Yazan:\" \/>\n\t<meta name=\"twitter:data1\" content=\"Leo Bajelan\" \/>\n\t<meta name=\"twitter:label2\" content=\"Tahmini okuma s\u00fcresi\" \/>\n\t<meta name=\"twitter:data2\" content=\"2 dakika\" \/>\n<script type=\"application\/ld+json\" class=\"yoast-schema-graph\">{\"@context\":\"https:\/\/schema.org\",\"@graph\":[{\"@type\":\"Article\",\"@id\":\"https:\/\/epochtimestr.com\/index.php\/kubada-ulusal-elektrik-sebekesi-coktu#article\",\"isPartOf\":{\"@id\":\"https:\/\/epochtimestr.com\/index.php\/kubada-ulusal-elektrik-sebekesi-coktu\"},\"author\":{\"name\":\"Leo Bajelan\",\"@id\":\"https:\/\/epochtimestr.com\/#\/schema\/person\/5fef218711d76d8f232b0e1f1d7e4c0d\"},\"headline\":\"K\u00fcba&#8217;da Ulusal Elektrik \u015eebekesi \u00c7\u00f6kt\u00fc\",\"datePublished\":\"2026-03-18T10:56:49+00:00\",\"dateModified\":\"2026-03-18T10:56:52+00:00\",\"mainEntityOfPage\":{\"@id\":\"https:\/\/epochtimestr.com\/index.php\/kubada-ulusal-elektrik-sebekesi-coktu\"},\"wordCount\":327,\"commentCount\":0,\"publisher\":{\"@id\":\"https:\/\/epochtimestr.com\/#organization\"},\"image\":{\"@id\":\"https:\/\/epochtimestr.com\/index.php\/kubada-ulusal-elektrik-sebekesi-coktu#primaryimage\"},\"thumbnailUrl\":\"https:\/\/epochtimestr.com\/wp-content\/uploads\/2011y\/1000034981.webp\",\"keywords\":[\"elektrik kesintisi\",\"Enerji krizi\",\"G\u00fcney amerika\",\"Havana\",\"K\u00fcba-ABD\",\"Trump\",\"venezuela\"],\"articleSection\":[\"D\u00dcNYA\",\"G\u00dcNDEM\",\"MAN\u015eET\"],\"inLanguage\":\"tr\",\"potentialAction\":[{\"@type\":\"CommentAction\",\"name\":\"Comment\",\"target\":[\"https:\/\/epochtimestr.com\/index.php\/kubada-ulusal-elektrik-sebekesi-coktu#respond\"]}]},{\"@type\":\"WebPage\",\"@id\":\"https:\/\/epochtimestr.com\/index.php\/kubada-ulusal-elektrik-sebekesi-coktu\",\"url\":\"https:\/\/epochtimestr.com\/index.php\/kubada-ulusal-elektrik-sebekesi-coktu\",\"name\":\"K\u00fcba'da Ulusal Elektrik \u015eebekesi \u00c7\u00f6kt\u00fc - The Epoch Times TR\",\"isPartOf\":{\"@id\":\"https:\/\/epochtimestr.com\/#website\"},\"primaryImageOfPage\":{\"@id\":\"https:\/\/epochtimestr.com\/index.php\/kubada-ulusal-elektrik-sebekesi-coktu#primaryimage\"},\"image\":{\"@id\":\"https:\/\/epochtimestr.com\/index.php\/kubada-ulusal-elektrik-sebekesi-coktu#primaryimage\"},\"thumbnailUrl\":\"https:\/\/epochtimestr.com\/wp-content\/uploads\/2011y\/1000034981.webp\",\"datePublished\":\"2026-03-18T10:56:49+00:00\",\"dateModified\":\"2026-03-18T10:56:52+00:00\",\"description\":\"K\u00fcba'da ulusal elektrik \u015febekesinin \u00e7\u00f6kmesi sonucu 10 milyon ki\u015fi elektriksiz kald\u0131. Olay, ABD'nin petrol ambargosunun etkisiyle ger\u00e7ekle\u015fti.\",\"inLanguage\":\"tr\",\"potentialAction\":[{\"@type\":\"ReadAction\",\"target\":[\"https:\/\/epochtimestr.com\/index.php\/kubada-ulusal-elektrik-sebekesi-coktu\"]}]},{\"@type\":\"ImageObject\",\"inLanguage\":\"tr\",\"@id\":\"https:\/\/epochtimestr.com\/index.php\/kubada-ulusal-elektrik-sebekesi-coktu#primaryimage\",\"url\":\"https:\/\/epochtimestr.com\/wp-content\/uploads\/2011y\/1000034981.webp\",\"contentUrl\":\"https:\/\/epochtimestr.com\/wp-content\/uploads\/2011y\/1000034981.webp\",\"width\":1200,\"height\":800},{\"@type\":\"WebSite\",\"@id\":\"https:\/\/epochtimestr.com\/#website\",\"url\":\"https:\/\/epochtimestr.com\/\",\"name\":\"The Epoch Times TR\",\"description\":\"De\u011fi\u015fen D\u00fcnyam\u0131za Taze Bir Bak\u0131\u015f\",\"publisher\":{\"@id\":\"https:\/\/epochtimestr.com\/#organization\"},\"potentialAction\":[{\"@type\":\"SearchAction\",\"target\":{\"@type\":\"EntryPoint\",\"urlTemplate\":\"https:\/\/epochtimestr.com\/?s={search_term_string}\"},\"query-input\":\"required name=search_term_string\"}],\"inLanguage\":\"tr\"},{\"@type\":\"Organization\",\"@id\":\"https:\/\/epochtimestr.com\/#organization\",\"name\":\"The EpochTimes T\u00fcrkiye\",\"url\":\"https:\/\/epochtimestr.com\/\",\"logo\":{\"@type\":\"ImageObject\",\"inLanguage\":\"tr\",\"@id\":\"https:\/\/epochtimestr.com\/#\/schema\/logo\/image\/\",\"url\":\"https:\/\/epochtimestr.com\/wp-content\/uploads\/2011y\/ET-Logo-YG.jpg\",\"contentUrl\":\"https:\/\/epochtimestr.com\/wp-content\/uploads\/2011y\/ET-Logo-YG.jpg\",\"width\":346,\"height\":29,\"caption\":\"The EpochTimes T\u00fcrkiye\"},\"image\":{\"@id\":\"https:\/\/epochtimestr.com\/#\/schema\/logo\/image\/\"},\"sameAs\":[\"https:\/\/www.facebook.com\/theepochtimestr\",\"https:\/\/x.com\/TheEpochTimesTR\",\"https:\/\/www.instagram.com\/epochtimestr\"]},{\"@type\":\"Person\",\"@id\":\"https:\/\/epochtimestr.com\/#\/schema\/person\/5fef218711d76d8f232b0e1f1d7e4c0d\",\"name\":\"Leo Bajelan\",\"image\":{\"@type\":\"ImageObject\",\"inLanguage\":\"tr\",\"@id\":\"https:\/\/epochtimestr.com\/#\/schema\/person\/image\/\",\"url\":\"https:\/\/secure.gravatar.com\/avatar\/917669146f489549e548a2e9af272df5?s=96&d=mm&r=g\",\"contentUrl\":\"https:\/\/secure.gravatar.com\/avatar\/917669146f489549e548a2e9af272df5?s=96&d=mm&r=g\",\"caption\":\"Leo Bajelan\"},\"url\":\"https:\/\/epochtimestr.com\/index.php\/author\/leo\"}]}<\/script>\n<!-- \/ Yoast SEO plugin. -->","yoast_head_json":{"title":"K\u00fcba'da Ulusal Elektrik \u015eebekesi \u00c7\u00f6kt\u00fc - The Epoch Times TR","description":"K\u00fcba'da ulusal elektrik \u015febekesinin \u00e7\u00f6kmesi sonucu 10 milyon ki\u015fi elektriksiz kald\u0131. Olay, ABD'nin petrol ambargosunun etkisiyle ger\u00e7ekle\u015fti.","robots":{"index":"index","follow":"follow","max-snippet":"max-snippet:-1","max-image-preview":"max-image-preview:large","max-video-preview":"max-video-preview:-1"},"canonical":"https:\/\/epochtimestr.com\/index.php\/kubada-ulusal-elektrik-sebekesi-coktu","og_locale":"tr_TR","og_type":"article","og_title":"K\u00fcba'da Ulusal Elektrik \u015eebekesi \u00c7\u00f6kt\u00fc - The Epoch Times TR","og_description":"K\u00fcba'da ulusal elektrik \u015febekesinin \u00e7\u00f6kmesi sonucu 10 milyon ki\u015fi elektriksiz kald\u0131. Olay, ABD'nin petrol ambargosunun etkisiyle ger\u00e7ekle\u015fti.","og_url":"https:\/\/epochtimestr.com\/index.php\/kubada-ulusal-elektrik-sebekesi-coktu","og_site_name":"The Epoch Times TR","article_publisher":"https:\/\/www.facebook.com\/theepochtimestr","article_published_time":"2026-03-18T10:56:49+00:00","article_modified_time":"2026-03-18T10:56:52+00:00","og_image":[{"width":1200,"height":800,"url":"https:\/\/epochtimestr.com\/wp-content\/uploads\/2011y\/1000034981.webp","type":"image\/webp"}],"author":"Leo Bajelan","twitter_card":"summary_large_image","twitter_creator":"@TheEpochTimesTR","twitter_site":"@TheEpochTimesTR","twitter_misc":{"Yazan:":"Leo Bajelan","Tahmini okuma s\u00fcresi":"2 dakika"},"schema":{"@context":"https:\/\/schema.org","@graph":[{"@type":"Article","@id":"https:\/\/epochtimestr.com\/index.php\/kubada-ulusal-elektrik-sebekesi-coktu#article","isPartOf":{"@id":"https:\/\/epochtimestr.com\/index.php\/kubada-ulusal-elektrik-sebekesi-coktu"},"author":{"name":"Leo Bajelan","@id":"https:\/\/epochtimestr.com\/#\/schema\/person\/5fef218711d76d8f232b0e1f1d7e4c0d"},"headline":"K\u00fcba&#8217;da Ulusal Elektrik \u015eebekesi \u00c7\u00f6kt\u00fc","datePublished":"2026-03-18T10:56:49+00:00","dateModified":"2026-03-18T10:56:52+00:00","mainEntityOfPage":{"@id":"https:\/\/epochtimestr.com\/index.php\/kubada-ulusal-elektrik-sebekesi-coktu"},"wordCount":327,"commentCount":0,"publisher":{"@id":"https:\/\/epochtimestr.com\/#organization"},"image":{"@id":"https:\/\/epochtimestr.com\/index.php\/kubada-ulusal-elektrik-sebekesi-coktu#primaryimage"},"thumbnailUrl":"https:\/\/epochtimestr.com\/wp-content\/uploads\/2011y\/1000034981.webp","keywords":["elektrik kesintisi","Enerji krizi","G\u00fcney amerika","Havana","K\u00fcba-ABD","Trump","venezuela"],"articleSection":["D\u00dcNYA","G\u00dcNDEM","MAN\u015eET"],"inLanguage":"tr","potentialAction":[{"@type":"CommentAction","name":"Comment","target":["https:\/\/epochtimestr.com\/index.php\/kubada-ulusal-elektrik-sebekesi-coktu#respond"]}]},{"@type":"WebPage","@id":"https:\/\/epochtimestr.com\/index.php\/kubada-ulusal-elektrik-sebekesi-coktu","url":"https:\/\/epochtimestr.com\/index.php\/kubada-ulusal-elektrik-sebekesi-coktu","name":"K\u00fcba'da Ulusal Elektrik \u015eebekesi \u00c7\u00f6kt\u00fc - The Epoch Times TR","isPartOf":{"@id":"https:\/\/epochtimestr.com\/#website"},"primaryImageOfPage":{"@id":"https:\/\/epochtimestr.com\/index.php\/kubada-ulusal-elektrik-sebekesi-coktu#primaryimage"},"image":{"@id":"https:\/\/epochtimestr.com\/index.php\/kubada-ulusal-elektrik-sebekesi-coktu#primaryimage"},"thumbnailUrl":"https:\/\/epochtimestr.com\/wp-content\/uploads\/2011y\/1000034981.webp","datePublished":"2026-03-18T10:56:49+00:00","dateModified":"2026-03-18T10:56:52+00:00","description":"K\u00fcba'da ulusal elektrik \u015febekesinin \u00e7\u00f6kmesi sonucu 10 milyon ki\u015fi elektriksiz kald\u0131. Olay, ABD'nin petrol ambargosunun etkisiyle ger\u00e7ekle\u015fti.","inLanguage":"tr","potentialAction":[{"@type":"ReadAction","target":["https:\/\/epochtimestr.com\/index.php\/kubada-ulusal-elektrik-sebekesi-coktu"]}]},{"@type":"ImageObject","inLanguage":"tr","@id":"https:\/\/epochtimestr.com\/index.php\/kubada-ulusal-elektrik-sebekesi-coktu#primaryimage","url":"https:\/\/epochtimestr.com\/wp-content\/uploads\/2011y\/1000034981.webp","contentUrl":"https:\/\/epochtimestr.com\/wp-content\/uploads\/2011y\/1000034981.webp","width":1200,"height":800},{"@type":"WebSite","@id":"https:\/\/epochtimestr.com\/#website","url":"https:\/\/epochtimestr.com\/","name":"The Epoch Times TR","description":"De\u011fi\u015fen D\u00fcnyam\u0131za Taze Bir Bak\u0131\u015f","publisher":{"@id":"https:\/\/epochtimestr.com\/#organization"},"potentialAction":[{"@type":"SearchAction","target":{"@type":"EntryPoint","urlTemplate":"https:\/\/epochtimestr.com\/?s={search_term_string}"},"query-input":"required name=search_term_string"}],"inLanguage":"tr"},{"@type":"Organization","@id":"https:\/\/epochtimestr.com\/#organization","name":"The EpochTimes T\u00fcrkiye","url":"https:\/\/epochtimestr.com\/","logo":{"@type":"ImageObject","inLanguage":"tr","@id":"https:\/\/epochtimestr.com\/#\/schema\/logo\/image\/","url":"https:\/\/epochtimestr.com\/wp-content\/uploads\/2011y\/ET-Logo-YG.jpg","contentUrl":"https:\/\/epochtimestr.com\/wp-content\/uploads\/2011y\/ET-Logo-YG.jpg","width":346,"height":29,"caption":"The EpochTimes T\u00fcrkiye"},"image":{"@id":"https:\/\/epochtimestr.com\/#\/schema\/logo\/image\/"},"sameAs":["https:\/\/www.facebook.com\/theepochtimestr","https:\/\/x.com\/TheEpochTimesTR","https:\/\/www.instagram.com\/epochtimestr"]},{"@type":"Person","@id":"https:\/\/epochtimestr.com\/#\/schema\/person\/5fef218711d76d8f232b0e1f1d7e4c0d","name":"Leo Bajelan","image":{"@type":"ImageObject","inLanguage":"tr","@id":"https:\/\/epochtimestr.com\/#\/schema\/person\/image\/","url":"https:\/\/secure.gravatar.com\/avatar\/917669146f489549e548a2e9af272df5?s=96&d=mm&r=g","contentUrl":"https:\/\/secure.gravatar.com\/avatar\/917669146f489549e548a2e9af272df5?s=96&d=mm&r=g","caption":"Leo Bajelan"},"url":"https:\/\/epochtimestr.com\/index.php\/author\/leo"}]}},"_links":{"self":[{"href":"https:\/\/epochtimestr.com\/index.php\/wp-json\/wp\/v2\/posts\/166335"}],"collection":[{"href":"https:\/\/epochtimestr.com\/index.php\/wp-json\/wp\/v2\/posts"}],"about":[{"href":"https:\/\/epochtimestr.com\/index.php\/wp-json\/wp\/v2\/types\/post"}],"author":[{"embeddable":true,"href":"https:\/\/epochtimestr.com\/index.php\/wp-json\/wp\/v2\/users\/13996"}],"replies":[{"embeddable":true,"href":"https:\/\/epochtimestr.com\/index.php\/wp-json\/wp\/v2\/comments?post=166335"}],"version-history":[{"count":2,"href":"https:\/\/epochtimestr.com\/index.php\/wp-json\/wp\/v2\/posts\/166335\/revisions"}],"predecessor-version":[{"id":166355,"href":"https:\/\/epochtimestr.com\/index.php\/wp-json\/wp\/v2\/posts\/166335\/revisions\/166355"}],"wp:featuredmedia":[{"embeddable":true,"href":"https:\/\/epochtimestr.com\/index.php\/wp-json\/wp\/v2\/media\/166336"}],"wp:attachment":[{"href":"https:\/\/epochtimestr.com\/index.php\/wp-json\/wp\/v2\/media?parent=166335"}],"wp:term":[{"taxonomy":"category","embeddable":true,"href":"https:\/\/epochtimestr.com\/index.php\/wp-json\/wp\/v2\/categories?post=166335"},{"taxonomy":"post_tag","embeddable":true,"href":"https:\/\/epochtimestr.com\/index.php\/wp-json\/wp\/v2\/tags?post=166335"}],"curies":[{"name":"wp","href":"https:\/\/api.w.org\/{rel}","templated":true}]}}