{"id":166341,"date":"2026-03-18T14:25:02","date_gmt":"2026-03-18T11:25:02","guid":{"rendered":"https:\/\/epochtimestr.com\/?p=166341"},"modified":"2026-03-18T14:25:04","modified_gmt":"2026-03-18T11:25:04","slug":"cin-etnik-birlik-icin-zorunlu-mandarin-yasasini-kabul-etti","status":"publish","type":"post","link":"https:\/\/epochtimestr.com\/index.php\/cin-etnik-birlik-icin-zorunlu-mandarin-yasasini-kabul-etti","title":{"rendered":"\u00c7in Etnik Birlik \u0130\u00e7in Zorunlu Mandarin Yasas\u0131n\u0131 Kabul Etti"},"content":{"rendered":"<div class=\"wp-block-image\">\n<figure class=\"aligncenter size-full\"><img loading=\"lazy\" decoding=\"async\" width=\"1200\" height=\"800\" src=\"https:\/\/epochtimestr.com\/wp-content\/uploads\/2011y\/1000034983.webp\" alt=\"\u00c7in, etnik birlik i\u00e7in yeni bir yasayla Mandarin dilini e\u011fitimde zorunlu k\u0131l\u0131yor. Bununla birlikte az\u0131nl\u0131k dillerine y\u00f6nelik bask\u0131y\u0131 art\u0131rmay\u0131 hedefliyor. 30 Aral\u0131k 2025'te Taipei'de sabah erken saatlerdeki t\u00f6ren s\u0131ras\u0131nda Tayvan ulusal bayra\u011f\u0131. (Foto\u011fraf: The Epoch Times arac\u0131yla, Cheng Yu-chen, AFP - Getty Images\/)\" class=\"wp-image-166342\" srcset=\"https:\/\/epochtimestr.com\/wp-content\/uploads\/2011y\/1000034983.webp 1200w, https:\/\/epochtimestr.com\/wp-content\/uploads\/2011y\/1000034983-300x200.webp 300w, https:\/\/epochtimestr.com\/wp-content\/uploads\/2011y\/1000034983-150x100.webp 150w, https:\/\/epochtimestr.com\/wp-content\/uploads\/2011y\/1000034983-768x512.webp 768w\" sizes=\"(max-width: 1200px) 100vw, 1200px\" \/><figcaption class=\"wp-element-caption\">\u00c7in, etnik birlik i\u00e7in yeni bir yasayla Mandarin dilini e\u011fitimde zorunlu k\u0131l\u0131yor. Bununla birlikte az\u0131nl\u0131k dillerine y\u00f6nelik bask\u0131y\u0131 art\u0131rmay\u0131 hedefliyor. 30 Aral\u0131k 2025&#8217;te Taipei&#8217;de sabah erken saatlerdeki t\u00f6ren s\u0131ras\u0131nda Tayvan ulusal bayra\u011f\u0131. (Foto\u011fraf: The Epoch Times arac\u0131yla, Cheng Yu-chen, AFP &#8211; Getty Images\/)<\/figcaption><\/figure><\/div>\n\n\n<p>\u00c7in, ge\u00e7ti\u011fimiz g\u00fcnlerde kabul edilen yeni bir yasayla, Mandarin dilini \u00fclke \u00e7ap\u0131ndaki t\u00fcm okullarda zorunlu hale getirdi. <a href=\"https:\/\/www.theepochtimes.com\/china\/beijing-may-exploit-new-law-to-increase-repression-intimidate-taiwan-analysts-5998900\">12 Mart\u2019ta \u00c7in<\/a> Ulusal Halk Kongresi (NPC) taraf\u0131ndan kabul edilen yasa, Mandarin dilini daha yayg\u0131n hale getirmeyi ama\u00e7l\u0131yor. Buna ek olarak etnik az\u0131nl\u0131klar\u0131n kendi dillerini konu\u015fmalar\u0131n\u0131 engelleme hedefi de var. Yeni yasa \u00f6zellikle \u00c7in\u2019in resmi dili Mandarin\u2019i, t\u00fcm okullarda e\u011fitim dili olarak zorunlu k\u0131l\u0131yor.<\/p>\n\n\n\n<p>\u00c7in\u2019deki 55 etnik az\u0131nl\u0131k, kendi dillerini ve k\u00fclt\u00fcrlerini koruma hakk\u0131na sahip olsalar da, yasa ile bu haklar s\u0131n\u0131rlanabilir. Yeni yasan\u0131n, \u00fclkedeki az\u0131nl\u0131k topluluklar\u0131 \u00fczerinde bask\u0131 yaratabilece\u011fi \u00f6ne s\u00fcr\u00fcl\u00fcyor. \u00c7in h\u00fck\u00fcmeti, bu yasay\u0131 &#8220;etnik birlik ve ilerleme&#8221; ad\u0131na \u00e7\u0131kar\u0131ld\u0131\u011f\u0131n\u0131 iddia ediyor. Ancak ele\u015ftirmenler, bu yasan\u0131n daha \u00e7ok etnik gruplar\u0131 asimile etmeyi hedefledi\u011fini belirtiyor.<\/p>\n\n\n\n<p><strong>Etnik \u00c7e\u015fitlili\u011fe Etkisi<\/strong><\/p>\n\n\n\n<p>Tibet ve Sincan Uygur \u00d6zerk B\u00f6lgesi gibi az\u0131nl\u0131k n\u00fcfusunun yo\u011fun oldu\u011fu b\u00f6lgelerde, <a href=\"https:\/\/epochtimestr.com\/index.php\/trump-cin-ziyaretini-erteliyor\" target=\"_blank\" rel=\"noreferrer noopener\">\u00c7in h\u00fck\u00fcmeti<\/a> y\u0131llard\u0131r dil ve k\u00fclt\u00fcr bask\u0131s\u0131 uyguluyor. Tibet\u2019teki \u00e7ocuklar, ana dillerinde e\u011fitim almaktan mahrum b\u0131rak\u0131l\u0131rken, Uygurlar da k\u00fclt\u00fcrel bask\u0131lara maruz kal\u0131yor. Ancak Uluslararas\u0131 insan haklar\u0131 kurulu\u015flar\u0131, \u00c7in\u2019in bu uygulamalar\u0131n\u0131 &#8220;k\u00fclt\u00fcrel soyk\u0131r\u0131m&#8221; olarak nitelendiriyor.<\/p>\n\n\n\n<p>Yeni yasa ayn\u0131 zamanda, \u00c7in d\u0131\u015f\u0131nda ya\u015fayan gruplara y\u00f6nelik daha sert bir bask\u0131 uygulanmas\u0131na yol a\u00e7acak. Yasa, \u00c7in&#8217;in k\u00fclt\u00fcrel birli\u011fini bozma amac\u0131 g\u00fcden eylemleri yasal olarak cezaland\u0131rmay\u0131 \u00f6ng\u00f6r\u00fcyor. \u00c7in&#8217;in d\u0131\u015f\u0131ndaki gruplara kar\u015f\u0131 da benzer bir bask\u0131 yap\u0131lmas\u0131 s\u00f6z konusu.<\/p>\n\n\n\n<p>\u00c7in\u2019in bu yasal hamlesi, d\u00fcnya genelinde b\u00fcy\u00fck tepki toplad\u0131. Ayr\u0131ca bir\u00e7ok \u00fclke bu t\u00fcr yasalar\u0131n, az\u0131nl\u0131klar\u0131n kendi kimliklerini koruma hakk\u0131n\u0131 ihlal etti\u011fini \u00f6ne s\u00fcr\u00fcyor. <\/p>\n","protected":false},"excerpt":{"rendered":"<p>\u00c7in, ge\u00e7ti\u011fimiz g\u00fcnlerde kabul edilen yeni bir yasayla, Mandarin dilini \u00fclke \u00e7ap\u0131ndaki t\u00fcm okullarda zorunlu hale getirdi. 12 Mart\u2019ta \u00c7in Ulusal Halk Kongresi (NPC) taraf\u0131ndan kabul edilen yasa, Mandarin dilini daha yayg\u0131n hale getirmeyi ama\u00e7l\u0131yor. Buna ek olarak etnik az\u0131nl\u0131klar\u0131n kendi dillerini konu\u015fmalar\u0131n\u0131 engelleme hedefi de var. Yeni yasa \u00f6zellikle \u00c7in\u2019in resmi dili Mandarin\u2019i, t\u00fcm [&hellip;]<\/p>\n","protected":false},"author":13996,"featured_media":166342,"comment_status":"open","ping_status":"open","sticky":false,"template":"","format":"standard","meta":{"_yoast_wpseo_focuskw":"Etnik Birlik","_yoast_wpseo_title":"","_yoast_wpseo_metadesc":"\u00c7in, etnik birlik i\u00e7in yeni yasayla Mandarin dilini e\u011fitimde zorunlu k\u0131larken, az\u0131nl\u0131k dillerine y\u00f6nelik bask\u0131y\u0131 art\u0131rmay\u0131 hedefliyor.","_bbp_topic_count":0,"_bbp_reply_count":0,"_bbp_total_topic_count":0,"_bbp_total_reply_count":0,"_bbp_voice_count":0,"_bbp_anonymous_reply_count":0,"_bbp_topic_count_hidden":0,"_bbp_reply_count_hidden":0,"_bbp_forum_subforum_count":0,"footnotes":"","_yoast_wpseo_focuskw_text_input":""},"categories":[8,1],"tags":[407,11056,7592,11053,11055,11052,4198,11054],"yoast_head":"<!-- This site is optimized with the Yoast SEO plugin v23.0 - https:\/\/yoast.com\/wordpress\/plugins\/seo\/ -->\n<title>\u00c7in Etnik Birlik \u0130\u00e7in Zorunlu Mandarin Yasas\u0131n\u0131 Kabul Etti - The Epoch Times TR<\/title>\n<meta name=\"description\" content=\"\u00c7in, etnik birlik i\u00e7in yeni yasayla Mandarin dilini e\u011fitimde zorunlu k\u0131larken, az\u0131nl\u0131k dillerine y\u00f6nelik bask\u0131y\u0131 art\u0131rmay\u0131 hedefliyor.\" \/>\n<meta name=\"robots\" content=\"index, follow, max-snippet:-1, max-image-preview:large, max-video-preview:-1\" \/>\n<link rel=\"canonical\" href=\"https:\/\/epochtimestr.com\/index.php\/cin-etnik-birlik-icin-zorunlu-mandarin-yasasini-kabul-etti\" \/>\n<meta property=\"og:locale\" content=\"tr_TR\" \/>\n<meta property=\"og:type\" content=\"article\" \/>\n<meta property=\"og:title\" content=\"\u00c7in Etnik Birlik \u0130\u00e7in Zorunlu Mandarin Yasas\u0131n\u0131 Kabul Etti - The Epoch Times TR\" \/>\n<meta property=\"og:description\" content=\"\u00c7in, etnik birlik i\u00e7in yeni yasayla Mandarin dilini e\u011fitimde zorunlu k\u0131larken, az\u0131nl\u0131k dillerine y\u00f6nelik bask\u0131y\u0131 art\u0131rmay\u0131 hedefliyor.\" \/>\n<meta property=\"og:url\" content=\"https:\/\/epochtimestr.com\/index.php\/cin-etnik-birlik-icin-zorunlu-mandarin-yasasini-kabul-etti\" \/>\n<meta property=\"og:site_name\" content=\"The Epoch Times TR\" \/>\n<meta property=\"article:publisher\" content=\"https:\/\/www.facebook.com\/theepochtimestr\" \/>\n<meta property=\"article:published_time\" content=\"2026-03-18T11:25:02+00:00\" \/>\n<meta property=\"article:modified_time\" content=\"2026-03-18T11:25:04+00:00\" \/>\n<meta property=\"og:image\" content=\"https:\/\/epochtimestr.com\/wp-content\/uploads\/2011y\/1000034983.webp\" \/>\n\t<meta property=\"og:image:width\" content=\"1200\" \/>\n\t<meta property=\"og:image:height\" content=\"800\" \/>\n\t<meta property=\"og:image:type\" content=\"image\/webp\" \/>\n<meta name=\"author\" content=\"Leo Bajelan\" \/>\n<meta name=\"twitter:card\" content=\"summary_large_image\" \/>\n<meta name=\"twitter:creator\" content=\"@TheEpochTimesTR\" \/>\n<meta name=\"twitter:site\" content=\"@TheEpochTimesTR\" \/>\n<meta name=\"twitter:label1\" content=\"Yazan:\" \/>\n\t<meta name=\"twitter:data1\" content=\"Leo Bajelan\" \/>\n\t<meta name=\"twitter:label2\" content=\"Tahmini okuma s\u00fcresi\" \/>\n\t<meta name=\"twitter:data2\" content=\"3 dakika\" \/>\n<script type=\"application\/ld+json\" class=\"yoast-schema-graph\">{\"@context\":\"https:\/\/schema.org\",\"@graph\":[{\"@type\":\"Article\",\"@id\":\"https:\/\/epochtimestr.com\/index.php\/cin-etnik-birlik-icin-zorunlu-mandarin-yasasini-kabul-etti#article\",\"isPartOf\":{\"@id\":\"https:\/\/epochtimestr.com\/index.php\/cin-etnik-birlik-icin-zorunlu-mandarin-yasasini-kabul-etti\"},\"author\":{\"name\":\"Leo Bajelan\",\"@id\":\"https:\/\/epochtimestr.com\/#\/schema\/person\/5fef218711d76d8f232b0e1f1d7e4c0d\"},\"headline\":\"\u00c7in Etnik Birlik \u0130\u00e7in Zorunlu Mandarin Yasas\u0131n\u0131 Kabul Etti\",\"datePublished\":\"2026-03-18T11:25:02+00:00\",\"dateModified\":\"2026-03-18T11:25:04+00:00\",\"mainEntityOfPage\":{\"@id\":\"https:\/\/epochtimestr.com\/index.php\/cin-etnik-birlik-icin-zorunlu-mandarin-yasasini-kabul-etti\"},\"wordCount\":396,\"commentCount\":0,\"publisher\":{\"@id\":\"https:\/\/epochtimestr.com\/#organization\"},\"image\":{\"@id\":\"https:\/\/epochtimestr.com\/index.php\/cin-etnik-birlik-icin-zorunlu-mandarin-yasasini-kabul-etti#primaryimage\"},\"thumbnailUrl\":\"https:\/\/epochtimestr.com\/wp-content\/uploads\/2011y\/1000034983.webp\",\"keywords\":[\"ABD\",\"asimilasyon\",\"\u00c7in Kom\u00fcnist Parti\",\"etnik az\u0131nl\u0131klar\",\"etnik birlik\",\"Mandarin\",\"tayvan\",\"zorunlu e\u011fitim dili\"],\"articleSection\":[\"\u00c7\u0130N\",\"G\u00dcNDEM\"],\"inLanguage\":\"tr\",\"potentialAction\":[{\"@type\":\"CommentAction\",\"name\":\"Comment\",\"target\":[\"https:\/\/epochtimestr.com\/index.php\/cin-etnik-birlik-icin-zorunlu-mandarin-yasasini-kabul-etti#respond\"]}]},{\"@type\":\"WebPage\",\"@id\":\"https:\/\/epochtimestr.com\/index.php\/cin-etnik-birlik-icin-zorunlu-mandarin-yasasini-kabul-etti\",\"url\":\"https:\/\/epochtimestr.com\/index.php\/cin-etnik-birlik-icin-zorunlu-mandarin-yasasini-kabul-etti\",\"name\":\"\u00c7in Etnik Birlik \u0130\u00e7in Zorunlu Mandarin Yasas\u0131n\u0131 Kabul Etti - The Epoch Times TR\",\"isPartOf\":{\"@id\":\"https:\/\/epochtimestr.com\/#website\"},\"primaryImageOfPage\":{\"@id\":\"https:\/\/epochtimestr.com\/index.php\/cin-etnik-birlik-icin-zorunlu-mandarin-yasasini-kabul-etti#primaryimage\"},\"image\":{\"@id\":\"https:\/\/epochtimestr.com\/index.php\/cin-etnik-birlik-icin-zorunlu-mandarin-yasasini-kabul-etti#primaryimage\"},\"thumbnailUrl\":\"https:\/\/epochtimestr.com\/wp-content\/uploads\/2011y\/1000034983.webp\",\"datePublished\":\"2026-03-18T11:25:02+00:00\",\"dateModified\":\"2026-03-18T11:25:04+00:00\",\"description\":\"\u00c7in, etnik birlik i\u00e7in yeni yasayla Mandarin dilini e\u011fitimde zorunlu k\u0131larken, az\u0131nl\u0131k dillerine y\u00f6nelik bask\u0131y\u0131 art\u0131rmay\u0131 hedefliyor.\",\"inLanguage\":\"tr\",\"potentialAction\":[{\"@type\":\"ReadAction\",\"target\":[\"https:\/\/epochtimestr.com\/index.php\/cin-etnik-birlik-icin-zorunlu-mandarin-yasasini-kabul-etti\"]}]},{\"@type\":\"ImageObject\",\"inLanguage\":\"tr\",\"@id\":\"https:\/\/epochtimestr.com\/index.php\/cin-etnik-birlik-icin-zorunlu-mandarin-yasasini-kabul-etti#primaryimage\",\"url\":\"https:\/\/epochtimestr.com\/wp-content\/uploads\/2011y\/1000034983.webp\",\"contentUrl\":\"https:\/\/epochtimestr.com\/wp-content\/uploads\/2011y\/1000034983.webp\",\"width\":1200,\"height\":800},{\"@type\":\"WebSite\",\"@id\":\"https:\/\/epochtimestr.com\/#website\",\"url\":\"https:\/\/epochtimestr.com\/\",\"name\":\"The Epoch Times TR\",\"description\":\"De\u011fi\u015fen D\u00fcnyam\u0131za Taze Bir Bak\u0131\u015f\",\"publisher\":{\"@id\":\"https:\/\/epochtimestr.com\/#organization\"},\"potentialAction\":[{\"@type\":\"SearchAction\",\"target\":{\"@type\":\"EntryPoint\",\"urlTemplate\":\"https:\/\/epochtimestr.com\/?s={search_term_string}\"},\"query-input\":\"required name=search_term_string\"}],\"inLanguage\":\"tr\"},{\"@type\":\"Organization\",\"@id\":\"https:\/\/epochtimestr.com\/#organization\",\"name\":\"The EpochTimes T\u00fcrkiye\",\"url\":\"https:\/\/epochtimestr.com\/\",\"logo\":{\"@type\":\"ImageObject\",\"inLanguage\":\"tr\",\"@id\":\"https:\/\/epochtimestr.com\/#\/schema\/logo\/image\/\",\"url\":\"https:\/\/epochtimestr.com\/wp-content\/uploads\/2011y\/ET-Logo-YG.jpg\",\"contentUrl\":\"https:\/\/epochtimestr.com\/wp-content\/uploads\/2011y\/ET-Logo-YG.jpg\",\"width\":346,\"height\":29,\"caption\":\"The EpochTimes T\u00fcrkiye\"},\"image\":{\"@id\":\"https:\/\/epochtimestr.com\/#\/schema\/logo\/image\/\"},\"sameAs\":[\"https:\/\/www.facebook.com\/theepochtimestr\",\"https:\/\/x.com\/TheEpochTimesTR\",\"https:\/\/www.instagram.com\/epochtimestr\"]},{\"@type\":\"Person\",\"@id\":\"https:\/\/epochtimestr.com\/#\/schema\/person\/5fef218711d76d8f232b0e1f1d7e4c0d\",\"name\":\"Leo Bajelan\",\"image\":{\"@type\":\"ImageObject\",\"inLanguage\":\"tr\",\"@id\":\"https:\/\/epochtimestr.com\/#\/schema\/person\/image\/\",\"url\":\"https:\/\/secure.gravatar.com\/avatar\/917669146f489549e548a2e9af272df5?s=96&d=mm&r=g\",\"contentUrl\":\"https:\/\/secure.gravatar.com\/avatar\/917669146f489549e548a2e9af272df5?s=96&d=mm&r=g\",\"caption\":\"Leo Bajelan\"},\"url\":\"https:\/\/epochtimestr.com\/index.php\/author\/leo\"}]}<\/script>\n<!-- \/ Yoast SEO plugin. -->","yoast_head_json":{"title":"\u00c7in Etnik Birlik \u0130\u00e7in Zorunlu Mandarin Yasas\u0131n\u0131 Kabul Etti - The Epoch Times TR","description":"\u00c7in, etnik birlik i\u00e7in yeni yasayla Mandarin dilini e\u011fitimde zorunlu k\u0131larken, az\u0131nl\u0131k dillerine y\u00f6nelik bask\u0131y\u0131 art\u0131rmay\u0131 hedefliyor.","robots":{"index":"index","follow":"follow","max-snippet":"max-snippet:-1","max-image-preview":"max-image-preview:large","max-video-preview":"max-video-preview:-1"},"canonical":"https:\/\/epochtimestr.com\/index.php\/cin-etnik-birlik-icin-zorunlu-mandarin-yasasini-kabul-etti","og_locale":"tr_TR","og_type":"article","og_title":"\u00c7in Etnik Birlik \u0130\u00e7in Zorunlu Mandarin Yasas\u0131n\u0131 Kabul Etti - The Epoch Times TR","og_description":"\u00c7in, etnik birlik i\u00e7in yeni yasayla Mandarin dilini e\u011fitimde zorunlu k\u0131larken, az\u0131nl\u0131k dillerine y\u00f6nelik bask\u0131y\u0131 art\u0131rmay\u0131 hedefliyor.","og_url":"https:\/\/epochtimestr.com\/index.php\/cin-etnik-birlik-icin-zorunlu-mandarin-yasasini-kabul-etti","og_site_name":"The Epoch Times TR","article_publisher":"https:\/\/www.facebook.com\/theepochtimestr","article_published_time":"2026-03-18T11:25:02+00:00","article_modified_time":"2026-03-18T11:25:04+00:00","og_image":[{"width":1200,"height":800,"url":"https:\/\/epochtimestr.com\/wp-content\/uploads\/2011y\/1000034983.webp","type":"image\/webp"}],"author":"Leo Bajelan","twitter_card":"summary_large_image","twitter_creator":"@TheEpochTimesTR","twitter_site":"@TheEpochTimesTR","twitter_misc":{"Yazan:":"Leo Bajelan","Tahmini okuma s\u00fcresi":"3 dakika"},"schema":{"@context":"https:\/\/schema.org","@graph":[{"@type":"Article","@id":"https:\/\/epochtimestr.com\/index.php\/cin-etnik-birlik-icin-zorunlu-mandarin-yasasini-kabul-etti#article","isPartOf":{"@id":"https:\/\/epochtimestr.com\/index.php\/cin-etnik-birlik-icin-zorunlu-mandarin-yasasini-kabul-etti"},"author":{"name":"Leo Bajelan","@id":"https:\/\/epochtimestr.com\/#\/schema\/person\/5fef218711d76d8f232b0e1f1d7e4c0d"},"headline":"\u00c7in Etnik Birlik \u0130\u00e7in Zorunlu Mandarin Yasas\u0131n\u0131 Kabul Etti","datePublished":"2026-03-18T11:25:02+00:00","dateModified":"2026-03-18T11:25:04+00:00","mainEntityOfPage":{"@id":"https:\/\/epochtimestr.com\/index.php\/cin-etnik-birlik-icin-zorunlu-mandarin-yasasini-kabul-etti"},"wordCount":396,"commentCount":0,"publisher":{"@id":"https:\/\/epochtimestr.com\/#organization"},"image":{"@id":"https:\/\/epochtimestr.com\/index.php\/cin-etnik-birlik-icin-zorunlu-mandarin-yasasini-kabul-etti#primaryimage"},"thumbnailUrl":"https:\/\/epochtimestr.com\/wp-content\/uploads\/2011y\/1000034983.webp","keywords":["ABD","asimilasyon","\u00c7in Kom\u00fcnist Parti","etnik az\u0131nl\u0131klar","etnik birlik","Mandarin","tayvan","zorunlu e\u011fitim dili"],"articleSection":["\u00c7\u0130N","G\u00dcNDEM"],"inLanguage":"tr","potentialAction":[{"@type":"CommentAction","name":"Comment","target":["https:\/\/epochtimestr.com\/index.php\/cin-etnik-birlik-icin-zorunlu-mandarin-yasasini-kabul-etti#respond"]}]},{"@type":"WebPage","@id":"https:\/\/epochtimestr.com\/index.php\/cin-etnik-birlik-icin-zorunlu-mandarin-yasasini-kabul-etti","url":"https:\/\/epochtimestr.com\/index.php\/cin-etnik-birlik-icin-zorunlu-mandarin-yasasini-kabul-etti","name":"\u00c7in Etnik Birlik \u0130\u00e7in Zorunlu Mandarin Yasas\u0131n\u0131 Kabul Etti - The Epoch Times TR","isPartOf":{"@id":"https:\/\/epochtimestr.com\/#website"},"primaryImageOfPage":{"@id":"https:\/\/epochtimestr.com\/index.php\/cin-etnik-birlik-icin-zorunlu-mandarin-yasasini-kabul-etti#primaryimage"},"image":{"@id":"https:\/\/epochtimestr.com\/index.php\/cin-etnik-birlik-icin-zorunlu-mandarin-yasasini-kabul-etti#primaryimage"},"thumbnailUrl":"https:\/\/epochtimestr.com\/wp-content\/uploads\/2011y\/1000034983.webp","datePublished":"2026-03-18T11:25:02+00:00","dateModified":"2026-03-18T11:25:04+00:00","description":"\u00c7in, etnik birlik i\u00e7in yeni yasayla Mandarin dilini e\u011fitimde zorunlu k\u0131larken, az\u0131nl\u0131k dillerine y\u00f6nelik bask\u0131y\u0131 art\u0131rmay\u0131 hedefliyor.","inLanguage":"tr","potentialAction":[{"@type":"ReadAction","target":["https:\/\/epochtimestr.com\/index.php\/cin-etnik-birlik-icin-zorunlu-mandarin-yasasini-kabul-etti"]}]},{"@type":"ImageObject","inLanguage":"tr","@id":"https:\/\/epochtimestr.com\/index.php\/cin-etnik-birlik-icin-zorunlu-mandarin-yasasini-kabul-etti#primaryimage","url":"https:\/\/epochtimestr.com\/wp-content\/uploads\/2011y\/1000034983.webp","contentUrl":"https:\/\/epochtimestr.com\/wp-content\/uploads\/2011y\/1000034983.webp","width":1200,"height":800},{"@type":"WebSite","@id":"https:\/\/epochtimestr.com\/#website","url":"https:\/\/epochtimestr.com\/","name":"The Epoch Times TR","description":"De\u011fi\u015fen D\u00fcnyam\u0131za Taze Bir Bak\u0131\u015f","publisher":{"@id":"https:\/\/epochtimestr.com\/#organization"},"potentialAction":[{"@type":"SearchAction","target":{"@type":"EntryPoint","urlTemplate":"https:\/\/epochtimestr.com\/?s={search_term_string}"},"query-input":"required name=search_term_string"}],"inLanguage":"tr"},{"@type":"Organization","@id":"https:\/\/epochtimestr.com\/#organization","name":"The EpochTimes T\u00fcrkiye","url":"https:\/\/epochtimestr.com\/","logo":{"@type":"ImageObject","inLanguage":"tr","@id":"https:\/\/epochtimestr.com\/#\/schema\/logo\/image\/","url":"https:\/\/epochtimestr.com\/wp-content\/uploads\/2011y\/ET-Logo-YG.jpg","contentUrl":"https:\/\/epochtimestr.com\/wp-content\/uploads\/2011y\/ET-Logo-YG.jpg","width":346,"height":29,"caption":"The EpochTimes T\u00fcrkiye"},"image":{"@id":"https:\/\/epochtimestr.com\/#\/schema\/logo\/image\/"},"sameAs":["https:\/\/www.facebook.com\/theepochtimestr","https:\/\/x.com\/TheEpochTimesTR","https:\/\/www.instagram.com\/epochtimestr"]},{"@type":"Person","@id":"https:\/\/epochtimestr.com\/#\/schema\/person\/5fef218711d76d8f232b0e1f1d7e4c0d","name":"Leo Bajelan","image":{"@type":"ImageObject","inLanguage":"tr","@id":"https:\/\/epochtimestr.com\/#\/schema\/person\/image\/","url":"https:\/\/secure.gravatar.com\/avatar\/917669146f489549e548a2e9af272df5?s=96&d=mm&r=g","contentUrl":"https:\/\/secure.gravatar.com\/avatar\/917669146f489549e548a2e9af272df5?s=96&d=mm&r=g","caption":"Leo Bajelan"},"url":"https:\/\/epochtimestr.com\/index.php\/author\/leo"}]}},"_links":{"self":[{"href":"https:\/\/epochtimestr.com\/index.php\/wp-json\/wp\/v2\/posts\/166341"}],"collection":[{"href":"https:\/\/epochtimestr.com\/index.php\/wp-json\/wp\/v2\/posts"}],"about":[{"href":"https:\/\/epochtimestr.com\/index.php\/wp-json\/wp\/v2\/types\/post"}],"author":[{"embeddable":true,"href":"https:\/\/epochtimestr.com\/index.php\/wp-json\/wp\/v2\/users\/13996"}],"replies":[{"embeddable":true,"href":"https:\/\/epochtimestr.com\/index.php\/wp-json\/wp\/v2\/comments?post=166341"}],"version-history":[{"count":2,"href":"https:\/\/epochtimestr.com\/index.php\/wp-json\/wp\/v2\/posts\/166341\/revisions"}],"predecessor-version":[{"id":166359,"href":"https:\/\/epochtimestr.com\/index.php\/wp-json\/wp\/v2\/posts\/166341\/revisions\/166359"}],"wp:featuredmedia":[{"embeddable":true,"href":"https:\/\/epochtimestr.com\/index.php\/wp-json\/wp\/v2\/media\/166342"}],"wp:attachment":[{"href":"https:\/\/epochtimestr.com\/index.php\/wp-json\/wp\/v2\/media?parent=166341"}],"wp:term":[{"taxonomy":"category","embeddable":true,"href":"https:\/\/epochtimestr.com\/index.php\/wp-json\/wp\/v2\/categories?post=166341"},{"taxonomy":"post_tag","embeddable":true,"href":"https:\/\/epochtimestr.com\/index.php\/wp-json\/wp\/v2\/tags?post=166341"}],"curies":[{"name":"wp","href":"https:\/\/api.w.org\/{rel}","templated":true}]}}