{"id":166363,"date":"2026-03-19T13:13:10","date_gmt":"2026-03-19T10:13:10","guid":{"rendered":"https:\/\/epochtimestr.com\/?p=166363"},"modified":"2026-03-19T13:13:19","modified_gmt":"2026-03-19T10:13:19","slug":"kosta-rika-kuba-ile-diplomatik-iliskilerini-sonlandirdi","status":"publish","type":"post","link":"https:\/\/epochtimestr.com\/index.php\/kosta-rika-kuba-ile-diplomatik-iliskilerini-sonlandirdi","title":{"rendered":"Kosta Rika K\u00fcba \u0130le Diplomatik \u0130li\u015fkilerini Sonland\u0131rd\u0131"},"content":{"rendered":"<div class=\"wp-block-image\">\n<figure class=\"aligncenter size-full\"><img loading=\"lazy\" decoding=\"async\" width=\"1200\" height=\"800\" src=\"https:\/\/epochtimestr.com\/wp-content\/uploads\/2011y\/1000035025.webp\" alt=\"18 Mart 2026\u2019da K\u00fcba\u2019n\u0131n Havana kentindeki Kosta Rika B\u00fcy\u00fckel\u00e7ili\u011fi. (Foto\u011fraf: Yamil Lage\/AFP\/Getty Images arac\u0131l\u0131\u011f\u0131yla)\" class=\"wp-image-166364\" srcset=\"https:\/\/epochtimestr.com\/wp-content\/uploads\/2011y\/1000035025.webp 1200w, https:\/\/epochtimestr.com\/wp-content\/uploads\/2011y\/1000035025-300x200.webp 300w, https:\/\/epochtimestr.com\/wp-content\/uploads\/2011y\/1000035025-150x100.webp 150w, https:\/\/epochtimestr.com\/wp-content\/uploads\/2011y\/1000035025-768x512.webp 768w\" sizes=\"(max-width: 1200px) 100vw, 1200px\" \/><figcaption class=\"wp-element-caption\">18 Mart 2026\u2019da K\u00fcba\u2019n\u0131n Havana kentindeki Kosta Rika B\u00fcy\u00fckel\u00e7ili\u011fi. (Foto\u011fraf: The Epoch Times arac\u0131l\u0131\u011f\u0131yla, Yamil Lage, AFP &#8211; Getty Images)<\/figcaption><\/figure><\/div>\n\n\n<p>Kosta Rika devlet ba\u015fkan\u0131 Rodrigo Chaves <a href=\"https:\/\/www.theepochtimes.com\/world\/costa-ricas-president-cuts-off-diplomatic-ties-with-cuban-regime-6000827\">18 Mart 2026 tarihinde<\/a>, K\u00fcba ile diplomatik ili\u015fkilerini sonland\u0131rd\u0131\u011f\u0131n\u0131 a\u00e7\u0131klad\u0131. H\u00fck\u00fcmet ayr\u0131ca K\u00fcba y\u00f6netiminden, San Jos\u00e9\u2019deki K\u00fcba B\u00fcy\u00fckel\u00e7ili\u011fi\u2019ni kapatmas\u0131n\u0131 istedi.<\/p>\n\n\n\n<p>Chaves K\u00fcba halk\u0131n\u0131n zor ko\u015fullarda ya\u015fad\u0131\u011f\u0131n\u0131 ifade ederek, karar\u0131n insan haklar\u0131 gerek\u00e7esiyle al\u0131nd\u0131\u011f\u0131n\u0131 s\u00f6yledi. Pe\u00f1as Blancas\u2019ta d\u00fczenlenen etkinlikte yapt\u0131\u011f\u0131 a\u00e7\u0131klamada, h\u00fck\u00fcmetin bask\u0131c\u0131 uygulamalar\u0131na dikkat \u00e7ekti. <\/p>\n\n\n\n<p>Bununla birlikte D\u0131\u015fi\u015fleri Bakan\u0131 Arnoldo Andr\u00e9 Tinoco da s\u00fcreci do\u011frulad\u0131. Kosta Rika\u2019n\u0131n Havana\u2019daki b\u00fcy\u00fckel\u00e7ili\u011fi kapat\u0131lacak, ancak konsolosluk hizmetleri s\u00fcrecek. <\/p>\n\n\n\n<p>\u00d6te yandan h\u00fck\u00fcmet, K\u00fcbal\u0131 diplomatlar\u0131n \u00fclkeden ayr\u0131lmas\u0131n\u0131 istedi. Karar, 01 Nisan 2026 itibar\u0131yla y\u00fcr\u00fcrl\u00fc\u011fe girecek. Ayr\u0131ca g\u00fcvenlik i\u015f birli\u011fi kapsam\u0131nda ABD ile temaslar art\u0131r\u0131ld\u0131.<\/p>\n\n\n\n<p>Chaves, s\u0131n\u0131r g\u00fcvenli\u011fine y\u00f6nelik yeni ad\u0131mlar att\u0131klar\u0131n\u0131 ve uyu\u015fturucu ka\u00e7ak\u00e7\u0131l\u0131\u011f\u0131na kar\u015f\u0131 teknoloji yat\u0131r\u0131mlar\u0131n\u0131n \u00f6ne \u00e7\u0131kt\u0131\u011f\u0131n\u0131 belirtti. Bu nedenle g\u00fc\u00e7lendirilen limanlar ve s\u0131n\u0131r kap\u0131lar\u0131 aras\u0131nda Pe\u00f1as Blancas ve Paso Canoas da yer al\u0131yor.<\/p>\n\n\n\n<p>Buna kar\u015f\u0131n <a href=\"https:\/\/epochtimestr.com\/index.php\/kubada-ulusal-elektrik-sebekesi-coktu\" target=\"_blank\" rel=\"noreferrer noopener\">K\u00fcba<\/a> D\u0131\u015fi\u015fleri Bakanl\u0131\u011f\u0131 karara tepki g\u00f6stererek karar\u0131n gerek\u00e7esiz oldu\u011funu s\u00f6yledi. K\u00fcba, ayr\u0131ca \u201cdostane olmayan\u201d bu hamlede ABD etkisi oldu\u011funu iddia etti.<\/p>\n\n\n\n<p>Bununla birlikte Ekvador da 8 Mart&#8217;ta K\u00fcbal\u0131 diplomatlar\u0131 s\u0131n\u0131r d\u0131\u015f\u0131 ederek K\u00fcba\u2019n\u0131n Quito B\u00fcy\u00fckel\u00e7ili\u011fini kapatt\u0131.<\/p>\n\n\n\n<p>Uzmanlar, Kosta Rika&#8217;n\u0131n K\u00fcba ile diplomatik ili\u015fkilerini kesme karar\u0131n\u0131n b\u00f6lgesel siyaseti etkileme ihtimaline kar\u015f\u0131 uyar\u0131yor. Ancak Konsolosluk hizmetleri s\u00fcrd\u00fcr\u00fclmesi, diplomatik temaslar\u0131n tamamen kopmad\u0131\u011f\u0131 anlam\u0131na geliyor. \u0130ki \u00fclke aras\u0131ndaki ileti\u015fim s\u0131n\u0131rl\u0131 d\u00fczeyde devam edecek.<\/p>\n","protected":false},"excerpt":{"rendered":"<p>Kosta Rika devlet ba\u015fkan\u0131 Rodrigo Chaves 18 Mart 2026 tarihinde, K\u00fcba ile diplomatik ili\u015fkilerini sonland\u0131rd\u0131\u011f\u0131n\u0131 a\u00e7\u0131klad\u0131. H\u00fck\u00fcmet ayr\u0131ca K\u00fcba y\u00f6netiminden, San Jos\u00e9\u2019deki K\u00fcba B\u00fcy\u00fckel\u00e7ili\u011fi\u2019ni kapatmas\u0131n\u0131 istedi. Chaves K\u00fcba halk\u0131n\u0131n zor ko\u015fullarda ya\u015fad\u0131\u011f\u0131n\u0131 ifade ederek, karar\u0131n insan haklar\u0131 gerek\u00e7esiyle al\u0131nd\u0131\u011f\u0131n\u0131 s\u00f6yledi. Pe\u00f1as Blancas\u2019ta d\u00fczenlenen etkinlikte yapt\u0131\u011f\u0131 a\u00e7\u0131klamada, h\u00fck\u00fcmetin bask\u0131c\u0131 uygulamalar\u0131na dikkat \u00e7ekti. Bununla birlikte D\u0131\u015fi\u015fleri Bakan\u0131 [&hellip;]<\/p>\n","protected":false},"author":13996,"featured_media":166364,"comment_status":"open","ping_status":"open","sticky":false,"template":"","format":"standard","meta":{"_yoast_wpseo_focuskw":"Kosta Rika","_yoast_wpseo_title":"","_yoast_wpseo_metadesc":"Kosta Rika K\u00fcba ili\u015fkileri kesildi. H\u00fck\u00fcmet, diplomatik ba\u011flar\u0131 sonland\u0131rd\u0131 ve b\u00fcy\u00fckel\u00e7ilikleri kapatma karar\u0131 ald\u0131.","_bbp_topic_count":0,"_bbp_reply_count":0,"_bbp_total_topic_count":0,"_bbp_total_reply_count":0,"_bbp_voice_count":0,"_bbp_anonymous_reply_count":0,"_bbp_topic_count_hidden":0,"_bbp_reply_count_hidden":0,"_bbp_forum_subforum_count":0,"footnotes":"","_yoast_wpseo_focuskw_text_input":""},"categories":[5,1,8138],"tags":[407,11065,1284,10589,11062,1197,11063,11064],"yoast_head":"<!-- This site is optimized with the Yoast SEO plugin v23.0 - https:\/\/yoast.com\/wordpress\/plugins\/seo\/ -->\n<title>Kosta Rika K\u00fcba \u0130le Diplomatik \u0130li\u015fkilerini Sonland\u0131rd\u0131 - The Epoch Times TR<\/title>\n<meta name=\"description\" content=\"Kosta Rika K\u00fcba ili\u015fkileri kesildi. H\u00fck\u00fcmet, diplomatik ba\u011flar\u0131 sonland\u0131rd\u0131 ve b\u00fcy\u00fckel\u00e7ilikleri kapatma karar\u0131 ald\u0131.\" \/>\n<meta name=\"robots\" content=\"index, follow, max-snippet:-1, max-image-preview:large, max-video-preview:-1\" \/>\n<link rel=\"canonical\" href=\"https:\/\/epochtimestr.com\/index.php\/kosta-rika-kuba-ile-diplomatik-iliskilerini-sonlandirdi\" \/>\n<meta property=\"og:locale\" content=\"tr_TR\" \/>\n<meta property=\"og:type\" content=\"article\" \/>\n<meta property=\"og:title\" content=\"Kosta Rika K\u00fcba \u0130le Diplomatik \u0130li\u015fkilerini Sonland\u0131rd\u0131 - The Epoch Times TR\" \/>\n<meta property=\"og:description\" content=\"Kosta Rika K\u00fcba ili\u015fkileri kesildi. H\u00fck\u00fcmet, diplomatik ba\u011flar\u0131 sonland\u0131rd\u0131 ve b\u00fcy\u00fckel\u00e7ilikleri kapatma karar\u0131 ald\u0131.\" \/>\n<meta property=\"og:url\" content=\"https:\/\/epochtimestr.com\/index.php\/kosta-rika-kuba-ile-diplomatik-iliskilerini-sonlandirdi\" \/>\n<meta property=\"og:site_name\" content=\"The Epoch Times TR\" \/>\n<meta property=\"article:publisher\" content=\"https:\/\/www.facebook.com\/theepochtimestr\" \/>\n<meta property=\"article:published_time\" content=\"2026-03-19T10:13:10+00:00\" \/>\n<meta property=\"article:modified_time\" content=\"2026-03-19T10:13:19+00:00\" \/>\n<meta property=\"og:image\" content=\"https:\/\/epochtimestr.com\/wp-content\/uploads\/2011y\/1000035025.webp\" \/>\n\t<meta property=\"og:image:width\" content=\"1200\" \/>\n\t<meta property=\"og:image:height\" content=\"800\" \/>\n\t<meta property=\"og:image:type\" content=\"image\/webp\" \/>\n<meta name=\"author\" content=\"Leo Bajelan\" \/>\n<meta name=\"twitter:card\" content=\"summary_large_image\" \/>\n<meta name=\"twitter:creator\" content=\"@TheEpochTimesTR\" \/>\n<meta name=\"twitter:site\" content=\"@TheEpochTimesTR\" \/>\n<meta name=\"twitter:label1\" content=\"Yazan:\" \/>\n\t<meta name=\"twitter:data1\" content=\"Leo Bajelan\" \/>\n\t<meta name=\"twitter:label2\" content=\"Tahmini okuma s\u00fcresi\" \/>\n\t<meta name=\"twitter:data2\" content=\"2 dakika\" \/>\n<script type=\"application\/ld+json\" class=\"yoast-schema-graph\">{\"@context\":\"https:\/\/schema.org\",\"@graph\":[{\"@type\":\"Article\",\"@id\":\"https:\/\/epochtimestr.com\/index.php\/kosta-rika-kuba-ile-diplomatik-iliskilerini-sonlandirdi#article\",\"isPartOf\":{\"@id\":\"https:\/\/epochtimestr.com\/index.php\/kosta-rika-kuba-ile-diplomatik-iliskilerini-sonlandirdi\"},\"author\":{\"name\":\"Leo Bajelan\",\"@id\":\"https:\/\/epochtimestr.com\/#\/schema\/person\/5fef218711d76d8f232b0e1f1d7e4c0d\"},\"headline\":\"Kosta Rika K\u00fcba \u0130le Diplomatik \u0130li\u015fkilerini Sonland\u0131rd\u0131\",\"datePublished\":\"2026-03-19T10:13:10+00:00\",\"dateModified\":\"2026-03-19T10:13:19+00:00\",\"mainEntityOfPage\":{\"@id\":\"https:\/\/epochtimestr.com\/index.php\/kosta-rika-kuba-ile-diplomatik-iliskilerini-sonlandirdi\"},\"wordCount\":361,\"commentCount\":0,\"publisher\":{\"@id\":\"https:\/\/epochtimestr.com\/#organization\"},\"image\":{\"@id\":\"https:\/\/epochtimestr.com\/index.php\/kosta-rika-kuba-ile-diplomatik-iliskilerini-sonlandirdi#primaryimage\"},\"thumbnailUrl\":\"https:\/\/epochtimestr.com\/wp-content\/uploads\/2011y\/1000035025.webp\",\"keywords\":[\"ABD\",\"diplomatik ili\u015fkiler\",\"G\u00fcney amerika\",\"Havana\",\"Kosta Rika\",\"K\u00fcba\",\"Rodrigo Chaves\",\"San Jos\u00e9\u2019\"],\"articleSection\":[\"D\u00dcNYA\",\"G\u00dcNDEM\",\"MAN\u015eET\"],\"inLanguage\":\"tr\",\"potentialAction\":[{\"@type\":\"CommentAction\",\"name\":\"Comment\",\"target\":[\"https:\/\/epochtimestr.com\/index.php\/kosta-rika-kuba-ile-diplomatik-iliskilerini-sonlandirdi#respond\"]}]},{\"@type\":\"WebPage\",\"@id\":\"https:\/\/epochtimestr.com\/index.php\/kosta-rika-kuba-ile-diplomatik-iliskilerini-sonlandirdi\",\"url\":\"https:\/\/epochtimestr.com\/index.php\/kosta-rika-kuba-ile-diplomatik-iliskilerini-sonlandirdi\",\"name\":\"Kosta Rika K\u00fcba \u0130le Diplomatik \u0130li\u015fkilerini Sonland\u0131rd\u0131 - The Epoch Times TR\",\"isPartOf\":{\"@id\":\"https:\/\/epochtimestr.com\/#website\"},\"primaryImageOfPage\":{\"@id\":\"https:\/\/epochtimestr.com\/index.php\/kosta-rika-kuba-ile-diplomatik-iliskilerini-sonlandirdi#primaryimage\"},\"image\":{\"@id\":\"https:\/\/epochtimestr.com\/index.php\/kosta-rika-kuba-ile-diplomatik-iliskilerini-sonlandirdi#primaryimage\"},\"thumbnailUrl\":\"https:\/\/epochtimestr.com\/wp-content\/uploads\/2011y\/1000035025.webp\",\"datePublished\":\"2026-03-19T10:13:10+00:00\",\"dateModified\":\"2026-03-19T10:13:19+00:00\",\"description\":\"Kosta Rika K\u00fcba ili\u015fkileri kesildi. H\u00fck\u00fcmet, diplomatik ba\u011flar\u0131 sonland\u0131rd\u0131 ve b\u00fcy\u00fckel\u00e7ilikleri kapatma karar\u0131 ald\u0131.\",\"inLanguage\":\"tr\",\"potentialAction\":[{\"@type\":\"ReadAction\",\"target\":[\"https:\/\/epochtimestr.com\/index.php\/kosta-rika-kuba-ile-diplomatik-iliskilerini-sonlandirdi\"]}]},{\"@type\":\"ImageObject\",\"inLanguage\":\"tr\",\"@id\":\"https:\/\/epochtimestr.com\/index.php\/kosta-rika-kuba-ile-diplomatik-iliskilerini-sonlandirdi#primaryimage\",\"url\":\"https:\/\/epochtimestr.com\/wp-content\/uploads\/2011y\/1000035025.webp\",\"contentUrl\":\"https:\/\/epochtimestr.com\/wp-content\/uploads\/2011y\/1000035025.webp\",\"width\":1200,\"height\":800},{\"@type\":\"WebSite\",\"@id\":\"https:\/\/epochtimestr.com\/#website\",\"url\":\"https:\/\/epochtimestr.com\/\",\"name\":\"The Epoch Times TR\",\"description\":\"De\u011fi\u015fen D\u00fcnyam\u0131za Taze Bir Bak\u0131\u015f\",\"publisher\":{\"@id\":\"https:\/\/epochtimestr.com\/#organization\"},\"potentialAction\":[{\"@type\":\"SearchAction\",\"target\":{\"@type\":\"EntryPoint\",\"urlTemplate\":\"https:\/\/epochtimestr.com\/?s={search_term_string}\"},\"query-input\":\"required name=search_term_string\"}],\"inLanguage\":\"tr\"},{\"@type\":\"Organization\",\"@id\":\"https:\/\/epochtimestr.com\/#organization\",\"name\":\"The EpochTimes T\u00fcrkiye\",\"url\":\"https:\/\/epochtimestr.com\/\",\"logo\":{\"@type\":\"ImageObject\",\"inLanguage\":\"tr\",\"@id\":\"https:\/\/epochtimestr.com\/#\/schema\/logo\/image\/\",\"url\":\"https:\/\/epochtimestr.com\/wp-content\/uploads\/2011y\/ET-Logo-YG.jpg\",\"contentUrl\":\"https:\/\/epochtimestr.com\/wp-content\/uploads\/2011y\/ET-Logo-YG.jpg\",\"width\":346,\"height\":29,\"caption\":\"The EpochTimes T\u00fcrkiye\"},\"image\":{\"@id\":\"https:\/\/epochtimestr.com\/#\/schema\/logo\/image\/\"},\"sameAs\":[\"https:\/\/www.facebook.com\/theepochtimestr\",\"https:\/\/x.com\/TheEpochTimesTR\",\"https:\/\/www.instagram.com\/epochtimestr\"]},{\"@type\":\"Person\",\"@id\":\"https:\/\/epochtimestr.com\/#\/schema\/person\/5fef218711d76d8f232b0e1f1d7e4c0d\",\"name\":\"Leo Bajelan\",\"image\":{\"@type\":\"ImageObject\",\"inLanguage\":\"tr\",\"@id\":\"https:\/\/epochtimestr.com\/#\/schema\/person\/image\/\",\"url\":\"https:\/\/secure.gravatar.com\/avatar\/917669146f489549e548a2e9af272df5?s=96&d=mm&r=g\",\"contentUrl\":\"https:\/\/secure.gravatar.com\/avatar\/917669146f489549e548a2e9af272df5?s=96&d=mm&r=g\",\"caption\":\"Leo Bajelan\"},\"url\":\"https:\/\/epochtimestr.com\/index.php\/author\/leo\"}]}<\/script>\n<!-- \/ Yoast SEO plugin. -->","yoast_head_json":{"title":"Kosta Rika K\u00fcba \u0130le Diplomatik \u0130li\u015fkilerini Sonland\u0131rd\u0131 - The Epoch Times TR","description":"Kosta Rika K\u00fcba ili\u015fkileri kesildi. H\u00fck\u00fcmet, diplomatik ba\u011flar\u0131 sonland\u0131rd\u0131 ve b\u00fcy\u00fckel\u00e7ilikleri kapatma karar\u0131 ald\u0131.","robots":{"index":"index","follow":"follow","max-snippet":"max-snippet:-1","max-image-preview":"max-image-preview:large","max-video-preview":"max-video-preview:-1"},"canonical":"https:\/\/epochtimestr.com\/index.php\/kosta-rika-kuba-ile-diplomatik-iliskilerini-sonlandirdi","og_locale":"tr_TR","og_type":"article","og_title":"Kosta Rika K\u00fcba \u0130le Diplomatik \u0130li\u015fkilerini Sonland\u0131rd\u0131 - The Epoch Times TR","og_description":"Kosta Rika K\u00fcba ili\u015fkileri kesildi. H\u00fck\u00fcmet, diplomatik ba\u011flar\u0131 sonland\u0131rd\u0131 ve b\u00fcy\u00fckel\u00e7ilikleri kapatma karar\u0131 ald\u0131.","og_url":"https:\/\/epochtimestr.com\/index.php\/kosta-rika-kuba-ile-diplomatik-iliskilerini-sonlandirdi","og_site_name":"The Epoch Times TR","article_publisher":"https:\/\/www.facebook.com\/theepochtimestr","article_published_time":"2026-03-19T10:13:10+00:00","article_modified_time":"2026-03-19T10:13:19+00:00","og_image":[{"width":1200,"height":800,"url":"https:\/\/epochtimestr.com\/wp-content\/uploads\/2011y\/1000035025.webp","type":"image\/webp"}],"author":"Leo Bajelan","twitter_card":"summary_large_image","twitter_creator":"@TheEpochTimesTR","twitter_site":"@TheEpochTimesTR","twitter_misc":{"Yazan:":"Leo Bajelan","Tahmini okuma s\u00fcresi":"2 dakika"},"schema":{"@context":"https:\/\/schema.org","@graph":[{"@type":"Article","@id":"https:\/\/epochtimestr.com\/index.php\/kosta-rika-kuba-ile-diplomatik-iliskilerini-sonlandirdi#article","isPartOf":{"@id":"https:\/\/epochtimestr.com\/index.php\/kosta-rika-kuba-ile-diplomatik-iliskilerini-sonlandirdi"},"author":{"name":"Leo Bajelan","@id":"https:\/\/epochtimestr.com\/#\/schema\/person\/5fef218711d76d8f232b0e1f1d7e4c0d"},"headline":"Kosta Rika K\u00fcba \u0130le Diplomatik \u0130li\u015fkilerini Sonland\u0131rd\u0131","datePublished":"2026-03-19T10:13:10+00:00","dateModified":"2026-03-19T10:13:19+00:00","mainEntityOfPage":{"@id":"https:\/\/epochtimestr.com\/index.php\/kosta-rika-kuba-ile-diplomatik-iliskilerini-sonlandirdi"},"wordCount":361,"commentCount":0,"publisher":{"@id":"https:\/\/epochtimestr.com\/#organization"},"image":{"@id":"https:\/\/epochtimestr.com\/index.php\/kosta-rika-kuba-ile-diplomatik-iliskilerini-sonlandirdi#primaryimage"},"thumbnailUrl":"https:\/\/epochtimestr.com\/wp-content\/uploads\/2011y\/1000035025.webp","keywords":["ABD","diplomatik ili\u015fkiler","G\u00fcney amerika","Havana","Kosta Rika","K\u00fcba","Rodrigo Chaves","San Jos\u00e9\u2019"],"articleSection":["D\u00dcNYA","G\u00dcNDEM","MAN\u015eET"],"inLanguage":"tr","potentialAction":[{"@type":"CommentAction","name":"Comment","target":["https:\/\/epochtimestr.com\/index.php\/kosta-rika-kuba-ile-diplomatik-iliskilerini-sonlandirdi#respond"]}]},{"@type":"WebPage","@id":"https:\/\/epochtimestr.com\/index.php\/kosta-rika-kuba-ile-diplomatik-iliskilerini-sonlandirdi","url":"https:\/\/epochtimestr.com\/index.php\/kosta-rika-kuba-ile-diplomatik-iliskilerini-sonlandirdi","name":"Kosta Rika K\u00fcba \u0130le Diplomatik \u0130li\u015fkilerini Sonland\u0131rd\u0131 - The Epoch Times TR","isPartOf":{"@id":"https:\/\/epochtimestr.com\/#website"},"primaryImageOfPage":{"@id":"https:\/\/epochtimestr.com\/index.php\/kosta-rika-kuba-ile-diplomatik-iliskilerini-sonlandirdi#primaryimage"},"image":{"@id":"https:\/\/epochtimestr.com\/index.php\/kosta-rika-kuba-ile-diplomatik-iliskilerini-sonlandirdi#primaryimage"},"thumbnailUrl":"https:\/\/epochtimestr.com\/wp-content\/uploads\/2011y\/1000035025.webp","datePublished":"2026-03-19T10:13:10+00:00","dateModified":"2026-03-19T10:13:19+00:00","description":"Kosta Rika K\u00fcba ili\u015fkileri kesildi. H\u00fck\u00fcmet, diplomatik ba\u011flar\u0131 sonland\u0131rd\u0131 ve b\u00fcy\u00fckel\u00e7ilikleri kapatma karar\u0131 ald\u0131.","inLanguage":"tr","potentialAction":[{"@type":"ReadAction","target":["https:\/\/epochtimestr.com\/index.php\/kosta-rika-kuba-ile-diplomatik-iliskilerini-sonlandirdi"]}]},{"@type":"ImageObject","inLanguage":"tr","@id":"https:\/\/epochtimestr.com\/index.php\/kosta-rika-kuba-ile-diplomatik-iliskilerini-sonlandirdi#primaryimage","url":"https:\/\/epochtimestr.com\/wp-content\/uploads\/2011y\/1000035025.webp","contentUrl":"https:\/\/epochtimestr.com\/wp-content\/uploads\/2011y\/1000035025.webp","width":1200,"height":800},{"@type":"WebSite","@id":"https:\/\/epochtimestr.com\/#website","url":"https:\/\/epochtimestr.com\/","name":"The Epoch Times TR","description":"De\u011fi\u015fen D\u00fcnyam\u0131za Taze Bir Bak\u0131\u015f","publisher":{"@id":"https:\/\/epochtimestr.com\/#organization"},"potentialAction":[{"@type":"SearchAction","target":{"@type":"EntryPoint","urlTemplate":"https:\/\/epochtimestr.com\/?s={search_term_string}"},"query-input":"required name=search_term_string"}],"inLanguage":"tr"},{"@type":"Organization","@id":"https:\/\/epochtimestr.com\/#organization","name":"The EpochTimes T\u00fcrkiye","url":"https:\/\/epochtimestr.com\/","logo":{"@type":"ImageObject","inLanguage":"tr","@id":"https:\/\/epochtimestr.com\/#\/schema\/logo\/image\/","url":"https:\/\/epochtimestr.com\/wp-content\/uploads\/2011y\/ET-Logo-YG.jpg","contentUrl":"https:\/\/epochtimestr.com\/wp-content\/uploads\/2011y\/ET-Logo-YG.jpg","width":346,"height":29,"caption":"The EpochTimes T\u00fcrkiye"},"image":{"@id":"https:\/\/epochtimestr.com\/#\/schema\/logo\/image\/"},"sameAs":["https:\/\/www.facebook.com\/theepochtimestr","https:\/\/x.com\/TheEpochTimesTR","https:\/\/www.instagram.com\/epochtimestr"]},{"@type":"Person","@id":"https:\/\/epochtimestr.com\/#\/schema\/person\/5fef218711d76d8f232b0e1f1d7e4c0d","name":"Leo Bajelan","image":{"@type":"ImageObject","inLanguage":"tr","@id":"https:\/\/epochtimestr.com\/#\/schema\/person\/image\/","url":"https:\/\/secure.gravatar.com\/avatar\/917669146f489549e548a2e9af272df5?s=96&d=mm&r=g","contentUrl":"https:\/\/secure.gravatar.com\/avatar\/917669146f489549e548a2e9af272df5?s=96&d=mm&r=g","caption":"Leo Bajelan"},"url":"https:\/\/epochtimestr.com\/index.php\/author\/leo"}]}},"_links":{"self":[{"href":"https:\/\/epochtimestr.com\/index.php\/wp-json\/wp\/v2\/posts\/166363"}],"collection":[{"href":"https:\/\/epochtimestr.com\/index.php\/wp-json\/wp\/v2\/posts"}],"about":[{"href":"https:\/\/epochtimestr.com\/index.php\/wp-json\/wp\/v2\/types\/post"}],"author":[{"embeddable":true,"href":"https:\/\/epochtimestr.com\/index.php\/wp-json\/wp\/v2\/users\/13996"}],"replies":[{"embeddable":true,"href":"https:\/\/epochtimestr.com\/index.php\/wp-json\/wp\/v2\/comments?post=166363"}],"version-history":[{"count":2,"href":"https:\/\/epochtimestr.com\/index.php\/wp-json\/wp\/v2\/posts\/166363\/revisions"}],"predecessor-version":[{"id":166371,"href":"https:\/\/epochtimestr.com\/index.php\/wp-json\/wp\/v2\/posts\/166363\/revisions\/166371"}],"wp:featuredmedia":[{"embeddable":true,"href":"https:\/\/epochtimestr.com\/index.php\/wp-json\/wp\/v2\/media\/166364"}],"wp:attachment":[{"href":"https:\/\/epochtimestr.com\/index.php\/wp-json\/wp\/v2\/media?parent=166363"}],"wp:term":[{"taxonomy":"category","embeddable":true,"href":"https:\/\/epochtimestr.com\/index.php\/wp-json\/wp\/v2\/categories?post=166363"},{"taxonomy":"post_tag","embeddable":true,"href":"https:\/\/epochtimestr.com\/index.php\/wp-json\/wp\/v2\/tags?post=166363"}],"curies":[{"name":"wp","href":"https:\/\/api.w.org\/{rel}","templated":true}]}}