{"id":166366,"date":"2026-03-19T13:39:31","date_gmt":"2026-03-19T10:39:31","guid":{"rendered":"https:\/\/epochtimestr.com\/?p=166366"},"modified":"2026-03-19T13:39:34","modified_gmt":"2026-03-19T10:39:34","slug":"general-motors-yakit-fiyatlarinin-satislari-etkilemedigini-bildirdi","status":"publish","type":"post","link":"https:\/\/epochtimestr.com\/index.php\/general-motors-yakit-fiyatlarinin-satislari-etkilemedigini-bildirdi","title":{"rendered":"General Motors Yak\u0131t Fiyatlar\u0131n\u0131n Sat\u0131\u015flar\u0131 Etkilemedi\u011fini Bildirdi"},"content":{"rendered":"<div class=\"wp-block-image\">\n<figure class=\"aligncenter size-large\"><img loading=\"lazy\" decoding=\"async\" width=\"1800\" height=\"1200\" src=\"https:\/\/epochtimestr.com\/wp-content\/uploads\/2011y\/1000035031-1800x1200.jpg\" alt=\"GM (General Motors), artan yak\u0131t fiyatlar\u0131na ra\u011fmen talepte de\u011fi\u015fim g\u00f6rmedi\u011fini a\u00e7\u0131klad\u0131. \u015eirket ayr\u0131ca, t\u00fcketici davran\u0131\u015f\u0131n\u0131n zamanla de\u011fi\u015febilece\u011fini de belirtti. ABD Ba\u015fkan\u0131 Joe Biden, ZERO elektrikli ara\u00e7 \u00fcretim tesisi ziyareti s\u0131ras\u0131nda Hummer EV\u2019i test ederken. 17 Kas\u0131m 2021, General Motors Factory, Detroit. (Foto\u011fraf: Resm\u00ee Beyaz Saray foto\u011fraf\u0131, Adam Schultz)\" class=\"wp-image-166368\" srcset=\"https:\/\/epochtimestr.com\/wp-content\/uploads\/2011y\/1000035031-1800x1200.jpg 1800w, https:\/\/epochtimestr.com\/wp-content\/uploads\/2011y\/1000035031-300x200.jpg 300w, https:\/\/epochtimestr.com\/wp-content\/uploads\/2011y\/1000035031-150x100.jpg 150w, https:\/\/epochtimestr.com\/wp-content\/uploads\/2011y\/1000035031-768x512.jpg 768w, https:\/\/epochtimestr.com\/wp-content\/uploads\/2011y\/1000035031-1536x1024.jpg 1536w, https:\/\/epochtimestr.com\/wp-content\/uploads\/2011y\/1000035031.jpg 2000w\" sizes=\"(max-width: 1800px) 100vw, 1800px\" \/><figcaption class=\"wp-element-caption\">GM (General Motors), artan yak\u0131t fiyatlar\u0131na ra\u011fmen talepte de\u011fi\u015fim g\u00f6rmedi\u011fini a\u00e7\u0131klad\u0131. \u015eirket ayr\u0131ca, t\u00fcketici davran\u0131\u015f\u0131n\u0131n zamanla de\u011fi\u015febilece\u011fini de belirtti. ABD Ba\u015fkan\u0131 Joe Biden, ZERO elektrikli ara\u00e7 \u00fcretim tesisi ziyareti s\u0131ras\u0131nda Hummer EV\u2019i test ederken. 17 Kas\u0131m 2021, General Motors Factory, Detroit. (Foto\u011fraf: Resm\u00ee Beyaz Saray foto\u011fraf\u0131, Adam Schultz)<\/figcaption><\/figure><\/div>\n\n\n<p>ABD\u2019li otomobil \u00fcreticisi General Motors, artan yak\u0131t fiyatlar\u0131na ra\u011fmen sat\u0131\u015flarda belirgin bir de\u011fi\u015fim olmad\u0131\u011f\u0131n\u0131 bildirdi. \u015eirketin finans \u015fefi Paul Jacobson, t\u00fcketici davran\u0131\u015f\u0131n\u0131n yak\u0131n s\u00fcre\u00e7te de\u011fi\u015fmedi\u011fini s\u00f6yledi.<\/p>\n\n\n\n<p>Jacobson, 18 Mart&#8217;ta d\u00fczenlenen bir etkinlikte, <a href=\"https:\/\/www.theepochtimes.com\/business\/gm-sees-no-immediate-demand-shift-as-iran-war-pushes-up-gas-prices-6000635\" target=\"_blank\" rel=\"noreferrer noopener\">y\u00fcksek petrol fiyatlar\u0131n\u0131n<\/a> etkisinin zamanla g\u00f6r\u00fclece\u011fini belirtti. \u0130statistiklere g\u00f6re t\u00fcketiciler, ara\u00e7 tercihini de\u011fi\u015ftirmek i\u00e7in birka\u00e7 ay bekliyor. Jacobson \u201cGe\u00e7mi\u015f verilere bak\u0131ld\u0131\u011f\u0131nda bu s\u00fcre\u00e7 d\u00f6rt ila alt\u0131 ay s\u00fcr\u00fcyor,\u201d dedi. Ayr\u0131ca \u015fu an b\u00f6yle bir e\u011filim g\u00f6zlemediklerini ifade etti.<\/p>\n\n\n\n<p>Jacobson, \u015firketin ilk \u00e7eyrek performans\u0131n\u0131 etkileyen ba\u015fka fakt\u00f6rler oldu\u011funu s\u00f6yleyerek, \u00f6zellikle d\u00fc\u015f\u00fck stok seviyelerine dikkat \u00e7ekti. Cadillac Escalade ve baz\u0131 b\u00fcy\u00fck ara\u00e7 modellerinde arz s\u0131k\u0131nt\u0131s\u0131 ya\u015fand\u0131\u011f\u0131n\u0131 belirtti. Bununla birlikte hava ko\u015fullar\u0131n\u0131n da sat\u0131\u015flar\u0131 etkiledi\u011fini s\u00f6yledi. \u015eirket yeni tam boyutlu modellerin lansman\u0131na haz\u0131rlan\u0131yor.<\/p>\n\n\n\n<p>ABD\u2019de benzin fiyat\u0131 18 Mart itibar\u0131yla galon ba\u015f\u0131na ortalama 3,84 dolar oldu. Ancak Kaliforniya\u2019da bu rakam 5,56 dolara ula\u015ft\u0131. Fiyat art\u0131\u015f\u0131n\u0131n arkas\u0131nda ABD ve \u0130srail\u2019in \u0130ran ile s\u00fcren \u00e7at\u0131\u015fmalar\u0131n\u0131n petrol arz\u0131n\u0131 etkilemesi yer al\u0131yor. \u00d6zellikle H\u00fcrm\u00fcz Bo\u011faz\u0131\u2019ndaki riskler piyasay\u0131 bask\u0131lamas\u0131 sonucu petrol fiyatlar\u0131 ve ta\u015f\u0131mac\u0131l\u0131k maliyetleri artt\u0131. <\/p>\n\n\n\n<p>Buna kar\u015f\u0131l\u0131k ABD y\u00f6netimi, rezervleri kullanma karar\u0131 ald\u0131. Ba\u015fkan Donald Trump, <a href=\"https:\/\/epochtimestr.com\/index.php\/abd-stratejik-rezervinden-172-milyon-varil-petrol-verecek\" target=\"_blank\" rel=\"noreferrer noopener\">Stratejik Petrol Rezervinden<\/a> 172 milyon varil verilmesini onaylad\u0131. Ayr\u0131ca rezervlerin daha sonra yeniden doldurulaca\u011f\u0131n\u0131 a\u00e7\u0131klad\u0131.<\/p>\n\n\n\n<p>Jacobson, buna kar\u015f\u0131n otomotiv sekt\u00f6r\u00fcn\u00fcn geli\u015fmelere uyum sa\u011flad\u0131\u011f\u0131n\u0131 belirtti. G\u00fcmr\u00fck vergilerinin ba\u015flang\u0131\u00e7ta endi\u015fe yaratt\u0131\u011f\u0131n\u0131, ancak sekt\u00f6r\u00fcn bu s\u00fcreci iyi y\u00f6netti\u011fini ifade etti. Dolay\u0131s\u0131yla \u015firket, maliyetlerin bir k\u0131sm\u0131n\u0131 dengeledi. Jacobson, ge\u00e7en y\u0131l g\u00fcmr\u00fck tarifelerinin y\u00fczde 40\u2019tan fazlas\u0131n\u0131n telafi edildi\u011fini a\u00e7\u0131klad\u0131.<\/p>\n\n\n\n<p>Son olarak GM talep de\u011fi\u015fimi konusunda k\u0131sa vadede risk g\u00f6rm\u00fcyor, ancak uzun vadede geli\u015fmelerin yak\u0131ndan izleyece\u011fini belirtiyor. General Motors talep de\u011fi\u015fimi s\u00fcrecinin zamanla netle\u015fmesi bekleniyor.<\/p>\n","protected":false},"excerpt":{"rendered":"<p>ABD\u2019li otomobil \u00fcreticisi General Motors, artan yak\u0131t fiyatlar\u0131na ra\u011fmen sat\u0131\u015flarda belirgin bir de\u011fi\u015fim olmad\u0131\u011f\u0131n\u0131 bildirdi. \u015eirketin finans \u015fefi Paul Jacobson, t\u00fcketici davran\u0131\u015f\u0131n\u0131n yak\u0131n s\u00fcre\u00e7te de\u011fi\u015fmedi\u011fini s\u00f6yledi. Jacobson, 18 Mart&#8217;ta d\u00fczenlenen bir etkinlikte, y\u00fcksek petrol fiyatlar\u0131n\u0131n etkisinin zamanla g\u00f6r\u00fclece\u011fini belirtti. \u0130statistiklere g\u00f6re t\u00fcketiciler, ara\u00e7 tercihini de\u011fi\u015ftirmek i\u00e7in birka\u00e7 ay bekliyor. Jacobson \u201cGe\u00e7mi\u015f verilere bak\u0131ld\u0131\u011f\u0131nda bu s\u00fcre\u00e7 [&hellip;]<\/p>\n","protected":false},"author":13996,"featured_media":166368,"comment_status":"open","ping_status":"open","sticky":false,"template":"","format":"standard","meta":{"_yoast_wpseo_focuskw":"GM - yak\u0131t","_yoast_wpseo_title":"","_yoast_wpseo_metadesc":"GM, artan yak\u0131t fiyatlar\u0131na ra\u011fmen talepte de\u011fi\u015fim g\u00f6rmedi\u011fini a\u00e7\u0131klad\u0131. \u015eirket, t\u00fcketici davran\u0131\u015f\u0131n\u0131n zamanla de\u011fi\u015febilece\u011fini belirtti.","_bbp_topic_count":0,"_bbp_reply_count":0,"_bbp_total_topic_count":0,"_bbp_total_reply_count":0,"_bbp_voice_count":0,"_bbp_anonymous_reply_count":0,"_bbp_topic_count_hidden":0,"_bbp_reply_count_hidden":0,"_bbp_forum_subforum_count":0,"footnotes":"","_yoast_wpseo_focuskw_text_input":""},"categories":[5,1,8138],"tags":[11070,11071,11066,11067,11072,11069,11068],"yoast_head":"<!-- This site is optimized with the Yoast SEO plugin v23.0 - https:\/\/yoast.com\/wordpress\/plugins\/seo\/ -->\n<title>General Motors Yak\u0131t Fiyatlar\u0131n\u0131n Sat\u0131\u015flar\u0131 Etkilemedi\u011fini Bildirdi - The Epoch Times TR<\/title>\n<meta name=\"description\" content=\"GM, artan yak\u0131t fiyatlar\u0131na ra\u011fmen talepte de\u011fi\u015fim g\u00f6rmedi\u011fini a\u00e7\u0131klad\u0131. \u015eirket, t\u00fcketici davran\u0131\u015f\u0131n\u0131n zamanla de\u011fi\u015febilece\u011fini belirtti.\" \/>\n<meta name=\"robots\" content=\"index, follow, max-snippet:-1, max-image-preview:large, max-video-preview:-1\" \/>\n<link rel=\"canonical\" href=\"https:\/\/epochtimestr.com\/index.php\/general-motors-yakit-fiyatlarinin-satislari-etkilemedigini-bildirdi\" \/>\n<meta property=\"og:locale\" content=\"tr_TR\" \/>\n<meta property=\"og:type\" content=\"article\" \/>\n<meta property=\"og:title\" content=\"General Motors Yak\u0131t Fiyatlar\u0131n\u0131n Sat\u0131\u015flar\u0131 Etkilemedi\u011fini Bildirdi - The Epoch Times TR\" \/>\n<meta property=\"og:description\" content=\"GM, artan yak\u0131t fiyatlar\u0131na ra\u011fmen talepte de\u011fi\u015fim g\u00f6rmedi\u011fini a\u00e7\u0131klad\u0131. \u015eirket, t\u00fcketici davran\u0131\u015f\u0131n\u0131n zamanla de\u011fi\u015febilece\u011fini belirtti.\" \/>\n<meta property=\"og:url\" content=\"https:\/\/epochtimestr.com\/index.php\/general-motors-yakit-fiyatlarinin-satislari-etkilemedigini-bildirdi\" \/>\n<meta property=\"og:site_name\" content=\"The Epoch Times TR\" \/>\n<meta property=\"article:publisher\" content=\"https:\/\/www.facebook.com\/theepochtimestr\" \/>\n<meta property=\"article:published_time\" content=\"2026-03-19T10:39:31+00:00\" \/>\n<meta property=\"article:modified_time\" content=\"2026-03-19T10:39:34+00:00\" \/>\n<meta property=\"og:image\" content=\"https:\/\/epochtimestr.com\/wp-content\/uploads\/2011y\/1000035031.jpg\" \/>\n\t<meta property=\"og:image:width\" content=\"2000\" \/>\n\t<meta property=\"og:image:height\" content=\"1333\" \/>\n\t<meta property=\"og:image:type\" content=\"image\/jpeg\" \/>\n<meta name=\"author\" content=\"Leo Bajelan\" \/>\n<meta name=\"twitter:card\" content=\"summary_large_image\" \/>\n<meta name=\"twitter:creator\" content=\"@TheEpochTimesTR\" \/>\n<meta name=\"twitter:site\" content=\"@TheEpochTimesTR\" \/>\n<meta name=\"twitter:label1\" content=\"Yazan:\" \/>\n\t<meta name=\"twitter:data1\" content=\"Leo Bajelan\" \/>\n\t<meta name=\"twitter:label2\" content=\"Tahmini okuma s\u00fcresi\" \/>\n\t<meta name=\"twitter:data2\" content=\"3 dakika\" \/>\n<script type=\"application\/ld+json\" class=\"yoast-schema-graph\">{\"@context\":\"https:\/\/schema.org\",\"@graph\":[{\"@type\":\"Article\",\"@id\":\"https:\/\/epochtimestr.com\/index.php\/general-motors-yakit-fiyatlarinin-satislari-etkilemedigini-bildirdi#article\",\"isPartOf\":{\"@id\":\"https:\/\/epochtimestr.com\/index.php\/general-motors-yakit-fiyatlarinin-satislari-etkilemedigini-bildirdi\"},\"author\":{\"name\":\"Leo Bajelan\",\"@id\":\"https:\/\/epochtimestr.com\/#\/schema\/person\/5fef218711d76d8f232b0e1f1d7e4c0d\"},\"headline\":\"General Motors Yak\u0131t Fiyatlar\u0131n\u0131n Sat\u0131\u015flar\u0131 Etkilemedi\u011fini Bildirdi\",\"datePublished\":\"2026-03-19T10:39:31+00:00\",\"dateModified\":\"2026-03-19T10:39:34+00:00\",\"mainEntityOfPage\":{\"@id\":\"https:\/\/epochtimestr.com\/index.php\/general-motors-yakit-fiyatlarinin-satislari-etkilemedigini-bildirdi\"},\"wordCount\":460,\"commentCount\":0,\"publisher\":{\"@id\":\"https:\/\/epochtimestr.com\/#organization\"},\"image\":{\"@id\":\"https:\/\/epochtimestr.com\/index.php\/general-motors-yakit-fiyatlarinin-satislari-etkilemedigini-bildirdi#primaryimage\"},\"thumbnailUrl\":\"https:\/\/epochtimestr.com\/wp-content\/uploads\/2011y\/1000035031.jpg\",\"keywords\":[\"arz s\u0131k\u0131nt\u0131s\u0131\",\"benzin fiyat\u0131\",\"General Motors\",\"GM\",\"talep de\u011fi\u015fimi\",\"t\u00fcketici davran\u0131\u015f\u0131\",\"yak\u0131t fiyatlar\u0131\"],\"articleSection\":[\"D\u00dcNYA\",\"G\u00dcNDEM\",\"MAN\u015eET\"],\"inLanguage\":\"tr\",\"potentialAction\":[{\"@type\":\"CommentAction\",\"name\":\"Comment\",\"target\":[\"https:\/\/epochtimestr.com\/index.php\/general-motors-yakit-fiyatlarinin-satislari-etkilemedigini-bildirdi#respond\"]}]},{\"@type\":\"WebPage\",\"@id\":\"https:\/\/epochtimestr.com\/index.php\/general-motors-yakit-fiyatlarinin-satislari-etkilemedigini-bildirdi\",\"url\":\"https:\/\/epochtimestr.com\/index.php\/general-motors-yakit-fiyatlarinin-satislari-etkilemedigini-bildirdi\",\"name\":\"General Motors Yak\u0131t Fiyatlar\u0131n\u0131n Sat\u0131\u015flar\u0131 Etkilemedi\u011fini Bildirdi - The Epoch Times TR\",\"isPartOf\":{\"@id\":\"https:\/\/epochtimestr.com\/#website\"},\"primaryImageOfPage\":{\"@id\":\"https:\/\/epochtimestr.com\/index.php\/general-motors-yakit-fiyatlarinin-satislari-etkilemedigini-bildirdi#primaryimage\"},\"image\":{\"@id\":\"https:\/\/epochtimestr.com\/index.php\/general-motors-yakit-fiyatlarinin-satislari-etkilemedigini-bildirdi#primaryimage\"},\"thumbnailUrl\":\"https:\/\/epochtimestr.com\/wp-content\/uploads\/2011y\/1000035031.jpg\",\"datePublished\":\"2026-03-19T10:39:31+00:00\",\"dateModified\":\"2026-03-19T10:39:34+00:00\",\"description\":\"GM, artan yak\u0131t fiyatlar\u0131na ra\u011fmen talepte de\u011fi\u015fim g\u00f6rmedi\u011fini a\u00e7\u0131klad\u0131. \u015eirket, t\u00fcketici davran\u0131\u015f\u0131n\u0131n zamanla de\u011fi\u015febilece\u011fini belirtti.\",\"inLanguage\":\"tr\",\"potentialAction\":[{\"@type\":\"ReadAction\",\"target\":[\"https:\/\/epochtimestr.com\/index.php\/general-motors-yakit-fiyatlarinin-satislari-etkilemedigini-bildirdi\"]}]},{\"@type\":\"ImageObject\",\"inLanguage\":\"tr\",\"@id\":\"https:\/\/epochtimestr.com\/index.php\/general-motors-yakit-fiyatlarinin-satislari-etkilemedigini-bildirdi#primaryimage\",\"url\":\"https:\/\/epochtimestr.com\/wp-content\/uploads\/2011y\/1000035031.jpg\",\"contentUrl\":\"https:\/\/epochtimestr.com\/wp-content\/uploads\/2011y\/1000035031.jpg\",\"width\":2000,\"height\":1333},{\"@type\":\"WebSite\",\"@id\":\"https:\/\/epochtimestr.com\/#website\",\"url\":\"https:\/\/epochtimestr.com\/\",\"name\":\"The Epoch Times TR\",\"description\":\"De\u011fi\u015fen D\u00fcnyam\u0131za Taze Bir Bak\u0131\u015f\",\"publisher\":{\"@id\":\"https:\/\/epochtimestr.com\/#organization\"},\"potentialAction\":[{\"@type\":\"SearchAction\",\"target\":{\"@type\":\"EntryPoint\",\"urlTemplate\":\"https:\/\/epochtimestr.com\/?s={search_term_string}\"},\"query-input\":\"required name=search_term_string\"}],\"inLanguage\":\"tr\"},{\"@type\":\"Organization\",\"@id\":\"https:\/\/epochtimestr.com\/#organization\",\"name\":\"The EpochTimes T\u00fcrkiye\",\"url\":\"https:\/\/epochtimestr.com\/\",\"logo\":{\"@type\":\"ImageObject\",\"inLanguage\":\"tr\",\"@id\":\"https:\/\/epochtimestr.com\/#\/schema\/logo\/image\/\",\"url\":\"https:\/\/epochtimestr.com\/wp-content\/uploads\/2011y\/ET-Logo-YG.jpg\",\"contentUrl\":\"https:\/\/epochtimestr.com\/wp-content\/uploads\/2011y\/ET-Logo-YG.jpg\",\"width\":346,\"height\":29,\"caption\":\"The EpochTimes T\u00fcrkiye\"},\"image\":{\"@id\":\"https:\/\/epochtimestr.com\/#\/schema\/logo\/image\/\"},\"sameAs\":[\"https:\/\/www.facebook.com\/theepochtimestr\",\"https:\/\/x.com\/TheEpochTimesTR\",\"https:\/\/www.instagram.com\/epochtimestr\"]},{\"@type\":\"Person\",\"@id\":\"https:\/\/epochtimestr.com\/#\/schema\/person\/5fef218711d76d8f232b0e1f1d7e4c0d\",\"name\":\"Leo Bajelan\",\"image\":{\"@type\":\"ImageObject\",\"inLanguage\":\"tr\",\"@id\":\"https:\/\/epochtimestr.com\/#\/schema\/person\/image\/\",\"url\":\"https:\/\/secure.gravatar.com\/avatar\/917669146f489549e548a2e9af272df5?s=96&d=mm&r=g\",\"contentUrl\":\"https:\/\/secure.gravatar.com\/avatar\/917669146f489549e548a2e9af272df5?s=96&d=mm&r=g\",\"caption\":\"Leo Bajelan\"},\"url\":\"https:\/\/epochtimestr.com\/index.php\/author\/leo\"}]}<\/script>\n<!-- \/ Yoast SEO plugin. -->","yoast_head_json":{"title":"General Motors Yak\u0131t Fiyatlar\u0131n\u0131n Sat\u0131\u015flar\u0131 Etkilemedi\u011fini Bildirdi - The Epoch Times TR","description":"GM, artan yak\u0131t fiyatlar\u0131na ra\u011fmen talepte de\u011fi\u015fim g\u00f6rmedi\u011fini a\u00e7\u0131klad\u0131. \u015eirket, t\u00fcketici davran\u0131\u015f\u0131n\u0131n zamanla de\u011fi\u015febilece\u011fini belirtti.","robots":{"index":"index","follow":"follow","max-snippet":"max-snippet:-1","max-image-preview":"max-image-preview:large","max-video-preview":"max-video-preview:-1"},"canonical":"https:\/\/epochtimestr.com\/index.php\/general-motors-yakit-fiyatlarinin-satislari-etkilemedigini-bildirdi","og_locale":"tr_TR","og_type":"article","og_title":"General Motors Yak\u0131t Fiyatlar\u0131n\u0131n Sat\u0131\u015flar\u0131 Etkilemedi\u011fini Bildirdi - The Epoch Times TR","og_description":"GM, artan yak\u0131t fiyatlar\u0131na ra\u011fmen talepte de\u011fi\u015fim g\u00f6rmedi\u011fini a\u00e7\u0131klad\u0131. \u015eirket, t\u00fcketici davran\u0131\u015f\u0131n\u0131n zamanla de\u011fi\u015febilece\u011fini belirtti.","og_url":"https:\/\/epochtimestr.com\/index.php\/general-motors-yakit-fiyatlarinin-satislari-etkilemedigini-bildirdi","og_site_name":"The Epoch Times TR","article_publisher":"https:\/\/www.facebook.com\/theepochtimestr","article_published_time":"2026-03-19T10:39:31+00:00","article_modified_time":"2026-03-19T10:39:34+00:00","og_image":[{"width":2000,"height":1333,"url":"https:\/\/epochtimestr.com\/wp-content\/uploads\/2011y\/1000035031.jpg","type":"image\/jpeg"}],"author":"Leo Bajelan","twitter_card":"summary_large_image","twitter_creator":"@TheEpochTimesTR","twitter_site":"@TheEpochTimesTR","twitter_misc":{"Yazan:":"Leo Bajelan","Tahmini okuma s\u00fcresi":"3 dakika"},"schema":{"@context":"https:\/\/schema.org","@graph":[{"@type":"Article","@id":"https:\/\/epochtimestr.com\/index.php\/general-motors-yakit-fiyatlarinin-satislari-etkilemedigini-bildirdi#article","isPartOf":{"@id":"https:\/\/epochtimestr.com\/index.php\/general-motors-yakit-fiyatlarinin-satislari-etkilemedigini-bildirdi"},"author":{"name":"Leo Bajelan","@id":"https:\/\/epochtimestr.com\/#\/schema\/person\/5fef218711d76d8f232b0e1f1d7e4c0d"},"headline":"General Motors Yak\u0131t Fiyatlar\u0131n\u0131n Sat\u0131\u015flar\u0131 Etkilemedi\u011fini Bildirdi","datePublished":"2026-03-19T10:39:31+00:00","dateModified":"2026-03-19T10:39:34+00:00","mainEntityOfPage":{"@id":"https:\/\/epochtimestr.com\/index.php\/general-motors-yakit-fiyatlarinin-satislari-etkilemedigini-bildirdi"},"wordCount":460,"commentCount":0,"publisher":{"@id":"https:\/\/epochtimestr.com\/#organization"},"image":{"@id":"https:\/\/epochtimestr.com\/index.php\/general-motors-yakit-fiyatlarinin-satislari-etkilemedigini-bildirdi#primaryimage"},"thumbnailUrl":"https:\/\/epochtimestr.com\/wp-content\/uploads\/2011y\/1000035031.jpg","keywords":["arz s\u0131k\u0131nt\u0131s\u0131","benzin fiyat\u0131","General Motors","GM","talep de\u011fi\u015fimi","t\u00fcketici davran\u0131\u015f\u0131","yak\u0131t fiyatlar\u0131"],"articleSection":["D\u00dcNYA","G\u00dcNDEM","MAN\u015eET"],"inLanguage":"tr","potentialAction":[{"@type":"CommentAction","name":"Comment","target":["https:\/\/epochtimestr.com\/index.php\/general-motors-yakit-fiyatlarinin-satislari-etkilemedigini-bildirdi#respond"]}]},{"@type":"WebPage","@id":"https:\/\/epochtimestr.com\/index.php\/general-motors-yakit-fiyatlarinin-satislari-etkilemedigini-bildirdi","url":"https:\/\/epochtimestr.com\/index.php\/general-motors-yakit-fiyatlarinin-satislari-etkilemedigini-bildirdi","name":"General Motors Yak\u0131t Fiyatlar\u0131n\u0131n Sat\u0131\u015flar\u0131 Etkilemedi\u011fini Bildirdi - The Epoch Times TR","isPartOf":{"@id":"https:\/\/epochtimestr.com\/#website"},"primaryImageOfPage":{"@id":"https:\/\/epochtimestr.com\/index.php\/general-motors-yakit-fiyatlarinin-satislari-etkilemedigini-bildirdi#primaryimage"},"image":{"@id":"https:\/\/epochtimestr.com\/index.php\/general-motors-yakit-fiyatlarinin-satislari-etkilemedigini-bildirdi#primaryimage"},"thumbnailUrl":"https:\/\/epochtimestr.com\/wp-content\/uploads\/2011y\/1000035031.jpg","datePublished":"2026-03-19T10:39:31+00:00","dateModified":"2026-03-19T10:39:34+00:00","description":"GM, artan yak\u0131t fiyatlar\u0131na ra\u011fmen talepte de\u011fi\u015fim g\u00f6rmedi\u011fini a\u00e7\u0131klad\u0131. \u015eirket, t\u00fcketici davran\u0131\u015f\u0131n\u0131n zamanla de\u011fi\u015febilece\u011fini belirtti.","inLanguage":"tr","potentialAction":[{"@type":"ReadAction","target":["https:\/\/epochtimestr.com\/index.php\/general-motors-yakit-fiyatlarinin-satislari-etkilemedigini-bildirdi"]}]},{"@type":"ImageObject","inLanguage":"tr","@id":"https:\/\/epochtimestr.com\/index.php\/general-motors-yakit-fiyatlarinin-satislari-etkilemedigini-bildirdi#primaryimage","url":"https:\/\/epochtimestr.com\/wp-content\/uploads\/2011y\/1000035031.jpg","contentUrl":"https:\/\/epochtimestr.com\/wp-content\/uploads\/2011y\/1000035031.jpg","width":2000,"height":1333},{"@type":"WebSite","@id":"https:\/\/epochtimestr.com\/#website","url":"https:\/\/epochtimestr.com\/","name":"The Epoch Times TR","description":"De\u011fi\u015fen D\u00fcnyam\u0131za Taze Bir Bak\u0131\u015f","publisher":{"@id":"https:\/\/epochtimestr.com\/#organization"},"potentialAction":[{"@type":"SearchAction","target":{"@type":"EntryPoint","urlTemplate":"https:\/\/epochtimestr.com\/?s={search_term_string}"},"query-input":"required name=search_term_string"}],"inLanguage":"tr"},{"@type":"Organization","@id":"https:\/\/epochtimestr.com\/#organization","name":"The EpochTimes T\u00fcrkiye","url":"https:\/\/epochtimestr.com\/","logo":{"@type":"ImageObject","inLanguage":"tr","@id":"https:\/\/epochtimestr.com\/#\/schema\/logo\/image\/","url":"https:\/\/epochtimestr.com\/wp-content\/uploads\/2011y\/ET-Logo-YG.jpg","contentUrl":"https:\/\/epochtimestr.com\/wp-content\/uploads\/2011y\/ET-Logo-YG.jpg","width":346,"height":29,"caption":"The EpochTimes T\u00fcrkiye"},"image":{"@id":"https:\/\/epochtimestr.com\/#\/schema\/logo\/image\/"},"sameAs":["https:\/\/www.facebook.com\/theepochtimestr","https:\/\/x.com\/TheEpochTimesTR","https:\/\/www.instagram.com\/epochtimestr"]},{"@type":"Person","@id":"https:\/\/epochtimestr.com\/#\/schema\/person\/5fef218711d76d8f232b0e1f1d7e4c0d","name":"Leo Bajelan","image":{"@type":"ImageObject","inLanguage":"tr","@id":"https:\/\/epochtimestr.com\/#\/schema\/person\/image\/","url":"https:\/\/secure.gravatar.com\/avatar\/917669146f489549e548a2e9af272df5?s=96&d=mm&r=g","contentUrl":"https:\/\/secure.gravatar.com\/avatar\/917669146f489549e548a2e9af272df5?s=96&d=mm&r=g","caption":"Leo Bajelan"},"url":"https:\/\/epochtimestr.com\/index.php\/author\/leo"}]}},"_links":{"self":[{"href":"https:\/\/epochtimestr.com\/index.php\/wp-json\/wp\/v2\/posts\/166366"}],"collection":[{"href":"https:\/\/epochtimestr.com\/index.php\/wp-json\/wp\/v2\/posts"}],"about":[{"href":"https:\/\/epochtimestr.com\/index.php\/wp-json\/wp\/v2\/types\/post"}],"author":[{"embeddable":true,"href":"https:\/\/epochtimestr.com\/index.php\/wp-json\/wp\/v2\/users\/13996"}],"replies":[{"embeddable":true,"href":"https:\/\/epochtimestr.com\/index.php\/wp-json\/wp\/v2\/comments?post=166366"}],"version-history":[{"count":2,"href":"https:\/\/epochtimestr.com\/index.php\/wp-json\/wp\/v2\/posts\/166366\/revisions"}],"predecessor-version":[{"id":166373,"href":"https:\/\/epochtimestr.com\/index.php\/wp-json\/wp\/v2\/posts\/166366\/revisions\/166373"}],"wp:featuredmedia":[{"embeddable":true,"href":"https:\/\/epochtimestr.com\/index.php\/wp-json\/wp\/v2\/media\/166368"}],"wp:attachment":[{"href":"https:\/\/epochtimestr.com\/index.php\/wp-json\/wp\/v2\/media?parent=166366"}],"wp:term":[{"taxonomy":"category","embeddable":true,"href":"https:\/\/epochtimestr.com\/index.php\/wp-json\/wp\/v2\/categories?post=166366"},{"taxonomy":"post_tag","embeddable":true,"href":"https:\/\/epochtimestr.com\/index.php\/wp-json\/wp\/v2\/tags?post=166366"}],"curies":[{"name":"wp","href":"https:\/\/api.w.org\/{rel}","templated":true}]}}