{"id":166376,"date":"2026-03-19T21:19:34","date_gmt":"2026-03-19T18:19:34","guid":{"rendered":"https:\/\/epochtimestr.com\/?p=166376"},"modified":"2026-03-19T22:00:56","modified_gmt":"2026-03-19T19:00:56","slug":"bir-emekcinin-mersin-buyuksehir-ile-imtihani2","status":"publish","type":"post","link":"https:\/\/epochtimestr.com\/index.php\/bir-emekcinin-mersin-buyuksehir-ile-imtihani2","title":{"rendered":"Bir Emek\u00e7inin Mersin B\u00fcy\u00fck\u015fehir ile \u0130mtihan\u0131"},"content":{"rendered":"<div class=\"wp-block-image\">\n<figure class=\"aligncenter size-full is-resized\"><img loading=\"lazy\" decoding=\"async\" width=\"2048\" height=\"1365\" src=\"https:\/\/epochtimestr.com\/wp-content\/uploads\/2011y\/Firat-Serez2.jpg\" alt=\"\" class=\"wp-image-166382\" style=\"width:752px;height:auto\" srcset=\"https:\/\/epochtimestr.com\/wp-content\/uploads\/2011y\/Firat-Serez2.jpg 2048w, https:\/\/epochtimestr.com\/wp-content\/uploads\/2011y\/Firat-Serez2-300x200.jpg 300w, https:\/\/epochtimestr.com\/wp-content\/uploads\/2011y\/Firat-Serez2-1800x1200.jpg 1800w, https:\/\/epochtimestr.com\/wp-content\/uploads\/2011y\/Firat-Serez2-150x100.jpg 150w, https:\/\/epochtimestr.com\/wp-content\/uploads\/2011y\/Firat-Serez2-768x512.jpg 768w, https:\/\/epochtimestr.com\/wp-content\/uploads\/2011y\/Firat-Serez2-1536x1024.jpg 1536w\" sizes=\"(max-width: 2048px) 100vw, 2048px\" \/><figcaption class=\"wp-element-caption\">Mersin B\u00fcy\u00fck\u015fehir Belediyesinde mobbing ve haks\u0131zl\u0131kla i\u015ften \u00e7\u0131kar\u0131lan emek\u00e7i F\u0131rat Serez a\u00e7t\u0131\u011f\u0131 mahkemeyi hakimin verdi\u011fi i\u015fe iade karar\u0131 ile kazand\u0131. <\/figcaption><\/figure><\/div>\n\n\n<p><strong>Mersin B\u00fcy\u00fck\u015fehir Belediyesinde bir emek\u00e7inin i\u015ften \u00e7\u0131kar\u0131lmas\u0131n\u0131n perde arkas\u0131: G\u00fc\u00e7 odaklar\u0131 ve mobbing <\/strong><strong><\/strong><\/p>\n\n\n\n<p>Mersin B\u00fcy\u00fck\u015fehir Belediyesi b\u00fcnyesinde biyotinidaz enzim eksikli\u011fi olan o\u011fluna bakmak i\u00e7in gece vardiyas\u0131nda \u015fof\u00f6r olarak \u00e7al\u0131\u015fmaya F\u0131rat Serez\u2019\u0131n sabah vardiyas\u0131na al\u0131nmak istemesiyle ba\u015flayan s\u00fcre\u00e7 i\u015ften \u00e7\u0131kar\u0131lmas\u0131 ile sonland\u0131. F\u0131rat Mersin B\u00fcy\u00fck\u015fehir Belediyesine kar\u015f\u0131 a\u00e7t\u0131\u011f\u0131 hukuk davas\u0131n\u0131 kazan\u0131rken Mersin B\u00fcy\u00fck\u015fehir i\u00e7erisinde i\u015flerin nas\u0131l y\u00fcr\u00fcd\u00fc\u011f\u00fc hakk\u0131nda ciddi iddialarda bulundu.&nbsp; &nbsp;&nbsp;<\/p>\n\n\n\n<h2 class=\"wp-block-heading\"><strong>Bir i\u015f\u00e7inin hik\u00e2yesi: \u201cSadece \u00e7al\u0131\u015fmak istedim\u201d<\/strong><\/h2>\n\n\n\n<p>F\u0131rat Serez Adana Mengeler A.\u015e.\u2019de sat\u0131\u015f ve pazarlama uzman\u0131 olarak i\u015fe ba\u015flayan ve 8 y\u0131lda b\u00f6lge sat\u0131\u015f m\u00fcd\u00fcrl\u00fc\u011f\u00fcne kadar y\u00fckselmi\u015f ba\u015far\u0131l\u0131 bir \u00e7al\u0131\u015fand\u0131. Evli ve bir \u00e7ocuk sahibiydi ve e\u015fi Mersin Adliyesinde \u00e7al\u0131\u015f\u0131yordu. O\u011fullar\u0131 \u00c7ak\u0131r\u2019da g\u00f6r\u00fclen baz\u0131 semptomlar sebebiyle yap\u0131lan tetkikler sonucu \u00c7ak\u0131r\u2019a biyotinidaz enzim eksikli\u011fi tan\u0131s\u0131 kondu. Hen\u00fcz T\u00fcrkiye\u2019de yeni tan\u0131nan bu hastal\u0131k ciddi anlamda bak\u0131m gerektiriyordu. Pandemi s\u00fcrecinde F\u0131rat\u2019\u0131n \u00e7al\u0131\u015ft\u0131\u011f\u0131 firma k\u00fc\u00e7\u00fclmeye gitmeye karar verdi ve F\u0131rat bu s\u00fcre\u00e7te i\u015fsiz kald\u0131. E\u015finin gece \u00e7al\u0131\u015fmas\u0131 m\u00fcmk\u00fcn olmad\u0131\u011f\u0131 ve \u00c7ak\u0131r\u2019a bakmak ve bak\u0131m masraflar\u0131n\u0131 kar\u015f\u0131layabilmek i\u00e7in gece vardiyas\u0131nda \u00e7al\u0131\u015fabilece\u011fi bir i\u015f aramaya ba\u015flad\u0131.&nbsp;<\/p>\n\n\n\n<p>F\u0131rat i\u015f bulmak i\u00e7in Mersin B\u00fcy\u00fck\u015fehir Belediyesine ba\u015fvurdu. Ba\u015fvuru s\u0131ras\u0131nda \u00e7ocu\u011funun raporlar\u0131n\u0131 ve e\u015finin i\u015f durumu ile ilgili belgeleri sununca gece vardiyas\u0131nda \u015fof\u00f6r olarak i\u015fe al\u0131nd\u0131.&nbsp; 3 y\u0131l boyunca gece vardiyas\u0131nda 540.000 yolcu ta\u015f\u0131d\u0131. Bir tane \u015fikayet veya trafik cezas\u0131 almad\u0131. Geceleri direksiyon sallarken g\u00fcnd\u00fczleri \u00c7ak\u0131r ile ilgilendi ve d\u00fczenli almas\u0131 gereken ila\u00e7lar\u0131 ve bak\u0131m\u0131 ona sa\u011flad\u0131. &nbsp;Bu hayat ko\u015fturmacas\u0131 i\u00e7erisinde \u00c7ak\u0131r\u2019\u0131n bir de erkek karde\u015fi oldu.<\/p>\n\n\n\n<h2 class=\"wp-block-heading\"><strong>K\u0131r\u0131lma noktas\u0131: \u201cHayat\u0131m tepetaklak oldu\u201d<\/strong><\/h2>\n\n\n\n<p>F\u0131rat e\u015fi ile birlikte kendini hayat ko\u015fturmacas\u0131na kapt\u0131rm\u0131\u015fken bir g\u00fcn i\u015fe gitti\u011finde vardiya listesinde ad\u0131n\u0131 sabah vardiyas\u0131nda g\u00f6rd\u00fc. Bu duruma \u015fa\u015f\u0131rd\u0131. Amirine arayarak durumu sordu. Ald\u0131\u011f\u0131 cevap ise amirinin onu g\u00fcnd\u00fcz vardiyas\u0131na ald\u0131\u011f\u0131yd\u0131. F\u0131rat\u2019\u0131n g\u00fcnd\u00fcz vardiyas\u0131na ge\u00e7mesi demek t\u00fcm hayatlar\u0131n\u0131n tepetaklak olmas\u0131 anlam\u0131na geliyordu.<\/p>\n\n\n\n<p>\u00c7ocu\u011funun raporu ve e\u015finin adliyede \u00e7al\u0131\u015ft\u0131\u011f\u0131na dair kan\u0131tlar\u0131 daha \u00f6nce MBB\u2019ye sunmu\u015ftu. Ondan \u00f6nce g\u00fcnd\u00fcz vardiyas\u0131na ge\u00e7ebilecek, hi\u00e7bir sorunu olmayan be\u015f arkada\u015f\u0131 olmas\u0131na ra\u011fmen amiri g\u00fcnd\u00fcz vardiyas\u0131na onu yazm\u0131\u015ft\u0131. \u0130ddias\u0131na g\u00f6re, durumu anlatt\u0131\u011f\u0131nda amirinden ald\u0131\u011f\u0131 yan\u0131t; \u201cEn zay\u0131f halka sensin. O y\u00fczden seni yemek zorunda kald\u0131m.\u201d oldu.&nbsp;<\/p>\n\n\n\n<h2 class=\"wp-block-heading\"><strong>Derdini kimseye anlatamad\u0131<\/strong><\/h2>\n\n\n\n<p>F\u0131rat bunun bir yanl\u0131\u015f anla\u015f\u0131lma oldu\u011funu ve \u00fcst makamlara giderse bu haks\u0131z uygulamay\u0131 durdurabilece\u011fini d\u00fc\u015f\u00fcnd\u00fc. Bu s\u00fcre\u00e7te derdini y\u00fcksek makamlara anlatmak i\u00e7in u\u011fra\u015ft\u0131. Hem hakk\u0131n\u0131 aramak hem de \u00e7ocuklar\u0131na bakabilmek i\u00e7in t\u00fcm izinlerini kulland\u0131. \u0130ki k\u00fc\u00e7\u00fck \u00e7ocu\u011fuyla birlikte derdini y\u00fcksek makamlara anlatabilmek i\u00e7in b\u00fcy\u00fck\u015fehir binas\u0131na gitmeye ba\u015flad\u0131. \u00d6nce Ula\u015ft\u0131rma Daire M\u00fcd\u00fcr\u00fc\u2019ne gitti. Oradan da cevap alamay\u0131nca Genel Sekreter ve hi\u00e7bir yerden \u00e7\u00f6z\u00fcm bulamay\u0131nca en son Ba\u015fkan Vahap Se\u00e7er\u2019e ula\u015fmaya \u00e7al\u0131\u015ft\u0131. Bir\u00e7ok kereler Ba\u015fkan Se\u00e7er ile g\u00f6r\u00fc\u015fmek i\u00e7in MBB binas\u0131na giden F\u0131rat kendi ifadesiyle \u00e7ocuklar\u0131n\u0131n \u00f6n\u00fcnde azarlanarak oradan uzakla\u015ft\u0131r\u0131ld\u0131.<\/p>\n\n\n\n<h2 class=\"wp-block-heading\"><strong>\u015eof\u00f6rl\u00fckten bek\u00e7ili\u011fe: Stat\u00fc ve gelir kayb\u0131<\/strong><\/h2>\n\n\n\n<p>F\u0131rat\u2019\u0131n anlat\u0131m\u0131na g\u00f6re s\u00fcre\u00e7 burada da bitmedi. \u00dcstleri bu konuyu \u00fcst mercilere ta\u015f\u0131mas\u0131na \u00e7ok sinirlenmi\u015fti. F\u0131rat\u2019\u0131n ifadesiyle bu konu ile ilgili olarak i\u015f arkada\u015flar\u0131n\u0131n \u00f6n\u00fcnde a\u015fa\u011f\u0131land\u0131 ve \u00e7ocu\u011funun hastal\u0131\u011f\u0131 ile ilgili olarak bile dalga ge\u00e7ildi. F\u0131rat ta ttazminat\u0131n\u0131 al\u0131p i\u015ften \u00e7\u0131kmak istedi. &nbsp;O zaman kendisine yar\u0131 maa\u015fl\u0131 olarak gece bek\u00e7ili\u011fi teklif edildi. F\u0131rat ta \u00e7ocuklar\u0131n\u0131 d\u00fc\u015f\u00fcnerek bu teklifi kabul etti. Ama F\u0131rat i\u00e7in her \u015fey yeni ba\u015fl\u0131yordu.<\/p>\n\n\n\n<h2 class=\"wp-block-heading\"><strong>Mobbing iddialar\u0131: \u201cG\u00f6revim olmayan i\u015fler yapt\u0131r\u0131ld\u0131\u201d<\/strong><\/h2>\n\n\n\n<p>F\u0131rat yeni g\u00f6revinde yakla\u015f\u0131k 8 ay \u00e7al\u0131\u015ft\u0131 ama kendi ifadesiyle bu 8 ayda 38 ya\u015f\u0131na kadar ya\u015famad\u0131\u011f\u0131 her t\u00fcrl\u00fc mobbinge maruz kald\u0131. G\u00f6revi gece otob\u00fcslere bek\u00e7ilik etmekten ve sabah gelen \u015fof\u00f6rlere \u00e7ay haz\u0131rlamaktan ibaretti. Fakat ona sahadaki izmaritleri ve \u00e7\u00f6pleri toplatmaktan otob\u00fcs boyatmaya, a\u011fa\u00e7 sulamaya kadar her i\u015f yapt\u0131r\u0131ld\u0131. &nbsp;&nbsp;<\/p>\n\n\n\n<p>Bu s\u00fcre\u00e7te F\u0131rat\u2019\u0131n iddias\u0131na g\u00f6re yeni bir i\u015f emri ile yeni bir uygulama getirildi. Bu uygulamaya g\u00f6re ilk otob\u00fcs\u00fcn \u00e7\u0131kmas\u0131 i\u00e7in F\u0131rat mesai bitiminden sonra bir saat fazladan bekleyecekti. Bu uygulama y\u00fcz\u00fcnden F\u0131rat her g\u00fcn eve bir saat ge\u00e7 gitti ve bu i\u015f i\u00e7in de fazla mesai \u00fccreti kendisine \u00f6denmedi. &nbsp;<\/p>\n\n\n\n<h2 class=\"wp-block-heading\"><strong>Kritik olay: Tutanak ve i\u015ften \u00e7\u0131karma<\/strong><\/h2>\n\n\n\n<p>F\u0131rat bir g\u00fcn n\u00f6betteyken yine bir i\u015f emri geldi. &nbsp;Normalde otob\u00fcs \u015fof\u00f6rlerinin otob\u00fcslere ast\u0131\u011f\u0131 posterleri F\u0131rat\u2019tan ve mesaideki servis \u015fof\u00f6r\u00fc arkada\u015f\u0131n\u0131n yapmas\u0131n\u0131 istediler. \u0130kisi de bu i\u015fin kendi i\u015fleri olmad\u0131\u011f\u0131n\u0131 s\u00f6yleyerek bu i\u015fi yapmay\u0131 ret etti. &nbsp;Sabah i\u015fe gelen amir haklar\u0131nda tutanak tutulmas\u0131n\u0131 istedi ve bu tutanak ile F\u0131rat\u2019\u0131n i\u015ften \u00e7\u0131kar\u0131lma s\u00fcreci ba\u015flad\u0131. Kendisi ile beraber tutanak tutulan servis \u015fof\u00f6r\u00fc ise i\u015fine devam etti. &nbsp;<\/p>\n\n\n\n<h2 class=\"wp-block-heading\"><strong>\u201cAyn\u0131 tutanak, farkl\u0131 sonu\u00e7\u201d iddias\u0131<\/strong><\/h2>\n\n\n\n<p>F\u0131rat\u2019\u0131n bu konuda en dikkat \u00e7ekici iddialar\u0131ndan biri de: \u201cAyn\u0131 tutanak tutuldu, ayn\u0131 savunmay\u0131 yapt\u0131k. Ama sadece ben i\u015ften \u00e7\u0131kar\u0131ld\u0131m.\u201d oldu.<\/p>\n\n\n\n<p>Bu durumun e\u015fitlik ilkesine ayk\u0131r\u0131 oldu\u011funu savunan F\u0131rat, karar\u0131n \u201c\u00f6nceden haz\u0131rlanm\u0131\u015f bir s\u00fcre\u00e7\u201d oldu\u011funu iddia etti. &nbsp;F\u0131rat\u2019\u0131n ifadesiyle sonradan di\u011fer tutanak \u00f6rtbas edildi. F\u0131rat\u2019a tazminat \u00f6dememek i\u00e7in de 49. madde, emre itaatsizlikten \u00e7\u0131k\u0131\u015f verildi. \u201cBu kadar da olmaz.\u201d diyerek konuyu \u00fcst makamlara ta\u015f\u0131yan F\u0131rat giri\u015fimlerinden yine sonu\u00e7 alamad\u0131. &nbsp;<\/p>\n\n\n\n<h2 class=\"wp-block-heading\"><strong>F\u0131rat\u2019\u0131 hakl\u0131 \u00e7\u0131karan tan\u0131k ifadeleri ve i\u015fe iade karar\u0131<\/strong><\/h2>\n\n\n\n<p>Ya\u015fananlar\u0131n ard\u0131ndan F\u0131rat, konuyu yarg\u0131ya ta\u015f\u0131d\u0131. Mersin 7. \u0130\u015f Mahkemesinde g\u00f6r\u00fclen davada F\u0131rat ile beraber \u015fof\u00f6rl\u00fck yapan iki arkada\u015f\u0131 tan\u0131kl\u0131k yapt\u0131. Zapta ge\u00e7en ifadelerde tan\u0131klar F\u0131rat\u2019a g\u00f6rev tan\u0131m\u0131nda olmayan i\u015flerin yapt\u0131r\u0131ld\u0131\u011f\u0131n\u0131 s\u00f6yledi. Hakim de tutulan tutanak ile i\u015ften \u00e7\u0131kar\u0131lma yap\u0131lamayaca\u011f\u0131na karar vererek usulden davay\u0131 karara ba\u011flad\u0131. Hakim verdi\u011fi kararda F\u0131rat\u2019\u0131n ya i\u015fe iadesini ya da F\u0131rat\u2019a tazminat \u00f6denmesine karar verdi.&nbsp;&nbsp;<\/p>\n\n\n\n<h2 class=\"wp-block-heading\"><strong>\u201cB\u00fcy\u00fck\u015fehirde i\u015flerinizi y\u00fcr\u00fctmek istiyorsan\u0131z arkan\u0131z olmas\u0131 \u015fart\u201d<\/strong><\/h2>\n\n\n\n<p>F\u0131rat bu kararla ilgili olarak The Epoch Times T\u00fcrkiye\u2019ye \u015funlar\u0131 s\u00f6yledi;<\/p>\n\n\n\n<p>\u201cBen hi\u00e7bir referans\u0131m olmadan, arkamda hi\u00e7bir ki\u015fi olmadan Mersin B\u00fcy\u00fck\u015fehir\u2019e \u015fof\u00f6r olarak girdim. \u00c7al\u0131\u015ft\u0131\u011f\u0131m s\u00fcre\u00e7te g\u00f6revimi hatas\u0131z bir \u015fekilde tam olarak yerine getirdim. Hi\u00e7bir sebep yokken ve durumumu bildikleri halde beni g\u00fcnd\u00fcz vardiyas\u0131na almak istediler. Bu konuda referanss\u0131z i\u015fe girdi\u011fim i\u00e7in zay\u0131f halka oldu\u011fumu s\u00f6ylediler. Hi\u00e7bir referans\u0131m olmadan i\u015fe girdi\u011fimi anlayan m\u00fcd\u00fcr\u00fcm \u015fa\u015ft\u0131 kald\u0131. \u2018Sen bu i\u015fe nas\u0131l girdin?\u2019 dedi. Sonradan anlad\u0131m ki b\u00fcy\u00fck\u015fehir belediyesine referanss\u0131z olarak i\u015fe girmek neredeyse imkans\u0131z ve b\u00fcy\u00fck\u015fehirde i\u015flerinizi y\u00fcr\u00fctmek istiyorsan\u0131z arkan\u0131z olmas\u0131 \u015fart.<\/p>\n\n\n\n<p>Bunu nereden mi biliyorum? Beni bir tutanakla i\u015ften att\u0131lar. Halbuki benden \u00e7ok daha fazla tutana\u011f\u0131 olan ve yapt\u0131klar\u0131 su\u00e7 say\u0131labilecek insanlar \u015fu anda belediyede \u00e7al\u0131\u015fmaya devam ediyorlar. Bu arkada\u015flarla konu\u015ftu\u011fum zaman bana samimi bir \u015fekilde arkalar\u0131nda insanlar oldu\u011funu ve bu y\u00fczden hala burada olduklar\u0131n\u0131 s\u00f6yl\u00fcyorlar. E\u011fer bunun bir par\u00e7as\u0131 olmak istemiyorsan\u0131z sizi bunun bir par\u00e7as\u0131 yap\u0131yorlar. Mesela ilk olarak davada tan\u0131kl\u0131k yapaca\u011f\u0131n\u0131 ifade eden bir i\u015f arkada\u015f\u0131m\u0131n izin g\u00fcn\u00fc duru\u015fma tarihine geliyordu. Bu ki\u015fi duru\u015fmaya gelip ifade vermesin diye izin g\u00fcn\u00fcn\u00fc de\u011fi\u015ftirdiler. Daha sonra duru\u015fmaya gelmedi. Hakim de zorla getirilme karar\u0131 \u00e7\u0131kar\u0131nca davaya gelip ifade verdi.\u201d<\/p>\n\n\n\n<h2 class=\"wp-block-heading\"><strong>\u201cB\u00fcy\u00fck\u015fehir\u2019de liyakat yok, baz\u0131 yap\u0131lar var.\u201d<\/strong><\/h2>\n\n\n\n<p>F\u0131rat konu\u015fmas\u0131n\u0131n devam\u0131nda maruz kald\u0131\u011f\u0131 haks\u0131zl\u0131k ve muamele i\u00e7in de \u015funlar\u0131 s\u00f6yledi; \u201cBen de bu konuda hakk\u0131m\u0131 aray\u0131nca beni d\u00fc\u015fman ilan ettiler ve sadece haklar\u0131m\u0131 d\u00fc\u015f\u00fcrmekle kalmad\u0131lar ayn\u0131 zamanda bana \u00e7ok ciddi mobbing uygulay\u0131p en sonunda da bir senaryo ile beni i\u015ften tazminats\u0131z \u00e7\u0131kard\u0131lar. Bana neden gece bek\u00e7ili\u011fi teklif ettiklerini sonradan anlad\u0131m. \u00d6nce tazminat vermemek ve belki de bu olay\u0131n haber olmas\u0131n\u0131 \u00f6nlemek i\u00e7in bana yar\u0131 maa\u015fl\u0131 gece bek\u00e7ili\u011fi teklif ettiler. Ama\u00e7lar\u0131 mobbing ile beni y\u0131ld\u0131rmak ve i\u015ften ayr\u0131lmam\u0131 sa\u011flamakt\u0131. Bu da olmay\u0131nca beni 49. madde ile bir senaryo ile i\u015ften \u00e7\u0131kard\u0131lar<\/p>\n\n\n\n<p>Bu i\u015fin i\u00e7erisinde amirler, m\u00fcd\u00fcrler ve ba\u015fka ki\u015filer vard\u0131. \u00dcst d\u00fczeydeki y\u00f6neticiler bile benim u\u011frad\u0131\u011f\u0131m haks\u0131zl\u0131\u011fa dur diyemediler.&nbsp;<\/p>\n\n\n\n<p>\u0130yi ki do\u011fruyu s\u00f6yleyen i\u015f arkada\u015flar\u0131m vard\u0131. Do\u011fruluk ve d\u00fcr\u00fcstl\u00fckleri i\u00e7in onlara m\u00fcte\u015fekkirim. Ben demokrat bir insan\u0131m. Mersin B\u00fcy\u00fck\u015fehir Belediyesi ne kadar demokrat bir belediye gibi g\u00f6r\u00fcnse de perdenin arkas\u0131nda her \u015fey \u00e7ok farkl\u0131. Ben buna \u015fahit oldum. B\u00fcy\u00fck\u015fehir\u2019de liyakat yok, baz\u0131 yap\u0131lar var. Arkan\u0131z e\u011fer g\u00fc\u00e7l\u00fcyse bu yap\u0131lar ile i\u015finizi y\u00fcr\u00fct\u00fcyorsunuz. B\u00fct\u00fcn bunlar\u0131 mottosu hak, hukuk, adalet olan CHP\u2019li bir belediyede ya\u015f\u0131yorsunuz. Ger\u00e7ekten \u00e7ok \u00fcz\u00fcc\u00fc.\u201d &nbsp;&nbsp;&nbsp;&nbsp;&nbsp;&nbsp;&nbsp;&nbsp;&nbsp;&nbsp;&nbsp;&nbsp;&nbsp;&nbsp;&nbsp;&nbsp;&nbsp;&nbsp;&nbsp;&nbsp;&nbsp;&nbsp;&nbsp;&nbsp;&nbsp;&nbsp;&nbsp;&nbsp;&nbsp;&nbsp;&nbsp;&nbsp;&nbsp;&nbsp;&nbsp;&nbsp;&nbsp;&nbsp;&nbsp;&nbsp;&nbsp;&nbsp;&nbsp;&nbsp;&nbsp;&nbsp;&nbsp;&nbsp;&nbsp;&nbsp;&nbsp;&nbsp;&nbsp;&nbsp;&nbsp;&nbsp;&nbsp;&nbsp;&nbsp;&nbsp;&nbsp;&nbsp;&nbsp;&nbsp;&nbsp;&nbsp;&nbsp;&nbsp;&nbsp;&nbsp;&nbsp;&nbsp;&nbsp;&nbsp;&nbsp;&nbsp;&nbsp;&nbsp;&nbsp;&nbsp;&nbsp;&nbsp;&nbsp;&nbsp;&nbsp;&nbsp;&nbsp;&nbsp;&nbsp;&nbsp;&nbsp;&nbsp;&nbsp;&nbsp;&nbsp;&nbsp;&nbsp;&nbsp;&nbsp;&nbsp;&nbsp;&nbsp;&nbsp;&nbsp;&nbsp;&nbsp;&nbsp;&nbsp;&nbsp;&nbsp;&nbsp;&nbsp;&nbsp;&nbsp;&nbsp;&nbsp;&nbsp;&nbsp;&nbsp;&nbsp;&nbsp;&nbsp;&nbsp;&nbsp;&nbsp;&nbsp;&nbsp;&nbsp;&nbsp;&nbsp;&nbsp;&nbsp;&nbsp;&nbsp;&nbsp;&nbsp;&nbsp;&nbsp;&nbsp;&nbsp;&nbsp;&nbsp;&nbsp;&nbsp;&nbsp;&nbsp;&nbsp;&nbsp;&nbsp;&nbsp;&nbsp;&nbsp;&nbsp;&nbsp;&nbsp;&nbsp;&nbsp;&nbsp;&nbsp;&nbsp;&nbsp;&nbsp;&nbsp;&nbsp;&nbsp;&nbsp;&nbsp;&nbsp;&nbsp;&nbsp;&nbsp;&nbsp;&nbsp;&nbsp;&nbsp;&nbsp;&nbsp;&nbsp;&nbsp;&nbsp;&nbsp;&nbsp;&nbsp;&nbsp;&nbsp;&nbsp;&nbsp;&nbsp;&nbsp;&nbsp;&nbsp;&nbsp;&nbsp;&nbsp;&nbsp;&nbsp;&nbsp;&nbsp;&nbsp;&nbsp;&nbsp;&nbsp;&nbsp;&nbsp;&nbsp;&nbsp;&nbsp;&nbsp;&nbsp;&nbsp;&nbsp;&nbsp;&nbsp;&nbsp;&nbsp;&nbsp;&nbsp;&nbsp;&nbsp;&nbsp;&nbsp;&nbsp;&nbsp;&nbsp;<\/p>\n","protected":false},"excerpt":{"rendered":"<p>Mersin B\u00fcy\u00fck\u015fehir Belediyesinde bir emek\u00e7inin i\u015ften \u00e7\u0131kar\u0131lmas\u0131n\u0131n perde arkas\u0131: G\u00fc\u00e7 odaklar\u0131 ve mobbing Mersin B\u00fcy\u00fck\u015fehir Belediyesi b\u00fcnyesinde biyotinidaz enzim eksikli\u011fi olan o\u011fluna bakmak i\u00e7in gece vardiyas\u0131nda \u015fof\u00f6r olarak \u00e7al\u0131\u015fmaya F\u0131rat Serez\u2019\u0131n sabah vardiyas\u0131na al\u0131nmak istemesiyle ba\u015flayan s\u00fcre\u00e7 i\u015ften \u00e7\u0131kar\u0131lmas\u0131 ile sonland\u0131. F\u0131rat Mersin B\u00fcy\u00fck\u015fehir Belediyesine kar\u015f\u0131 a\u00e7t\u0131\u011f\u0131 hukuk davas\u0131n\u0131 kazan\u0131rken Mersin B\u00fcy\u00fck\u015fehir i\u00e7erisinde i\u015flerin nas\u0131l [&hellip;]<\/p>\n","protected":false},"author":22,"featured_media":166382,"comment_status":"open","ping_status":"open","sticky":false,"template":"","format":"standard","meta":{"_yoast_wpseo_focuskw":"Emek\u00e7ii CHP","_yoast_wpseo_title":"","_yoast_wpseo_metadesc":"Mersin B\u00fcy\u00fck\u015fehir Belediyesinde bir emek\u00e7inin i\u015ften \u00e7\u0131kar\u0131lmas\u0131n\u0131n perde arkas\u0131ndaki g\u00fc\u00e7 odaklar\u0131 ve mobbing","_bbp_topic_count":0,"_bbp_reply_count":0,"_bbp_total_topic_count":0,"_bbp_total_reply_count":0,"_bbp_voice_count":0,"_bbp_anonymous_reply_count":0,"_bbp_topic_count_hidden":0,"_bbp_reply_count_hidden":0,"_bbp_forum_subforum_count":0,"footnotes":"","_yoast_wpseo_focuskw_text_input":""},"categories":[1,8138,8419],"tags":[],"yoast_head":"<!-- This site is optimized with the Yoast SEO plugin v23.0 - https:\/\/yoast.com\/wordpress\/plugins\/seo\/ -->\n<title>Bir Emek\u00e7inin Mersin B\u00fcy\u00fck\u015fehir ile \u0130mtihan\u0131 - The Epoch Times TR<\/title>\n<meta name=\"description\" content=\"Mersin B\u00fcy\u00fck\u015fehir Belediyesinde bir emek\u00e7inin i\u015ften \u00e7\u0131kar\u0131lmas\u0131n\u0131n perde arkas\u0131ndaki g\u00fc\u00e7 odaklar\u0131 ve mobbing\" \/>\n<meta name=\"robots\" content=\"index, follow, max-snippet:-1, max-image-preview:large, max-video-preview:-1\" \/>\n<link rel=\"canonical\" href=\"https:\/\/epochtimestr.com\/index.php\/bir-emekcinin-mersin-buyuksehir-ile-imtihani2\" \/>\n<meta property=\"og:locale\" content=\"tr_TR\" \/>\n<meta property=\"og:type\" content=\"article\" \/>\n<meta property=\"og:title\" content=\"Bir Emek\u00e7inin Mersin B\u00fcy\u00fck\u015fehir ile \u0130mtihan\u0131 - The Epoch Times TR\" \/>\n<meta property=\"og:description\" content=\"Mersin B\u00fcy\u00fck\u015fehir Belediyesinde bir emek\u00e7inin i\u015ften \u00e7\u0131kar\u0131lmas\u0131n\u0131n perde arkas\u0131ndaki g\u00fc\u00e7 odaklar\u0131 ve mobbing\" \/>\n<meta property=\"og:url\" content=\"https:\/\/epochtimestr.com\/index.php\/bir-emekcinin-mersin-buyuksehir-ile-imtihani2\" \/>\n<meta property=\"og:site_name\" content=\"The Epoch Times TR\" \/>\n<meta property=\"article:publisher\" content=\"https:\/\/www.facebook.com\/theepochtimestr\" \/>\n<meta property=\"article:published_time\" content=\"2026-03-19T18:19:34+00:00\" \/>\n<meta property=\"article:modified_time\" content=\"2026-03-19T19:00:56+00:00\" \/>\n<meta property=\"og:image\" content=\"https:\/\/epochtimestr.com\/wp-content\/uploads\/2011y\/Firat-Serez2.jpg\" \/>\n\t<meta property=\"og:image:width\" content=\"2048\" \/>\n\t<meta property=\"og:image:height\" content=\"1365\" \/>\n\t<meta property=\"og:image:type\" content=\"image\/jpeg\" \/>\n<meta name=\"author\" content=\"G.Hakan Ko\u00e7man\" \/>\n<meta name=\"twitter:card\" content=\"summary_large_image\" \/>\n<meta name=\"twitter:creator\" content=\"@TheEpochTimesTR\" \/>\n<meta name=\"twitter:site\" content=\"@TheEpochTimesTR\" \/>\n<meta name=\"twitter:label1\" content=\"Yazan:\" \/>\n\t<meta name=\"twitter:data1\" content=\"G.Hakan Ko\u00e7man\" \/>\n\t<meta name=\"twitter:label2\" content=\"Tahmini okuma s\u00fcresi\" \/>\n\t<meta name=\"twitter:data2\" content=\"8 dakika\" \/>\n<script type=\"application\/ld+json\" class=\"yoast-schema-graph\">{\"@context\":\"https:\/\/schema.org\",\"@graph\":[{\"@type\":\"Article\",\"@id\":\"https:\/\/epochtimestr.com\/index.php\/bir-emekcinin-mersin-buyuksehir-ile-imtihani2#article\",\"isPartOf\":{\"@id\":\"https:\/\/epochtimestr.com\/index.php\/bir-emekcinin-mersin-buyuksehir-ile-imtihani2\"},\"author\":{\"name\":\"G.Hakan Ko\u00e7man\",\"@id\":\"https:\/\/epochtimestr.com\/#\/schema\/person\/b5509977c9a6cd729a3e74d9743d035b\"},\"headline\":\"Bir Emek\u00e7inin Mersin B\u00fcy\u00fck\u015fehir ile \u0130mtihan\u0131\",\"datePublished\":\"2026-03-19T18:19:34+00:00\",\"dateModified\":\"2026-03-19T19:00:56+00:00\",\"mainEntityOfPage\":{\"@id\":\"https:\/\/epochtimestr.com\/index.php\/bir-emekcinin-mersin-buyuksehir-ile-imtihani2\"},\"wordCount\":2046,\"commentCount\":0,\"publisher\":{\"@id\":\"https:\/\/epochtimestr.com\/#organization\"},\"image\":{\"@id\":\"https:\/\/epochtimestr.com\/index.php\/bir-emekcinin-mersin-buyuksehir-ile-imtihani2#primaryimage\"},\"thumbnailUrl\":\"https:\/\/epochtimestr.com\/wp-content\/uploads\/2011y\/Firat-Serez2.jpg\",\"articleSection\":[\"G\u00dcNDEM\",\"Man\u015fet\",\"Ya\u015fam\"],\"inLanguage\":\"tr\",\"potentialAction\":[{\"@type\":\"CommentAction\",\"name\":\"Comment\",\"target\":[\"https:\/\/epochtimestr.com\/index.php\/bir-emekcinin-mersin-buyuksehir-ile-imtihani2#respond\"]}]},{\"@type\":\"WebPage\",\"@id\":\"https:\/\/epochtimestr.com\/index.php\/bir-emekcinin-mersin-buyuksehir-ile-imtihani2\",\"url\":\"https:\/\/epochtimestr.com\/index.php\/bir-emekcinin-mersin-buyuksehir-ile-imtihani2\",\"name\":\"Bir Emek\u00e7inin Mersin B\u00fcy\u00fck\u015fehir ile \u0130mtihan\u0131 - The Epoch Times TR\",\"isPartOf\":{\"@id\":\"https:\/\/epochtimestr.com\/#website\"},\"primaryImageOfPage\":{\"@id\":\"https:\/\/epochtimestr.com\/index.php\/bir-emekcinin-mersin-buyuksehir-ile-imtihani2#primaryimage\"},\"image\":{\"@id\":\"https:\/\/epochtimestr.com\/index.php\/bir-emekcinin-mersin-buyuksehir-ile-imtihani2#primaryimage\"},\"thumbnailUrl\":\"https:\/\/epochtimestr.com\/wp-content\/uploads\/2011y\/Firat-Serez2.jpg\",\"datePublished\":\"2026-03-19T18:19:34+00:00\",\"dateModified\":\"2026-03-19T19:00:56+00:00\",\"description\":\"Mersin B\u00fcy\u00fck\u015fehir Belediyesinde bir emek\u00e7inin i\u015ften \u00e7\u0131kar\u0131lmas\u0131n\u0131n perde arkas\u0131ndaki g\u00fc\u00e7 odaklar\u0131 ve mobbing\",\"inLanguage\":\"tr\",\"potentialAction\":[{\"@type\":\"ReadAction\",\"target\":[\"https:\/\/epochtimestr.com\/index.php\/bir-emekcinin-mersin-buyuksehir-ile-imtihani2\"]}]},{\"@type\":\"ImageObject\",\"inLanguage\":\"tr\",\"@id\":\"https:\/\/epochtimestr.com\/index.php\/bir-emekcinin-mersin-buyuksehir-ile-imtihani2#primaryimage\",\"url\":\"https:\/\/epochtimestr.com\/wp-content\/uploads\/2011y\/Firat-Serez2.jpg\",\"contentUrl\":\"https:\/\/epochtimestr.com\/wp-content\/uploads\/2011y\/Firat-Serez2.jpg\",\"width\":2048,\"height\":1365},{\"@type\":\"WebSite\",\"@id\":\"https:\/\/epochtimestr.com\/#website\",\"url\":\"https:\/\/epochtimestr.com\/\",\"name\":\"The Epoch Times TR\",\"description\":\"De\u011fi\u015fen D\u00fcnyam\u0131za Taze Bir Bak\u0131\u015f\",\"publisher\":{\"@id\":\"https:\/\/epochtimestr.com\/#organization\"},\"potentialAction\":[{\"@type\":\"SearchAction\",\"target\":{\"@type\":\"EntryPoint\",\"urlTemplate\":\"https:\/\/epochtimestr.com\/?s={search_term_string}\"},\"query-input\":\"required name=search_term_string\"}],\"inLanguage\":\"tr\"},{\"@type\":\"Organization\",\"@id\":\"https:\/\/epochtimestr.com\/#organization\",\"name\":\"The EpochTimes T\u00fcrkiye\",\"url\":\"https:\/\/epochtimestr.com\/\",\"logo\":{\"@type\":\"ImageObject\",\"inLanguage\":\"tr\",\"@id\":\"https:\/\/epochtimestr.com\/#\/schema\/logo\/image\/\",\"url\":\"https:\/\/epochtimestr.com\/wp-content\/uploads\/2011y\/ET-Logo-YG.jpg\",\"contentUrl\":\"https:\/\/epochtimestr.com\/wp-content\/uploads\/2011y\/ET-Logo-YG.jpg\",\"width\":346,\"height\":29,\"caption\":\"The EpochTimes T\u00fcrkiye\"},\"image\":{\"@id\":\"https:\/\/epochtimestr.com\/#\/schema\/logo\/image\/\"},\"sameAs\":[\"https:\/\/www.facebook.com\/theepochtimestr\",\"https:\/\/x.com\/TheEpochTimesTR\",\"https:\/\/www.instagram.com\/epochtimestr\"]},{\"@type\":\"Person\",\"@id\":\"https:\/\/epochtimestr.com\/#\/schema\/person\/b5509977c9a6cd729a3e74d9743d035b\",\"name\":\"G.Hakan Ko\u00e7man\",\"image\":{\"@type\":\"ImageObject\",\"inLanguage\":\"tr\",\"@id\":\"https:\/\/epochtimestr.com\/#\/schema\/person\/image\/\",\"url\":\"https:\/\/secure.gravatar.com\/avatar\/e4eafee1ab5d1f4015c3930376b22ca8?s=96&d=mm&r=g\",\"contentUrl\":\"https:\/\/secure.gravatar.com\/avatar\/e4eafee1ab5d1f4015c3930376b22ca8?s=96&d=mm&r=g\",\"caption\":\"G.Hakan Ko\u00e7man\"},\"url\":\"https:\/\/epochtimestr.com\/index.php\/author\/hakan\"}]}<\/script>\n<!-- \/ Yoast SEO plugin. -->","yoast_head_json":{"title":"Bir Emek\u00e7inin Mersin B\u00fcy\u00fck\u015fehir ile \u0130mtihan\u0131 - The Epoch Times TR","description":"Mersin B\u00fcy\u00fck\u015fehir Belediyesinde bir emek\u00e7inin i\u015ften \u00e7\u0131kar\u0131lmas\u0131n\u0131n perde arkas\u0131ndaki g\u00fc\u00e7 odaklar\u0131 ve mobbing","robots":{"index":"index","follow":"follow","max-snippet":"max-snippet:-1","max-image-preview":"max-image-preview:large","max-video-preview":"max-video-preview:-1"},"canonical":"https:\/\/epochtimestr.com\/index.php\/bir-emekcinin-mersin-buyuksehir-ile-imtihani2","og_locale":"tr_TR","og_type":"article","og_title":"Bir Emek\u00e7inin Mersin B\u00fcy\u00fck\u015fehir ile \u0130mtihan\u0131 - The Epoch Times TR","og_description":"Mersin B\u00fcy\u00fck\u015fehir Belediyesinde bir emek\u00e7inin i\u015ften \u00e7\u0131kar\u0131lmas\u0131n\u0131n perde arkas\u0131ndaki g\u00fc\u00e7 odaklar\u0131 ve mobbing","og_url":"https:\/\/epochtimestr.com\/index.php\/bir-emekcinin-mersin-buyuksehir-ile-imtihani2","og_site_name":"The Epoch Times TR","article_publisher":"https:\/\/www.facebook.com\/theepochtimestr","article_published_time":"2026-03-19T18:19:34+00:00","article_modified_time":"2026-03-19T19:00:56+00:00","og_image":[{"width":2048,"height":1365,"url":"https:\/\/epochtimestr.com\/wp-content\/uploads\/2011y\/Firat-Serez2.jpg","type":"image\/jpeg"}],"author":"G.Hakan Ko\u00e7man","twitter_card":"summary_large_image","twitter_creator":"@TheEpochTimesTR","twitter_site":"@TheEpochTimesTR","twitter_misc":{"Yazan:":"G.Hakan Ko\u00e7man","Tahmini okuma s\u00fcresi":"8 dakika"},"schema":{"@context":"https:\/\/schema.org","@graph":[{"@type":"Article","@id":"https:\/\/epochtimestr.com\/index.php\/bir-emekcinin-mersin-buyuksehir-ile-imtihani2#article","isPartOf":{"@id":"https:\/\/epochtimestr.com\/index.php\/bir-emekcinin-mersin-buyuksehir-ile-imtihani2"},"author":{"name":"G.Hakan Ko\u00e7man","@id":"https:\/\/epochtimestr.com\/#\/schema\/person\/b5509977c9a6cd729a3e74d9743d035b"},"headline":"Bir Emek\u00e7inin Mersin B\u00fcy\u00fck\u015fehir ile \u0130mtihan\u0131","datePublished":"2026-03-19T18:19:34+00:00","dateModified":"2026-03-19T19:00:56+00:00","mainEntityOfPage":{"@id":"https:\/\/epochtimestr.com\/index.php\/bir-emekcinin-mersin-buyuksehir-ile-imtihani2"},"wordCount":2046,"commentCount":0,"publisher":{"@id":"https:\/\/epochtimestr.com\/#organization"},"image":{"@id":"https:\/\/epochtimestr.com\/index.php\/bir-emekcinin-mersin-buyuksehir-ile-imtihani2#primaryimage"},"thumbnailUrl":"https:\/\/epochtimestr.com\/wp-content\/uploads\/2011y\/Firat-Serez2.jpg","articleSection":["G\u00dcNDEM","Man\u015fet","Ya\u015fam"],"inLanguage":"tr","potentialAction":[{"@type":"CommentAction","name":"Comment","target":["https:\/\/epochtimestr.com\/index.php\/bir-emekcinin-mersin-buyuksehir-ile-imtihani2#respond"]}]},{"@type":"WebPage","@id":"https:\/\/epochtimestr.com\/index.php\/bir-emekcinin-mersin-buyuksehir-ile-imtihani2","url":"https:\/\/epochtimestr.com\/index.php\/bir-emekcinin-mersin-buyuksehir-ile-imtihani2","name":"Bir Emek\u00e7inin Mersin B\u00fcy\u00fck\u015fehir ile \u0130mtihan\u0131 - The Epoch Times TR","isPartOf":{"@id":"https:\/\/epochtimestr.com\/#website"},"primaryImageOfPage":{"@id":"https:\/\/epochtimestr.com\/index.php\/bir-emekcinin-mersin-buyuksehir-ile-imtihani2#primaryimage"},"image":{"@id":"https:\/\/epochtimestr.com\/index.php\/bir-emekcinin-mersin-buyuksehir-ile-imtihani2#primaryimage"},"thumbnailUrl":"https:\/\/epochtimestr.com\/wp-content\/uploads\/2011y\/Firat-Serez2.jpg","datePublished":"2026-03-19T18:19:34+00:00","dateModified":"2026-03-19T19:00:56+00:00","description":"Mersin B\u00fcy\u00fck\u015fehir Belediyesinde bir emek\u00e7inin i\u015ften \u00e7\u0131kar\u0131lmas\u0131n\u0131n perde arkas\u0131ndaki g\u00fc\u00e7 odaklar\u0131 ve mobbing","inLanguage":"tr","potentialAction":[{"@type":"ReadAction","target":["https:\/\/epochtimestr.com\/index.php\/bir-emekcinin-mersin-buyuksehir-ile-imtihani2"]}]},{"@type":"ImageObject","inLanguage":"tr","@id":"https:\/\/epochtimestr.com\/index.php\/bir-emekcinin-mersin-buyuksehir-ile-imtihani2#primaryimage","url":"https:\/\/epochtimestr.com\/wp-content\/uploads\/2011y\/Firat-Serez2.jpg","contentUrl":"https:\/\/epochtimestr.com\/wp-content\/uploads\/2011y\/Firat-Serez2.jpg","width":2048,"height":1365},{"@type":"WebSite","@id":"https:\/\/epochtimestr.com\/#website","url":"https:\/\/epochtimestr.com\/","name":"The Epoch Times TR","description":"De\u011fi\u015fen D\u00fcnyam\u0131za Taze Bir Bak\u0131\u015f","publisher":{"@id":"https:\/\/epochtimestr.com\/#organization"},"potentialAction":[{"@type":"SearchAction","target":{"@type":"EntryPoint","urlTemplate":"https:\/\/epochtimestr.com\/?s={search_term_string}"},"query-input":"required name=search_term_string"}],"inLanguage":"tr"},{"@type":"Organization","@id":"https:\/\/epochtimestr.com\/#organization","name":"The EpochTimes T\u00fcrkiye","url":"https:\/\/epochtimestr.com\/","logo":{"@type":"ImageObject","inLanguage":"tr","@id":"https:\/\/epochtimestr.com\/#\/schema\/logo\/image\/","url":"https:\/\/epochtimestr.com\/wp-content\/uploads\/2011y\/ET-Logo-YG.jpg","contentUrl":"https:\/\/epochtimestr.com\/wp-content\/uploads\/2011y\/ET-Logo-YG.jpg","width":346,"height":29,"caption":"The EpochTimes T\u00fcrkiye"},"image":{"@id":"https:\/\/epochtimestr.com\/#\/schema\/logo\/image\/"},"sameAs":["https:\/\/www.facebook.com\/theepochtimestr","https:\/\/x.com\/TheEpochTimesTR","https:\/\/www.instagram.com\/epochtimestr"]},{"@type":"Person","@id":"https:\/\/epochtimestr.com\/#\/schema\/person\/b5509977c9a6cd729a3e74d9743d035b","name":"G.Hakan Ko\u00e7man","image":{"@type":"ImageObject","inLanguage":"tr","@id":"https:\/\/epochtimestr.com\/#\/schema\/person\/image\/","url":"https:\/\/secure.gravatar.com\/avatar\/e4eafee1ab5d1f4015c3930376b22ca8?s=96&d=mm&r=g","contentUrl":"https:\/\/secure.gravatar.com\/avatar\/e4eafee1ab5d1f4015c3930376b22ca8?s=96&d=mm&r=g","caption":"G.Hakan Ko\u00e7man"},"url":"https:\/\/epochtimestr.com\/index.php\/author\/hakan"}]}},"_links":{"self":[{"href":"https:\/\/epochtimestr.com\/index.php\/wp-json\/wp\/v2\/posts\/166376"}],"collection":[{"href":"https:\/\/epochtimestr.com\/index.php\/wp-json\/wp\/v2\/posts"}],"about":[{"href":"https:\/\/epochtimestr.com\/index.php\/wp-json\/wp\/v2\/types\/post"}],"author":[{"embeddable":true,"href":"https:\/\/epochtimestr.com\/index.php\/wp-json\/wp\/v2\/users\/22"}],"replies":[{"embeddable":true,"href":"https:\/\/epochtimestr.com\/index.php\/wp-json\/wp\/v2\/comments?post=166376"}],"version-history":[{"count":4,"href":"https:\/\/epochtimestr.com\/index.php\/wp-json\/wp\/v2\/posts\/166376\/revisions"}],"predecessor-version":[{"id":166383,"href":"https:\/\/epochtimestr.com\/index.php\/wp-json\/wp\/v2\/posts\/166376\/revisions\/166383"}],"wp:featuredmedia":[{"embeddable":true,"href":"https:\/\/epochtimestr.com\/index.php\/wp-json\/wp\/v2\/media\/166382"}],"wp:attachment":[{"href":"https:\/\/epochtimestr.com\/index.php\/wp-json\/wp\/v2\/media?parent=166376"}],"wp:term":[{"taxonomy":"category","embeddable":true,"href":"https:\/\/epochtimestr.com\/index.php\/wp-json\/wp\/v2\/categories?post=166376"},{"taxonomy":"post_tag","embeddable":true,"href":"https:\/\/epochtimestr.com\/index.php\/wp-json\/wp\/v2\/tags?post=166376"}],"curies":[{"name":"wp","href":"https:\/\/api.w.org\/{rel}","templated":true}]}}