{"id":166394,"date":"2026-03-22T08:30:00","date_gmt":"2026-03-22T05:30:00","guid":{"rendered":"https:\/\/epochtimestr.com\/?p=166394"},"modified":"2026-03-22T14:47:42","modified_gmt":"2026-03-22T11:47:42","slug":"toprak","status":"publish","type":"post","link":"https:\/\/epochtimestr.com\/index.php\/toprak","title":{"rendered":"Toprak"},"content":{"rendered":"\n<p class=\"has-text-align-right\">Hakk\u2019\u0131n hazinesi gizli toprakta<br \/>Benim sad\u0131k y\u00e2rim kara toprakt\u0131r<br \/>A\u015f\u0131k Veysel<\/p>\n\n\n\n<h3 class=\"wp-block-heading\">Hep Kaybeden<\/h3>\n\n\n\n<p>Kay\u0131plar da bir t\u00fcr ba\u015flang\u0131\u00e7m\u0131\u015f, ondan \u00f6\u011frendim ve kay\u0131plar\u0131n ba\u015fka imk\u00e2nlar\u0131n kap\u0131lar\u0131n\u0131 a\u00e7abildi\u011fini de\u2026<\/p>\n\n\n\n<p>Osmanl\u0131 Devleti\u2019nde do\u011fdu, T\u00fcrkiye Cumhuriyeti\u2019yle var oldu.<\/p>\n\n\n\n<p>Do\u011fdu\u011fu devleti kaybetti mesela. \u0130ki k\u0131z karde\u015fini \u00e7i\u00e7ek hastal\u0131\u011f\u0131ndan kaybetti, yedi ya\u015f\u0131ndayken g\u00f6zlerini kaybetti. Evlendi, \u00e7ocuklar\u0131 oldu, onlar\u0131 da kaybetti. Evi terk eden ilk e\u015fi Esma\u2019y\u0131, evlili\u011fini kaybetti. Hen\u00fcz gen\u00e7 ya\u015flar\u0131ndayken annesini, babas\u0131n\u0131 kaybetti.<\/p>\n\n\n\n<p>B\u00fct\u00fcn bunlara ra\u011fmen hi\u00e7 kaybetmedi\u011fi \u015feyler de vard\u0131; umudu, inanc\u0131, ho\u015fg\u00f6r\u00fcs\u00fc, bilgeli\u011fi, birle\u015ftiricili\u011fi gibi. Ve \u00f6yle bilirim ki bunlar paha bi\u00e7ilmez kazan\u00e7lard\u0131r.<\/p>\n\n\n\n<h3 class=\"wp-block-heading\">G\u00f6n\u00fcl G\u00f6z\u00fc<\/h3>\n\n\n\n<p>Bakmay\u0131n siz \u2018Uzun ince bir yolday\u0131m \/ Gidiyorum g\u00fcnd\u00fcz gece\u2019 dedi\u011fine. Gece ve g\u00fcnd\u00fcz\u00fc birbirinden ay\u0131racak ba\u015f g\u00f6z\u00fcne sahip de\u011fildi ki. Ama daha \u00f6teleri g\u00f6rme yetene\u011fini kazanm\u0131\u015ft\u0131 g\u00f6n\u00fcl g\u00f6z\u00fc a\u00e7\u0131l\u0131nca. Ve belki de baz\u0131 \u015feyleri kazanmak i\u00e7in bir\u00e7ok \u015feyi kaybetmek gerekiyordu.<\/p>\n\n\n\n<p>O g\u00f6n\u00fcl g\u00f6z\u00fcyle g\u00f6rendi.<\/p>\n\n\n\n<p>\u00c7ok \u015fey g\u00f6rd\u00fc yetmi\u015f sekiz y\u0131ll\u0131k \u00f6mr\u00fcnde. \u00dclkelerin \u00e7\u00f6k\u00fc\u015f\u00fcn\u00fc, yenilerinin do\u011fu\u015funu, sava\u015flar\u0131, k\u0131tl\u0131\u011f\u0131, fukaral\u0131\u011f\u0131, horlanmay\u0131, terk edili\u015fi, \u015f\u00f6hreti, omuzlara al\u0131n\u0131\u015f\u0131\u2026 Ya\u015fad\u0131\u011f\u0131 her s\u00fcre\u00e7 ileriye do\u011fru at\u0131lm\u0131\u015f bir ad\u0131md\u0131. Atlatt\u0131\u011f\u0131 her badire, d\u00fc\u015f\u00fc\u015fler, y\u00fckseli\u015fler, g\u00f6n\u00fcl g\u00f6z\u00fcyle resmetti\u011fi kendi tablosunu \u015fekillendiren birer f\u0131r\u00e7a darbesiydi. Her g\u00fcn biraz daha \u2018oluyor\u2019, olgunla\u015ft\u0131k\u00e7a meyvesi tatlanan bir a\u011fa\u00e7 gibi topra\u011fa k\u00f6k sal\u0131yordu.<\/p>\n\n\n\n<p>\u00d6yle ki, Anadolu irfan\u0131 h\u00e2l\u00e2 bu ulu a\u011fac\u0131n meyvelerinden beslenmeye devam ediyor.<\/p>\n\n\n\n<p>Dara d\u00fc\u015ft\u00fc\u011f\u00fcm\u00fczde elimizden tutuyor deyi\u015fleri: \u201cG\u00fczelli\u011fin on par&#8217;etmez, Bu bendeki a\u015fk olmasa\u201d diyor, \u201cTopraktan ayr\u0131lsam nerde kal\u0131r\u0131m\u201d diyor, \u201cYar gelmezse yaralar\u0131n elletme\u201d diyor, bug\u00fcn bile yolumuza \u0131\u015f\u0131k tutuyor karanl\u0131klarda.<\/p>\n\n\n\n<h3 class=\"wp-block-heading\">Benim Sad\u0131k Y\u00e2rim<\/h3>\n\n\n\n<p>Benim i\u00e7in \u00c2\u015f\u0131k Veysel\u2019in en bariz imgesi \u2018toprak\u2019t\u0131r.<\/p>\n\n\n\n<p>Y\u00fcz\u00fcn\u00fcn \u00e7izgilerine bakt\u0131\u011f\u0131n\u0131zda susuzluktan \u015ferha \u015ferha yar\u0131lm\u0131\u015f, \u00e7atlam\u0131\u015f topra\u011f\u0131 ayan beyan g\u00f6r\u00fcrs\u00fcn\u00fcz. Veysel bizatihi toprakt\u0131r, hem de en halisinden Anadolu topra\u011f\u0131.<\/p>\n\n\n\n<p>Toprak ki, ba\u015flang\u0131c\u0131m\u0131z ve sonumuzdur. Madde olarak topraktan yola \u00e7\u0131kar insano\u011flu ve maddi yolculu\u011fu toprakta sona erer. Toprak vatand\u0131r; kan\u0131m\u0131zla sulad\u0131\u011f\u0131m\u0131z, can verdi\u011fimiz, candan aziz bildi\u011fimiz. \u201c\u0130nsan\u0131n hayat\u0131ndan daha de\u011ferli bir \u015feyi yoksa, hayat\u0131n\u0131n da de\u011feri yoktur.\u201d demi\u015f Rabindranath Tagore, toprak da b\u00f6yledir.<\/p>\n\n\n\n<p>Toprak bizi besleyendir, bebeklerimizi beledi\u011fimiz, y\u00e2r belledi\u011fimizdir. \u2018Merhem \u00e7al\u0131p yaralar\u0131m\u0131z\u0131 d\u00fczledi\u011fimiz\u2019dir.<\/p>\n\n\n\n<p>Toprak \/ vatan bizi birle\u015ftiren, bir arada tutand\u0131r.<\/p>\n\n\n\n<p>Topra\u011f\u0131 en g\u00fczel anlatan, dile getiren, d\u00fc\u015fe getiren Veysel, topra\u011f\u0131n ta kendisidir.<\/p>\n\n\n\n<p>\u2026<\/p>\n\n\n\n<p>Bu yaz\u0131y\u0131 kaleme ald\u0131\u011f\u0131m 21 Mart g\u00fcn\u00fc, Veysel\u2019in zaten kapal\u0131 olan g\u00f6zlerini \u2018d\u00fcnyaya yumdu\u011fu\u2019 g\u00fcn. Sad\u0131k y\u00e2rinin koynuna, topra\u011f\u0131n alt\u0131na girdi\u011fi g\u00fcn. Ayn\u0131 zamanda bayram ve bahar\u0131n ba\u015flang\u0131c\u0131.<\/p>\n\n\n\n<p>Onu anmak istedim bu yaz\u0131yla. \u0130stedim ki bize, bu topraklara ait olan de\u011ferleri unutmayal\u0131m.<\/p>\n\n\n\n<p>\u2026<\/p>\n\n\n\n<p>Bizim \u00e7a\u011flar\u0131 a\u015fan, evrensel, her biri birer an\u0131t gibi de\u011ferlerimiz var. Mesela Nasreddin Hoca, mesela Yunus Emre, mesela Karacao\u011flan, mesela K\u00f6ro\u011flu, mesela \u0130bn-i Sina\u2026 Hac\u0131 Bekta\u015f Veli, Mevlana, Malko\u00e7o\u011flu, Mimar Sinan, Itri\u2026 Daha sayay\u0131m m\u0131 ?<\/p>\n\n\n\n<p>Ve bizim bu de\u011ferlerimizin her biri ger\u00e7ek birer kahraman. \u00d6yle Hollywood\u2019un \u00e7akma kahramanlar\u0131 gibi de\u011fil, tamam\u0131 sahici, tamam\u0131 insanl\u0131\u011fa g\u00fczel ve do\u011fru \u00f6rnek olan \u015fahsiyetler.<\/p>\n\n\n\n<p>Bu vesileyle de\u011ferlerimizi tan\u0131yal\u0131m, hat\u0131rlayal\u0131m, kendimizi bilelim, kendimize gelelim istedim.<\/p>\n\n\n\n<p>Bu topraklar\u0131 bereketli k\u0131lan, vatan yapan, yuva yapan, yurt yapan o de\u011ferler&#8230; Yani biziz.<\/p>\n\n\n\n<p>Selam olsun g\u00fczel insanlara\u2026<\/p>\n","protected":false},"excerpt":{"rendered":"<p>Hakk\u2019\u0131n hazinesi gizli topraktaBenim sad\u0131k y\u00e2rim kara toprakt\u0131rA\u015f\u0131k Veysel Hep Kaybeden Kay\u0131plar da bir t\u00fcr ba\u015flang\u0131\u00e7m\u0131\u015f, ondan \u00f6\u011frendim ve kay\u0131plar\u0131n ba\u015fka imk\u00e2nlar\u0131n kap\u0131lar\u0131n\u0131 a\u00e7abildi\u011fini de\u2026 Osmanl\u0131 Devleti\u2019nde do\u011fdu, T\u00fcrkiye Cumhuriyeti\u2019yle var oldu. Do\u011fdu\u011fu devleti kaybetti mesela. \u0130ki k\u0131z karde\u015fini \u00e7i\u00e7ek hastal\u0131\u011f\u0131ndan kaybetti, yedi ya\u015f\u0131ndayken g\u00f6zlerini kaybetti. Evlendi, \u00e7ocuklar\u0131 oldu, onlar\u0131 da kaybetti. Evi terk eden [&hellip;]<\/p>\n","protected":false},"author":14002,"featured_media":161248,"comment_status":"open","ping_status":"open","sticky":false,"template":"","format":"standard","meta":{"_yoast_wpseo_focuskw":"toprak","_yoast_wpseo_title":"","_yoast_wpseo_metadesc":"Toprak ki, ba\u015flang\u0131c\u0131m\u0131z ve sonumuzdur. Madde olarak topraktan yola \u00e7\u0131kar insano\u011flu ve maddi yolculu\u011fu toprakta sona erer.","_bbp_topic_count":0,"_bbp_reply_count":0,"_bbp_total_topic_count":0,"_bbp_total_reply_count":0,"_bbp_voice_count":0,"_bbp_anonymous_reply_count":0,"_bbp_topic_count_hidden":0,"_bbp_reply_count_hidden":0,"_bbp_forum_subforum_count":0,"footnotes":"","_yoast_wpseo_focuskw_text_input":""},"categories":[9240],"tags":[8323],"yoast_head":"<!-- This site is optimized with the Yoast SEO plugin v23.0 - https:\/\/yoast.com\/wordpress\/plugins\/seo\/ -->\n<title>Toprak - The Epoch Times TR<\/title>\n<meta name=\"description\" content=\"Toprak ki, ba\u015flang\u0131c\u0131m\u0131z ve sonumuzdur. Madde olarak topraktan yola \u00e7\u0131kar insano\u011flu ve maddi yolculu\u011fu toprakta sona erer.\" \/>\n<meta name=\"robots\" content=\"index, follow, max-snippet:-1, max-image-preview:large, max-video-preview:-1\" \/>\n<link rel=\"canonical\" href=\"https:\/\/epochtimestr.com\/index.php\/toprak\" \/>\n<meta property=\"og:locale\" content=\"tr_TR\" \/>\n<meta property=\"og:type\" content=\"article\" \/>\n<meta property=\"og:title\" content=\"Toprak - The Epoch Times TR\" \/>\n<meta property=\"og:description\" content=\"Toprak ki, ba\u015flang\u0131c\u0131m\u0131z ve sonumuzdur. Madde olarak topraktan yola \u00e7\u0131kar insano\u011flu ve maddi yolculu\u011fu toprakta sona erer.\" \/>\n<meta property=\"og:url\" content=\"https:\/\/epochtimestr.com\/index.php\/toprak\" \/>\n<meta property=\"og:site_name\" content=\"The Epoch Times TR\" \/>\n<meta property=\"article:publisher\" content=\"https:\/\/www.facebook.com\/theepochtimestr\" \/>\n<meta property=\"article:published_time\" content=\"2026-03-22T05:30:00+00:00\" \/>\n<meta property=\"article:modified_time\" content=\"2026-03-22T11:47:42+00:00\" \/>\n<meta property=\"og:image\" content=\"https:\/\/epochtimestr.com\/wp-content\/uploads\/2011y\/Omer-Karayilan-SM-2.jpg\" \/>\n\t<meta property=\"og:image:width\" content=\"1200\" \/>\n\t<meta property=\"og:image:height\" content=\"630\" \/>\n\t<meta property=\"og:image:type\" content=\"image\/jpeg\" \/>\n<meta name=\"author\" content=\"\u00d6mer Karay\u0131lan\" \/>\n<meta name=\"twitter:card\" content=\"summary_large_image\" \/>\n<meta name=\"twitter:creator\" content=\"@TheEpochTimesTR\" \/>\n<meta name=\"twitter:site\" content=\"@TheEpochTimesTR\" \/>\n<meta name=\"twitter:label1\" content=\"Yazan:\" \/>\n\t<meta name=\"twitter:data1\" content=\"\u00d6mer Karay\u0131lan\" \/>\n\t<meta name=\"twitter:label2\" content=\"Tahmini okuma s\u00fcresi\" \/>\n\t<meta name=\"twitter:data2\" content=\"4 dakika\" \/>\n<script type=\"application\/ld+json\" class=\"yoast-schema-graph\">{\"@context\":\"https:\/\/schema.org\",\"@graph\":[{\"@type\":\"Article\",\"@id\":\"https:\/\/epochtimestr.com\/index.php\/toprak#article\",\"isPartOf\":{\"@id\":\"https:\/\/epochtimestr.com\/index.php\/toprak\"},\"author\":{\"name\":\"\u00d6mer Karay\u0131lan\",\"@id\":\"https:\/\/epochtimestr.com\/#\/schema\/person\/ee101079be4d8fb9fb88cca6784e219b\"},\"headline\":\"Toprak\",\"datePublished\":\"2026-03-22T05:30:00+00:00\",\"dateModified\":\"2026-03-22T11:47:42+00:00\",\"mainEntityOfPage\":{\"@id\":\"https:\/\/epochtimestr.com\/index.php\/toprak\"},\"wordCount\":691,\"commentCount\":1,\"publisher\":{\"@id\":\"https:\/\/epochtimestr.com\/#organization\"},\"image\":{\"@id\":\"https:\/\/epochtimestr.com\/index.php\/toprak#primaryimage\"},\"thumbnailUrl\":\"https:\/\/epochtimestr.com\/wp-content\/uploads\/2011y\/Karayilan-Profil.png\",\"keywords\":[\"A\u015f\u0131k Veysel\"],\"articleSection\":[\"K\u00f6\u015fe Yaz\u0131lar\u0131 \u00d6mer Karay\u0131lan\"],\"inLanguage\":\"tr\",\"potentialAction\":[{\"@type\":\"CommentAction\",\"name\":\"Comment\",\"target\":[\"https:\/\/epochtimestr.com\/index.php\/toprak#respond\"]}]},{\"@type\":\"WebPage\",\"@id\":\"https:\/\/epochtimestr.com\/index.php\/toprak\",\"url\":\"https:\/\/epochtimestr.com\/index.php\/toprak\",\"name\":\"Toprak - The Epoch Times TR\",\"isPartOf\":{\"@id\":\"https:\/\/epochtimestr.com\/#website\"},\"primaryImageOfPage\":{\"@id\":\"https:\/\/epochtimestr.com\/index.php\/toprak#primaryimage\"},\"image\":{\"@id\":\"https:\/\/epochtimestr.com\/index.php\/toprak#primaryimage\"},\"thumbnailUrl\":\"https:\/\/epochtimestr.com\/wp-content\/uploads\/2011y\/Karayilan-Profil.png\",\"datePublished\":\"2026-03-22T05:30:00+00:00\",\"dateModified\":\"2026-03-22T11:47:42+00:00\",\"description\":\"Toprak ki, ba\u015flang\u0131c\u0131m\u0131z ve sonumuzdur. Madde olarak topraktan yola \u00e7\u0131kar insano\u011flu ve maddi yolculu\u011fu toprakta sona erer.\",\"inLanguage\":\"tr\",\"potentialAction\":[{\"@type\":\"ReadAction\",\"target\":[\"https:\/\/epochtimestr.com\/index.php\/toprak\"]}]},{\"@type\":\"ImageObject\",\"inLanguage\":\"tr\",\"@id\":\"https:\/\/epochtimestr.com\/index.php\/toprak#primaryimage\",\"url\":\"https:\/\/epochtimestr.com\/wp-content\/uploads\/2011y\/Karayilan-Profil.png\",\"contentUrl\":\"https:\/\/epochtimestr.com\/wp-content\/uploads\/2011y\/Karayilan-Profil.png\",\"width\":600,\"height\":600},{\"@type\":\"WebSite\",\"@id\":\"https:\/\/epochtimestr.com\/#website\",\"url\":\"https:\/\/epochtimestr.com\/\",\"name\":\"The Epoch Times TR\",\"description\":\"De\u011fi\u015fen D\u00fcnyam\u0131za Taze Bir Bak\u0131\u015f\",\"publisher\":{\"@id\":\"https:\/\/epochtimestr.com\/#organization\"},\"potentialAction\":[{\"@type\":\"SearchAction\",\"target\":{\"@type\":\"EntryPoint\",\"urlTemplate\":\"https:\/\/epochtimestr.com\/?s={search_term_string}\"},\"query-input\":\"required name=search_term_string\"}],\"inLanguage\":\"tr\"},{\"@type\":\"Organization\",\"@id\":\"https:\/\/epochtimestr.com\/#organization\",\"name\":\"The EpochTimes T\u00fcrkiye\",\"url\":\"https:\/\/epochtimestr.com\/\",\"logo\":{\"@type\":\"ImageObject\",\"inLanguage\":\"tr\",\"@id\":\"https:\/\/epochtimestr.com\/#\/schema\/logo\/image\/\",\"url\":\"https:\/\/epochtimestr.com\/wp-content\/uploads\/2011y\/ET-Logo-YG.jpg\",\"contentUrl\":\"https:\/\/epochtimestr.com\/wp-content\/uploads\/2011y\/ET-Logo-YG.jpg\",\"width\":346,\"height\":29,\"caption\":\"The EpochTimes T\u00fcrkiye\"},\"image\":{\"@id\":\"https:\/\/epochtimestr.com\/#\/schema\/logo\/image\/\"},\"sameAs\":[\"https:\/\/www.facebook.com\/theepochtimestr\",\"https:\/\/x.com\/TheEpochTimesTR\",\"https:\/\/www.instagram.com\/epochtimestr\"]},{\"@type\":\"Person\",\"@id\":\"https:\/\/epochtimestr.com\/#\/schema\/person\/ee101079be4d8fb9fb88cca6784e219b\",\"name\":\"\u00d6mer Karay\u0131lan\",\"image\":{\"@type\":\"ImageObject\",\"inLanguage\":\"tr\",\"@id\":\"https:\/\/epochtimestr.com\/#\/schema\/person\/image\/\",\"url\":\"https:\/\/secure.gravatar.com\/avatar\/23a8932f0189c3fe4c0e2731cb5eb5dd?s=96&d=mm&r=g\",\"contentUrl\":\"https:\/\/secure.gravatar.com\/avatar\/23a8932f0189c3fe4c0e2731cb5eb5dd?s=96&d=mm&r=g\",\"caption\":\"\u00d6mer Karay\u0131lan\"},\"url\":\"https:\/\/epochtimestr.com\/index.php\/author\/omer\"}]}<\/script>\n<!-- \/ Yoast SEO plugin. -->","yoast_head_json":{"title":"Toprak - The Epoch Times TR","description":"Toprak ki, ba\u015flang\u0131c\u0131m\u0131z ve sonumuzdur. Madde olarak topraktan yola \u00e7\u0131kar insano\u011flu ve maddi yolculu\u011fu toprakta sona erer.","robots":{"index":"index","follow":"follow","max-snippet":"max-snippet:-1","max-image-preview":"max-image-preview:large","max-video-preview":"max-video-preview:-1"},"canonical":"https:\/\/epochtimestr.com\/index.php\/toprak","og_locale":"tr_TR","og_type":"article","og_title":"Toprak - The Epoch Times TR","og_description":"Toprak ki, ba\u015flang\u0131c\u0131m\u0131z ve sonumuzdur. Madde olarak topraktan yola \u00e7\u0131kar insano\u011flu ve maddi yolculu\u011fu toprakta sona erer.","og_url":"https:\/\/epochtimestr.com\/index.php\/toprak","og_site_name":"The Epoch Times TR","article_publisher":"https:\/\/www.facebook.com\/theepochtimestr","article_published_time":"2026-03-22T05:30:00+00:00","article_modified_time":"2026-03-22T11:47:42+00:00","og_image":[{"width":1200,"height":630,"url":"https:\/\/epochtimestr.com\/wp-content\/uploads\/2011y\/Omer-Karayilan-SM-2.jpg","type":"image\/jpeg"}],"author":"\u00d6mer Karay\u0131lan","twitter_card":"summary_large_image","twitter_creator":"@TheEpochTimesTR","twitter_site":"@TheEpochTimesTR","twitter_misc":{"Yazan:":"\u00d6mer Karay\u0131lan","Tahmini okuma s\u00fcresi":"4 dakika"},"schema":{"@context":"https:\/\/schema.org","@graph":[{"@type":"Article","@id":"https:\/\/epochtimestr.com\/index.php\/toprak#article","isPartOf":{"@id":"https:\/\/epochtimestr.com\/index.php\/toprak"},"author":{"name":"\u00d6mer Karay\u0131lan","@id":"https:\/\/epochtimestr.com\/#\/schema\/person\/ee101079be4d8fb9fb88cca6784e219b"},"headline":"Toprak","datePublished":"2026-03-22T05:30:00+00:00","dateModified":"2026-03-22T11:47:42+00:00","mainEntityOfPage":{"@id":"https:\/\/epochtimestr.com\/index.php\/toprak"},"wordCount":691,"commentCount":1,"publisher":{"@id":"https:\/\/epochtimestr.com\/#organization"},"image":{"@id":"https:\/\/epochtimestr.com\/index.php\/toprak#primaryimage"},"thumbnailUrl":"https:\/\/epochtimestr.com\/wp-content\/uploads\/2011y\/Karayilan-Profil.png","keywords":["A\u015f\u0131k Veysel"],"articleSection":["K\u00f6\u015fe Yaz\u0131lar\u0131 \u00d6mer Karay\u0131lan"],"inLanguage":"tr","potentialAction":[{"@type":"CommentAction","name":"Comment","target":["https:\/\/epochtimestr.com\/index.php\/toprak#respond"]}]},{"@type":"WebPage","@id":"https:\/\/epochtimestr.com\/index.php\/toprak","url":"https:\/\/epochtimestr.com\/index.php\/toprak","name":"Toprak - The Epoch Times TR","isPartOf":{"@id":"https:\/\/epochtimestr.com\/#website"},"primaryImageOfPage":{"@id":"https:\/\/epochtimestr.com\/index.php\/toprak#primaryimage"},"image":{"@id":"https:\/\/epochtimestr.com\/index.php\/toprak#primaryimage"},"thumbnailUrl":"https:\/\/epochtimestr.com\/wp-content\/uploads\/2011y\/Karayilan-Profil.png","datePublished":"2026-03-22T05:30:00+00:00","dateModified":"2026-03-22T11:47:42+00:00","description":"Toprak ki, ba\u015flang\u0131c\u0131m\u0131z ve sonumuzdur. Madde olarak topraktan yola \u00e7\u0131kar insano\u011flu ve maddi yolculu\u011fu toprakta sona erer.","inLanguage":"tr","potentialAction":[{"@type":"ReadAction","target":["https:\/\/epochtimestr.com\/index.php\/toprak"]}]},{"@type":"ImageObject","inLanguage":"tr","@id":"https:\/\/epochtimestr.com\/index.php\/toprak#primaryimage","url":"https:\/\/epochtimestr.com\/wp-content\/uploads\/2011y\/Karayilan-Profil.png","contentUrl":"https:\/\/epochtimestr.com\/wp-content\/uploads\/2011y\/Karayilan-Profil.png","width":600,"height":600},{"@type":"WebSite","@id":"https:\/\/epochtimestr.com\/#website","url":"https:\/\/epochtimestr.com\/","name":"The Epoch Times TR","description":"De\u011fi\u015fen D\u00fcnyam\u0131za Taze Bir Bak\u0131\u015f","publisher":{"@id":"https:\/\/epochtimestr.com\/#organization"},"potentialAction":[{"@type":"SearchAction","target":{"@type":"EntryPoint","urlTemplate":"https:\/\/epochtimestr.com\/?s={search_term_string}"},"query-input":"required name=search_term_string"}],"inLanguage":"tr"},{"@type":"Organization","@id":"https:\/\/epochtimestr.com\/#organization","name":"The EpochTimes T\u00fcrkiye","url":"https:\/\/epochtimestr.com\/","logo":{"@type":"ImageObject","inLanguage":"tr","@id":"https:\/\/epochtimestr.com\/#\/schema\/logo\/image\/","url":"https:\/\/epochtimestr.com\/wp-content\/uploads\/2011y\/ET-Logo-YG.jpg","contentUrl":"https:\/\/epochtimestr.com\/wp-content\/uploads\/2011y\/ET-Logo-YG.jpg","width":346,"height":29,"caption":"The EpochTimes T\u00fcrkiye"},"image":{"@id":"https:\/\/epochtimestr.com\/#\/schema\/logo\/image\/"},"sameAs":["https:\/\/www.facebook.com\/theepochtimestr","https:\/\/x.com\/TheEpochTimesTR","https:\/\/www.instagram.com\/epochtimestr"]},{"@type":"Person","@id":"https:\/\/epochtimestr.com\/#\/schema\/person\/ee101079be4d8fb9fb88cca6784e219b","name":"\u00d6mer Karay\u0131lan","image":{"@type":"ImageObject","inLanguage":"tr","@id":"https:\/\/epochtimestr.com\/#\/schema\/person\/image\/","url":"https:\/\/secure.gravatar.com\/avatar\/23a8932f0189c3fe4c0e2731cb5eb5dd?s=96&d=mm&r=g","contentUrl":"https:\/\/secure.gravatar.com\/avatar\/23a8932f0189c3fe4c0e2731cb5eb5dd?s=96&d=mm&r=g","caption":"\u00d6mer Karay\u0131lan"},"url":"https:\/\/epochtimestr.com\/index.php\/author\/omer"}]}},"_links":{"self":[{"href":"https:\/\/epochtimestr.com\/index.php\/wp-json\/wp\/v2\/posts\/166394"}],"collection":[{"href":"https:\/\/epochtimestr.com\/index.php\/wp-json\/wp\/v2\/posts"}],"about":[{"href":"https:\/\/epochtimestr.com\/index.php\/wp-json\/wp\/v2\/types\/post"}],"author":[{"embeddable":true,"href":"https:\/\/epochtimestr.com\/index.php\/wp-json\/wp\/v2\/users\/14002"}],"replies":[{"embeddable":true,"href":"https:\/\/epochtimestr.com\/index.php\/wp-json\/wp\/v2\/comments?post=166394"}],"version-history":[{"count":2,"href":"https:\/\/epochtimestr.com\/index.php\/wp-json\/wp\/v2\/posts\/166394\/revisions"}],"predecessor-version":[{"id":166396,"href":"https:\/\/epochtimestr.com\/index.php\/wp-json\/wp\/v2\/posts\/166394\/revisions\/166396"}],"wp:featuredmedia":[{"embeddable":true,"href":"https:\/\/epochtimestr.com\/index.php\/wp-json\/wp\/v2\/media\/161248"}],"wp:attachment":[{"href":"https:\/\/epochtimestr.com\/index.php\/wp-json\/wp\/v2\/media?parent=166394"}],"wp:term":[{"taxonomy":"category","embeddable":true,"href":"https:\/\/epochtimestr.com\/index.php\/wp-json\/wp\/v2\/categories?post=166394"},{"taxonomy":"post_tag","embeddable":true,"href":"https:\/\/epochtimestr.com\/index.php\/wp-json\/wp\/v2\/tags?post=166394"}],"curies":[{"name":"wp","href":"https:\/\/api.w.org\/{rel}","templated":true}]}}