{"id":166397,"date":"2026-03-23T12:41:56","date_gmt":"2026-03-23T09:41:56","guid":{"rendered":"https:\/\/epochtimestr.com\/?p=166397"},"modified":"2026-03-23T12:42:05","modified_gmt":"2026-03-23T09:42:05","slug":"kuba-rejimi-uzerindeki-degisim-baskisi-artiyor","status":"publish","type":"post","link":"https:\/\/epochtimestr.com\/index.php\/kuba-rejimi-uzerindeki-degisim-baskisi-artiyor","title":{"rendered":"K\u00fcba Rejimi \u00dczerindeki De\u011fi\u015fim Bask\u0131s\u0131 Art\u0131yor"},"content":{"rendered":"<div class=\"wp-block-image\">\n<figure class=\"aligncenter size-full\"><img loading=\"lazy\" decoding=\"async\" width=\"1200\" height=\"800\" src=\"https:\/\/epochtimestr.com\/wp-content\/uploads\/2011y\/1000035278.webp\" alt=\"Bir adam, 05 \u015eubat 2026\u2019da Havana\u2019da K\u00fcba lideri Miguel Diaz-Canel\u2019in ulusal televizyondaki konu\u015fmas\u0131n\u0131 izliyor. (Foto\u011fraf: Yamil Lage\/AFP via Getty Images\/Epoch Times arac\u0131yla)\" class=\"wp-image-166398\" srcset=\"https:\/\/epochtimestr.com\/wp-content\/uploads\/2011y\/1000035278.webp 1200w, https:\/\/epochtimestr.com\/wp-content\/uploads\/2011y\/1000035278-300x200.webp 300w, https:\/\/epochtimestr.com\/wp-content\/uploads\/2011y\/1000035278-150x100.webp 150w, https:\/\/epochtimestr.com\/wp-content\/uploads\/2011y\/1000035278-768x512.webp 768w\" sizes=\"(max-width: 1200px) 100vw, 1200px\" \/><figcaption class=\"wp-element-caption\">Bir adam, 05 \u015eubat 2026\u2019da Havana\u2019da K\u00fcba lideri Miguel Diaz-Canel\u2019in ulusal televizyondaki konu\u015fmas\u0131n\u0131 izliyor. (Foto\u011fraf: The Epoch Times arac\u0131yla, Yamil Lage, AFP &#8211; Getty Images)<\/figcaption><\/figure><\/div>\n\n\n<p>K\u00fcba\u2019da siyasi liderlik \u00fczerindeki bask\u0131 artarken, \u00fclkede ekonomik sorunlar ve protestolar dikkat \u00e7ekiyor. Ayr\u0131ca ABD y\u00f6netiminin de Havana \u00fczerindeki bask\u0131y\u0131 s\u00fcrd\u00fcrmesi, <a href=\"https:\/\/www.theepochtimes.com\/article\/momentum-builds-for-regime-change-in-cuba-6001784\" target=\"_blank\" rel=\"noreferrer noopener\">K\u00fcba rejimi tart\u0131\u015fmalar\u0131n\u0131<\/a> yeniden g\u00fcndeme ta\u015f\u0131d\u0131.<\/p>\n\n\n\n<p>Santiago de Cuba kentinde ya\u015fayan 24 ya\u015f\u0131ndaki Selena Lambert Ortega, 12 Ocak 2026\u2019da Facebook\u2019ta bir anket ba\u015flatt\u0131. K\u00fcba\u2019n\u0131n bir sonraki liderinin kim olmas\u0131 gerekti\u011fini sordu\u011fu anket, k\u0131sa s\u00fcrede geni\u015f kitlelere ula\u015ft\u0131.<\/p>\n\n\n\n<p>Kat\u0131l\u0131mc\u0131lar\u0131n b\u00fcy\u00fck b\u00f6l\u00fcm\u00fc yakla\u015f\u0131k 35 bin oyla ABD D\u0131\u015fi\u015fleri Bakan\u0131 Marco Rubio\u2019yu tercih etti. Mevcut Devlet Ba\u015fkan\u0131 Miguel Diaz-Canel ise 475 oyda kald\u0131. Ancak g\u00fcvenlik g\u00fc\u00e7leri k\u0131sa s\u00fcre sonra Ortega\u2019y\u0131 \u00e7a\u011f\u0131rarak payla\u015f\u0131m\u0131 yay\u0131ndan kald\u0131rmas\u0131n\u0131 istedi.<\/p>\n\n\n\n<p>Anket kald\u0131r\u0131lmas\u0131na ra\u011fmen uzmanlar, bu sonu\u00e7lar\u0131n kamuoyundaki e\u011filimi yans\u0131tt\u0131\u011f\u0131n\u0131 ifade ediyor. Miami\u2019de ya\u015fayan radyo sunucusu Ninoska Perez Castellon, anketi de\u011ferlendirdi. Ona g\u00f6re sonu\u00e7lar, adadaki d\u00fc\u015f\u00fcnce yap\u0131s\u0131na dair ipu\u00e7lar\u0131 veriyor.<\/p>\n\n\n\n<p>Perez Castellon, anketi ABD D\u0131\u015fi\u015fleri Bakanl\u0131\u011f\u0131\u2019nda Marco Rubio\u2019ya g\u00f6sterince, Rubio duruma esprili bir yan\u0131t verdi. Bununla birlikte <a href=\"https:\/\/epochtimestr.com\/index.php\/kubada-ekonomik-kriz-derinlesiyor-abd-mudahalesi-gundemde\">ABD y\u00f6netimi<\/a>, K\u00fcba\u2019ya y\u00f6nelik politikas\u0131n\u0131 s\u00fcrd\u00fcr\u00fcyor.<\/p>\n\n\n\n<p>17 Mart&#8217;ta konu\u015fan Rubio, K\u00fcba\u2019n\u0131n siyasi sisteminde k\u00f6kl\u00fc de\u011fi\u015fim gerekti\u011fini, \u00e7\u00fcnk\u00fc mevcut y\u00f6netimin ekonomik sorunlar\u0131 \u00e7\u00f6zemedi\u011fini belirtti. Bu nedenle yeni isimlerin y\u00f6netime gelmesi gerekti\u011fini ifade etti.<\/p>\n\n\n\n<p>K\u00fcba rejimi uzun y\u0131llar d\u0131\u015f destekle ayakta kald\u0131. \u00d6rne\u011fin So\u011fuk Sava\u015f d\u00f6neminde Sovyetler Birli\u011fi&#8217;nin sa\u011flad\u0131\u011f\u0131 \u00f6nemli destek, 1991\u2019de sona erdi. Daha sonra Venezuela&#8217;n\u0131n K\u00fcba\u2019ya enerji deste\u011fi, \u00f6zellikle 2000\u2019li y\u0131llarda petrol sevkiyat\u0131, kritik rol oynad\u0131. \u0130ki \u00fclke aras\u0131nda Hugo Chavez d\u00f6neminde yap\u0131lan anla\u015fmalar ve sa\u011flanan destek, son y\u0131llarda zay\u0131flad\u0131.<\/p>\n\n\n\n<p>K\u00fcba rejimi bug\u00fcn daha s\u0131n\u0131rl\u0131 kaynaklara sahip olmas\u0131na ra\u011fmen, ekonomik zorluklar ve enerji sorunlar\u0131 giderek art\u0131yor. Ayr\u0131ca halk\u0131n tepkisi daha g\u00f6r\u00fcn\u00fcr hale geliyor. Sonu\u00e7 olarak \u00fclkedeki siyasi gelece\u011fe dair tart\u0131\u015fmalar s\u00fcr\u00fcyor.<\/p>\n","protected":false},"excerpt":{"rendered":"<p>K\u00fcba\u2019da siyasi liderlik \u00fczerindeki bask\u0131 artarken, \u00fclkede ekonomik sorunlar ve protestolar dikkat \u00e7ekiyor. Ayr\u0131ca ABD y\u00f6netiminin de Havana \u00fczerindeki bask\u0131y\u0131 s\u00fcrd\u00fcrmesi, K\u00fcba rejimi tart\u0131\u015fmalar\u0131n\u0131 yeniden g\u00fcndeme ta\u015f\u0131d\u0131. Santiago de Cuba kentinde ya\u015fayan 24 ya\u015f\u0131ndaki Selena Lambert Ortega, 12 Ocak 2026\u2019da Facebook\u2019ta bir anket ba\u015flatt\u0131. K\u00fcba\u2019n\u0131n bir sonraki liderinin kim olmas\u0131 gerekti\u011fini sordu\u011fu anket, k\u0131sa s\u00fcrede [&hellip;]<\/p>\n","protected":false},"author":13996,"featured_media":166398,"comment_status":"open","ping_status":"open","sticky":false,"template":"","format":"standard","meta":{"_yoast_wpseo_focuskw":"K\u00fcba rejimi","_yoast_wpseo_title":"","_yoast_wpseo_metadesc":"K\u00fcba rejimi de\u011fi\u015fim tart\u0131\u015fmalar\u0131, ekonomik kriz ve protestolarla b\u00fcy\u00fcyor. ABD politikalar\u0131 ve halk tepkisi s\u00fcreci etkiliyor.","_bbp_topic_count":0,"_bbp_reply_count":0,"_bbp_total_topic_count":0,"_bbp_total_reply_count":0,"_bbp_voice_count":0,"_bbp_anonymous_reply_count":0,"_bbp_topic_count_hidden":0,"_bbp_reply_count_hidden":0,"_bbp_forum_subforum_count":0,"footnotes":"","_yoast_wpseo_focuskw_text_input":""},"categories":[5,1,8138],"tags":[407,11049,11078,8598,5764],"yoast_head":"<!-- This site is optimized with the Yoast SEO plugin v23.0 - https:\/\/yoast.com\/wordpress\/plugins\/seo\/ -->\n<title>K\u00fcba Rejimi \u00dczerindeki De\u011fi\u015fim Bask\u0131s\u0131 Art\u0131yor - The Epoch Times TR<\/title>\n<meta name=\"description\" content=\"K\u00fcba rejimi de\u011fi\u015fim tart\u0131\u015fmalar\u0131, ekonomik kriz ve protestolarla b\u00fcy\u00fcyor. ABD politikalar\u0131 ve halk tepkisi s\u00fcreci etkiliyor.\" \/>\n<meta name=\"robots\" content=\"index, follow, max-snippet:-1, max-image-preview:large, max-video-preview:-1\" \/>\n<link rel=\"canonical\" href=\"https:\/\/epochtimestr.com\/index.php\/kuba-rejimi-uzerindeki-degisim-baskisi-artiyor\" \/>\n<meta property=\"og:locale\" content=\"tr_TR\" \/>\n<meta property=\"og:type\" content=\"article\" \/>\n<meta property=\"og:title\" content=\"K\u00fcba Rejimi \u00dczerindeki De\u011fi\u015fim Bask\u0131s\u0131 Art\u0131yor - The Epoch Times TR\" \/>\n<meta property=\"og:description\" content=\"K\u00fcba rejimi de\u011fi\u015fim tart\u0131\u015fmalar\u0131, ekonomik kriz ve protestolarla b\u00fcy\u00fcyor. ABD politikalar\u0131 ve halk tepkisi s\u00fcreci etkiliyor.\" \/>\n<meta property=\"og:url\" content=\"https:\/\/epochtimestr.com\/index.php\/kuba-rejimi-uzerindeki-degisim-baskisi-artiyor\" \/>\n<meta property=\"og:site_name\" content=\"The Epoch Times TR\" \/>\n<meta property=\"article:publisher\" content=\"https:\/\/www.facebook.com\/theepochtimestr\" \/>\n<meta property=\"article:published_time\" content=\"2026-03-23T09:41:56+00:00\" \/>\n<meta property=\"article:modified_time\" content=\"2026-03-23T09:42:05+00:00\" \/>\n<meta property=\"og:image\" content=\"https:\/\/epochtimestr.com\/wp-content\/uploads\/2011y\/1000035278.webp\" \/>\n\t<meta property=\"og:image:width\" content=\"1200\" \/>\n\t<meta property=\"og:image:height\" content=\"800\" \/>\n\t<meta property=\"og:image:type\" content=\"image\/webp\" \/>\n<meta name=\"author\" content=\"Leo Bajelan\" \/>\n<meta name=\"twitter:card\" content=\"summary_large_image\" \/>\n<meta name=\"twitter:creator\" content=\"@TheEpochTimesTR\" \/>\n<meta name=\"twitter:site\" content=\"@TheEpochTimesTR\" \/>\n<meta name=\"twitter:label1\" content=\"Yazan:\" \/>\n\t<meta name=\"twitter:data1\" content=\"Leo Bajelan\" \/>\n\t<meta name=\"twitter:label2\" content=\"Tahmini okuma s\u00fcresi\" \/>\n\t<meta name=\"twitter:data2\" content=\"3 dakika\" \/>\n<script type=\"application\/ld+json\" class=\"yoast-schema-graph\">{\"@context\":\"https:\/\/schema.org\",\"@graph\":[{\"@type\":\"Article\",\"@id\":\"https:\/\/epochtimestr.com\/index.php\/kuba-rejimi-uzerindeki-degisim-baskisi-artiyor#article\",\"isPartOf\":{\"@id\":\"https:\/\/epochtimestr.com\/index.php\/kuba-rejimi-uzerindeki-degisim-baskisi-artiyor\"},\"author\":{\"name\":\"Leo Bajelan\",\"@id\":\"https:\/\/epochtimestr.com\/#\/schema\/person\/5fef218711d76d8f232b0e1f1d7e4c0d\"},\"headline\":\"K\u00fcba Rejimi \u00dczerindeki De\u011fi\u015fim Bask\u0131s\u0131 Art\u0131yor\",\"datePublished\":\"2026-03-23T09:41:56+00:00\",\"dateModified\":\"2026-03-23T09:42:05+00:00\",\"mainEntityOfPage\":{\"@id\":\"https:\/\/epochtimestr.com\/index.php\/kuba-rejimi-uzerindeki-degisim-baskisi-artiyor\"},\"wordCount\":413,\"commentCount\":0,\"publisher\":{\"@id\":\"https:\/\/epochtimestr.com\/#organization\"},\"image\":{\"@id\":\"https:\/\/epochtimestr.com\/index.php\/kuba-rejimi-uzerindeki-degisim-baskisi-artiyor#primaryimage\"},\"thumbnailUrl\":\"https:\/\/epochtimestr.com\/wp-content\/uploads\/2011y\/1000035278.webp\",\"keywords\":[\"ABD\",\"Enerji krizi\",\"K\u00fcba rejimi\",\"Marco Rubio\",\"Trump\"],\"articleSection\":[\"D\u00dcNYA\",\"G\u00dcNDEM\",\"MAN\u015eET\"],\"inLanguage\":\"tr\",\"potentialAction\":[{\"@type\":\"CommentAction\",\"name\":\"Comment\",\"target\":[\"https:\/\/epochtimestr.com\/index.php\/kuba-rejimi-uzerindeki-degisim-baskisi-artiyor#respond\"]}]},{\"@type\":\"WebPage\",\"@id\":\"https:\/\/epochtimestr.com\/index.php\/kuba-rejimi-uzerindeki-degisim-baskisi-artiyor\",\"url\":\"https:\/\/epochtimestr.com\/index.php\/kuba-rejimi-uzerindeki-degisim-baskisi-artiyor\",\"name\":\"K\u00fcba Rejimi \u00dczerindeki De\u011fi\u015fim Bask\u0131s\u0131 Art\u0131yor - The Epoch Times TR\",\"isPartOf\":{\"@id\":\"https:\/\/epochtimestr.com\/#website\"},\"primaryImageOfPage\":{\"@id\":\"https:\/\/epochtimestr.com\/index.php\/kuba-rejimi-uzerindeki-degisim-baskisi-artiyor#primaryimage\"},\"image\":{\"@id\":\"https:\/\/epochtimestr.com\/index.php\/kuba-rejimi-uzerindeki-degisim-baskisi-artiyor#primaryimage\"},\"thumbnailUrl\":\"https:\/\/epochtimestr.com\/wp-content\/uploads\/2011y\/1000035278.webp\",\"datePublished\":\"2026-03-23T09:41:56+00:00\",\"dateModified\":\"2026-03-23T09:42:05+00:00\",\"description\":\"K\u00fcba rejimi de\u011fi\u015fim tart\u0131\u015fmalar\u0131, ekonomik kriz ve protestolarla b\u00fcy\u00fcyor. ABD politikalar\u0131 ve halk tepkisi s\u00fcreci etkiliyor.\",\"inLanguage\":\"tr\",\"potentialAction\":[{\"@type\":\"ReadAction\",\"target\":[\"https:\/\/epochtimestr.com\/index.php\/kuba-rejimi-uzerindeki-degisim-baskisi-artiyor\"]}]},{\"@type\":\"ImageObject\",\"inLanguage\":\"tr\",\"@id\":\"https:\/\/epochtimestr.com\/index.php\/kuba-rejimi-uzerindeki-degisim-baskisi-artiyor#primaryimage\",\"url\":\"https:\/\/epochtimestr.com\/wp-content\/uploads\/2011y\/1000035278.webp\",\"contentUrl\":\"https:\/\/epochtimestr.com\/wp-content\/uploads\/2011y\/1000035278.webp\",\"width\":1200,\"height\":800},{\"@type\":\"WebSite\",\"@id\":\"https:\/\/epochtimestr.com\/#website\",\"url\":\"https:\/\/epochtimestr.com\/\",\"name\":\"The Epoch Times TR\",\"description\":\"De\u011fi\u015fen D\u00fcnyam\u0131za Taze Bir Bak\u0131\u015f\",\"publisher\":{\"@id\":\"https:\/\/epochtimestr.com\/#organization\"},\"potentialAction\":[{\"@type\":\"SearchAction\",\"target\":{\"@type\":\"EntryPoint\",\"urlTemplate\":\"https:\/\/epochtimestr.com\/?s={search_term_string}\"},\"query-input\":\"required name=search_term_string\"}],\"inLanguage\":\"tr\"},{\"@type\":\"Organization\",\"@id\":\"https:\/\/epochtimestr.com\/#organization\",\"name\":\"The EpochTimes T\u00fcrkiye\",\"url\":\"https:\/\/epochtimestr.com\/\",\"logo\":{\"@type\":\"ImageObject\",\"inLanguage\":\"tr\",\"@id\":\"https:\/\/epochtimestr.com\/#\/schema\/logo\/image\/\",\"url\":\"https:\/\/epochtimestr.com\/wp-content\/uploads\/2011y\/ET-Logo-YG.jpg\",\"contentUrl\":\"https:\/\/epochtimestr.com\/wp-content\/uploads\/2011y\/ET-Logo-YG.jpg\",\"width\":346,\"height\":29,\"caption\":\"The EpochTimes T\u00fcrkiye\"},\"image\":{\"@id\":\"https:\/\/epochtimestr.com\/#\/schema\/logo\/image\/\"},\"sameAs\":[\"https:\/\/www.facebook.com\/theepochtimestr\",\"https:\/\/x.com\/TheEpochTimesTR\",\"https:\/\/www.instagram.com\/epochtimestr\"]},{\"@type\":\"Person\",\"@id\":\"https:\/\/epochtimestr.com\/#\/schema\/person\/5fef218711d76d8f232b0e1f1d7e4c0d\",\"name\":\"Leo Bajelan\",\"image\":{\"@type\":\"ImageObject\",\"inLanguage\":\"tr\",\"@id\":\"https:\/\/epochtimestr.com\/#\/schema\/person\/image\/\",\"url\":\"https:\/\/secure.gravatar.com\/avatar\/917669146f489549e548a2e9af272df5?s=96&d=mm&r=g\",\"contentUrl\":\"https:\/\/secure.gravatar.com\/avatar\/917669146f489549e548a2e9af272df5?s=96&d=mm&r=g\",\"caption\":\"Leo Bajelan\"},\"url\":\"https:\/\/epochtimestr.com\/index.php\/author\/leo\"}]}<\/script>\n<!-- \/ Yoast SEO plugin. -->","yoast_head_json":{"title":"K\u00fcba Rejimi \u00dczerindeki De\u011fi\u015fim Bask\u0131s\u0131 Art\u0131yor - The Epoch Times TR","description":"K\u00fcba rejimi de\u011fi\u015fim tart\u0131\u015fmalar\u0131, ekonomik kriz ve protestolarla b\u00fcy\u00fcyor. ABD politikalar\u0131 ve halk tepkisi s\u00fcreci etkiliyor.","robots":{"index":"index","follow":"follow","max-snippet":"max-snippet:-1","max-image-preview":"max-image-preview:large","max-video-preview":"max-video-preview:-1"},"canonical":"https:\/\/epochtimestr.com\/index.php\/kuba-rejimi-uzerindeki-degisim-baskisi-artiyor","og_locale":"tr_TR","og_type":"article","og_title":"K\u00fcba Rejimi \u00dczerindeki De\u011fi\u015fim Bask\u0131s\u0131 Art\u0131yor - The Epoch Times TR","og_description":"K\u00fcba rejimi de\u011fi\u015fim tart\u0131\u015fmalar\u0131, ekonomik kriz ve protestolarla b\u00fcy\u00fcyor. ABD politikalar\u0131 ve halk tepkisi s\u00fcreci etkiliyor.","og_url":"https:\/\/epochtimestr.com\/index.php\/kuba-rejimi-uzerindeki-degisim-baskisi-artiyor","og_site_name":"The Epoch Times TR","article_publisher":"https:\/\/www.facebook.com\/theepochtimestr","article_published_time":"2026-03-23T09:41:56+00:00","article_modified_time":"2026-03-23T09:42:05+00:00","og_image":[{"width":1200,"height":800,"url":"https:\/\/epochtimestr.com\/wp-content\/uploads\/2011y\/1000035278.webp","type":"image\/webp"}],"author":"Leo Bajelan","twitter_card":"summary_large_image","twitter_creator":"@TheEpochTimesTR","twitter_site":"@TheEpochTimesTR","twitter_misc":{"Yazan:":"Leo Bajelan","Tahmini okuma s\u00fcresi":"3 dakika"},"schema":{"@context":"https:\/\/schema.org","@graph":[{"@type":"Article","@id":"https:\/\/epochtimestr.com\/index.php\/kuba-rejimi-uzerindeki-degisim-baskisi-artiyor#article","isPartOf":{"@id":"https:\/\/epochtimestr.com\/index.php\/kuba-rejimi-uzerindeki-degisim-baskisi-artiyor"},"author":{"name":"Leo Bajelan","@id":"https:\/\/epochtimestr.com\/#\/schema\/person\/5fef218711d76d8f232b0e1f1d7e4c0d"},"headline":"K\u00fcba Rejimi \u00dczerindeki De\u011fi\u015fim Bask\u0131s\u0131 Art\u0131yor","datePublished":"2026-03-23T09:41:56+00:00","dateModified":"2026-03-23T09:42:05+00:00","mainEntityOfPage":{"@id":"https:\/\/epochtimestr.com\/index.php\/kuba-rejimi-uzerindeki-degisim-baskisi-artiyor"},"wordCount":413,"commentCount":0,"publisher":{"@id":"https:\/\/epochtimestr.com\/#organization"},"image":{"@id":"https:\/\/epochtimestr.com\/index.php\/kuba-rejimi-uzerindeki-degisim-baskisi-artiyor#primaryimage"},"thumbnailUrl":"https:\/\/epochtimestr.com\/wp-content\/uploads\/2011y\/1000035278.webp","keywords":["ABD","Enerji krizi","K\u00fcba rejimi","Marco Rubio","Trump"],"articleSection":["D\u00dcNYA","G\u00dcNDEM","MAN\u015eET"],"inLanguage":"tr","potentialAction":[{"@type":"CommentAction","name":"Comment","target":["https:\/\/epochtimestr.com\/index.php\/kuba-rejimi-uzerindeki-degisim-baskisi-artiyor#respond"]}]},{"@type":"WebPage","@id":"https:\/\/epochtimestr.com\/index.php\/kuba-rejimi-uzerindeki-degisim-baskisi-artiyor","url":"https:\/\/epochtimestr.com\/index.php\/kuba-rejimi-uzerindeki-degisim-baskisi-artiyor","name":"K\u00fcba Rejimi \u00dczerindeki De\u011fi\u015fim Bask\u0131s\u0131 Art\u0131yor - The Epoch Times TR","isPartOf":{"@id":"https:\/\/epochtimestr.com\/#website"},"primaryImageOfPage":{"@id":"https:\/\/epochtimestr.com\/index.php\/kuba-rejimi-uzerindeki-degisim-baskisi-artiyor#primaryimage"},"image":{"@id":"https:\/\/epochtimestr.com\/index.php\/kuba-rejimi-uzerindeki-degisim-baskisi-artiyor#primaryimage"},"thumbnailUrl":"https:\/\/epochtimestr.com\/wp-content\/uploads\/2011y\/1000035278.webp","datePublished":"2026-03-23T09:41:56+00:00","dateModified":"2026-03-23T09:42:05+00:00","description":"K\u00fcba rejimi de\u011fi\u015fim tart\u0131\u015fmalar\u0131, ekonomik kriz ve protestolarla b\u00fcy\u00fcyor. ABD politikalar\u0131 ve halk tepkisi s\u00fcreci etkiliyor.","inLanguage":"tr","potentialAction":[{"@type":"ReadAction","target":["https:\/\/epochtimestr.com\/index.php\/kuba-rejimi-uzerindeki-degisim-baskisi-artiyor"]}]},{"@type":"ImageObject","inLanguage":"tr","@id":"https:\/\/epochtimestr.com\/index.php\/kuba-rejimi-uzerindeki-degisim-baskisi-artiyor#primaryimage","url":"https:\/\/epochtimestr.com\/wp-content\/uploads\/2011y\/1000035278.webp","contentUrl":"https:\/\/epochtimestr.com\/wp-content\/uploads\/2011y\/1000035278.webp","width":1200,"height":800},{"@type":"WebSite","@id":"https:\/\/epochtimestr.com\/#website","url":"https:\/\/epochtimestr.com\/","name":"The Epoch Times TR","description":"De\u011fi\u015fen D\u00fcnyam\u0131za Taze Bir Bak\u0131\u015f","publisher":{"@id":"https:\/\/epochtimestr.com\/#organization"},"potentialAction":[{"@type":"SearchAction","target":{"@type":"EntryPoint","urlTemplate":"https:\/\/epochtimestr.com\/?s={search_term_string}"},"query-input":"required name=search_term_string"}],"inLanguage":"tr"},{"@type":"Organization","@id":"https:\/\/epochtimestr.com\/#organization","name":"The EpochTimes T\u00fcrkiye","url":"https:\/\/epochtimestr.com\/","logo":{"@type":"ImageObject","inLanguage":"tr","@id":"https:\/\/epochtimestr.com\/#\/schema\/logo\/image\/","url":"https:\/\/epochtimestr.com\/wp-content\/uploads\/2011y\/ET-Logo-YG.jpg","contentUrl":"https:\/\/epochtimestr.com\/wp-content\/uploads\/2011y\/ET-Logo-YG.jpg","width":346,"height":29,"caption":"The EpochTimes T\u00fcrkiye"},"image":{"@id":"https:\/\/epochtimestr.com\/#\/schema\/logo\/image\/"},"sameAs":["https:\/\/www.facebook.com\/theepochtimestr","https:\/\/x.com\/TheEpochTimesTR","https:\/\/www.instagram.com\/epochtimestr"]},{"@type":"Person","@id":"https:\/\/epochtimestr.com\/#\/schema\/person\/5fef218711d76d8f232b0e1f1d7e4c0d","name":"Leo Bajelan","image":{"@type":"ImageObject","inLanguage":"tr","@id":"https:\/\/epochtimestr.com\/#\/schema\/person\/image\/","url":"https:\/\/secure.gravatar.com\/avatar\/917669146f489549e548a2e9af272df5?s=96&d=mm&r=g","contentUrl":"https:\/\/secure.gravatar.com\/avatar\/917669146f489549e548a2e9af272df5?s=96&d=mm&r=g","caption":"Leo Bajelan"},"url":"https:\/\/epochtimestr.com\/index.php\/author\/leo"}]}},"_links":{"self":[{"href":"https:\/\/epochtimestr.com\/index.php\/wp-json\/wp\/v2\/posts\/166397"}],"collection":[{"href":"https:\/\/epochtimestr.com\/index.php\/wp-json\/wp\/v2\/posts"}],"about":[{"href":"https:\/\/epochtimestr.com\/index.php\/wp-json\/wp\/v2\/types\/post"}],"author":[{"embeddable":true,"href":"https:\/\/epochtimestr.com\/index.php\/wp-json\/wp\/v2\/users\/13996"}],"replies":[{"embeddable":true,"href":"https:\/\/epochtimestr.com\/index.php\/wp-json\/wp\/v2\/comments?post=166397"}],"version-history":[{"count":2,"href":"https:\/\/epochtimestr.com\/index.php\/wp-json\/wp\/v2\/posts\/166397\/revisions"}],"predecessor-version":[{"id":166404,"href":"https:\/\/epochtimestr.com\/index.php\/wp-json\/wp\/v2\/posts\/166397\/revisions\/166404"}],"wp:featuredmedia":[{"embeddable":true,"href":"https:\/\/epochtimestr.com\/index.php\/wp-json\/wp\/v2\/media\/166398"}],"wp:attachment":[{"href":"https:\/\/epochtimestr.com\/index.php\/wp-json\/wp\/v2\/media?parent=166397"}],"wp:term":[{"taxonomy":"category","embeddable":true,"href":"https:\/\/epochtimestr.com\/index.php\/wp-json\/wp\/v2\/categories?post=166397"},{"taxonomy":"post_tag","embeddable":true,"href":"https:\/\/epochtimestr.com\/index.php\/wp-json\/wp\/v2\/tags?post=166397"}],"curies":[{"name":"wp","href":"https:\/\/api.w.org\/{rel}","templated":true}]}}