{"id":166409,"date":"2026-03-24T13:46:22","date_gmt":"2026-03-24T10:46:22","guid":{"rendered":"https:\/\/epochtimestr.com\/?p=166409"},"modified":"2026-03-24T13:46:25","modified_gmt":"2026-03-24T10:46:25","slug":"kolombiya-ucak-kazasi-can-aldi","status":"publish","type":"post","link":"https:\/\/epochtimestr.com\/index.php\/kolombiya-ucak-kazasi-can-aldi","title":{"rendered":"Kolombiya U\u00e7ak Kazas\u0131 Can Ald\u0131"},"content":{"rendered":"<div class=\"wp-block-image\">\n<figure class=\"aligncenter size-full\"><img loading=\"lazy\" decoding=\"async\" width=\"1200\" height=\"540\" src=\"https:\/\/epochtimestr.com\/wp-content\/uploads\/2011y\/1000035312.webp\" alt=\"Kolombiya\u2019n\u0131n Putumayo b\u00f6lgesine ba\u011fl\u0131 Puerto Leguizamo\u2019da 23 Mart 2026 tarihinde meydana gelen askeri u\u00e7ak kazas\u0131n\u0131n oldu\u011fu yerde askerler toplan\u0131yor. (Foto\u011fraf: La Voz de Amazonia\/Mare Rafue\/Reuters arac\u0131l\u0131\u011f\u0131yla da\u011f\u0131t\u0131lm\u0131\u015ft\u0131r)\" class=\"wp-image-166410\" srcset=\"https:\/\/epochtimestr.com\/wp-content\/uploads\/2011y\/1000035312.webp 1200w, https:\/\/epochtimestr.com\/wp-content\/uploads\/2011y\/1000035312-300x135.webp 300w, https:\/\/epochtimestr.com\/wp-content\/uploads\/2011y\/1000035312-150x68.webp 150w, https:\/\/epochtimestr.com\/wp-content\/uploads\/2011y\/1000035312-768x346.webp 768w\" sizes=\"(max-width: 1200px) 100vw, 1200px\" \/><figcaption class=\"wp-element-caption\">Kolombiya\u2019n\u0131n Putumayo b\u00f6lgesine ba\u011fl\u0131 Puerto Leguizamo\u2019da 23 Mart 2026 tarihinde meydana gelen askeri u\u00e7ak kazas\u0131n\u0131n oldu\u011fu yerde askerler toplan\u0131yor. (Foto\u011fraf: The Epoch Times arac\u0131l\u0131\u011f\u0131yla, La Voz de Amazonia, Mare Rafue, Reuters)<\/figcaption><\/figure><\/div>\n\n\n<p>Kolombiya Hercules C-130 tipi askeri nakliye u\u00e7a\u011f\u0131 23 Mart&#8217;ta Peru s\u0131n\u0131r\u0131ndaki Puerto Leguizamo\u2019dan kalk\u0131\u015f\u0131 s\u0131ras\u0131nda d\u00fc\u015ft\u00fc. <a href=\"https:\/\/www.theepochtimes.com\/world\/34-killed-dozens-hurt-as-colombian-military-plane-crashes-after-takeoff-6002833\" target=\"_blank\" rel=\"noreferrer noopener\">U\u00e7ak kazas\u0131 <\/a>sonras\u0131 \u00f6l\u00fc say\u0131s\u0131 66\u2019ya y\u00fckseldi. <\/p>\n\n\n\n<p>Yetkililer u\u00e7akta tamam\u0131 asker ve polis, 128 ki\u015finin bulundu\u011funu a\u00e7\u0131klad\u0131. A\u00e7\u0131klamaya g\u00f6re 11 hava, 115 kara kuvveti mensubu ile iki polis memuru da u\u00e7aktayd\u0131.<\/p>\n\n\n\n<p>Resmi a\u00e7\u0131klamalar kazan\u0131n ard\u0131ndan yaral\u0131 57 ki\u015fi tedavinin alt\u0131na al\u0131nd\u0131\u011f\u0131n\u0131 bildiriyor. Ayr\u0131ca 30 ki\u015finin durumu hafif ve d\u00f6rt ki\u015fi i\u00e7in arama \u00e7al\u0131\u015fmalar\u0131 s\u00fcr\u00fcyor. Ancak b\u00f6lgenin ula\u015f\u0131m\u0131 zor oldu\u011fu i\u00e7in ekiplerin olay yerine ula\u015fmas\u0131 zaman ald\u0131. \u0130lk m\u00fcdahaleyi yapan b\u00f6lge halk\u0131, yaral\u0131lar\u0131 hastaneye motosikletlerle ta\u015f\u0131d\u0131. <\/p>\n\n\n\n<p>Yetkililere g\u00f6re kalk\u0131\u015f s\u0131ras\u0131nda ger\u00e7ekle\u015fen kazada u\u00e7ak, pist sonunda bir darbe ald\u0131. Ayr\u0131ca kanad\u0131n bir a\u011faca \u00e7arpmas\u0131 \u00fczerine u\u00e7ak k\u0131sa s\u00fcrede alev ald\u0131. Bununla birlikte u\u00e7ak, patlamaya yol a\u00e7acak m\u00fchimmat ta\u015f\u0131yordu.<\/p>\n\n\n\n<p>Kolombiya u\u00e7ak kazas\u0131 \u00fczerine, \u00fclkedeki askeri ta\u015f\u0131mac\u0131l\u0131k yeniden g\u00fcndeme geldi. <a href=\"https:\/\/epochtimestr.com\/index.php\/abd-ile-kolombiya-arasindaki-gerilim-tirmaniyor\" target=\"_blank\" rel=\"noreferrer noopener\">Cumhurba\u015fkan\u0131 Gustavo Petro<\/a> bir a\u00e7\u0131klama yaparak modernizasyon s\u00fcrecinde gecikmeler oldu\u011funu s\u00f6yledi. Bu nedenle sorumlular\u0131n g\u00f6revden al\u0131nabilece\u011fini ifade etti.<\/p>\n\n\n\n<p>Kolombiya Savunma Bakanl\u0131\u011f\u0131, kazan\u0131n ard\u0131ndan resmi soru\u015fturma ba\u015flat\u0131ld\u0131\u011f\u0131n\u0131, olay\u0131n t\u00fcm y\u00f6nleriyle incelenece\u011fini duyurdu. Ayr\u0131ca \u00fcretici firma da soru\u015fturmaya destek verece\u011fini a\u00e7\u0131klad\u0131. Kolombiya,1960\u2019larda envanterine katt\u0131\u011f\u0131 Hercules C-130 u\u00e7aklar\u0131n\u0131 uzun s\u00fcredir kullan\u0131yor. Hatta yak\u0131n zamanda ABD\u2019den modernize edilmi\u015f modeller sat\u0131n al\u0131nd\u0131. <\/p>\n\n\n\n<p>Buna kar\u015f\u0131n \u015eubat ay\u0131nda Bolivya\u2019da benzer bir kazada \u00e7ok say\u0131da ki\u015fi hayat\u0131n\u0131 kaybetti. Kolombiya u\u00e7ak kazas\u0131 ile ilgili \u00e7al\u0131\u015fmalar s\u00fcr\u00fcyor. Yetkililer kesin nedenin incelemeler sonras\u0131 a\u00e7\u0131klanaca\u011f\u0131n\u0131 belirtti.<\/p>\n","protected":false},"excerpt":{"rendered":"<p>Kolombiya Hercules C-130 tipi askeri nakliye u\u00e7a\u011f\u0131 23 Mart&#8217;ta Peru s\u0131n\u0131r\u0131ndaki Puerto Leguizamo\u2019dan kalk\u0131\u015f\u0131 s\u0131ras\u0131nda d\u00fc\u015ft\u00fc. U\u00e7ak kazas\u0131 sonras\u0131 \u00f6l\u00fc say\u0131s\u0131 66\u2019ya y\u00fckseldi. Yetkililer u\u00e7akta tamam\u0131 asker ve polis, 128 ki\u015finin bulundu\u011funu a\u00e7\u0131klad\u0131. A\u00e7\u0131klamaya g\u00f6re 11 hava, 115 kara kuvveti mensubu ile iki polis memuru da u\u00e7aktayd\u0131. Resmi a\u00e7\u0131klamalar kazan\u0131n ard\u0131ndan yaral\u0131 57 ki\u015fi tedavinin [&hellip;]<\/p>\n","protected":false},"author":13996,"featured_media":166410,"comment_status":"open","ping_status":"open","sticky":false,"template":"","format":"standard","meta":{"_yoast_wpseo_focuskw":"Kolombiya - u\u00e7ak","_yoast_wpseo_title":"","_yoast_wpseo_metadesc":"Kolombiya u\u00e7ak kazas\u0131 sonras\u0131 66 ki\u015fi hayat\u0131n\u0131 kaybetti. Askeri u\u00e7ak kalk\u0131\u015fta d\u00fc\u015ft\u00fc, yaral\u0131lar hastaneye kald\u0131r\u0131ld\u0131, soru\u015fturma ba\u015flat\u0131ld\u0131.","_bbp_topic_count":0,"_bbp_reply_count":0,"_bbp_total_topic_count":0,"_bbp_total_reply_count":0,"_bbp_voice_count":0,"_bbp_anonymous_reply_count":0,"_bbp_topic_count_hidden":0,"_bbp_reply_count_hidden":0,"_bbp_forum_subforum_count":0,"footnotes":"","_yoast_wpseo_focuskw_text_input":""},"categories":[5,1,8138],"tags":[407,11083,6743,1284,9708,10908,1041,11082,1197],"yoast_head":"<!-- This site is optimized with the Yoast SEO plugin v23.0 - https:\/\/yoast.com\/wordpress\/plugins\/seo\/ -->\n<title>Kolombiya U\u00e7ak Kazas\u0131 Can Ald\u0131 - The Epoch Times TR<\/title>\n<meta name=\"description\" content=\"Kolombiya u\u00e7ak kazas\u0131 sonras\u0131 66 ki\u015fi hayat\u0131n\u0131 kaybetti. Askeri u\u00e7ak kalk\u0131\u015fta d\u00fc\u015ft\u00fc, yaral\u0131lar hastaneye kald\u0131r\u0131ld\u0131, soru\u015fturma ba\u015flat\u0131ld\u0131.\" \/>\n<meta name=\"robots\" content=\"index, follow, max-snippet:-1, max-image-preview:large, max-video-preview:-1\" \/>\n<link rel=\"canonical\" href=\"https:\/\/epochtimestr.com\/index.php\/kolombiya-ucak-kazasi-can-aldi\" \/>\n<meta property=\"og:locale\" content=\"tr_TR\" \/>\n<meta property=\"og:type\" content=\"article\" \/>\n<meta property=\"og:title\" content=\"Kolombiya U\u00e7ak Kazas\u0131 Can Ald\u0131 - The Epoch Times TR\" \/>\n<meta property=\"og:description\" content=\"Kolombiya u\u00e7ak kazas\u0131 sonras\u0131 66 ki\u015fi hayat\u0131n\u0131 kaybetti. Askeri u\u00e7ak kalk\u0131\u015fta d\u00fc\u015ft\u00fc, yaral\u0131lar hastaneye kald\u0131r\u0131ld\u0131, soru\u015fturma ba\u015flat\u0131ld\u0131.\" \/>\n<meta property=\"og:url\" content=\"https:\/\/epochtimestr.com\/index.php\/kolombiya-ucak-kazasi-can-aldi\" \/>\n<meta property=\"og:site_name\" content=\"The Epoch Times TR\" \/>\n<meta property=\"article:publisher\" content=\"https:\/\/www.facebook.com\/theepochtimestr\" \/>\n<meta property=\"article:published_time\" content=\"2026-03-24T10:46:22+00:00\" \/>\n<meta property=\"article:modified_time\" content=\"2026-03-24T10:46:25+00:00\" \/>\n<meta property=\"og:image\" content=\"https:\/\/epochtimestr.com\/wp-content\/uploads\/2011y\/1000035312.webp\" \/>\n\t<meta property=\"og:image:width\" content=\"1200\" \/>\n\t<meta property=\"og:image:height\" content=\"540\" \/>\n\t<meta property=\"og:image:type\" content=\"image\/webp\" \/>\n<meta name=\"author\" content=\"Leo Bajelan\" \/>\n<meta name=\"twitter:card\" content=\"summary_large_image\" \/>\n<meta name=\"twitter:creator\" content=\"@TheEpochTimesTR\" \/>\n<meta name=\"twitter:site\" content=\"@TheEpochTimesTR\" \/>\n<meta name=\"twitter:label1\" content=\"Yazan:\" \/>\n\t<meta name=\"twitter:data1\" content=\"Leo Bajelan\" \/>\n\t<meta name=\"twitter:label2\" content=\"Tahmini okuma s\u00fcresi\" \/>\n\t<meta name=\"twitter:data2\" content=\"2 dakika\" \/>\n<script type=\"application\/ld+json\" class=\"yoast-schema-graph\">{\"@context\":\"https:\/\/schema.org\",\"@graph\":[{\"@type\":\"Article\",\"@id\":\"https:\/\/epochtimestr.com\/index.php\/kolombiya-ucak-kazasi-can-aldi#article\",\"isPartOf\":{\"@id\":\"https:\/\/epochtimestr.com\/index.php\/kolombiya-ucak-kazasi-can-aldi\"},\"author\":{\"name\":\"Leo Bajelan\",\"@id\":\"https:\/\/epochtimestr.com\/#\/schema\/person\/5fef218711d76d8f232b0e1f1d7e4c0d\"},\"headline\":\"Kolombiya U\u00e7ak Kazas\u0131 Can Ald\u0131\",\"datePublished\":\"2026-03-24T10:46:22+00:00\",\"dateModified\":\"2026-03-24T10:46:25+00:00\",\"mainEntityOfPage\":{\"@id\":\"https:\/\/epochtimestr.com\/index.php\/kolombiya-ucak-kazasi-can-aldi\"},\"wordCount\":365,\"commentCount\":0,\"publisher\":{\"@id\":\"https:\/\/epochtimestr.com\/#organization\"},\"image\":{\"@id\":\"https:\/\/epochtimestr.com\/index.php\/kolombiya-ucak-kazasi-can-aldi#primaryimage\"},\"thumbnailUrl\":\"https:\/\/epochtimestr.com\/wp-content\/uploads\/2011y\/1000035312.webp\",\"keywords\":[\"ABD\",\"askeri nakliye u\u00e7a\u011f\u0131\",\"Bolivya\",\"G\u00fcney amerika\",\"Gustavo Petro\",\"Hercules C-130\",\"Kolombiya\",\"Kolombiya u\u00e7ak kazas\u0131\",\"K\u00fcba\"],\"articleSection\":[\"D\u00dcNYA\",\"G\u00dcNDEM\",\"MAN\u015eET\"],\"inLanguage\":\"tr\",\"potentialAction\":[{\"@type\":\"CommentAction\",\"name\":\"Comment\",\"target\":[\"https:\/\/epochtimestr.com\/index.php\/kolombiya-ucak-kazasi-can-aldi#respond\"]}]},{\"@type\":\"WebPage\",\"@id\":\"https:\/\/epochtimestr.com\/index.php\/kolombiya-ucak-kazasi-can-aldi\",\"url\":\"https:\/\/epochtimestr.com\/index.php\/kolombiya-ucak-kazasi-can-aldi\",\"name\":\"Kolombiya U\u00e7ak Kazas\u0131 Can Ald\u0131 - The Epoch Times TR\",\"isPartOf\":{\"@id\":\"https:\/\/epochtimestr.com\/#website\"},\"primaryImageOfPage\":{\"@id\":\"https:\/\/epochtimestr.com\/index.php\/kolombiya-ucak-kazasi-can-aldi#primaryimage\"},\"image\":{\"@id\":\"https:\/\/epochtimestr.com\/index.php\/kolombiya-ucak-kazasi-can-aldi#primaryimage\"},\"thumbnailUrl\":\"https:\/\/epochtimestr.com\/wp-content\/uploads\/2011y\/1000035312.webp\",\"datePublished\":\"2026-03-24T10:46:22+00:00\",\"dateModified\":\"2026-03-24T10:46:25+00:00\",\"description\":\"Kolombiya u\u00e7ak kazas\u0131 sonras\u0131 66 ki\u015fi hayat\u0131n\u0131 kaybetti. Askeri u\u00e7ak kalk\u0131\u015fta d\u00fc\u015ft\u00fc, yaral\u0131lar hastaneye kald\u0131r\u0131ld\u0131, soru\u015fturma ba\u015flat\u0131ld\u0131.\",\"inLanguage\":\"tr\",\"potentialAction\":[{\"@type\":\"ReadAction\",\"target\":[\"https:\/\/epochtimestr.com\/index.php\/kolombiya-ucak-kazasi-can-aldi\"]}]},{\"@type\":\"ImageObject\",\"inLanguage\":\"tr\",\"@id\":\"https:\/\/epochtimestr.com\/index.php\/kolombiya-ucak-kazasi-can-aldi#primaryimage\",\"url\":\"https:\/\/epochtimestr.com\/wp-content\/uploads\/2011y\/1000035312.webp\",\"contentUrl\":\"https:\/\/epochtimestr.com\/wp-content\/uploads\/2011y\/1000035312.webp\",\"width\":1200,\"height\":540},{\"@type\":\"WebSite\",\"@id\":\"https:\/\/epochtimestr.com\/#website\",\"url\":\"https:\/\/epochtimestr.com\/\",\"name\":\"The Epoch Times TR\",\"description\":\"De\u011fi\u015fen D\u00fcnyam\u0131za Taze Bir Bak\u0131\u015f\",\"publisher\":{\"@id\":\"https:\/\/epochtimestr.com\/#organization\"},\"potentialAction\":[{\"@type\":\"SearchAction\",\"target\":{\"@type\":\"EntryPoint\",\"urlTemplate\":\"https:\/\/epochtimestr.com\/?s={search_term_string}\"},\"query-input\":\"required name=search_term_string\"}],\"inLanguage\":\"tr\"},{\"@type\":\"Organization\",\"@id\":\"https:\/\/epochtimestr.com\/#organization\",\"name\":\"The EpochTimes T\u00fcrkiye\",\"url\":\"https:\/\/epochtimestr.com\/\",\"logo\":{\"@type\":\"ImageObject\",\"inLanguage\":\"tr\",\"@id\":\"https:\/\/epochtimestr.com\/#\/schema\/logo\/image\/\",\"url\":\"https:\/\/epochtimestr.com\/wp-content\/uploads\/2011y\/ET-Logo-YG.jpg\",\"contentUrl\":\"https:\/\/epochtimestr.com\/wp-content\/uploads\/2011y\/ET-Logo-YG.jpg\",\"width\":346,\"height\":29,\"caption\":\"The EpochTimes T\u00fcrkiye\"},\"image\":{\"@id\":\"https:\/\/epochtimestr.com\/#\/schema\/logo\/image\/\"},\"sameAs\":[\"https:\/\/www.facebook.com\/theepochtimestr\",\"https:\/\/x.com\/TheEpochTimesTR\",\"https:\/\/www.instagram.com\/epochtimestr\"]},{\"@type\":\"Person\",\"@id\":\"https:\/\/epochtimestr.com\/#\/schema\/person\/5fef218711d76d8f232b0e1f1d7e4c0d\",\"name\":\"Leo Bajelan\",\"image\":{\"@type\":\"ImageObject\",\"inLanguage\":\"tr\",\"@id\":\"https:\/\/epochtimestr.com\/#\/schema\/person\/image\/\",\"url\":\"https:\/\/secure.gravatar.com\/avatar\/917669146f489549e548a2e9af272df5?s=96&d=mm&r=g\",\"contentUrl\":\"https:\/\/secure.gravatar.com\/avatar\/917669146f489549e548a2e9af272df5?s=96&d=mm&r=g\",\"caption\":\"Leo Bajelan\"},\"url\":\"https:\/\/epochtimestr.com\/index.php\/author\/leo\"}]}<\/script>\n<!-- \/ Yoast SEO plugin. -->","yoast_head_json":{"title":"Kolombiya U\u00e7ak Kazas\u0131 Can Ald\u0131 - The Epoch Times TR","description":"Kolombiya u\u00e7ak kazas\u0131 sonras\u0131 66 ki\u015fi hayat\u0131n\u0131 kaybetti. Askeri u\u00e7ak kalk\u0131\u015fta d\u00fc\u015ft\u00fc, yaral\u0131lar hastaneye kald\u0131r\u0131ld\u0131, soru\u015fturma ba\u015flat\u0131ld\u0131.","robots":{"index":"index","follow":"follow","max-snippet":"max-snippet:-1","max-image-preview":"max-image-preview:large","max-video-preview":"max-video-preview:-1"},"canonical":"https:\/\/epochtimestr.com\/index.php\/kolombiya-ucak-kazasi-can-aldi","og_locale":"tr_TR","og_type":"article","og_title":"Kolombiya U\u00e7ak Kazas\u0131 Can Ald\u0131 - The Epoch Times TR","og_description":"Kolombiya u\u00e7ak kazas\u0131 sonras\u0131 66 ki\u015fi hayat\u0131n\u0131 kaybetti. Askeri u\u00e7ak kalk\u0131\u015fta d\u00fc\u015ft\u00fc, yaral\u0131lar hastaneye kald\u0131r\u0131ld\u0131, soru\u015fturma ba\u015flat\u0131ld\u0131.","og_url":"https:\/\/epochtimestr.com\/index.php\/kolombiya-ucak-kazasi-can-aldi","og_site_name":"The Epoch Times TR","article_publisher":"https:\/\/www.facebook.com\/theepochtimestr","article_published_time":"2026-03-24T10:46:22+00:00","article_modified_time":"2026-03-24T10:46:25+00:00","og_image":[{"width":1200,"height":540,"url":"https:\/\/epochtimestr.com\/wp-content\/uploads\/2011y\/1000035312.webp","type":"image\/webp"}],"author":"Leo Bajelan","twitter_card":"summary_large_image","twitter_creator":"@TheEpochTimesTR","twitter_site":"@TheEpochTimesTR","twitter_misc":{"Yazan:":"Leo Bajelan","Tahmini okuma s\u00fcresi":"2 dakika"},"schema":{"@context":"https:\/\/schema.org","@graph":[{"@type":"Article","@id":"https:\/\/epochtimestr.com\/index.php\/kolombiya-ucak-kazasi-can-aldi#article","isPartOf":{"@id":"https:\/\/epochtimestr.com\/index.php\/kolombiya-ucak-kazasi-can-aldi"},"author":{"name":"Leo Bajelan","@id":"https:\/\/epochtimestr.com\/#\/schema\/person\/5fef218711d76d8f232b0e1f1d7e4c0d"},"headline":"Kolombiya U\u00e7ak Kazas\u0131 Can Ald\u0131","datePublished":"2026-03-24T10:46:22+00:00","dateModified":"2026-03-24T10:46:25+00:00","mainEntityOfPage":{"@id":"https:\/\/epochtimestr.com\/index.php\/kolombiya-ucak-kazasi-can-aldi"},"wordCount":365,"commentCount":0,"publisher":{"@id":"https:\/\/epochtimestr.com\/#organization"},"image":{"@id":"https:\/\/epochtimestr.com\/index.php\/kolombiya-ucak-kazasi-can-aldi#primaryimage"},"thumbnailUrl":"https:\/\/epochtimestr.com\/wp-content\/uploads\/2011y\/1000035312.webp","keywords":["ABD","askeri nakliye u\u00e7a\u011f\u0131","Bolivya","G\u00fcney amerika","Gustavo Petro","Hercules C-130","Kolombiya","Kolombiya u\u00e7ak kazas\u0131","K\u00fcba"],"articleSection":["D\u00dcNYA","G\u00dcNDEM","MAN\u015eET"],"inLanguage":"tr","potentialAction":[{"@type":"CommentAction","name":"Comment","target":["https:\/\/epochtimestr.com\/index.php\/kolombiya-ucak-kazasi-can-aldi#respond"]}]},{"@type":"WebPage","@id":"https:\/\/epochtimestr.com\/index.php\/kolombiya-ucak-kazasi-can-aldi","url":"https:\/\/epochtimestr.com\/index.php\/kolombiya-ucak-kazasi-can-aldi","name":"Kolombiya U\u00e7ak Kazas\u0131 Can Ald\u0131 - The Epoch Times TR","isPartOf":{"@id":"https:\/\/epochtimestr.com\/#website"},"primaryImageOfPage":{"@id":"https:\/\/epochtimestr.com\/index.php\/kolombiya-ucak-kazasi-can-aldi#primaryimage"},"image":{"@id":"https:\/\/epochtimestr.com\/index.php\/kolombiya-ucak-kazasi-can-aldi#primaryimage"},"thumbnailUrl":"https:\/\/epochtimestr.com\/wp-content\/uploads\/2011y\/1000035312.webp","datePublished":"2026-03-24T10:46:22+00:00","dateModified":"2026-03-24T10:46:25+00:00","description":"Kolombiya u\u00e7ak kazas\u0131 sonras\u0131 66 ki\u015fi hayat\u0131n\u0131 kaybetti. Askeri u\u00e7ak kalk\u0131\u015fta d\u00fc\u015ft\u00fc, yaral\u0131lar hastaneye kald\u0131r\u0131ld\u0131, soru\u015fturma ba\u015flat\u0131ld\u0131.","inLanguage":"tr","potentialAction":[{"@type":"ReadAction","target":["https:\/\/epochtimestr.com\/index.php\/kolombiya-ucak-kazasi-can-aldi"]}]},{"@type":"ImageObject","inLanguage":"tr","@id":"https:\/\/epochtimestr.com\/index.php\/kolombiya-ucak-kazasi-can-aldi#primaryimage","url":"https:\/\/epochtimestr.com\/wp-content\/uploads\/2011y\/1000035312.webp","contentUrl":"https:\/\/epochtimestr.com\/wp-content\/uploads\/2011y\/1000035312.webp","width":1200,"height":540},{"@type":"WebSite","@id":"https:\/\/epochtimestr.com\/#website","url":"https:\/\/epochtimestr.com\/","name":"The Epoch Times TR","description":"De\u011fi\u015fen D\u00fcnyam\u0131za Taze Bir Bak\u0131\u015f","publisher":{"@id":"https:\/\/epochtimestr.com\/#organization"},"potentialAction":[{"@type":"SearchAction","target":{"@type":"EntryPoint","urlTemplate":"https:\/\/epochtimestr.com\/?s={search_term_string}"},"query-input":"required name=search_term_string"}],"inLanguage":"tr"},{"@type":"Organization","@id":"https:\/\/epochtimestr.com\/#organization","name":"The EpochTimes T\u00fcrkiye","url":"https:\/\/epochtimestr.com\/","logo":{"@type":"ImageObject","inLanguage":"tr","@id":"https:\/\/epochtimestr.com\/#\/schema\/logo\/image\/","url":"https:\/\/epochtimestr.com\/wp-content\/uploads\/2011y\/ET-Logo-YG.jpg","contentUrl":"https:\/\/epochtimestr.com\/wp-content\/uploads\/2011y\/ET-Logo-YG.jpg","width":346,"height":29,"caption":"The EpochTimes T\u00fcrkiye"},"image":{"@id":"https:\/\/epochtimestr.com\/#\/schema\/logo\/image\/"},"sameAs":["https:\/\/www.facebook.com\/theepochtimestr","https:\/\/x.com\/TheEpochTimesTR","https:\/\/www.instagram.com\/epochtimestr"]},{"@type":"Person","@id":"https:\/\/epochtimestr.com\/#\/schema\/person\/5fef218711d76d8f232b0e1f1d7e4c0d","name":"Leo Bajelan","image":{"@type":"ImageObject","inLanguage":"tr","@id":"https:\/\/epochtimestr.com\/#\/schema\/person\/image\/","url":"https:\/\/secure.gravatar.com\/avatar\/917669146f489549e548a2e9af272df5?s=96&d=mm&r=g","contentUrl":"https:\/\/secure.gravatar.com\/avatar\/917669146f489549e548a2e9af272df5?s=96&d=mm&r=g","caption":"Leo Bajelan"},"url":"https:\/\/epochtimestr.com\/index.php\/author\/leo"}]}},"_links":{"self":[{"href":"https:\/\/epochtimestr.com\/index.php\/wp-json\/wp\/v2\/posts\/166409"}],"collection":[{"href":"https:\/\/epochtimestr.com\/index.php\/wp-json\/wp\/v2\/posts"}],"about":[{"href":"https:\/\/epochtimestr.com\/index.php\/wp-json\/wp\/v2\/types\/post"}],"author":[{"embeddable":true,"href":"https:\/\/epochtimestr.com\/index.php\/wp-json\/wp\/v2\/users\/13996"}],"replies":[{"embeddable":true,"href":"https:\/\/epochtimestr.com\/index.php\/wp-json\/wp\/v2\/comments?post=166409"}],"version-history":[{"count":2,"href":"https:\/\/epochtimestr.com\/index.php\/wp-json\/wp\/v2\/posts\/166409\/revisions"}],"predecessor-version":[{"id":166416,"href":"https:\/\/epochtimestr.com\/index.php\/wp-json\/wp\/v2\/posts\/166409\/revisions\/166416"}],"wp:featuredmedia":[{"embeddable":true,"href":"https:\/\/epochtimestr.com\/index.php\/wp-json\/wp\/v2\/media\/166410"}],"wp:attachment":[{"href":"https:\/\/epochtimestr.com\/index.php\/wp-json\/wp\/v2\/media?parent=166409"}],"wp:term":[{"taxonomy":"category","embeddable":true,"href":"https:\/\/epochtimestr.com\/index.php\/wp-json\/wp\/v2\/categories?post=166409"},{"taxonomy":"post_tag","embeddable":true,"href":"https:\/\/epochtimestr.com\/index.php\/wp-json\/wp\/v2\/tags?post=166409"}],"curies":[{"name":"wp","href":"https:\/\/api.w.org\/{rel}","templated":true}]}}