{"id":166412,"date":"2026-03-24T14:00:33","date_gmt":"2026-03-24T11:00:33","guid":{"rendered":"https:\/\/epochtimestr.com\/?p=166412"},"modified":"2026-03-24T14:01:43","modified_gmt":"2026-03-24T11:01:43","slug":"abd-eski-savunma-bakani-james-mattis-iran-konusunda-uyardi","status":"publish","type":"post","link":"https:\/\/epochtimestr.com\/index.php\/abd-eski-savunma-bakani-james-mattis-iran-konusunda-uyardi","title":{"rendered":"ABD Eski Savunma Bakan\u0131 James Mattis \u0130ran Konusunda Uyard\u0131"},"content":{"rendered":"<div class=\"wp-block-image\">\n<figure class=\"aligncenter size-large\"><img loading=\"lazy\" decoding=\"async\" width=\"1800\" height=\"1200\" src=\"https:\/\/epochtimestr.com\/wp-content\/uploads\/2011y\/1000035340-1800x1200.jpg\" alt=\"Eski ABD Savunma Bakan\u0131 James Mattis, Arizona Eyalet \u00dcniversitesi\u2019ne ba\u011fl\u0131 Barrett Onur Koleji taraf\u0131ndan d\u00fczenlenen 2020 John J. Rhodes Konferans\u0131\u2019nda konu\u015furken. (Foto\u011fraf: Wikimedia)\" class=\"wp-image-166413\" srcset=\"https:\/\/epochtimestr.com\/wp-content\/uploads\/2011y\/1000035340-1800x1200.jpg 1800w, https:\/\/epochtimestr.com\/wp-content\/uploads\/2011y\/1000035340-300x200.jpg 300w, https:\/\/epochtimestr.com\/wp-content\/uploads\/2011y\/1000035340-150x100.jpg 150w, https:\/\/epochtimestr.com\/wp-content\/uploads\/2011y\/1000035340-768x512.jpg 768w, https:\/\/epochtimestr.com\/wp-content\/uploads\/2011y\/1000035340-1536x1024.jpg 1536w, https:\/\/epochtimestr.com\/wp-content\/uploads\/2011y\/1000035340.jpg 2000w\" sizes=\"(max-width: 1800px) 100vw, 1800px\" \/><figcaption class=\"wp-element-caption\">Eski ABD Savunma Bakan\u0131 James Mattis, Arizona Eyalet \u00dcniversitesi\u2019ne ba\u011fl\u0131 Barrett Onur Koleji taraf\u0131ndan d\u00fczenlenen 2020 John J. Rhodes Konferans\u0131\u2019nda konu\u015furken. (Foto\u011fraf: Wikimedia)<\/figcaption><\/figure><\/div>\n\n\n<p>ABD eski Savunma Bakan\u0131 James Mattis, <a href=\"https:\/\/www.theepochtimes.com\/world\/former-us-defense-minister-says-any-deal-that-leaves-iranian-regime-intact-will-further-embolden-it-6002925\" target=\"_blank\" rel=\"noreferrer noopener\">23 Mart 2026 tarihinde<\/a> Houston\u2019da d\u00fczenlenen enerji konferans\u0131nda yapt\u0131\u011f\u0131 a\u00e7\u0131klamada, \u0130ran ile yap\u0131lacak olas\u0131 bir anla\u015fmaya dikkat \u00e7ekti. Mattis, rejimin yerinde kalmas\u0131n\u0131n uzun vadeli riskler do\u011furaca\u011f\u0131n\u0131 s\u00f6yledi. <\/p>\n\n\n\n<p>Mattis, <a href=\"https:\/\/epochtimestr.com\/index.php\/hurmuz-bogazi-guvence-altina-aliniyor\" target=\"_blank\" rel=\"noreferrer noopener\">H\u00fcrm\u00fcz Bo\u011faz\u0131\u2019n\u0131n a\u00e7\u0131lmas\u0131<\/a> kar\u015f\u0131l\u0131\u011f\u0131nda askeri varl\u0131\u011f\u0131n azalt\u0131lmas\u0131n\u0131n tehlikeli olaca\u011f\u0131n\u0131 belirtti. Bu durumda \u0130ran\u2019\u0131n b\u00f6lgedeki kontrol iddias\u0131n\u0131 art\u0131rabilece\u011fini ifade etti. \u0130ran&#8217;\u0131n ayr\u0131ca gemilerden ge\u00e7i\u015f \u00fccreti talep edebilece\u011fini de s\u00f6zlerine ekledi. <\/p>\n\n\n\n<p>Mattis, \u201cZor bir durumday\u0131z ve iyi se\u00e7enekler s\u0131n\u0131rl\u0131\u201d dedi. Sahadaki geli\u015fmelerin kolayca tersine d\u00f6nebilece\u011fini, bu nedenle h\u0131zl\u0131 bir zafer ilan\u0131n\u0131n kal\u0131c\u0131 sonu\u00e7 getirmeyece\u011fini vurgulad\u0131. <\/p>\n\n\n\n<p>\u00d6te yandan Brookings Enstit\u00fcs\u00fc D\u0131\u015f Politika Program Direkt\u00f6r\u00fc Suzanne Maloney de konferansta konu\u015ftu.  Maloney, \u0130ran y\u00f6netiminin kendisini g\u00fc\u00e7l\u00fc g\u00f6rd\u00fc\u011f\u00fcn\u00fc, sald\u0131r\u0131lara ra\u011fmen ayakta kalmay\u0131 ba\u015far\u0131 olarak de\u011ferlendirdi\u011fini ifade etti. Bu durumun gerilimi art\u0131rabilece\u011fini, ayr\u0131ca \u0130ran\u2019\u0131n i\u00e7 bask\u0131y\u0131 art\u0131rd\u0131\u011f\u0131n\u0131 belirtti. Protestolar\u0131n sert \u015fekilde bast\u0131r\u0131ld\u0131\u011f\u0131n\u0131, halk\u0131n memnuniyetsiz oldu\u011funu ancak korkunun yayg\u0131nla\u015ft\u0131\u011f\u0131n\u0131 dile getirdi.<\/p>\n\n\n\n<p>S&amp;P Global Commodity Insights K\u0131demli Ba\u015fkan Yard\u0131mc\u0131s\u0131 Carlos Pascual ise \u0130ran\u2019\u0131n hayatta kalmay\u0131 stratejik kazan\u00e7 olarak g\u00f6rd\u00fc\u011f\u00fcn\u00fc belirtti. Bu yakla\u015f\u0131m\u0131n b\u00f6lgedeki dengeleri etkileyebilece\u011fini ifade etti.<\/p>\n\n\n\n<p>Mattis, \u0130ran\u2019\u0131n \u201ctopyekun sava\u015f\u201d y\u00fcr\u00fctt\u00fc\u011f\u00fcn\u00fc ABD\u2019nin ise s\u0131n\u0131rl\u0131 askeri y\u00f6ntemler kulland\u0131\u011f\u0131n\u0131 s\u00f6yledi. Bu nedenle iki taraf aras\u0131nda farkl\u0131 bir sava\u015f yakla\u015f\u0131m\u0131 bulundu\u011funu belirtti.<\/p>\n\n\n\n<p>Mattis\u2019e g\u00f6re \u0130ran, zay\u0131flasa da etkili ara\u00e7lara sahip. Ayr\u0131ca i\u00e7 kontrol\u00fcn\u00fc sert y\u00f6ntemlerle s\u00fcrd\u00fcrmesi rejimin dayan\u0131kl\u0131l\u0131\u011f\u0131n\u0131 art\u0131r\u0131yor.<\/p>\n\n\n\n<p>Dolay\u0131s\u0131yla k\u0131sa vadeli anla\u015fmalar kal\u0131c\u0131 \u00e7\u00f6z\u00fcm sunmayabilir. Ancak taraflar\u0131n pozisyonlar\u0131 hen\u00fcz netle\u015fmi\u015f de\u011fil. Son olarak uzmanlar, s\u00fcrecin dikkatle izlenmesi gerekti\u011fini vurguluyor.<\/p>\n","protected":false},"excerpt":{"rendered":"<p>ABD eski Savunma Bakan\u0131 James Mattis, 23 Mart 2026 tarihinde Houston\u2019da d\u00fczenlenen enerji konferans\u0131nda yapt\u0131\u011f\u0131 a\u00e7\u0131klamada, \u0130ran ile yap\u0131lacak olas\u0131 bir anla\u015fmaya dikkat \u00e7ekti. Mattis, rejimin yerinde kalmas\u0131n\u0131n uzun vadeli riskler do\u011furaca\u011f\u0131n\u0131 s\u00f6yledi. Mattis, H\u00fcrm\u00fcz Bo\u011faz\u0131\u2019n\u0131n a\u00e7\u0131lmas\u0131 kar\u015f\u0131l\u0131\u011f\u0131nda askeri varl\u0131\u011f\u0131n azalt\u0131lmas\u0131n\u0131n tehlikeli olaca\u011f\u0131n\u0131 belirtti. Bu durumda \u0130ran\u2019\u0131n b\u00f6lgedeki kontrol iddias\u0131n\u0131 art\u0131rabilece\u011fini ifade etti. \u0130ran&#8217;\u0131n ayr\u0131ca [&hellip;]<\/p>\n","protected":false},"author":13996,"featured_media":166413,"comment_status":"open","ping_status":"open","sticky":false,"template":"","format":"standard","meta":{"_yoast_wpseo_focuskw":"James Mattis","_yoast_wpseo_title":"","_yoast_wpseo_metadesc":"Jim Mattis \u0130ran uyar\u0131s\u0131 yapt\u0131. Eski bakan, \u0130ran rejiminin H\u00fcrm\u00fcz Bo\u011faz\u0131 ve b\u00f6lge g\u00fcvenli\u011fi i\u00e7in risk olu\u015fturdu\u011funu s\u00f6yledi.","_bbp_topic_count":0,"_bbp_reply_count":0,"_bbp_total_topic_count":0,"_bbp_total_reply_count":0,"_bbp_voice_count":0,"_bbp_anonymous_reply_count":0,"_bbp_topic_count_hidden":0,"_bbp_reply_count_hidden":0,"_bbp_forum_subforum_count":0,"footnotes":"","_yoast_wpseo_focuskw_text_input":""},"categories":[5,1,8138],"tags":[407,11085,11089,10522,1086,11087,11084],"yoast_head":"<!-- This site is optimized with the Yoast SEO plugin v23.0 - https:\/\/yoast.com\/wordpress\/plugins\/seo\/ -->\n<title>ABD Eski Savunma Bakan\u0131 James Mattis \u0130ran Konusunda Uyard\u0131 - The Epoch Times TR<\/title>\n<meta name=\"description\" content=\"Jim Mattis \u0130ran uyar\u0131s\u0131 yapt\u0131. Eski bakan, \u0130ran rejiminin H\u00fcrm\u00fcz Bo\u011faz\u0131 ve b\u00f6lge g\u00fcvenli\u011fi i\u00e7in risk olu\u015fturdu\u011funu s\u00f6yledi.\" \/>\n<meta name=\"robots\" content=\"index, follow, max-snippet:-1, max-image-preview:large, max-video-preview:-1\" \/>\n<link rel=\"canonical\" href=\"https:\/\/epochtimestr.com\/index.php\/abd-eski-savunma-bakani-james-mattis-iran-konusunda-uyardi\" \/>\n<meta property=\"og:locale\" content=\"tr_TR\" \/>\n<meta property=\"og:type\" content=\"article\" \/>\n<meta property=\"og:title\" content=\"ABD Eski Savunma Bakan\u0131 James Mattis \u0130ran Konusunda Uyard\u0131 - The Epoch Times TR\" \/>\n<meta property=\"og:description\" content=\"Jim Mattis \u0130ran uyar\u0131s\u0131 yapt\u0131. Eski bakan, \u0130ran rejiminin H\u00fcrm\u00fcz Bo\u011faz\u0131 ve b\u00f6lge g\u00fcvenli\u011fi i\u00e7in risk olu\u015fturdu\u011funu s\u00f6yledi.\" \/>\n<meta property=\"og:url\" content=\"https:\/\/epochtimestr.com\/index.php\/abd-eski-savunma-bakani-james-mattis-iran-konusunda-uyardi\" \/>\n<meta property=\"og:site_name\" content=\"The Epoch Times TR\" \/>\n<meta property=\"article:publisher\" content=\"https:\/\/www.facebook.com\/theepochtimestr\" \/>\n<meta property=\"article:published_time\" content=\"2026-03-24T11:00:33+00:00\" \/>\n<meta property=\"article:modified_time\" content=\"2026-03-24T11:01:43+00:00\" \/>\n<meta property=\"og:image\" content=\"https:\/\/epochtimestr.com\/wp-content\/uploads\/2011y\/1000035340.jpg\" \/>\n\t<meta property=\"og:image:width\" content=\"2000\" \/>\n\t<meta property=\"og:image:height\" content=\"1333\" \/>\n\t<meta property=\"og:image:type\" content=\"image\/jpeg\" \/>\n<meta name=\"author\" content=\"Leo Bajelan\" \/>\n<meta name=\"twitter:card\" content=\"summary_large_image\" \/>\n<meta name=\"twitter:creator\" content=\"@TheEpochTimesTR\" \/>\n<meta name=\"twitter:site\" content=\"@TheEpochTimesTR\" \/>\n<meta name=\"twitter:label1\" content=\"Yazan:\" \/>\n\t<meta name=\"twitter:data1\" content=\"Leo Bajelan\" \/>\n\t<meta name=\"twitter:label2\" content=\"Tahmini okuma s\u00fcresi\" \/>\n\t<meta name=\"twitter:data2\" content=\"2 dakika\" \/>\n<script type=\"application\/ld+json\" class=\"yoast-schema-graph\">{\"@context\":\"https:\/\/schema.org\",\"@graph\":[{\"@type\":\"Article\",\"@id\":\"https:\/\/epochtimestr.com\/index.php\/abd-eski-savunma-bakani-james-mattis-iran-konusunda-uyardi#article\",\"isPartOf\":{\"@id\":\"https:\/\/epochtimestr.com\/index.php\/abd-eski-savunma-bakani-james-mattis-iran-konusunda-uyardi\"},\"author\":{\"name\":\"Leo Bajelan\",\"@id\":\"https:\/\/epochtimestr.com\/#\/schema\/person\/5fef218711d76d8f232b0e1f1d7e4c0d\"},\"headline\":\"ABD Eski Savunma Bakan\u0131 James Mattis \u0130ran Konusunda Uyard\u0131\",\"datePublished\":\"2026-03-24T11:00:33+00:00\",\"dateModified\":\"2026-03-24T11:01:43+00:00\",\"mainEntityOfPage\":{\"@id\":\"https:\/\/epochtimestr.com\/index.php\/abd-eski-savunma-bakani-james-mattis-iran-konusunda-uyardi\"},\"wordCount\":386,\"commentCount\":0,\"publisher\":{\"@id\":\"https:\/\/epochtimestr.com\/#organization\"},\"image\":{\"@id\":\"https:\/\/epochtimestr.com\/index.php\/abd-eski-savunma-bakani-james-mattis-iran-konusunda-uyardi#primaryimage\"},\"thumbnailUrl\":\"https:\/\/epochtimestr.com\/wp-content\/uploads\/2011y\/1000035340.jpg\",\"keywords\":[\"ABD\",\"Carlos Pascual\",\"Houston\",\"H\u00fcrm\u00fcz bo\u011faz\u0131\",\"\u0130ran\",\"James Mattis\",\"Suzanne Maloney\"],\"articleSection\":[\"D\u00dcNYA\",\"G\u00dcNDEM\",\"Man\u015fet\"],\"inLanguage\":\"tr\",\"potentialAction\":[{\"@type\":\"CommentAction\",\"name\":\"Comment\",\"target\":[\"https:\/\/epochtimestr.com\/index.php\/abd-eski-savunma-bakani-james-mattis-iran-konusunda-uyardi#respond\"]}]},{\"@type\":\"WebPage\",\"@id\":\"https:\/\/epochtimestr.com\/index.php\/abd-eski-savunma-bakani-james-mattis-iran-konusunda-uyardi\",\"url\":\"https:\/\/epochtimestr.com\/index.php\/abd-eski-savunma-bakani-james-mattis-iran-konusunda-uyardi\",\"name\":\"ABD Eski Savunma Bakan\u0131 James Mattis \u0130ran Konusunda Uyard\u0131 - The Epoch Times TR\",\"isPartOf\":{\"@id\":\"https:\/\/epochtimestr.com\/#website\"},\"primaryImageOfPage\":{\"@id\":\"https:\/\/epochtimestr.com\/index.php\/abd-eski-savunma-bakani-james-mattis-iran-konusunda-uyardi#primaryimage\"},\"image\":{\"@id\":\"https:\/\/epochtimestr.com\/index.php\/abd-eski-savunma-bakani-james-mattis-iran-konusunda-uyardi#primaryimage\"},\"thumbnailUrl\":\"https:\/\/epochtimestr.com\/wp-content\/uploads\/2011y\/1000035340.jpg\",\"datePublished\":\"2026-03-24T11:00:33+00:00\",\"dateModified\":\"2026-03-24T11:01:43+00:00\",\"description\":\"Jim Mattis \u0130ran uyar\u0131s\u0131 yapt\u0131. Eski bakan, \u0130ran rejiminin H\u00fcrm\u00fcz Bo\u011faz\u0131 ve b\u00f6lge g\u00fcvenli\u011fi i\u00e7in risk olu\u015fturdu\u011funu s\u00f6yledi.\",\"inLanguage\":\"tr\",\"potentialAction\":[{\"@type\":\"ReadAction\",\"target\":[\"https:\/\/epochtimestr.com\/index.php\/abd-eski-savunma-bakani-james-mattis-iran-konusunda-uyardi\"]}]},{\"@type\":\"ImageObject\",\"inLanguage\":\"tr\",\"@id\":\"https:\/\/epochtimestr.com\/index.php\/abd-eski-savunma-bakani-james-mattis-iran-konusunda-uyardi#primaryimage\",\"url\":\"https:\/\/epochtimestr.com\/wp-content\/uploads\/2011y\/1000035340.jpg\",\"contentUrl\":\"https:\/\/epochtimestr.com\/wp-content\/uploads\/2011y\/1000035340.jpg\",\"width\":2000,\"height\":1333},{\"@type\":\"WebSite\",\"@id\":\"https:\/\/epochtimestr.com\/#website\",\"url\":\"https:\/\/epochtimestr.com\/\",\"name\":\"The Epoch Times TR\",\"description\":\"De\u011fi\u015fen D\u00fcnyam\u0131za Taze Bir Bak\u0131\u015f\",\"publisher\":{\"@id\":\"https:\/\/epochtimestr.com\/#organization\"},\"potentialAction\":[{\"@type\":\"SearchAction\",\"target\":{\"@type\":\"EntryPoint\",\"urlTemplate\":\"https:\/\/epochtimestr.com\/?s={search_term_string}\"},\"query-input\":\"required name=search_term_string\"}],\"inLanguage\":\"tr\"},{\"@type\":\"Organization\",\"@id\":\"https:\/\/epochtimestr.com\/#organization\",\"name\":\"The EpochTimes T\u00fcrkiye\",\"url\":\"https:\/\/epochtimestr.com\/\",\"logo\":{\"@type\":\"ImageObject\",\"inLanguage\":\"tr\",\"@id\":\"https:\/\/epochtimestr.com\/#\/schema\/logo\/image\/\",\"url\":\"https:\/\/epochtimestr.com\/wp-content\/uploads\/2011y\/ET-Logo-YG.jpg\",\"contentUrl\":\"https:\/\/epochtimestr.com\/wp-content\/uploads\/2011y\/ET-Logo-YG.jpg\",\"width\":346,\"height\":29,\"caption\":\"The EpochTimes T\u00fcrkiye\"},\"image\":{\"@id\":\"https:\/\/epochtimestr.com\/#\/schema\/logo\/image\/\"},\"sameAs\":[\"https:\/\/www.facebook.com\/theepochtimestr\",\"https:\/\/x.com\/TheEpochTimesTR\",\"https:\/\/www.instagram.com\/epochtimestr\"]},{\"@type\":\"Person\",\"@id\":\"https:\/\/epochtimestr.com\/#\/schema\/person\/5fef218711d76d8f232b0e1f1d7e4c0d\",\"name\":\"Leo Bajelan\",\"image\":{\"@type\":\"ImageObject\",\"inLanguage\":\"tr\",\"@id\":\"https:\/\/epochtimestr.com\/#\/schema\/person\/image\/\",\"url\":\"https:\/\/secure.gravatar.com\/avatar\/917669146f489549e548a2e9af272df5?s=96&d=mm&r=g\",\"contentUrl\":\"https:\/\/secure.gravatar.com\/avatar\/917669146f489549e548a2e9af272df5?s=96&d=mm&r=g\",\"caption\":\"Leo Bajelan\"},\"url\":\"https:\/\/epochtimestr.com\/index.php\/author\/leo\"}]}<\/script>\n<!-- \/ Yoast SEO plugin. -->","yoast_head_json":{"title":"ABD Eski Savunma Bakan\u0131 James Mattis \u0130ran Konusunda Uyard\u0131 - The Epoch Times TR","description":"Jim Mattis \u0130ran uyar\u0131s\u0131 yapt\u0131. Eski bakan, \u0130ran rejiminin H\u00fcrm\u00fcz Bo\u011faz\u0131 ve b\u00f6lge g\u00fcvenli\u011fi i\u00e7in risk olu\u015fturdu\u011funu s\u00f6yledi.","robots":{"index":"index","follow":"follow","max-snippet":"max-snippet:-1","max-image-preview":"max-image-preview:large","max-video-preview":"max-video-preview:-1"},"canonical":"https:\/\/epochtimestr.com\/index.php\/abd-eski-savunma-bakani-james-mattis-iran-konusunda-uyardi","og_locale":"tr_TR","og_type":"article","og_title":"ABD Eski Savunma Bakan\u0131 James Mattis \u0130ran Konusunda Uyard\u0131 - The Epoch Times TR","og_description":"Jim Mattis \u0130ran uyar\u0131s\u0131 yapt\u0131. Eski bakan, \u0130ran rejiminin H\u00fcrm\u00fcz Bo\u011faz\u0131 ve b\u00f6lge g\u00fcvenli\u011fi i\u00e7in risk olu\u015fturdu\u011funu s\u00f6yledi.","og_url":"https:\/\/epochtimestr.com\/index.php\/abd-eski-savunma-bakani-james-mattis-iran-konusunda-uyardi","og_site_name":"The Epoch Times TR","article_publisher":"https:\/\/www.facebook.com\/theepochtimestr","article_published_time":"2026-03-24T11:00:33+00:00","article_modified_time":"2026-03-24T11:01:43+00:00","og_image":[{"width":2000,"height":1333,"url":"https:\/\/epochtimestr.com\/wp-content\/uploads\/2011y\/1000035340.jpg","type":"image\/jpeg"}],"author":"Leo Bajelan","twitter_card":"summary_large_image","twitter_creator":"@TheEpochTimesTR","twitter_site":"@TheEpochTimesTR","twitter_misc":{"Yazan:":"Leo Bajelan","Tahmini okuma s\u00fcresi":"2 dakika"},"schema":{"@context":"https:\/\/schema.org","@graph":[{"@type":"Article","@id":"https:\/\/epochtimestr.com\/index.php\/abd-eski-savunma-bakani-james-mattis-iran-konusunda-uyardi#article","isPartOf":{"@id":"https:\/\/epochtimestr.com\/index.php\/abd-eski-savunma-bakani-james-mattis-iran-konusunda-uyardi"},"author":{"name":"Leo Bajelan","@id":"https:\/\/epochtimestr.com\/#\/schema\/person\/5fef218711d76d8f232b0e1f1d7e4c0d"},"headline":"ABD Eski Savunma Bakan\u0131 James Mattis \u0130ran Konusunda Uyard\u0131","datePublished":"2026-03-24T11:00:33+00:00","dateModified":"2026-03-24T11:01:43+00:00","mainEntityOfPage":{"@id":"https:\/\/epochtimestr.com\/index.php\/abd-eski-savunma-bakani-james-mattis-iran-konusunda-uyardi"},"wordCount":386,"commentCount":0,"publisher":{"@id":"https:\/\/epochtimestr.com\/#organization"},"image":{"@id":"https:\/\/epochtimestr.com\/index.php\/abd-eski-savunma-bakani-james-mattis-iran-konusunda-uyardi#primaryimage"},"thumbnailUrl":"https:\/\/epochtimestr.com\/wp-content\/uploads\/2011y\/1000035340.jpg","keywords":["ABD","Carlos Pascual","Houston","H\u00fcrm\u00fcz bo\u011faz\u0131","\u0130ran","James Mattis","Suzanne Maloney"],"articleSection":["D\u00dcNYA","G\u00dcNDEM","Man\u015fet"],"inLanguage":"tr","potentialAction":[{"@type":"CommentAction","name":"Comment","target":["https:\/\/epochtimestr.com\/index.php\/abd-eski-savunma-bakani-james-mattis-iran-konusunda-uyardi#respond"]}]},{"@type":"WebPage","@id":"https:\/\/epochtimestr.com\/index.php\/abd-eski-savunma-bakani-james-mattis-iran-konusunda-uyardi","url":"https:\/\/epochtimestr.com\/index.php\/abd-eski-savunma-bakani-james-mattis-iran-konusunda-uyardi","name":"ABD Eski Savunma Bakan\u0131 James Mattis \u0130ran Konusunda Uyard\u0131 - The Epoch Times TR","isPartOf":{"@id":"https:\/\/epochtimestr.com\/#website"},"primaryImageOfPage":{"@id":"https:\/\/epochtimestr.com\/index.php\/abd-eski-savunma-bakani-james-mattis-iran-konusunda-uyardi#primaryimage"},"image":{"@id":"https:\/\/epochtimestr.com\/index.php\/abd-eski-savunma-bakani-james-mattis-iran-konusunda-uyardi#primaryimage"},"thumbnailUrl":"https:\/\/epochtimestr.com\/wp-content\/uploads\/2011y\/1000035340.jpg","datePublished":"2026-03-24T11:00:33+00:00","dateModified":"2026-03-24T11:01:43+00:00","description":"Jim Mattis \u0130ran uyar\u0131s\u0131 yapt\u0131. Eski bakan, \u0130ran rejiminin H\u00fcrm\u00fcz Bo\u011faz\u0131 ve b\u00f6lge g\u00fcvenli\u011fi i\u00e7in risk olu\u015fturdu\u011funu s\u00f6yledi.","inLanguage":"tr","potentialAction":[{"@type":"ReadAction","target":["https:\/\/epochtimestr.com\/index.php\/abd-eski-savunma-bakani-james-mattis-iran-konusunda-uyardi"]}]},{"@type":"ImageObject","inLanguage":"tr","@id":"https:\/\/epochtimestr.com\/index.php\/abd-eski-savunma-bakani-james-mattis-iran-konusunda-uyardi#primaryimage","url":"https:\/\/epochtimestr.com\/wp-content\/uploads\/2011y\/1000035340.jpg","contentUrl":"https:\/\/epochtimestr.com\/wp-content\/uploads\/2011y\/1000035340.jpg","width":2000,"height":1333},{"@type":"WebSite","@id":"https:\/\/epochtimestr.com\/#website","url":"https:\/\/epochtimestr.com\/","name":"The Epoch Times TR","description":"De\u011fi\u015fen D\u00fcnyam\u0131za Taze Bir Bak\u0131\u015f","publisher":{"@id":"https:\/\/epochtimestr.com\/#organization"},"potentialAction":[{"@type":"SearchAction","target":{"@type":"EntryPoint","urlTemplate":"https:\/\/epochtimestr.com\/?s={search_term_string}"},"query-input":"required name=search_term_string"}],"inLanguage":"tr"},{"@type":"Organization","@id":"https:\/\/epochtimestr.com\/#organization","name":"The EpochTimes T\u00fcrkiye","url":"https:\/\/epochtimestr.com\/","logo":{"@type":"ImageObject","inLanguage":"tr","@id":"https:\/\/epochtimestr.com\/#\/schema\/logo\/image\/","url":"https:\/\/epochtimestr.com\/wp-content\/uploads\/2011y\/ET-Logo-YG.jpg","contentUrl":"https:\/\/epochtimestr.com\/wp-content\/uploads\/2011y\/ET-Logo-YG.jpg","width":346,"height":29,"caption":"The EpochTimes T\u00fcrkiye"},"image":{"@id":"https:\/\/epochtimestr.com\/#\/schema\/logo\/image\/"},"sameAs":["https:\/\/www.facebook.com\/theepochtimestr","https:\/\/x.com\/TheEpochTimesTR","https:\/\/www.instagram.com\/epochtimestr"]},{"@type":"Person","@id":"https:\/\/epochtimestr.com\/#\/schema\/person\/5fef218711d76d8f232b0e1f1d7e4c0d","name":"Leo Bajelan","image":{"@type":"ImageObject","inLanguage":"tr","@id":"https:\/\/epochtimestr.com\/#\/schema\/person\/image\/","url":"https:\/\/secure.gravatar.com\/avatar\/917669146f489549e548a2e9af272df5?s=96&d=mm&r=g","contentUrl":"https:\/\/secure.gravatar.com\/avatar\/917669146f489549e548a2e9af272df5?s=96&d=mm&r=g","caption":"Leo Bajelan"},"url":"https:\/\/epochtimestr.com\/index.php\/author\/leo"}]}},"_links":{"self":[{"href":"https:\/\/epochtimestr.com\/index.php\/wp-json\/wp\/v2\/posts\/166412"}],"collection":[{"href":"https:\/\/epochtimestr.com\/index.php\/wp-json\/wp\/v2\/posts"}],"about":[{"href":"https:\/\/epochtimestr.com\/index.php\/wp-json\/wp\/v2\/types\/post"}],"author":[{"embeddable":true,"href":"https:\/\/epochtimestr.com\/index.php\/wp-json\/wp\/v2\/users\/13996"}],"replies":[{"embeddable":true,"href":"https:\/\/epochtimestr.com\/index.php\/wp-json\/wp\/v2\/comments?post=166412"}],"version-history":[{"count":2,"href":"https:\/\/epochtimestr.com\/index.php\/wp-json\/wp\/v2\/posts\/166412\/revisions"}],"predecessor-version":[{"id":166418,"href":"https:\/\/epochtimestr.com\/index.php\/wp-json\/wp\/v2\/posts\/166412\/revisions\/166418"}],"wp:featuredmedia":[{"embeddable":true,"href":"https:\/\/epochtimestr.com\/index.php\/wp-json\/wp\/v2\/media\/166413"}],"wp:attachment":[{"href":"https:\/\/epochtimestr.com\/index.php\/wp-json\/wp\/v2\/media?parent=166412"}],"wp:term":[{"taxonomy":"category","embeddable":true,"href":"https:\/\/epochtimestr.com\/index.php\/wp-json\/wp\/v2\/categories?post=166412"},{"taxonomy":"post_tag","embeddable":true,"href":"https:\/\/epochtimestr.com\/index.php\/wp-json\/wp\/v2\/tags?post=166412"}],"curies":[{"name":"wp","href":"https:\/\/api.w.org\/{rel}","templated":true}]}}