{"id":166426,"date":"2026-03-25T12:41:53","date_gmt":"2026-03-25T09:41:53","guid":{"rendered":"https:\/\/epochtimestr.com\/?p=166426"},"modified":"2026-03-25T12:41:56","modified_gmt":"2026-03-25T09:41:56","slug":"venezuela-muhalefet-liderinden-enerji-yatirimi-cagrisi","status":"publish","type":"post","link":"https:\/\/epochtimestr.com\/index.php\/venezuela-muhalefet-liderinden-enerji-yatirimi-cagrisi","title":{"rendered":"Venezuela Muhalefet Liderinden Enerji Yat\u0131r\u0131m\u0131 \u00c7a\u011fr\u0131s\u0131"},"content":{"rendered":"<div class=\"wp-block-image\">\n<figure class=\"aligncenter size-full is-resized\"><img loading=\"lazy\" decoding=\"async\" width=\"960\" height=\"640\" src=\"https:\/\/epochtimestr.com\/wp-content\/uploads\/2011y\/image-354.png\" alt=\"2025 Nobel Bar\u0131\u015f \u00d6d\u00fcl\u00fc sahibi ve Venezuela muhalefet lideri Marina Corina Machado, Maduro'ya kar\u015f\u0131 protesto y\u00fcr\u00fcy\u00fc\u015f\u00fcnde. 2 \u015eubat 2019, Caracas. (Foto\u011fraf: Wikimedia)\" class=\"wp-image-166435\" style=\"width:840px;height:auto\" srcset=\"https:\/\/epochtimestr.com\/wp-content\/uploads\/2011y\/image-354.png 960w, https:\/\/epochtimestr.com\/wp-content\/uploads\/2011y\/image-354-300x200.png 300w, https:\/\/epochtimestr.com\/wp-content\/uploads\/2011y\/image-354-150x100.png 150w, https:\/\/epochtimestr.com\/wp-content\/uploads\/2011y\/image-354-768x512.png 768w\" sizes=\"(max-width: 960px) 100vw, 960px\" \/><figcaption class=\"wp-element-caption\">2025 Nobel Bar\u0131\u015f \u00d6d\u00fcl\u00fc sahibi ve Venezuela muhalefet lideri Marina Corina Machado, Maduro&#8217;ya kar\u015f\u0131 protesto y\u00fcr\u00fcy\u00fc\u015f\u00fcnde. 2 \u015eubat 2019, Caracas. (Foto\u011fraf: <a href=\"Marcha Caracas 02 febrero 2019 mar\u00eda corina machado.jpg - Wikimedia Commons\" target=\"_blank\" rel=\"noreferrer noopener\">Wikimedia<\/a>)<\/figcaption><\/figure><\/div>\n\n\n<p>2025 Nobel Bar\u0131\u015f \u00d6d\u00fcl\u00fc sahibi ve Venezuela muhalefet lideri Marina Corina Machado, <a href=\"https:\/\/www.theepochtimes.com\/world\/machado-invites-global-energy-executives-to-invest-in-oil-rich-venezuelas-new-chapter-6003379\" target=\"_blank\" rel=\"noreferrer noopener\">24 Mart 2026\u2019da<\/a> Houston\u2019da konu\u015ftu. Demokratik bir y\u00f6netim hedefini vurgularken ayn\u0131 zamanda enerji yat\u0131r\u0131mc\u0131lar\u0131na \u00fclkesinin yeni d\u00f6nemi i\u00e7in \u00e7a\u011fr\u0131 yapt\u0131. <\/p>\n\n\n\n<p>Machado, S&amp;P Global taraf\u0131ndan d\u00fczenlenen CERAWeek konferans\u0131nda, yakla\u015f\u0131k 90 \u00fclkeden y\u00f6neticilere seslendi. Venezuela\u2019n\u0131n enerji alan\u0131nda rekabet\u00e7i olaca\u011f\u0131n\u0131, bununla birlikte \u00f6zel sekt\u00f6r\u00fcn yeniden s\u00fcrece dahil edilece\u011fini belirtti. Machado ayr\u0131ca Venezuela\u2019n\u0131n yakla\u015f\u0131k 300 milyar varillik petrol rezervine ve gaz rezervlerine dikkat \u00e7ekti. Buna ek olarak \u00fclkede \u00f6nemli do\u011fal gaz ve kritik mineral kaynaklar\u0131 da mevcut.<\/p>\n\n\n\n<p>Machado, \u00fcretimin son y\u0131llarda ciddi \u015fekilde d\u00fc\u015ft\u00fc\u011f\u00fcn\u00fc, g\u00fcnl\u00fck \u00fcretimin yakla\u015f\u0131k 1 milyon varil seviyesinde kald\u0131\u011f\u0131n\u0131 s\u00f6yledi. 25 y\u0131l \u00f6nce bu rakam\u0131n \u00e7ok daha y\u00fcksek oldu\u011funu, ancak do\u011fru yat\u0131r\u0131mlarla \u00fcretimin artabilece\u011fini ifade etti. <\/p>\n\n\n\n<p>Machado&#8217;nun yeni plan\u0131nda 25 y\u0131la kadar \u00e7\u0131kan, uzun vadeli s\u00f6zle\u015fmeler yer al\u0131yor. \u00d6te yandan telif oranlar\u0131n\u0131n y\u00fczde 20\u2019nin alt\u0131nda tutulmas\u0131 hedefleniyor. Ayr\u0131ca sekt\u00f6r\u00fc canland\u0131rmak i\u00e7in 10 y\u0131lda 150 milyar dolar yat\u0131r\u0131m gerekti\u011fini a\u00e7\u0131klad\u0131. Bu nedenle uluslararas\u0131 yat\u0131r\u0131mc\u0131larla i\u015f birli\u011fi planlad\u0131klar\u0131n\u0131 da s\u00f6zlerine ekledi.<\/p>\n\n\n\n<p>Machado, ge\u00e7mi\u015fte uygulanan politikalar\u0131n sekt\u00f6re zarar verdi\u011fini s\u00f6yledi. 2007 y\u0131l\u0131nda yabanc\u0131 \u015firketler zorunlu ortakl\u0131klara y\u00f6nlendirildi\u011fini ve bu durumun yat\u0131r\u0131mlar\u0131 s\u0131n\u0131rlad\u0131\u011f\u0131n\u0131 belirtti. Buna kar\u015f\u0131n yeni d\u00f6nemde \u00f6zel yat\u0131r\u0131mlar te\u015fvik edilecek. Ayr\u0131ca Venezuela\u2019n\u0131n \u00fcretim maliyetlerinin ve ke\u015fif riskinin de d\u00fc\u015f\u00fck oldu\u011funu ifade etti. Dolay\u0131s\u0131yla yat\u0131r\u0131mc\u0131lar i\u00e7in cazip bir ortam sunulabilece\u011fini s\u00f6yledi.<\/p>\n\n\n\n<p>Son olarak Machado, \u00fclkenin yeniden yap\u0131lanma s\u00fcrecine haz\u0131r oldu\u011funu vurgulad\u0131. <a href=\"https:\/\/epochtimestr.com\/index.php\/venezuela-onemli-muhalifleri-serbest-birakti\" target=\"_blank\" rel=\"noreferrer noopener\">Venezuela<\/a> muhalefet lideri, enerji yat\u0131r\u0131m\u0131 i\u00e7in uluslararas\u0131 \u015firketlere a\u00e7\u0131k davet yapt\u0131.<\/p>\n","protected":false},"excerpt":{"rendered":"<p>2025 Nobel Bar\u0131\u015f \u00d6d\u00fcl\u00fc sahibi ve Venezuela muhalefet lideri Marina Corina Machado, 24 Mart 2026\u2019da Houston\u2019da konu\u015ftu. Demokratik bir y\u00f6netim hedefini vurgularken ayn\u0131 zamanda enerji yat\u0131r\u0131mc\u0131lar\u0131na \u00fclkesinin yeni d\u00f6nemi i\u00e7in \u00e7a\u011fr\u0131 yapt\u0131. Machado, S&amp;P Global taraf\u0131ndan d\u00fczenlenen CERAWeek konferans\u0131nda, yakla\u015f\u0131k 90 \u00fclkeden y\u00f6neticilere seslendi. Venezuela\u2019n\u0131n enerji alan\u0131nda rekabet\u00e7i olaca\u011f\u0131n\u0131, bununla birlikte \u00f6zel sekt\u00f6r\u00fcn yeniden s\u00fcrece [&hellip;]<\/p>\n","protected":false},"author":13996,"featured_media":166435,"comment_status":"open","ping_status":"open","sticky":false,"template":"","format":"standard","meta":{"_yoast_wpseo_focuskw":"Venezuela - muhalefet","_yoast_wpseo_title":"","_yoast_wpseo_metadesc":"Venezuela muhalefet lideri Machado, enerji yat\u0131r\u0131mc\u0131lar\u0131na \u00e7a\u011fr\u0131 yapt\u0131. Yeni d\u00f6nemde d\u00fc\u015f\u00fck maliyet ve uzun vadeli f\u0131rsatlar sunulacak.","_bbp_topic_count":0,"_bbp_reply_count":0,"_bbp_total_topic_count":0,"_bbp_total_reply_count":0,"_bbp_voice_count":0,"_bbp_anonymous_reply_count":0,"_bbp_topic_count_hidden":0,"_bbp_reply_count_hidden":0,"_bbp_forum_subforum_count":0,"footnotes":"","_yoast_wpseo_focuskw_text_input":""},"categories":[5,1,8138],"tags":[11097,1284,7067,9273,11096,11098,6592,11095,2505],"yoast_head":"<!-- This site is optimized with the Yoast SEO plugin v23.0 - https:\/\/yoast.com\/wordpress\/plugins\/seo\/ -->\n<title>Venezuela Muhalefet Liderinden Enerji Yat\u0131r\u0131m\u0131 \u00c7a\u011fr\u0131s\u0131 - The Epoch Times TR<\/title>\n<meta name=\"description\" content=\"Venezuela muhalefet lideri Machado, enerji yat\u0131r\u0131mc\u0131lar\u0131na \u00e7a\u011fr\u0131 yapt\u0131. Yeni d\u00f6nemde d\u00fc\u015f\u00fck maliyet ve uzun vadeli f\u0131rsatlar sunulacak.\" \/>\n<meta name=\"robots\" content=\"index, follow, max-snippet:-1, max-image-preview:large, max-video-preview:-1\" \/>\n<link rel=\"canonical\" href=\"https:\/\/epochtimestr.com\/index.php\/venezuela-muhalefet-liderinden-enerji-yatirimi-cagrisi\" \/>\n<meta property=\"og:locale\" content=\"tr_TR\" \/>\n<meta property=\"og:type\" content=\"article\" \/>\n<meta property=\"og:title\" content=\"Venezuela Muhalefet Liderinden Enerji Yat\u0131r\u0131m\u0131 \u00c7a\u011fr\u0131s\u0131 - The Epoch Times TR\" \/>\n<meta property=\"og:description\" content=\"Venezuela muhalefet lideri Machado, enerji yat\u0131r\u0131mc\u0131lar\u0131na \u00e7a\u011fr\u0131 yapt\u0131. Yeni d\u00f6nemde d\u00fc\u015f\u00fck maliyet ve uzun vadeli f\u0131rsatlar sunulacak.\" \/>\n<meta property=\"og:url\" content=\"https:\/\/epochtimestr.com\/index.php\/venezuela-muhalefet-liderinden-enerji-yatirimi-cagrisi\" \/>\n<meta property=\"og:site_name\" content=\"The Epoch Times TR\" \/>\n<meta property=\"article:publisher\" content=\"https:\/\/www.facebook.com\/theepochtimestr\" \/>\n<meta property=\"article:published_time\" content=\"2026-03-25T09:41:53+00:00\" \/>\n<meta property=\"article:modified_time\" content=\"2026-03-25T09:41:56+00:00\" \/>\n<meta property=\"og:image\" content=\"https:\/\/epochtimestr.com\/wp-content\/uploads\/2011y\/image-354.png\" \/>\n\t<meta property=\"og:image:width\" content=\"960\" \/>\n\t<meta property=\"og:image:height\" content=\"640\" \/>\n\t<meta property=\"og:image:type\" content=\"image\/png\" \/>\n<meta name=\"author\" content=\"Leo Bajelan\" \/>\n<meta name=\"twitter:card\" content=\"summary_large_image\" \/>\n<meta name=\"twitter:creator\" content=\"@TheEpochTimesTR\" \/>\n<meta name=\"twitter:site\" content=\"@TheEpochTimesTR\" \/>\n<meta name=\"twitter:label1\" content=\"Yazan:\" \/>\n\t<meta name=\"twitter:data1\" content=\"Leo Bajelan\" \/>\n\t<meta name=\"twitter:label2\" content=\"Tahmini okuma s\u00fcresi\" \/>\n\t<meta name=\"twitter:data2\" content=\"2 dakika\" \/>\n<script type=\"application\/ld+json\" class=\"yoast-schema-graph\">{\"@context\":\"https:\/\/schema.org\",\"@graph\":[{\"@type\":\"Article\",\"@id\":\"https:\/\/epochtimestr.com\/index.php\/venezuela-muhalefet-liderinden-enerji-yatirimi-cagrisi#article\",\"isPartOf\":{\"@id\":\"https:\/\/epochtimestr.com\/index.php\/venezuela-muhalefet-liderinden-enerji-yatirimi-cagrisi\"},\"author\":{\"name\":\"Leo Bajelan\",\"@id\":\"https:\/\/epochtimestr.com\/#\/schema\/person\/5fef218711d76d8f232b0e1f1d7e4c0d\"},\"headline\":\"Venezuela Muhalefet Liderinden Enerji Yat\u0131r\u0131m\u0131 \u00c7a\u011fr\u0131s\u0131\",\"datePublished\":\"2026-03-25T09:41:53+00:00\",\"dateModified\":\"2026-03-25T09:41:56+00:00\",\"mainEntityOfPage\":{\"@id\":\"https:\/\/epochtimestr.com\/index.php\/venezuela-muhalefet-liderinden-enerji-yatirimi-cagrisi\"},\"wordCount\":370,\"commentCount\":0,\"publisher\":{\"@id\":\"https:\/\/epochtimestr.com\/#organization\"},\"image\":{\"@id\":\"https:\/\/epochtimestr.com\/index.php\/venezuela-muhalefet-liderinden-enerji-yatirimi-cagrisi#primaryimage\"},\"thumbnailUrl\":\"https:\/\/epochtimestr.com\/wp-content\/uploads\/2011y\/image-354.png\",\"keywords\":[\"CERAWeek konferans\u0131\",\"G\u00fcney amerika\",\"i\u015f birli\u011fi\",\"Maduro\",\"Marina Corina Machado\",\"uluslararas\u0131 yat\u0131r\u0131mc\u0131lar\",\"venezuela\",\"Venezuela enerji yat\u0131r\u0131m\u0131\",\"Yat\u0131r\u0131m\"],\"articleSection\":[\"D\u00dcNYA\",\"G\u00dcNDEM\",\"MAN\u015eET\"],\"inLanguage\":\"tr\",\"potentialAction\":[{\"@type\":\"CommentAction\",\"name\":\"Comment\",\"target\":[\"https:\/\/epochtimestr.com\/index.php\/venezuela-muhalefet-liderinden-enerji-yatirimi-cagrisi#respond\"]}]},{\"@type\":\"WebPage\",\"@id\":\"https:\/\/epochtimestr.com\/index.php\/venezuela-muhalefet-liderinden-enerji-yatirimi-cagrisi\",\"url\":\"https:\/\/epochtimestr.com\/index.php\/venezuela-muhalefet-liderinden-enerji-yatirimi-cagrisi\",\"name\":\"Venezuela Muhalefet Liderinden Enerji Yat\u0131r\u0131m\u0131 \u00c7a\u011fr\u0131s\u0131 - The Epoch Times TR\",\"isPartOf\":{\"@id\":\"https:\/\/epochtimestr.com\/#website\"},\"primaryImageOfPage\":{\"@id\":\"https:\/\/epochtimestr.com\/index.php\/venezuela-muhalefet-liderinden-enerji-yatirimi-cagrisi#primaryimage\"},\"image\":{\"@id\":\"https:\/\/epochtimestr.com\/index.php\/venezuela-muhalefet-liderinden-enerji-yatirimi-cagrisi#primaryimage\"},\"thumbnailUrl\":\"https:\/\/epochtimestr.com\/wp-content\/uploads\/2011y\/image-354.png\",\"datePublished\":\"2026-03-25T09:41:53+00:00\",\"dateModified\":\"2026-03-25T09:41:56+00:00\",\"description\":\"Venezuela muhalefet lideri Machado, enerji yat\u0131r\u0131mc\u0131lar\u0131na \u00e7a\u011fr\u0131 yapt\u0131. Yeni d\u00f6nemde d\u00fc\u015f\u00fck maliyet ve uzun vadeli f\u0131rsatlar sunulacak.\",\"inLanguage\":\"tr\",\"potentialAction\":[{\"@type\":\"ReadAction\",\"target\":[\"https:\/\/epochtimestr.com\/index.php\/venezuela-muhalefet-liderinden-enerji-yatirimi-cagrisi\"]}]},{\"@type\":\"ImageObject\",\"inLanguage\":\"tr\",\"@id\":\"https:\/\/epochtimestr.com\/index.php\/venezuela-muhalefet-liderinden-enerji-yatirimi-cagrisi#primaryimage\",\"url\":\"https:\/\/epochtimestr.com\/wp-content\/uploads\/2011y\/image-354.png\",\"contentUrl\":\"https:\/\/epochtimestr.com\/wp-content\/uploads\/2011y\/image-354.png\",\"width\":960,\"height\":640},{\"@type\":\"WebSite\",\"@id\":\"https:\/\/epochtimestr.com\/#website\",\"url\":\"https:\/\/epochtimestr.com\/\",\"name\":\"The Epoch Times TR\",\"description\":\"De\u011fi\u015fen D\u00fcnyam\u0131za Taze Bir Bak\u0131\u015f\",\"publisher\":{\"@id\":\"https:\/\/epochtimestr.com\/#organization\"},\"potentialAction\":[{\"@type\":\"SearchAction\",\"target\":{\"@type\":\"EntryPoint\",\"urlTemplate\":\"https:\/\/epochtimestr.com\/?s={search_term_string}\"},\"query-input\":\"required name=search_term_string\"}],\"inLanguage\":\"tr\"},{\"@type\":\"Organization\",\"@id\":\"https:\/\/epochtimestr.com\/#organization\",\"name\":\"The EpochTimes T\u00fcrkiye\",\"url\":\"https:\/\/epochtimestr.com\/\",\"logo\":{\"@type\":\"ImageObject\",\"inLanguage\":\"tr\",\"@id\":\"https:\/\/epochtimestr.com\/#\/schema\/logo\/image\/\",\"url\":\"https:\/\/epochtimestr.com\/wp-content\/uploads\/2011y\/ET-Logo-YG.jpg\",\"contentUrl\":\"https:\/\/epochtimestr.com\/wp-content\/uploads\/2011y\/ET-Logo-YG.jpg\",\"width\":346,\"height\":29,\"caption\":\"The EpochTimes T\u00fcrkiye\"},\"image\":{\"@id\":\"https:\/\/epochtimestr.com\/#\/schema\/logo\/image\/\"},\"sameAs\":[\"https:\/\/www.facebook.com\/theepochtimestr\",\"https:\/\/x.com\/TheEpochTimesTR\",\"https:\/\/www.instagram.com\/epochtimestr\"]},{\"@type\":\"Person\",\"@id\":\"https:\/\/epochtimestr.com\/#\/schema\/person\/5fef218711d76d8f232b0e1f1d7e4c0d\",\"name\":\"Leo Bajelan\",\"image\":{\"@type\":\"ImageObject\",\"inLanguage\":\"tr\",\"@id\":\"https:\/\/epochtimestr.com\/#\/schema\/person\/image\/\",\"url\":\"https:\/\/secure.gravatar.com\/avatar\/917669146f489549e548a2e9af272df5?s=96&d=mm&r=g\",\"contentUrl\":\"https:\/\/secure.gravatar.com\/avatar\/917669146f489549e548a2e9af272df5?s=96&d=mm&r=g\",\"caption\":\"Leo Bajelan\"},\"url\":\"https:\/\/epochtimestr.com\/index.php\/author\/leo\"}]}<\/script>\n<!-- \/ Yoast SEO plugin. -->","yoast_head_json":{"title":"Venezuela Muhalefet Liderinden Enerji Yat\u0131r\u0131m\u0131 \u00c7a\u011fr\u0131s\u0131 - The Epoch Times TR","description":"Venezuela muhalefet lideri Machado, enerji yat\u0131r\u0131mc\u0131lar\u0131na \u00e7a\u011fr\u0131 yapt\u0131. Yeni d\u00f6nemde d\u00fc\u015f\u00fck maliyet ve uzun vadeli f\u0131rsatlar sunulacak.","robots":{"index":"index","follow":"follow","max-snippet":"max-snippet:-1","max-image-preview":"max-image-preview:large","max-video-preview":"max-video-preview:-1"},"canonical":"https:\/\/epochtimestr.com\/index.php\/venezuela-muhalefet-liderinden-enerji-yatirimi-cagrisi","og_locale":"tr_TR","og_type":"article","og_title":"Venezuela Muhalefet Liderinden Enerji Yat\u0131r\u0131m\u0131 \u00c7a\u011fr\u0131s\u0131 - The Epoch Times TR","og_description":"Venezuela muhalefet lideri Machado, enerji yat\u0131r\u0131mc\u0131lar\u0131na \u00e7a\u011fr\u0131 yapt\u0131. Yeni d\u00f6nemde d\u00fc\u015f\u00fck maliyet ve uzun vadeli f\u0131rsatlar sunulacak.","og_url":"https:\/\/epochtimestr.com\/index.php\/venezuela-muhalefet-liderinden-enerji-yatirimi-cagrisi","og_site_name":"The Epoch Times TR","article_publisher":"https:\/\/www.facebook.com\/theepochtimestr","article_published_time":"2026-03-25T09:41:53+00:00","article_modified_time":"2026-03-25T09:41:56+00:00","og_image":[{"width":960,"height":640,"url":"https:\/\/epochtimestr.com\/wp-content\/uploads\/2011y\/image-354.png","type":"image\/png"}],"author":"Leo Bajelan","twitter_card":"summary_large_image","twitter_creator":"@TheEpochTimesTR","twitter_site":"@TheEpochTimesTR","twitter_misc":{"Yazan:":"Leo Bajelan","Tahmini okuma s\u00fcresi":"2 dakika"},"schema":{"@context":"https:\/\/schema.org","@graph":[{"@type":"Article","@id":"https:\/\/epochtimestr.com\/index.php\/venezuela-muhalefet-liderinden-enerji-yatirimi-cagrisi#article","isPartOf":{"@id":"https:\/\/epochtimestr.com\/index.php\/venezuela-muhalefet-liderinden-enerji-yatirimi-cagrisi"},"author":{"name":"Leo Bajelan","@id":"https:\/\/epochtimestr.com\/#\/schema\/person\/5fef218711d76d8f232b0e1f1d7e4c0d"},"headline":"Venezuela Muhalefet Liderinden Enerji Yat\u0131r\u0131m\u0131 \u00c7a\u011fr\u0131s\u0131","datePublished":"2026-03-25T09:41:53+00:00","dateModified":"2026-03-25T09:41:56+00:00","mainEntityOfPage":{"@id":"https:\/\/epochtimestr.com\/index.php\/venezuela-muhalefet-liderinden-enerji-yatirimi-cagrisi"},"wordCount":370,"commentCount":0,"publisher":{"@id":"https:\/\/epochtimestr.com\/#organization"},"image":{"@id":"https:\/\/epochtimestr.com\/index.php\/venezuela-muhalefet-liderinden-enerji-yatirimi-cagrisi#primaryimage"},"thumbnailUrl":"https:\/\/epochtimestr.com\/wp-content\/uploads\/2011y\/image-354.png","keywords":["CERAWeek konferans\u0131","G\u00fcney amerika","i\u015f birli\u011fi","Maduro","Marina Corina Machado","uluslararas\u0131 yat\u0131r\u0131mc\u0131lar","venezuela","Venezuela enerji yat\u0131r\u0131m\u0131","Yat\u0131r\u0131m"],"articleSection":["D\u00dcNYA","G\u00dcNDEM","MAN\u015eET"],"inLanguage":"tr","potentialAction":[{"@type":"CommentAction","name":"Comment","target":["https:\/\/epochtimestr.com\/index.php\/venezuela-muhalefet-liderinden-enerji-yatirimi-cagrisi#respond"]}]},{"@type":"WebPage","@id":"https:\/\/epochtimestr.com\/index.php\/venezuela-muhalefet-liderinden-enerji-yatirimi-cagrisi","url":"https:\/\/epochtimestr.com\/index.php\/venezuela-muhalefet-liderinden-enerji-yatirimi-cagrisi","name":"Venezuela Muhalefet Liderinden Enerji Yat\u0131r\u0131m\u0131 \u00c7a\u011fr\u0131s\u0131 - The Epoch Times TR","isPartOf":{"@id":"https:\/\/epochtimestr.com\/#website"},"primaryImageOfPage":{"@id":"https:\/\/epochtimestr.com\/index.php\/venezuela-muhalefet-liderinden-enerji-yatirimi-cagrisi#primaryimage"},"image":{"@id":"https:\/\/epochtimestr.com\/index.php\/venezuela-muhalefet-liderinden-enerji-yatirimi-cagrisi#primaryimage"},"thumbnailUrl":"https:\/\/epochtimestr.com\/wp-content\/uploads\/2011y\/image-354.png","datePublished":"2026-03-25T09:41:53+00:00","dateModified":"2026-03-25T09:41:56+00:00","description":"Venezuela muhalefet lideri Machado, enerji yat\u0131r\u0131mc\u0131lar\u0131na \u00e7a\u011fr\u0131 yapt\u0131. Yeni d\u00f6nemde d\u00fc\u015f\u00fck maliyet ve uzun vadeli f\u0131rsatlar sunulacak.","inLanguage":"tr","potentialAction":[{"@type":"ReadAction","target":["https:\/\/epochtimestr.com\/index.php\/venezuela-muhalefet-liderinden-enerji-yatirimi-cagrisi"]}]},{"@type":"ImageObject","inLanguage":"tr","@id":"https:\/\/epochtimestr.com\/index.php\/venezuela-muhalefet-liderinden-enerji-yatirimi-cagrisi#primaryimage","url":"https:\/\/epochtimestr.com\/wp-content\/uploads\/2011y\/image-354.png","contentUrl":"https:\/\/epochtimestr.com\/wp-content\/uploads\/2011y\/image-354.png","width":960,"height":640},{"@type":"WebSite","@id":"https:\/\/epochtimestr.com\/#website","url":"https:\/\/epochtimestr.com\/","name":"The Epoch Times TR","description":"De\u011fi\u015fen D\u00fcnyam\u0131za Taze Bir Bak\u0131\u015f","publisher":{"@id":"https:\/\/epochtimestr.com\/#organization"},"potentialAction":[{"@type":"SearchAction","target":{"@type":"EntryPoint","urlTemplate":"https:\/\/epochtimestr.com\/?s={search_term_string}"},"query-input":"required name=search_term_string"}],"inLanguage":"tr"},{"@type":"Organization","@id":"https:\/\/epochtimestr.com\/#organization","name":"The EpochTimes T\u00fcrkiye","url":"https:\/\/epochtimestr.com\/","logo":{"@type":"ImageObject","inLanguage":"tr","@id":"https:\/\/epochtimestr.com\/#\/schema\/logo\/image\/","url":"https:\/\/epochtimestr.com\/wp-content\/uploads\/2011y\/ET-Logo-YG.jpg","contentUrl":"https:\/\/epochtimestr.com\/wp-content\/uploads\/2011y\/ET-Logo-YG.jpg","width":346,"height":29,"caption":"The EpochTimes T\u00fcrkiye"},"image":{"@id":"https:\/\/epochtimestr.com\/#\/schema\/logo\/image\/"},"sameAs":["https:\/\/www.facebook.com\/theepochtimestr","https:\/\/x.com\/TheEpochTimesTR","https:\/\/www.instagram.com\/epochtimestr"]},{"@type":"Person","@id":"https:\/\/epochtimestr.com\/#\/schema\/person\/5fef218711d76d8f232b0e1f1d7e4c0d","name":"Leo Bajelan","image":{"@type":"ImageObject","inLanguage":"tr","@id":"https:\/\/epochtimestr.com\/#\/schema\/person\/image\/","url":"https:\/\/secure.gravatar.com\/avatar\/917669146f489549e548a2e9af272df5?s=96&d=mm&r=g","contentUrl":"https:\/\/secure.gravatar.com\/avatar\/917669146f489549e548a2e9af272df5?s=96&d=mm&r=g","caption":"Leo Bajelan"},"url":"https:\/\/epochtimestr.com\/index.php\/author\/leo"}]}},"_links":{"self":[{"href":"https:\/\/epochtimestr.com\/index.php\/wp-json\/wp\/v2\/posts\/166426"}],"collection":[{"href":"https:\/\/epochtimestr.com\/index.php\/wp-json\/wp\/v2\/posts"}],"about":[{"href":"https:\/\/epochtimestr.com\/index.php\/wp-json\/wp\/v2\/types\/post"}],"author":[{"embeddable":true,"href":"https:\/\/epochtimestr.com\/index.php\/wp-json\/wp\/v2\/users\/13996"}],"replies":[{"embeddable":true,"href":"https:\/\/epochtimestr.com\/index.php\/wp-json\/wp\/v2\/comments?post=166426"}],"version-history":[{"count":2,"href":"https:\/\/epochtimestr.com\/index.php\/wp-json\/wp\/v2\/posts\/166426\/revisions"}],"predecessor-version":[{"id":166437,"href":"https:\/\/epochtimestr.com\/index.php\/wp-json\/wp\/v2\/posts\/166426\/revisions\/166437"}],"wp:featuredmedia":[{"embeddable":true,"href":"https:\/\/epochtimestr.com\/index.php\/wp-json\/wp\/v2\/media\/166435"}],"wp:attachment":[{"href":"https:\/\/epochtimestr.com\/index.php\/wp-json\/wp\/v2\/media?parent=166426"}],"wp:term":[{"taxonomy":"category","embeddable":true,"href":"https:\/\/epochtimestr.com\/index.php\/wp-json\/wp\/v2\/categories?post=166426"},{"taxonomy":"post_tag","embeddable":true,"href":"https:\/\/epochtimestr.com\/index.php\/wp-json\/wp\/v2\/tags?post=166426"}],"curies":[{"name":"wp","href":"https:\/\/api.w.org\/{rel}","templated":true}]}}