{"id":166432,"date":"2026-03-25T13:34:18","date_gmt":"2026-03-25T10:34:18","guid":{"rendered":"https:\/\/epochtimestr.com\/?p=166432"},"modified":"2026-03-25T13:34:20","modified_gmt":"2026-03-25T10:34:20","slug":"slovenya-yakit-satisina-kisitlama-getirdi","status":"publish","type":"post","link":"https:\/\/epochtimestr.com\/index.php\/slovenya-yakit-satisina-kisitlama-getirdi","title":{"rendered":"Slovenya Yak\u0131t Sat\u0131\u015f\u0131na K\u0131s\u0131tlama Getirdi"},"content":{"rendered":"<div class=\"wp-block-image\">\n<figure class=\"aligncenter size-full\"><img loading=\"lazy\" decoding=\"async\" width=\"1200\" height=\"800\" src=\"https:\/\/epochtimestr.com\/wp-content\/uploads\/2011y\/1000035343.jpg\" alt=\"\u00c7o\u011funlu\u011fu \u0130talyan s\u00fcr\u00fcc\u00fcler, daha d\u00fc\u015f\u00fck fiyata yak\u0131t almak i\u00e7in bir akaryak\u0131t istasyonunda ara\u00e7lar\u0131yla kuyrukta bekliyor. 16 Mart 2022, Slovenya-\u0130talya s\u0131n\u0131r\u0131 yak\u0131n\u0131, Dobrovo. (Foto\u011fraf: The Epoch Times arac\u0131yla, Jure Makovec, AFP - Getty Images)\" class=\"wp-image-166433\" srcset=\"https:\/\/epochtimestr.com\/wp-content\/uploads\/2011y\/1000035343.jpg 1200w, https:\/\/epochtimestr.com\/wp-content\/uploads\/2011y\/1000035343-300x200.jpg 300w, https:\/\/epochtimestr.com\/wp-content\/uploads\/2011y\/1000035343-150x100.jpg 150w, https:\/\/epochtimestr.com\/wp-content\/uploads\/2011y\/1000035343-768x512.jpg 768w\" sizes=\"(max-width: 1200px) 100vw, 1200px\" \/><figcaption class=\"wp-element-caption\">\u00c7o\u011funlu\u011fu \u0130talyan s\u00fcr\u00fcc\u00fcler, daha d\u00fc\u015f\u00fck fiyata yak\u0131t almak i\u00e7in bir akaryak\u0131t istasyonunda ara\u00e7lar\u0131yla kuyrukta bekliyor. 16 Mart 2022, Slovenya-\u0130talya s\u0131n\u0131r\u0131 yak\u0131n\u0131, Dobrovo. (Foto\u011fraf: The Epoch Times arac\u0131yla, Jure Makovec, AFP &#8211; Getty Images)<\/figcaption><\/figure><\/div>\n\n\n<p>Slovenya h\u00fck\u00fcmeti, yak\u0131t s\u0131k\u0131nt\u0131s\u0131 nedeniyle artan talep ve arz sorunlar\u0131na kar\u015f\u0131 <a href=\"https:\/\/www.theepochtimes.com\/world\/slovenia-deploys-army-as-it-becomes-first-in-eu-to-ration-fuel-6003004\" target=\"_blank\" rel=\"noreferrer noopener\">22 Mart 2026 tarihinde<\/a> sat\u0131\u015flara s\u0131n\u0131r getirdi. Ba\u015fbakan Robert Golob, g\u00fcnl\u00fck en fazla al\u0131m miktar\u0131n\u0131 bireysel ara\u00e7lar i\u00e7in 50 litre,  \u015firketler ve \u00f6ncelikli sekt\u00f6rler i\u00e7in 200 litre olarak a\u00e7\u0131klad\u0131. H\u00fck\u00fcmet ayr\u0131ca da\u011f\u0131t\u0131m zincirinin g\u00fc\u00e7lendirilmesi ve yak\u0131t sevkiyat\u0131n\u0131 h\u0131zland\u0131rmak i\u00e7in orduyu devreye soktu. <\/p>\n\n\n\n<p>Yetkililer, s\u0131n\u0131r b\u00f6lgelerinde yo\u011funluk ya\u015fand\u0131\u011f\u0131n\u0131 bildirdi. \u00d6zellikle \u0130talya\u2019dan gelen s\u00fcr\u00fcc\u00fclerin, daha ucuz yak\u0131t i\u00e7in \u00fclkeye girmesi, istasyonlarda yak\u0131t\u0131n h\u0131zl\u0131 t\u00fckenmesine yol a\u00e7t\u0131. \u00d6te yandan devlet haber ajans\u0131 STA, fiyatlar\u0131n artaca\u011f\u0131n\u0131, yeni fiyatlar\u0131n haftal\u0131k olarak belirlenece\u011fini duyurdu. H\u00fck\u00fcmet, bu sistemi ge\u00e7ici olarak uygulayacak.<\/p>\n\n\n\n<p>\u00dclkenin en b\u00fcy\u00fck akaryak\u0131t da\u011f\u0131t\u0131m \u015firketi Petrol, ele\u015ftirilerin hedefinde yer ald\u0131. H\u00fck\u00fcmet, \u015firketi tedarik sorunlar\u0131ndan sorumlu tutarken, \u015firket talepte ani art\u0131\u015f\u0131n etkili oldu\u011funu a\u00e7\u0131klad\u0131.<\/p>\n\n\n\n<p>\u0130ran kaynakl\u0131 gerilimin enerji ak\u0131\u015f\u0131n\u0131 etkilemesi ve ayr\u0131ca H\u00fcrm\u00fcz Bo\u011faz\u0131\u2019ndaki aksakl\u0131klar piyasay\u0131 zorlad\u0131. Bu nedenle arz bask\u0131s\u0131 artarken, k\u00fcresel geli\u015fmeler de krizi derinle\u015ftirdi. Slovenya yak\u0131t k\u0131s\u0131tlamas\u0131, Avrupa\u2019da ilk \u00f6rnek olarak dikkat \u00e7ekerken di\u011fer \u00fclkeler de benzer risklerle kar\u015f\u0131 kar\u015f\u0131ya.<\/p>\n\n\n\n<p>Benzer ad\u0131mlar atan \u00fclkeler aras\u0131nda Banglade\u015f, 06 Mart 2026 tarihinde g\u00fcnl\u00fck sat\u0131\u015flar\u0131 s\u0131n\u0131rlad\u0131. Ayr\u0131ca Sri Lanka da, 15 Mart 2026\u2019da QR kod sistemi ba\u015flatt\u0131. Bununla birlikte Filipinler ve Pakistan <a href=\"https:\/\/epochtimestr.com\/index.php\/kubada-enerji-krizi-nedeniyle-genis-capli-elektrik-kesintisi\" target=\"_blank\" rel=\"noreferrer noopener\">enerji tasarrufu <\/a>\u00f6nlemleri ald\u0131. \u00c7al\u0131\u015fma s\u00fcreleri k\u0131salt\u0131ld\u0131 ve uzaktan \u00e7al\u0131\u015fma te\u015fvik edildi.<\/p>\n\n\n\n<p>G\u00fcney Kore h\u00fck\u00fcmeti ise farkl\u0131 bir yol izleyerek, t\u00fcketimi azaltmaya y\u00f6nelik \u00e7a\u011fr\u0131lar yapt\u0131. Buna kar\u015f\u0131n do\u011frudan k\u0131s\u0131tlama uygulanmad\u0131.<\/p>\n\n\n\n<p>Son olarak uzmanlar, arz sorunlar\u0131n\u0131n s\u00fcrebilece\u011fini, bu nedenle yeni \u00f6nlemlerin g\u00fcndeme gelebilece\u011fini belirtiyor. Slovenya yak\u0131t k\u0131s\u0131tlamas\u0131, bu s\u00fcrecin \u00f6nemli bir \u00f6rne\u011fi olarak \u00f6ne \u00e7\u0131k\u0131yor.<\/p>\n","protected":false},"excerpt":{"rendered":"<p>Slovenya h\u00fck\u00fcmeti, yak\u0131t s\u0131k\u0131nt\u0131s\u0131 nedeniyle artan talep ve arz sorunlar\u0131na kar\u015f\u0131 22 Mart 2026 tarihinde sat\u0131\u015flara s\u0131n\u0131r getirdi. Ba\u015fbakan Robert Golob, g\u00fcnl\u00fck en fazla al\u0131m miktar\u0131n\u0131 bireysel ara\u00e7lar i\u00e7in 50 litre, \u015firketler ve \u00f6ncelikli sekt\u00f6rler i\u00e7in 200 litre olarak a\u00e7\u0131klad\u0131. H\u00fck\u00fcmet ayr\u0131ca da\u011f\u0131t\u0131m zincirinin g\u00fc\u00e7lendirilmesi ve yak\u0131t sevkiyat\u0131n\u0131 h\u0131zland\u0131rmak i\u00e7in orduyu devreye soktu. Yetkililer, s\u0131n\u0131r [&hellip;]<\/p>\n","protected":false},"author":13996,"featured_media":166433,"comment_status":"open","ping_status":"open","sticky":false,"template":"","format":"standard","meta":{"_yoast_wpseo_focuskw":"Slovenya - yak\u0131t","_yoast_wpseo_title":"","_yoast_wpseo_metadesc":"Slovenya yak\u0131t k\u0131s\u0131tlamas\u0131 karar\u0131 ald\u0131. H\u00fck\u00fcmet, artan talep ve k\u00fcresel kriz nedeniyle sat\u0131\u015flara s\u0131n\u0131r getirdi, orduyu devreye soktu.","_bbp_topic_count":0,"_bbp_reply_count":0,"_bbp_total_topic_count":0,"_bbp_total_reply_count":0,"_bbp_voice_count":0,"_bbp_anonymous_reply_count":0,"_bbp_topic_count_hidden":0,"_bbp_reply_count_hidden":0,"_bbp_forum_subforum_count":0,"footnotes":"","_yoast_wpseo_focuskw_text_input":""},"categories":[5,1],"tags":[11107,11111,11109,11106,3307,11110,10136,11105,11108],"yoast_head":"<!-- This site is optimized with the Yoast SEO plugin v23.0 - https:\/\/yoast.com\/wordpress\/plugins\/seo\/ -->\n<title>Slovenya Yak\u0131t Sat\u0131\u015f\u0131na K\u0131s\u0131tlama Getirdi - The Epoch Times TR<\/title>\n<meta name=\"description\" content=\"Slovenya yak\u0131t k\u0131s\u0131tlamas\u0131 karar\u0131 ald\u0131. H\u00fck\u00fcmet, artan talep ve k\u00fcresel kriz nedeniyle sat\u0131\u015flara s\u0131n\u0131r getirdi, orduyu devreye soktu.\" \/>\n<meta name=\"robots\" content=\"index, follow, max-snippet:-1, max-image-preview:large, max-video-preview:-1\" \/>\n<link rel=\"canonical\" href=\"https:\/\/epochtimestr.com\/index.php\/slovenya-yakit-satisina-kisitlama-getirdi\" \/>\n<meta property=\"og:locale\" content=\"tr_TR\" \/>\n<meta property=\"og:type\" content=\"article\" \/>\n<meta property=\"og:title\" content=\"Slovenya Yak\u0131t Sat\u0131\u015f\u0131na K\u0131s\u0131tlama Getirdi - The Epoch Times TR\" \/>\n<meta property=\"og:description\" content=\"Slovenya yak\u0131t k\u0131s\u0131tlamas\u0131 karar\u0131 ald\u0131. H\u00fck\u00fcmet, artan talep ve k\u00fcresel kriz nedeniyle sat\u0131\u015flara s\u0131n\u0131r getirdi, orduyu devreye soktu.\" \/>\n<meta property=\"og:url\" content=\"https:\/\/epochtimestr.com\/index.php\/slovenya-yakit-satisina-kisitlama-getirdi\" \/>\n<meta property=\"og:site_name\" content=\"The Epoch Times TR\" \/>\n<meta property=\"article:publisher\" content=\"https:\/\/www.facebook.com\/theepochtimestr\" \/>\n<meta property=\"article:published_time\" content=\"2026-03-25T10:34:18+00:00\" \/>\n<meta property=\"article:modified_time\" content=\"2026-03-25T10:34:20+00:00\" \/>\n<meta property=\"og:image\" content=\"https:\/\/epochtimestr.com\/wp-content\/uploads\/2011y\/1000035343.jpg\" \/>\n\t<meta property=\"og:image:width\" content=\"1200\" \/>\n\t<meta property=\"og:image:height\" content=\"800\" \/>\n\t<meta property=\"og:image:type\" content=\"image\/jpeg\" \/>\n<meta name=\"author\" content=\"Leo Bajelan\" \/>\n<meta name=\"twitter:card\" content=\"summary_large_image\" \/>\n<meta name=\"twitter:creator\" content=\"@TheEpochTimesTR\" \/>\n<meta name=\"twitter:site\" content=\"@TheEpochTimesTR\" \/>\n<meta name=\"twitter:label1\" content=\"Yazan:\" \/>\n\t<meta name=\"twitter:data1\" content=\"Leo Bajelan\" \/>\n\t<meta name=\"twitter:label2\" content=\"Tahmini okuma s\u00fcresi\" \/>\n\t<meta name=\"twitter:data2\" content=\"3 dakika\" \/>\n<script type=\"application\/ld+json\" class=\"yoast-schema-graph\">{\"@context\":\"https:\/\/schema.org\",\"@graph\":[{\"@type\":\"Article\",\"@id\":\"https:\/\/epochtimestr.com\/index.php\/slovenya-yakit-satisina-kisitlama-getirdi#article\",\"isPartOf\":{\"@id\":\"https:\/\/epochtimestr.com\/index.php\/slovenya-yakit-satisina-kisitlama-getirdi\"},\"author\":{\"name\":\"Leo Bajelan\",\"@id\":\"https:\/\/epochtimestr.com\/#\/schema\/person\/5fef218711d76d8f232b0e1f1d7e4c0d\"},\"headline\":\"Slovenya Yak\u0131t Sat\u0131\u015f\u0131na K\u0131s\u0131tlama Getirdi\",\"datePublished\":\"2026-03-25T10:34:18+00:00\",\"dateModified\":\"2026-03-25T10:34:20+00:00\",\"mainEntityOfPage\":{\"@id\":\"https:\/\/epochtimestr.com\/index.php\/slovenya-yakit-satisina-kisitlama-getirdi\"},\"wordCount\":414,\"commentCount\":0,\"publisher\":{\"@id\":\"https:\/\/epochtimestr.com\/#organization\"},\"image\":{\"@id\":\"https:\/\/epochtimestr.com\/index.php\/slovenya-yakit-satisina-kisitlama-getirdi#primaryimage\"},\"thumbnailUrl\":\"https:\/\/epochtimestr.com\/wp-content\/uploads\/2011y\/1000035343.jpg\",\"keywords\":[\"arz sorunlar\u0131\",\"enerji ak\u0131\u015f\u0131\",\"enerji tasarrufu\",\"Robert Golob\",\"slovenya\",\"yak\u0131t k\u0131s\u0131tlamas\u0131\",\"Yak\u0131t sevkiyat\u0131\",\"yak\u0131t s\u0131k\u0131nt\u0131s\u0131\",\"yeni \u00f6nlemler\"],\"articleSection\":[\"D\u00dcNYA\",\"G\u00dcNDEM\"],\"inLanguage\":\"tr\",\"potentialAction\":[{\"@type\":\"CommentAction\",\"name\":\"Comment\",\"target\":[\"https:\/\/epochtimestr.com\/index.php\/slovenya-yakit-satisina-kisitlama-getirdi#respond\"]}]},{\"@type\":\"WebPage\",\"@id\":\"https:\/\/epochtimestr.com\/index.php\/slovenya-yakit-satisina-kisitlama-getirdi\",\"url\":\"https:\/\/epochtimestr.com\/index.php\/slovenya-yakit-satisina-kisitlama-getirdi\",\"name\":\"Slovenya Yak\u0131t Sat\u0131\u015f\u0131na K\u0131s\u0131tlama Getirdi - The Epoch Times TR\",\"isPartOf\":{\"@id\":\"https:\/\/epochtimestr.com\/#website\"},\"primaryImageOfPage\":{\"@id\":\"https:\/\/epochtimestr.com\/index.php\/slovenya-yakit-satisina-kisitlama-getirdi#primaryimage\"},\"image\":{\"@id\":\"https:\/\/epochtimestr.com\/index.php\/slovenya-yakit-satisina-kisitlama-getirdi#primaryimage\"},\"thumbnailUrl\":\"https:\/\/epochtimestr.com\/wp-content\/uploads\/2011y\/1000035343.jpg\",\"datePublished\":\"2026-03-25T10:34:18+00:00\",\"dateModified\":\"2026-03-25T10:34:20+00:00\",\"description\":\"Slovenya yak\u0131t k\u0131s\u0131tlamas\u0131 karar\u0131 ald\u0131. H\u00fck\u00fcmet, artan talep ve k\u00fcresel kriz nedeniyle sat\u0131\u015flara s\u0131n\u0131r getirdi, orduyu devreye soktu.\",\"inLanguage\":\"tr\",\"potentialAction\":[{\"@type\":\"ReadAction\",\"target\":[\"https:\/\/epochtimestr.com\/index.php\/slovenya-yakit-satisina-kisitlama-getirdi\"]}]},{\"@type\":\"ImageObject\",\"inLanguage\":\"tr\",\"@id\":\"https:\/\/epochtimestr.com\/index.php\/slovenya-yakit-satisina-kisitlama-getirdi#primaryimage\",\"url\":\"https:\/\/epochtimestr.com\/wp-content\/uploads\/2011y\/1000035343.jpg\",\"contentUrl\":\"https:\/\/epochtimestr.com\/wp-content\/uploads\/2011y\/1000035343.jpg\",\"width\":1200,\"height\":800},{\"@type\":\"WebSite\",\"@id\":\"https:\/\/epochtimestr.com\/#website\",\"url\":\"https:\/\/epochtimestr.com\/\",\"name\":\"The Epoch Times TR\",\"description\":\"De\u011fi\u015fen D\u00fcnyam\u0131za Taze Bir Bak\u0131\u015f\",\"publisher\":{\"@id\":\"https:\/\/epochtimestr.com\/#organization\"},\"potentialAction\":[{\"@type\":\"SearchAction\",\"target\":{\"@type\":\"EntryPoint\",\"urlTemplate\":\"https:\/\/epochtimestr.com\/?s={search_term_string}\"},\"query-input\":\"required name=search_term_string\"}],\"inLanguage\":\"tr\"},{\"@type\":\"Organization\",\"@id\":\"https:\/\/epochtimestr.com\/#organization\",\"name\":\"The EpochTimes T\u00fcrkiye\",\"url\":\"https:\/\/epochtimestr.com\/\",\"logo\":{\"@type\":\"ImageObject\",\"inLanguage\":\"tr\",\"@id\":\"https:\/\/epochtimestr.com\/#\/schema\/logo\/image\/\",\"url\":\"https:\/\/epochtimestr.com\/wp-content\/uploads\/2011y\/ET-Logo-YG.jpg\",\"contentUrl\":\"https:\/\/epochtimestr.com\/wp-content\/uploads\/2011y\/ET-Logo-YG.jpg\",\"width\":346,\"height\":29,\"caption\":\"The EpochTimes T\u00fcrkiye\"},\"image\":{\"@id\":\"https:\/\/epochtimestr.com\/#\/schema\/logo\/image\/\"},\"sameAs\":[\"https:\/\/www.facebook.com\/theepochtimestr\",\"https:\/\/x.com\/TheEpochTimesTR\",\"https:\/\/www.instagram.com\/epochtimestr\"]},{\"@type\":\"Person\",\"@id\":\"https:\/\/epochtimestr.com\/#\/schema\/person\/5fef218711d76d8f232b0e1f1d7e4c0d\",\"name\":\"Leo Bajelan\",\"image\":{\"@type\":\"ImageObject\",\"inLanguage\":\"tr\",\"@id\":\"https:\/\/epochtimestr.com\/#\/schema\/person\/image\/\",\"url\":\"https:\/\/secure.gravatar.com\/avatar\/917669146f489549e548a2e9af272df5?s=96&d=mm&r=g\",\"contentUrl\":\"https:\/\/secure.gravatar.com\/avatar\/917669146f489549e548a2e9af272df5?s=96&d=mm&r=g\",\"caption\":\"Leo Bajelan\"},\"url\":\"https:\/\/epochtimestr.com\/index.php\/author\/leo\"}]}<\/script>\n<!-- \/ Yoast SEO plugin. -->","yoast_head_json":{"title":"Slovenya Yak\u0131t Sat\u0131\u015f\u0131na K\u0131s\u0131tlama Getirdi - The Epoch Times TR","description":"Slovenya yak\u0131t k\u0131s\u0131tlamas\u0131 karar\u0131 ald\u0131. H\u00fck\u00fcmet, artan talep ve k\u00fcresel kriz nedeniyle sat\u0131\u015flara s\u0131n\u0131r getirdi, orduyu devreye soktu.","robots":{"index":"index","follow":"follow","max-snippet":"max-snippet:-1","max-image-preview":"max-image-preview:large","max-video-preview":"max-video-preview:-1"},"canonical":"https:\/\/epochtimestr.com\/index.php\/slovenya-yakit-satisina-kisitlama-getirdi","og_locale":"tr_TR","og_type":"article","og_title":"Slovenya Yak\u0131t Sat\u0131\u015f\u0131na K\u0131s\u0131tlama Getirdi - The Epoch Times TR","og_description":"Slovenya yak\u0131t k\u0131s\u0131tlamas\u0131 karar\u0131 ald\u0131. H\u00fck\u00fcmet, artan talep ve k\u00fcresel kriz nedeniyle sat\u0131\u015flara s\u0131n\u0131r getirdi, orduyu devreye soktu.","og_url":"https:\/\/epochtimestr.com\/index.php\/slovenya-yakit-satisina-kisitlama-getirdi","og_site_name":"The Epoch Times TR","article_publisher":"https:\/\/www.facebook.com\/theepochtimestr","article_published_time":"2026-03-25T10:34:18+00:00","article_modified_time":"2026-03-25T10:34:20+00:00","og_image":[{"width":1200,"height":800,"url":"https:\/\/epochtimestr.com\/wp-content\/uploads\/2011y\/1000035343.jpg","type":"image\/jpeg"}],"author":"Leo Bajelan","twitter_card":"summary_large_image","twitter_creator":"@TheEpochTimesTR","twitter_site":"@TheEpochTimesTR","twitter_misc":{"Yazan:":"Leo Bajelan","Tahmini okuma s\u00fcresi":"3 dakika"},"schema":{"@context":"https:\/\/schema.org","@graph":[{"@type":"Article","@id":"https:\/\/epochtimestr.com\/index.php\/slovenya-yakit-satisina-kisitlama-getirdi#article","isPartOf":{"@id":"https:\/\/epochtimestr.com\/index.php\/slovenya-yakit-satisina-kisitlama-getirdi"},"author":{"name":"Leo Bajelan","@id":"https:\/\/epochtimestr.com\/#\/schema\/person\/5fef218711d76d8f232b0e1f1d7e4c0d"},"headline":"Slovenya Yak\u0131t Sat\u0131\u015f\u0131na K\u0131s\u0131tlama Getirdi","datePublished":"2026-03-25T10:34:18+00:00","dateModified":"2026-03-25T10:34:20+00:00","mainEntityOfPage":{"@id":"https:\/\/epochtimestr.com\/index.php\/slovenya-yakit-satisina-kisitlama-getirdi"},"wordCount":414,"commentCount":0,"publisher":{"@id":"https:\/\/epochtimestr.com\/#organization"},"image":{"@id":"https:\/\/epochtimestr.com\/index.php\/slovenya-yakit-satisina-kisitlama-getirdi#primaryimage"},"thumbnailUrl":"https:\/\/epochtimestr.com\/wp-content\/uploads\/2011y\/1000035343.jpg","keywords":["arz sorunlar\u0131","enerji ak\u0131\u015f\u0131","enerji tasarrufu","Robert Golob","slovenya","yak\u0131t k\u0131s\u0131tlamas\u0131","Yak\u0131t sevkiyat\u0131","yak\u0131t s\u0131k\u0131nt\u0131s\u0131","yeni \u00f6nlemler"],"articleSection":["D\u00dcNYA","G\u00dcNDEM"],"inLanguage":"tr","potentialAction":[{"@type":"CommentAction","name":"Comment","target":["https:\/\/epochtimestr.com\/index.php\/slovenya-yakit-satisina-kisitlama-getirdi#respond"]}]},{"@type":"WebPage","@id":"https:\/\/epochtimestr.com\/index.php\/slovenya-yakit-satisina-kisitlama-getirdi","url":"https:\/\/epochtimestr.com\/index.php\/slovenya-yakit-satisina-kisitlama-getirdi","name":"Slovenya Yak\u0131t Sat\u0131\u015f\u0131na K\u0131s\u0131tlama Getirdi - The Epoch Times TR","isPartOf":{"@id":"https:\/\/epochtimestr.com\/#website"},"primaryImageOfPage":{"@id":"https:\/\/epochtimestr.com\/index.php\/slovenya-yakit-satisina-kisitlama-getirdi#primaryimage"},"image":{"@id":"https:\/\/epochtimestr.com\/index.php\/slovenya-yakit-satisina-kisitlama-getirdi#primaryimage"},"thumbnailUrl":"https:\/\/epochtimestr.com\/wp-content\/uploads\/2011y\/1000035343.jpg","datePublished":"2026-03-25T10:34:18+00:00","dateModified":"2026-03-25T10:34:20+00:00","description":"Slovenya yak\u0131t k\u0131s\u0131tlamas\u0131 karar\u0131 ald\u0131. H\u00fck\u00fcmet, artan talep ve k\u00fcresel kriz nedeniyle sat\u0131\u015flara s\u0131n\u0131r getirdi, orduyu devreye soktu.","inLanguage":"tr","potentialAction":[{"@type":"ReadAction","target":["https:\/\/epochtimestr.com\/index.php\/slovenya-yakit-satisina-kisitlama-getirdi"]}]},{"@type":"ImageObject","inLanguage":"tr","@id":"https:\/\/epochtimestr.com\/index.php\/slovenya-yakit-satisina-kisitlama-getirdi#primaryimage","url":"https:\/\/epochtimestr.com\/wp-content\/uploads\/2011y\/1000035343.jpg","contentUrl":"https:\/\/epochtimestr.com\/wp-content\/uploads\/2011y\/1000035343.jpg","width":1200,"height":800},{"@type":"WebSite","@id":"https:\/\/epochtimestr.com\/#website","url":"https:\/\/epochtimestr.com\/","name":"The Epoch Times TR","description":"De\u011fi\u015fen D\u00fcnyam\u0131za Taze Bir Bak\u0131\u015f","publisher":{"@id":"https:\/\/epochtimestr.com\/#organization"},"potentialAction":[{"@type":"SearchAction","target":{"@type":"EntryPoint","urlTemplate":"https:\/\/epochtimestr.com\/?s={search_term_string}"},"query-input":"required name=search_term_string"}],"inLanguage":"tr"},{"@type":"Organization","@id":"https:\/\/epochtimestr.com\/#organization","name":"The EpochTimes T\u00fcrkiye","url":"https:\/\/epochtimestr.com\/","logo":{"@type":"ImageObject","inLanguage":"tr","@id":"https:\/\/epochtimestr.com\/#\/schema\/logo\/image\/","url":"https:\/\/epochtimestr.com\/wp-content\/uploads\/2011y\/ET-Logo-YG.jpg","contentUrl":"https:\/\/epochtimestr.com\/wp-content\/uploads\/2011y\/ET-Logo-YG.jpg","width":346,"height":29,"caption":"The EpochTimes T\u00fcrkiye"},"image":{"@id":"https:\/\/epochtimestr.com\/#\/schema\/logo\/image\/"},"sameAs":["https:\/\/www.facebook.com\/theepochtimestr","https:\/\/x.com\/TheEpochTimesTR","https:\/\/www.instagram.com\/epochtimestr"]},{"@type":"Person","@id":"https:\/\/epochtimestr.com\/#\/schema\/person\/5fef218711d76d8f232b0e1f1d7e4c0d","name":"Leo Bajelan","image":{"@type":"ImageObject","inLanguage":"tr","@id":"https:\/\/epochtimestr.com\/#\/schema\/person\/image\/","url":"https:\/\/secure.gravatar.com\/avatar\/917669146f489549e548a2e9af272df5?s=96&d=mm&r=g","contentUrl":"https:\/\/secure.gravatar.com\/avatar\/917669146f489549e548a2e9af272df5?s=96&d=mm&r=g","caption":"Leo Bajelan"},"url":"https:\/\/epochtimestr.com\/index.php\/author\/leo"}]}},"_links":{"self":[{"href":"https:\/\/epochtimestr.com\/index.php\/wp-json\/wp\/v2\/posts\/166432"}],"collection":[{"href":"https:\/\/epochtimestr.com\/index.php\/wp-json\/wp\/v2\/posts"}],"about":[{"href":"https:\/\/epochtimestr.com\/index.php\/wp-json\/wp\/v2\/types\/post"}],"author":[{"embeddable":true,"href":"https:\/\/epochtimestr.com\/index.php\/wp-json\/wp\/v2\/users\/13996"}],"replies":[{"embeddable":true,"href":"https:\/\/epochtimestr.com\/index.php\/wp-json\/wp\/v2\/comments?post=166432"}],"version-history":[{"count":2,"href":"https:\/\/epochtimestr.com\/index.php\/wp-json\/wp\/v2\/posts\/166432\/revisions"}],"predecessor-version":[{"id":166442,"href":"https:\/\/epochtimestr.com\/index.php\/wp-json\/wp\/v2\/posts\/166432\/revisions\/166442"}],"wp:featuredmedia":[{"embeddable":true,"href":"https:\/\/epochtimestr.com\/index.php\/wp-json\/wp\/v2\/media\/166433"}],"wp:attachment":[{"href":"https:\/\/epochtimestr.com\/index.php\/wp-json\/wp\/v2\/media?parent=166432"}],"wp:term":[{"taxonomy":"category","embeddable":true,"href":"https:\/\/epochtimestr.com\/index.php\/wp-json\/wp\/v2\/categories?post=166432"},{"taxonomy":"post_tag","embeddable":true,"href":"https:\/\/epochtimestr.com\/index.php\/wp-json\/wp\/v2\/tags?post=166432"}],"curies":[{"name":"wp","href":"https:\/\/api.w.org\/{rel}","templated":true}]}}