{"id":166448,"date":"2026-03-26T16:51:02","date_gmt":"2026-03-26T13:51:02","guid":{"rendered":"https:\/\/epochtimestr.com\/?p=166448"},"modified":"2026-03-26T16:51:04","modified_gmt":"2026-03-26T13:51:04","slug":"trump-iran-ile-muzakere-surecini-acikladi","status":"publish","type":"post","link":"https:\/\/epochtimestr.com\/index.php\/trump-iran-ile-muzakere-surecini-acikladi","title":{"rendered":"Trump \u0130ran \u0130le M\u00fczakere S\u00fcrecini A\u00e7\u0131klad\u0131"},"content":{"rendered":"<div class=\"wp-block-image\">\n<figure class=\"aligncenter size-full\"><img loading=\"lazy\" decoding=\"async\" width=\"1200\" height=\"800\" src=\"https:\/\/epochtimestr.com\/wp-content\/uploads\/2011y\/1000035377.webp\" alt=\"Trump \u0130ran m\u00fczakere s\u00fcreci hakk\u0131nda a\u00e7\u0131klama yapt\u0131. ABD Ba\u015fkan\u0131 Donald Trump, 20 Mart 2026 tarihinde Beyaz Saray\u2019dan ayr\u0131l\u0131yor. (Foto\u011fraf: Madalina Kilroy \/ The Epoch Times)\" class=\"wp-image-166449\" srcset=\"https:\/\/epochtimestr.com\/wp-content\/uploads\/2011y\/1000035377.webp 1200w, https:\/\/epochtimestr.com\/wp-content\/uploads\/2011y\/1000035377-300x200.webp 300w, https:\/\/epochtimestr.com\/wp-content\/uploads\/2011y\/1000035377-150x100.webp 150w, https:\/\/epochtimestr.com\/wp-content\/uploads\/2011y\/1000035377-768x512.webp 768w\" sizes=\"(max-width: 1200px) 100vw, 1200px\" \/><figcaption class=\"wp-element-caption\">Trump \u0130ran ile m\u00fczakere s\u00fcreci hakk\u0131nda a\u00e7\u0131klama yapt\u0131. ABD Ba\u015fkan\u0131 Donald Trump, 20 Mart 2026 tarihinde Beyaz Saray\u2019dan ayr\u0131l\u0131rken. (Foto\u011fraf: Madalina Kilroy, The Epoch Times)<\/figcaption><\/figure><\/div>\n\n\n<p>ABD Ba\u015fkan\u0131 Donald Trump, \u0130ran y\u00f6netiminin sava\u015f\u0131n sona ermesi i\u00e7in temas y\u00fcr\u00fctt\u00fc\u011f\u00fcn\u00fc s\u00f6yledi. Trump, Cumhuriyet\u00e7i ba\u011f\u0131\u015f etkinli\u011finde yapt\u0131\u011f\u0131 konu\u015fmada, \u0130ranl\u0131 yetkililerin anla\u015fma istedi\u011fini ifade etti. Ancak bunu a\u00e7\u0131k\u00e7a dile getirmekten \u00e7ekindiklerini ve i\u00e7 bask\u0131dan endi\u015fe ettiklerini belirtti. Ayr\u0131ca ABD\u2019nin askeri g\u00fcc\u00fcnden de \u00e7ekindiklerini de s\u00f6zlerine ekledi. Ancak Trump&#8217;\u0131n s\u00f6zleri, ayn\u0131 g\u00fcn i\u00e7inde gelen \u0130ran a\u00e7\u0131klamalar\u0131yla \u00e7eli\u015fiyor.<\/p>\n\n\n\n<p><a href=\"https:\/\/www.theepochtimes.com\/world\/trump-says-iranian-leaders-are-negotiating-want-to-make-a-deal-so-badly-6003880\" target=\"_blank\" rel=\"noreferrer noopener\">\u0130ran D\u0131\u015fi\u015fleri Bakan\u0131 Abbas Arak\u00e7i<\/a>, devlet televizyonuna yapt\u0131\u011f\u0131 a\u00e7\u0131klamada, y\u00fcr\u00fct\u00fclen temaslar\u0131n m\u00fczakere olmad\u0131\u011f\u0131n\u0131 s\u00f6yledi. Arak\u00e7i, mesajlar\u0131n arac\u0131 \u00fclkeler \u00fczerinden iletildi\u011fini ve bunun resmi bir diyalog anlam\u0131na gelmedi\u011fini belirtti.<\/p>\n\n\n\n<p>Bununla birlikte Beyaz Saray s\u00f6zc\u00fcs\u00fc Karoline Leavitt, temaslar\u0131n s\u00fcrd\u00fc\u011f\u00fcn\u00fc ve baz\u0131 haberlerin ger\u00e7e\u011fi yans\u0131tmad\u0131\u011f\u0131n\u0131 s\u00f6yledi. Ayr\u0131ca iddia edilen plan\u0131n t\u00fcm detaylar\u0131n\u0131n do\u011frulanmad\u0131\u011f\u0131n\u0131 belirtti. Leavitt, s\u00fcrecin hassas oldu\u011funu ve bu nedenle g\u00f6r\u00fc\u015fme detaylar\u0131n\u0131n payla\u015f\u0131lmad\u0131\u011f\u0131n\u0131 s\u00f6yledi. \u00d6te yandan Trump\u2019\u0131n bar\u0131\u015ftan yana oldu\u011funu da yineledi.<\/p>\n\n\n\n<p>ABD y\u00f6netimi, \u0130ran\u2019\u0131n askeri olarak zay\u0131flad\u0131\u011f\u0131n\u0131 savunurken buna kar\u015f\u0131n \u0130ran taraf\u0131 bu iddialar\u0131 reddetti. <a href=\"https:\/\/epochtimestr.com\/index.php\/hurmuz-bogazi-icin-korfez-devletleri-ile-iran-anlasmali\" target=\"_blank\" rel=\"noreferrer noopener\">\u0130ranl\u0131 yetkililer<\/a>, sava\u015f\u0131n kendi \u015fartlar\u0131yla sona erece\u011fini a\u00e7\u0131klad\u0131.<\/p>\n\n\n\n<p>\u0130ran, ABD\u2019nin sundu\u011fu \u00f6ne s\u00fcr\u00fclen 15 maddelik plan\u0131 kabul etmeyerek, bunun yerine be\u015f \u015fart i\u00e7eren kendi teklifini sundu. Bu s\u0131rada b\u00f6lgedeki gerilim devam etti; \u0130ran, \u0130srail\u2019e y\u00f6nelik sald\u0131r\u0131lar d\u00fczenledi. \u0130srail ise \u0130ran\u2019daki askeri hedefleri vurdu.<\/p>\n\n\n\n<p>ABD\u2019nin plan\u0131nda n\u00fckleer faaliyetlerin durdurulmas\u0131na ek olarak ayr\u0131ca f\u00fcze program\u0131n\u0131n s\u0131n\u0131rland\u0131r\u0131lmas\u0131 yer al\u0131yor. Buna kar\u015f\u0131n \u0130ran, sald\u0131r\u0131lar\u0131n durmas\u0131n\u0131 talep etti. Dolay\u0131s\u0131yla taraflar aras\u0131nda ciddi g\u00f6r\u00fc\u015f ayr\u0131l\u0131klar\u0131 s\u00fcr\u00fcyor.<\/p>\n\n\n\n<p>Trump daha \u00f6nce baz\u0131 ilerlemeler kaydedildi\u011fini s\u00f6ylemi\u015fti. Ancak \u0130ranl\u0131 yetkililer bu iddialar\u0131 reddetti. \u015eubat sonunda ba\u015flayan \u00e7at\u0131\u015fmalar s\u00fcrerken, petrol fiyatlar\u0131 geli\u015fmelere ba\u011fl\u0131 olarak dalgalan\u0131yor.<br \/><\/p>\n","protected":false},"excerpt":{"rendered":"<p>ABD Ba\u015fkan\u0131 Donald Trump, \u0130ran y\u00f6netiminin sava\u015f\u0131n sona ermesi i\u00e7in temas y\u00fcr\u00fctt\u00fc\u011f\u00fcn\u00fc s\u00f6yledi. Trump, Cumhuriyet\u00e7i ba\u011f\u0131\u015f etkinli\u011finde yapt\u0131\u011f\u0131 konu\u015fmada, \u0130ranl\u0131 yetkililerin anla\u015fma istedi\u011fini ifade etti. Ancak bunu a\u00e7\u0131k\u00e7a dile getirmekten \u00e7ekindiklerini ve i\u00e7 bask\u0131dan endi\u015fe ettiklerini belirtti. Ayr\u0131ca ABD\u2019nin askeri g\u00fcc\u00fcnden de \u00e7ekindiklerini de s\u00f6zlerine ekledi. Ancak Trump&#8217;\u0131n s\u00f6zleri, ayn\u0131 g\u00fcn i\u00e7inde gelen \u0130ran a\u00e7\u0131klamalar\u0131yla [&hellip;]<\/p>\n","protected":false},"author":13996,"featured_media":166449,"comment_status":"open","ping_status":"open","sticky":false,"template":"","format":"standard","meta":{"_yoast_wpseo_focuskw":"\u0130ran - m\u00fczakere","_yoast_wpseo_title":"","_yoast_wpseo_metadesc":"Trump \u0130ran ile m\u00fczakere s\u00fcreci hakk\u0131nda a\u00e7\u0131klama yapt\u0131. ABD ve \u0130ran aras\u0131nda temaslar s\u00fcrerken taraflar \u015fartlarda hen\u00fcz uzla\u015famad\u0131.","_bbp_topic_count":0,"_bbp_reply_count":0,"_bbp_total_topic_count":0,"_bbp_total_reply_count":0,"_bbp_voice_count":0,"_bbp_anonymous_reply_count":0,"_bbp_topic_count_hidden":0,"_bbp_reply_count_hidden":0,"_bbp_forum_subforum_count":0,"footnotes":"","_yoast_wpseo_focuskw_text_input":""},"categories":[5,1,8138],"tags":[11121,11118,11120,11122,11124,9938,11123,5764],"yoast_head":"<!-- This site is optimized with the Yoast SEO plugin v23.0 - https:\/\/yoast.com\/wordpress\/plugins\/seo\/ -->\n<title>Trump \u0130ran \u0130le M\u00fczakere S\u00fcrecini A\u00e7\u0131klad\u0131 - The Epoch Times TR<\/title>\n<meta name=\"description\" content=\"Trump \u0130ran ile m\u00fczakere s\u00fcreci hakk\u0131nda a\u00e7\u0131klama yapt\u0131. ABD ve \u0130ran aras\u0131nda temaslar s\u00fcrerken taraflar \u015fartlarda hen\u00fcz uzla\u015famad\u0131.\" \/>\n<meta name=\"robots\" content=\"index, follow, max-snippet:-1, max-image-preview:large, max-video-preview:-1\" \/>\n<link rel=\"canonical\" href=\"https:\/\/epochtimestr.com\/index.php\/trump-iran-ile-muzakere-surecini-acikladi\" \/>\n<meta property=\"og:locale\" content=\"tr_TR\" \/>\n<meta property=\"og:type\" content=\"article\" \/>\n<meta property=\"og:title\" content=\"Trump \u0130ran \u0130le M\u00fczakere S\u00fcrecini A\u00e7\u0131klad\u0131 - The Epoch Times TR\" \/>\n<meta property=\"og:description\" content=\"Trump \u0130ran ile m\u00fczakere s\u00fcreci hakk\u0131nda a\u00e7\u0131klama yapt\u0131. ABD ve \u0130ran aras\u0131nda temaslar s\u00fcrerken taraflar \u015fartlarda hen\u00fcz uzla\u015famad\u0131.\" \/>\n<meta property=\"og:url\" content=\"https:\/\/epochtimestr.com\/index.php\/trump-iran-ile-muzakere-surecini-acikladi\" \/>\n<meta property=\"og:site_name\" content=\"The Epoch Times TR\" \/>\n<meta property=\"article:publisher\" content=\"https:\/\/www.facebook.com\/theepochtimestr\" \/>\n<meta property=\"article:published_time\" content=\"2026-03-26T13:51:02+00:00\" \/>\n<meta property=\"article:modified_time\" content=\"2026-03-26T13:51:04+00:00\" \/>\n<meta property=\"og:image\" content=\"https:\/\/epochtimestr.com\/wp-content\/uploads\/2011y\/1000035377.webp\" \/>\n\t<meta property=\"og:image:width\" content=\"1200\" \/>\n\t<meta property=\"og:image:height\" content=\"800\" \/>\n\t<meta property=\"og:image:type\" content=\"image\/webp\" \/>\n<meta name=\"author\" content=\"Leo Bajelan\" \/>\n<meta name=\"twitter:card\" content=\"summary_large_image\" \/>\n<meta name=\"twitter:creator\" content=\"@TheEpochTimesTR\" \/>\n<meta name=\"twitter:site\" content=\"@TheEpochTimesTR\" \/>\n<meta name=\"twitter:label1\" content=\"Yazan:\" \/>\n\t<meta name=\"twitter:data1\" content=\"Leo Bajelan\" \/>\n\t<meta name=\"twitter:label2\" content=\"Tahmini okuma s\u00fcresi\" \/>\n\t<meta name=\"twitter:data2\" content=\"2 dakika\" \/>\n<script type=\"application\/ld+json\" class=\"yoast-schema-graph\">{\"@context\":\"https:\/\/schema.org\",\"@graph\":[{\"@type\":\"Article\",\"@id\":\"https:\/\/epochtimestr.com\/index.php\/trump-iran-ile-muzakere-surecini-acikladi#article\",\"isPartOf\":{\"@id\":\"https:\/\/epochtimestr.com\/index.php\/trump-iran-ile-muzakere-surecini-acikladi\"},\"author\":{\"name\":\"Leo Bajelan\",\"@id\":\"https:\/\/epochtimestr.com\/#\/schema\/person\/5fef218711d76d8f232b0e1f1d7e4c0d\"},\"headline\":\"Trump \u0130ran \u0130le M\u00fczakere S\u00fcrecini A\u00e7\u0131klad\u0131\",\"datePublished\":\"2026-03-26T13:51:02+00:00\",\"dateModified\":\"2026-03-26T13:51:04+00:00\",\"mainEntityOfPage\":{\"@id\":\"https:\/\/epochtimestr.com\/index.php\/trump-iran-ile-muzakere-surecini-acikladi\"},\"wordCount\":405,\"commentCount\":0,\"publisher\":{\"@id\":\"https:\/\/epochtimestr.com\/#organization\"},\"image\":{\"@id\":\"https:\/\/epochtimestr.com\/index.php\/trump-iran-ile-muzakere-surecini-acikladi#primaryimage\"},\"thumbnailUrl\":\"https:\/\/epochtimestr.com\/wp-content\/uploads\/2011y\/1000035377.webp\",\"keywords\":[\"15 maddelik plan\",\"ABD \u0130ran m\u00fczakereleri\",\"Arak\u00e7i\",\"be\u015f \u015fart\",\"f\u00fcze program\u0131n\u0131n s\u0131n\u0131rland\u0131r\u0131lmas\u0131\",\"Karoline Leavitt\",\"n\u00fckleer faaliyetlerin durdurulmas\u0131\",\"Trump\"],\"articleSection\":[\"D\u00dcNYA\",\"G\u00dcNDEM\",\"MAN\u015eET\"],\"inLanguage\":\"tr\",\"potentialAction\":[{\"@type\":\"CommentAction\",\"name\":\"Comment\",\"target\":[\"https:\/\/epochtimestr.com\/index.php\/trump-iran-ile-muzakere-surecini-acikladi#respond\"]}]},{\"@type\":\"WebPage\",\"@id\":\"https:\/\/epochtimestr.com\/index.php\/trump-iran-ile-muzakere-surecini-acikladi\",\"url\":\"https:\/\/epochtimestr.com\/index.php\/trump-iran-ile-muzakere-surecini-acikladi\",\"name\":\"Trump \u0130ran \u0130le M\u00fczakere S\u00fcrecini A\u00e7\u0131klad\u0131 - The Epoch Times TR\",\"isPartOf\":{\"@id\":\"https:\/\/epochtimestr.com\/#website\"},\"primaryImageOfPage\":{\"@id\":\"https:\/\/epochtimestr.com\/index.php\/trump-iran-ile-muzakere-surecini-acikladi#primaryimage\"},\"image\":{\"@id\":\"https:\/\/epochtimestr.com\/index.php\/trump-iran-ile-muzakere-surecini-acikladi#primaryimage\"},\"thumbnailUrl\":\"https:\/\/epochtimestr.com\/wp-content\/uploads\/2011y\/1000035377.webp\",\"datePublished\":\"2026-03-26T13:51:02+00:00\",\"dateModified\":\"2026-03-26T13:51:04+00:00\",\"description\":\"Trump \u0130ran ile m\u00fczakere s\u00fcreci hakk\u0131nda a\u00e7\u0131klama yapt\u0131. ABD ve \u0130ran aras\u0131nda temaslar s\u00fcrerken taraflar \u015fartlarda hen\u00fcz uzla\u015famad\u0131.\",\"inLanguage\":\"tr\",\"potentialAction\":[{\"@type\":\"ReadAction\",\"target\":[\"https:\/\/epochtimestr.com\/index.php\/trump-iran-ile-muzakere-surecini-acikladi\"]}]},{\"@type\":\"ImageObject\",\"inLanguage\":\"tr\",\"@id\":\"https:\/\/epochtimestr.com\/index.php\/trump-iran-ile-muzakere-surecini-acikladi#primaryimage\",\"url\":\"https:\/\/epochtimestr.com\/wp-content\/uploads\/2011y\/1000035377.webp\",\"contentUrl\":\"https:\/\/epochtimestr.com\/wp-content\/uploads\/2011y\/1000035377.webp\",\"width\":1200,\"height\":800},{\"@type\":\"WebSite\",\"@id\":\"https:\/\/epochtimestr.com\/#website\",\"url\":\"https:\/\/epochtimestr.com\/\",\"name\":\"The Epoch Times TR\",\"description\":\"De\u011fi\u015fen D\u00fcnyam\u0131za Taze Bir Bak\u0131\u015f\",\"publisher\":{\"@id\":\"https:\/\/epochtimestr.com\/#organization\"},\"potentialAction\":[{\"@type\":\"SearchAction\",\"target\":{\"@type\":\"EntryPoint\",\"urlTemplate\":\"https:\/\/epochtimestr.com\/?s={search_term_string}\"},\"query-input\":\"required name=search_term_string\"}],\"inLanguage\":\"tr\"},{\"@type\":\"Organization\",\"@id\":\"https:\/\/epochtimestr.com\/#organization\",\"name\":\"The EpochTimes T\u00fcrkiye\",\"url\":\"https:\/\/epochtimestr.com\/\",\"logo\":{\"@type\":\"ImageObject\",\"inLanguage\":\"tr\",\"@id\":\"https:\/\/epochtimestr.com\/#\/schema\/logo\/image\/\",\"url\":\"https:\/\/epochtimestr.com\/wp-content\/uploads\/2011y\/ET-Logo-YG.jpg\",\"contentUrl\":\"https:\/\/epochtimestr.com\/wp-content\/uploads\/2011y\/ET-Logo-YG.jpg\",\"width\":346,\"height\":29,\"caption\":\"The EpochTimes T\u00fcrkiye\"},\"image\":{\"@id\":\"https:\/\/epochtimestr.com\/#\/schema\/logo\/image\/\"},\"sameAs\":[\"https:\/\/www.facebook.com\/theepochtimestr\",\"https:\/\/x.com\/TheEpochTimesTR\",\"https:\/\/www.instagram.com\/epochtimestr\"]},{\"@type\":\"Person\",\"@id\":\"https:\/\/epochtimestr.com\/#\/schema\/person\/5fef218711d76d8f232b0e1f1d7e4c0d\",\"name\":\"Leo Bajelan\",\"image\":{\"@type\":\"ImageObject\",\"inLanguage\":\"tr\",\"@id\":\"https:\/\/epochtimestr.com\/#\/schema\/person\/image\/\",\"url\":\"https:\/\/secure.gravatar.com\/avatar\/917669146f489549e548a2e9af272df5?s=96&d=mm&r=g\",\"contentUrl\":\"https:\/\/secure.gravatar.com\/avatar\/917669146f489549e548a2e9af272df5?s=96&d=mm&r=g\",\"caption\":\"Leo Bajelan\"},\"url\":\"https:\/\/epochtimestr.com\/index.php\/author\/leo\"}]}<\/script>\n<!-- \/ Yoast SEO plugin. -->","yoast_head_json":{"title":"Trump \u0130ran \u0130le M\u00fczakere S\u00fcrecini A\u00e7\u0131klad\u0131 - The Epoch Times TR","description":"Trump \u0130ran ile m\u00fczakere s\u00fcreci hakk\u0131nda a\u00e7\u0131klama yapt\u0131. ABD ve \u0130ran aras\u0131nda temaslar s\u00fcrerken taraflar \u015fartlarda hen\u00fcz uzla\u015famad\u0131.","robots":{"index":"index","follow":"follow","max-snippet":"max-snippet:-1","max-image-preview":"max-image-preview:large","max-video-preview":"max-video-preview:-1"},"canonical":"https:\/\/epochtimestr.com\/index.php\/trump-iran-ile-muzakere-surecini-acikladi","og_locale":"tr_TR","og_type":"article","og_title":"Trump \u0130ran \u0130le M\u00fczakere S\u00fcrecini A\u00e7\u0131klad\u0131 - The Epoch Times TR","og_description":"Trump \u0130ran ile m\u00fczakere s\u00fcreci hakk\u0131nda a\u00e7\u0131klama yapt\u0131. ABD ve \u0130ran aras\u0131nda temaslar s\u00fcrerken taraflar \u015fartlarda hen\u00fcz uzla\u015famad\u0131.","og_url":"https:\/\/epochtimestr.com\/index.php\/trump-iran-ile-muzakere-surecini-acikladi","og_site_name":"The Epoch Times TR","article_publisher":"https:\/\/www.facebook.com\/theepochtimestr","article_published_time":"2026-03-26T13:51:02+00:00","article_modified_time":"2026-03-26T13:51:04+00:00","og_image":[{"width":1200,"height":800,"url":"https:\/\/epochtimestr.com\/wp-content\/uploads\/2011y\/1000035377.webp","type":"image\/webp"}],"author":"Leo Bajelan","twitter_card":"summary_large_image","twitter_creator":"@TheEpochTimesTR","twitter_site":"@TheEpochTimesTR","twitter_misc":{"Yazan:":"Leo Bajelan","Tahmini okuma s\u00fcresi":"2 dakika"},"schema":{"@context":"https:\/\/schema.org","@graph":[{"@type":"Article","@id":"https:\/\/epochtimestr.com\/index.php\/trump-iran-ile-muzakere-surecini-acikladi#article","isPartOf":{"@id":"https:\/\/epochtimestr.com\/index.php\/trump-iran-ile-muzakere-surecini-acikladi"},"author":{"name":"Leo Bajelan","@id":"https:\/\/epochtimestr.com\/#\/schema\/person\/5fef218711d76d8f232b0e1f1d7e4c0d"},"headline":"Trump \u0130ran \u0130le M\u00fczakere S\u00fcrecini A\u00e7\u0131klad\u0131","datePublished":"2026-03-26T13:51:02+00:00","dateModified":"2026-03-26T13:51:04+00:00","mainEntityOfPage":{"@id":"https:\/\/epochtimestr.com\/index.php\/trump-iran-ile-muzakere-surecini-acikladi"},"wordCount":405,"commentCount":0,"publisher":{"@id":"https:\/\/epochtimestr.com\/#organization"},"image":{"@id":"https:\/\/epochtimestr.com\/index.php\/trump-iran-ile-muzakere-surecini-acikladi#primaryimage"},"thumbnailUrl":"https:\/\/epochtimestr.com\/wp-content\/uploads\/2011y\/1000035377.webp","keywords":["15 maddelik plan","ABD \u0130ran m\u00fczakereleri","Arak\u00e7i","be\u015f \u015fart","f\u00fcze program\u0131n\u0131n s\u0131n\u0131rland\u0131r\u0131lmas\u0131","Karoline Leavitt","n\u00fckleer faaliyetlerin durdurulmas\u0131","Trump"],"articleSection":["D\u00dcNYA","G\u00dcNDEM","MAN\u015eET"],"inLanguage":"tr","potentialAction":[{"@type":"CommentAction","name":"Comment","target":["https:\/\/epochtimestr.com\/index.php\/trump-iran-ile-muzakere-surecini-acikladi#respond"]}]},{"@type":"WebPage","@id":"https:\/\/epochtimestr.com\/index.php\/trump-iran-ile-muzakere-surecini-acikladi","url":"https:\/\/epochtimestr.com\/index.php\/trump-iran-ile-muzakere-surecini-acikladi","name":"Trump \u0130ran \u0130le M\u00fczakere S\u00fcrecini A\u00e7\u0131klad\u0131 - The Epoch Times TR","isPartOf":{"@id":"https:\/\/epochtimestr.com\/#website"},"primaryImageOfPage":{"@id":"https:\/\/epochtimestr.com\/index.php\/trump-iran-ile-muzakere-surecini-acikladi#primaryimage"},"image":{"@id":"https:\/\/epochtimestr.com\/index.php\/trump-iran-ile-muzakere-surecini-acikladi#primaryimage"},"thumbnailUrl":"https:\/\/epochtimestr.com\/wp-content\/uploads\/2011y\/1000035377.webp","datePublished":"2026-03-26T13:51:02+00:00","dateModified":"2026-03-26T13:51:04+00:00","description":"Trump \u0130ran ile m\u00fczakere s\u00fcreci hakk\u0131nda a\u00e7\u0131klama yapt\u0131. ABD ve \u0130ran aras\u0131nda temaslar s\u00fcrerken taraflar \u015fartlarda hen\u00fcz uzla\u015famad\u0131.","inLanguage":"tr","potentialAction":[{"@type":"ReadAction","target":["https:\/\/epochtimestr.com\/index.php\/trump-iran-ile-muzakere-surecini-acikladi"]}]},{"@type":"ImageObject","inLanguage":"tr","@id":"https:\/\/epochtimestr.com\/index.php\/trump-iran-ile-muzakere-surecini-acikladi#primaryimage","url":"https:\/\/epochtimestr.com\/wp-content\/uploads\/2011y\/1000035377.webp","contentUrl":"https:\/\/epochtimestr.com\/wp-content\/uploads\/2011y\/1000035377.webp","width":1200,"height":800},{"@type":"WebSite","@id":"https:\/\/epochtimestr.com\/#website","url":"https:\/\/epochtimestr.com\/","name":"The Epoch Times TR","description":"De\u011fi\u015fen D\u00fcnyam\u0131za Taze Bir Bak\u0131\u015f","publisher":{"@id":"https:\/\/epochtimestr.com\/#organization"},"potentialAction":[{"@type":"SearchAction","target":{"@type":"EntryPoint","urlTemplate":"https:\/\/epochtimestr.com\/?s={search_term_string}"},"query-input":"required name=search_term_string"}],"inLanguage":"tr"},{"@type":"Organization","@id":"https:\/\/epochtimestr.com\/#organization","name":"The EpochTimes T\u00fcrkiye","url":"https:\/\/epochtimestr.com\/","logo":{"@type":"ImageObject","inLanguage":"tr","@id":"https:\/\/epochtimestr.com\/#\/schema\/logo\/image\/","url":"https:\/\/epochtimestr.com\/wp-content\/uploads\/2011y\/ET-Logo-YG.jpg","contentUrl":"https:\/\/epochtimestr.com\/wp-content\/uploads\/2011y\/ET-Logo-YG.jpg","width":346,"height":29,"caption":"The EpochTimes T\u00fcrkiye"},"image":{"@id":"https:\/\/epochtimestr.com\/#\/schema\/logo\/image\/"},"sameAs":["https:\/\/www.facebook.com\/theepochtimestr","https:\/\/x.com\/TheEpochTimesTR","https:\/\/www.instagram.com\/epochtimestr"]},{"@type":"Person","@id":"https:\/\/epochtimestr.com\/#\/schema\/person\/5fef218711d76d8f232b0e1f1d7e4c0d","name":"Leo Bajelan","image":{"@type":"ImageObject","inLanguage":"tr","@id":"https:\/\/epochtimestr.com\/#\/schema\/person\/image\/","url":"https:\/\/secure.gravatar.com\/avatar\/917669146f489549e548a2e9af272df5?s=96&d=mm&r=g","contentUrl":"https:\/\/secure.gravatar.com\/avatar\/917669146f489549e548a2e9af272df5?s=96&d=mm&r=g","caption":"Leo Bajelan"},"url":"https:\/\/epochtimestr.com\/index.php\/author\/leo"}]}},"_links":{"self":[{"href":"https:\/\/epochtimestr.com\/index.php\/wp-json\/wp\/v2\/posts\/166448"}],"collection":[{"href":"https:\/\/epochtimestr.com\/index.php\/wp-json\/wp\/v2\/posts"}],"about":[{"href":"https:\/\/epochtimestr.com\/index.php\/wp-json\/wp\/v2\/types\/post"}],"author":[{"embeddable":true,"href":"https:\/\/epochtimestr.com\/index.php\/wp-json\/wp\/v2\/users\/13996"}],"replies":[{"embeddable":true,"href":"https:\/\/epochtimestr.com\/index.php\/wp-json\/wp\/v2\/comments?post=166448"}],"version-history":[{"count":2,"href":"https:\/\/epochtimestr.com\/index.php\/wp-json\/wp\/v2\/posts\/166448\/revisions"}],"predecessor-version":[{"id":166455,"href":"https:\/\/epochtimestr.com\/index.php\/wp-json\/wp\/v2\/posts\/166448\/revisions\/166455"}],"wp:featuredmedia":[{"embeddable":true,"href":"https:\/\/epochtimestr.com\/index.php\/wp-json\/wp\/v2\/media\/166449"}],"wp:attachment":[{"href":"https:\/\/epochtimestr.com\/index.php\/wp-json\/wp\/v2\/media?parent=166448"}],"wp:term":[{"taxonomy":"category","embeddable":true,"href":"https:\/\/epochtimestr.com\/index.php\/wp-json\/wp\/v2\/categories?post=166448"},{"taxonomy":"post_tag","embeddable":true,"href":"https:\/\/epochtimestr.com\/index.php\/wp-json\/wp\/v2\/tags?post=166448"}],"curies":[{"name":"wp","href":"https:\/\/api.w.org\/{rel}","templated":true}]}}