{"id":166464,"date":"2026-03-27T16:48:05","date_gmt":"2026-03-27T13:48:05","guid":{"rendered":"https:\/\/epochtimestr.com\/?p=166464"},"modified":"2026-03-27T16:48:08","modified_gmt":"2026-03-27T13:48:08","slug":"bm-kolelik-tazminati-tartismalarini-yeniden-gundeme-getirdi","status":"publish","type":"post","link":"https:\/\/epochtimestr.com\/index.php\/bm-kolelik-tazminati-tartismalarini-yeniden-gundeme-getirdi","title":{"rendered":"BM K\u00f6lelik Tazminat\u0131 Tart\u0131\u015fmalar\u0131n\u0131 Yeniden G\u00fcndeme Getirdi"},"content":{"rendered":"<div class=\"wp-block-image\">\n<figure class=\"aligncenter size-full\"><img loading=\"lazy\" decoding=\"async\" width=\"1200\" height=\"800\" src=\"https:\/\/epochtimestr.com\/wp-content\/uploads\/2011y\/1000035408.webp\" alt=\"ABD First Lady\u2019si Melania Trump (sa\u011fda) ve m\u00fcze e\u011fitmeni Kwesi Essel Blankson, 3 Ekim 2018\u2019de Gana\u2019n\u0131n Cape Coast kentindeki eski bir k\u00f6le ticareti kalesi olan Cape Coast Kalesi\u2019ni geziyor. (Foto\u011fraf: Saul Loeb\/AFP\/Getty Images\/Epoch Times arac\u0131yla)\" class=\"wp-image-166465\" srcset=\"https:\/\/epochtimestr.com\/wp-content\/uploads\/2011y\/1000035408.webp 1200w, https:\/\/epochtimestr.com\/wp-content\/uploads\/2011y\/1000035408-300x200.webp 300w, https:\/\/epochtimestr.com\/wp-content\/uploads\/2011y\/1000035408-150x100.webp 150w, https:\/\/epochtimestr.com\/wp-content\/uploads\/2011y\/1000035408-768x512.webp 768w\" sizes=\"(max-width: 1200px) 100vw, 1200px\" \/><figcaption class=\"wp-element-caption\">ABD First Lady\u2019si Melania Trump ve m\u00fcze e\u011fitmeni Kwesi Essel Blankson, eski bir k\u00f6le ticareti kalesi Cape Coast&#8217;u geziyor. 3 Ekim 2018, Gana. (Foto\u011fraf: The Epoch Times arac\u0131yla, Saul Loeb, AFP &#8211; Getty Images)<\/figcaption><\/figure><\/div>\n\n\n<p>Birle\u015fmi\u015f Milletler Genel Kurulu, <a href=\"https:\/\/www.theepochtimes.com\/world\/un-adopts-slavery-resolution-calling-for-reparations-despite-us-european-objections-6003994\" target=\"_blank\" rel=\"noreferrer noopener\">25 Mart&#8217;ta ald\u0131\u011f\u0131<\/a> kararla, Afrika k\u00f6kenli insanlar\u0131n k\u00f6lele\u015ftirilmesini insanl\u0131\u011fa kar\u015f\u0131 en a\u011f\u0131r su\u00e7 olarak tan\u0131mlad\u0131. BM&#8217;nin ayr\u0131ca devletlere tazminat \u00e7a\u011fr\u0131s\u0131 yapmas\u0131, k\u00f6lelik tazminat\u0131 tart\u0131\u015fmalar\u0131n\u0131 yeniden g\u00fcndeme ta\u015f\u0131d\u0131.<\/p>\n\n\n\n<p>Oylamada 123 \u00fclke karara destek verirken, ABD, \u0130srail ve Arjantin kar\u015f\u0131 oy kulland\u0131. \u00d6te yandan AB&#8217;ye \u00fcye 27 \u00fclke ile birlikte Birle\u015fik Krall\u0131k, Fransa ve \u0130spanya \u00e7ekimser kald\u0131. <\/p>\n\n\n\n<p>Gana Cumhurba\u015fkan\u0131 John Dramani Mahama, \u00fclkesinin sundu\u011fu tasar\u0131ya tam destek verdi. Mahama, milyonlarca Afrikal\u0131n\u0131n y\u00fczy\u0131llar boyunca k\u00f6lele\u015ftirildi\u011fini belirtti. Ayr\u0131ca bu durumun tarihsel bir sorumluluk do\u011furdu\u011funu ifade etti.<\/p>\n\n\n\n<p>Karar, devletlerin uluslararas\u0131 hukuka g\u00f6re sorumluluk ta\u015f\u0131d\u0131\u011f\u0131n\u0131 ve bu nedenle zararlar\u0131n giderilmesi gerekti\u011fini belirtiyor. BM ayr\u0131ca tazminat\u0131n \u00e7e\u015fitli yollarla sa\u011flanabilece\u011fini ifade ediyor.<\/p>\n\n\n\n<p>ABD\u2019nin<a href=\"https:\/\/epochtimestr.com\/index.php\/bm-iran-hurmuz-bogazini-kapatmayi-planlamiyor\" target=\"_blank\" rel=\"noreferrer noopener\"> BM temsilcisi<\/a> Dan Negrea karara kar\u015f\u0131 \u00e7\u0131karak, ge\u00e7mi\u015fte yasal olmayan bir durum bulunmad\u0131\u011f\u0131n\u0131 iddia etti. Ayr\u0131ca su\u00e7lar aras\u0131nda s\u0131ralama yap\u0131lmas\u0131na itiraz etti. <\/p>\n\n\n\n<p>Genel Kurul kararlar\u0131 ba\u011flay\u0131c\u0131 nitelik ta\u015f\u0131mamakla birlikte uluslararas\u0131 tart\u0131\u015fmalar \u00fczerinde etkili oluyor. Bu nedenle BM k\u00f6lelik tazminat\u0131 konusu diplomatik g\u00fcndemde yer al\u0131yor.<\/p>\n\n\n\n<p>Birle\u015fik Krall\u0131k temsilcisi a\u00e7\u0131klama yaparak k\u00f6leli\u011fin a\u011f\u0131r sonu\u00e7lar\u0131n\u0131 kabul etti. Bununla birlikte metnin baz\u0131 y\u00f6nlerine kat\u0131lmad\u0131\u011f\u0131n\u0131 belirtti. Ayr\u0131ca tarihi olaylar\u0131n tek tarafl\u0131 yorumland\u0131\u011f\u0131n\u0131 ifade etti. Birle\u015fik Krall\u0131k ge\u00e7mi\u015fte k\u00f6le ticareti yapt\u0131; ancak 1807 y\u0131l\u0131nda k\u00f6le ticaretini yasaklad\u0131. Buna ra\u011fmen k\u00f6leler 1838 y\u0131l\u0131na kadar tamamen \u00f6zg\u00fcrle\u015fmedi. <\/p>\n\n\n\n<p>Son olarak Avrupa Birli\u011fi ad\u0131na konu\u015fan temsilci, denge vurgusu yaparak, karar\u0131n tarihsel olaylar\u0131 tek y\u00f6nl\u00fc ele ald\u0131\u011f\u0131n\u0131 belirtti. BM k\u00f6lelik tazminat\u0131 konusu uluslararas\u0131 tart\u0131\u015fmalarda yerini koruyor.<\/p>\n","protected":false},"excerpt":{"rendered":"<p>Birle\u015fmi\u015f Milletler Genel Kurulu, 25 Mart&#8217;ta ald\u0131\u011f\u0131 kararla, Afrika k\u00f6kenli insanlar\u0131n k\u00f6lele\u015ftirilmesini insanl\u0131\u011fa kar\u015f\u0131 en a\u011f\u0131r su\u00e7 olarak tan\u0131mlad\u0131. BM&#8217;nin ayr\u0131ca devletlere tazminat \u00e7a\u011fr\u0131s\u0131 yapmas\u0131, k\u00f6lelik tazminat\u0131 tart\u0131\u015fmalar\u0131n\u0131 yeniden g\u00fcndeme ta\u015f\u0131d\u0131. Oylamada 123 \u00fclke karara destek verirken, ABD, \u0130srail ve Arjantin kar\u015f\u0131 oy kulland\u0131. \u00d6te yandan AB&#8217;ye \u00fcye 27 \u00fclke ile birlikte Birle\u015fik Krall\u0131k, Fransa [&hellip;]<\/p>\n","protected":false},"author":13996,"featured_media":166465,"comment_status":"open","ping_status":"open","sticky":false,"template":"","format":"standard","meta":{"_yoast_wpseo_focuskw":"BM k\u00f6lelik","_yoast_wpseo_title":"","_yoast_wpseo_metadesc":"BM Genel Kurulu k\u00f6lelik i\u00e7in tazminat \u00e7a\u011fr\u0131s\u0131 yapt\u0131. ABD kar\u015f\u0131 \u00e7\u0131karken Avrupa \u00fclkelerinin \u00e7ekimser kalmas\u0131 nedeniyle karar tart\u0131\u015fma yaratt\u0131.","_bbp_topic_count":0,"_bbp_reply_count":0,"_bbp_total_topic_count":0,"_bbp_total_reply_count":0,"_bbp_voice_count":0,"_bbp_anonymous_reply_count":0,"_bbp_topic_count_hidden":0,"_bbp_reply_count_hidden":0,"_bbp_forum_subforum_count":0,"footnotes":"","_yoast_wpseo_focuskw_text_input":""},"categories":[5,1,8138],"tags":[1652,407,228,5459,2635,323,11137,11135,10467],"yoast_head":"<!-- This site is optimized with the Yoast SEO plugin v23.0 - https:\/\/yoast.com\/wordpress\/plugins\/seo\/ -->\n<title>BM K\u00f6lelik Tazminat\u0131 Tart\u0131\u015fmalar\u0131n\u0131 Yeniden G\u00fcndeme Getirdi - The Epoch Times TR<\/title>\n<meta name=\"description\" content=\"BM Genel Kurulu k\u00f6lelik i\u00e7in tazminat \u00e7a\u011fr\u0131s\u0131 yapt\u0131. ABD kar\u015f\u0131 \u00e7\u0131karken Avrupa \u00fclkelerinin \u00e7ekimser kalmas\u0131 nedeniyle karar tart\u0131\u015fma yaratt\u0131.\" \/>\n<meta name=\"robots\" content=\"index, follow, max-snippet:-1, max-image-preview:large, max-video-preview:-1\" \/>\n<link rel=\"canonical\" href=\"https:\/\/epochtimestr.com\/index.php\/bm-kolelik-tazminati-tartismalarini-yeniden-gundeme-getirdi\" \/>\n<meta property=\"og:locale\" content=\"tr_TR\" \/>\n<meta property=\"og:type\" content=\"article\" \/>\n<meta property=\"og:title\" content=\"BM K\u00f6lelik Tazminat\u0131 Tart\u0131\u015fmalar\u0131n\u0131 Yeniden G\u00fcndeme Getirdi - The Epoch Times TR\" \/>\n<meta property=\"og:description\" content=\"BM Genel Kurulu k\u00f6lelik i\u00e7in tazminat \u00e7a\u011fr\u0131s\u0131 yapt\u0131. ABD kar\u015f\u0131 \u00e7\u0131karken Avrupa \u00fclkelerinin \u00e7ekimser kalmas\u0131 nedeniyle karar tart\u0131\u015fma yaratt\u0131.\" \/>\n<meta property=\"og:url\" content=\"https:\/\/epochtimestr.com\/index.php\/bm-kolelik-tazminati-tartismalarini-yeniden-gundeme-getirdi\" \/>\n<meta property=\"og:site_name\" content=\"The Epoch Times TR\" \/>\n<meta property=\"article:publisher\" content=\"https:\/\/www.facebook.com\/theepochtimestr\" \/>\n<meta property=\"article:published_time\" content=\"2026-03-27T13:48:05+00:00\" \/>\n<meta property=\"article:modified_time\" content=\"2026-03-27T13:48:08+00:00\" \/>\n<meta property=\"og:image\" content=\"https:\/\/epochtimestr.com\/wp-content\/uploads\/2011y\/1000035408.webp\" \/>\n\t<meta property=\"og:image:width\" content=\"1200\" \/>\n\t<meta property=\"og:image:height\" content=\"800\" \/>\n\t<meta property=\"og:image:type\" content=\"image\/webp\" \/>\n<meta name=\"author\" content=\"Leo Bajelan\" \/>\n<meta name=\"twitter:card\" content=\"summary_large_image\" \/>\n<meta name=\"twitter:creator\" content=\"@TheEpochTimesTR\" \/>\n<meta name=\"twitter:site\" content=\"@TheEpochTimesTR\" \/>\n<meta name=\"twitter:label1\" content=\"Yazan:\" \/>\n\t<meta name=\"twitter:data1\" content=\"Leo Bajelan\" \/>\n\t<meta name=\"twitter:label2\" content=\"Tahmini okuma s\u00fcresi\" \/>\n\t<meta name=\"twitter:data2\" content=\"2 dakika\" \/>\n<script type=\"application\/ld+json\" class=\"yoast-schema-graph\">{\"@context\":\"https:\/\/schema.org\",\"@graph\":[{\"@type\":\"Article\",\"@id\":\"https:\/\/epochtimestr.com\/index.php\/bm-kolelik-tazminati-tartismalarini-yeniden-gundeme-getirdi#article\",\"isPartOf\":{\"@id\":\"https:\/\/epochtimestr.com\/index.php\/bm-kolelik-tazminati-tartismalarini-yeniden-gundeme-getirdi\"},\"author\":{\"name\":\"Leo Bajelan\",\"@id\":\"https:\/\/epochtimestr.com\/#\/schema\/person\/5fef218711d76d8f232b0e1f1d7e4c0d\"},\"headline\":\"BM K\u00f6lelik Tazminat\u0131 Tart\u0131\u015fmalar\u0131n\u0131 Yeniden G\u00fcndeme Getirdi\",\"datePublished\":\"2026-03-27T13:48:05+00:00\",\"dateModified\":\"2026-03-27T13:48:08+00:00\",\"mainEntityOfPage\":{\"@id\":\"https:\/\/epochtimestr.com\/index.php\/bm-kolelik-tazminati-tartismalarini-yeniden-gundeme-getirdi\"},\"wordCount\":362,\"commentCount\":0,\"publisher\":{\"@id\":\"https:\/\/epochtimestr.com\/#organization\"},\"image\":{\"@id\":\"https:\/\/epochtimestr.com\/index.php\/bm-kolelik-tazminati-tartismalarini-yeniden-gundeme-getirdi#primaryimage\"},\"thumbnailUrl\":\"https:\/\/epochtimestr.com\/wp-content\/uploads\/2011y\/1000035408.webp\",\"keywords\":[\"AB\",\"ABD\",\"Afrika\",\"Birle\u015fik Krall\u0131k\",\"Birle\u015fmi\u015f Milletler\",\"bm\",\"k\u00f6le ticareti\",\"k\u00f6lelik tazminat\u0131\",\"uluslararas\u0131 hukuk\"],\"articleSection\":[\"D\u00dcNYA\",\"G\u00dcNDEM\",\"MAN\u015eET\"],\"inLanguage\":\"tr\",\"potentialAction\":[{\"@type\":\"CommentAction\",\"name\":\"Comment\",\"target\":[\"https:\/\/epochtimestr.com\/index.php\/bm-kolelik-tazminati-tartismalarini-yeniden-gundeme-getirdi#respond\"]}]},{\"@type\":\"WebPage\",\"@id\":\"https:\/\/epochtimestr.com\/index.php\/bm-kolelik-tazminati-tartismalarini-yeniden-gundeme-getirdi\",\"url\":\"https:\/\/epochtimestr.com\/index.php\/bm-kolelik-tazminati-tartismalarini-yeniden-gundeme-getirdi\",\"name\":\"BM K\u00f6lelik Tazminat\u0131 Tart\u0131\u015fmalar\u0131n\u0131 Yeniden G\u00fcndeme Getirdi - The Epoch Times TR\",\"isPartOf\":{\"@id\":\"https:\/\/epochtimestr.com\/#website\"},\"primaryImageOfPage\":{\"@id\":\"https:\/\/epochtimestr.com\/index.php\/bm-kolelik-tazminati-tartismalarini-yeniden-gundeme-getirdi#primaryimage\"},\"image\":{\"@id\":\"https:\/\/epochtimestr.com\/index.php\/bm-kolelik-tazminati-tartismalarini-yeniden-gundeme-getirdi#primaryimage\"},\"thumbnailUrl\":\"https:\/\/epochtimestr.com\/wp-content\/uploads\/2011y\/1000035408.webp\",\"datePublished\":\"2026-03-27T13:48:05+00:00\",\"dateModified\":\"2026-03-27T13:48:08+00:00\",\"description\":\"BM Genel Kurulu k\u00f6lelik i\u00e7in tazminat \u00e7a\u011fr\u0131s\u0131 yapt\u0131. ABD kar\u015f\u0131 \u00e7\u0131karken Avrupa \u00fclkelerinin \u00e7ekimser kalmas\u0131 nedeniyle karar tart\u0131\u015fma yaratt\u0131.\",\"inLanguage\":\"tr\",\"potentialAction\":[{\"@type\":\"ReadAction\",\"target\":[\"https:\/\/epochtimestr.com\/index.php\/bm-kolelik-tazminati-tartismalarini-yeniden-gundeme-getirdi\"]}]},{\"@type\":\"ImageObject\",\"inLanguage\":\"tr\",\"@id\":\"https:\/\/epochtimestr.com\/index.php\/bm-kolelik-tazminati-tartismalarini-yeniden-gundeme-getirdi#primaryimage\",\"url\":\"https:\/\/epochtimestr.com\/wp-content\/uploads\/2011y\/1000035408.webp\",\"contentUrl\":\"https:\/\/epochtimestr.com\/wp-content\/uploads\/2011y\/1000035408.webp\",\"width\":1200,\"height\":800},{\"@type\":\"WebSite\",\"@id\":\"https:\/\/epochtimestr.com\/#website\",\"url\":\"https:\/\/epochtimestr.com\/\",\"name\":\"The Epoch Times TR\",\"description\":\"De\u011fi\u015fen D\u00fcnyam\u0131za Taze Bir Bak\u0131\u015f\",\"publisher\":{\"@id\":\"https:\/\/epochtimestr.com\/#organization\"},\"potentialAction\":[{\"@type\":\"SearchAction\",\"target\":{\"@type\":\"EntryPoint\",\"urlTemplate\":\"https:\/\/epochtimestr.com\/?s={search_term_string}\"},\"query-input\":\"required name=search_term_string\"}],\"inLanguage\":\"tr\"},{\"@type\":\"Organization\",\"@id\":\"https:\/\/epochtimestr.com\/#organization\",\"name\":\"The EpochTimes T\u00fcrkiye\",\"url\":\"https:\/\/epochtimestr.com\/\",\"logo\":{\"@type\":\"ImageObject\",\"inLanguage\":\"tr\",\"@id\":\"https:\/\/epochtimestr.com\/#\/schema\/logo\/image\/\",\"url\":\"https:\/\/epochtimestr.com\/wp-content\/uploads\/2011y\/ET-Logo-YG.jpg\",\"contentUrl\":\"https:\/\/epochtimestr.com\/wp-content\/uploads\/2011y\/ET-Logo-YG.jpg\",\"width\":346,\"height\":29,\"caption\":\"The EpochTimes T\u00fcrkiye\"},\"image\":{\"@id\":\"https:\/\/epochtimestr.com\/#\/schema\/logo\/image\/\"},\"sameAs\":[\"https:\/\/www.facebook.com\/theepochtimestr\",\"https:\/\/x.com\/TheEpochTimesTR\",\"https:\/\/www.instagram.com\/epochtimestr\"]},{\"@type\":\"Person\",\"@id\":\"https:\/\/epochtimestr.com\/#\/schema\/person\/5fef218711d76d8f232b0e1f1d7e4c0d\",\"name\":\"Leo Bajelan\",\"image\":{\"@type\":\"ImageObject\",\"inLanguage\":\"tr\",\"@id\":\"https:\/\/epochtimestr.com\/#\/schema\/person\/image\/\",\"url\":\"https:\/\/secure.gravatar.com\/avatar\/917669146f489549e548a2e9af272df5?s=96&d=mm&r=g\",\"contentUrl\":\"https:\/\/secure.gravatar.com\/avatar\/917669146f489549e548a2e9af272df5?s=96&d=mm&r=g\",\"caption\":\"Leo Bajelan\"},\"url\":\"https:\/\/epochtimestr.com\/index.php\/author\/leo\"}]}<\/script>\n<!-- \/ Yoast SEO plugin. -->","yoast_head_json":{"title":"BM K\u00f6lelik Tazminat\u0131 Tart\u0131\u015fmalar\u0131n\u0131 Yeniden G\u00fcndeme Getirdi - The Epoch Times TR","description":"BM Genel Kurulu k\u00f6lelik i\u00e7in tazminat \u00e7a\u011fr\u0131s\u0131 yapt\u0131. ABD kar\u015f\u0131 \u00e7\u0131karken Avrupa \u00fclkelerinin \u00e7ekimser kalmas\u0131 nedeniyle karar tart\u0131\u015fma yaratt\u0131.","robots":{"index":"index","follow":"follow","max-snippet":"max-snippet:-1","max-image-preview":"max-image-preview:large","max-video-preview":"max-video-preview:-1"},"canonical":"https:\/\/epochtimestr.com\/index.php\/bm-kolelik-tazminati-tartismalarini-yeniden-gundeme-getirdi","og_locale":"tr_TR","og_type":"article","og_title":"BM K\u00f6lelik Tazminat\u0131 Tart\u0131\u015fmalar\u0131n\u0131 Yeniden G\u00fcndeme Getirdi - The Epoch Times TR","og_description":"BM Genel Kurulu k\u00f6lelik i\u00e7in tazminat \u00e7a\u011fr\u0131s\u0131 yapt\u0131. ABD kar\u015f\u0131 \u00e7\u0131karken Avrupa \u00fclkelerinin \u00e7ekimser kalmas\u0131 nedeniyle karar tart\u0131\u015fma yaratt\u0131.","og_url":"https:\/\/epochtimestr.com\/index.php\/bm-kolelik-tazminati-tartismalarini-yeniden-gundeme-getirdi","og_site_name":"The Epoch Times TR","article_publisher":"https:\/\/www.facebook.com\/theepochtimestr","article_published_time":"2026-03-27T13:48:05+00:00","article_modified_time":"2026-03-27T13:48:08+00:00","og_image":[{"width":1200,"height":800,"url":"https:\/\/epochtimestr.com\/wp-content\/uploads\/2011y\/1000035408.webp","type":"image\/webp"}],"author":"Leo Bajelan","twitter_card":"summary_large_image","twitter_creator":"@TheEpochTimesTR","twitter_site":"@TheEpochTimesTR","twitter_misc":{"Yazan:":"Leo Bajelan","Tahmini okuma s\u00fcresi":"2 dakika"},"schema":{"@context":"https:\/\/schema.org","@graph":[{"@type":"Article","@id":"https:\/\/epochtimestr.com\/index.php\/bm-kolelik-tazminati-tartismalarini-yeniden-gundeme-getirdi#article","isPartOf":{"@id":"https:\/\/epochtimestr.com\/index.php\/bm-kolelik-tazminati-tartismalarini-yeniden-gundeme-getirdi"},"author":{"name":"Leo Bajelan","@id":"https:\/\/epochtimestr.com\/#\/schema\/person\/5fef218711d76d8f232b0e1f1d7e4c0d"},"headline":"BM K\u00f6lelik Tazminat\u0131 Tart\u0131\u015fmalar\u0131n\u0131 Yeniden G\u00fcndeme Getirdi","datePublished":"2026-03-27T13:48:05+00:00","dateModified":"2026-03-27T13:48:08+00:00","mainEntityOfPage":{"@id":"https:\/\/epochtimestr.com\/index.php\/bm-kolelik-tazminati-tartismalarini-yeniden-gundeme-getirdi"},"wordCount":362,"commentCount":0,"publisher":{"@id":"https:\/\/epochtimestr.com\/#organization"},"image":{"@id":"https:\/\/epochtimestr.com\/index.php\/bm-kolelik-tazminati-tartismalarini-yeniden-gundeme-getirdi#primaryimage"},"thumbnailUrl":"https:\/\/epochtimestr.com\/wp-content\/uploads\/2011y\/1000035408.webp","keywords":["AB","ABD","Afrika","Birle\u015fik Krall\u0131k","Birle\u015fmi\u015f Milletler","bm","k\u00f6le ticareti","k\u00f6lelik tazminat\u0131","uluslararas\u0131 hukuk"],"articleSection":["D\u00dcNYA","G\u00dcNDEM","MAN\u015eET"],"inLanguage":"tr","potentialAction":[{"@type":"CommentAction","name":"Comment","target":["https:\/\/epochtimestr.com\/index.php\/bm-kolelik-tazminati-tartismalarini-yeniden-gundeme-getirdi#respond"]}]},{"@type":"WebPage","@id":"https:\/\/epochtimestr.com\/index.php\/bm-kolelik-tazminati-tartismalarini-yeniden-gundeme-getirdi","url":"https:\/\/epochtimestr.com\/index.php\/bm-kolelik-tazminati-tartismalarini-yeniden-gundeme-getirdi","name":"BM K\u00f6lelik Tazminat\u0131 Tart\u0131\u015fmalar\u0131n\u0131 Yeniden G\u00fcndeme Getirdi - The Epoch Times TR","isPartOf":{"@id":"https:\/\/epochtimestr.com\/#website"},"primaryImageOfPage":{"@id":"https:\/\/epochtimestr.com\/index.php\/bm-kolelik-tazminati-tartismalarini-yeniden-gundeme-getirdi#primaryimage"},"image":{"@id":"https:\/\/epochtimestr.com\/index.php\/bm-kolelik-tazminati-tartismalarini-yeniden-gundeme-getirdi#primaryimage"},"thumbnailUrl":"https:\/\/epochtimestr.com\/wp-content\/uploads\/2011y\/1000035408.webp","datePublished":"2026-03-27T13:48:05+00:00","dateModified":"2026-03-27T13:48:08+00:00","description":"BM Genel Kurulu k\u00f6lelik i\u00e7in tazminat \u00e7a\u011fr\u0131s\u0131 yapt\u0131. ABD kar\u015f\u0131 \u00e7\u0131karken Avrupa \u00fclkelerinin \u00e7ekimser kalmas\u0131 nedeniyle karar tart\u0131\u015fma yaratt\u0131.","inLanguage":"tr","potentialAction":[{"@type":"ReadAction","target":["https:\/\/epochtimestr.com\/index.php\/bm-kolelik-tazminati-tartismalarini-yeniden-gundeme-getirdi"]}]},{"@type":"ImageObject","inLanguage":"tr","@id":"https:\/\/epochtimestr.com\/index.php\/bm-kolelik-tazminati-tartismalarini-yeniden-gundeme-getirdi#primaryimage","url":"https:\/\/epochtimestr.com\/wp-content\/uploads\/2011y\/1000035408.webp","contentUrl":"https:\/\/epochtimestr.com\/wp-content\/uploads\/2011y\/1000035408.webp","width":1200,"height":800},{"@type":"WebSite","@id":"https:\/\/epochtimestr.com\/#website","url":"https:\/\/epochtimestr.com\/","name":"The Epoch Times TR","description":"De\u011fi\u015fen D\u00fcnyam\u0131za Taze Bir Bak\u0131\u015f","publisher":{"@id":"https:\/\/epochtimestr.com\/#organization"},"potentialAction":[{"@type":"SearchAction","target":{"@type":"EntryPoint","urlTemplate":"https:\/\/epochtimestr.com\/?s={search_term_string}"},"query-input":"required name=search_term_string"}],"inLanguage":"tr"},{"@type":"Organization","@id":"https:\/\/epochtimestr.com\/#organization","name":"The EpochTimes T\u00fcrkiye","url":"https:\/\/epochtimestr.com\/","logo":{"@type":"ImageObject","inLanguage":"tr","@id":"https:\/\/epochtimestr.com\/#\/schema\/logo\/image\/","url":"https:\/\/epochtimestr.com\/wp-content\/uploads\/2011y\/ET-Logo-YG.jpg","contentUrl":"https:\/\/epochtimestr.com\/wp-content\/uploads\/2011y\/ET-Logo-YG.jpg","width":346,"height":29,"caption":"The EpochTimes T\u00fcrkiye"},"image":{"@id":"https:\/\/epochtimestr.com\/#\/schema\/logo\/image\/"},"sameAs":["https:\/\/www.facebook.com\/theepochtimestr","https:\/\/x.com\/TheEpochTimesTR","https:\/\/www.instagram.com\/epochtimestr"]},{"@type":"Person","@id":"https:\/\/epochtimestr.com\/#\/schema\/person\/5fef218711d76d8f232b0e1f1d7e4c0d","name":"Leo Bajelan","image":{"@type":"ImageObject","inLanguage":"tr","@id":"https:\/\/epochtimestr.com\/#\/schema\/person\/image\/","url":"https:\/\/secure.gravatar.com\/avatar\/917669146f489549e548a2e9af272df5?s=96&d=mm&r=g","contentUrl":"https:\/\/secure.gravatar.com\/avatar\/917669146f489549e548a2e9af272df5?s=96&d=mm&r=g","caption":"Leo Bajelan"},"url":"https:\/\/epochtimestr.com\/index.php\/author\/leo"}]}},"_links":{"self":[{"href":"https:\/\/epochtimestr.com\/index.php\/wp-json\/wp\/v2\/posts\/166464"}],"collection":[{"href":"https:\/\/epochtimestr.com\/index.php\/wp-json\/wp\/v2\/posts"}],"about":[{"href":"https:\/\/epochtimestr.com\/index.php\/wp-json\/wp\/v2\/types\/post"}],"author":[{"embeddable":true,"href":"https:\/\/epochtimestr.com\/index.php\/wp-json\/wp\/v2\/users\/13996"}],"replies":[{"embeddable":true,"href":"https:\/\/epochtimestr.com\/index.php\/wp-json\/wp\/v2\/comments?post=166464"}],"version-history":[{"count":2,"href":"https:\/\/epochtimestr.com\/index.php\/wp-json\/wp\/v2\/posts\/166464\/revisions"}],"predecessor-version":[{"id":166474,"href":"https:\/\/epochtimestr.com\/index.php\/wp-json\/wp\/v2\/posts\/166464\/revisions\/166474"}],"wp:featuredmedia":[{"embeddable":true,"href":"https:\/\/epochtimestr.com\/index.php\/wp-json\/wp\/v2\/media\/166465"}],"wp:attachment":[{"href":"https:\/\/epochtimestr.com\/index.php\/wp-json\/wp\/v2\/media?parent=166464"}],"wp:term":[{"taxonomy":"category","embeddable":true,"href":"https:\/\/epochtimestr.com\/index.php\/wp-json\/wp\/v2\/categories?post=166464"},{"taxonomy":"post_tag","embeddable":true,"href":"https:\/\/epochtimestr.com\/index.php\/wp-json\/wp\/v2\/tags?post=166464"}],"curies":[{"name":"wp","href":"https:\/\/api.w.org\/{rel}","templated":true}]}}