{"id":166467,"date":"2026-03-27T16:59:00","date_gmt":"2026-03-27T13:59:00","guid":{"rendered":"https:\/\/epochtimestr.com\/?p=166467"},"modified":"2026-03-27T16:59:02","modified_gmt":"2026-03-27T13:59:02","slug":"maduro-davasi-suclamalarinin-dusurulmesi-talebi-reddedildi","status":"publish","type":"post","link":"https:\/\/epochtimestr.com\/index.php\/maduro-davasi-suclamalarinin-dusurulmesi-talebi-reddedildi","title":{"rendered":"Maduro Davas\u0131: Su\u00e7lamalar\u0131n\u0131n D\u00fc\u015f\u00fcr\u00fclmesi Talebi Reddedildi"},"content":{"rendered":"<div class=\"wp-block-image\">\n<figure class=\"aligncenter size-full\"><img loading=\"lazy\" decoding=\"async\" width=\"1080\" height=\"606\" src=\"https:\/\/epochtimestr.com\/wp-content\/uploads\/2011y\/1000035411.jpg\" alt=\"Maduro, duru\u015fma \u00f6ncesinde Daniel Patrick Manhattan ABD Adliyesi\u2019ne gitmeden \u00f6nce Downtown Manhattan Helikopter Pisti\u2019nde. 5 Ocak 2026, New York. (Foto\u011fraf: The Epoch Times arac\u0131l\u0131\u011f\u0131yla, Eduardo Munoz, Reuters)\" class=\"wp-image-166468\" srcset=\"https:\/\/epochtimestr.com\/wp-content\/uploads\/2011y\/1000035411.jpg 1080w, https:\/\/epochtimestr.com\/wp-content\/uploads\/2011y\/1000035411-300x168.jpg 300w, https:\/\/epochtimestr.com\/wp-content\/uploads\/2011y\/1000035411-150x84.jpg 150w, https:\/\/epochtimestr.com\/wp-content\/uploads\/2011y\/1000035411-768x431.jpg 768w\" sizes=\"(max-width: 1080px) 100vw, 1080px\" \/><figcaption class=\"wp-element-caption\"> Maduro davas\u0131 kapsam\u0131nda ABD\u2019li yarg\u0131\u00e7, su\u00e7lamalar\u0131n d\u00fc\u015f\u00fcr\u00fclmesi talebini reddetti.   <em>Maduro, duru\u015fma \u00f6ncesinde Daniel Patrick Manhattan ABD Adliyesi\u2019ne gitmeden \u00f6nce Downtown Manhattan Helikopter Pisti\u2019nde. 5 Ocak 2026, New York. (Foto\u011fraf: The Epoch Times arac\u0131l\u0131\u011f\u0131yla, Eduardo Munoz, Reuters)<\/em><\/figcaption><\/figure><\/div>\n\n\n<p>ABD\u2019de federal bir yarg\u0131\u00e7, <a href=\"https:\/\/www.theepochtimes.com\/us\/maduro-set-to-return-to-us-court-as-he-fights-narco-terrorism-charges-6004033\">26 Mart&#8217;ta a\u00e7\u0131klanan<\/a> kararla, Nicol\u00e1s Maduro hakk\u0131ndaki uyu\u015fturucu su\u00e7lamalar\u0131n\u0131n d\u00fc\u015f\u00fcr\u00fclmesi talebini reddetti. Bununla birlikte mahkeme, savunma giderleri konusunu daha sonra de\u011ferlendirecek.<\/p>\n\n\n\n<p>Maduro\u2019nun avukat\u0131 Barry Pollack, ABD\u2019nin m\u00fcvekkilinin anayasal haklar\u0131n\u0131 ihlal etti\u011fini savundu. Avukat, Venezuela devlet fonlar\u0131n\u0131n savunma i\u00e7in kullan\u0131lmas\u0131na izin verilmedi\u011fini belirtti. Bu nedenle davan\u0131n d\u00fc\u015f\u00fcr\u00fclmesini talep etti. Savc\u0131l\u0131k ise farkl\u0131 bir g\u00f6r\u00fc\u015f sunarak, Maduro ve e\u015fi Cilia Flores\u2019in savunma masraflar\u0131n\u0131 ki\u015fisel kaynaklarla kar\u015f\u0131lamas\u0131 gerekti\u011fini ifade etti. Ayr\u0131ca yapt\u0131r\u0131mlar nedeniyle devlet fonlar\u0131n\u0131n kullan\u0131lamayaca\u011f\u0131n\u0131 vurgulad\u0131. <\/p>\n\n\n\n<p>Buna kar\u015f\u0131l\u0131k Maduro ise kendi savunmas\u0131n\u0131 finanse edecek g\u00fcc\u00fc olmad\u0131\u011f\u0131n\u0131 s\u00f6yledi. Ancak kamu avukat\u0131 talep edebilmesi i\u00e7in mali durumunu kan\u0131tlamas\u0131 gerekiyor. Bununla birlikte avukat\u0131, Venezuela yasalar\u0131na g\u00f6re devletin bu masraflar\u0131 kar\u015f\u0131lamas\u0131 gerekti\u011fini dile getirdi.<\/p>\n\n\n\n<p>Yarg\u0131\u00e7 Alvin Hellerstein, duru\u015fmada davay\u0131 d\u00fc\u015f\u00fcrmeyece\u011fini, ancak fon meselesine ili\u015fkin karar\u0131n\u0131 ileri bir tarihte verece\u011fini belirtti. \u00d6te yandan mahkeme hen\u00fcz bir duru\u015fma takvimi a\u00e7\u0131klamad\u0131. Savc\u0131lar, ABD Hazine Bakanl\u0131\u011f\u0131\u2019na ba\u011fl\u0131 Yabanc\u0131 Varl\u0131klar Kontrol Ofisi\u2019nin yapt\u0131r\u0131mlar\u0131 uygulad\u0131\u011f\u0131n\u0131 hat\u0131rlatt\u0131. Bu nedenle fonlar\u0131n serbest b\u0131rak\u0131lmas\u0131 i\u00e7in yasal bir yol bulunmad\u0131\u011f\u0131n\u0131 ifade etti.<\/p>\n\n\n\n<p>Halen New York\u2019ta tutuklu bulunan Maduro ve e\u015fi Ocak ay\u0131ndaki mahkemede su\u00e7lamalar\u0131 reddetti. Ayr\u0131ca kefalet talebinde bulunmad\u0131klar\u0131 bildirildi. Yarg\u0131\u00e7, yapt\u0131r\u0131mlara ra\u011fmen <a href=\"https:\/\/epochtimestr.com\/index.php\/abdnin-maduroyu-tutuklamasi-kuresel-guc-dengesini-degistiriyor\" target=\"_blank\" rel=\"noreferrer noopener\">ABD ile Venezuela<\/a> aras\u0131ndaki ili\u015fkilerin de\u011fi\u015fti\u011fine dikkat \u00e7ekti. Buna kar\u015f\u0131n savc\u0131l\u0131k, yapt\u0131r\u0131mlar\u0131n devam etti\u011fini ve amac\u0131n\u0131n korunmas\u0131 gerekti\u011fini, devlet fonlar\u0131n\u0131n kullan\u0131lmas\u0131 halinde yapt\u0131r\u0131mlar\u0131n etkisinin zay\u0131flayaca\u011f\u0131n\u0131 belirtti.<\/p>\n\n\n\n<p>Pollack ise kamu avukat\u0131 atanmas\u0131n\u0131n sistem \u00fczerinde y\u00fck olu\u015fturaca\u011f\u0131n\u0131 s\u00f6yledi. Ayr\u0131ca bu durumun di\u011fer davalar\u0131 etkileyebilece\u011fini ifade etti. Son olarak mahkeme, Maduro davas\u0131 kapsam\u0131nda mali incelemelerin s\u00fcrd\u00fc\u011f\u00fcn\u00fc a\u00e7\u0131klad\u0131.<\/p>\n","protected":false},"excerpt":{"rendered":"<p>ABD\u2019de federal bir yarg\u0131\u00e7, 26 Mart&#8217;ta a\u00e7\u0131klanan kararla, Nicol\u00e1s Maduro hakk\u0131ndaki uyu\u015fturucu su\u00e7lamalar\u0131n\u0131n d\u00fc\u015f\u00fcr\u00fclmesi talebini reddetti. Bununla birlikte mahkeme, savunma giderleri konusunu daha sonra de\u011ferlendirecek. Maduro\u2019nun avukat\u0131 Barry Pollack, ABD\u2019nin m\u00fcvekkilinin anayasal haklar\u0131n\u0131 ihlal etti\u011fini savundu. Avukat, Venezuela devlet fonlar\u0131n\u0131n savunma i\u00e7in kullan\u0131lmas\u0131na izin verilmedi\u011fini belirtti. Bu nedenle davan\u0131n d\u00fc\u015f\u00fcr\u00fclmesini talep etti. Savc\u0131l\u0131k ise farkl\u0131 [&hellip;]<\/p>\n","protected":false},"author":13996,"featured_media":166468,"comment_status":"open","ping_status":"open","sticky":false,"template":"","format":"standard","meta":{"_yoast_wpseo_focuskw":"Maduro davas\u0131","_yoast_wpseo_title":"","_yoast_wpseo_metadesc":"Maduro davas\u0131 kapsam\u0131nda ABD\u2019li yarg\u0131\u00e7, su\u00e7lamalar\u0131n d\u00fc\u015f\u00fcr\u00fclmesi talebini reddetti. Mahkeme savunma fonlar\u0131 karar\u0131n\u0131 erteledi.","_bbp_topic_count":0,"_bbp_reply_count":0,"_bbp_total_topic_count":0,"_bbp_total_reply_count":0,"_bbp_voice_count":0,"_bbp_anonymous_reply_count":0,"_bbp_topic_count_hidden":0,"_bbp_reply_count_hidden":0,"_bbp_forum_subforum_count":0,"footnotes":"","_yoast_wpseo_focuskw_text_input":""},"categories":[5,1,8138],"tags":[407,11139,11138,11141,11140,11136,10312,11142,6592],"yoast_head":"<!-- This site is optimized with the Yoast SEO plugin v23.0 - https:\/\/yoast.com\/wordpress\/plugins\/seo\/ -->\n<title>Maduro Davas\u0131: Su\u00e7lamalar\u0131n\u0131n D\u00fc\u015f\u00fcr\u00fclmesi Talebi Reddedildi - The Epoch Times TR<\/title>\n<meta name=\"description\" content=\"Maduro davas\u0131 kapsam\u0131nda ABD\u2019li yarg\u0131\u00e7, su\u00e7lamalar\u0131n d\u00fc\u015f\u00fcr\u00fclmesi talebini reddetti. Mahkeme savunma fonlar\u0131 karar\u0131n\u0131 erteledi.\" \/>\n<meta name=\"robots\" content=\"index, follow, max-snippet:-1, max-image-preview:large, max-video-preview:-1\" \/>\n<link rel=\"canonical\" href=\"https:\/\/epochtimestr.com\/index.php\/maduro-davasi-suclamalarinin-dusurulmesi-talebi-reddedildi\" \/>\n<meta property=\"og:locale\" content=\"tr_TR\" \/>\n<meta property=\"og:type\" content=\"article\" \/>\n<meta property=\"og:title\" content=\"Maduro Davas\u0131: Su\u00e7lamalar\u0131n\u0131n D\u00fc\u015f\u00fcr\u00fclmesi Talebi Reddedildi - The Epoch Times TR\" \/>\n<meta property=\"og:description\" content=\"Maduro davas\u0131 kapsam\u0131nda ABD\u2019li yarg\u0131\u00e7, su\u00e7lamalar\u0131n d\u00fc\u015f\u00fcr\u00fclmesi talebini reddetti. Mahkeme savunma fonlar\u0131 karar\u0131n\u0131 erteledi.\" \/>\n<meta property=\"og:url\" content=\"https:\/\/epochtimestr.com\/index.php\/maduro-davasi-suclamalarinin-dusurulmesi-talebi-reddedildi\" \/>\n<meta property=\"og:site_name\" content=\"The Epoch Times TR\" \/>\n<meta property=\"article:publisher\" content=\"https:\/\/www.facebook.com\/theepochtimestr\" \/>\n<meta property=\"article:published_time\" content=\"2026-03-27T13:59:00+00:00\" \/>\n<meta property=\"article:modified_time\" content=\"2026-03-27T13:59:02+00:00\" \/>\n<meta property=\"og:image\" content=\"https:\/\/epochtimestr.com\/wp-content\/uploads\/2011y\/1000035411.jpg\" \/>\n\t<meta property=\"og:image:width\" content=\"1080\" \/>\n\t<meta property=\"og:image:height\" content=\"606\" \/>\n\t<meta property=\"og:image:type\" content=\"image\/jpeg\" \/>\n<meta name=\"author\" content=\"Leo Bajelan\" \/>\n<meta name=\"twitter:card\" content=\"summary_large_image\" \/>\n<meta name=\"twitter:creator\" content=\"@TheEpochTimesTR\" \/>\n<meta name=\"twitter:site\" content=\"@TheEpochTimesTR\" \/>\n<meta name=\"twitter:label1\" content=\"Yazan:\" \/>\n\t<meta name=\"twitter:data1\" content=\"Leo Bajelan\" \/>\n\t<meta name=\"twitter:label2\" content=\"Tahmini okuma s\u00fcresi\" \/>\n\t<meta name=\"twitter:data2\" content=\"3 dakika\" \/>\n<script type=\"application\/ld+json\" class=\"yoast-schema-graph\">{\"@context\":\"https:\/\/schema.org\",\"@graph\":[{\"@type\":\"Article\",\"@id\":\"https:\/\/epochtimestr.com\/index.php\/maduro-davasi-suclamalarinin-dusurulmesi-talebi-reddedildi#article\",\"isPartOf\":{\"@id\":\"https:\/\/epochtimestr.com\/index.php\/maduro-davasi-suclamalarinin-dusurulmesi-talebi-reddedildi\"},\"author\":{\"name\":\"Leo Bajelan\",\"@id\":\"https:\/\/epochtimestr.com\/#\/schema\/person\/5fef218711d76d8f232b0e1f1d7e4c0d\"},\"headline\":\"Maduro Davas\u0131: Su\u00e7lamalar\u0131n\u0131n D\u00fc\u015f\u00fcr\u00fclmesi Talebi Reddedildi\",\"datePublished\":\"2026-03-27T13:59:00+00:00\",\"dateModified\":\"2026-03-27T13:59:02+00:00\",\"mainEntityOfPage\":{\"@id\":\"https:\/\/epochtimestr.com\/index.php\/maduro-davasi-suclamalarinin-dusurulmesi-talebi-reddedildi\"},\"wordCount\":412,\"commentCount\":0,\"publisher\":{\"@id\":\"https:\/\/epochtimestr.com\/#organization\"},\"image\":{\"@id\":\"https:\/\/epochtimestr.com\/index.php\/maduro-davasi-suclamalarinin-dusurulmesi-talebi-reddedildi#primaryimage\"},\"thumbnailUrl\":\"https:\/\/epochtimestr.com\/wp-content\/uploads\/2011y\/1000035411.jpg\",\"keywords\":[\"ABD\",\"anayasal haklar\",\"Barry Pollack\",\"Cilia Flores\",\"devlet fonlar\u0131\",\"Maduro davas\u0131\",\"Nicolas Maduro\",\"savunma masraflar\u0131\",\"venezuela\"],\"articleSection\":[\"D\u00dcNYA\",\"G\u00dcNDEM\",\"MAN\u015eET\"],\"inLanguage\":\"tr\",\"potentialAction\":[{\"@type\":\"CommentAction\",\"name\":\"Comment\",\"target\":[\"https:\/\/epochtimestr.com\/index.php\/maduro-davasi-suclamalarinin-dusurulmesi-talebi-reddedildi#respond\"]}]},{\"@type\":\"WebPage\",\"@id\":\"https:\/\/epochtimestr.com\/index.php\/maduro-davasi-suclamalarinin-dusurulmesi-talebi-reddedildi\",\"url\":\"https:\/\/epochtimestr.com\/index.php\/maduro-davasi-suclamalarinin-dusurulmesi-talebi-reddedildi\",\"name\":\"Maduro Davas\u0131: Su\u00e7lamalar\u0131n\u0131n D\u00fc\u015f\u00fcr\u00fclmesi Talebi Reddedildi - The Epoch Times TR\",\"isPartOf\":{\"@id\":\"https:\/\/epochtimestr.com\/#website\"},\"primaryImageOfPage\":{\"@id\":\"https:\/\/epochtimestr.com\/index.php\/maduro-davasi-suclamalarinin-dusurulmesi-talebi-reddedildi#primaryimage\"},\"image\":{\"@id\":\"https:\/\/epochtimestr.com\/index.php\/maduro-davasi-suclamalarinin-dusurulmesi-talebi-reddedildi#primaryimage\"},\"thumbnailUrl\":\"https:\/\/epochtimestr.com\/wp-content\/uploads\/2011y\/1000035411.jpg\",\"datePublished\":\"2026-03-27T13:59:00+00:00\",\"dateModified\":\"2026-03-27T13:59:02+00:00\",\"description\":\"Maduro davas\u0131 kapsam\u0131nda ABD\u2019li yarg\u0131\u00e7, su\u00e7lamalar\u0131n d\u00fc\u015f\u00fcr\u00fclmesi talebini reddetti. Mahkeme savunma fonlar\u0131 karar\u0131n\u0131 erteledi.\",\"inLanguage\":\"tr\",\"potentialAction\":[{\"@type\":\"ReadAction\",\"target\":[\"https:\/\/epochtimestr.com\/index.php\/maduro-davasi-suclamalarinin-dusurulmesi-talebi-reddedildi\"]}]},{\"@type\":\"ImageObject\",\"inLanguage\":\"tr\",\"@id\":\"https:\/\/epochtimestr.com\/index.php\/maduro-davasi-suclamalarinin-dusurulmesi-talebi-reddedildi#primaryimage\",\"url\":\"https:\/\/epochtimestr.com\/wp-content\/uploads\/2011y\/1000035411.jpg\",\"contentUrl\":\"https:\/\/epochtimestr.com\/wp-content\/uploads\/2011y\/1000035411.jpg\",\"width\":1080,\"height\":606},{\"@type\":\"WebSite\",\"@id\":\"https:\/\/epochtimestr.com\/#website\",\"url\":\"https:\/\/epochtimestr.com\/\",\"name\":\"The Epoch Times TR\",\"description\":\"De\u011fi\u015fen D\u00fcnyam\u0131za Taze Bir Bak\u0131\u015f\",\"publisher\":{\"@id\":\"https:\/\/epochtimestr.com\/#organization\"},\"potentialAction\":[{\"@type\":\"SearchAction\",\"target\":{\"@type\":\"EntryPoint\",\"urlTemplate\":\"https:\/\/epochtimestr.com\/?s={search_term_string}\"},\"query-input\":\"required name=search_term_string\"}],\"inLanguage\":\"tr\"},{\"@type\":\"Organization\",\"@id\":\"https:\/\/epochtimestr.com\/#organization\",\"name\":\"The EpochTimes T\u00fcrkiye\",\"url\":\"https:\/\/epochtimestr.com\/\",\"logo\":{\"@type\":\"ImageObject\",\"inLanguage\":\"tr\",\"@id\":\"https:\/\/epochtimestr.com\/#\/schema\/logo\/image\/\",\"url\":\"https:\/\/epochtimestr.com\/wp-content\/uploads\/2011y\/ET-Logo-YG.jpg\",\"contentUrl\":\"https:\/\/epochtimestr.com\/wp-content\/uploads\/2011y\/ET-Logo-YG.jpg\",\"width\":346,\"height\":29,\"caption\":\"The EpochTimes T\u00fcrkiye\"},\"image\":{\"@id\":\"https:\/\/epochtimestr.com\/#\/schema\/logo\/image\/\"},\"sameAs\":[\"https:\/\/www.facebook.com\/theepochtimestr\",\"https:\/\/x.com\/TheEpochTimesTR\",\"https:\/\/www.instagram.com\/epochtimestr\"]},{\"@type\":\"Person\",\"@id\":\"https:\/\/epochtimestr.com\/#\/schema\/person\/5fef218711d76d8f232b0e1f1d7e4c0d\",\"name\":\"Leo Bajelan\",\"image\":{\"@type\":\"ImageObject\",\"inLanguage\":\"tr\",\"@id\":\"https:\/\/epochtimestr.com\/#\/schema\/person\/image\/\",\"url\":\"https:\/\/secure.gravatar.com\/avatar\/917669146f489549e548a2e9af272df5?s=96&d=mm&r=g\",\"contentUrl\":\"https:\/\/secure.gravatar.com\/avatar\/917669146f489549e548a2e9af272df5?s=96&d=mm&r=g\",\"caption\":\"Leo Bajelan\"},\"url\":\"https:\/\/epochtimestr.com\/index.php\/author\/leo\"}]}<\/script>\n<!-- \/ Yoast SEO plugin. -->","yoast_head_json":{"title":"Maduro Davas\u0131: Su\u00e7lamalar\u0131n\u0131n D\u00fc\u015f\u00fcr\u00fclmesi Talebi Reddedildi - The Epoch Times TR","description":"Maduro davas\u0131 kapsam\u0131nda ABD\u2019li yarg\u0131\u00e7, su\u00e7lamalar\u0131n d\u00fc\u015f\u00fcr\u00fclmesi talebini reddetti. Mahkeme savunma fonlar\u0131 karar\u0131n\u0131 erteledi.","robots":{"index":"index","follow":"follow","max-snippet":"max-snippet:-1","max-image-preview":"max-image-preview:large","max-video-preview":"max-video-preview:-1"},"canonical":"https:\/\/epochtimestr.com\/index.php\/maduro-davasi-suclamalarinin-dusurulmesi-talebi-reddedildi","og_locale":"tr_TR","og_type":"article","og_title":"Maduro Davas\u0131: Su\u00e7lamalar\u0131n\u0131n D\u00fc\u015f\u00fcr\u00fclmesi Talebi Reddedildi - The Epoch Times TR","og_description":"Maduro davas\u0131 kapsam\u0131nda ABD\u2019li yarg\u0131\u00e7, su\u00e7lamalar\u0131n d\u00fc\u015f\u00fcr\u00fclmesi talebini reddetti. Mahkeme savunma fonlar\u0131 karar\u0131n\u0131 erteledi.","og_url":"https:\/\/epochtimestr.com\/index.php\/maduro-davasi-suclamalarinin-dusurulmesi-talebi-reddedildi","og_site_name":"The Epoch Times TR","article_publisher":"https:\/\/www.facebook.com\/theepochtimestr","article_published_time":"2026-03-27T13:59:00+00:00","article_modified_time":"2026-03-27T13:59:02+00:00","og_image":[{"width":1080,"height":606,"url":"https:\/\/epochtimestr.com\/wp-content\/uploads\/2011y\/1000035411.jpg","type":"image\/jpeg"}],"author":"Leo Bajelan","twitter_card":"summary_large_image","twitter_creator":"@TheEpochTimesTR","twitter_site":"@TheEpochTimesTR","twitter_misc":{"Yazan:":"Leo Bajelan","Tahmini okuma s\u00fcresi":"3 dakika"},"schema":{"@context":"https:\/\/schema.org","@graph":[{"@type":"Article","@id":"https:\/\/epochtimestr.com\/index.php\/maduro-davasi-suclamalarinin-dusurulmesi-talebi-reddedildi#article","isPartOf":{"@id":"https:\/\/epochtimestr.com\/index.php\/maduro-davasi-suclamalarinin-dusurulmesi-talebi-reddedildi"},"author":{"name":"Leo Bajelan","@id":"https:\/\/epochtimestr.com\/#\/schema\/person\/5fef218711d76d8f232b0e1f1d7e4c0d"},"headline":"Maduro Davas\u0131: Su\u00e7lamalar\u0131n\u0131n D\u00fc\u015f\u00fcr\u00fclmesi Talebi Reddedildi","datePublished":"2026-03-27T13:59:00+00:00","dateModified":"2026-03-27T13:59:02+00:00","mainEntityOfPage":{"@id":"https:\/\/epochtimestr.com\/index.php\/maduro-davasi-suclamalarinin-dusurulmesi-talebi-reddedildi"},"wordCount":412,"commentCount":0,"publisher":{"@id":"https:\/\/epochtimestr.com\/#organization"},"image":{"@id":"https:\/\/epochtimestr.com\/index.php\/maduro-davasi-suclamalarinin-dusurulmesi-talebi-reddedildi#primaryimage"},"thumbnailUrl":"https:\/\/epochtimestr.com\/wp-content\/uploads\/2011y\/1000035411.jpg","keywords":["ABD","anayasal haklar","Barry Pollack","Cilia Flores","devlet fonlar\u0131","Maduro davas\u0131","Nicolas Maduro","savunma masraflar\u0131","venezuela"],"articleSection":["D\u00dcNYA","G\u00dcNDEM","MAN\u015eET"],"inLanguage":"tr","potentialAction":[{"@type":"CommentAction","name":"Comment","target":["https:\/\/epochtimestr.com\/index.php\/maduro-davasi-suclamalarinin-dusurulmesi-talebi-reddedildi#respond"]}]},{"@type":"WebPage","@id":"https:\/\/epochtimestr.com\/index.php\/maduro-davasi-suclamalarinin-dusurulmesi-talebi-reddedildi","url":"https:\/\/epochtimestr.com\/index.php\/maduro-davasi-suclamalarinin-dusurulmesi-talebi-reddedildi","name":"Maduro Davas\u0131: Su\u00e7lamalar\u0131n\u0131n D\u00fc\u015f\u00fcr\u00fclmesi Talebi Reddedildi - The Epoch Times TR","isPartOf":{"@id":"https:\/\/epochtimestr.com\/#website"},"primaryImageOfPage":{"@id":"https:\/\/epochtimestr.com\/index.php\/maduro-davasi-suclamalarinin-dusurulmesi-talebi-reddedildi#primaryimage"},"image":{"@id":"https:\/\/epochtimestr.com\/index.php\/maduro-davasi-suclamalarinin-dusurulmesi-talebi-reddedildi#primaryimage"},"thumbnailUrl":"https:\/\/epochtimestr.com\/wp-content\/uploads\/2011y\/1000035411.jpg","datePublished":"2026-03-27T13:59:00+00:00","dateModified":"2026-03-27T13:59:02+00:00","description":"Maduro davas\u0131 kapsam\u0131nda ABD\u2019li yarg\u0131\u00e7, su\u00e7lamalar\u0131n d\u00fc\u015f\u00fcr\u00fclmesi talebini reddetti. Mahkeme savunma fonlar\u0131 karar\u0131n\u0131 erteledi.","inLanguage":"tr","potentialAction":[{"@type":"ReadAction","target":["https:\/\/epochtimestr.com\/index.php\/maduro-davasi-suclamalarinin-dusurulmesi-talebi-reddedildi"]}]},{"@type":"ImageObject","inLanguage":"tr","@id":"https:\/\/epochtimestr.com\/index.php\/maduro-davasi-suclamalarinin-dusurulmesi-talebi-reddedildi#primaryimage","url":"https:\/\/epochtimestr.com\/wp-content\/uploads\/2011y\/1000035411.jpg","contentUrl":"https:\/\/epochtimestr.com\/wp-content\/uploads\/2011y\/1000035411.jpg","width":1080,"height":606},{"@type":"WebSite","@id":"https:\/\/epochtimestr.com\/#website","url":"https:\/\/epochtimestr.com\/","name":"The Epoch Times TR","description":"De\u011fi\u015fen D\u00fcnyam\u0131za Taze Bir Bak\u0131\u015f","publisher":{"@id":"https:\/\/epochtimestr.com\/#organization"},"potentialAction":[{"@type":"SearchAction","target":{"@type":"EntryPoint","urlTemplate":"https:\/\/epochtimestr.com\/?s={search_term_string}"},"query-input":"required name=search_term_string"}],"inLanguage":"tr"},{"@type":"Organization","@id":"https:\/\/epochtimestr.com\/#organization","name":"The EpochTimes T\u00fcrkiye","url":"https:\/\/epochtimestr.com\/","logo":{"@type":"ImageObject","inLanguage":"tr","@id":"https:\/\/epochtimestr.com\/#\/schema\/logo\/image\/","url":"https:\/\/epochtimestr.com\/wp-content\/uploads\/2011y\/ET-Logo-YG.jpg","contentUrl":"https:\/\/epochtimestr.com\/wp-content\/uploads\/2011y\/ET-Logo-YG.jpg","width":346,"height":29,"caption":"The EpochTimes T\u00fcrkiye"},"image":{"@id":"https:\/\/epochtimestr.com\/#\/schema\/logo\/image\/"},"sameAs":["https:\/\/www.facebook.com\/theepochtimestr","https:\/\/x.com\/TheEpochTimesTR","https:\/\/www.instagram.com\/epochtimestr"]},{"@type":"Person","@id":"https:\/\/epochtimestr.com\/#\/schema\/person\/5fef218711d76d8f232b0e1f1d7e4c0d","name":"Leo Bajelan","image":{"@type":"ImageObject","inLanguage":"tr","@id":"https:\/\/epochtimestr.com\/#\/schema\/person\/image\/","url":"https:\/\/secure.gravatar.com\/avatar\/917669146f489549e548a2e9af272df5?s=96&d=mm&r=g","contentUrl":"https:\/\/secure.gravatar.com\/avatar\/917669146f489549e548a2e9af272df5?s=96&d=mm&r=g","caption":"Leo Bajelan"},"url":"https:\/\/epochtimestr.com\/index.php\/author\/leo"}]}},"_links":{"self":[{"href":"https:\/\/epochtimestr.com\/index.php\/wp-json\/wp\/v2\/posts\/166467"}],"collection":[{"href":"https:\/\/epochtimestr.com\/index.php\/wp-json\/wp\/v2\/posts"}],"about":[{"href":"https:\/\/epochtimestr.com\/index.php\/wp-json\/wp\/v2\/types\/post"}],"author":[{"embeddable":true,"href":"https:\/\/epochtimestr.com\/index.php\/wp-json\/wp\/v2\/users\/13996"}],"replies":[{"embeddable":true,"href":"https:\/\/epochtimestr.com\/index.php\/wp-json\/wp\/v2\/comments?post=166467"}],"version-history":[{"count":2,"href":"https:\/\/epochtimestr.com\/index.php\/wp-json\/wp\/v2\/posts\/166467\/revisions"}],"predecessor-version":[{"id":166476,"href":"https:\/\/epochtimestr.com\/index.php\/wp-json\/wp\/v2\/posts\/166467\/revisions\/166476"}],"wp:featuredmedia":[{"embeddable":true,"href":"https:\/\/epochtimestr.com\/index.php\/wp-json\/wp\/v2\/media\/166468"}],"wp:attachment":[{"href":"https:\/\/epochtimestr.com\/index.php\/wp-json\/wp\/v2\/media?parent=166467"}],"wp:term":[{"taxonomy":"category","embeddable":true,"href":"https:\/\/epochtimestr.com\/index.php\/wp-json\/wp\/v2\/categories?post=166467"},{"taxonomy":"post_tag","embeddable":true,"href":"https:\/\/epochtimestr.com\/index.php\/wp-json\/wp\/v2\/tags?post=166467"}],"curies":[{"name":"wp","href":"https:\/\/api.w.org\/{rel}","templated":true}]}}