{"id":166482,"date":"2026-03-28T09:07:41","date_gmt":"2026-03-28T06:07:41","guid":{"rendered":"https:\/\/epochtimestr.com\/?p=166482"},"modified":"2026-03-28T09:08:39","modified_gmt":"2026-03-28T06:08:39","slug":"renkli-bir-sima","status":"publish","type":"post","link":"https:\/\/epochtimestr.com\/index.php\/renkli-bir-sima","title":{"rendered":"Renkli Bir Sima"},"content":{"rendered":"\n<p><\/p>\n\n\n\n<p class=\"has-text-align-right\">\u201cDostluk, ufuktan gelen bir \u0131\u015f\u0131\u011fa benzer. I\u015f\u0131k kesildi\u011finde y\u00fcr\u00fcmekte zorluk \u00e7ekersin\u201d A. Kendir<\/p>\n\n\n\n<p>Bu haftaki konu\u011fumuz, renkli ki\u015filik, mahir insan Abdullah Kendir. Kimi insanlar etraf\u0131na negatif enerji yayar, karamsarl\u0131k havas\u0131 estirir. Ama Kendir Hoca bir ba\u015fka. Yan\u0131ndaki insanlara g\u00fcven veren, ne\u015feli, dost canl\u0131s\u0131. Hareketlili\u011fi, n\u00fcktedanl\u0131\u011f\u0131, enerjisi hemen sar\u0131p sarmal\u0131yor. Ak\u0131c\u0131 bir anlat\u0131m tarz\u0131 var. Anlatt\u0131klar\u0131n\u0131 an\u0131lar\u0131yla donat\u0131yor, adeta yeniden ya\u015f\u0131yor. 1956 Mersin do\u011fumlu emekli okul m\u00fcd\u00fcr\u00fc; Abdullah Kendir, Mersin\u2019in tan\u0131nm\u0131\u015f simalar\u0131ndan, tan\u0131yan\u0131, seveni, arkada\u015f\u0131 \u00e7ok.<\/p>\n\n\n\n<p>Hoca ile \u00f6\u011fretmenevinde bulu\u015ftuk, uzun s\u00fcredir planlad\u0131\u011f\u0131m\u0131z s\u00f6yle\u015fiyi ger\u00e7ekle\u015ftirdik. Ger\u00e7i face ortam\u0131nda s\u00fcrekli beraberiz. Ancak y\u00fcz y\u00fcze konu\u015fmak farkl\u0131. O bir\u00e7ok unvan\u0131 birden elinde tutuyor. E\u011fitimci, e\u011fitim ko\u00e7u, muhasebeci, sporcu, gezgin, kooperatif\u00e7i, koleksiyoner, k\u00f6\u015fe yazar\u0131. 1973 y\u0131l\u0131, Atat\u00fcrk Lisesi ilk mezunlar\u0131ndan. Atat\u00fcrk Lisesi o d\u00f6nemler Tevfik S\u0131rr\u0131 G\u00fcr Lisesi gibi, ad\u0131na yak\u0131\u015fan mezunlar veren iki kurumdan biridir. Lise e\u011fitiminin ard\u0131ndan 1975-1979 aras\u0131, Mersin B\u00fcy\u00fck Sanayi Sitesi Yap\u0131 Kooperatifi muhasebe m\u00fcd\u00fcrl\u00fc\u011f\u00fc ve Madeni Sanatk\u00e2rlar Derne\u011fi y\u00f6neticili\u011fi yapt\u0131. D\u00f6rt sene de ekibiyle 423 i\u015fyeri teslimat\u0131 ger\u00e7ekle\u015ftirdi. Bu arada Mersin E\u011fitim Enstit\u00fcs\u00fcne devam etti. Enstit\u00fc sonras\u0131, \u00f6\u011fretmenli\u011fe ge\u00e7ti. MEB b\u00fcnyesinde otuz y\u0131l g\u00f6rev yapt\u0131 ve emekli oldu.<\/p>\n\n\n\n<p>Bir\u00e7ok eski Mersinli gibi o da ge\u00e7mi\u015f g\u00fcnleri \u00f6zlemle an\u0131yor: \u201cO d\u00f6nemde mahalle k\u00fclt\u00fcr\u00fc vard\u0131. Mahallede oturan her bireyin tan\u0131nd\u0131\u011f\u0131 bir yerle\u015fim yap\u0131s\u0131 vard\u0131. Bakt\u0131\u011f\u0131n\u0131z zaman tek katl\u0131 evlerin avlular\u0131nda t\u00fcm insanlar tan\u0131n\u0131r, bilinirdi. A\u00e7g\u00f6zl\u00fc in\u015faat ustalar\u0131n\u0131n buraya gelip, kat kar\u015f\u0131l\u0131\u011f\u0131, \u00e7ok katl\u0131 binalar yapmas\u0131yla, Mersin ilk yaras\u0131n\u0131 ald\u0131. Mutedil iklim ko\u015fullar\u0131n\u0131n ve oy avc\u0131l\u0131\u011f\u0131 pe\u015finde ko\u015fan politikac\u0131lar\u0131n te\u015fvikiyle, i\u00e7 g\u00f6\u00e7 iyice artt\u0131. \u015eimdiki son m\u00fclteci ak\u0131n\u0131yla birlikte, i\u015f bulmak, rahat ya\u015fam s\u00fcrmek epey zorla\u015ft\u0131.\u201d<\/p>\n\n\n\n<p>Abdullah Kendir, orta\u00f6\u011fretim d\u00f6neminde, alt\u0131 y\u0131l bilfiil boks ve halter \u00e7al\u0131\u015ft\u0131. Boksta \u201csolak boks\u00f6r ve Yenimahalleli\u201d nam\u0131 ile 56 kg\u2019da \u0130\u00e7el \u015fampiyonu oldu. Halterde \u201choroz s\u0131klette\u201d dereceler elde etti. \u00c7ocuklu\u011fundan beri i\u00e7inde sinema merak\u0131 vard\u0131. Ba\u015far\u0131l\u0131 oyuncular\u0131n yapt\u0131klar\u0131na bak\u0131p; \u201cben neden yapamayay\u0131m\u201d dedi. Baz\u0131 filmlerde rol ald\u0131. K\u0131sa filmler, klipler \u00e7ekti.<\/p>\n\n\n\n<p>Hocan\u0131n el becerileri gayet geli\u015fkindir. Tak\u0131 ve tespih tasar\u0131mc\u0131l\u0131\u011f\u0131n\u0131 en g\u00fczel bi\u00e7imde uygulamaya \u00e7al\u0131\u015f\u0131r. Hobi ama\u00e7l\u0131 ba\u015flad\u0131\u011f\u0131, kaliteli tespih ve antika saat biriktirmeyi isteyerek s\u00fcrd\u00fcr\u00fcyor. Okul y\u0131llar\u0131nda ba\u015flayan iyi kompozisyon yazma yetene\u011fi, yerel gazetelerde k\u00f6\u015fe yazarl\u0131\u011f\u0131na, \u00f6yk\u00fcc\u00fcl\u00fc\u011fe vesile oldu. Kendi deyimiyle \u201cbir f\u0131kra d\u00fc\u015fk\u00fcn\u00fcd\u00fcr\u201d. Da\u011farc\u0131\u011f\u0131nda y\u00fczlerce f\u0131kra vard\u0131r. F\u0131kra anlatmay\u0131 sanat addeder. Motosiklet binicili\u011fi, onun i\u00e7in bir tutkudur ve ayn\u0131 zamanda m\u00fcthi\u015f \u00f6zg\u00fcrl\u00fck hissi verir. 16 ya\u015f\u0131ndan bu yana, bu tutku onu yollara at\u0131yor! Gezmek, yeni yerler, \u00fclkeler ke\u015ffetmek, b\u00fcy\u00fck mutluluktur. Do\u011fay\u0131, \u00fclkenin g\u00fczelliklerini seviyor. F\u0131rsat bulduk\u00e7a seyahatlere \u00e7\u0131k\u0131yor, foto\u011fraflar\u0131yla bunlar\u0131 \u00f6l\u00fcms\u00fczle\u015ftiriyor. Tabiat harikalar\u0131n\u0131n ve tarihi g\u00fczelliklerin korunamad\u0131\u011f\u0131ndan \u015fik\u00e2yet\u00e7i.<\/p>\n\n\n\n<p>Gitti\u011fi \u00fclkelerde en ba\u015fta trafi\u011fe dikkat kesilir. Trafik d\u00fczeni, g\u00fcvenli ya\u015fam, \u00f6nleyici tedbirler belirleyicidir. Teknolojinin, piyasaya yeni \u00e7\u0131kan \u00fcr\u00fcnlerin s\u0131k\u0131 takip\u00e7isidir. Musikiyi sever. Sanat m\u00fczi\u011fi icra eder.<\/p>\n\n\n\n<p>Siyasete fazla girmek istemiyor hoca. \u201cVatan\u0131na, bayra\u011f\u0131na, milletine hizmet edenlere hayran\u0131m; ekmek yedi\u011fi kaba pisleyenlerin de kar\u015f\u0131s\u0131nday\u0131m\u201d diyenlerden. Ayr\u0131ca \u201cMersin\u2019de ve \u00fclkemizde iyi \u015feyler de oluyor\u201d tespitini yap\u0131yor gururla. Kendir Hoca, hayat\u0131, insanlar\u0131 seviyor ve gelecekten umutlu. Ya\u015fam enerjisini hi\u00e7 yitirmiyor, hep \u00fcst seviyelerde tutuyor ve bunu herkese \u00f6neriyor. S\u00f6yle\u015fimiz hayli keyifliydi. Planlad\u0131\u011f\u0131m\u0131zdan da uzun s\u00fcrd\u00fc. Ben kendi ad\u0131ma Hoca ile daha fazla bir araya gelme, onunla daha fazla vakit ge\u00e7irme karar\u0131 ald\u0131m. Kim bilir? B\u00f6ylelikle bana ondan bir \u015feyler bula\u015f\u0131r diye d\u00fc\u015f\u00fcn\u00fcyorum.<\/p>\n\n\n\n<p><\/p>\n\n\n\n<p><em>Bu yaz\u0131 ilk olarak 23 Mart 2017 tarihinde, inovatifhaber.com sitesinde <a href=\"https:\/\/www.inovatifhaber.com\/yazar\/bekir-zorba\/renkli-bir-sima-1855-kose-yazisi\">yay\u0131nlanm\u0131\u015ft\u0131r<\/a>.<\/em><\/p>\n","protected":false},"excerpt":{"rendered":"<p>\u201cDostluk, ufuktan gelen bir \u0131\u015f\u0131\u011fa benzer. I\u015f\u0131k kesildi\u011finde y\u00fcr\u00fcmekte zorluk \u00e7ekersin\u201d A. Kendir Bu haftaki konu\u011fumuz, renkli ki\u015filik, mahir insan Abdullah Kendir. Kimi insanlar etraf\u0131na negatif enerji yayar, karamsarl\u0131k havas\u0131 estirir. Ama Kendir Hoca bir ba\u015fka. Yan\u0131ndaki insanlara g\u00fcven veren, ne\u015feli, dost canl\u0131s\u0131. Hareketlili\u011fi, n\u00fcktedanl\u0131\u011f\u0131, enerjisi hemen sar\u0131p sarmal\u0131yor. Ak\u0131c\u0131 bir anlat\u0131m tarz\u0131 var. Anlatt\u0131klar\u0131n\u0131 [&hellip;]<\/p>\n","protected":false},"author":14001,"featured_media":161038,"comment_status":"open","ping_status":"open","sticky":false,"template":"","format":"standard","meta":{"_yoast_wpseo_focuskw":"Abdullah Kendir","_yoast_wpseo_title":"","_yoast_wpseo_metadesc":"Bu haftaki konu\u011fumuz, renkli ki\u015filik, mahir insan Abdullah Kendir. Yan\u0131ndaki insanlara g\u00fcven veren, ne\u015feli, dost canl\u0131s\u0131.","_bbp_topic_count":0,"_bbp_reply_count":0,"_bbp_total_topic_count":0,"_bbp_total_reply_count":0,"_bbp_voice_count":0,"_bbp_anonymous_reply_count":0,"_bbp_topic_count_hidden":0,"_bbp_reply_count_hidden":0,"_bbp_forum_subforum_count":0,"footnotes":"","_yoast_wpseo_focuskw_text_input":""},"categories":[9170],"tags":[],"yoast_head":"<!-- This site is optimized with the Yoast SEO plugin v23.0 - https:\/\/yoast.com\/wordpress\/plugins\/seo\/ -->\n<title>Renkli Bir Sima - The Epoch Times TR<\/title>\n<meta name=\"description\" content=\"Bu haftaki konu\u011fumuz, renkli ki\u015filik, mahir insan Abdullah Kendir. Yan\u0131ndaki insanlara g\u00fcven veren, ne\u015feli, dost canl\u0131s\u0131.\" \/>\n<meta name=\"robots\" content=\"index, follow, max-snippet:-1, max-image-preview:large, max-video-preview:-1\" \/>\n<link rel=\"canonical\" href=\"https:\/\/epochtimestr.com\/index.php\/renkli-bir-sima\" \/>\n<meta property=\"og:locale\" content=\"tr_TR\" \/>\n<meta property=\"og:type\" content=\"article\" \/>\n<meta property=\"og:title\" content=\"Renkli Bir Sima - The Epoch Times TR\" \/>\n<meta property=\"og:description\" content=\"Bu haftaki konu\u011fumuz, renkli ki\u015filik, mahir insan Abdullah Kendir. Yan\u0131ndaki insanlara g\u00fcven veren, ne\u015feli, dost canl\u0131s\u0131.\" \/>\n<meta property=\"og:url\" content=\"https:\/\/epochtimestr.com\/index.php\/renkli-bir-sima\" \/>\n<meta property=\"og:site_name\" content=\"The Epoch Times TR\" \/>\n<meta property=\"article:publisher\" content=\"https:\/\/www.facebook.com\/theepochtimestr\" \/>\n<meta property=\"article:published_time\" content=\"2026-03-28T06:07:41+00:00\" \/>\n<meta property=\"article:modified_time\" content=\"2026-03-28T06:08:39+00:00\" \/>\n<meta property=\"og:image\" content=\"https:\/\/epochtimestr.com\/wp-content\/uploads\/2011y\/signal-bz-ak.jpeg\" \/>\n\t<meta property=\"og:image:width\" content=\"1200\" \/>\n\t<meta property=\"og:image:height\" content=\"630\" \/>\n\t<meta property=\"og:image:type\" content=\"image\/jpeg\" \/>\n<meta name=\"author\" content=\"Bekir Zorba\" \/>\n<meta name=\"twitter:card\" content=\"summary_large_image\" \/>\n<meta name=\"twitter:creator\" content=\"@TheEpochTimesTR\" \/>\n<meta name=\"twitter:site\" content=\"@TheEpochTimesTR\" \/>\n<meta name=\"twitter:label1\" content=\"Yazan:\" \/>\n\t<meta name=\"twitter:data1\" content=\"Bekir Zorba\" \/>\n\t<meta name=\"twitter:label2\" content=\"Tahmini okuma s\u00fcresi\" \/>\n\t<meta name=\"twitter:data2\" content=\"4 dakika\" \/>\n<script type=\"application\/ld+json\" class=\"yoast-schema-graph\">{\"@context\":\"https:\/\/schema.org\",\"@graph\":[{\"@type\":\"Article\",\"@id\":\"https:\/\/epochtimestr.com\/index.php\/renkli-bir-sima#article\",\"isPartOf\":{\"@id\":\"https:\/\/epochtimestr.com\/index.php\/renkli-bir-sima\"},\"author\":{\"name\":\"Bekir Zorba\",\"@id\":\"https:\/\/epochtimestr.com\/#\/schema\/person\/da1ad104599611965442ed3e7e9acb2b\"},\"headline\":\"Renkli Bir Sima\",\"datePublished\":\"2026-03-28T06:07:41+00:00\",\"dateModified\":\"2026-03-28T06:08:39+00:00\",\"mainEntityOfPage\":{\"@id\":\"https:\/\/epochtimestr.com\/index.php\/renkli-bir-sima\"},\"wordCount\":757,\"commentCount\":0,\"publisher\":{\"@id\":\"https:\/\/epochtimestr.com\/#organization\"},\"image\":{\"@id\":\"https:\/\/epochtimestr.com\/index.php\/renkli-bir-sima#primaryimage\"},\"thumbnailUrl\":\"https:\/\/epochtimestr.com\/wp-content\/uploads\/2011y\/Bekir-Zorba.png\",\"articleSection\":[\"K\u00f6\u015fe Yaz\u0131lar\u0131 Bekir Zorba\"],\"inLanguage\":\"tr\",\"potentialAction\":[{\"@type\":\"CommentAction\",\"name\":\"Comment\",\"target\":[\"https:\/\/epochtimestr.com\/index.php\/renkli-bir-sima#respond\"]}]},{\"@type\":\"WebPage\",\"@id\":\"https:\/\/epochtimestr.com\/index.php\/renkli-bir-sima\",\"url\":\"https:\/\/epochtimestr.com\/index.php\/renkli-bir-sima\",\"name\":\"Renkli Bir Sima - The Epoch Times TR\",\"isPartOf\":{\"@id\":\"https:\/\/epochtimestr.com\/#website\"},\"primaryImageOfPage\":{\"@id\":\"https:\/\/epochtimestr.com\/index.php\/renkli-bir-sima#primaryimage\"},\"image\":{\"@id\":\"https:\/\/epochtimestr.com\/index.php\/renkli-bir-sima#primaryimage\"},\"thumbnailUrl\":\"https:\/\/epochtimestr.com\/wp-content\/uploads\/2011y\/Bekir-Zorba.png\",\"datePublished\":\"2026-03-28T06:07:41+00:00\",\"dateModified\":\"2026-03-28T06:08:39+00:00\",\"description\":\"Bu haftaki konu\u011fumuz, renkli ki\u015filik, mahir insan Abdullah Kendir. Yan\u0131ndaki insanlara g\u00fcven veren, ne\u015feli, dost canl\u0131s\u0131.\",\"inLanguage\":\"tr\",\"potentialAction\":[{\"@type\":\"ReadAction\",\"target\":[\"https:\/\/epochtimestr.com\/index.php\/renkli-bir-sima\"]}]},{\"@type\":\"ImageObject\",\"inLanguage\":\"tr\",\"@id\":\"https:\/\/epochtimestr.com\/index.php\/renkli-bir-sima#primaryimage\",\"url\":\"https:\/\/epochtimestr.com\/wp-content\/uploads\/2011y\/Bekir-Zorba.png\",\"contentUrl\":\"https:\/\/epochtimestr.com\/wp-content\/uploads\/2011y\/Bekir-Zorba.png\",\"width\":600,\"height\":600},{\"@type\":\"WebSite\",\"@id\":\"https:\/\/epochtimestr.com\/#website\",\"url\":\"https:\/\/epochtimestr.com\/\",\"name\":\"The Epoch Times TR\",\"description\":\"De\u011fi\u015fen D\u00fcnyam\u0131za Taze Bir Bak\u0131\u015f\",\"publisher\":{\"@id\":\"https:\/\/epochtimestr.com\/#organization\"},\"potentialAction\":[{\"@type\":\"SearchAction\",\"target\":{\"@type\":\"EntryPoint\",\"urlTemplate\":\"https:\/\/epochtimestr.com\/?s={search_term_string}\"},\"query-input\":\"required name=search_term_string\"}],\"inLanguage\":\"tr\"},{\"@type\":\"Organization\",\"@id\":\"https:\/\/epochtimestr.com\/#organization\",\"name\":\"The EpochTimes T\u00fcrkiye\",\"url\":\"https:\/\/epochtimestr.com\/\",\"logo\":{\"@type\":\"ImageObject\",\"inLanguage\":\"tr\",\"@id\":\"https:\/\/epochtimestr.com\/#\/schema\/logo\/image\/\",\"url\":\"https:\/\/epochtimestr.com\/wp-content\/uploads\/2011y\/ET-Logo-YG.jpg\",\"contentUrl\":\"https:\/\/epochtimestr.com\/wp-content\/uploads\/2011y\/ET-Logo-YG.jpg\",\"width\":346,\"height\":29,\"caption\":\"The EpochTimes T\u00fcrkiye\"},\"image\":{\"@id\":\"https:\/\/epochtimestr.com\/#\/schema\/logo\/image\/\"},\"sameAs\":[\"https:\/\/www.facebook.com\/theepochtimestr\",\"https:\/\/x.com\/TheEpochTimesTR\",\"https:\/\/www.instagram.com\/epochtimestr\"]},{\"@type\":\"Person\",\"@id\":\"https:\/\/epochtimestr.com\/#\/schema\/person\/da1ad104599611965442ed3e7e9acb2b\",\"name\":\"Bekir Zorba\",\"image\":{\"@type\":\"ImageObject\",\"inLanguage\":\"tr\",\"@id\":\"https:\/\/epochtimestr.com\/#\/schema\/person\/image\/\",\"url\":\"https:\/\/secure.gravatar.com\/avatar\/eafd40d9b77b1fbf7c565a3d4916b79c?s=96&d=mm&r=g\",\"contentUrl\":\"https:\/\/secure.gravatar.com\/avatar\/eafd40d9b77b1fbf7c565a3d4916b79c?s=96&d=mm&r=g\",\"caption\":\"Bekir Zorba\"},\"url\":\"https:\/\/epochtimestr.com\/index.php\/author\/bekir\"}]}<\/script>\n<!-- \/ Yoast SEO plugin. -->","yoast_head_json":{"title":"Renkli Bir Sima - The Epoch Times TR","description":"Bu haftaki konu\u011fumuz, renkli ki\u015filik, mahir insan Abdullah Kendir. Yan\u0131ndaki insanlara g\u00fcven veren, ne\u015feli, dost canl\u0131s\u0131.","robots":{"index":"index","follow":"follow","max-snippet":"max-snippet:-1","max-image-preview":"max-image-preview:large","max-video-preview":"max-video-preview:-1"},"canonical":"https:\/\/epochtimestr.com\/index.php\/renkli-bir-sima","og_locale":"tr_TR","og_type":"article","og_title":"Renkli Bir Sima - The Epoch Times TR","og_description":"Bu haftaki konu\u011fumuz, renkli ki\u015filik, mahir insan Abdullah Kendir. Yan\u0131ndaki insanlara g\u00fcven veren, ne\u015feli, dost canl\u0131s\u0131.","og_url":"https:\/\/epochtimestr.com\/index.php\/renkli-bir-sima","og_site_name":"The Epoch Times TR","article_publisher":"https:\/\/www.facebook.com\/theepochtimestr","article_published_time":"2026-03-28T06:07:41+00:00","article_modified_time":"2026-03-28T06:08:39+00:00","og_image":[{"width":1200,"height":630,"url":"https:\/\/epochtimestr.com\/wp-content\/uploads\/2011y\/signal-bz-ak.jpeg","type":"image\/jpeg"}],"author":"Bekir Zorba","twitter_card":"summary_large_image","twitter_creator":"@TheEpochTimesTR","twitter_site":"@TheEpochTimesTR","twitter_misc":{"Yazan:":"Bekir Zorba","Tahmini okuma s\u00fcresi":"4 dakika"},"schema":{"@context":"https:\/\/schema.org","@graph":[{"@type":"Article","@id":"https:\/\/epochtimestr.com\/index.php\/renkli-bir-sima#article","isPartOf":{"@id":"https:\/\/epochtimestr.com\/index.php\/renkli-bir-sima"},"author":{"name":"Bekir Zorba","@id":"https:\/\/epochtimestr.com\/#\/schema\/person\/da1ad104599611965442ed3e7e9acb2b"},"headline":"Renkli Bir Sima","datePublished":"2026-03-28T06:07:41+00:00","dateModified":"2026-03-28T06:08:39+00:00","mainEntityOfPage":{"@id":"https:\/\/epochtimestr.com\/index.php\/renkli-bir-sima"},"wordCount":757,"commentCount":0,"publisher":{"@id":"https:\/\/epochtimestr.com\/#organization"},"image":{"@id":"https:\/\/epochtimestr.com\/index.php\/renkli-bir-sima#primaryimage"},"thumbnailUrl":"https:\/\/epochtimestr.com\/wp-content\/uploads\/2011y\/Bekir-Zorba.png","articleSection":["K\u00f6\u015fe Yaz\u0131lar\u0131 Bekir Zorba"],"inLanguage":"tr","potentialAction":[{"@type":"CommentAction","name":"Comment","target":["https:\/\/epochtimestr.com\/index.php\/renkli-bir-sima#respond"]}]},{"@type":"WebPage","@id":"https:\/\/epochtimestr.com\/index.php\/renkli-bir-sima","url":"https:\/\/epochtimestr.com\/index.php\/renkli-bir-sima","name":"Renkli Bir Sima - The Epoch Times TR","isPartOf":{"@id":"https:\/\/epochtimestr.com\/#website"},"primaryImageOfPage":{"@id":"https:\/\/epochtimestr.com\/index.php\/renkli-bir-sima#primaryimage"},"image":{"@id":"https:\/\/epochtimestr.com\/index.php\/renkli-bir-sima#primaryimage"},"thumbnailUrl":"https:\/\/epochtimestr.com\/wp-content\/uploads\/2011y\/Bekir-Zorba.png","datePublished":"2026-03-28T06:07:41+00:00","dateModified":"2026-03-28T06:08:39+00:00","description":"Bu haftaki konu\u011fumuz, renkli ki\u015filik, mahir insan Abdullah Kendir. Yan\u0131ndaki insanlara g\u00fcven veren, ne\u015feli, dost canl\u0131s\u0131.","inLanguage":"tr","potentialAction":[{"@type":"ReadAction","target":["https:\/\/epochtimestr.com\/index.php\/renkli-bir-sima"]}]},{"@type":"ImageObject","inLanguage":"tr","@id":"https:\/\/epochtimestr.com\/index.php\/renkli-bir-sima#primaryimage","url":"https:\/\/epochtimestr.com\/wp-content\/uploads\/2011y\/Bekir-Zorba.png","contentUrl":"https:\/\/epochtimestr.com\/wp-content\/uploads\/2011y\/Bekir-Zorba.png","width":600,"height":600},{"@type":"WebSite","@id":"https:\/\/epochtimestr.com\/#website","url":"https:\/\/epochtimestr.com\/","name":"The Epoch Times TR","description":"De\u011fi\u015fen D\u00fcnyam\u0131za Taze Bir Bak\u0131\u015f","publisher":{"@id":"https:\/\/epochtimestr.com\/#organization"},"potentialAction":[{"@type":"SearchAction","target":{"@type":"EntryPoint","urlTemplate":"https:\/\/epochtimestr.com\/?s={search_term_string}"},"query-input":"required name=search_term_string"}],"inLanguage":"tr"},{"@type":"Organization","@id":"https:\/\/epochtimestr.com\/#organization","name":"The EpochTimes T\u00fcrkiye","url":"https:\/\/epochtimestr.com\/","logo":{"@type":"ImageObject","inLanguage":"tr","@id":"https:\/\/epochtimestr.com\/#\/schema\/logo\/image\/","url":"https:\/\/epochtimestr.com\/wp-content\/uploads\/2011y\/ET-Logo-YG.jpg","contentUrl":"https:\/\/epochtimestr.com\/wp-content\/uploads\/2011y\/ET-Logo-YG.jpg","width":346,"height":29,"caption":"The EpochTimes T\u00fcrkiye"},"image":{"@id":"https:\/\/epochtimestr.com\/#\/schema\/logo\/image\/"},"sameAs":["https:\/\/www.facebook.com\/theepochtimestr","https:\/\/x.com\/TheEpochTimesTR","https:\/\/www.instagram.com\/epochtimestr"]},{"@type":"Person","@id":"https:\/\/epochtimestr.com\/#\/schema\/person\/da1ad104599611965442ed3e7e9acb2b","name":"Bekir Zorba","image":{"@type":"ImageObject","inLanguage":"tr","@id":"https:\/\/epochtimestr.com\/#\/schema\/person\/image\/","url":"https:\/\/secure.gravatar.com\/avatar\/eafd40d9b77b1fbf7c565a3d4916b79c?s=96&d=mm&r=g","contentUrl":"https:\/\/secure.gravatar.com\/avatar\/eafd40d9b77b1fbf7c565a3d4916b79c?s=96&d=mm&r=g","caption":"Bekir Zorba"},"url":"https:\/\/epochtimestr.com\/index.php\/author\/bekir"}]}},"_links":{"self":[{"href":"https:\/\/epochtimestr.com\/index.php\/wp-json\/wp\/v2\/posts\/166482"}],"collection":[{"href":"https:\/\/epochtimestr.com\/index.php\/wp-json\/wp\/v2\/posts"}],"about":[{"href":"https:\/\/epochtimestr.com\/index.php\/wp-json\/wp\/v2\/types\/post"}],"author":[{"embeddable":true,"href":"https:\/\/epochtimestr.com\/index.php\/wp-json\/wp\/v2\/users\/14001"}],"replies":[{"embeddable":true,"href":"https:\/\/epochtimestr.com\/index.php\/wp-json\/wp\/v2\/comments?post=166482"}],"version-history":[{"count":2,"href":"https:\/\/epochtimestr.com\/index.php\/wp-json\/wp\/v2\/posts\/166482\/revisions"}],"predecessor-version":[{"id":166488,"href":"https:\/\/epochtimestr.com\/index.php\/wp-json\/wp\/v2\/posts\/166482\/revisions\/166488"}],"wp:featuredmedia":[{"embeddable":true,"href":"https:\/\/epochtimestr.com\/index.php\/wp-json\/wp\/v2\/media\/161038"}],"wp:attachment":[{"href":"https:\/\/epochtimestr.com\/index.php\/wp-json\/wp\/v2\/media?parent=166482"}],"wp:term":[{"taxonomy":"category","embeddable":true,"href":"https:\/\/epochtimestr.com\/index.php\/wp-json\/wp\/v2\/categories?post=166482"},{"taxonomy":"post_tag","embeddable":true,"href":"https:\/\/epochtimestr.com\/index.php\/wp-json\/wp\/v2\/tags?post=166482"}],"curies":[{"name":"wp","href":"https:\/\/api.w.org\/{rel}","templated":true}]}}