{"id":166509,"date":"2026-03-29T11:44:27","date_gmt":"2026-03-29T08:44:27","guid":{"rendered":"https:\/\/epochtimestr.com\/?p=166509"},"modified":"2026-03-29T11:44:29","modified_gmt":"2026-03-29T08:44:29","slug":"sozun-tadi","status":"publish","type":"post","link":"https:\/\/epochtimestr.com\/index.php\/sozun-tadi","title":{"rendered":"S\u00f6z\u00fcn Tad\u0131"},"content":{"rendered":"\n<p class=\"has-text-align-right\">\u201cKalp denizdir, dil ise k\u0131y\u0131.<br \/>Denizde ne varsa k\u0131y\u0131ya o vurur.<br \/>Dilini terbiye etmeden \u00f6nce y\u00fcre\u011fini terbiye et.<br \/>\u00c7\u00fcnk\u00fc s\u00f6z y\u00fcrekten gelir, dilden \u00e7\u0131kar.\u201d<br \/>Hz. Mevl\u00e2n\u00e2<\/p>\n\n\n\n<p>\u201cDinleyen dinlenir.\u201d<\/p>\n\n\n\n<p>Bu s\u00f6z\u00fc ilk kez merhum \u00d6mer Tu\u011frul \u0130nan\u00e7er\u2019den duymu\u015ftum.<\/p>\n\n\n\n<p>\u00dc\u00e7 katmanl\u0131 bir yap\u0131 g\u00f6rd\u00fcm s\u00f6zde.<\/p>\n\n\n\n<p>1. S\u00f6z dinleyen rahata erer (dinlenmek, istirahat etmek anlam\u0131yla).<\/p>\n\n\n\n<p>Malumunuzdur,&nbsp; s\u00f6z dinleyen ki\u015fi, s\u00f6z\u00fcn\u00fc dinledi\u011fi tecr\u00fcbeli ki\u015finin sayesinde <em>ne yapsam, nas\u0131l yapsam<\/em> kayg\u0131s\u0131yla bocalamaz. Sonuca kestirmeden ula\u015farak zaman kazanm\u0131\u015f olur; b\u00f6ylece gereksiz efor sarf etmeden din\u00e7 kal\u0131r.<\/p>\n\n\n\n<p>2. Dinleyen ki\u015finin s\u00f6z\u00fc dinlenir.<\/p>\n\n\n\n<p>Dinleyen, dinleyerek terbiye oldu\u011fu, \u00f6\u011frendi\u011fi, e\u011fitildi\u011fi i\u00e7in, zamanla s\u00f6z\u00fc dinlenecek ki\u015fi olgunlu\u011funa eri\u015fir.&nbsp;Yani s\u00f6z dinleyeni, ba\u015fkalar\u0131 da dinlemeye de\u011fer bulur. S\u00f6z dinleyerek elde etti\u011fi bilgelik sayesinde, ki\u015fi s\u00f6z s\u00f6yleme, s\u00f6yledi\u011fi s\u00f6zle muhatab\u0131na tesir etme becerisine kavu\u015fur.<\/p>\n\n\n\n<p>3. Dinleyen&nbsp;<em>din\u2019lenir<\/em>. Yani din sahibi olur.&nbsp;<\/p>\n\n\n\n<p>Dinledi\u011fi ki\u015fi onu -dinleme yoluyla- din\u00ee terbiyeyle donat\u0131r, din sahibi k\u0131lar, re\u015fit k\u0131lar.&nbsp;<\/p>\n\n\n\n<p>Zaten m\u00fcr\u015fit, ir\u015fat eden, ki\u015fiyi re\u015fit k\u0131lan ( olgunla\u015ft\u0131ran, haml\u0131ktan kurtaran) ki\u015fi demektir.<\/p>\n\n\n\n<p>Burada <em>din sahibi olmak<\/em> kavram\u0131, bir hayat g\u00f6r\u00fc\u015f\u00fcne sahip olmak, ya\u015fant\u0131s\u0131n\u0131 sa\u011flam bir temele oturtacak d\u00fc\u015f\u00fcnce ve muhakeme g\u00fcc\u00fcne kavu\u015fmak, hayat\u0131n trajik \u00e7alkant\u0131lar\u0131 kar\u015f\u0131s\u0131nda savrulmadan, \u00f6z olgunlu\u011fuyla karar verebilmek anlam\u0131ndad\u0131r.<\/p>\n\n\n\n<p>\u2026<\/p>\n\n\n\n<p>Ama bununla \u00e7eli\u015fiyor g\u00f6r\u00fcnen ba\u015fka bir s\u00f6z var; kimilerine g\u00f6re \u015eeyh Edebali\u2019nin s\u00f6z\u00fc;<\/p>\n\n\n\n<p>\u201c\u0130nsan kula\u011f\u0131ndan zehirlenir.\u201d<\/p>\n\n\n\n<p>\u00d6yle ya, her s\u00f6ylenene kulak kabart\u0131rsan yolunu kaybedebilirsin.<\/p>\n\n\n\n<p>\u015eeytan da kulaklara f\u0131s\u0131ldam\u0131yor mu? Cennetteyken insan\u0131 s\u00f6zleriyle kand\u0131rmad\u0131 m\u0131?<\/p>\n\n\n\n<p>Bu ifadeye g\u00f6re de her s\u00f6ze itibar etmemeli, her lafa kulak asmamal\u0131.<\/p>\n\n\n\n<p>Do\u011frusu, enine boyuna tart\u0131p, \u00f6l\u00e7\u00fcp bi\u00e7mek laz\u0131m s\u00f6yleneni.<\/p>\n\n\n\n<p>S\u00f6ylenen ne, s\u00f6yleyen kim, s\u00f6z kime s\u00f6yleniyor, ona bakmak laz\u0131m.<\/p>\n\n\n\n<p>\u2026<\/p>\n\n\n\n<p>Bu \u00e7eli\u015fkiden ben \u015fu anlam\u0131 \u00e7\u0131kar\u0131yorum: s\u00f6ylenen s\u00f6z\u00fcn de\u011feri, s\u00f6yleyenin kimli\u011fiyle muteber.<\/p>\n\n\n\n<p>Ne s\u00f6ylendi\u011finden ziyade kimin s\u00f6yledi\u011fi, s\u00f6ze \u00f6nem kazand\u0131r\u0131yor.<\/p>\n\n\n\n<p>\u201cS\u00f6yleyene de\u011fil s\u00f6yletene bak\u201d da derler ama \u015fimdi oraya a\u00e7\u0131lmayal\u0131m.<\/p>\n\n\n\n<p>\u2026<\/p>\n\n\n\n<p>Ben bug\u00fcn bir insan g\u00fczelini dinledim.<\/p>\n\n\n\n<p>Sesini, tonlamalar\u0131n\u0131, kelimelerini, kelimelerinin aras\u0131ndaki bo\u015fluklar\u0131, harflerini, c\u00fcmlelerini, o c\u00fcmlelerin ruha katt\u0131\u011f\u0131 manalar\u0131\u2026<\/p>\n\n\n\n<p>O manalar\u0131n kalbe katt\u0131\u011f\u0131 sarho\u015fluk hissini\u2026<\/p>\n\n\n\n<p>Kula\u011f\u0131mla bal i\u00e7iyormu\u015f gibi bir hisse kap\u0131ld\u0131m.<\/p>\n\n\n\n<p>\u2026<\/p>\n\n\n\n<p>Demem &nbsp;o ki, tat alma duyusu dilde de\u011filmi\u015f sadece, insan be\u015f duyusuyla da tat al\u0131rm\u0131\u015f.<\/p>\n\n\n\n<p>G\u00f6rmenin tad\u0131, duyman\u0131n tad\u0131, dokunman\u0131n tad\u0131, i\u015fitmenin tad\u0131, s\u00f6ylemenin tad\u0131 varm\u0131\u015f. Biliyordum, \u015fimdi ayr\u0131ca idrak ettim.<\/p>\n\n\n\n<p>Dil dedi\u011fin tat almak bir yana, -s\u00f6zleriyle &#8211; tat vermek i\u00e7inmi\u015f belki de\u2026<\/p>\n\n\n\n<p>\u2026<\/p>\n\n\n\n<p>Birinin gelip hayat\u0131n\u0131z\u0131 g\u00fczelle\u015ftirmesini bekliyorsunuz sihirli de\u011fne\u011fiyle; \u00f6yle olsun, ama\u2026<\/p>\n\n\n\n<p>Siz en son ne zaman bir kalbe tat katt\u0131n\u0131z?<\/p>\n","protected":false},"excerpt":{"rendered":"<p>\u201cKalp denizdir, dil ise k\u0131y\u0131.Denizde ne varsa k\u0131y\u0131ya o vurur.Dilini terbiye etmeden \u00f6nce y\u00fcre\u011fini terbiye et.\u00c7\u00fcnk\u00fc s\u00f6z y\u00fcrekten gelir, dilden \u00e7\u0131kar.\u201dHz. Mevl\u00e2n\u00e2 \u201cDinleyen dinlenir.\u201d Bu s\u00f6z\u00fc ilk kez merhum \u00d6mer Tu\u011frul \u0130nan\u00e7er\u2019den duymu\u015ftum. \u00dc\u00e7 katmanl\u0131 bir yap\u0131 g\u00f6rd\u00fcm s\u00f6zde. 1. S\u00f6z dinleyen rahata erer (dinlenmek, istirahat etmek anlam\u0131yla). Malumunuzdur,&nbsp; s\u00f6z dinleyen ki\u015fi, s\u00f6z\u00fcn\u00fc dinledi\u011fi tecr\u00fcbeli [&hellip;]<\/p>\n","protected":false},"author":14002,"featured_media":161248,"comment_status":"open","ping_status":"open","sticky":false,"template":"","format":"standard","meta":{"_yoast_wpseo_focuskw":"S\u00f6z - tat","_yoast_wpseo_title":"","_yoast_wpseo_metadesc":"Kalp denizdir, dil ise k\u0131y\u0131. Denizde ne varsa k\u0131y\u0131ya o vurur. Dilini terbiye etmeden \u00f6nce y\u00fcre\u011fini terbiye et. Hz. Mevl\u00e2n\u00e2","_bbp_topic_count":0,"_bbp_reply_count":0,"_bbp_total_topic_count":0,"_bbp_total_reply_count":0,"_bbp_voice_count":0,"_bbp_anonymous_reply_count":0,"_bbp_topic_count_hidden":0,"_bbp_reply_count_hidden":0,"_bbp_forum_subforum_count":0,"footnotes":"","_yoast_wpseo_focuskw_text_input":""},"categories":[9240],"tags":[],"yoast_head":"<!-- This site is optimized with the Yoast SEO plugin v23.0 - https:\/\/yoast.com\/wordpress\/plugins\/seo\/ -->\n<title>S\u00f6z\u00fcn Tad\u0131 - The Epoch Times TR<\/title>\n<meta name=\"description\" content=\"Kalp denizdir, dil ise k\u0131y\u0131. Denizde ne varsa k\u0131y\u0131ya o vurur. Dilini terbiye etmeden \u00f6nce y\u00fcre\u011fini terbiye et. Hz. Mevl\u00e2n\u00e2\" \/>\n<meta name=\"robots\" content=\"index, follow, max-snippet:-1, max-image-preview:large, max-video-preview:-1\" \/>\n<link rel=\"canonical\" href=\"https:\/\/epochtimestr.com\/index.php\/sozun-tadi\" \/>\n<meta property=\"og:locale\" content=\"tr_TR\" \/>\n<meta property=\"og:type\" content=\"article\" \/>\n<meta property=\"og:title\" content=\"S\u00f6z\u00fcn Tad\u0131 - The Epoch Times TR\" \/>\n<meta property=\"og:description\" content=\"Kalp denizdir, dil ise k\u0131y\u0131. Denizde ne varsa k\u0131y\u0131ya o vurur. Dilini terbiye etmeden \u00f6nce y\u00fcre\u011fini terbiye et. Hz. Mevl\u00e2n\u00e2\" \/>\n<meta property=\"og:url\" content=\"https:\/\/epochtimestr.com\/index.php\/sozun-tadi\" \/>\n<meta property=\"og:site_name\" content=\"The Epoch Times TR\" \/>\n<meta property=\"article:publisher\" content=\"https:\/\/www.facebook.com\/theepochtimestr\" \/>\n<meta property=\"article:published_time\" content=\"2026-03-29T08:44:27+00:00\" \/>\n<meta property=\"article:modified_time\" content=\"2026-03-29T08:44:29+00:00\" \/>\n<meta property=\"og:image\" content=\"https:\/\/epochtimestr.com\/wp-content\/uploads\/2011y\/Omer-Karayilan-SM-2.jpg\" \/>\n\t<meta property=\"og:image:width\" content=\"1200\" \/>\n\t<meta property=\"og:image:height\" content=\"630\" \/>\n\t<meta property=\"og:image:type\" content=\"image\/jpeg\" \/>\n<meta name=\"author\" content=\"\u00d6mer Karay\u0131lan\" \/>\n<meta name=\"twitter:card\" content=\"summary_large_image\" \/>\n<meta name=\"twitter:creator\" content=\"@TheEpochTimesTR\" \/>\n<meta name=\"twitter:site\" content=\"@TheEpochTimesTR\" \/>\n<meta name=\"twitter:label1\" content=\"Yazan:\" \/>\n\t<meta name=\"twitter:data1\" content=\"\u00d6mer Karay\u0131lan\" \/>\n\t<meta name=\"twitter:label2\" content=\"Tahmini okuma s\u00fcresi\" \/>\n\t<meta name=\"twitter:data2\" content=\"3 dakika\" \/>\n<script type=\"application\/ld+json\" class=\"yoast-schema-graph\">{\"@context\":\"https:\/\/schema.org\",\"@graph\":[{\"@type\":\"Article\",\"@id\":\"https:\/\/epochtimestr.com\/index.php\/sozun-tadi#article\",\"isPartOf\":{\"@id\":\"https:\/\/epochtimestr.com\/index.php\/sozun-tadi\"},\"author\":{\"name\":\"\u00d6mer Karay\u0131lan\",\"@id\":\"https:\/\/epochtimestr.com\/#\/schema\/person\/ee101079be4d8fb9fb88cca6784e219b\"},\"headline\":\"S\u00f6z\u00fcn Tad\u0131\",\"datePublished\":\"2026-03-29T08:44:27+00:00\",\"dateModified\":\"2026-03-29T08:44:29+00:00\",\"mainEntityOfPage\":{\"@id\":\"https:\/\/epochtimestr.com\/index.php\/sozun-tadi\"},\"wordCount\":549,\"commentCount\":0,\"publisher\":{\"@id\":\"https:\/\/epochtimestr.com\/#organization\"},\"image\":{\"@id\":\"https:\/\/epochtimestr.com\/index.php\/sozun-tadi#primaryimage\"},\"thumbnailUrl\":\"https:\/\/epochtimestr.com\/wp-content\/uploads\/2011y\/Karayilan-Profil.png\",\"articleSection\":[\"K\u00f6\u015fe Yaz\u0131lar\u0131 \u00d6mer Karay\u0131lan\"],\"inLanguage\":\"tr\",\"potentialAction\":[{\"@type\":\"CommentAction\",\"name\":\"Comment\",\"target\":[\"https:\/\/epochtimestr.com\/index.php\/sozun-tadi#respond\"]}]},{\"@type\":\"WebPage\",\"@id\":\"https:\/\/epochtimestr.com\/index.php\/sozun-tadi\",\"url\":\"https:\/\/epochtimestr.com\/index.php\/sozun-tadi\",\"name\":\"S\u00f6z\u00fcn Tad\u0131 - The Epoch Times TR\",\"isPartOf\":{\"@id\":\"https:\/\/epochtimestr.com\/#website\"},\"primaryImageOfPage\":{\"@id\":\"https:\/\/epochtimestr.com\/index.php\/sozun-tadi#primaryimage\"},\"image\":{\"@id\":\"https:\/\/epochtimestr.com\/index.php\/sozun-tadi#primaryimage\"},\"thumbnailUrl\":\"https:\/\/epochtimestr.com\/wp-content\/uploads\/2011y\/Karayilan-Profil.png\",\"datePublished\":\"2026-03-29T08:44:27+00:00\",\"dateModified\":\"2026-03-29T08:44:29+00:00\",\"description\":\"Kalp denizdir, dil ise k\u0131y\u0131. Denizde ne varsa k\u0131y\u0131ya o vurur. Dilini terbiye etmeden \u00f6nce y\u00fcre\u011fini terbiye et. Hz. Mevl\u00e2n\u00e2\",\"inLanguage\":\"tr\",\"potentialAction\":[{\"@type\":\"ReadAction\",\"target\":[\"https:\/\/epochtimestr.com\/index.php\/sozun-tadi\"]}]},{\"@type\":\"ImageObject\",\"inLanguage\":\"tr\",\"@id\":\"https:\/\/epochtimestr.com\/index.php\/sozun-tadi#primaryimage\",\"url\":\"https:\/\/epochtimestr.com\/wp-content\/uploads\/2011y\/Karayilan-Profil.png\",\"contentUrl\":\"https:\/\/epochtimestr.com\/wp-content\/uploads\/2011y\/Karayilan-Profil.png\",\"width\":600,\"height\":600},{\"@type\":\"WebSite\",\"@id\":\"https:\/\/epochtimestr.com\/#website\",\"url\":\"https:\/\/epochtimestr.com\/\",\"name\":\"The Epoch Times TR\",\"description\":\"De\u011fi\u015fen D\u00fcnyam\u0131za Taze Bir Bak\u0131\u015f\",\"publisher\":{\"@id\":\"https:\/\/epochtimestr.com\/#organization\"},\"potentialAction\":[{\"@type\":\"SearchAction\",\"target\":{\"@type\":\"EntryPoint\",\"urlTemplate\":\"https:\/\/epochtimestr.com\/?s={search_term_string}\"},\"query-input\":\"required name=search_term_string\"}],\"inLanguage\":\"tr\"},{\"@type\":\"Organization\",\"@id\":\"https:\/\/epochtimestr.com\/#organization\",\"name\":\"The EpochTimes T\u00fcrkiye\",\"url\":\"https:\/\/epochtimestr.com\/\",\"logo\":{\"@type\":\"ImageObject\",\"inLanguage\":\"tr\",\"@id\":\"https:\/\/epochtimestr.com\/#\/schema\/logo\/image\/\",\"url\":\"https:\/\/epochtimestr.com\/wp-content\/uploads\/2011y\/ET-Logo-YG.jpg\",\"contentUrl\":\"https:\/\/epochtimestr.com\/wp-content\/uploads\/2011y\/ET-Logo-YG.jpg\",\"width\":346,\"height\":29,\"caption\":\"The EpochTimes T\u00fcrkiye\"},\"image\":{\"@id\":\"https:\/\/epochtimestr.com\/#\/schema\/logo\/image\/\"},\"sameAs\":[\"https:\/\/www.facebook.com\/theepochtimestr\",\"https:\/\/x.com\/TheEpochTimesTR\",\"https:\/\/www.instagram.com\/epochtimestr\"]},{\"@type\":\"Person\",\"@id\":\"https:\/\/epochtimestr.com\/#\/schema\/person\/ee101079be4d8fb9fb88cca6784e219b\",\"name\":\"\u00d6mer Karay\u0131lan\",\"image\":{\"@type\":\"ImageObject\",\"inLanguage\":\"tr\",\"@id\":\"https:\/\/epochtimestr.com\/#\/schema\/person\/image\/\",\"url\":\"https:\/\/secure.gravatar.com\/avatar\/23a8932f0189c3fe4c0e2731cb5eb5dd?s=96&d=mm&r=g\",\"contentUrl\":\"https:\/\/secure.gravatar.com\/avatar\/23a8932f0189c3fe4c0e2731cb5eb5dd?s=96&d=mm&r=g\",\"caption\":\"\u00d6mer Karay\u0131lan\"},\"url\":\"https:\/\/epochtimestr.com\/index.php\/author\/omer\"}]}<\/script>\n<!-- \/ Yoast SEO plugin. -->","yoast_head_json":{"title":"S\u00f6z\u00fcn Tad\u0131 - The Epoch Times TR","description":"Kalp denizdir, dil ise k\u0131y\u0131. Denizde ne varsa k\u0131y\u0131ya o vurur. Dilini terbiye etmeden \u00f6nce y\u00fcre\u011fini terbiye et. Hz. Mevl\u00e2n\u00e2","robots":{"index":"index","follow":"follow","max-snippet":"max-snippet:-1","max-image-preview":"max-image-preview:large","max-video-preview":"max-video-preview:-1"},"canonical":"https:\/\/epochtimestr.com\/index.php\/sozun-tadi","og_locale":"tr_TR","og_type":"article","og_title":"S\u00f6z\u00fcn Tad\u0131 - The Epoch Times TR","og_description":"Kalp denizdir, dil ise k\u0131y\u0131. Denizde ne varsa k\u0131y\u0131ya o vurur. Dilini terbiye etmeden \u00f6nce y\u00fcre\u011fini terbiye et. Hz. Mevl\u00e2n\u00e2","og_url":"https:\/\/epochtimestr.com\/index.php\/sozun-tadi","og_site_name":"The Epoch Times TR","article_publisher":"https:\/\/www.facebook.com\/theepochtimestr","article_published_time":"2026-03-29T08:44:27+00:00","article_modified_time":"2026-03-29T08:44:29+00:00","og_image":[{"width":1200,"height":630,"url":"https:\/\/epochtimestr.com\/wp-content\/uploads\/2011y\/Omer-Karayilan-SM-2.jpg","type":"image\/jpeg"}],"author":"\u00d6mer Karay\u0131lan","twitter_card":"summary_large_image","twitter_creator":"@TheEpochTimesTR","twitter_site":"@TheEpochTimesTR","twitter_misc":{"Yazan:":"\u00d6mer Karay\u0131lan","Tahmini okuma s\u00fcresi":"3 dakika"},"schema":{"@context":"https:\/\/schema.org","@graph":[{"@type":"Article","@id":"https:\/\/epochtimestr.com\/index.php\/sozun-tadi#article","isPartOf":{"@id":"https:\/\/epochtimestr.com\/index.php\/sozun-tadi"},"author":{"name":"\u00d6mer Karay\u0131lan","@id":"https:\/\/epochtimestr.com\/#\/schema\/person\/ee101079be4d8fb9fb88cca6784e219b"},"headline":"S\u00f6z\u00fcn Tad\u0131","datePublished":"2026-03-29T08:44:27+00:00","dateModified":"2026-03-29T08:44:29+00:00","mainEntityOfPage":{"@id":"https:\/\/epochtimestr.com\/index.php\/sozun-tadi"},"wordCount":549,"commentCount":0,"publisher":{"@id":"https:\/\/epochtimestr.com\/#organization"},"image":{"@id":"https:\/\/epochtimestr.com\/index.php\/sozun-tadi#primaryimage"},"thumbnailUrl":"https:\/\/epochtimestr.com\/wp-content\/uploads\/2011y\/Karayilan-Profil.png","articleSection":["K\u00f6\u015fe Yaz\u0131lar\u0131 \u00d6mer Karay\u0131lan"],"inLanguage":"tr","potentialAction":[{"@type":"CommentAction","name":"Comment","target":["https:\/\/epochtimestr.com\/index.php\/sozun-tadi#respond"]}]},{"@type":"WebPage","@id":"https:\/\/epochtimestr.com\/index.php\/sozun-tadi","url":"https:\/\/epochtimestr.com\/index.php\/sozun-tadi","name":"S\u00f6z\u00fcn Tad\u0131 - The Epoch Times TR","isPartOf":{"@id":"https:\/\/epochtimestr.com\/#website"},"primaryImageOfPage":{"@id":"https:\/\/epochtimestr.com\/index.php\/sozun-tadi#primaryimage"},"image":{"@id":"https:\/\/epochtimestr.com\/index.php\/sozun-tadi#primaryimage"},"thumbnailUrl":"https:\/\/epochtimestr.com\/wp-content\/uploads\/2011y\/Karayilan-Profil.png","datePublished":"2026-03-29T08:44:27+00:00","dateModified":"2026-03-29T08:44:29+00:00","description":"Kalp denizdir, dil ise k\u0131y\u0131. Denizde ne varsa k\u0131y\u0131ya o vurur. Dilini terbiye etmeden \u00f6nce y\u00fcre\u011fini terbiye et. Hz. Mevl\u00e2n\u00e2","inLanguage":"tr","potentialAction":[{"@type":"ReadAction","target":["https:\/\/epochtimestr.com\/index.php\/sozun-tadi"]}]},{"@type":"ImageObject","inLanguage":"tr","@id":"https:\/\/epochtimestr.com\/index.php\/sozun-tadi#primaryimage","url":"https:\/\/epochtimestr.com\/wp-content\/uploads\/2011y\/Karayilan-Profil.png","contentUrl":"https:\/\/epochtimestr.com\/wp-content\/uploads\/2011y\/Karayilan-Profil.png","width":600,"height":600},{"@type":"WebSite","@id":"https:\/\/epochtimestr.com\/#website","url":"https:\/\/epochtimestr.com\/","name":"The Epoch Times TR","description":"De\u011fi\u015fen D\u00fcnyam\u0131za Taze Bir Bak\u0131\u015f","publisher":{"@id":"https:\/\/epochtimestr.com\/#organization"},"potentialAction":[{"@type":"SearchAction","target":{"@type":"EntryPoint","urlTemplate":"https:\/\/epochtimestr.com\/?s={search_term_string}"},"query-input":"required name=search_term_string"}],"inLanguage":"tr"},{"@type":"Organization","@id":"https:\/\/epochtimestr.com\/#organization","name":"The EpochTimes T\u00fcrkiye","url":"https:\/\/epochtimestr.com\/","logo":{"@type":"ImageObject","inLanguage":"tr","@id":"https:\/\/epochtimestr.com\/#\/schema\/logo\/image\/","url":"https:\/\/epochtimestr.com\/wp-content\/uploads\/2011y\/ET-Logo-YG.jpg","contentUrl":"https:\/\/epochtimestr.com\/wp-content\/uploads\/2011y\/ET-Logo-YG.jpg","width":346,"height":29,"caption":"The EpochTimes T\u00fcrkiye"},"image":{"@id":"https:\/\/epochtimestr.com\/#\/schema\/logo\/image\/"},"sameAs":["https:\/\/www.facebook.com\/theepochtimestr","https:\/\/x.com\/TheEpochTimesTR","https:\/\/www.instagram.com\/epochtimestr"]},{"@type":"Person","@id":"https:\/\/epochtimestr.com\/#\/schema\/person\/ee101079be4d8fb9fb88cca6784e219b","name":"\u00d6mer Karay\u0131lan","image":{"@type":"ImageObject","inLanguage":"tr","@id":"https:\/\/epochtimestr.com\/#\/schema\/person\/image\/","url":"https:\/\/secure.gravatar.com\/avatar\/23a8932f0189c3fe4c0e2731cb5eb5dd?s=96&d=mm&r=g","contentUrl":"https:\/\/secure.gravatar.com\/avatar\/23a8932f0189c3fe4c0e2731cb5eb5dd?s=96&d=mm&r=g","caption":"\u00d6mer Karay\u0131lan"},"url":"https:\/\/epochtimestr.com\/index.php\/author\/omer"}]}},"_links":{"self":[{"href":"https:\/\/epochtimestr.com\/index.php\/wp-json\/wp\/v2\/posts\/166509"}],"collection":[{"href":"https:\/\/epochtimestr.com\/index.php\/wp-json\/wp\/v2\/posts"}],"about":[{"href":"https:\/\/epochtimestr.com\/index.php\/wp-json\/wp\/v2\/types\/post"}],"author":[{"embeddable":true,"href":"https:\/\/epochtimestr.com\/index.php\/wp-json\/wp\/v2\/users\/14002"}],"replies":[{"embeddable":true,"href":"https:\/\/epochtimestr.com\/index.php\/wp-json\/wp\/v2\/comments?post=166509"}],"version-history":[{"count":1,"href":"https:\/\/epochtimestr.com\/index.php\/wp-json\/wp\/v2\/posts\/166509\/revisions"}],"predecessor-version":[{"id":166510,"href":"https:\/\/epochtimestr.com\/index.php\/wp-json\/wp\/v2\/posts\/166509\/revisions\/166510"}],"wp:featuredmedia":[{"embeddable":true,"href":"https:\/\/epochtimestr.com\/index.php\/wp-json\/wp\/v2\/media\/161248"}],"wp:attachment":[{"href":"https:\/\/epochtimestr.com\/index.php\/wp-json\/wp\/v2\/media?parent=166509"}],"wp:term":[{"taxonomy":"category","embeddable":true,"href":"https:\/\/epochtimestr.com\/index.php\/wp-json\/wp\/v2\/categories?post=166509"},{"taxonomy":"post_tag","embeddable":true,"href":"https:\/\/epochtimestr.com\/index.php\/wp-json\/wp\/v2\/tags?post=166509"}],"curies":[{"name":"wp","href":"https:\/\/api.w.org\/{rel}","templated":true}]}}