{"id":166517,"date":"2026-03-30T22:50:01","date_gmt":"2026-03-30T19:50:01","guid":{"rendered":"https:\/\/epochtimestr.com\/?p=166517"},"modified":"2026-03-30T22:50:05","modified_gmt":"2026-03-30T19:50:05","slug":"cinde-yangin-kayiplarla-ilgili-resmi-aciklamalar-dogru-mu","status":"publish","type":"post","link":"https:\/\/epochtimestr.com\/index.php\/cinde-yangin-kayiplarla-ilgili-resmi-aciklamalar-dogru-mu","title":{"rendered":"\u00c7in&#8217;de Yang\u0131n: Kay\u0131plarla \u0130lgili Resmi A\u00e7\u0131klamalar Do\u011fru Mu?"},"content":{"rendered":"<div class=\"wp-block-image\">\n<figure class=\"aligncenter size-full is-resized\"><img loading=\"lazy\" decoding=\"async\" width=\"868\" height=\"488\" src=\"https:\/\/epochtimestr.com\/wp-content\/uploads\/2011y\/1000035539.webp\" alt=\"\u00c7in'de bir binada meydana gelen yang\u0131n sonras\u0131 resmi a\u00e7\u0131klamalar ile tan\u0131k ifadeleri aras\u0131ndaki fark dikkat \u00e7ekiyor. Xiaodian B\u00f6lgesi\u2019ndeki Qinxian Kuzey Caddesi yak\u0131nlar\u0131nda bulunan y\u00fcksek katl\u0131 bir binada yang\u0131n \u00e7\u0131kt\u0131. 28 Mart 2026, Taiyuan, \u00c7in.  (G\u00f6r\u00fcnt\u00fc, The Epoch Times taraf\u0131ndan video kayd\u0131ndan al\u0131nm\u0131\u015ft\u0131r.)\" class=\"wp-image-166518\" style=\"width:840px;height:auto\" srcset=\"https:\/\/epochtimestr.com\/wp-content\/uploads\/2011y\/1000035539.webp 868w, https:\/\/epochtimestr.com\/wp-content\/uploads\/2011y\/1000035539-300x169.webp 300w, https:\/\/epochtimestr.com\/wp-content\/uploads\/2011y\/1000035539-150x84.webp 150w, https:\/\/epochtimestr.com\/wp-content\/uploads\/2011y\/1000035539-768x432.webp 768w\" sizes=\"(max-width: 868px) 100vw, 868px\" \/><figcaption class=\"wp-element-caption\">\u00c7in&#8217;de bir binada meydana gelen yang\u0131n sonras\u0131 resmi a\u00e7\u0131klamalar ile tan\u0131k ifadeleri aras\u0131ndaki fark dikkat \u00e7ekiyor. Xiaodian B\u00f6lgesi\u2019ndeki Qinxian Kuzey Caddesi yak\u0131nlar\u0131nda bulunan y\u00fcksek katl\u0131 bir binada yang\u0131n \u00e7\u0131kt\u0131. 28 Mart 2026, Taiyuan, \u00c7in. (G\u00f6r\u00fcnt\u00fc, The Epoch Times taraf\u0131ndan video kayd\u0131ndan al\u0131nm\u0131\u015ft\u0131r.)<\/figcaption><\/figure><\/div>\n\n\n<p>\u00c7in&#8217;de <a href=\"https:\/\/www.theepochtimes.com\/china\/deadly-high-rise-fire-in-china-raises-questions-over-official-toll-6005582\" target=\"_blank\" rel=\"noreferrer noopener\">28 Mart&#8217;ta<\/a> Shanxi eyaletinin Taiyuan kentinde bulunan y\u00fcksek katl\u0131 bir binada yang\u0131n \u00e7\u0131kt\u0131. Resmi a\u00e7\u0131klamalara g\u00f6re \u00fc\u00e7 ki\u015fi hayat\u0131n\u0131 kaybetti, 23 ki\u015fi yaraland\u0131. Yang\u0131n ticari bir binada ba\u015flad\u0131 ve itfaiye ekipleri, yakla\u015f\u0131k 30 dakika i\u00e7inde alevleri kontrol alt\u0131na ald\u0131. Ancak yang\u0131n\u0131n \u00e7\u0131k\u0131\u015f nedeni hakk\u0131nda hen\u00fcz bir a\u00e7\u0131klama yok.<\/p>\n\n\n\n<p>Sosyal medyada payla\u015f\u0131lan g\u00f6r\u00fcnt\u00fclere g\u00f6re alevler, binan\u0131n d\u0131\u015f cephesinden h\u0131zla yukar\u0131 yay\u0131ld\u0131. Yo\u011fun duman g\u00f6ky\u00fcz\u00fcne y\u00fckselirken, \u00fcst katlardan yanan par\u00e7alar d\u00fc\u015ft\u00fc. Bununla birlikte g\u00f6rg\u00fc tan\u0131klar\u0131, olay s\u0131ras\u0131nda binada resmi a\u00e7\u0131klamalardan daha fazla ki\u015finin bulunabilece\u011fini \u00f6ne s\u00fcrd\u00fc.<\/p>\n\n\n\n<p>Binan\u0131n alt katlar\u0131nda restoranlar, ma\u011fazalar ve e\u011flence mekanlar\u0131, \u00fcst katlar\u0131nda otel ve ofisler yer al\u0131yor. Bir g\u00f6rg\u00fc tan\u0131\u011f\u0131, yang\u0131n\u0131n alt kattan ba\u015flayarak k\u0131sa s\u00fcrede t\u00fcm binay\u0131 sard\u0131\u011f\u0131n\u0131 ifade etti. Baz\u0131 ki\u015filerin d\u0131\u015far\u0131 \u00e7\u0131kar\u0131ld\u0131\u011f\u0131n\u0131, ancak bir\u00e7ok ki\u015finin kendi imk\u00e2nlar\u0131yla binay\u0131 terk etti\u011fini belirtti. \u00d6te yandan \u00fcst katlarda bulunanlar tahliye s\u0131ras\u0131nda zorluk ya\u015fad\u0131.<\/p>\n\n\n\n<p>Bir kad\u0131n tan\u0131k, k\u0131z karde\u015finin olay s\u0131ras\u0131nda restoranda bulundu\u011funu ve duman\u0131 fark ederek binadan \u00e7\u0131kabildi\u011fini s\u00f6yledi. Ancak i\u00e7eride kalanlar\u0131n zor anlar ya\u015fad\u0131\u011f\u0131n\u0131 belirtti. Tan\u0131k, olay yerinde panik ya\u015fand\u0131\u011f\u0131n\u0131, insanlar\u0131n yard\u0131m \u00e7a\u011fr\u0131s\u0131nda bulundu\u011funu ifade etti. Ayr\u0131ca baz\u0131 \u00e7ocuklar\u0131n a\u011f\u0131r yaral\u0131 oldu\u011funu dile getirdi.<\/p>\n\n\n\n<p>Yetkililer yang\u0131n\u0131n tamamen s\u00f6nd\u00fcr\u00fcld\u00fc\u011f\u00fcn\u00fc ve b\u00f6lgede kontrol\u00fcn sa\u011fland\u0131\u011f\u0131n\u0131 a\u00e7\u0131klad\u0131. Bununla birlikte olay\u0131n \u00e7\u0131k\u0131\u015f nedenine ili\u015fkin incelemeler s\u00fcr\u00fcyor. \u00c7in yang\u0131n hakk\u0131nda resmi veriler a\u00e7\u0131klanmaya devam ederken, tan\u0131k ifadeleri ile resmi a\u00e7\u0131klamalar aras\u0131ndaki fark dikkat \u00e7ekiyor.<\/p>\n","protected":false},"excerpt":{"rendered":"<p>\u00c7in&#8217;de 28 Mart&#8217;ta Shanxi eyaletinin Taiyuan kentinde bulunan y\u00fcksek katl\u0131 bir binada yang\u0131n \u00e7\u0131kt\u0131. Resmi a\u00e7\u0131klamalara g\u00f6re \u00fc\u00e7 ki\u015fi hayat\u0131n\u0131 kaybetti, 23 ki\u015fi yaraland\u0131. Yang\u0131n ticari bir binada ba\u015flad\u0131 ve itfaiye ekipleri, yakla\u015f\u0131k 30 dakika i\u00e7inde alevleri kontrol alt\u0131na ald\u0131. Ancak yang\u0131n\u0131n \u00e7\u0131k\u0131\u015f nedeni hakk\u0131nda hen\u00fcz bir a\u00e7\u0131klama yok. Sosyal medyada payla\u015f\u0131lan g\u00f6r\u00fcnt\u00fclere g\u00f6re alevler, [&hellip;]<\/p>\n","protected":false},"author":13996,"featured_media":166518,"comment_status":"open","ping_status":"open","sticky":false,"template":"","format":"standard","meta":{"_yoast_wpseo_focuskw":"\u00c7in'de Yang\u0131n","_yoast_wpseo_title":"","_yoast_wpseo_metadesc":"\u00c7in'de y\u00fcksek katl\u0131 binada meydana gelen yang\u0131n sonras\u0131 resmi a\u00e7\u0131klamalar ile tan\u0131k ifadeleri aras\u0131ndaki fark dikkat \u00e7ekiyor.","_bbp_topic_count":0,"_bbp_reply_count":0,"_bbp_total_topic_count":0,"_bbp_total_reply_count":0,"_bbp_voice_count":0,"_bbp_anonymous_reply_count":0,"_bbp_topic_count_hidden":0,"_bbp_reply_count_hidden":0,"_bbp_forum_subforum_count":0,"footnotes":"","_yoast_wpseo_focuskw_text_input":""},"categories":[8,8138],"tags":[11145,11151,11150,11146,11152,53],"yoast_head":"<!-- This site is optimized with the Yoast SEO plugin v23.0 - https:\/\/yoast.com\/wordpress\/plugins\/seo\/ -->\n<title>\u00c7in&#039;de Yang\u0131n: Kay\u0131plarla \u0130lgili Resmi A\u00e7\u0131klamalar Do\u011fru Mu? - The Epoch Times TR<\/title>\n<meta name=\"description\" content=\"\u00c7in&#039;de y\u00fcksek katl\u0131 binada meydana gelen yang\u0131n sonras\u0131 resmi a\u00e7\u0131klamalar ile tan\u0131k ifadeleri aras\u0131ndaki fark dikkat \u00e7ekiyor.\" \/>\n<meta name=\"robots\" content=\"index, follow, max-snippet:-1, max-image-preview:large, max-video-preview:-1\" \/>\n<link rel=\"canonical\" href=\"https:\/\/epochtimestr.com\/index.php\/cinde-yangin-kayiplarla-ilgili-resmi-aciklamalar-dogru-mu\" \/>\n<meta property=\"og:locale\" content=\"tr_TR\" \/>\n<meta property=\"og:type\" content=\"article\" \/>\n<meta property=\"og:title\" content=\"\u00c7in&#039;de Yang\u0131n: Kay\u0131plarla \u0130lgili Resmi A\u00e7\u0131klamalar Do\u011fru Mu? - The Epoch Times TR\" \/>\n<meta property=\"og:description\" content=\"\u00c7in&#039;de y\u00fcksek katl\u0131 binada meydana gelen yang\u0131n sonras\u0131 resmi a\u00e7\u0131klamalar ile tan\u0131k ifadeleri aras\u0131ndaki fark dikkat \u00e7ekiyor.\" \/>\n<meta property=\"og:url\" content=\"https:\/\/epochtimestr.com\/index.php\/cinde-yangin-kayiplarla-ilgili-resmi-aciklamalar-dogru-mu\" \/>\n<meta property=\"og:site_name\" content=\"The Epoch Times TR\" \/>\n<meta property=\"article:publisher\" content=\"https:\/\/www.facebook.com\/theepochtimestr\" \/>\n<meta property=\"article:published_time\" content=\"2026-03-30T19:50:01+00:00\" \/>\n<meta property=\"article:modified_time\" content=\"2026-03-30T19:50:05+00:00\" \/>\n<meta property=\"og:image\" content=\"https:\/\/epochtimestr.com\/wp-content\/uploads\/2011y\/1000035539.webp\" \/>\n\t<meta property=\"og:image:width\" content=\"868\" \/>\n\t<meta property=\"og:image:height\" content=\"488\" \/>\n\t<meta property=\"og:image:type\" content=\"image\/webp\" \/>\n<meta name=\"author\" content=\"Leo Bajelan\" \/>\n<meta name=\"twitter:card\" content=\"summary_large_image\" \/>\n<meta name=\"twitter:creator\" content=\"@TheEpochTimesTR\" \/>\n<meta name=\"twitter:site\" content=\"@TheEpochTimesTR\" \/>\n<meta name=\"twitter:label1\" content=\"Yazan:\" \/>\n\t<meta name=\"twitter:data1\" content=\"Leo Bajelan\" \/>\n\t<meta name=\"twitter:label2\" content=\"Tahmini okuma s\u00fcresi\" \/>\n\t<meta name=\"twitter:data2\" content=\"2 dakika\" \/>\n<script type=\"application\/ld+json\" class=\"yoast-schema-graph\">{\"@context\":\"https:\/\/schema.org\",\"@graph\":[{\"@type\":\"Article\",\"@id\":\"https:\/\/epochtimestr.com\/index.php\/cinde-yangin-kayiplarla-ilgili-resmi-aciklamalar-dogru-mu#article\",\"isPartOf\":{\"@id\":\"https:\/\/epochtimestr.com\/index.php\/cinde-yangin-kayiplarla-ilgili-resmi-aciklamalar-dogru-mu\"},\"author\":{\"name\":\"Leo Bajelan\",\"@id\":\"https:\/\/epochtimestr.com\/#\/schema\/person\/5fef218711d76d8f232b0e1f1d7e4c0d\"},\"headline\":\"\u00c7in&#8217;de Yang\u0131n: Kay\u0131plarla \u0130lgili Resmi A\u00e7\u0131klamalar Do\u011fru Mu?\",\"datePublished\":\"2026-03-30T19:50:01+00:00\",\"dateModified\":\"2026-03-30T19:50:05+00:00\",\"mainEntityOfPage\":{\"@id\":\"https:\/\/epochtimestr.com\/index.php\/cinde-yangin-kayiplarla-ilgili-resmi-aciklamalar-dogru-mu\"},\"wordCount\":390,\"commentCount\":0,\"publisher\":{\"@id\":\"https:\/\/epochtimestr.com\/#organization\"},\"image\":{\"@id\":\"https:\/\/epochtimestr.com\/index.php\/cinde-yangin-kayiplarla-ilgili-resmi-aciklamalar-dogru-mu#primaryimage\"},\"thumbnailUrl\":\"https:\/\/epochtimestr.com\/wp-content\/uploads\/2011y\/1000035539.webp\",\"keywords\":[\"\u00c7in yang\u0131n\",\"Resmi a\u00e7\u0131klamalar\",\"Shanxi\",\"Taiyuan\",\"tan\u0131k ifadeleri\",\"yang\u0131n\"],\"articleSection\":[\"\u00c7\u0130N\",\"MAN\u015eET\"],\"inLanguage\":\"tr\",\"potentialAction\":[{\"@type\":\"CommentAction\",\"name\":\"Comment\",\"target\":[\"https:\/\/epochtimestr.com\/index.php\/cinde-yangin-kayiplarla-ilgili-resmi-aciklamalar-dogru-mu#respond\"]}]},{\"@type\":\"WebPage\",\"@id\":\"https:\/\/epochtimestr.com\/index.php\/cinde-yangin-kayiplarla-ilgili-resmi-aciklamalar-dogru-mu\",\"url\":\"https:\/\/epochtimestr.com\/index.php\/cinde-yangin-kayiplarla-ilgili-resmi-aciklamalar-dogru-mu\",\"name\":\"\u00c7in'de Yang\u0131n: Kay\u0131plarla \u0130lgili Resmi A\u00e7\u0131klamalar Do\u011fru Mu? - The Epoch Times TR\",\"isPartOf\":{\"@id\":\"https:\/\/epochtimestr.com\/#website\"},\"primaryImageOfPage\":{\"@id\":\"https:\/\/epochtimestr.com\/index.php\/cinde-yangin-kayiplarla-ilgili-resmi-aciklamalar-dogru-mu#primaryimage\"},\"image\":{\"@id\":\"https:\/\/epochtimestr.com\/index.php\/cinde-yangin-kayiplarla-ilgili-resmi-aciklamalar-dogru-mu#primaryimage\"},\"thumbnailUrl\":\"https:\/\/epochtimestr.com\/wp-content\/uploads\/2011y\/1000035539.webp\",\"datePublished\":\"2026-03-30T19:50:01+00:00\",\"dateModified\":\"2026-03-30T19:50:05+00:00\",\"description\":\"\u00c7in'de y\u00fcksek katl\u0131 binada meydana gelen yang\u0131n sonras\u0131 resmi a\u00e7\u0131klamalar ile tan\u0131k ifadeleri aras\u0131ndaki fark dikkat \u00e7ekiyor.\",\"inLanguage\":\"tr\",\"potentialAction\":[{\"@type\":\"ReadAction\",\"target\":[\"https:\/\/epochtimestr.com\/index.php\/cinde-yangin-kayiplarla-ilgili-resmi-aciklamalar-dogru-mu\"]}]},{\"@type\":\"ImageObject\",\"inLanguage\":\"tr\",\"@id\":\"https:\/\/epochtimestr.com\/index.php\/cinde-yangin-kayiplarla-ilgili-resmi-aciklamalar-dogru-mu#primaryimage\",\"url\":\"https:\/\/epochtimestr.com\/wp-content\/uploads\/2011y\/1000035539.webp\",\"contentUrl\":\"https:\/\/epochtimestr.com\/wp-content\/uploads\/2011y\/1000035539.webp\",\"width\":868,\"height\":488},{\"@type\":\"WebSite\",\"@id\":\"https:\/\/epochtimestr.com\/#website\",\"url\":\"https:\/\/epochtimestr.com\/\",\"name\":\"The Epoch Times TR\",\"description\":\"De\u011fi\u015fen D\u00fcnyam\u0131za Taze Bir Bak\u0131\u015f\",\"publisher\":{\"@id\":\"https:\/\/epochtimestr.com\/#organization\"},\"potentialAction\":[{\"@type\":\"SearchAction\",\"target\":{\"@type\":\"EntryPoint\",\"urlTemplate\":\"https:\/\/epochtimestr.com\/?s={search_term_string}\"},\"query-input\":\"required name=search_term_string\"}],\"inLanguage\":\"tr\"},{\"@type\":\"Organization\",\"@id\":\"https:\/\/epochtimestr.com\/#organization\",\"name\":\"The EpochTimes T\u00fcrkiye\",\"url\":\"https:\/\/epochtimestr.com\/\",\"logo\":{\"@type\":\"ImageObject\",\"inLanguage\":\"tr\",\"@id\":\"https:\/\/epochtimestr.com\/#\/schema\/logo\/image\/\",\"url\":\"https:\/\/epochtimestr.com\/wp-content\/uploads\/2011y\/ET-Logo-YG.jpg\",\"contentUrl\":\"https:\/\/epochtimestr.com\/wp-content\/uploads\/2011y\/ET-Logo-YG.jpg\",\"width\":346,\"height\":29,\"caption\":\"The EpochTimes T\u00fcrkiye\"},\"image\":{\"@id\":\"https:\/\/epochtimestr.com\/#\/schema\/logo\/image\/\"},\"sameAs\":[\"https:\/\/www.facebook.com\/theepochtimestr\",\"https:\/\/x.com\/TheEpochTimesTR\",\"https:\/\/www.instagram.com\/epochtimestr\"]},{\"@type\":\"Person\",\"@id\":\"https:\/\/epochtimestr.com\/#\/schema\/person\/5fef218711d76d8f232b0e1f1d7e4c0d\",\"name\":\"Leo Bajelan\",\"image\":{\"@type\":\"ImageObject\",\"inLanguage\":\"tr\",\"@id\":\"https:\/\/epochtimestr.com\/#\/schema\/person\/image\/\",\"url\":\"https:\/\/secure.gravatar.com\/avatar\/917669146f489549e548a2e9af272df5?s=96&d=mm&r=g\",\"contentUrl\":\"https:\/\/secure.gravatar.com\/avatar\/917669146f489549e548a2e9af272df5?s=96&d=mm&r=g\",\"caption\":\"Leo Bajelan\"},\"url\":\"https:\/\/epochtimestr.com\/index.php\/author\/leo\"}]}<\/script>\n<!-- \/ Yoast SEO plugin. -->","yoast_head_json":{"title":"\u00c7in'de Yang\u0131n: Kay\u0131plarla \u0130lgili Resmi A\u00e7\u0131klamalar Do\u011fru Mu? - The Epoch Times TR","description":"\u00c7in'de y\u00fcksek katl\u0131 binada meydana gelen yang\u0131n sonras\u0131 resmi a\u00e7\u0131klamalar ile tan\u0131k ifadeleri aras\u0131ndaki fark dikkat \u00e7ekiyor.","robots":{"index":"index","follow":"follow","max-snippet":"max-snippet:-1","max-image-preview":"max-image-preview:large","max-video-preview":"max-video-preview:-1"},"canonical":"https:\/\/epochtimestr.com\/index.php\/cinde-yangin-kayiplarla-ilgili-resmi-aciklamalar-dogru-mu","og_locale":"tr_TR","og_type":"article","og_title":"\u00c7in'de Yang\u0131n: Kay\u0131plarla \u0130lgili Resmi A\u00e7\u0131klamalar Do\u011fru Mu? - The Epoch Times TR","og_description":"\u00c7in'de y\u00fcksek katl\u0131 binada meydana gelen yang\u0131n sonras\u0131 resmi a\u00e7\u0131klamalar ile tan\u0131k ifadeleri aras\u0131ndaki fark dikkat \u00e7ekiyor.","og_url":"https:\/\/epochtimestr.com\/index.php\/cinde-yangin-kayiplarla-ilgili-resmi-aciklamalar-dogru-mu","og_site_name":"The Epoch Times TR","article_publisher":"https:\/\/www.facebook.com\/theepochtimestr","article_published_time":"2026-03-30T19:50:01+00:00","article_modified_time":"2026-03-30T19:50:05+00:00","og_image":[{"width":868,"height":488,"url":"https:\/\/epochtimestr.com\/wp-content\/uploads\/2011y\/1000035539.webp","type":"image\/webp"}],"author":"Leo Bajelan","twitter_card":"summary_large_image","twitter_creator":"@TheEpochTimesTR","twitter_site":"@TheEpochTimesTR","twitter_misc":{"Yazan:":"Leo Bajelan","Tahmini okuma s\u00fcresi":"2 dakika"},"schema":{"@context":"https:\/\/schema.org","@graph":[{"@type":"Article","@id":"https:\/\/epochtimestr.com\/index.php\/cinde-yangin-kayiplarla-ilgili-resmi-aciklamalar-dogru-mu#article","isPartOf":{"@id":"https:\/\/epochtimestr.com\/index.php\/cinde-yangin-kayiplarla-ilgili-resmi-aciklamalar-dogru-mu"},"author":{"name":"Leo Bajelan","@id":"https:\/\/epochtimestr.com\/#\/schema\/person\/5fef218711d76d8f232b0e1f1d7e4c0d"},"headline":"\u00c7in&#8217;de Yang\u0131n: Kay\u0131plarla \u0130lgili Resmi A\u00e7\u0131klamalar Do\u011fru Mu?","datePublished":"2026-03-30T19:50:01+00:00","dateModified":"2026-03-30T19:50:05+00:00","mainEntityOfPage":{"@id":"https:\/\/epochtimestr.com\/index.php\/cinde-yangin-kayiplarla-ilgili-resmi-aciklamalar-dogru-mu"},"wordCount":390,"commentCount":0,"publisher":{"@id":"https:\/\/epochtimestr.com\/#organization"},"image":{"@id":"https:\/\/epochtimestr.com\/index.php\/cinde-yangin-kayiplarla-ilgili-resmi-aciklamalar-dogru-mu#primaryimage"},"thumbnailUrl":"https:\/\/epochtimestr.com\/wp-content\/uploads\/2011y\/1000035539.webp","keywords":["\u00c7in yang\u0131n","Resmi a\u00e7\u0131klamalar","Shanxi","Taiyuan","tan\u0131k ifadeleri","yang\u0131n"],"articleSection":["\u00c7\u0130N","MAN\u015eET"],"inLanguage":"tr","potentialAction":[{"@type":"CommentAction","name":"Comment","target":["https:\/\/epochtimestr.com\/index.php\/cinde-yangin-kayiplarla-ilgili-resmi-aciklamalar-dogru-mu#respond"]}]},{"@type":"WebPage","@id":"https:\/\/epochtimestr.com\/index.php\/cinde-yangin-kayiplarla-ilgili-resmi-aciklamalar-dogru-mu","url":"https:\/\/epochtimestr.com\/index.php\/cinde-yangin-kayiplarla-ilgili-resmi-aciklamalar-dogru-mu","name":"\u00c7in'de Yang\u0131n: Kay\u0131plarla \u0130lgili Resmi A\u00e7\u0131klamalar Do\u011fru Mu? - The Epoch Times TR","isPartOf":{"@id":"https:\/\/epochtimestr.com\/#website"},"primaryImageOfPage":{"@id":"https:\/\/epochtimestr.com\/index.php\/cinde-yangin-kayiplarla-ilgili-resmi-aciklamalar-dogru-mu#primaryimage"},"image":{"@id":"https:\/\/epochtimestr.com\/index.php\/cinde-yangin-kayiplarla-ilgili-resmi-aciklamalar-dogru-mu#primaryimage"},"thumbnailUrl":"https:\/\/epochtimestr.com\/wp-content\/uploads\/2011y\/1000035539.webp","datePublished":"2026-03-30T19:50:01+00:00","dateModified":"2026-03-30T19:50:05+00:00","description":"\u00c7in'de y\u00fcksek katl\u0131 binada meydana gelen yang\u0131n sonras\u0131 resmi a\u00e7\u0131klamalar ile tan\u0131k ifadeleri aras\u0131ndaki fark dikkat \u00e7ekiyor.","inLanguage":"tr","potentialAction":[{"@type":"ReadAction","target":["https:\/\/epochtimestr.com\/index.php\/cinde-yangin-kayiplarla-ilgili-resmi-aciklamalar-dogru-mu"]}]},{"@type":"ImageObject","inLanguage":"tr","@id":"https:\/\/epochtimestr.com\/index.php\/cinde-yangin-kayiplarla-ilgili-resmi-aciklamalar-dogru-mu#primaryimage","url":"https:\/\/epochtimestr.com\/wp-content\/uploads\/2011y\/1000035539.webp","contentUrl":"https:\/\/epochtimestr.com\/wp-content\/uploads\/2011y\/1000035539.webp","width":868,"height":488},{"@type":"WebSite","@id":"https:\/\/epochtimestr.com\/#website","url":"https:\/\/epochtimestr.com\/","name":"The Epoch Times TR","description":"De\u011fi\u015fen D\u00fcnyam\u0131za Taze Bir Bak\u0131\u015f","publisher":{"@id":"https:\/\/epochtimestr.com\/#organization"},"potentialAction":[{"@type":"SearchAction","target":{"@type":"EntryPoint","urlTemplate":"https:\/\/epochtimestr.com\/?s={search_term_string}"},"query-input":"required name=search_term_string"}],"inLanguage":"tr"},{"@type":"Organization","@id":"https:\/\/epochtimestr.com\/#organization","name":"The EpochTimes T\u00fcrkiye","url":"https:\/\/epochtimestr.com\/","logo":{"@type":"ImageObject","inLanguage":"tr","@id":"https:\/\/epochtimestr.com\/#\/schema\/logo\/image\/","url":"https:\/\/epochtimestr.com\/wp-content\/uploads\/2011y\/ET-Logo-YG.jpg","contentUrl":"https:\/\/epochtimestr.com\/wp-content\/uploads\/2011y\/ET-Logo-YG.jpg","width":346,"height":29,"caption":"The EpochTimes T\u00fcrkiye"},"image":{"@id":"https:\/\/epochtimestr.com\/#\/schema\/logo\/image\/"},"sameAs":["https:\/\/www.facebook.com\/theepochtimestr","https:\/\/x.com\/TheEpochTimesTR","https:\/\/www.instagram.com\/epochtimestr"]},{"@type":"Person","@id":"https:\/\/epochtimestr.com\/#\/schema\/person\/5fef218711d76d8f232b0e1f1d7e4c0d","name":"Leo Bajelan","image":{"@type":"ImageObject","inLanguage":"tr","@id":"https:\/\/epochtimestr.com\/#\/schema\/person\/image\/","url":"https:\/\/secure.gravatar.com\/avatar\/917669146f489549e548a2e9af272df5?s=96&d=mm&r=g","contentUrl":"https:\/\/secure.gravatar.com\/avatar\/917669146f489549e548a2e9af272df5?s=96&d=mm&r=g","caption":"Leo Bajelan"},"url":"https:\/\/epochtimestr.com\/index.php\/author\/leo"}]}},"_links":{"self":[{"href":"https:\/\/epochtimestr.com\/index.php\/wp-json\/wp\/v2\/posts\/166517"}],"collection":[{"href":"https:\/\/epochtimestr.com\/index.php\/wp-json\/wp\/v2\/posts"}],"about":[{"href":"https:\/\/epochtimestr.com\/index.php\/wp-json\/wp\/v2\/types\/post"}],"author":[{"embeddable":true,"href":"https:\/\/epochtimestr.com\/index.php\/wp-json\/wp\/v2\/users\/13996"}],"replies":[{"embeddable":true,"href":"https:\/\/epochtimestr.com\/index.php\/wp-json\/wp\/v2\/comments?post=166517"}],"version-history":[{"count":3,"href":"https:\/\/epochtimestr.com\/index.php\/wp-json\/wp\/v2\/posts\/166517\/revisions"}],"predecessor-version":[{"id":166529,"href":"https:\/\/epochtimestr.com\/index.php\/wp-json\/wp\/v2\/posts\/166517\/revisions\/166529"}],"wp:featuredmedia":[{"embeddable":true,"href":"https:\/\/epochtimestr.com\/index.php\/wp-json\/wp\/v2\/media\/166518"}],"wp:attachment":[{"href":"https:\/\/epochtimestr.com\/index.php\/wp-json\/wp\/v2\/media?parent=166517"}],"wp:term":[{"taxonomy":"category","embeddable":true,"href":"https:\/\/epochtimestr.com\/index.php\/wp-json\/wp\/v2\/categories?post=166517"},{"taxonomy":"post_tag","embeddable":true,"href":"https:\/\/epochtimestr.com\/index.php\/wp-json\/wp\/v2\/tags?post=166517"}],"curies":[{"name":"wp","href":"https:\/\/api.w.org\/{rel}","templated":true}]}}