{"id":166530,"date":"2026-03-31T08:30:00","date_gmt":"2026-03-31T05:30:00","guid":{"rendered":"https:\/\/epochtimestr.com\/?p=166530"},"modified":"2026-03-30T23:00:16","modified_gmt":"2026-03-30T20:00:16","slug":"mecburiyetten-dolayi","status":"publish","type":"post","link":"https:\/\/epochtimestr.com\/index.php\/mecburiyetten-dolayi","title":{"rendered":"Mecburiyetten Dolay\u0131"},"content":{"rendered":"\n<p class=\"has-text-align-right\">\u201cBazen aptall\u0131k ve cesaret ayn\u0131 kap\u0131ya \u00e7\u0131kar\u201d<\/p>\n\n\n\n<p>\u00c7o\u011fu zaman bir insan\u0131 ya da \u00fclkeyi cezaland\u0131rma iste\u011fi ters teper. Cezaland\u0131rma ve dezavantajl\u0131 duruma sokma iste\u011fi kar\u015f\u0131 taraf\u0131 ate\u015fler, kam\u00e7\u0131lar. Baz\u0131 i\u015flere giri\u015fmeyi mecbur k\u0131lar. K\u00f6t\u00fc kom\u015fu da benzer \u015feyler yapar. Kom\u015fusunu rahats\u0131z eder hatta taciz eder. Kom\u015fu da kendi evine sahip olma yolunda gayret eder ki maruz kald\u0131\u011f\u0131 m\u00fc\u015fk\u00fcl durumdan bir an evvel \u00e7\u0131ks\u0131n.<\/p>\n\n\n\n<p>T\u00fcrkiye\u2019nin savunma sanayindeki at\u0131l\u0131mlar\u0131 i\u015fte bu k\u00f6t\u00fc kom\u015fular, m\u00fcttefikler sayesindedir. Yak\u0131n d\u00f6nemin ilk savunma sanayi hamleleri K\u0131br\u0131s Bar\u0131\u015f Harek\u00e2t\u0131 ertesinde ba\u015flam\u0131\u015ft\u0131r. Zira T\u00fcrkiye yapt\u0131\u011f\u0131 \u00e7\u0131karma nedeniyle silah ambargosuna maruz b\u0131rak\u0131ld\u0131. Daha sonralar\u0131 bu a\u00e7\u0131k ve \u00f6rt\u00fcl\u00fc ambargolar, ter\u00f6rle m\u00fccadele bahane edilerek devam etti.<\/p>\n\n\n\n<p>T\u00fcrkiye bunlardan ders \u00e7\u0131kard\u0131 ve kendi silahlar\u0131n\u0131 \u00fcretmeye ba\u015flad\u0131. Yani ev sahibi olma gayreti g\u00f6sterdi. Her ne kadar K\u0131br\u0131s Bar\u0131\u015f Harek\u00e2t\u0131 sonras\u0131nda ilk savunma sanayi \u015firketleri kurulmaya ba\u015flad\u0131ysa da ger\u00e7ek at\u0131l\u0131mlar 2000\u2019li y\u0131llardan sonra ve bilhassa 2016\u2019dan itibaren h\u0131z kazand\u0131. Fakat bu sefer de ara\u015ft\u0131rma geli\u015ftirme s\u00fcrecinde, projelerin tamamlanmas\u0131 a\u015famas\u0131nda takvim bask\u0131s\u0131 ortaya \u00e7\u0131kt\u0131.<\/p>\n\n\n\n<p>S\u0131f\u0131rdan y\u00fcksek teknoloji \u00fcr\u00fcnlerini geli\u015ftirmek, test etmek, sertifika almak zaman meselesidir. O y\u00fczden T\u00fcrkiye, zaman bask\u0131s\u0131 alt\u0131ndad\u0131r. Bilhassa milli muharip u\u00e7ak ve hava savunma sistemleri hususunda. T\u00fcrkiye\u2019nin elindeki acil ve gerekli sistemleri tamamlamas\u0131 ve envantere sokmas\u0131 i\u00e7in 5 -10 y\u0131ll\u0131k bir zaman dilimine ihtiyac\u0131 vard\u0131r. O bak\u0131mdan bir m\u00fcddet daha sava\u015flardan ka\u00e7\u0131nmak elzemdir.<\/p>\n\n\n\n<p>\u00dclkeler i\u00e7in durum b\u00f6yle iken, \u015fah\u0131slar i\u00e7in de pek farkl\u0131 de\u011fildir. \u015eah\u0131slar da temin etmekte zorland\u0131klar\u0131 imk\u00e2nlar\u0131, kendi \u00e7abalar\u0131yla yakalamaya \u00e7al\u0131\u015f\u0131rlar. Mesela ben de bir\u00e7ok i\u015fe mecburiyetten soyundum.<\/p>\n\n\n\n<p>Ya\u015fad\u0131klar\u0131ma bakt\u0131k\u00e7a, i\u015flerinin zirvesindeki insanlar\u0131n bencilliklerini anlayabiliyorum. Kim tepeye \u00e7\u0131karsa a\u015fa\u011f\u0131dakilere pek merhamet g\u00f6stermiyor. Zira onlar\u0131n \u00e7o\u011fu da di\u015fiyle, t\u0131rna\u011f\u0131yla o mertebelere gelmi\u015f bulunuyor. Diyor ki \u201carkada\u015f ben buralara gelirken kimseden yard\u0131m almad\u0131m; kendi \u00e7abalar\u0131mla geldim. O halde ben de ba\u015fkalar\u0131n\u0131n elinden tutmayay\u0131m.\u201d Herkes birebir ayn\u0131 yolu y\u00fcr\u00fcmese de genellikle b\u00f6yledir.<\/p>\n\n\n\n<p>Sesimi duyurmak i\u00e7in sosyal medya platformlar\u0131na \u00fcye oldum. TV\u2019lerde yay\u0131n yapma imk\u00e2n\u0131 bulamay\u0131nca kendi YouTube kanal\u0131m\u0131 a\u00e7t\u0131m. Bug\u00fcnlerde de hayat\u0131mda ilk kez WhatsApp grubu kurdum.<\/p>\n\n\n\n<p>YouTube kanal\u0131m\u0131n ad\u0131n\u0131 verdim gruba. \u2018masatvnet dostlar\u0131 fikir k\u00fclt\u00fcr platformu\u2019 ad\u0131yla ba\u015flad\u0131k bakal\u0131m. Zira insanlar g\u00fcn\u00fcm\u00fczde y\u00fcz y\u00fcze pek gelemiyorlar. Sosyal medya bu anlamda b\u00fcy\u00fck bir ihtiya\u00e7 gideriyor. Fakat bireysel bir u\u011fra\u015f olmad\u0131\u011f\u0131ndan, WhatsApp grubunun ilave zorluklar\u0131 var. \u0130nsan kaprisleri, h\u0131rslar\u0131 burada da devrede. Ayr\u0131ca fark\u0131na vard\u0131m ki insanlar WhatsApp gruplar\u0131na s\u0131cak bakm\u0131yorlar. San\u0131yorum k\u00f6t\u00fc deneyimler ya\u015fad\u0131 bir\u00e7o\u011fu&#8230;<\/p>\n\n\n\n<p>\u00d6zel alan diye bir \u015fey var sonu\u00e7ta. \u00d6zel hayat\u0131n kutsall\u0131\u011f\u0131 her \u015feyin \u00fcst\u00fcndedir. Bir de tabii endi\u015feler var. Rahat\u0131 bozulsun istemiyor kimse. Ayr\u0131ca ne kadar dikkat edersiniz edin! Baz\u0131 kimseleri memnun etmek asla m\u00fcmk\u00fcn de\u011fildir. Bilhassa kendiyle bile kavgal\u0131 insanlar\u0131 asla memnun edemezsiniz. Ya da tahamm\u00fcl e\u015fi\u011fi d\u00fc\u015f\u00fck insanlar\u0131.<\/p>\n\n\n\n<p>WhatsApp grubu y\u00f6neticili\u011fi benim i\u00e7in yeni ve zorlay\u0131c\u0131 bir deneyim; bakal\u0131m nas\u0131l bir seyir izleyecek. Bu arada destek veren t\u00fcm dostlara te\u015fekk\u00fcr ediyorum.<\/p>\n\n\n\n<p>\u2018Bazen aptall\u0131k ve cesaret ayn\u0131 kap\u0131ya \u00e7\u0131kar\u2019 demi\u015f d\u00fc\u015f\u00fcn\u00fcr. Bende san\u0131yorum ikisi birden var. Hem cesaret hem aptall\u0131k. Yoksa insan kendi konforundan ni\u00e7in vazge\u00e7sin?<\/p>\n","protected":false},"excerpt":{"rendered":"<p>\u201cBazen aptall\u0131k ve cesaret ayn\u0131 kap\u0131ya \u00e7\u0131kar\u201d \u00c7o\u011fu zaman bir insan\u0131 ya da \u00fclkeyi cezaland\u0131rma iste\u011fi ters teper. Cezaland\u0131rma ve dezavantajl\u0131 duruma sokma iste\u011fi kar\u015f\u0131 taraf\u0131 ate\u015fler, kam\u00e7\u0131lar. Baz\u0131 i\u015flere giri\u015fmeyi mecbur k\u0131lar. K\u00f6t\u00fc kom\u015fu da benzer \u015feyler yapar. Kom\u015fusunu rahats\u0131z eder hatta taciz eder. Kom\u015fu da kendi evine sahip olma yolunda gayret eder ki [&hellip;]<\/p>\n","protected":false},"author":14001,"featured_media":161038,"comment_status":"open","ping_status":"open","sticky":false,"template":"","format":"standard","meta":{"_yoast_wpseo_focuskw":"mecburiyetten","_yoast_wpseo_title":"","_yoast_wpseo_metadesc":"\u00c7o\u011fu zaman bir insan\u0131 ya da \u00fclkeyi cezaland\u0131rma iste\u011fi ters teper. Cezaland\u0131rma iste\u011fi kar\u015f\u0131 taraf\u0131 ate\u015fler, kam\u00e7\u0131lar.","_bbp_topic_count":0,"_bbp_reply_count":0,"_bbp_total_topic_count":0,"_bbp_total_reply_count":0,"_bbp_voice_count":0,"_bbp_anonymous_reply_count":0,"_bbp_topic_count_hidden":0,"_bbp_reply_count_hidden":0,"_bbp_forum_subforum_count":0,"footnotes":"","_yoast_wpseo_focuskw_text_input":""},"categories":[9170],"tags":[],"yoast_head":"<!-- This site is optimized with the Yoast SEO plugin v23.0 - https:\/\/yoast.com\/wordpress\/plugins\/seo\/ -->\n<title>Mecburiyetten Dolay\u0131 - The Epoch Times TR<\/title>\n<meta name=\"description\" content=\"\u00c7o\u011fu zaman bir insan\u0131 ya da \u00fclkeyi cezaland\u0131rma iste\u011fi ters teper. Cezaland\u0131rma iste\u011fi kar\u015f\u0131 taraf\u0131 ate\u015fler, kam\u00e7\u0131lar.\" \/>\n<meta name=\"robots\" content=\"index, follow, max-snippet:-1, max-image-preview:large, max-video-preview:-1\" \/>\n<link rel=\"canonical\" href=\"https:\/\/epochtimestr.com\/index.php\/mecburiyetten-dolayi\" \/>\n<meta property=\"og:locale\" content=\"tr_TR\" \/>\n<meta property=\"og:type\" content=\"article\" \/>\n<meta property=\"og:title\" content=\"Mecburiyetten Dolay\u0131 - The Epoch Times TR\" \/>\n<meta property=\"og:description\" content=\"\u00c7o\u011fu zaman bir insan\u0131 ya da \u00fclkeyi cezaland\u0131rma iste\u011fi ters teper. Cezaland\u0131rma iste\u011fi kar\u015f\u0131 taraf\u0131 ate\u015fler, kam\u00e7\u0131lar.\" \/>\n<meta property=\"og:url\" content=\"https:\/\/epochtimestr.com\/index.php\/mecburiyetten-dolayi\" \/>\n<meta property=\"og:site_name\" content=\"The Epoch Times TR\" \/>\n<meta property=\"article:publisher\" content=\"https:\/\/www.facebook.com\/theepochtimestr\" \/>\n<meta property=\"article:published_time\" content=\"2026-03-31T05:30:00+00:00\" \/>\n<meta property=\"article:modified_time\" content=\"2026-03-30T20:00:16+00:00\" \/>\n<meta property=\"og:image\" content=\"https:\/\/epochtimestr.com\/wp-content\/uploads\/2011y\/BEKIR-ZORBA-SM-2.png\" \/>\n\t<meta property=\"og:image:width\" content=\"1200\" \/>\n\t<meta property=\"og:image:height\" content=\"630\" \/>\n\t<meta property=\"og:image:type\" content=\"image\/png\" \/>\n<meta name=\"author\" content=\"Bekir Zorba\" \/>\n<meta name=\"twitter:card\" content=\"summary_large_image\" \/>\n<meta name=\"twitter:creator\" content=\"@TheEpochTimesTR\" \/>\n<meta name=\"twitter:site\" content=\"@TheEpochTimesTR\" \/>\n<meta name=\"twitter:label1\" content=\"Yazan:\" \/>\n\t<meta name=\"twitter:data1\" content=\"Bekir Zorba\" \/>\n\t<meta name=\"twitter:label2\" content=\"Tahmini okuma s\u00fcresi\" \/>\n\t<meta name=\"twitter:data2\" content=\"4 dakika\" \/>\n<script type=\"application\/ld+json\" class=\"yoast-schema-graph\">{\"@context\":\"https:\/\/schema.org\",\"@graph\":[{\"@type\":\"Article\",\"@id\":\"https:\/\/epochtimestr.com\/index.php\/mecburiyetten-dolayi#article\",\"isPartOf\":{\"@id\":\"https:\/\/epochtimestr.com\/index.php\/mecburiyetten-dolayi\"},\"author\":{\"name\":\"Bekir Zorba\",\"@id\":\"https:\/\/epochtimestr.com\/#\/schema\/person\/da1ad104599611965442ed3e7e9acb2b\"},\"headline\":\"Mecburiyetten Dolay\u0131\",\"datePublished\":\"2026-03-31T05:30:00+00:00\",\"dateModified\":\"2026-03-30T20:00:16+00:00\",\"mainEntityOfPage\":{\"@id\":\"https:\/\/epochtimestr.com\/index.php\/mecburiyetten-dolayi\"},\"wordCount\":665,\"commentCount\":0,\"publisher\":{\"@id\":\"https:\/\/epochtimestr.com\/#organization\"},\"image\":{\"@id\":\"https:\/\/epochtimestr.com\/index.php\/mecburiyetten-dolayi#primaryimage\"},\"thumbnailUrl\":\"https:\/\/epochtimestr.com\/wp-content\/uploads\/2011y\/Bekir-Zorba.png\",\"articleSection\":[\"K\u00f6\u015fe Yaz\u0131lar\u0131 Bekir Zorba\"],\"inLanguage\":\"tr\",\"potentialAction\":[{\"@type\":\"CommentAction\",\"name\":\"Comment\",\"target\":[\"https:\/\/epochtimestr.com\/index.php\/mecburiyetten-dolayi#respond\"]}]},{\"@type\":\"WebPage\",\"@id\":\"https:\/\/epochtimestr.com\/index.php\/mecburiyetten-dolayi\",\"url\":\"https:\/\/epochtimestr.com\/index.php\/mecburiyetten-dolayi\",\"name\":\"Mecburiyetten Dolay\u0131 - The Epoch Times TR\",\"isPartOf\":{\"@id\":\"https:\/\/epochtimestr.com\/#website\"},\"primaryImageOfPage\":{\"@id\":\"https:\/\/epochtimestr.com\/index.php\/mecburiyetten-dolayi#primaryimage\"},\"image\":{\"@id\":\"https:\/\/epochtimestr.com\/index.php\/mecburiyetten-dolayi#primaryimage\"},\"thumbnailUrl\":\"https:\/\/epochtimestr.com\/wp-content\/uploads\/2011y\/Bekir-Zorba.png\",\"datePublished\":\"2026-03-31T05:30:00+00:00\",\"dateModified\":\"2026-03-30T20:00:16+00:00\",\"description\":\"\u00c7o\u011fu zaman bir insan\u0131 ya da \u00fclkeyi cezaland\u0131rma iste\u011fi ters teper. Cezaland\u0131rma iste\u011fi kar\u015f\u0131 taraf\u0131 ate\u015fler, kam\u00e7\u0131lar.\",\"inLanguage\":\"tr\",\"potentialAction\":[{\"@type\":\"ReadAction\",\"target\":[\"https:\/\/epochtimestr.com\/index.php\/mecburiyetten-dolayi\"]}]},{\"@type\":\"ImageObject\",\"inLanguage\":\"tr\",\"@id\":\"https:\/\/epochtimestr.com\/index.php\/mecburiyetten-dolayi#primaryimage\",\"url\":\"https:\/\/epochtimestr.com\/wp-content\/uploads\/2011y\/Bekir-Zorba.png\",\"contentUrl\":\"https:\/\/epochtimestr.com\/wp-content\/uploads\/2011y\/Bekir-Zorba.png\",\"width\":600,\"height\":600},{\"@type\":\"WebSite\",\"@id\":\"https:\/\/epochtimestr.com\/#website\",\"url\":\"https:\/\/epochtimestr.com\/\",\"name\":\"The Epoch Times TR\",\"description\":\"De\u011fi\u015fen D\u00fcnyam\u0131za Taze Bir Bak\u0131\u015f\",\"publisher\":{\"@id\":\"https:\/\/epochtimestr.com\/#organization\"},\"potentialAction\":[{\"@type\":\"SearchAction\",\"target\":{\"@type\":\"EntryPoint\",\"urlTemplate\":\"https:\/\/epochtimestr.com\/?s={search_term_string}\"},\"query-input\":\"required name=search_term_string\"}],\"inLanguage\":\"tr\"},{\"@type\":\"Organization\",\"@id\":\"https:\/\/epochtimestr.com\/#organization\",\"name\":\"The EpochTimes T\u00fcrkiye\",\"url\":\"https:\/\/epochtimestr.com\/\",\"logo\":{\"@type\":\"ImageObject\",\"inLanguage\":\"tr\",\"@id\":\"https:\/\/epochtimestr.com\/#\/schema\/logo\/image\/\",\"url\":\"https:\/\/epochtimestr.com\/wp-content\/uploads\/2011y\/ET-Logo-YG.jpg\",\"contentUrl\":\"https:\/\/epochtimestr.com\/wp-content\/uploads\/2011y\/ET-Logo-YG.jpg\",\"width\":346,\"height\":29,\"caption\":\"The EpochTimes T\u00fcrkiye\"},\"image\":{\"@id\":\"https:\/\/epochtimestr.com\/#\/schema\/logo\/image\/\"},\"sameAs\":[\"https:\/\/www.facebook.com\/theepochtimestr\",\"https:\/\/x.com\/TheEpochTimesTR\",\"https:\/\/www.instagram.com\/epochtimestr\"]},{\"@type\":\"Person\",\"@id\":\"https:\/\/epochtimestr.com\/#\/schema\/person\/da1ad104599611965442ed3e7e9acb2b\",\"name\":\"Bekir Zorba\",\"image\":{\"@type\":\"ImageObject\",\"inLanguage\":\"tr\",\"@id\":\"https:\/\/epochtimestr.com\/#\/schema\/person\/image\/\",\"url\":\"https:\/\/secure.gravatar.com\/avatar\/eafd40d9b77b1fbf7c565a3d4916b79c?s=96&d=mm&r=g\",\"contentUrl\":\"https:\/\/secure.gravatar.com\/avatar\/eafd40d9b77b1fbf7c565a3d4916b79c?s=96&d=mm&r=g\",\"caption\":\"Bekir Zorba\"},\"url\":\"https:\/\/epochtimestr.com\/index.php\/author\/bekir\"}]}<\/script>\n<!-- \/ Yoast SEO plugin. -->","yoast_head_json":{"title":"Mecburiyetten Dolay\u0131 - The Epoch Times TR","description":"\u00c7o\u011fu zaman bir insan\u0131 ya da \u00fclkeyi cezaland\u0131rma iste\u011fi ters teper. Cezaland\u0131rma iste\u011fi kar\u015f\u0131 taraf\u0131 ate\u015fler, kam\u00e7\u0131lar.","robots":{"index":"index","follow":"follow","max-snippet":"max-snippet:-1","max-image-preview":"max-image-preview:large","max-video-preview":"max-video-preview:-1"},"canonical":"https:\/\/epochtimestr.com\/index.php\/mecburiyetten-dolayi","og_locale":"tr_TR","og_type":"article","og_title":"Mecburiyetten Dolay\u0131 - The Epoch Times TR","og_description":"\u00c7o\u011fu zaman bir insan\u0131 ya da \u00fclkeyi cezaland\u0131rma iste\u011fi ters teper. Cezaland\u0131rma iste\u011fi kar\u015f\u0131 taraf\u0131 ate\u015fler, kam\u00e7\u0131lar.","og_url":"https:\/\/epochtimestr.com\/index.php\/mecburiyetten-dolayi","og_site_name":"The Epoch Times TR","article_publisher":"https:\/\/www.facebook.com\/theepochtimestr","article_published_time":"2026-03-31T05:30:00+00:00","article_modified_time":"2026-03-30T20:00:16+00:00","og_image":[{"width":1200,"height":630,"url":"https:\/\/epochtimestr.com\/wp-content\/uploads\/2011y\/BEKIR-ZORBA-SM-2.png","type":"image\/png"}],"author":"Bekir Zorba","twitter_card":"summary_large_image","twitter_creator":"@TheEpochTimesTR","twitter_site":"@TheEpochTimesTR","twitter_misc":{"Yazan:":"Bekir Zorba","Tahmini okuma s\u00fcresi":"4 dakika"},"schema":{"@context":"https:\/\/schema.org","@graph":[{"@type":"Article","@id":"https:\/\/epochtimestr.com\/index.php\/mecburiyetten-dolayi#article","isPartOf":{"@id":"https:\/\/epochtimestr.com\/index.php\/mecburiyetten-dolayi"},"author":{"name":"Bekir Zorba","@id":"https:\/\/epochtimestr.com\/#\/schema\/person\/da1ad104599611965442ed3e7e9acb2b"},"headline":"Mecburiyetten Dolay\u0131","datePublished":"2026-03-31T05:30:00+00:00","dateModified":"2026-03-30T20:00:16+00:00","mainEntityOfPage":{"@id":"https:\/\/epochtimestr.com\/index.php\/mecburiyetten-dolayi"},"wordCount":665,"commentCount":0,"publisher":{"@id":"https:\/\/epochtimestr.com\/#organization"},"image":{"@id":"https:\/\/epochtimestr.com\/index.php\/mecburiyetten-dolayi#primaryimage"},"thumbnailUrl":"https:\/\/epochtimestr.com\/wp-content\/uploads\/2011y\/Bekir-Zorba.png","articleSection":["K\u00f6\u015fe Yaz\u0131lar\u0131 Bekir Zorba"],"inLanguage":"tr","potentialAction":[{"@type":"CommentAction","name":"Comment","target":["https:\/\/epochtimestr.com\/index.php\/mecburiyetten-dolayi#respond"]}]},{"@type":"WebPage","@id":"https:\/\/epochtimestr.com\/index.php\/mecburiyetten-dolayi","url":"https:\/\/epochtimestr.com\/index.php\/mecburiyetten-dolayi","name":"Mecburiyetten Dolay\u0131 - The Epoch Times TR","isPartOf":{"@id":"https:\/\/epochtimestr.com\/#website"},"primaryImageOfPage":{"@id":"https:\/\/epochtimestr.com\/index.php\/mecburiyetten-dolayi#primaryimage"},"image":{"@id":"https:\/\/epochtimestr.com\/index.php\/mecburiyetten-dolayi#primaryimage"},"thumbnailUrl":"https:\/\/epochtimestr.com\/wp-content\/uploads\/2011y\/Bekir-Zorba.png","datePublished":"2026-03-31T05:30:00+00:00","dateModified":"2026-03-30T20:00:16+00:00","description":"\u00c7o\u011fu zaman bir insan\u0131 ya da \u00fclkeyi cezaland\u0131rma iste\u011fi ters teper. Cezaland\u0131rma iste\u011fi kar\u015f\u0131 taraf\u0131 ate\u015fler, kam\u00e7\u0131lar.","inLanguage":"tr","potentialAction":[{"@type":"ReadAction","target":["https:\/\/epochtimestr.com\/index.php\/mecburiyetten-dolayi"]}]},{"@type":"ImageObject","inLanguage":"tr","@id":"https:\/\/epochtimestr.com\/index.php\/mecburiyetten-dolayi#primaryimage","url":"https:\/\/epochtimestr.com\/wp-content\/uploads\/2011y\/Bekir-Zorba.png","contentUrl":"https:\/\/epochtimestr.com\/wp-content\/uploads\/2011y\/Bekir-Zorba.png","width":600,"height":600},{"@type":"WebSite","@id":"https:\/\/epochtimestr.com\/#website","url":"https:\/\/epochtimestr.com\/","name":"The Epoch Times TR","description":"De\u011fi\u015fen D\u00fcnyam\u0131za Taze Bir Bak\u0131\u015f","publisher":{"@id":"https:\/\/epochtimestr.com\/#organization"},"potentialAction":[{"@type":"SearchAction","target":{"@type":"EntryPoint","urlTemplate":"https:\/\/epochtimestr.com\/?s={search_term_string}"},"query-input":"required name=search_term_string"}],"inLanguage":"tr"},{"@type":"Organization","@id":"https:\/\/epochtimestr.com\/#organization","name":"The EpochTimes T\u00fcrkiye","url":"https:\/\/epochtimestr.com\/","logo":{"@type":"ImageObject","inLanguage":"tr","@id":"https:\/\/epochtimestr.com\/#\/schema\/logo\/image\/","url":"https:\/\/epochtimestr.com\/wp-content\/uploads\/2011y\/ET-Logo-YG.jpg","contentUrl":"https:\/\/epochtimestr.com\/wp-content\/uploads\/2011y\/ET-Logo-YG.jpg","width":346,"height":29,"caption":"The EpochTimes T\u00fcrkiye"},"image":{"@id":"https:\/\/epochtimestr.com\/#\/schema\/logo\/image\/"},"sameAs":["https:\/\/www.facebook.com\/theepochtimestr","https:\/\/x.com\/TheEpochTimesTR","https:\/\/www.instagram.com\/epochtimestr"]},{"@type":"Person","@id":"https:\/\/epochtimestr.com\/#\/schema\/person\/da1ad104599611965442ed3e7e9acb2b","name":"Bekir Zorba","image":{"@type":"ImageObject","inLanguage":"tr","@id":"https:\/\/epochtimestr.com\/#\/schema\/person\/image\/","url":"https:\/\/secure.gravatar.com\/avatar\/eafd40d9b77b1fbf7c565a3d4916b79c?s=96&d=mm&r=g","contentUrl":"https:\/\/secure.gravatar.com\/avatar\/eafd40d9b77b1fbf7c565a3d4916b79c?s=96&d=mm&r=g","caption":"Bekir Zorba"},"url":"https:\/\/epochtimestr.com\/index.php\/author\/bekir"}]}},"_links":{"self":[{"href":"https:\/\/epochtimestr.com\/index.php\/wp-json\/wp\/v2\/posts\/166530"}],"collection":[{"href":"https:\/\/epochtimestr.com\/index.php\/wp-json\/wp\/v2\/posts"}],"about":[{"href":"https:\/\/epochtimestr.com\/index.php\/wp-json\/wp\/v2\/types\/post"}],"author":[{"embeddable":true,"href":"https:\/\/epochtimestr.com\/index.php\/wp-json\/wp\/v2\/users\/14001"}],"replies":[{"embeddable":true,"href":"https:\/\/epochtimestr.com\/index.php\/wp-json\/wp\/v2\/comments?post=166530"}],"version-history":[{"count":2,"href":"https:\/\/epochtimestr.com\/index.php\/wp-json\/wp\/v2\/posts\/166530\/revisions"}],"predecessor-version":[{"id":166532,"href":"https:\/\/epochtimestr.com\/index.php\/wp-json\/wp\/v2\/posts\/166530\/revisions\/166532"}],"wp:featuredmedia":[{"embeddable":true,"href":"https:\/\/epochtimestr.com\/index.php\/wp-json\/wp\/v2\/media\/161038"}],"wp:attachment":[{"href":"https:\/\/epochtimestr.com\/index.php\/wp-json\/wp\/v2\/media?parent=166530"}],"wp:term":[{"taxonomy":"category","embeddable":true,"href":"https:\/\/epochtimestr.com\/index.php\/wp-json\/wp\/v2\/categories?post=166530"},{"taxonomy":"post_tag","embeddable":true,"href":"https:\/\/epochtimestr.com\/index.php\/wp-json\/wp\/v2\/tags?post=166530"}],"curies":[{"name":"wp","href":"https:\/\/api.w.org\/{rel}","templated":true}]}}