{"id":166537,"date":"2026-03-31T17:48:54","date_gmt":"2026-03-31T14:48:54","guid":{"rendered":"https:\/\/epochtimestr.com\/?p=166537"},"modified":"2026-03-31T17:49:56","modified_gmt":"2026-03-31T14:49:56","slug":"abd-irana-askeri-operasyon-seceneklerini-degerlendiriyor","status":"publish","type":"post","link":"https:\/\/epochtimestr.com\/index.php\/abd-irana-askeri-operasyon-seceneklerini-degerlendiriyor","title":{"rendered":"ABD \u0130ran&#8217;a Askeri Operasyon Se\u00e7eneklerini De\u011ferlendiriyor"},"content":{"rendered":"<div class=\"wp-block-image\">\n<figure class=\"aligncenter size-full is-resized\"><img loading=\"lazy\" decoding=\"async\" width=\"1200\" height=\"800\" src=\"https:\/\/epochtimestr.com\/wp-content\/uploads\/2011y\/1000035565.webp\" alt=\"\u0130srail askerleri, 7 Mart 2026'da \u0130srail-L\u00fcbnan s\u0131n\u0131r\u0131nda mevzi al\u0131yor. (Foto\u011fraf: Jalaa Marey\/AFP via Getty Images\/Epoch Times arac\u0131yla)\" class=\"wp-image-166538\" style=\"width:840px;height:auto\" srcset=\"https:\/\/epochtimestr.com\/wp-content\/uploads\/2011y\/1000035565.webp 1200w, https:\/\/epochtimestr.com\/wp-content\/uploads\/2011y\/1000035565-300x200.webp 300w, https:\/\/epochtimestr.com\/wp-content\/uploads\/2011y\/1000035565-150x100.webp 150w, https:\/\/epochtimestr.com\/wp-content\/uploads\/2011y\/1000035565-768x512.webp 768w\" sizes=\"(max-width: 1200px) 100vw, 1200px\" \/><figcaption class=\"wp-element-caption\">ABD, \u0130ran\u2019a y\u00f6nelik askeri operasyon se\u00e7eneklerini de\u011ferlendiriyor. \u0130srail askerleri, 7 Mart 2026&#8217;da \u0130srail-L\u00fcbnan s\u0131n\u0131r\u0131nda mevzi al\u0131rken. (Foto\u011fraf: The Epoch Times arac\u0131yla, Jalaa Marey, AFP &#8211; Getty Images)<\/figcaption><\/figure><\/div>\n\n\n<p>ABD, \u0130ran&#8217;a kar\u015f\u0131 olas\u0131 askeri operasyon se\u00e7eneklerini de\u011ferlendirerek sava\u015f\u0131 t\u0131rmand\u0131rmak i\u00e7in <a href=\"https:\/\/www.theepochtimes.com\/world\/israel-prepares-for-possible-increased-us-military-activity-against-iran-after-trump-escalation-threat-6006069\" target=\"_blank\" rel=\"noreferrer noopener\">haz\u0131rl\u0131k yap\u0131yor<\/a>. ABD Ba\u015fkan\u0131 Donald Trump, \u0130ran&#8217;a y\u00f6nelik bask\u0131lar\u0131 art\u0131rmay\u0131 planlad\u0131\u011f\u0131n\u0131 belirtti. Ayr\u0131ca stratejik bir anla\u015fmaya var\u0131lmamas\u0131 halinde kritik altyap\u0131 hedeflerini vurma plan\u0131n\u0131 a\u00e7\u0131klad\u0131. <\/p>\n\n\n\n<p>\u0130srail kaynaklar\u0131, ABD&#8217;nin askeri operasyon se\u00e7enekleri \u00fczerinde \u00e7al\u0131\u015ft\u0131\u011f\u0131n\u0131 ve bu durumun sava\u015f\u0131n daha yo\u011fun bir hale gelebilece\u011fini belirtiyor. Bu a\u00e7\u0131klamalar, diplomatik m\u00fczakerelerin ba\u015far\u0131s\u0131z olmas\u0131 durumunda Washington&#8217;\u0131n daha sert bir tutum sergilemeye haz\u0131r oldu\u011funu g\u00f6steriyor.<\/p>\n\n\n\n<p>Trump, \u0130ran\u2019\u0131n Stratejik H\u00fcrm\u00fcz Bo\u011faz\u0131\u2019n\u0131 yeniden a\u00e7mamas\u0131 halinde, enerji tesislerini ve hatta tuz \u00fcretme tesislerini hedef alabilece\u011fi konusunda uyar\u0131da bulundu. Bu tehditler, k\u00fcresel enerji fiyatlar\u0131n\u0131n artmas\u0131na ve petrol fiyatlar\u0131n\u0131n 115 dolar seviyelerine y\u00fckselmesine neden oldu.<\/p>\n\n\n\n<p>Trump ayn\u0131 zamanda diplomasiye de \u015fans tan\u0131d\u0131\u011f\u0131n\u0131 s\u00f6yledi. ABD&#8217;nin \u0130ran\u2019la do\u011frudan ve dolayl\u0131 m\u00fczakereler yapt\u0131\u011f\u0131 ve bu g\u00f6r\u00fc\u015fmelerin olumlu ilerledi\u011fini belirtti. Ancak \u0130ran, ABD ile hi\u00e7bir do\u011frudan g\u00f6r\u00fc\u015fme yapmad\u0131\u011f\u0131n\u0131, sadece ara bulucular \u00fczerinden mesaj ald\u0131\u011f\u0131n\u0131 a\u00e7\u0131klad\u0131.<\/p>\n\n\n\n<p>\u0130ran, ABD&#8217;nin \u00f6nerilerine kar\u015f\u0131l\u0131k olarak kendi taleplerini dile getirdi. Sald\u0131r\u0131lar\u0131n derhal durmas\u0131n\u0131, gelecek sald\u0131r\u0131lara kar\u015f\u0131 garantiler verilmesini ve b\u00f6lgesel bir ate\u015fkese var\u0131lmas\u0131n\u0131 istedi. \u0130ran ayr\u0131ca, <a href=\"https:\/\/epochtimestr.com\/index.php\/hurmuz-bogazi-icin-korfez-devletleri-ile-iran-anlasmali\" target=\"_blank\" rel=\"noreferrer noopener\">H\u00fcrm\u00fcz Bo\u011faz\u0131 \u00fczerindeki<\/a> egemenli\u011fini uluslararas\u0131 d\u00fczeyde tan\u0131nmas\u0131n\u0131 talep ediyor.<\/p>\n\n\n\n<p><strong>\u0130srail, ABD&#8217;nin Ad\u0131mlar\u0131n\u0131 Bekliyor<\/strong><\/p>\n\n\n\n<p>\u0130srail, ABD&#8217;nin \u0130ran\u2019a y\u00f6nelik alaca\u011f\u0131 kararlara tamamen uyum sa\u011flayacaklar\u0131n\u0131 belirtti. Ayr\u0131ca sava\u015f\u0131n sona ermesi durumunda bile Hizbullah\u2019a kar\u015f\u0131 operasyonlar\u0131n s\u00fcrece\u011fini ifade etti. Son olarak, \u0130srail\u2019in g\u00fcney s\u0131n\u0131r\u0131nda Yemenli Husi gruplar\u0131ndan f\u0131rlat\u0131lan iki insans\u0131z hava arac\u0131n\u0131 engelledi\u011fi belirtildi.<\/p>\n","protected":false},"excerpt":{"rendered":"<p>ABD, \u0130ran&#8217;a kar\u015f\u0131 olas\u0131 askeri operasyon se\u00e7eneklerini de\u011ferlendirerek sava\u015f\u0131 t\u0131rmand\u0131rmak i\u00e7in haz\u0131rl\u0131k yap\u0131yor. ABD Ba\u015fkan\u0131 Donald Trump, \u0130ran&#8217;a y\u00f6nelik bask\u0131lar\u0131 art\u0131rmay\u0131 planlad\u0131\u011f\u0131n\u0131 belirtti. Ayr\u0131ca stratejik bir anla\u015fmaya var\u0131lmamas\u0131 halinde kritik altyap\u0131 hedeflerini vurma plan\u0131n\u0131 a\u00e7\u0131klad\u0131. \u0130srail kaynaklar\u0131, ABD&#8217;nin askeri operasyon se\u00e7enekleri \u00fczerinde \u00e7al\u0131\u015ft\u0131\u011f\u0131n\u0131 ve bu durumun sava\u015f\u0131n daha yo\u011fun bir hale gelebilece\u011fini belirtiyor. Bu a\u00e7\u0131klamalar, [&hellip;]<\/p>\n","protected":false},"author":13996,"featured_media":166538,"comment_status":"open","ping_status":"open","sticky":false,"template":"","format":"standard","meta":{"_yoast_wpseo_focuskw":"ABD - askeri operasyon","_yoast_wpseo_title":"","_yoast_wpseo_metadesc":"ABD, \u0130ran\u2019a y\u00f6nelik askeri operasyon se\u00e7eneklerini de\u011ferlendiriyor. Diplomasinin ba\u015far\u0131s\u0131z olmas\u0131 durumunda bask\u0131lar artabilir.","_bbp_topic_count":0,"_bbp_reply_count":0,"_bbp_total_topic_count":0,"_bbp_total_reply_count":0,"_bbp_voice_count":0,"_bbp_anonymous_reply_count":0,"_bbp_topic_count_hidden":0,"_bbp_reply_count_hidden":0,"_bbp_forum_subforum_count":0,"footnotes":"","_yoast_wpseo_focuskw_text_input":""},"categories":[5,1,8138],"tags":[11154,276,10522,11143,7874,11159,11160,5764],"yoast_head":"<!-- This site is optimized with the Yoast SEO plugin v23.0 - https:\/\/yoast.com\/wordpress\/plugins\/seo\/ -->\n<title>ABD \u0130ran&#039;a Askeri Operasyon Se\u00e7eneklerini De\u011ferlendiriyor - The Epoch Times TR<\/title>\n<meta name=\"description\" content=\"ABD, \u0130ran\u2019a y\u00f6nelik askeri operasyon se\u00e7eneklerini de\u011ferlendiriyor. Diplomasinin ba\u015far\u0131s\u0131z olmas\u0131 durumunda bask\u0131lar artabilir.\" \/>\n<meta name=\"robots\" content=\"index, follow, max-snippet:-1, max-image-preview:large, max-video-preview:-1\" \/>\n<link rel=\"canonical\" href=\"https:\/\/epochtimestr.com\/index.php\/abd-irana-askeri-operasyon-seceneklerini-degerlendiriyor\" \/>\n<meta property=\"og:locale\" content=\"tr_TR\" \/>\n<meta property=\"og:type\" content=\"article\" \/>\n<meta property=\"og:title\" content=\"ABD \u0130ran&#039;a Askeri Operasyon Se\u00e7eneklerini De\u011ferlendiriyor - The Epoch Times TR\" \/>\n<meta property=\"og:description\" content=\"ABD, \u0130ran\u2019a y\u00f6nelik askeri operasyon se\u00e7eneklerini de\u011ferlendiriyor. Diplomasinin ba\u015far\u0131s\u0131z olmas\u0131 durumunda bask\u0131lar artabilir.\" \/>\n<meta property=\"og:url\" content=\"https:\/\/epochtimestr.com\/index.php\/abd-irana-askeri-operasyon-seceneklerini-degerlendiriyor\" \/>\n<meta property=\"og:site_name\" content=\"The Epoch Times TR\" \/>\n<meta property=\"article:publisher\" content=\"https:\/\/www.facebook.com\/theepochtimestr\" \/>\n<meta property=\"article:published_time\" content=\"2026-03-31T14:48:54+00:00\" \/>\n<meta property=\"article:modified_time\" content=\"2026-03-31T14:49:56+00:00\" \/>\n<meta property=\"og:image\" content=\"https:\/\/epochtimestr.com\/wp-content\/uploads\/2011y\/1000035565.webp\" \/>\n\t<meta property=\"og:image:width\" content=\"1200\" \/>\n\t<meta property=\"og:image:height\" content=\"800\" \/>\n\t<meta property=\"og:image:type\" content=\"image\/webp\" \/>\n<meta name=\"author\" content=\"Leo Bajelan\" \/>\n<meta name=\"twitter:card\" content=\"summary_large_image\" \/>\n<meta name=\"twitter:creator\" content=\"@TheEpochTimesTR\" \/>\n<meta name=\"twitter:site\" content=\"@TheEpochTimesTR\" \/>\n<meta name=\"twitter:label1\" content=\"Yazan:\" \/>\n\t<meta name=\"twitter:data1\" content=\"Leo Bajelan\" \/>\n\t<meta name=\"twitter:label2\" content=\"Tahmini okuma s\u00fcresi\" \/>\n\t<meta name=\"twitter:data2\" content=\"2 dakika\" \/>\n<script type=\"application\/ld+json\" class=\"yoast-schema-graph\">{\"@context\":\"https:\/\/schema.org\",\"@graph\":[{\"@type\":\"Article\",\"@id\":\"https:\/\/epochtimestr.com\/index.php\/abd-irana-askeri-operasyon-seceneklerini-degerlendiriyor#article\",\"isPartOf\":{\"@id\":\"https:\/\/epochtimestr.com\/index.php\/abd-irana-askeri-operasyon-seceneklerini-degerlendiriyor\"},\"author\":{\"name\":\"Leo Bajelan\",\"@id\":\"https:\/\/epochtimestr.com\/#\/schema\/person\/5fef218711d76d8f232b0e1f1d7e4c0d\"},\"headline\":\"ABD \u0130ran&#8217;a Askeri Operasyon Se\u00e7eneklerini De\u011ferlendiriyor\",\"datePublished\":\"2026-03-31T14:48:54+00:00\",\"dateModified\":\"2026-03-31T14:49:56+00:00\",\"mainEntityOfPage\":{\"@id\":\"https:\/\/epochtimestr.com\/index.php\/abd-irana-askeri-operasyon-seceneklerini-degerlendiriyor\"},\"wordCount\":366,\"commentCount\":0,\"publisher\":{\"@id\":\"https:\/\/epochtimestr.com\/#organization\"},\"image\":{\"@id\":\"https:\/\/epochtimestr.com\/index.php\/abd-irana-askeri-operasyon-seceneklerini-degerlendiriyor#primaryimage\"},\"thumbnailUrl\":\"https:\/\/epochtimestr.com\/wp-content\/uploads\/2011y\/1000035565.webp\",\"keywords\":[\"ABD \u0130srail\",\"askeri operasyon\",\"H\u00fcrm\u00fcz bo\u011faz\u0131\",\"\u0130ran m\u00fczakereleri\",\"\u0130srail\",\"kritik altyap\u0131\",\"k\u00fcresel enerji fiyatlar\u0131\",\"Trump\"],\"articleSection\":[\"D\u00dcNYA\",\"G\u00dcNDEM\",\"Man\u015fet\"],\"inLanguage\":\"tr\",\"potentialAction\":[{\"@type\":\"CommentAction\",\"name\":\"Comment\",\"target\":[\"https:\/\/epochtimestr.com\/index.php\/abd-irana-askeri-operasyon-seceneklerini-degerlendiriyor#respond\"]}]},{\"@type\":\"WebPage\",\"@id\":\"https:\/\/epochtimestr.com\/index.php\/abd-irana-askeri-operasyon-seceneklerini-degerlendiriyor\",\"url\":\"https:\/\/epochtimestr.com\/index.php\/abd-irana-askeri-operasyon-seceneklerini-degerlendiriyor\",\"name\":\"ABD \u0130ran'a Askeri Operasyon Se\u00e7eneklerini De\u011ferlendiriyor - The Epoch Times TR\",\"isPartOf\":{\"@id\":\"https:\/\/epochtimestr.com\/#website\"},\"primaryImageOfPage\":{\"@id\":\"https:\/\/epochtimestr.com\/index.php\/abd-irana-askeri-operasyon-seceneklerini-degerlendiriyor#primaryimage\"},\"image\":{\"@id\":\"https:\/\/epochtimestr.com\/index.php\/abd-irana-askeri-operasyon-seceneklerini-degerlendiriyor#primaryimage\"},\"thumbnailUrl\":\"https:\/\/epochtimestr.com\/wp-content\/uploads\/2011y\/1000035565.webp\",\"datePublished\":\"2026-03-31T14:48:54+00:00\",\"dateModified\":\"2026-03-31T14:49:56+00:00\",\"description\":\"ABD, \u0130ran\u2019a y\u00f6nelik askeri operasyon se\u00e7eneklerini de\u011ferlendiriyor. Diplomasinin ba\u015far\u0131s\u0131z olmas\u0131 durumunda bask\u0131lar artabilir.\",\"inLanguage\":\"tr\",\"potentialAction\":[{\"@type\":\"ReadAction\",\"target\":[\"https:\/\/epochtimestr.com\/index.php\/abd-irana-askeri-operasyon-seceneklerini-degerlendiriyor\"]}]},{\"@type\":\"ImageObject\",\"inLanguage\":\"tr\",\"@id\":\"https:\/\/epochtimestr.com\/index.php\/abd-irana-askeri-operasyon-seceneklerini-degerlendiriyor#primaryimage\",\"url\":\"https:\/\/epochtimestr.com\/wp-content\/uploads\/2011y\/1000035565.webp\",\"contentUrl\":\"https:\/\/epochtimestr.com\/wp-content\/uploads\/2011y\/1000035565.webp\",\"width\":1200,\"height\":800},{\"@type\":\"WebSite\",\"@id\":\"https:\/\/epochtimestr.com\/#website\",\"url\":\"https:\/\/epochtimestr.com\/\",\"name\":\"The Epoch Times TR\",\"description\":\"De\u011fi\u015fen D\u00fcnyam\u0131za Taze Bir Bak\u0131\u015f\",\"publisher\":{\"@id\":\"https:\/\/epochtimestr.com\/#organization\"},\"potentialAction\":[{\"@type\":\"SearchAction\",\"target\":{\"@type\":\"EntryPoint\",\"urlTemplate\":\"https:\/\/epochtimestr.com\/?s={search_term_string}\"},\"query-input\":\"required name=search_term_string\"}],\"inLanguage\":\"tr\"},{\"@type\":\"Organization\",\"@id\":\"https:\/\/epochtimestr.com\/#organization\",\"name\":\"The EpochTimes T\u00fcrkiye\",\"url\":\"https:\/\/epochtimestr.com\/\",\"logo\":{\"@type\":\"ImageObject\",\"inLanguage\":\"tr\",\"@id\":\"https:\/\/epochtimestr.com\/#\/schema\/logo\/image\/\",\"url\":\"https:\/\/epochtimestr.com\/wp-content\/uploads\/2011y\/ET-Logo-YG.jpg\",\"contentUrl\":\"https:\/\/epochtimestr.com\/wp-content\/uploads\/2011y\/ET-Logo-YG.jpg\",\"width\":346,\"height\":29,\"caption\":\"The EpochTimes T\u00fcrkiye\"},\"image\":{\"@id\":\"https:\/\/epochtimestr.com\/#\/schema\/logo\/image\/\"},\"sameAs\":[\"https:\/\/www.facebook.com\/theepochtimestr\",\"https:\/\/x.com\/TheEpochTimesTR\",\"https:\/\/www.instagram.com\/epochtimestr\"]},{\"@type\":\"Person\",\"@id\":\"https:\/\/epochtimestr.com\/#\/schema\/person\/5fef218711d76d8f232b0e1f1d7e4c0d\",\"name\":\"Leo Bajelan\",\"image\":{\"@type\":\"ImageObject\",\"inLanguage\":\"tr\",\"@id\":\"https:\/\/epochtimestr.com\/#\/schema\/person\/image\/\",\"url\":\"https:\/\/secure.gravatar.com\/avatar\/917669146f489549e548a2e9af272df5?s=96&d=mm&r=g\",\"contentUrl\":\"https:\/\/secure.gravatar.com\/avatar\/917669146f489549e548a2e9af272df5?s=96&d=mm&r=g\",\"caption\":\"Leo Bajelan\"},\"url\":\"https:\/\/epochtimestr.com\/index.php\/author\/leo\"}]}<\/script>\n<!-- \/ Yoast SEO plugin. -->","yoast_head_json":{"title":"ABD \u0130ran'a Askeri Operasyon Se\u00e7eneklerini De\u011ferlendiriyor - The Epoch Times TR","description":"ABD, \u0130ran\u2019a y\u00f6nelik askeri operasyon se\u00e7eneklerini de\u011ferlendiriyor. Diplomasinin ba\u015far\u0131s\u0131z olmas\u0131 durumunda bask\u0131lar artabilir.","robots":{"index":"index","follow":"follow","max-snippet":"max-snippet:-1","max-image-preview":"max-image-preview:large","max-video-preview":"max-video-preview:-1"},"canonical":"https:\/\/epochtimestr.com\/index.php\/abd-irana-askeri-operasyon-seceneklerini-degerlendiriyor","og_locale":"tr_TR","og_type":"article","og_title":"ABD \u0130ran'a Askeri Operasyon Se\u00e7eneklerini De\u011ferlendiriyor - The Epoch Times TR","og_description":"ABD, \u0130ran\u2019a y\u00f6nelik askeri operasyon se\u00e7eneklerini de\u011ferlendiriyor. Diplomasinin ba\u015far\u0131s\u0131z olmas\u0131 durumunda bask\u0131lar artabilir.","og_url":"https:\/\/epochtimestr.com\/index.php\/abd-irana-askeri-operasyon-seceneklerini-degerlendiriyor","og_site_name":"The Epoch Times TR","article_publisher":"https:\/\/www.facebook.com\/theepochtimestr","article_published_time":"2026-03-31T14:48:54+00:00","article_modified_time":"2026-03-31T14:49:56+00:00","og_image":[{"width":1200,"height":800,"url":"https:\/\/epochtimestr.com\/wp-content\/uploads\/2011y\/1000035565.webp","type":"image\/webp"}],"author":"Leo Bajelan","twitter_card":"summary_large_image","twitter_creator":"@TheEpochTimesTR","twitter_site":"@TheEpochTimesTR","twitter_misc":{"Yazan:":"Leo Bajelan","Tahmini okuma s\u00fcresi":"2 dakika"},"schema":{"@context":"https:\/\/schema.org","@graph":[{"@type":"Article","@id":"https:\/\/epochtimestr.com\/index.php\/abd-irana-askeri-operasyon-seceneklerini-degerlendiriyor#article","isPartOf":{"@id":"https:\/\/epochtimestr.com\/index.php\/abd-irana-askeri-operasyon-seceneklerini-degerlendiriyor"},"author":{"name":"Leo Bajelan","@id":"https:\/\/epochtimestr.com\/#\/schema\/person\/5fef218711d76d8f232b0e1f1d7e4c0d"},"headline":"ABD \u0130ran&#8217;a Askeri Operasyon Se\u00e7eneklerini De\u011ferlendiriyor","datePublished":"2026-03-31T14:48:54+00:00","dateModified":"2026-03-31T14:49:56+00:00","mainEntityOfPage":{"@id":"https:\/\/epochtimestr.com\/index.php\/abd-irana-askeri-operasyon-seceneklerini-degerlendiriyor"},"wordCount":366,"commentCount":0,"publisher":{"@id":"https:\/\/epochtimestr.com\/#organization"},"image":{"@id":"https:\/\/epochtimestr.com\/index.php\/abd-irana-askeri-operasyon-seceneklerini-degerlendiriyor#primaryimage"},"thumbnailUrl":"https:\/\/epochtimestr.com\/wp-content\/uploads\/2011y\/1000035565.webp","keywords":["ABD \u0130srail","askeri operasyon","H\u00fcrm\u00fcz bo\u011faz\u0131","\u0130ran m\u00fczakereleri","\u0130srail","kritik altyap\u0131","k\u00fcresel enerji fiyatlar\u0131","Trump"],"articleSection":["D\u00dcNYA","G\u00dcNDEM","Man\u015fet"],"inLanguage":"tr","potentialAction":[{"@type":"CommentAction","name":"Comment","target":["https:\/\/epochtimestr.com\/index.php\/abd-irana-askeri-operasyon-seceneklerini-degerlendiriyor#respond"]}]},{"@type":"WebPage","@id":"https:\/\/epochtimestr.com\/index.php\/abd-irana-askeri-operasyon-seceneklerini-degerlendiriyor","url":"https:\/\/epochtimestr.com\/index.php\/abd-irana-askeri-operasyon-seceneklerini-degerlendiriyor","name":"ABD \u0130ran'a Askeri Operasyon Se\u00e7eneklerini De\u011ferlendiriyor - The Epoch Times TR","isPartOf":{"@id":"https:\/\/epochtimestr.com\/#website"},"primaryImageOfPage":{"@id":"https:\/\/epochtimestr.com\/index.php\/abd-irana-askeri-operasyon-seceneklerini-degerlendiriyor#primaryimage"},"image":{"@id":"https:\/\/epochtimestr.com\/index.php\/abd-irana-askeri-operasyon-seceneklerini-degerlendiriyor#primaryimage"},"thumbnailUrl":"https:\/\/epochtimestr.com\/wp-content\/uploads\/2011y\/1000035565.webp","datePublished":"2026-03-31T14:48:54+00:00","dateModified":"2026-03-31T14:49:56+00:00","description":"ABD, \u0130ran\u2019a y\u00f6nelik askeri operasyon se\u00e7eneklerini de\u011ferlendiriyor. Diplomasinin ba\u015far\u0131s\u0131z olmas\u0131 durumunda bask\u0131lar artabilir.","inLanguage":"tr","potentialAction":[{"@type":"ReadAction","target":["https:\/\/epochtimestr.com\/index.php\/abd-irana-askeri-operasyon-seceneklerini-degerlendiriyor"]}]},{"@type":"ImageObject","inLanguage":"tr","@id":"https:\/\/epochtimestr.com\/index.php\/abd-irana-askeri-operasyon-seceneklerini-degerlendiriyor#primaryimage","url":"https:\/\/epochtimestr.com\/wp-content\/uploads\/2011y\/1000035565.webp","contentUrl":"https:\/\/epochtimestr.com\/wp-content\/uploads\/2011y\/1000035565.webp","width":1200,"height":800},{"@type":"WebSite","@id":"https:\/\/epochtimestr.com\/#website","url":"https:\/\/epochtimestr.com\/","name":"The Epoch Times TR","description":"De\u011fi\u015fen D\u00fcnyam\u0131za Taze Bir Bak\u0131\u015f","publisher":{"@id":"https:\/\/epochtimestr.com\/#organization"},"potentialAction":[{"@type":"SearchAction","target":{"@type":"EntryPoint","urlTemplate":"https:\/\/epochtimestr.com\/?s={search_term_string}"},"query-input":"required name=search_term_string"}],"inLanguage":"tr"},{"@type":"Organization","@id":"https:\/\/epochtimestr.com\/#organization","name":"The EpochTimes T\u00fcrkiye","url":"https:\/\/epochtimestr.com\/","logo":{"@type":"ImageObject","inLanguage":"tr","@id":"https:\/\/epochtimestr.com\/#\/schema\/logo\/image\/","url":"https:\/\/epochtimestr.com\/wp-content\/uploads\/2011y\/ET-Logo-YG.jpg","contentUrl":"https:\/\/epochtimestr.com\/wp-content\/uploads\/2011y\/ET-Logo-YG.jpg","width":346,"height":29,"caption":"The EpochTimes T\u00fcrkiye"},"image":{"@id":"https:\/\/epochtimestr.com\/#\/schema\/logo\/image\/"},"sameAs":["https:\/\/www.facebook.com\/theepochtimestr","https:\/\/x.com\/TheEpochTimesTR","https:\/\/www.instagram.com\/epochtimestr"]},{"@type":"Person","@id":"https:\/\/epochtimestr.com\/#\/schema\/person\/5fef218711d76d8f232b0e1f1d7e4c0d","name":"Leo Bajelan","image":{"@type":"ImageObject","inLanguage":"tr","@id":"https:\/\/epochtimestr.com\/#\/schema\/person\/image\/","url":"https:\/\/secure.gravatar.com\/avatar\/917669146f489549e548a2e9af272df5?s=96&d=mm&r=g","contentUrl":"https:\/\/secure.gravatar.com\/avatar\/917669146f489549e548a2e9af272df5?s=96&d=mm&r=g","caption":"Leo Bajelan"},"url":"https:\/\/epochtimestr.com\/index.php\/author\/leo"}]}},"_links":{"self":[{"href":"https:\/\/epochtimestr.com\/index.php\/wp-json\/wp\/v2\/posts\/166537"}],"collection":[{"href":"https:\/\/epochtimestr.com\/index.php\/wp-json\/wp\/v2\/posts"}],"about":[{"href":"https:\/\/epochtimestr.com\/index.php\/wp-json\/wp\/v2\/types\/post"}],"author":[{"embeddable":true,"href":"https:\/\/epochtimestr.com\/index.php\/wp-json\/wp\/v2\/users\/13996"}],"replies":[{"embeddable":true,"href":"https:\/\/epochtimestr.com\/index.php\/wp-json\/wp\/v2\/comments?post=166537"}],"version-history":[{"count":3,"href":"https:\/\/epochtimestr.com\/index.php\/wp-json\/wp\/v2\/posts\/166537\/revisions"}],"predecessor-version":[{"id":166547,"href":"https:\/\/epochtimestr.com\/index.php\/wp-json\/wp\/v2\/posts\/166537\/revisions\/166547"}],"wp:featuredmedia":[{"embeddable":true,"href":"https:\/\/epochtimestr.com\/index.php\/wp-json\/wp\/v2\/media\/166538"}],"wp:attachment":[{"href":"https:\/\/epochtimestr.com\/index.php\/wp-json\/wp\/v2\/media?parent=166537"}],"wp:term":[{"taxonomy":"category","embeddable":true,"href":"https:\/\/epochtimestr.com\/index.php\/wp-json\/wp\/v2\/categories?post=166537"},{"taxonomy":"post_tag","embeddable":true,"href":"https:\/\/epochtimestr.com\/index.php\/wp-json\/wp\/v2\/tags?post=166537"}],"curies":[{"name":"wp","href":"https:\/\/api.w.org\/{rel}","templated":true}]}}