{"id":166540,"date":"2026-03-31T18:02:27","date_gmt":"2026-03-31T15:02:27","guid":{"rendered":"https:\/\/epochtimestr.com\/?p=166540"},"modified":"2026-03-31T18:02:30","modified_gmt":"2026-03-31T15:02:30","slug":"israilin-idam-cezasi-yasasina-yabanci-bakanlardan-tepki","status":"publish","type":"post","link":"https:\/\/epochtimestr.com\/index.php\/israilin-idam-cezasi-yasasina-yabanci-bakanlardan-tepki","title":{"rendered":"\u0130srail\u2019in \u0130dam Cezas\u0131 Yasas\u0131na Yabanc\u0131 Bakanlardan Tepki"},"content":{"rendered":"<div class=\"wp-block-image\">\n<figure class=\"aligncenter size-full\"><img loading=\"lazy\" decoding=\"async\" width=\"1200\" height=\"778\" src=\"https:\/\/epochtimestr.com\/wp-content\/uploads\/2011y\/1000035566.webp\" alt=\"\u0130srail\u2019in ter\u00f6ristlere y\u00f6nelik yeni idam cezas\u0131 d\u00fczenlemesi, uluslararas\u0131 tepkilere yol a\u00e7t\u0131. \u0130srail bayra\u011f\u0131, 19 Kas\u0131m 2025'te \u0130srail'in Sderot \u015fehrinde dalgalan\u0131yor. (Foto\u011fraf: John Fredricks\/The Epoch Times)\" class=\"wp-image-166541\" srcset=\"https:\/\/epochtimestr.com\/wp-content\/uploads\/2011y\/1000035566.webp 1200w, https:\/\/epochtimestr.com\/wp-content\/uploads\/2011y\/1000035566-300x195.webp 300w, https:\/\/epochtimestr.com\/wp-content\/uploads\/2011y\/1000035566-150x97.webp 150w, https:\/\/epochtimestr.com\/wp-content\/uploads\/2011y\/1000035566-768x498.webp 768w, https:\/\/epochtimestr.com\/wp-content\/uploads\/2011y\/1000035566-210x136.webp 210w\" sizes=\"(max-width: 1200px) 100vw, 1200px\" \/><figcaption class=\"wp-element-caption\">\u0130srail\u2019in ter\u00f6ristlere y\u00f6nelik yeni idam cezas\u0131 d\u00fczenlemesi, uluslararas\u0131 tepkilere yol a\u00e7t\u0131. \u0130srail bayra\u011f\u0131, 19 Kas\u0131m 2025&#8217;te \u0130srail&#8217;in Sderot \u015fehrinde dalgalan\u0131rken. (Foto\u011fraf: John Fredricks, The Epoch Times)<\/figcaption><\/figure><\/div>\n\n\n<p>Fransa, Almanya, Birle\u015fik Krall\u0131k ve Avustralya, \u0130srail&#8217;in ter\u00f6ristlere y\u00f6nelik yeni idam cezas\u0131 uygulamas\u0131na kar\u015f\u0131 \u00e7\u0131kt\u0131klar\u0131n\u0131 a\u00e7\u0131klad\u0131. <a href=\"https:\/\/www.theepochtimes.com\/world\/france-uk-germany-australia-urge-israel-to-rethink-terrorist-death-penalty-by-hanging-6006065\" target=\"_blank\" rel=\"noreferrer noopener\">30 Mart\u2019ta \u0130srail Parlamentosu<\/a> taraf\u0131ndan kabul edilen yasa, ter\u00f6rizmin amac\u0131yla \u00f6l\u00fcmle sonu\u00e7lanan eylemler ger\u00e7ekle\u015ftiren ki\u015filere idam cezas\u0131 verilmesine olanak sa\u011fl\u0131yor. Bu ceza, farkl\u0131 hukuk sistemlerinden dolay\u0131 \u00f6zellikle Bat\u0131 \u015eeria\u2019da ge\u00e7erli olacak.<\/p>\n\n\n\n<p>Fransa, Almanya, \u0130talya, Birle\u015fik Krall\u0131k ve Avustralya D\u0131\u015fi\u015fleri Bakanlar\u0131, yeni d\u00fczenlemenin \u201cayr\u0131mc\u0131 bir karakter ta\u015f\u0131d\u0131\u011f\u0131n\u0131\u201d belirtti. Ayr\u0131ca bu yasan\u0131n, \u0130srail\u2019in demokratik de\u011ferleriyle ba\u011fda\u015fmad\u0131\u011f\u0131n\u0131 vurgulad\u0131lar. \u201c\u0130dam cezas\u0131n\u0131n, her ko\u015fulda insanl\u0131k d\u0131\u015f\u0131 ve k\u00fc\u00e7\u00fclt\u00fcc\u00fc bir ceza oldu\u011fu g\u00f6r\u00fc\u015f\u00fcndeyiz\u201d dediler. D\u00fcnya genelinde idam cezas\u0131na kar\u015f\u0131 olduklar\u0131n\u0131 da s\u00f6zlerine eklediler.<\/p>\n\n\n\n<p><strong>\u0130srail: Daha Etkili Cayd\u0131r\u0131c\u0131l\u0131k Gerekli<\/strong><\/p>\n\n\n\n<p>\u0130srail D\u0131\u015fi\u015fleri Bakanl\u0131\u011f\u0131, \u00fclkenin on y\u0131llard\u0131r benzeri g\u00f6r\u00fclmemi\u015f bir ter\u00f6rist sald\u0131r\u0131 tehdidiyle kar\u015f\u0131 kar\u015f\u0131ya oldu\u011funu bildirdi. Bakanl\u0131k, bu nedenle yeni d\u00fczenlemenin gerekli oldu\u011funu dile getirdi. \u00d6zellikle 7 Ekim\u2019deki sald\u0131r\u0131lar\u0131n ard\u0131ndan idam cezas\u0131n\u0131n cayd\u0131r\u0131c\u0131 etkisi olaca\u011f\u0131n\u0131 belirtti. Yeni yasa, idam cezas\u0131 verilen mahkumlar\u0131n cezalar\u0131n\u0131n affedilebilece\u011fini veya temyiz edilebilece\u011fini \u00f6ng\u00f6r\u00fcyor. Yasa, sadece Hamas\u2019a y\u00f6nelik de\u011fil, di\u011fer ter\u00f6rist gruplar\u0131 da kaps\u0131yor.<\/p>\n\n\n\n<p>Bununla birlikte, bu yasa \u0130srail i\u00e7inde de ciddi ele\u015ftirilerle kar\u015f\u0131la\u015ft\u0131. 2023\u2019te <a href=\"https:\/\/epochtimestr.com\/index.php\/israil-saldirilari-nedeniyle-lubnanda-700-000-kisi-evini-terk-etti\" target=\"_blank\" rel=\"noreferrer noopener\">\u0130srail Demokrasi<\/a> Enstit\u00fcs\u00fc, idam cezas\u0131n\u0131n \u0130srail&#8217;in demokratik yap\u0131s\u0131n\u0131 zay\u0131flataca\u011f\u0131n\u0131 ve daha fazla rehine al\u0131m\u0131na yol a\u00e7abilece\u011fi konusunda uyar\u0131da bulunmu\u015ftu. \u0130srail \u0130\u00e7i\u015fleri Hukuk Derne\u011fi de yasa kar\u015f\u0131t\u0131 dava a\u00e7maya haz\u0131rlan\u0131yor.<\/p>\n\n\n\n<p>Bu olaylar, idam cezas\u0131n\u0131n ter\u00f6rle m\u00fccadelede nas\u0131l bir etki yarataca\u011f\u0131 konusundaki tart\u0131\u015fmalar\u0131 art\u0131r\u0131yor.<\/p>\n","protected":false},"excerpt":{"rendered":"<p>Fransa, Almanya, Birle\u015fik Krall\u0131k ve Avustralya, \u0130srail&#8217;in ter\u00f6ristlere y\u00f6nelik yeni idam cezas\u0131 uygulamas\u0131na kar\u015f\u0131 \u00e7\u0131kt\u0131klar\u0131n\u0131 a\u00e7\u0131klad\u0131. 30 Mart\u2019ta \u0130srail Parlamentosu taraf\u0131ndan kabul edilen yasa, ter\u00f6rizmin amac\u0131yla \u00f6l\u00fcmle sonu\u00e7lanan eylemler ger\u00e7ekle\u015ftiren ki\u015filere idam cezas\u0131 verilmesine olanak sa\u011fl\u0131yor. Bu ceza, farkl\u0131 hukuk sistemlerinden dolay\u0131 \u00f6zellikle Bat\u0131 \u015eeria\u2019da ge\u00e7erli olacak. Fransa, Almanya, \u0130talya, Birle\u015fik Krall\u0131k ve Avustralya D\u0131\u015fi\u015fleri [&hellip;]<\/p>\n","protected":false},"author":13996,"featured_media":166541,"comment_status":"open","ping_status":"open","sticky":false,"template":"","format":"standard","meta":{"_yoast_wpseo_focuskw":"\u0130dam cezas\u0131","_yoast_wpseo_title":"","_yoast_wpseo_metadesc":"Fransa, Almanya, Birle\u015fik Krall\u0131k ve Avustralya, \u0130srail\u2019in ter\u00f6ristlere y\u00f6nelik yeni idam cezas\u0131 d\u00fczenlemesine tepki g\u00f6sterdi.","_bbp_topic_count":0,"_bbp_reply_count":0,"_bbp_total_topic_count":0,"_bbp_total_reply_count":0,"_bbp_voice_count":0,"_bbp_anonymous_reply_count":0,"_bbp_topic_count_hidden":0,"_bbp_reply_count_hidden":0,"_bbp_forum_subforum_count":0,"footnotes":"","_yoast_wpseo_focuskw_text_input":""},"categories":[5,1,8138],"tags":[1212,11156,9658,11161,11162,3245],"yoast_head":"<!-- This site is optimized with the Yoast SEO plugin v23.0 - https:\/\/yoast.com\/wordpress\/plugins\/seo\/ -->\n<title>\u0130srail\u2019in \u0130dam Cezas\u0131 Yasas\u0131na Yabanc\u0131 Bakanlardan Tepki - The Epoch Times TR<\/title>\n<meta name=\"description\" content=\"Fransa, Almanya, Birle\u015fik Krall\u0131k ve Avustralya, \u0130srail\u2019in ter\u00f6ristlere y\u00f6nelik yeni idam cezas\u0131 d\u00fczenlemesine tepki g\u00f6sterdi.\" \/>\n<meta name=\"robots\" content=\"index, follow, max-snippet:-1, max-image-preview:large, max-video-preview:-1\" \/>\n<link rel=\"canonical\" href=\"https:\/\/epochtimestr.com\/index.php\/israilin-idam-cezasi-yasasina-yabanci-bakanlardan-tepki\" \/>\n<meta property=\"og:locale\" content=\"tr_TR\" \/>\n<meta property=\"og:type\" content=\"article\" \/>\n<meta property=\"og:title\" content=\"\u0130srail\u2019in \u0130dam Cezas\u0131 Yasas\u0131na Yabanc\u0131 Bakanlardan Tepki - The Epoch Times TR\" \/>\n<meta property=\"og:description\" content=\"Fransa, Almanya, Birle\u015fik Krall\u0131k ve Avustralya, \u0130srail\u2019in ter\u00f6ristlere y\u00f6nelik yeni idam cezas\u0131 d\u00fczenlemesine tepki g\u00f6sterdi.\" \/>\n<meta property=\"og:url\" content=\"https:\/\/epochtimestr.com\/index.php\/israilin-idam-cezasi-yasasina-yabanci-bakanlardan-tepki\" \/>\n<meta property=\"og:site_name\" content=\"The Epoch Times TR\" \/>\n<meta property=\"article:publisher\" content=\"https:\/\/www.facebook.com\/theepochtimestr\" \/>\n<meta property=\"article:published_time\" content=\"2026-03-31T15:02:27+00:00\" \/>\n<meta property=\"article:modified_time\" content=\"2026-03-31T15:02:30+00:00\" \/>\n<meta property=\"og:image\" content=\"https:\/\/epochtimestr.com\/wp-content\/uploads\/2011y\/1000035566.webp\" \/>\n\t<meta property=\"og:image:width\" content=\"1200\" \/>\n\t<meta property=\"og:image:height\" content=\"778\" \/>\n\t<meta property=\"og:image:type\" content=\"image\/webp\" \/>\n<meta name=\"author\" content=\"Leo Bajelan\" \/>\n<meta name=\"twitter:card\" content=\"summary_large_image\" \/>\n<meta name=\"twitter:creator\" content=\"@TheEpochTimesTR\" \/>\n<meta name=\"twitter:site\" content=\"@TheEpochTimesTR\" \/>\n<meta name=\"twitter:label1\" content=\"Yazan:\" \/>\n\t<meta name=\"twitter:data1\" content=\"Leo Bajelan\" \/>\n\t<meta name=\"twitter:label2\" content=\"Tahmini okuma s\u00fcresi\" \/>\n\t<meta name=\"twitter:data2\" content=\"2 dakika\" \/>\n<script type=\"application\/ld+json\" class=\"yoast-schema-graph\">{\"@context\":\"https:\/\/schema.org\",\"@graph\":[{\"@type\":\"Article\",\"@id\":\"https:\/\/epochtimestr.com\/index.php\/israilin-idam-cezasi-yasasina-yabanci-bakanlardan-tepki#article\",\"isPartOf\":{\"@id\":\"https:\/\/epochtimestr.com\/index.php\/israilin-idam-cezasi-yasasina-yabanci-bakanlardan-tepki\"},\"author\":{\"name\":\"Leo Bajelan\",\"@id\":\"https:\/\/epochtimestr.com\/#\/schema\/person\/5fef218711d76d8f232b0e1f1d7e4c0d\"},\"headline\":\"\u0130srail\u2019in \u0130dam Cezas\u0131 Yasas\u0131na Yabanc\u0131 Bakanlardan Tepki\",\"datePublished\":\"2026-03-31T15:02:27+00:00\",\"dateModified\":\"2026-03-31T15:02:30+00:00\",\"mainEntityOfPage\":{\"@id\":\"https:\/\/epochtimestr.com\/index.php\/israilin-idam-cezasi-yasasina-yabanci-bakanlardan-tepki\"},\"wordCount\":370,\"commentCount\":0,\"publisher\":{\"@id\":\"https:\/\/epochtimestr.com\/#organization\"},\"image\":{\"@id\":\"https:\/\/epochtimestr.com\/index.php\/israilin-idam-cezasi-yasasina-yabanci-bakanlardan-tepki#primaryimage\"},\"thumbnailUrl\":\"https:\/\/epochtimestr.com\/wp-content\/uploads\/2011y\/1000035566.webp\",\"keywords\":[\"Avrupa \u00fclkeleri\",\"\u0130dam cezas\u0131\",\"\u0130srail - Hamas\",\"\u0130srail Demokrasi Enstit\u00fcs\u00fc\",\"\u0130srail D\u0131\u015fi\u015fleri Bakanl\u0131\u011f\u0131\",\"ter\u00f6rle m\u00fccadele\"],\"articleSection\":[\"D\u00dcNYA\",\"G\u00dcNDEM\",\"MAN\u015eET\"],\"inLanguage\":\"tr\",\"potentialAction\":[{\"@type\":\"CommentAction\",\"name\":\"Comment\",\"target\":[\"https:\/\/epochtimestr.com\/index.php\/israilin-idam-cezasi-yasasina-yabanci-bakanlardan-tepki#respond\"]}]},{\"@type\":\"WebPage\",\"@id\":\"https:\/\/epochtimestr.com\/index.php\/israilin-idam-cezasi-yasasina-yabanci-bakanlardan-tepki\",\"url\":\"https:\/\/epochtimestr.com\/index.php\/israilin-idam-cezasi-yasasina-yabanci-bakanlardan-tepki\",\"name\":\"\u0130srail\u2019in \u0130dam Cezas\u0131 Yasas\u0131na Yabanc\u0131 Bakanlardan Tepki - The Epoch Times TR\",\"isPartOf\":{\"@id\":\"https:\/\/epochtimestr.com\/#website\"},\"primaryImageOfPage\":{\"@id\":\"https:\/\/epochtimestr.com\/index.php\/israilin-idam-cezasi-yasasina-yabanci-bakanlardan-tepki#primaryimage\"},\"image\":{\"@id\":\"https:\/\/epochtimestr.com\/index.php\/israilin-idam-cezasi-yasasina-yabanci-bakanlardan-tepki#primaryimage\"},\"thumbnailUrl\":\"https:\/\/epochtimestr.com\/wp-content\/uploads\/2011y\/1000035566.webp\",\"datePublished\":\"2026-03-31T15:02:27+00:00\",\"dateModified\":\"2026-03-31T15:02:30+00:00\",\"description\":\"Fransa, Almanya, Birle\u015fik Krall\u0131k ve Avustralya, \u0130srail\u2019in ter\u00f6ristlere y\u00f6nelik yeni idam cezas\u0131 d\u00fczenlemesine tepki g\u00f6sterdi.\",\"inLanguage\":\"tr\",\"potentialAction\":[{\"@type\":\"ReadAction\",\"target\":[\"https:\/\/epochtimestr.com\/index.php\/israilin-idam-cezasi-yasasina-yabanci-bakanlardan-tepki\"]}]},{\"@type\":\"ImageObject\",\"inLanguage\":\"tr\",\"@id\":\"https:\/\/epochtimestr.com\/index.php\/israilin-idam-cezasi-yasasina-yabanci-bakanlardan-tepki#primaryimage\",\"url\":\"https:\/\/epochtimestr.com\/wp-content\/uploads\/2011y\/1000035566.webp\",\"contentUrl\":\"https:\/\/epochtimestr.com\/wp-content\/uploads\/2011y\/1000035566.webp\",\"width\":1200,\"height\":778},{\"@type\":\"WebSite\",\"@id\":\"https:\/\/epochtimestr.com\/#website\",\"url\":\"https:\/\/epochtimestr.com\/\",\"name\":\"The Epoch Times TR\",\"description\":\"De\u011fi\u015fen D\u00fcnyam\u0131za Taze Bir Bak\u0131\u015f\",\"publisher\":{\"@id\":\"https:\/\/epochtimestr.com\/#organization\"},\"potentialAction\":[{\"@type\":\"SearchAction\",\"target\":{\"@type\":\"EntryPoint\",\"urlTemplate\":\"https:\/\/epochtimestr.com\/?s={search_term_string}\"},\"query-input\":\"required name=search_term_string\"}],\"inLanguage\":\"tr\"},{\"@type\":\"Organization\",\"@id\":\"https:\/\/epochtimestr.com\/#organization\",\"name\":\"The EpochTimes T\u00fcrkiye\",\"url\":\"https:\/\/epochtimestr.com\/\",\"logo\":{\"@type\":\"ImageObject\",\"inLanguage\":\"tr\",\"@id\":\"https:\/\/epochtimestr.com\/#\/schema\/logo\/image\/\",\"url\":\"https:\/\/epochtimestr.com\/wp-content\/uploads\/2011y\/ET-Logo-YG.jpg\",\"contentUrl\":\"https:\/\/epochtimestr.com\/wp-content\/uploads\/2011y\/ET-Logo-YG.jpg\",\"width\":346,\"height\":29,\"caption\":\"The EpochTimes T\u00fcrkiye\"},\"image\":{\"@id\":\"https:\/\/epochtimestr.com\/#\/schema\/logo\/image\/\"},\"sameAs\":[\"https:\/\/www.facebook.com\/theepochtimestr\",\"https:\/\/x.com\/TheEpochTimesTR\",\"https:\/\/www.instagram.com\/epochtimestr\"]},{\"@type\":\"Person\",\"@id\":\"https:\/\/epochtimestr.com\/#\/schema\/person\/5fef218711d76d8f232b0e1f1d7e4c0d\",\"name\":\"Leo Bajelan\",\"image\":{\"@type\":\"ImageObject\",\"inLanguage\":\"tr\",\"@id\":\"https:\/\/epochtimestr.com\/#\/schema\/person\/image\/\",\"url\":\"https:\/\/secure.gravatar.com\/avatar\/917669146f489549e548a2e9af272df5?s=96&d=mm&r=g\",\"contentUrl\":\"https:\/\/secure.gravatar.com\/avatar\/917669146f489549e548a2e9af272df5?s=96&d=mm&r=g\",\"caption\":\"Leo Bajelan\"},\"url\":\"https:\/\/epochtimestr.com\/index.php\/author\/leo\"}]}<\/script>\n<!-- \/ Yoast SEO plugin. -->","yoast_head_json":{"title":"\u0130srail\u2019in \u0130dam Cezas\u0131 Yasas\u0131na Yabanc\u0131 Bakanlardan Tepki - The Epoch Times TR","description":"Fransa, Almanya, Birle\u015fik Krall\u0131k ve Avustralya, \u0130srail\u2019in ter\u00f6ristlere y\u00f6nelik yeni idam cezas\u0131 d\u00fczenlemesine tepki g\u00f6sterdi.","robots":{"index":"index","follow":"follow","max-snippet":"max-snippet:-1","max-image-preview":"max-image-preview:large","max-video-preview":"max-video-preview:-1"},"canonical":"https:\/\/epochtimestr.com\/index.php\/israilin-idam-cezasi-yasasina-yabanci-bakanlardan-tepki","og_locale":"tr_TR","og_type":"article","og_title":"\u0130srail\u2019in \u0130dam Cezas\u0131 Yasas\u0131na Yabanc\u0131 Bakanlardan Tepki - The Epoch Times TR","og_description":"Fransa, Almanya, Birle\u015fik Krall\u0131k ve Avustralya, \u0130srail\u2019in ter\u00f6ristlere y\u00f6nelik yeni idam cezas\u0131 d\u00fczenlemesine tepki g\u00f6sterdi.","og_url":"https:\/\/epochtimestr.com\/index.php\/israilin-idam-cezasi-yasasina-yabanci-bakanlardan-tepki","og_site_name":"The Epoch Times TR","article_publisher":"https:\/\/www.facebook.com\/theepochtimestr","article_published_time":"2026-03-31T15:02:27+00:00","article_modified_time":"2026-03-31T15:02:30+00:00","og_image":[{"width":1200,"height":778,"url":"https:\/\/epochtimestr.com\/wp-content\/uploads\/2011y\/1000035566.webp","type":"image\/webp"}],"author":"Leo Bajelan","twitter_card":"summary_large_image","twitter_creator":"@TheEpochTimesTR","twitter_site":"@TheEpochTimesTR","twitter_misc":{"Yazan:":"Leo Bajelan","Tahmini okuma s\u00fcresi":"2 dakika"},"schema":{"@context":"https:\/\/schema.org","@graph":[{"@type":"Article","@id":"https:\/\/epochtimestr.com\/index.php\/israilin-idam-cezasi-yasasina-yabanci-bakanlardan-tepki#article","isPartOf":{"@id":"https:\/\/epochtimestr.com\/index.php\/israilin-idam-cezasi-yasasina-yabanci-bakanlardan-tepki"},"author":{"name":"Leo Bajelan","@id":"https:\/\/epochtimestr.com\/#\/schema\/person\/5fef218711d76d8f232b0e1f1d7e4c0d"},"headline":"\u0130srail\u2019in \u0130dam Cezas\u0131 Yasas\u0131na Yabanc\u0131 Bakanlardan Tepki","datePublished":"2026-03-31T15:02:27+00:00","dateModified":"2026-03-31T15:02:30+00:00","mainEntityOfPage":{"@id":"https:\/\/epochtimestr.com\/index.php\/israilin-idam-cezasi-yasasina-yabanci-bakanlardan-tepki"},"wordCount":370,"commentCount":0,"publisher":{"@id":"https:\/\/epochtimestr.com\/#organization"},"image":{"@id":"https:\/\/epochtimestr.com\/index.php\/israilin-idam-cezasi-yasasina-yabanci-bakanlardan-tepki#primaryimage"},"thumbnailUrl":"https:\/\/epochtimestr.com\/wp-content\/uploads\/2011y\/1000035566.webp","keywords":["Avrupa \u00fclkeleri","\u0130dam cezas\u0131","\u0130srail - Hamas","\u0130srail Demokrasi Enstit\u00fcs\u00fc","\u0130srail D\u0131\u015fi\u015fleri Bakanl\u0131\u011f\u0131","ter\u00f6rle m\u00fccadele"],"articleSection":["D\u00dcNYA","G\u00dcNDEM","MAN\u015eET"],"inLanguage":"tr","potentialAction":[{"@type":"CommentAction","name":"Comment","target":["https:\/\/epochtimestr.com\/index.php\/israilin-idam-cezasi-yasasina-yabanci-bakanlardan-tepki#respond"]}]},{"@type":"WebPage","@id":"https:\/\/epochtimestr.com\/index.php\/israilin-idam-cezasi-yasasina-yabanci-bakanlardan-tepki","url":"https:\/\/epochtimestr.com\/index.php\/israilin-idam-cezasi-yasasina-yabanci-bakanlardan-tepki","name":"\u0130srail\u2019in \u0130dam Cezas\u0131 Yasas\u0131na Yabanc\u0131 Bakanlardan Tepki - The Epoch Times TR","isPartOf":{"@id":"https:\/\/epochtimestr.com\/#website"},"primaryImageOfPage":{"@id":"https:\/\/epochtimestr.com\/index.php\/israilin-idam-cezasi-yasasina-yabanci-bakanlardan-tepki#primaryimage"},"image":{"@id":"https:\/\/epochtimestr.com\/index.php\/israilin-idam-cezasi-yasasina-yabanci-bakanlardan-tepki#primaryimage"},"thumbnailUrl":"https:\/\/epochtimestr.com\/wp-content\/uploads\/2011y\/1000035566.webp","datePublished":"2026-03-31T15:02:27+00:00","dateModified":"2026-03-31T15:02:30+00:00","description":"Fransa, Almanya, Birle\u015fik Krall\u0131k ve Avustralya, \u0130srail\u2019in ter\u00f6ristlere y\u00f6nelik yeni idam cezas\u0131 d\u00fczenlemesine tepki g\u00f6sterdi.","inLanguage":"tr","potentialAction":[{"@type":"ReadAction","target":["https:\/\/epochtimestr.com\/index.php\/israilin-idam-cezasi-yasasina-yabanci-bakanlardan-tepki"]}]},{"@type":"ImageObject","inLanguage":"tr","@id":"https:\/\/epochtimestr.com\/index.php\/israilin-idam-cezasi-yasasina-yabanci-bakanlardan-tepki#primaryimage","url":"https:\/\/epochtimestr.com\/wp-content\/uploads\/2011y\/1000035566.webp","contentUrl":"https:\/\/epochtimestr.com\/wp-content\/uploads\/2011y\/1000035566.webp","width":1200,"height":778},{"@type":"WebSite","@id":"https:\/\/epochtimestr.com\/#website","url":"https:\/\/epochtimestr.com\/","name":"The Epoch Times TR","description":"De\u011fi\u015fen D\u00fcnyam\u0131za Taze Bir Bak\u0131\u015f","publisher":{"@id":"https:\/\/epochtimestr.com\/#organization"},"potentialAction":[{"@type":"SearchAction","target":{"@type":"EntryPoint","urlTemplate":"https:\/\/epochtimestr.com\/?s={search_term_string}"},"query-input":"required name=search_term_string"}],"inLanguage":"tr"},{"@type":"Organization","@id":"https:\/\/epochtimestr.com\/#organization","name":"The EpochTimes T\u00fcrkiye","url":"https:\/\/epochtimestr.com\/","logo":{"@type":"ImageObject","inLanguage":"tr","@id":"https:\/\/epochtimestr.com\/#\/schema\/logo\/image\/","url":"https:\/\/epochtimestr.com\/wp-content\/uploads\/2011y\/ET-Logo-YG.jpg","contentUrl":"https:\/\/epochtimestr.com\/wp-content\/uploads\/2011y\/ET-Logo-YG.jpg","width":346,"height":29,"caption":"The EpochTimes T\u00fcrkiye"},"image":{"@id":"https:\/\/epochtimestr.com\/#\/schema\/logo\/image\/"},"sameAs":["https:\/\/www.facebook.com\/theepochtimestr","https:\/\/x.com\/TheEpochTimesTR","https:\/\/www.instagram.com\/epochtimestr"]},{"@type":"Person","@id":"https:\/\/epochtimestr.com\/#\/schema\/person\/5fef218711d76d8f232b0e1f1d7e4c0d","name":"Leo Bajelan","image":{"@type":"ImageObject","inLanguage":"tr","@id":"https:\/\/epochtimestr.com\/#\/schema\/person\/image\/","url":"https:\/\/secure.gravatar.com\/avatar\/917669146f489549e548a2e9af272df5?s=96&d=mm&r=g","contentUrl":"https:\/\/secure.gravatar.com\/avatar\/917669146f489549e548a2e9af272df5?s=96&d=mm&r=g","caption":"Leo Bajelan"},"url":"https:\/\/epochtimestr.com\/index.php\/author\/leo"}]}},"_links":{"self":[{"href":"https:\/\/epochtimestr.com\/index.php\/wp-json\/wp\/v2\/posts\/166540"}],"collection":[{"href":"https:\/\/epochtimestr.com\/index.php\/wp-json\/wp\/v2\/posts"}],"about":[{"href":"https:\/\/epochtimestr.com\/index.php\/wp-json\/wp\/v2\/types\/post"}],"author":[{"embeddable":true,"href":"https:\/\/epochtimestr.com\/index.php\/wp-json\/wp\/v2\/users\/13996"}],"replies":[{"embeddable":true,"href":"https:\/\/epochtimestr.com\/index.php\/wp-json\/wp\/v2\/comments?post=166540"}],"version-history":[{"count":2,"href":"https:\/\/epochtimestr.com\/index.php\/wp-json\/wp\/v2\/posts\/166540\/revisions"}],"predecessor-version":[{"id":166549,"href":"https:\/\/epochtimestr.com\/index.php\/wp-json\/wp\/v2\/posts\/166540\/revisions\/166549"}],"wp:featuredmedia":[{"embeddable":true,"href":"https:\/\/epochtimestr.com\/index.php\/wp-json\/wp\/v2\/media\/166541"}],"wp:attachment":[{"href":"https:\/\/epochtimestr.com\/index.php\/wp-json\/wp\/v2\/media?parent=166540"}],"wp:term":[{"taxonomy":"category","embeddable":true,"href":"https:\/\/epochtimestr.com\/index.php\/wp-json\/wp\/v2\/categories?post=166540"},{"taxonomy":"post_tag","embeddable":true,"href":"https:\/\/epochtimestr.com\/index.php\/wp-json\/wp\/v2\/tags?post=166540"}],"curies":[{"name":"wp","href":"https:\/\/api.w.org\/{rel}","templated":true}]}}