{"id":166550,"date":"2026-04-01T14:05:28","date_gmt":"2026-04-01T11:05:28","guid":{"rendered":"https:\/\/epochtimestr.com\/?p=166550"},"modified":"2026-04-01T14:05:32","modified_gmt":"2026-04-01T11:05:32","slug":"amerika-kalkani-projesi-simdi-neden-onemli","status":"publish","type":"post","link":"https:\/\/epochtimestr.com\/index.php\/amerika-kalkani-projesi-simdi-neden-onemli","title":{"rendered":"Amerika Kalkan\u0131 Projesi \u015eimdi Neden \u00d6nemli"},"content":{"rendered":"<div class=\"wp-block-image\">\n<figure class=\"aligncenter size-full is-resized\"><img loading=\"lazy\" decoding=\"async\" width=\"1200\" height=\"800\" src=\"https:\/\/epochtimestr.com\/wp-content\/uploads\/2011y\/1000035588.webp\" alt=\"ABD'nin &quot;Amerika Kalkan\u0131 Program\u0131&quot; \u00f6zel el\u00e7isi Kristi Noem'in Ekvador ziyareti s\u0131ras\u0131nda askerler n\u00f6bet tutarken. 25 Mart 2026, Carondelet Saray\u0131, Quit, Ekvador. (Foto\u011fraf: The Epoch Times arac\u0131yla, Rodrigo Buendia, AFP - Getty Images)\" class=\"wp-image-166551\" style=\"width:840px;height:auto\" srcset=\"https:\/\/epochtimestr.com\/wp-content\/uploads\/2011y\/1000035588.webp 1200w, https:\/\/epochtimestr.com\/wp-content\/uploads\/2011y\/1000035588-300x200.webp 300w, https:\/\/epochtimestr.com\/wp-content\/uploads\/2011y\/1000035588-150x100.webp 150w, https:\/\/epochtimestr.com\/wp-content\/uploads\/2011y\/1000035588-768x512.webp 768w\" sizes=\"(max-width: 1200px) 100vw, 1200px\" \/><figcaption class=\"wp-element-caption\">ABD&#8217;nin &#8220;Amerika Kalkan\u0131 Program\u0131&#8221; \u00f6zel el\u00e7isi Kristi Noem&#8217;in Ekvador ziyareti s\u0131ras\u0131nda askerler n\u00f6bet tutarken. 25 Mart 2026, Carondelet Saray\u0131, Quito, Ekvador. (Foto\u011fraf: The Epoch Times arac\u0131yla, Rodrigo Buendia, AFP &#8211; Getty Images)<\/figcaption><\/figure><\/div>\n\n\n<p>ABD g\u00fcvenlik stratejisi, &#8220;Amerika Kalkan\u0131&#8221; ad\u0131 verilen \u00e7ok uluslu bir giri\u015fimle ciddi bir d\u00f6n\u00fc\u015f\u00fcm ge\u00e7iriyor. Bu proje, <a href=\"https:\/\/www.theepochtimes.com\/opinion\/why-the-shield-of-the-americas-matters-now-noems-latin-american-visit-signals-a-new-security-doctrine-6006156\" target=\"_blank\" rel=\"noreferrer noopener\">Latin Amerika<\/a> ve Karayipler\u2019deki diplomatik, askeri ve emniyet i\u015fbirliklerini yeniden \u015fekillendiriyor.<\/p>\n\n\n\n<p>Eski \u0130\u00e7 G\u00fcvenlik Bakan\u0131 Kristi Noem\u2019in \u00f6zel el\u00e7i olarak atanmas\u0131n\u0131n ard\u0131ndan projenin \u00f6nemi daha da artt\u0131. Noem, Mart 2026\u2019da Ekvador\u2019un ba\u015fkenti Quito\u2019yu ziyaret ederek, b\u00f6lgedeki liderlerle g\u00f6r\u00fc\u015fmeler yapt\u0131. &#8220;Amerika Kalkan\u0131&#8221;, uyu\u015fturucu kartelleriyle m\u00fccadele, g\u00f6\u00e7 sorunlar\u0131 ve \u00fclkeler aras\u0131 su\u00e7lar\u0131n \u00f6nlenmesi gibi kritik tehditlerle m\u00fccadele i\u00e7in ortak bir g\u00fcvenlik koalisyonu olu\u015fturuyor. Bu inisiyatif \u00e7at\u0131s\u0131 alt\u0131nda, Latin Amerika&#8217;daki on iki \u00fclke bir araya geldi.<\/p>\n\n\n\n<p>Projenin zamanlamas\u0131 dikkat \u00e7ekici. ABD, fentanil ve sentetik uyu\u015fturucular\u0131n b\u00fcy\u00fck bir soruna d\u00f6n\u00fc\u015fmesi tehdidiyle kar\u015f\u0131 kar\u015f\u0131ya. Bu tehlike sadece b\u00f6lgesel bir sorun de\u011fil, d\u00fcnya \u00e7ap\u0131nda bir tehdit haline geldi. <a href=\"https:\/\/epochtimestr.com\/index.php\/maduro-davasi-suclamalarinin-dusurulmesi-talebi-reddedildi\" target=\"_blank\" rel=\"noreferrer noopener\">Uyu\u015fturucu kartellerinin<\/a> \u00e7ok uluslu a\u011flar\u0131, global d\u00fczeyde operasyonlara neden olabiliyor. Ayr\u0131ca bu durum, tek bir \u00fclkenin \u00e7\u00f6zemeyece\u011fi bir sorun haline geliyor. Noem\u2019in uyu\u015fturucu ticaretinin \u00f6nemli bir ge\u00e7i\u015f noktas\u0131 olarak \u00f6ne \u00e7\u0131kan Ekvador&#8217;u ziyareti, bu i\u015fbirli\u011finin ne kadar \u00f6nemli oldu\u011funu g\u00f6sterdi. <\/p>\n\n\n\n<p>Amerika Kalkan\u0131, yaln\u0131zca askeri bir inisiyatif de\u011fil. Ayn\u0131 zamanda istihbarat payla\u015f\u0131m\u0131, ekonomik i\u015fbirli\u011fi ve y\u00f6netim reformlar\u0131n\u0131 da kapsayan \u00e7ok y\u00f6nl\u00fc bir platformdur. \u00c7in\u2019in b\u00f6lgede artan etkisi g\u00f6z \u00f6n\u00fcne al\u0131nd\u0131\u011f\u0131nda, bu proje sadece g\u00fcvenlik stratejisi de\u011fil. Ayn\u0131 zamanda jeopolitik bir strateji olarak da \u015fekilleniyor.<\/p>\n\n\n\n<p>Noem\u2019in \u00f6zel el\u00e7i olarak g\u00f6revi, bu projeyi sadece diplomatik d\u00fczeyde de\u011fil, operasyonel d\u00fczeyde de hayata ge\u00e7irmek. Ziyaretleri, ABD\u2019nin b\u00f6lgedeki stratejik y\u00f6nelimlerini peki\u015ftirmekte \u00f6nemli bir rol oynuyor. Bu giri\u015fim, ABD&#8217;nin bat\u0131 yar\u0131mk\u00fcredeki liderli\u011fini yeniden sa\u011flamla\u015ft\u0131rmay\u0131 hedefliyor.<\/p>\n","protected":false},"excerpt":{"rendered":"<p>ABD g\u00fcvenlik stratejisi, &#8220;Amerika Kalkan\u0131&#8221; ad\u0131 verilen \u00e7ok uluslu bir giri\u015fimle ciddi bir d\u00f6n\u00fc\u015f\u00fcm ge\u00e7iriyor. Bu proje, Latin Amerika ve Karayipler\u2019deki diplomatik, askeri ve emniyet i\u015fbirliklerini yeniden \u015fekillendiriyor. Eski \u0130\u00e7 G\u00fcvenlik Bakan\u0131 Kristi Noem\u2019in \u00f6zel el\u00e7i olarak atanmas\u0131n\u0131n ard\u0131ndan projenin \u00f6nemi daha da artt\u0131. Noem, Mart 2026\u2019da Ekvador\u2019un ba\u015fkenti Quito\u2019yu ziyaret ederek, b\u00f6lgedeki liderlerle g\u00f6r\u00fc\u015fmeler [&hellip;]<\/p>\n","protected":false},"author":13996,"featured_media":166551,"comment_status":"open","ping_status":"open","sticky":false,"template":"","format":"standard","meta":{"_yoast_wpseo_focuskw":"Amerika Kalkan\u0131","_yoast_wpseo_title":"","_yoast_wpseo_metadesc":"Amerika Kalkan\u0131, Latin Amerika'daki g\u00fcvenlik i\u015fbirli\u011fini g\u00fc\u00e7lendiriyor ve b\u00f6lgesel tehditlere kar\u015f\u0131 ortak m\u00fccadeleyi te\u015fvik ediyor.","_bbp_topic_count":0,"_bbp_reply_count":0,"_bbp_total_topic_count":0,"_bbp_total_reply_count":0,"_bbp_voice_count":0,"_bbp_anonymous_reply_count":0,"_bbp_topic_count_hidden":0,"_bbp_reply_count_hidden":0,"_bbp_forum_subforum_count":0,"footnotes":"","_yoast_wpseo_focuskw_text_input":""},"categories":[5,1,8138],"tags":[407,11167,11168,5195,1284,10039,7926,6209],"yoast_head":"<!-- This site is optimized with the Yoast SEO plugin v23.0 - https:\/\/yoast.com\/wordpress\/plugins\/seo\/ -->\n<title>Amerika Kalkan\u0131 Projesi \u015eimdi Neden \u00d6nemli - The Epoch Times TR<\/title>\n<meta name=\"description\" content=\"Amerika Kalkan\u0131, Latin Amerika&#039;daki g\u00fcvenlik i\u015fbirli\u011fini g\u00fc\u00e7lendiriyor ve b\u00f6lgesel tehditlere kar\u015f\u0131 ortak m\u00fccadeleyi te\u015fvik ediyor.\" \/>\n<meta name=\"robots\" content=\"index, follow, max-snippet:-1, max-image-preview:large, max-video-preview:-1\" \/>\n<link rel=\"canonical\" href=\"https:\/\/epochtimestr.com\/index.php\/amerika-kalkani-projesi-simdi-neden-onemli\" \/>\n<meta property=\"og:locale\" content=\"tr_TR\" \/>\n<meta property=\"og:type\" content=\"article\" \/>\n<meta property=\"og:title\" content=\"Amerika Kalkan\u0131 Projesi \u015eimdi Neden \u00d6nemli - The Epoch Times TR\" \/>\n<meta property=\"og:description\" content=\"Amerika Kalkan\u0131, Latin Amerika&#039;daki g\u00fcvenlik i\u015fbirli\u011fini g\u00fc\u00e7lendiriyor ve b\u00f6lgesel tehditlere kar\u015f\u0131 ortak m\u00fccadeleyi te\u015fvik ediyor.\" \/>\n<meta property=\"og:url\" content=\"https:\/\/epochtimestr.com\/index.php\/amerika-kalkani-projesi-simdi-neden-onemli\" \/>\n<meta property=\"og:site_name\" content=\"The Epoch Times TR\" \/>\n<meta property=\"article:publisher\" content=\"https:\/\/www.facebook.com\/theepochtimestr\" \/>\n<meta property=\"article:published_time\" content=\"2026-04-01T11:05:28+00:00\" \/>\n<meta property=\"article:modified_time\" content=\"2026-04-01T11:05:32+00:00\" \/>\n<meta property=\"og:image\" content=\"https:\/\/epochtimestr.com\/wp-content\/uploads\/2011y\/1000035588.webp\" \/>\n\t<meta property=\"og:image:width\" content=\"1200\" \/>\n\t<meta property=\"og:image:height\" content=\"800\" \/>\n\t<meta property=\"og:image:type\" content=\"image\/webp\" \/>\n<meta name=\"author\" content=\"Leo Bajelan\" \/>\n<meta name=\"twitter:card\" content=\"summary_large_image\" \/>\n<meta name=\"twitter:creator\" content=\"@TheEpochTimesTR\" \/>\n<meta name=\"twitter:site\" content=\"@TheEpochTimesTR\" \/>\n<meta name=\"twitter:label1\" content=\"Yazan:\" \/>\n\t<meta name=\"twitter:data1\" content=\"Leo Bajelan\" \/>\n\t<meta name=\"twitter:label2\" content=\"Tahmini okuma s\u00fcresi\" \/>\n\t<meta name=\"twitter:data2\" content=\"3 dakika\" \/>\n<script type=\"application\/ld+json\" class=\"yoast-schema-graph\">{\"@context\":\"https:\/\/schema.org\",\"@graph\":[{\"@type\":\"Article\",\"@id\":\"https:\/\/epochtimestr.com\/index.php\/amerika-kalkani-projesi-simdi-neden-onemli#article\",\"isPartOf\":{\"@id\":\"https:\/\/epochtimestr.com\/index.php\/amerika-kalkani-projesi-simdi-neden-onemli\"},\"author\":{\"name\":\"Leo Bajelan\",\"@id\":\"https:\/\/epochtimestr.com\/#\/schema\/person\/5fef218711d76d8f232b0e1f1d7e4c0d\"},\"headline\":\"Amerika Kalkan\u0131 Projesi \u015eimdi Neden \u00d6nemli\",\"datePublished\":\"2026-04-01T11:05:28+00:00\",\"dateModified\":\"2026-04-01T11:05:32+00:00\",\"mainEntityOfPage\":{\"@id\":\"https:\/\/epochtimestr.com\/index.php\/amerika-kalkani-projesi-simdi-neden-onemli\"},\"wordCount\":364,\"commentCount\":0,\"publisher\":{\"@id\":\"https:\/\/epochtimestr.com\/#organization\"},\"image\":{\"@id\":\"https:\/\/epochtimestr.com\/index.php\/amerika-kalkani-projesi-simdi-neden-onemli#primaryimage\"},\"thumbnailUrl\":\"https:\/\/epochtimestr.com\/wp-content\/uploads\/2011y\/1000035588.webp\",\"keywords\":[\"ABD\",\"Amerika Kalkan\u0131\",\"askeri ve emniyet i\u015fbirlikleri\",\"ekvador\",\"G\u00fcney amerika\",\"Kristi Noem\",\"Latin Amerika\",\"uyu\u015fturucu ticareti\"],\"articleSection\":[\"D\u00dcNYA\",\"G\u00dcNDEM\",\"MAN\u015eET\"],\"inLanguage\":\"tr\",\"potentialAction\":[{\"@type\":\"CommentAction\",\"name\":\"Comment\",\"target\":[\"https:\/\/epochtimestr.com\/index.php\/amerika-kalkani-projesi-simdi-neden-onemli#respond\"]}]},{\"@type\":\"WebPage\",\"@id\":\"https:\/\/epochtimestr.com\/index.php\/amerika-kalkani-projesi-simdi-neden-onemli\",\"url\":\"https:\/\/epochtimestr.com\/index.php\/amerika-kalkani-projesi-simdi-neden-onemli\",\"name\":\"Amerika Kalkan\u0131 Projesi \u015eimdi Neden \u00d6nemli - The Epoch Times TR\",\"isPartOf\":{\"@id\":\"https:\/\/epochtimestr.com\/#website\"},\"primaryImageOfPage\":{\"@id\":\"https:\/\/epochtimestr.com\/index.php\/amerika-kalkani-projesi-simdi-neden-onemli#primaryimage\"},\"image\":{\"@id\":\"https:\/\/epochtimestr.com\/index.php\/amerika-kalkani-projesi-simdi-neden-onemli#primaryimage\"},\"thumbnailUrl\":\"https:\/\/epochtimestr.com\/wp-content\/uploads\/2011y\/1000035588.webp\",\"datePublished\":\"2026-04-01T11:05:28+00:00\",\"dateModified\":\"2026-04-01T11:05:32+00:00\",\"description\":\"Amerika Kalkan\u0131, Latin Amerika'daki g\u00fcvenlik i\u015fbirli\u011fini g\u00fc\u00e7lendiriyor ve b\u00f6lgesel tehditlere kar\u015f\u0131 ortak m\u00fccadeleyi te\u015fvik ediyor.\",\"inLanguage\":\"tr\",\"potentialAction\":[{\"@type\":\"ReadAction\",\"target\":[\"https:\/\/epochtimestr.com\/index.php\/amerika-kalkani-projesi-simdi-neden-onemli\"]}]},{\"@type\":\"ImageObject\",\"inLanguage\":\"tr\",\"@id\":\"https:\/\/epochtimestr.com\/index.php\/amerika-kalkani-projesi-simdi-neden-onemli#primaryimage\",\"url\":\"https:\/\/epochtimestr.com\/wp-content\/uploads\/2011y\/1000035588.webp\",\"contentUrl\":\"https:\/\/epochtimestr.com\/wp-content\/uploads\/2011y\/1000035588.webp\",\"width\":1200,\"height\":800},{\"@type\":\"WebSite\",\"@id\":\"https:\/\/epochtimestr.com\/#website\",\"url\":\"https:\/\/epochtimestr.com\/\",\"name\":\"The Epoch Times TR\",\"description\":\"De\u011fi\u015fen D\u00fcnyam\u0131za Taze Bir Bak\u0131\u015f\",\"publisher\":{\"@id\":\"https:\/\/epochtimestr.com\/#organization\"},\"potentialAction\":[{\"@type\":\"SearchAction\",\"target\":{\"@type\":\"EntryPoint\",\"urlTemplate\":\"https:\/\/epochtimestr.com\/?s={search_term_string}\"},\"query-input\":\"required name=search_term_string\"}],\"inLanguage\":\"tr\"},{\"@type\":\"Organization\",\"@id\":\"https:\/\/epochtimestr.com\/#organization\",\"name\":\"The EpochTimes T\u00fcrkiye\",\"url\":\"https:\/\/epochtimestr.com\/\",\"logo\":{\"@type\":\"ImageObject\",\"inLanguage\":\"tr\",\"@id\":\"https:\/\/epochtimestr.com\/#\/schema\/logo\/image\/\",\"url\":\"https:\/\/epochtimestr.com\/wp-content\/uploads\/2011y\/ET-Logo-YG.jpg\",\"contentUrl\":\"https:\/\/epochtimestr.com\/wp-content\/uploads\/2011y\/ET-Logo-YG.jpg\",\"width\":346,\"height\":29,\"caption\":\"The EpochTimes T\u00fcrkiye\"},\"image\":{\"@id\":\"https:\/\/epochtimestr.com\/#\/schema\/logo\/image\/\"},\"sameAs\":[\"https:\/\/www.facebook.com\/theepochtimestr\",\"https:\/\/x.com\/TheEpochTimesTR\",\"https:\/\/www.instagram.com\/epochtimestr\"]},{\"@type\":\"Person\",\"@id\":\"https:\/\/epochtimestr.com\/#\/schema\/person\/5fef218711d76d8f232b0e1f1d7e4c0d\",\"name\":\"Leo Bajelan\",\"image\":{\"@type\":\"ImageObject\",\"inLanguage\":\"tr\",\"@id\":\"https:\/\/epochtimestr.com\/#\/schema\/person\/image\/\",\"url\":\"https:\/\/secure.gravatar.com\/avatar\/917669146f489549e548a2e9af272df5?s=96&d=mm&r=g\",\"contentUrl\":\"https:\/\/secure.gravatar.com\/avatar\/917669146f489549e548a2e9af272df5?s=96&d=mm&r=g\",\"caption\":\"Leo Bajelan\"},\"url\":\"https:\/\/epochtimestr.com\/index.php\/author\/leo\"}]}<\/script>\n<!-- \/ Yoast SEO plugin. -->","yoast_head_json":{"title":"Amerika Kalkan\u0131 Projesi \u015eimdi Neden \u00d6nemli - The Epoch Times TR","description":"Amerika Kalkan\u0131, Latin Amerika'daki g\u00fcvenlik i\u015fbirli\u011fini g\u00fc\u00e7lendiriyor ve b\u00f6lgesel tehditlere kar\u015f\u0131 ortak m\u00fccadeleyi te\u015fvik ediyor.","robots":{"index":"index","follow":"follow","max-snippet":"max-snippet:-1","max-image-preview":"max-image-preview:large","max-video-preview":"max-video-preview:-1"},"canonical":"https:\/\/epochtimestr.com\/index.php\/amerika-kalkani-projesi-simdi-neden-onemli","og_locale":"tr_TR","og_type":"article","og_title":"Amerika Kalkan\u0131 Projesi \u015eimdi Neden \u00d6nemli - The Epoch Times TR","og_description":"Amerika Kalkan\u0131, Latin Amerika'daki g\u00fcvenlik i\u015fbirli\u011fini g\u00fc\u00e7lendiriyor ve b\u00f6lgesel tehditlere kar\u015f\u0131 ortak m\u00fccadeleyi te\u015fvik ediyor.","og_url":"https:\/\/epochtimestr.com\/index.php\/amerika-kalkani-projesi-simdi-neden-onemli","og_site_name":"The Epoch Times TR","article_publisher":"https:\/\/www.facebook.com\/theepochtimestr","article_published_time":"2026-04-01T11:05:28+00:00","article_modified_time":"2026-04-01T11:05:32+00:00","og_image":[{"width":1200,"height":800,"url":"https:\/\/epochtimestr.com\/wp-content\/uploads\/2011y\/1000035588.webp","type":"image\/webp"}],"author":"Leo Bajelan","twitter_card":"summary_large_image","twitter_creator":"@TheEpochTimesTR","twitter_site":"@TheEpochTimesTR","twitter_misc":{"Yazan:":"Leo Bajelan","Tahmini okuma s\u00fcresi":"3 dakika"},"schema":{"@context":"https:\/\/schema.org","@graph":[{"@type":"Article","@id":"https:\/\/epochtimestr.com\/index.php\/amerika-kalkani-projesi-simdi-neden-onemli#article","isPartOf":{"@id":"https:\/\/epochtimestr.com\/index.php\/amerika-kalkani-projesi-simdi-neden-onemli"},"author":{"name":"Leo Bajelan","@id":"https:\/\/epochtimestr.com\/#\/schema\/person\/5fef218711d76d8f232b0e1f1d7e4c0d"},"headline":"Amerika Kalkan\u0131 Projesi \u015eimdi Neden \u00d6nemli","datePublished":"2026-04-01T11:05:28+00:00","dateModified":"2026-04-01T11:05:32+00:00","mainEntityOfPage":{"@id":"https:\/\/epochtimestr.com\/index.php\/amerika-kalkani-projesi-simdi-neden-onemli"},"wordCount":364,"commentCount":0,"publisher":{"@id":"https:\/\/epochtimestr.com\/#organization"},"image":{"@id":"https:\/\/epochtimestr.com\/index.php\/amerika-kalkani-projesi-simdi-neden-onemli#primaryimage"},"thumbnailUrl":"https:\/\/epochtimestr.com\/wp-content\/uploads\/2011y\/1000035588.webp","keywords":["ABD","Amerika Kalkan\u0131","askeri ve emniyet i\u015fbirlikleri","ekvador","G\u00fcney amerika","Kristi Noem","Latin Amerika","uyu\u015fturucu ticareti"],"articleSection":["D\u00dcNYA","G\u00dcNDEM","MAN\u015eET"],"inLanguage":"tr","potentialAction":[{"@type":"CommentAction","name":"Comment","target":["https:\/\/epochtimestr.com\/index.php\/amerika-kalkani-projesi-simdi-neden-onemli#respond"]}]},{"@type":"WebPage","@id":"https:\/\/epochtimestr.com\/index.php\/amerika-kalkani-projesi-simdi-neden-onemli","url":"https:\/\/epochtimestr.com\/index.php\/amerika-kalkani-projesi-simdi-neden-onemli","name":"Amerika Kalkan\u0131 Projesi \u015eimdi Neden \u00d6nemli - The Epoch Times TR","isPartOf":{"@id":"https:\/\/epochtimestr.com\/#website"},"primaryImageOfPage":{"@id":"https:\/\/epochtimestr.com\/index.php\/amerika-kalkani-projesi-simdi-neden-onemli#primaryimage"},"image":{"@id":"https:\/\/epochtimestr.com\/index.php\/amerika-kalkani-projesi-simdi-neden-onemli#primaryimage"},"thumbnailUrl":"https:\/\/epochtimestr.com\/wp-content\/uploads\/2011y\/1000035588.webp","datePublished":"2026-04-01T11:05:28+00:00","dateModified":"2026-04-01T11:05:32+00:00","description":"Amerika Kalkan\u0131, Latin Amerika'daki g\u00fcvenlik i\u015fbirli\u011fini g\u00fc\u00e7lendiriyor ve b\u00f6lgesel tehditlere kar\u015f\u0131 ortak m\u00fccadeleyi te\u015fvik ediyor.","inLanguage":"tr","potentialAction":[{"@type":"ReadAction","target":["https:\/\/epochtimestr.com\/index.php\/amerika-kalkani-projesi-simdi-neden-onemli"]}]},{"@type":"ImageObject","inLanguage":"tr","@id":"https:\/\/epochtimestr.com\/index.php\/amerika-kalkani-projesi-simdi-neden-onemli#primaryimage","url":"https:\/\/epochtimestr.com\/wp-content\/uploads\/2011y\/1000035588.webp","contentUrl":"https:\/\/epochtimestr.com\/wp-content\/uploads\/2011y\/1000035588.webp","width":1200,"height":800},{"@type":"WebSite","@id":"https:\/\/epochtimestr.com\/#website","url":"https:\/\/epochtimestr.com\/","name":"The Epoch Times TR","description":"De\u011fi\u015fen D\u00fcnyam\u0131za Taze Bir Bak\u0131\u015f","publisher":{"@id":"https:\/\/epochtimestr.com\/#organization"},"potentialAction":[{"@type":"SearchAction","target":{"@type":"EntryPoint","urlTemplate":"https:\/\/epochtimestr.com\/?s={search_term_string}"},"query-input":"required name=search_term_string"}],"inLanguage":"tr"},{"@type":"Organization","@id":"https:\/\/epochtimestr.com\/#organization","name":"The EpochTimes T\u00fcrkiye","url":"https:\/\/epochtimestr.com\/","logo":{"@type":"ImageObject","inLanguage":"tr","@id":"https:\/\/epochtimestr.com\/#\/schema\/logo\/image\/","url":"https:\/\/epochtimestr.com\/wp-content\/uploads\/2011y\/ET-Logo-YG.jpg","contentUrl":"https:\/\/epochtimestr.com\/wp-content\/uploads\/2011y\/ET-Logo-YG.jpg","width":346,"height":29,"caption":"The EpochTimes T\u00fcrkiye"},"image":{"@id":"https:\/\/epochtimestr.com\/#\/schema\/logo\/image\/"},"sameAs":["https:\/\/www.facebook.com\/theepochtimestr","https:\/\/x.com\/TheEpochTimesTR","https:\/\/www.instagram.com\/epochtimestr"]},{"@type":"Person","@id":"https:\/\/epochtimestr.com\/#\/schema\/person\/5fef218711d76d8f232b0e1f1d7e4c0d","name":"Leo Bajelan","image":{"@type":"ImageObject","inLanguage":"tr","@id":"https:\/\/epochtimestr.com\/#\/schema\/person\/image\/","url":"https:\/\/secure.gravatar.com\/avatar\/917669146f489549e548a2e9af272df5?s=96&d=mm&r=g","contentUrl":"https:\/\/secure.gravatar.com\/avatar\/917669146f489549e548a2e9af272df5?s=96&d=mm&r=g","caption":"Leo Bajelan"},"url":"https:\/\/epochtimestr.com\/index.php\/author\/leo"}]}},"_links":{"self":[{"href":"https:\/\/epochtimestr.com\/index.php\/wp-json\/wp\/v2\/posts\/166550"}],"collection":[{"href":"https:\/\/epochtimestr.com\/index.php\/wp-json\/wp\/v2\/posts"}],"about":[{"href":"https:\/\/epochtimestr.com\/index.php\/wp-json\/wp\/v2\/types\/post"}],"author":[{"embeddable":true,"href":"https:\/\/epochtimestr.com\/index.php\/wp-json\/wp\/v2\/users\/13996"}],"replies":[{"embeddable":true,"href":"https:\/\/epochtimestr.com\/index.php\/wp-json\/wp\/v2\/comments?post=166550"}],"version-history":[{"count":2,"href":"https:\/\/epochtimestr.com\/index.php\/wp-json\/wp\/v2\/posts\/166550\/revisions"}],"predecessor-version":[{"id":166560,"href":"https:\/\/epochtimestr.com\/index.php\/wp-json\/wp\/v2\/posts\/166550\/revisions\/166560"}],"wp:featuredmedia":[{"embeddable":true,"href":"https:\/\/epochtimestr.com\/index.php\/wp-json\/wp\/v2\/media\/166551"}],"wp:attachment":[{"href":"https:\/\/epochtimestr.com\/index.php\/wp-json\/wp\/v2\/media?parent=166550"}],"wp:term":[{"taxonomy":"category","embeddable":true,"href":"https:\/\/epochtimestr.com\/index.php\/wp-json\/wp\/v2\/categories?post=166550"},{"taxonomy":"post_tag","embeddable":true,"href":"https:\/\/epochtimestr.com\/index.php\/wp-json\/wp\/v2\/tags?post=166550"}],"curies":[{"name":"wp","href":"https:\/\/api.w.org\/{rel}","templated":true}]}}