{"id":166578,"date":"2026-04-04T08:28:09","date_gmt":"2026-04-04T05:28:09","guid":{"rendered":"https:\/\/epochtimestr.com\/?p=166578"},"modified":"2026-04-04T08:35:03","modified_gmt":"2026-04-04T05:35:03","slug":"suca-itilmis-cocuklarla-sanat-temelli-rehabilitasyon","status":"publish","type":"post","link":"https:\/\/epochtimestr.com\/index.php\/suca-itilmis-cocuklarla-sanat-temelli-rehabilitasyon","title":{"rendered":"Su\u00e7a \u0130tilmi\u015f \u00c7ocuklarla Sanat Temelli Rehabilitasyon"},"content":{"rendered":"\n<h2 class=\"wp-block-heading\">D\u0131\u015favurumcu Resim Terapisi ve Mek\u00e2nsal Fark\u0131ndal\u0131k Projeleri<\/h2>\n\n\n<div class=\"wp-block-image\">\n<figure class=\"aligncenter size-full\"><img loading=\"lazy\" decoding=\"async\" width=\"597\" height=\"450\" src=\"https:\/\/epochtimestr.com\/wp-content\/uploads\/2011y\/image-359.png\" alt=\"\" class=\"wp-image-166580\" srcset=\"https:\/\/epochtimestr.com\/wp-content\/uploads\/2011y\/image-359.png 597w, https:\/\/epochtimestr.com\/wp-content\/uploads\/2011y\/image-359-300x226.png 300w, https:\/\/epochtimestr.com\/wp-content\/uploads\/2011y\/image-359-150x113.png 150w, https:\/\/epochtimestr.com\/wp-content\/uploads\/2011y\/image-359-86x64.png 86w\" sizes=\"(max-width: 597px) 100vw, 597px\" \/><figcaption class=\"wp-element-caption\">Bu ba\u011flamda sanat temelli terap\u00f6tik yakla\u015f\u0131mlar, \u00e7ocuklar\u0131n duygular\u0131n\u0131 g\u00fcvenli bir ortamda d\u0131\u015fa vurmalar\u0131na olanak tan\u0131yan etkili y\u00f6ntemler aras\u0131nda yer al\u0131yor. (Foto\u011fraf: Nurseren Tor)<\/figcaption><\/figure><\/div>\n\n\n<p>2004 y\u0131l\u0131nda Mersin F Tipi Kapal\u0131 Cezaevi\u2019nde su\u00e7a itilmi\u015f \u00e7ocuklarla k\u00fcrat\u00f6rl\u00fc\u011f\u00fcmde bir proje ba\u015flatt\u0131k: \u201cD\u0131\u015favurumcu Resim Terapisi\u201d. Bu projenin yan\u0131 s\u0131ra, \u201cKadraj ve Kendine Odaklanma\u201d \u00e7al\u0131\u015fmalar\u0131 yapt\u0131k. Ayr\u0131ca 2019 y\u0131l\u0131nda Tarsus Cezaevi\u2019nde \u201c\u0130\u00e7erden D\u0131\u015far\u0131, D\u0131\u015fardan \u0130\u00e7eri\u201d ba\u015fl\u0131kl\u0131 uygulamalar\u0131 ger\u00e7ekle\u015ftirdik. S\u00f6z konusu projeler, 14\u201318 ya\u015f aras\u0131 \u00e7ocuklar\u0131n kendilerini ifade etme becerilerini geli\u015ftirmeyi, i\u00e7sel fark\u0131ndal\u0131k kazanmalar\u0131n\u0131 desteklemeyi ve gelece\u011fe y\u00f6nelik umut olu\u015fturmalar\u0131n\u0131 ama\u00e7l\u0131yordu.<\/p>\n\n\n\n<p>Su\u00e7a itilmi\u015f \u00e7ocuklar, \u00e7o\u011fu zaman travmatik ya\u015fam deneyimleri, sosyal d\u0131\u015flanma ve yetersiz destek nedeniyle kendilerini ifade etmekte zorlanan bireylerdir. Bu ba\u011flamda sanat temelli terap\u00f6tik yakla\u015f\u0131mlar, \u00e7ocuklar\u0131n duygular\u0131n\u0131 g\u00fcvenli bir ortamda d\u0131\u015fa vurmalar\u0131na olanak tan\u0131yan etkili y\u00f6ntemler aras\u0131nda yer al\u0131yor. \u00d6zellikle d\u0131\u015favurumcu resim terapisi, bireyin bilin\u00e7d\u0131\u015f\u0131 s\u00fcre\u00e7lerine eri\u015fimini kolayla\u015ft\u0131rarak psikolojik iyile\u015fmeye katk\u0131 sa\u011flar.<\/p>\n\n\n\n<h3 class=\"wp-block-heading\">Projenin Ba\u015flang\u0131c\u0131<\/h3>\n\n\n\n<p>2004 Mersin Uygulamas\u0131, Cumhuriyet Ba\u015fsavc\u0131l\u0131\u011f\u0131\u2019n\u0131n deste\u011fi ile Mersin F Tipi Kapal\u0131 Cezaevi\u2019nde ba\u015flat\u0131lan proje, 14\u201318 ya\u015f grubundaki su\u00e7a itilmi\u015f \u00e7ocuklarla y\u00fcr\u00fct\u00fcld\u00fc. \u201cD\u0131\u015favurumcu Resim Terapisi\u201d kapsam\u0131nda \u00e7ocuklara herhangi bir estetik kayg\u0131 ta\u015f\u0131madan, \u00f6zg\u00fcrce \u00fcretim yapabilecekleri bir alan sunuldu. Bu s\u00fcre\u00e7te \u00e7ocuklar\u0131n bast\u0131r\u0131lm\u0131\u015f duygular\u0131n\u0131 ifade edebildikleri, kendilik alg\u0131lar\u0131n\u0131 ke\u015ffetmeye ba\u015flad\u0131klar\u0131, i\u00e7sel \u00e7at\u0131\u015fmalar\u0131n\u0131 semboller arac\u0131l\u0131\u011f\u0131yla d\u0131\u015fa vurduklar\u0131 g\u00f6zlemlendi. Sanat \u00fcretimi burada yaln\u0131zca estetik bir faaliyet de\u011fil, ayn\u0131 zamanda bir ileti\u015fim ve iyile\u015fme arac\u0131 olarak konumland\u0131.<\/p>\n\n\n\n<p>\u0130lk \u00e7al\u0131\u015fman\u0131n devam\u0131 niteli\u011finde geli\u015ftirilen \u201cKadraj ve Kendine Odaklanma\u201d projesi, \u00e7ocuklar\u0131n dikkatlerini d\u0131\u015f d\u00fcnyadan i\u00e7 d\u00fcnyalar\u0131na y\u00f6nlendirmelerini hedeflemi\u015ftir. Kadraj kavram\u0131, hem g\u00f6rsel bir s\u0131n\u0131r \u00e7izme hem de psikolojik olarak \u201cneye odaklan\u0131yorum?\u201d sorusunu g\u00fcndeme getirme arac\u0131 olarak kullan\u0131ld\u0131. Adalet Bakanl\u0131\u011f\u0131 izniyle foto\u011fraf makinalar\u0131yla \u00e7evresindeki h\u00fck\u00fcml\u00fc arkada\u015flar\u0131n\u0131 g\u00f6rme ve tan\u0131ma ama\u00e7l\u0131, birbirlerinin foto\u011fraflar\u0131n\u0131 \u00e7ekmeleri sa\u011fland\u0131.<\/p>\n\n\n\n<p>Bu \u00e7al\u0131\u015fma ile \u00e7ocuklar\u0131n se\u00e7im yapma becerileri g\u00fc\u00e7lendirildi, kendi hik\u00e2yelerine d\u0131\u015far\u0131dan bakabilmeleri sa\u011fland\u0131, duygusal fark\u0131ndal\u0131klar\u0131 art\u0131r\u0131ld\u0131.<\/p>\n\n\n\n<p>2019 Tarsus Cezaevinde ise \u201cMek\u00e2nsal ve Kavramsal Geni\u015fleme\u201d ba\u015fl\u0131\u011f\u0131 ile ger\u00e7ekle\u015ftirilen i\u00e7 bah\u00e7e \u00e7al\u0131\u015fmas\u0131, projeye yeni bir boyut kazand\u0131rd\u0131. \u201c\u0130\u00e7erden D\u0131\u015far\u0131, D\u0131\u015fardan \u0130\u00e7eri\u201d ba\u015fl\u0131klar\u0131 alt\u0131nda y\u00fcr\u00fct\u00fclen bu s\u00fcre\u00e7te, mek\u00e2n kavram\u0131 iyile\u015ftirici bir ara\u00e7 olarak kullan\u0131ld\u0131. \u0130\u00e7 bah\u00e7e, fiziksel olarak s\u0131n\u0131rl\u0131 bir alan olmas\u0131na ra\u011fmen, \u00e7ocuklar\u0131n<\/p>\n\n\n\n<p>&#8211; \u00d6zg\u00fcrl\u00fck kavram\u0131n\u0131 yeniden d\u00fc\u015f\u00fcnmelerine,<\/p>\n\n\n\n<p>&#8211; \u0130\u00e7sel d\u00fcnyalar\u0131 ile d\u0131\u015f ger\u00e7eklik aras\u0131nda ba\u011f kurmalar\u0131na,<\/p>\n\n\n\n<p>&#8211; Umut ve gelecek tasavvuru geli\u015ftirmelerine olanak tan\u0131d\u0131.<\/p>\n\n\n\n<p>Bu a\u015famada sanat \u00fcretimi yaln\u0131zca bireysel de\u011fil, ayn\u0131 zamanda kolektif bir deneyime d\u00f6n\u00fc\u015ft\u00fc. B\u00f6ylece \u00e7ocuklar ortak \u00fcretimlerle aidiyet duygusu geli\u015ftirdi.<\/p>\n\n\n\n<h3 class=\"wp-block-heading\">Sanat\u0131n D\u00f6n\u00fc\u015ft\u00fcr\u00fcc\u00fc G\u00fcc\u00fc<\/h3>\n\n\n\n<p>Bu projeler, sanat\u0131n rehabilitasyon s\u00fcre\u00e7lerindeki d\u00f6n\u00fc\u015ft\u00fcr\u00fcc\u00fc g\u00fcc\u00fcn\u00fc a\u00e7\u0131k\u00e7a ortaya koymaktad\u0131r. \u00d6zellikle su\u00e7a itilmi\u015f \u00e7ocuklarla yap\u0131lan \u00e7al\u0131\u015fmalarda, cezaland\u0131r\u0131c\u0131 yakla\u015f\u0131mlar yerine destekleyici ve ifade odakl\u0131 y\u00f6ntemlerin kullan\u0131lmas\u0131, bireylerin yeniden topluma kazand\u0131r\u0131lmas\u0131nda kritik \u00f6neme sahiptir.<\/p>\n\n\n\n<p>D\u0131\u015favurumcu resim terapisi ve mek\u00e2nsal fark\u0131ndal\u0131k \u00e7al\u0131\u015fmalar\u0131, psikolojik iyile\u015fmeyi desteklemi\u015ftir. Bunun yan\u0131 s\u0131ra \u2018Kendilik bilincini\u2019 g\u00fc\u00e7lendirmi\u015f, \u2018Umut\u2019 duygusunu yeniden in\u015fa etmi\u015ftir.<\/p>\n\n\n\n<p>2004 y\u0131l\u0131ndan 2019 y\u0131l\u0131na uzanan bu \u00e7al\u0131\u015fmalar, s\u00fcreklili\u011fin ve metodolojik geli\u015fimin \u00f6nemini g\u00f6steriyor. Mersin\u2019den Tarsus\u2019a uzanan bu s\u00fcre\u00e7te, sanat temelli yakla\u015f\u0131mlar su\u00e7a itilmi\u015f \u00e7ocuklar i\u00e7in yaln\u0131zca bir ifade alan\u0131 de\u011fil, ayn\u0131 zamanda bir gelecek in\u015fa etme arac\u0131 oldu.<\/p>\n\n\n<div class=\"wp-block-image\">\n<figure class=\"aligncenter size-full\"><img loading=\"lazy\" decoding=\"async\" width=\"597\" height=\"598\" src=\"https:\/\/epochtimestr.com\/wp-content\/uploads\/2011y\/image-358.png\" alt=\"\" class=\"wp-image-166579\" srcset=\"https:\/\/epochtimestr.com\/wp-content\/uploads\/2011y\/image-358.png 597w, https:\/\/epochtimestr.com\/wp-content\/uploads\/2011y\/image-358-300x300.png 300w, https:\/\/epochtimestr.com\/wp-content\/uploads\/2011y\/image-358-150x150.png 150w\" sizes=\"(max-width: 597px) 100vw, 597px\" \/><figcaption class=\"wp-element-caption\">Bu projeler, \u00e7ocuklar\u0131n ya\u015famlar\u0131nda kal\u0131c\u0131 izler b\u0131rakarak onlar\u0131n kendilerini yeniden tan\u0131mlamalar\u0131na ve toplumla yeniden ba\u011f kurmalar\u0131na katk\u0131 sa\u011flad\u0131 (Foto\u011fraf: Nurseren Tor)<\/figcaption><\/figure><\/div>\n\n\n<p>Bu projeler, \u00e7ocuklar\u0131n ya\u015famlar\u0131nda kal\u0131c\u0131 izler b\u0131rakarak onlar\u0131n kendilerini yeniden tan\u0131mlamalar\u0131na ve toplumla yeniden ba\u011f kurmalar\u0131na katk\u0131 sa\u011flad\u0131. Sonu\u00e7 olarak sanat\u0131n iyile\u015ftirici g\u00fcc\u00fc, en zor ko\u015fullarda bile umut \u00fcretmeye devam ediyor.<\/p>\n\n\n\n<p>Su\u00e7a itilmi\u015f \u00e7ocuklar \u00e7o\u011fu zaman e\u011fitimden kopma, dil becerilerinde s\u0131n\u0131rl\u0131l\u0131k ve okuma al\u0131\u015fkanl\u0131\u011f\u0131n\u0131n yeterince geli\u015fmemesi gibi \u00e7ok boyutlu dezavantajlarla kar\u015f\u0131 kar\u015f\u0131ya. Bu durum, onlar\u0131n hem bili\u015fsel geli\u015fimlerini hem de kendilerini ifade etme kapasitelerini do\u011frudan etkiliyor.<\/p>\n\n\n\n<p>Bu ba\u011flamda, sanat temelli terap\u00f6tik yakla\u015f\u0131mlar\u0131n okuma k\u00fclt\u00fcr\u00fc ile b\u00fct\u00fcnle\u015ftirilmesi, \u00e7ocuklar\u0131n hem duygusal hem de bili\u015fsel geli\u015fimlerini destekleyen b\u00fct\u00fcnc\u00fcl bir model sunuyor. K\u00fct\u00fcphane ortam\u0131 yaln\u0131zca bilgiye eri\u015fim alan\u0131 de\u011fil, ayn\u0131 zamanda g\u00fcvenli, sakin ve bireysel ke\u015ffe a\u00e7\u0131k bir \u00f6\u011frenme mek\u00e2n\u0131 olarak \u00f6nemli bir i\u015fleve sahip.<\/p>\n\n\n\n<p>\u00d6nceki projelerde, k\u00fct\u00fcphane temelli \u00e7al\u0131\u015fmalar sonras\u0131nda \u00e7ocuklar\u0131n okuma s\u00fcrelerinde art\u0131\u015f ve metinleri yorumlama becerilerinde geli\u015fim g\u00f6zlemledim. Okuma motivasyonu ve anlama becerileri artt\u0131; okuma eylemi, zorunlu bir etkinlik olmaktan \u00e7\u0131karak keyifli bir u\u011fra\u015fa d\u00f6n\u00fc\u015ft\u00fc.<\/p>\n\n\n\n<p>Okuma sonras\u0131 yap\u0131lan resim \u00e7al\u0131\u015fmalar\u0131, \u00e7ocuklar\u0131n metinleri i\u00e7selle\u015ftirme d\u00fczeylerini art\u0131rd\u0131. G\u00f6rsel anlat\u0131m, s\u00f6zel ifade ile paralel bir geli\u015fim g\u00f6sterdi.<\/p>\n\n\n\n<p>Kitap karakterleri \u00fczerinden yap\u0131lan tart\u0131\u015fmalar ve g\u00f6rsel \u00fcretimler, \u00e7ocuklar\u0131n empati kurma becerilerini geli\u015ftirdi. Kendi ya\u015fam deneyimleri ile okuduklar\u0131 hik\u00e2yeler aras\u0131nda ba\u011flant\u0131 kurabildiler.<\/p>\n\n\n\n<h3 class=\"wp-block-heading\">Son S\u00f6z<\/h3>\n\n\n\n<p>Okuma ve sanat\u0131n birlikte kullan\u0131lmas\u0131, \u00e7ocuklar\u0131n alternatif ya\u015fam senaryolar\u0131 geli\u015ftirmelerine olanak tan\u0131d\u0131. Bu durum, gelecek alg\u0131lar\u0131nda daha olumlu ve ger\u00e7ek\u00e7i hedeflerin olu\u015fmas\u0131n\u0131 destekledi.<\/p>\n\n\n\n<p>Elde edilen bulgular, sanat ve okuma temelli m\u00fcdahalelerin birlikte kullan\u0131lmas\u0131n\u0131n, tek ba\u015f\u0131na uygulanan y\u00f6ntemlere k\u0131yasla daha g\u00fc\u00e7l\u00fc bir etki yaratt\u0131\u011f\u0131n\u0131 g\u00f6steriyor. Okuma bili\u015fsel bir yap\u0131 kurarken, sanat bu yap\u0131n\u0131n duygusal boyutunu tamaml\u0131yor.<\/p>\n\n\n\n<p>K\u00fct\u00fcphane ortam\u0131n\u0131n aktif bir \u00fcretim alan\u0131na d\u00f6n\u00fc\u015ft\u00fcr\u00fclmesi, \u00e7ocuklar\u0131n cezaevi deneyimini yeniden anlamland\u0131rmalar\u0131na katk\u0131 sa\u011flam\u0131\u015ft\u0131r. Bu durum, rehabilitasyon s\u00fcre\u00e7lerinde mek\u00e2n\u0131n pasif de\u011fil, aktif bir unsur olarak ele al\u0131nmas\u0131 gerekti\u011fini ortaya koyuyor.<\/p>\n\n\n\n<p>Bu \u00e7al\u0131\u015fma, su\u00e7a itilmi\u015f \u00e7ocuklarla y\u00fcr\u00fct\u00fclen rehabilitasyon s\u00fcre\u00e7lerinde sanat ve okuma k\u00fclt\u00fcr\u00fcn\u00fcn birlikte ele al\u0131nmas\u0131n\u0131n \u00f6nemini vurgulamaktad\u0131r.<\/p>\n\n\n\n<p>&#8211; Cezaevlerinde k\u00fct\u00fcphanelerin aktif \u00f6\u011frenme ve \u00fcretim alanlar\u0131 olarak yeniden yap\u0131land\u0131r\u0131lmas\u0131<\/p>\n\n\n\n<p>&#8211; Okuma sonras\u0131 yarat\u0131c\u0131 ifade \u00e7al\u0131\u015fmalar\u0131n\u0131n sistematik hale getirilmesi<\/p>\n\n\n\n<p>&#8211; Sanat ve edebiyat temelli programlar\u0131n disiplinler aras\u0131 bir yakla\u015f\u0131mla s\u00fcrd\u00fcr\u00fclmesi gerekiyor.<\/p>\n\n\n\n<p>Sonu\u00e7 olarak k\u00fct\u00fcphane temelli sanat \u00e7al\u0131\u015fmalar\u0131n\u0131n, \u00e7ocuklar\u0131n yaln\u0131zca okuma becerilerini de\u011fil, ayn\u0131 zamanda kendilerini ifade etme, anlama ve yeniden in\u015fa etme kapasitelerini g\u00fc\u00e7lendiren, b\u00fct\u00fcnc\u00fcl bir rehabilitasyon modeli sunaca\u011f\u0131ndan ku\u015fkum yoktur.<\/p>\n","protected":false},"excerpt":{"rendered":"<p>D\u0131\u015favurumcu Resim Terapisi ve Mek\u00e2nsal Fark\u0131ndal\u0131k Projeleri 2004 y\u0131l\u0131nda Mersin F Tipi Kapal\u0131 Cezaevi\u2019nde su\u00e7a itilmi\u015f \u00e7ocuklarla k\u00fcrat\u00f6rl\u00fc\u011f\u00fcmde bir proje ba\u015flatt\u0131k: \u201cD\u0131\u015favurumcu Resim Terapisi\u201d. Bu projenin yan\u0131 s\u0131ra, \u201cKadraj ve Kendine Odaklanma\u201d \u00e7al\u0131\u015fmalar\u0131 yapt\u0131k. Ayr\u0131ca 2019 y\u0131l\u0131nda Tarsus Cezaevi\u2019nde \u201c\u0130\u00e7erden D\u0131\u015far\u0131, D\u0131\u015fardan \u0130\u00e7eri\u201d ba\u015fl\u0131kl\u0131 uygulamalar\u0131 ger\u00e7ekle\u015ftirdik. S\u00f6z konusu projeler, 14\u201318 ya\u015f aras\u0131 \u00e7ocuklar\u0131n kendilerini ifade [&hellip;]<\/p>\n","protected":false},"author":14011,"featured_media":166586,"comment_status":"open","ping_status":"open","sticky":false,"template":"","format":"standard","meta":{"_yoast_wpseo_focuskw":"Su\u00e7a itilmi\u015f \u00e7ocuklar","_yoast_wpseo_title":"","_yoast_wpseo_metadesc":"Su\u00e7a itilmi\u015f \u00e7ocuklar, travmatik ya\u015fam deneyimleri ve sosyal d\u0131\u015flanma nedeniyle kendilerini ifade etmekte zorlanan bireylerdir.","_bbp_topic_count":0,"_bbp_reply_count":0,"_bbp_total_topic_count":0,"_bbp_total_reply_count":0,"_bbp_voice_count":0,"_bbp_anonymous_reply_count":0,"_bbp_topic_count_hidden":0,"_bbp_reply_count_hidden":0,"_bbp_forum_subforum_count":0,"footnotes":"","_yoast_wpseo_focuskw_text_input":""},"categories":[519,11181],"tags":[11186,11182,11184,11185,11183],"yoast_head":"<!-- This site is optimized with the Yoast SEO plugin v23.0 - https:\/\/yoast.com\/wordpress\/plugins\/seo\/ -->\n<title>Su\u00e7a \u0130tilmi\u015f \u00c7ocuklarla Sanat Temelli Rehabilitasyon - The Epoch Times TR<\/title>\n<meta name=\"description\" content=\"Su\u00e7a itilmi\u015f \u00e7ocuklar, travmatik ya\u015fam deneyimleri ve sosyal d\u0131\u015flanma nedeniyle kendilerini ifade etmekte zorlanan bireylerdir.\" \/>\n<meta name=\"robots\" content=\"index, follow, max-snippet:-1, max-image-preview:large, max-video-preview:-1\" \/>\n<link rel=\"canonical\" href=\"https:\/\/epochtimestr.com\/index.php\/suca-itilmis-cocuklarla-sanat-temelli-rehabilitasyon\" \/>\n<meta property=\"og:locale\" content=\"tr_TR\" \/>\n<meta property=\"og:type\" content=\"article\" \/>\n<meta property=\"og:title\" content=\"Su\u00e7a \u0130tilmi\u015f \u00c7ocuklarla Sanat Temelli Rehabilitasyon - The Epoch Times TR\" \/>\n<meta property=\"og:description\" content=\"Su\u00e7a itilmi\u015f \u00e7ocuklar, travmatik ya\u015fam deneyimleri ve sosyal d\u0131\u015flanma nedeniyle kendilerini ifade etmekte zorlanan bireylerdir.\" \/>\n<meta property=\"og:url\" content=\"https:\/\/epochtimestr.com\/index.php\/suca-itilmis-cocuklarla-sanat-temelli-rehabilitasyon\" \/>\n<meta property=\"og:site_name\" content=\"The Epoch Times TR\" \/>\n<meta property=\"article:publisher\" content=\"https:\/\/www.facebook.com\/theepochtimestr\" \/>\n<meta property=\"article:published_time\" content=\"2026-04-04T05:28:09+00:00\" \/>\n<meta property=\"article:modified_time\" content=\"2026-04-04T05:35:03+00:00\" \/>\n<meta property=\"og:image\" content=\"https:\/\/epochtimestr.com\/wp-content\/uploads\/2011y\/2-31.jpg\" \/>\n\t<meta property=\"og:image:width\" content=\"1200\" \/>\n\t<meta property=\"og:image:height\" content=\"630\" \/>\n\t<meta property=\"og:image:type\" content=\"image\/jpeg\" \/>\n<meta name=\"author\" content=\"Nurseren Tor\" \/>\n<meta name=\"twitter:card\" content=\"summary_large_image\" \/>\n<meta name=\"twitter:creator\" content=\"@TheEpochTimesTR\" \/>\n<meta name=\"twitter:site\" content=\"@TheEpochTimesTR\" \/>\n<meta name=\"twitter:label1\" content=\"Yazan:\" \/>\n\t<meta name=\"twitter:data1\" content=\"Nurseren Tor\" \/>\n\t<meta name=\"twitter:label2\" content=\"Tahmini okuma s\u00fcresi\" \/>\n\t<meta name=\"twitter:data2\" content=\"6 dakika\" \/>\n<script type=\"application\/ld+json\" class=\"yoast-schema-graph\">{\"@context\":\"https:\/\/schema.org\",\"@graph\":[{\"@type\":\"Article\",\"@id\":\"https:\/\/epochtimestr.com\/index.php\/suca-itilmis-cocuklarla-sanat-temelli-rehabilitasyon#article\",\"isPartOf\":{\"@id\":\"https:\/\/epochtimestr.com\/index.php\/suca-itilmis-cocuklarla-sanat-temelli-rehabilitasyon\"},\"author\":{\"name\":\"Nurseren Tor\",\"@id\":\"https:\/\/epochtimestr.com\/#\/schema\/person\/bc0d9b63e8ed807ae40ab726853ba4b2\"},\"headline\":\"Su\u00e7a \u0130tilmi\u015f \u00c7ocuklarla Sanat Temelli Rehabilitasyon\",\"datePublished\":\"2026-04-04T05:28:09+00:00\",\"dateModified\":\"2026-04-04T05:35:03+00:00\",\"mainEntityOfPage\":{\"@id\":\"https:\/\/epochtimestr.com\/index.php\/suca-itilmis-cocuklarla-sanat-temelli-rehabilitasyon\"},\"wordCount\":1290,\"commentCount\":0,\"publisher\":{\"@id\":\"https:\/\/epochtimestr.com\/#organization\"},\"image\":{\"@id\":\"https:\/\/epochtimestr.com\/index.php\/suca-itilmis-cocuklarla-sanat-temelli-rehabilitasyon#primaryimage\"},\"thumbnailUrl\":\"https:\/\/epochtimestr.com\/wp-content\/uploads\/2011y\/Nurseren-Tor.png\",\"keywords\":[\"D\u0131\u015favurumcu Resim Terapisi\",\"k\u00fct\u00fcphane temelli sanat \u00e7al\u0131\u015fmalar\u0131\",\"rehabilitasyon\",\"sanat temelli terap\u00f6tik yakla\u015f\u0131mlar\",\"su\u00e7a itilmi\u015f \u00e7ocuklar\"],\"articleSection\":[\"ED\u0130T\u00d6R\u00dcN SE\u00c7\u0130M\u0130\",\"K\u00f6\u015fe Yaz\u0131lar\u0131 Nurseren Tor\"],\"inLanguage\":\"tr\",\"potentialAction\":[{\"@type\":\"CommentAction\",\"name\":\"Comment\",\"target\":[\"https:\/\/epochtimestr.com\/index.php\/suca-itilmis-cocuklarla-sanat-temelli-rehabilitasyon#respond\"]}]},{\"@type\":\"WebPage\",\"@id\":\"https:\/\/epochtimestr.com\/index.php\/suca-itilmis-cocuklarla-sanat-temelli-rehabilitasyon\",\"url\":\"https:\/\/epochtimestr.com\/index.php\/suca-itilmis-cocuklarla-sanat-temelli-rehabilitasyon\",\"name\":\"Su\u00e7a \u0130tilmi\u015f \u00c7ocuklarla Sanat Temelli Rehabilitasyon - The Epoch Times TR\",\"isPartOf\":{\"@id\":\"https:\/\/epochtimestr.com\/#website\"},\"primaryImageOfPage\":{\"@id\":\"https:\/\/epochtimestr.com\/index.php\/suca-itilmis-cocuklarla-sanat-temelli-rehabilitasyon#primaryimage\"},\"image\":{\"@id\":\"https:\/\/epochtimestr.com\/index.php\/suca-itilmis-cocuklarla-sanat-temelli-rehabilitasyon#primaryimage\"},\"thumbnailUrl\":\"https:\/\/epochtimestr.com\/wp-content\/uploads\/2011y\/Nurseren-Tor.png\",\"datePublished\":\"2026-04-04T05:28:09+00:00\",\"dateModified\":\"2026-04-04T05:35:03+00:00\",\"description\":\"Su\u00e7a itilmi\u015f \u00e7ocuklar, travmatik ya\u015fam deneyimleri ve sosyal d\u0131\u015flanma nedeniyle kendilerini ifade etmekte zorlanan bireylerdir.\",\"inLanguage\":\"tr\",\"potentialAction\":[{\"@type\":\"ReadAction\",\"target\":[\"https:\/\/epochtimestr.com\/index.php\/suca-itilmis-cocuklarla-sanat-temelli-rehabilitasyon\"]}]},{\"@type\":\"ImageObject\",\"inLanguage\":\"tr\",\"@id\":\"https:\/\/epochtimestr.com\/index.php\/suca-itilmis-cocuklarla-sanat-temelli-rehabilitasyon#primaryimage\",\"url\":\"https:\/\/epochtimestr.com\/wp-content\/uploads\/2011y\/Nurseren-Tor.png\",\"contentUrl\":\"https:\/\/epochtimestr.com\/wp-content\/uploads\/2011y\/Nurseren-Tor.png\",\"width\":600,\"height\":600},{\"@type\":\"WebSite\",\"@id\":\"https:\/\/epochtimestr.com\/#website\",\"url\":\"https:\/\/epochtimestr.com\/\",\"name\":\"The Epoch Times TR\",\"description\":\"De\u011fi\u015fen D\u00fcnyam\u0131za Taze Bir Bak\u0131\u015f\",\"publisher\":{\"@id\":\"https:\/\/epochtimestr.com\/#organization\"},\"potentialAction\":[{\"@type\":\"SearchAction\",\"target\":{\"@type\":\"EntryPoint\",\"urlTemplate\":\"https:\/\/epochtimestr.com\/?s={search_term_string}\"},\"query-input\":\"required name=search_term_string\"}],\"inLanguage\":\"tr\"},{\"@type\":\"Organization\",\"@id\":\"https:\/\/epochtimestr.com\/#organization\",\"name\":\"The EpochTimes T\u00fcrkiye\",\"url\":\"https:\/\/epochtimestr.com\/\",\"logo\":{\"@type\":\"ImageObject\",\"inLanguage\":\"tr\",\"@id\":\"https:\/\/epochtimestr.com\/#\/schema\/logo\/image\/\",\"url\":\"https:\/\/epochtimestr.com\/wp-content\/uploads\/2011y\/ET-Logo-YG.jpg\",\"contentUrl\":\"https:\/\/epochtimestr.com\/wp-content\/uploads\/2011y\/ET-Logo-YG.jpg\",\"width\":346,\"height\":29,\"caption\":\"The EpochTimes T\u00fcrkiye\"},\"image\":{\"@id\":\"https:\/\/epochtimestr.com\/#\/schema\/logo\/image\/\"},\"sameAs\":[\"https:\/\/www.facebook.com\/theepochtimestr\",\"https:\/\/x.com\/TheEpochTimesTR\",\"https:\/\/www.instagram.com\/epochtimestr\"]},{\"@type\":\"Person\",\"@id\":\"https:\/\/epochtimestr.com\/#\/schema\/person\/bc0d9b63e8ed807ae40ab726853ba4b2\",\"name\":\"Nurseren Tor\",\"image\":{\"@type\":\"ImageObject\",\"inLanguage\":\"tr\",\"@id\":\"https:\/\/epochtimestr.com\/#\/schema\/person\/image\/\",\"url\":\"https:\/\/secure.gravatar.com\/avatar\/a38a0c81197c32cbccf09972fcb81124?s=96&d=mm&r=g\",\"contentUrl\":\"https:\/\/secure.gravatar.com\/avatar\/a38a0c81197c32cbccf09972fcb81124?s=96&d=mm&r=g\",\"caption\":\"Nurseren Tor\"},\"url\":\"https:\/\/epochtimestr.com\/index.php\/author\/nurseren\"}]}<\/script>\n<!-- \/ Yoast SEO plugin. -->","yoast_head_json":{"title":"Su\u00e7a \u0130tilmi\u015f \u00c7ocuklarla Sanat Temelli Rehabilitasyon - The Epoch Times TR","description":"Su\u00e7a itilmi\u015f \u00e7ocuklar, travmatik ya\u015fam deneyimleri ve sosyal d\u0131\u015flanma nedeniyle kendilerini ifade etmekte zorlanan bireylerdir.","robots":{"index":"index","follow":"follow","max-snippet":"max-snippet:-1","max-image-preview":"max-image-preview:large","max-video-preview":"max-video-preview:-1"},"canonical":"https:\/\/epochtimestr.com\/index.php\/suca-itilmis-cocuklarla-sanat-temelli-rehabilitasyon","og_locale":"tr_TR","og_type":"article","og_title":"Su\u00e7a \u0130tilmi\u015f \u00c7ocuklarla Sanat Temelli Rehabilitasyon - The Epoch Times TR","og_description":"Su\u00e7a itilmi\u015f \u00e7ocuklar, travmatik ya\u015fam deneyimleri ve sosyal d\u0131\u015flanma nedeniyle kendilerini ifade etmekte zorlanan bireylerdir.","og_url":"https:\/\/epochtimestr.com\/index.php\/suca-itilmis-cocuklarla-sanat-temelli-rehabilitasyon","og_site_name":"The Epoch Times TR","article_publisher":"https:\/\/www.facebook.com\/theepochtimestr","article_published_time":"2026-04-04T05:28:09+00:00","article_modified_time":"2026-04-04T05:35:03+00:00","og_image":[{"width":1200,"height":630,"url":"https:\/\/epochtimestr.com\/wp-content\/uploads\/2011y\/2-31.jpg","type":"image\/jpeg"}],"author":"Nurseren Tor","twitter_card":"summary_large_image","twitter_creator":"@TheEpochTimesTR","twitter_site":"@TheEpochTimesTR","twitter_misc":{"Yazan:":"Nurseren Tor","Tahmini okuma s\u00fcresi":"6 dakika"},"schema":{"@context":"https:\/\/schema.org","@graph":[{"@type":"Article","@id":"https:\/\/epochtimestr.com\/index.php\/suca-itilmis-cocuklarla-sanat-temelli-rehabilitasyon#article","isPartOf":{"@id":"https:\/\/epochtimestr.com\/index.php\/suca-itilmis-cocuklarla-sanat-temelli-rehabilitasyon"},"author":{"name":"Nurseren Tor","@id":"https:\/\/epochtimestr.com\/#\/schema\/person\/bc0d9b63e8ed807ae40ab726853ba4b2"},"headline":"Su\u00e7a \u0130tilmi\u015f \u00c7ocuklarla Sanat Temelli Rehabilitasyon","datePublished":"2026-04-04T05:28:09+00:00","dateModified":"2026-04-04T05:35:03+00:00","mainEntityOfPage":{"@id":"https:\/\/epochtimestr.com\/index.php\/suca-itilmis-cocuklarla-sanat-temelli-rehabilitasyon"},"wordCount":1290,"commentCount":0,"publisher":{"@id":"https:\/\/epochtimestr.com\/#organization"},"image":{"@id":"https:\/\/epochtimestr.com\/index.php\/suca-itilmis-cocuklarla-sanat-temelli-rehabilitasyon#primaryimage"},"thumbnailUrl":"https:\/\/epochtimestr.com\/wp-content\/uploads\/2011y\/Nurseren-Tor.png","keywords":["D\u0131\u015favurumcu Resim Terapisi","k\u00fct\u00fcphane temelli sanat \u00e7al\u0131\u015fmalar\u0131","rehabilitasyon","sanat temelli terap\u00f6tik yakla\u015f\u0131mlar","su\u00e7a itilmi\u015f \u00e7ocuklar"],"articleSection":["ED\u0130T\u00d6R\u00dcN SE\u00c7\u0130M\u0130","K\u00f6\u015fe Yaz\u0131lar\u0131 Nurseren Tor"],"inLanguage":"tr","potentialAction":[{"@type":"CommentAction","name":"Comment","target":["https:\/\/epochtimestr.com\/index.php\/suca-itilmis-cocuklarla-sanat-temelli-rehabilitasyon#respond"]}]},{"@type":"WebPage","@id":"https:\/\/epochtimestr.com\/index.php\/suca-itilmis-cocuklarla-sanat-temelli-rehabilitasyon","url":"https:\/\/epochtimestr.com\/index.php\/suca-itilmis-cocuklarla-sanat-temelli-rehabilitasyon","name":"Su\u00e7a \u0130tilmi\u015f \u00c7ocuklarla Sanat Temelli Rehabilitasyon - The Epoch Times TR","isPartOf":{"@id":"https:\/\/epochtimestr.com\/#website"},"primaryImageOfPage":{"@id":"https:\/\/epochtimestr.com\/index.php\/suca-itilmis-cocuklarla-sanat-temelli-rehabilitasyon#primaryimage"},"image":{"@id":"https:\/\/epochtimestr.com\/index.php\/suca-itilmis-cocuklarla-sanat-temelli-rehabilitasyon#primaryimage"},"thumbnailUrl":"https:\/\/epochtimestr.com\/wp-content\/uploads\/2011y\/Nurseren-Tor.png","datePublished":"2026-04-04T05:28:09+00:00","dateModified":"2026-04-04T05:35:03+00:00","description":"Su\u00e7a itilmi\u015f \u00e7ocuklar, travmatik ya\u015fam deneyimleri ve sosyal d\u0131\u015flanma nedeniyle kendilerini ifade etmekte zorlanan bireylerdir.","inLanguage":"tr","potentialAction":[{"@type":"ReadAction","target":["https:\/\/epochtimestr.com\/index.php\/suca-itilmis-cocuklarla-sanat-temelli-rehabilitasyon"]}]},{"@type":"ImageObject","inLanguage":"tr","@id":"https:\/\/epochtimestr.com\/index.php\/suca-itilmis-cocuklarla-sanat-temelli-rehabilitasyon#primaryimage","url":"https:\/\/epochtimestr.com\/wp-content\/uploads\/2011y\/Nurseren-Tor.png","contentUrl":"https:\/\/epochtimestr.com\/wp-content\/uploads\/2011y\/Nurseren-Tor.png","width":600,"height":600},{"@type":"WebSite","@id":"https:\/\/epochtimestr.com\/#website","url":"https:\/\/epochtimestr.com\/","name":"The Epoch Times TR","description":"De\u011fi\u015fen D\u00fcnyam\u0131za Taze Bir Bak\u0131\u015f","publisher":{"@id":"https:\/\/epochtimestr.com\/#organization"},"potentialAction":[{"@type":"SearchAction","target":{"@type":"EntryPoint","urlTemplate":"https:\/\/epochtimestr.com\/?s={search_term_string}"},"query-input":"required name=search_term_string"}],"inLanguage":"tr"},{"@type":"Organization","@id":"https:\/\/epochtimestr.com\/#organization","name":"The EpochTimes T\u00fcrkiye","url":"https:\/\/epochtimestr.com\/","logo":{"@type":"ImageObject","inLanguage":"tr","@id":"https:\/\/epochtimestr.com\/#\/schema\/logo\/image\/","url":"https:\/\/epochtimestr.com\/wp-content\/uploads\/2011y\/ET-Logo-YG.jpg","contentUrl":"https:\/\/epochtimestr.com\/wp-content\/uploads\/2011y\/ET-Logo-YG.jpg","width":346,"height":29,"caption":"The EpochTimes T\u00fcrkiye"},"image":{"@id":"https:\/\/epochtimestr.com\/#\/schema\/logo\/image\/"},"sameAs":["https:\/\/www.facebook.com\/theepochtimestr","https:\/\/x.com\/TheEpochTimesTR","https:\/\/www.instagram.com\/epochtimestr"]},{"@type":"Person","@id":"https:\/\/epochtimestr.com\/#\/schema\/person\/bc0d9b63e8ed807ae40ab726853ba4b2","name":"Nurseren Tor","image":{"@type":"ImageObject","inLanguage":"tr","@id":"https:\/\/epochtimestr.com\/#\/schema\/person\/image\/","url":"https:\/\/secure.gravatar.com\/avatar\/a38a0c81197c32cbccf09972fcb81124?s=96&d=mm&r=g","contentUrl":"https:\/\/secure.gravatar.com\/avatar\/a38a0c81197c32cbccf09972fcb81124?s=96&d=mm&r=g","caption":"Nurseren Tor"},"url":"https:\/\/epochtimestr.com\/index.php\/author\/nurseren"}]}},"_links":{"self":[{"href":"https:\/\/epochtimestr.com\/index.php\/wp-json\/wp\/v2\/posts\/166578"}],"collection":[{"href":"https:\/\/epochtimestr.com\/index.php\/wp-json\/wp\/v2\/posts"}],"about":[{"href":"https:\/\/epochtimestr.com\/index.php\/wp-json\/wp\/v2\/types\/post"}],"author":[{"embeddable":true,"href":"https:\/\/epochtimestr.com\/index.php\/wp-json\/wp\/v2\/users\/14011"}],"replies":[{"embeddable":true,"href":"https:\/\/epochtimestr.com\/index.php\/wp-json\/wp\/v2\/comments?post=166578"}],"version-history":[{"count":1,"href":"https:\/\/epochtimestr.com\/index.php\/wp-json\/wp\/v2\/posts\/166578\/revisions"}],"predecessor-version":[{"id":166581,"href":"https:\/\/epochtimestr.com\/index.php\/wp-json\/wp\/v2\/posts\/166578\/revisions\/166581"}],"wp:featuredmedia":[{"embeddable":true,"href":"https:\/\/epochtimestr.com\/index.php\/wp-json\/wp\/v2\/media\/166586"}],"wp:attachment":[{"href":"https:\/\/epochtimestr.com\/index.php\/wp-json\/wp\/v2\/media?parent=166578"}],"wp:term":[{"taxonomy":"category","embeddable":true,"href":"https:\/\/epochtimestr.com\/index.php\/wp-json\/wp\/v2\/categories?post=166578"},{"taxonomy":"post_tag","embeddable":true,"href":"https:\/\/epochtimestr.com\/index.php\/wp-json\/wp\/v2\/tags?post=166578"}],"curies":[{"name":"wp","href":"https:\/\/api.w.org\/{rel}","templated":true}]}}