{"id":166583,"date":"2026-04-04T08:30:00","date_gmt":"2026-04-04T05:30:00","guid":{"rendered":"https:\/\/epochtimestr.com\/?p=166583"},"modified":"2026-04-04T13:39:51","modified_gmt":"2026-04-04T10:39:51","slug":"lider-ruhlu-insan2","status":"publish","type":"post","link":"https:\/\/epochtimestr.com\/index.php\/lider-ruhlu-insan2","title":{"rendered":"Lider Ruhlu \u0130nsan"},"content":{"rendered":"\n<p><em>Bu yaz\u0131 ilk olarak 29 Mart 2017 tarihinde inovatifhaber.com\u2019da yay\u0131nlanm\u0131\u015ft\u0131r.<\/em><\/p>\n\n\n\n<p class=\"has-text-align-right\">&nbsp;\u201cBu kenti, \u00e7ar\u015f\u0131s\u0131ndan ba\u015flayarak aya\u011fa kald\u0131ral\u0131m\u201d B. Alg\u00fcll\u00fc<\/p>\n\n\n\n<p>Kenti insanlar \u00fczerinden anlatmak, yeni bir yaz\u0131 bi\u00e7imi olmasa gerek. Eskiden beri yap\u0131lageleni ben de kendi ad\u0131ma, Mersin \u00f6rne\u011finde uygulamaya \u00e7al\u0131\u015f\u0131yorum. Sonu\u00e7ta kentler insan zek\u00e2s\u0131yla, \u00e7abas\u0131yla y\u00fccelir, \u015fahlan\u0131r. Bir kent yap\u0131lar\u0131ndan \u00e7ok insanlar\u0131yla tan\u0131n\u0131r. Kente emek veren, sevgisini katan kent sevdal\u0131lar\u0131 vard\u0131r. Bekir Alg\u00fcll\u00fc o kent sevdal\u0131lar\u0131ndan biridir. Kendisi bu aralar olduk\u00e7a yo\u011fun. Her kesimden misafirlere tad\u0131 deneyimle sabit \u201cd\u00fcnyan\u0131n en g\u00fczel \u00e7ay\u0131n\u0131\u201d sunmak, esnaf\u0131n ve Mersin\u2019in sorunlar\u0131n\u0131 anlatmakla me\u015fgul. O \u00e7ay ki \u00e7ar\u015f\u0131 esnaf\u0131n\u0131n eme\u011finin, al\u0131n terinin bir \u00fcr\u00fcn\u00fcd\u00fcr ve yo\u011fun ilgi g\u00f6rmektedir.<\/p>\n\n\n\n<p>Alg\u00fcll\u00fc, Zafer \u00c7ar\u015f\u0131s\u0131 giri\u015finde 30 y\u0131ll\u0131k esnaf. Babas\u0131yla birlikte bir mobilya ma\u011fazas\u0131 i\u015fletmekte. 1974 do\u011fumlu, iki \u00fcniversite bitirmi\u015f. Haks\u0131zl\u0131\u011fa tahamm\u00fcl edemeyi\u015fi, insana olan sayg\u0131s\u0131 onu, aran\u0131lan do\u011fal liderli\u011fe, esnaf s\u00f6zc\u00fcl\u00fc\u011f\u00fcne getirmi\u015f.<\/p>\n\n\n\n<p>Mersin \u015fu aralar h\u0131zl\u0131 b\u00fcy\u00fcmenin, yo\u011fun g\u00f6\u00e7lerin yans\u0131malar\u0131n\u0131 hazmetmekle bo\u011fu\u015fuyor. Kent bat\u0131 ve kuzey y\u00f6n\u00fcnde h\u0131zla geni\u015flerken, Y\u0131llarca kent merkezi \u00f6zelli\u011fini korumu\u015f, eski \u00e7ar\u015f\u0131 ve civar\u0131ndaki \u00c7aml\u0131bel gibi b\u00f6lgeler, sanc\u0131l\u0131 s\u00fcre\u00e7ler ya\u015famakta ve yeniden var olman\u0131n adeta k\u00fcllerinden do\u011fman\u0131n m\u00fccadelesini vermekte! Zaman\u0131n k\u00fc\u00e7\u00fck Mersin\u2019inde AVM\u2019ler yoktu; insanlar hep ayn\u0131 \u00e7ar\u015f\u0131ya inerdi, i\u015fler iyiydi. \u015eehir b\u00fcy\u00fcd\u00fck\u00e7e uygulanan hatal\u0131 politikalar sonucu, merkez \u00e7ar\u015f\u0131 zay\u0131flad\u0131. Merkezde kurum kalmad\u0131. Adliye, hastane, emniyet, valilik, milli e\u011fitim m\u00fcd\u00fcrl\u00fc\u011f\u00fc ta\u015f\u0131nd\u0131.<\/p>\n\n\n\n<p>Bekir Alg\u00fcll\u00fc liderli\u011finde, G\u00f6k\u00e7ay \u0130\u015f Han\u0131, Bal\u0131k Pazar\u0131, K\u0131rm\u0131z\u0131 Lacivert \u0130\u015f Han\u0131, Zafer \u00c7ar\u015f\u0131s\u0131, Hamam Soka\u011f\u0131 ve Yo\u011furt Pazar\u0131 civar\u0131, 550 i\u015fyerinden olu\u015fan \u00e7ar\u015f\u0131 esnaf\u0131, \u00c7ar\u015f\u0131 Esnaflar\u0131 Derne\u011fi \u00e7at\u0131s\u0131 alt\u0131nda bulu\u015farak, bu kadim b\u00f6lgeyi eski konumuna y\u00fckseltmek \u00e7abas\u0131 i\u00e7indeler. Ba\u015fkan Bekir Alg\u00fcll\u00fc \u00fcst\u00fcne basarak niyetlerini \u015f\u00f6yle \u00f6zetliyor: \u201c1.5 y\u0131l \u00f6nce kurulu\u015fumuzu ger\u00e7ekle\u015ftirdik. Esnaf\u0131m\u0131za, belediye kirac\u0131lar\u0131m\u0131za yeni otogarda ya\u015fanan s\u0131k\u0131nt\u0131lar\u0131 g\u00f6stermemek, Mersin \u00e7ars\u0131s\u0131nda sahipsiz esnafa sahip \u00e7\u0131kmak ve dertlerine dikkat \u00e7ekmek, t\u00fckenmekte olan meslek dallar\u0131n\u0131 ya\u015fatmak, esnaflar aras\u0131nda birlik ve beraberli\u011fi sa\u011flamak \u00fczere meydana gelmi\u015f bir ortak ak\u0131l ve vicdan hareketiyiz.\u201d Bu ve benzer gayeler Alg\u00fcll\u00fc\u2019y\u00fc t\u00fcm siyasi g\u00f6r\u00fc\u015ften insanlar\u0131, politikac\u0131lar\u0131 buraya \u00e7eken, dengeleri azami \u00f6l\u00e7\u00fcde g\u00f6zeten bir insana d\u00f6n\u00fc\u015ft\u00fcrm\u00fc\u015f.<\/p>\n\n\n\n<p>Bekir ba\u015fkan\u0131n \u00e7abalar\u0131 yeni belediye y\u00f6netimi taraf\u0131ndan dikkate al\u0131nm\u0131\u015f. S\u0131k\u0131nt\u0131lar, i\u015fbirli\u011fi ve isti\u015fare ile \u00e7\u00f6z\u00fclmeye \u00e7al\u0131\u015f\u0131l\u0131yor. 15 y\u0131ld\u0131r \u015fehri adeta bir duvar gibi b\u00f6len, \u0130stiklal caddesi ref\u00fcj blok ta\u015flar\u0131 B\u00fcy\u00fck\u015fehir taraf\u0131ndan kald\u0131r\u0131lm\u0131\u015f, \u00e7ar\u015f\u0131 y\u00f6n\u00fcne Zeytinlibah\u00e7e taraf\u0131ndan gelen insan trafi\u011fi hayli artm\u0131\u015f. Ayr\u0131ca B\u00fcy\u00fck\u015fehir Belediyesi bu b\u00f6lgede Mimarlar Odas\u0131 ve Dernek ile ortak \u00e7al\u0131\u015fma y\u00fcr\u00fcterek, Mersin Tarihi Kapal\u0131 \u00c7ar\u015f\u0131 Projesi\u2019ni hayata ge\u00e7irmek i\u00e7in u\u011fra\u015f\u0131yor. Bir proje \u00e7izilerek An\u0131tlar Kurulu\u2019na sunulmu\u015f.<\/p>\n\n\n\n<p>Tarih ve k\u00fclt\u00fcr hazinesi olan eski \u00e7ar\u015f\u0131 b\u00f6lgesinin turizm etkinliklerine dahil edilmesi, eski binalar\u0131n asl\u0131na uygun restore edilmesi gerekiyor. Alg\u00fcll\u00fc, Mersinlilik bilincinin geli\u015fmesine \u00f6nem veriyor: \u201cBana g\u00f6re Mersin\u2019in Marsilya\u2019dan, Nice\u2019den, Barselona\u2019dan, Kahire\u2019den hi\u00e7bir fark\u0131 yoktur. Tek fark\u0131 sahipsizli\u011fidir. Kenti hep birlikte hak etti\u011fi yere ta\u015f\u0131mal\u0131y\u0131z\u201d diyor. M\u0130Y Denetim Kurulu Ba\u015fkan\u0131 da olan Alg\u00fcll\u00fc, spor faaliyetleri de y\u00fcr\u00fctmektedir. 93 y\u0131ll\u0131k kul\u00fcb\u00fcn bir binas\u0131n\u0131n bile bulunmamas\u0131 onu derinden etkilemektedir. Medya ile ili\u015fkileri gayet iyi. Medya mensuplar\u0131yla s\u0131k\u0131 dostluklar kurmu\u015f. Kentin geli\u015fmesi i\u00e7in yerel medyan\u0131n geli\u015fmesinin \u015fart oldu\u011funu savunuyor.<\/p>\n\n\n\n<p>D\u00fcnyan\u0131n en g\u00fczel \u00e7aylar\u0131 e\u015fli\u011finde zaman bir \u00e7\u0131rp\u0131da bitiyor. Fakat konu\u015fulacaklar bitmiyor. Bekir ba\u015fkan ayr\u0131l\u0131rken, umutla \u015fu s\u00f6zlerin alt\u0131n\u0131 \u00e7izmek istiyor: \u201cAnadolu farkl\u0131l\u0131klar i\u00e7inde birlik, medeniyetler i\u00e7inde karde\u015fliktir.\u201d<\/p>\n","protected":false},"excerpt":{"rendered":"<p>Bu yaz\u0131 ilk olarak 29 Mart 2017 tarihinde inovatifhaber.com\u2019da yay\u0131nlanm\u0131\u015ft\u0131r. &nbsp;\u201cBu kenti, \u00e7ar\u015f\u0131s\u0131ndan ba\u015flayarak aya\u011fa kald\u0131ral\u0131m\u201d B. Alg\u00fcll\u00fc Kenti insanlar \u00fczerinden anlatmak, yeni bir yaz\u0131 bi\u00e7imi olmasa gerek. Eskiden beri yap\u0131lageleni ben de kendi ad\u0131ma, Mersin \u00f6rne\u011finde uygulamaya \u00e7al\u0131\u015f\u0131yorum. Sonu\u00e7ta kentler insan zek\u00e2s\u0131yla, \u00e7abas\u0131yla y\u00fccelir, \u015fahlan\u0131r. Bir kent yap\u0131lar\u0131ndan \u00e7ok insanlar\u0131yla tan\u0131n\u0131r. Kente emek veren, [&hellip;]<\/p>\n","protected":false},"author":14001,"featured_media":161038,"comment_status":"open","ping_status":"open","sticky":false,"template":"","format":"standard","meta":{"_yoast_wpseo_focuskw":"Bekir Alg\u00fcll\u00fc","_yoast_wpseo_title":"","_yoast_wpseo_metadesc":"Bir kent, insanlar\u0131yla tan\u0131n\u0131r. Kente emek veren, sevgisini katan kent sevdal\u0131lar\u0131 vard\u0131r. Bekir Alg\u00fcll\u00fc o kent sevdal\u0131lar\u0131ndan biridir.","_bbp_topic_count":0,"_bbp_reply_count":0,"_bbp_total_topic_count":0,"_bbp_total_reply_count":0,"_bbp_voice_count":0,"_bbp_anonymous_reply_count":0,"_bbp_topic_count_hidden":0,"_bbp_reply_count_hidden":0,"_bbp_forum_subforum_count":0,"footnotes":"","_yoast_wpseo_focuskw_text_input":""},"categories":[9170],"tags":[],"yoast_head":"<!-- This site is optimized with the Yoast SEO plugin v23.0 - https:\/\/yoast.com\/wordpress\/plugins\/seo\/ -->\n<title>Lider Ruhlu \u0130nsan - The Epoch Times TR<\/title>\n<meta name=\"description\" content=\"Bir kent, insanlar\u0131yla tan\u0131n\u0131r. Kente emek veren, sevgisini katan kent sevdal\u0131lar\u0131 vard\u0131r. Bekir Alg\u00fcll\u00fc o kent sevdal\u0131lar\u0131ndan biridir.\" \/>\n<meta name=\"robots\" content=\"index, follow, max-snippet:-1, max-image-preview:large, max-video-preview:-1\" \/>\n<link rel=\"canonical\" href=\"https:\/\/epochtimestr.com\/index.php\/lider-ruhlu-insan2\" \/>\n<meta property=\"og:locale\" content=\"tr_TR\" \/>\n<meta property=\"og:type\" content=\"article\" \/>\n<meta property=\"og:title\" content=\"Lider Ruhlu \u0130nsan - The Epoch Times TR\" \/>\n<meta property=\"og:description\" content=\"Bir kent, insanlar\u0131yla tan\u0131n\u0131r. Kente emek veren, sevgisini katan kent sevdal\u0131lar\u0131 vard\u0131r. Bekir Alg\u00fcll\u00fc o kent sevdal\u0131lar\u0131ndan biridir.\" \/>\n<meta property=\"og:url\" content=\"https:\/\/epochtimestr.com\/index.php\/lider-ruhlu-insan2\" \/>\n<meta property=\"og:site_name\" content=\"The Epoch Times TR\" \/>\n<meta property=\"article:publisher\" content=\"https:\/\/www.facebook.com\/theepochtimestr\" \/>\n<meta property=\"article:published_time\" content=\"2026-04-04T05:30:00+00:00\" \/>\n<meta property=\"article:modified_time\" content=\"2026-04-04T10:39:51+00:00\" \/>\n<meta property=\"og:image\" content=\"https:\/\/epochtimestr.com\/wp-content\/uploads\/2011y\/THE-EPOCH-TIMES-TR-1.jpg\" \/>\n\t<meta property=\"og:image:width\" content=\"1200\" \/>\n\t<meta property=\"og:image:height\" content=\"630\" \/>\n\t<meta property=\"og:image:type\" content=\"image\/jpeg\" \/>\n<meta name=\"author\" content=\"Bekir Zorba\" \/>\n<meta name=\"twitter:card\" content=\"summary_large_image\" \/>\n<meta name=\"twitter:creator\" content=\"@TheEpochTimesTR\" \/>\n<meta name=\"twitter:site\" content=\"@TheEpochTimesTR\" \/>\n<meta name=\"twitter:label1\" content=\"Yazan:\" \/>\n\t<meta name=\"twitter:data1\" content=\"Bekir Zorba\" \/>\n\t<meta name=\"twitter:label2\" content=\"Tahmini okuma s\u00fcresi\" \/>\n\t<meta name=\"twitter:data2\" content=\"4 dakika\" \/>\n<script type=\"application\/ld+json\" class=\"yoast-schema-graph\">{\"@context\":\"https:\/\/schema.org\",\"@graph\":[{\"@type\":\"Article\",\"@id\":\"https:\/\/epochtimestr.com\/index.php\/lider-ruhlu-insan2#article\",\"isPartOf\":{\"@id\":\"https:\/\/epochtimestr.com\/index.php\/lider-ruhlu-insan2\"},\"author\":{\"name\":\"Bekir Zorba\",\"@id\":\"https:\/\/epochtimestr.com\/#\/schema\/person\/da1ad104599611965442ed3e7e9acb2b\"},\"headline\":\"Lider Ruhlu \u0130nsan\",\"datePublished\":\"2026-04-04T05:30:00+00:00\",\"dateModified\":\"2026-04-04T10:39:51+00:00\",\"mainEntityOfPage\":{\"@id\":\"https:\/\/epochtimestr.com\/index.php\/lider-ruhlu-insan2\"},\"wordCount\":761,\"commentCount\":0,\"publisher\":{\"@id\":\"https:\/\/epochtimestr.com\/#organization\"},\"image\":{\"@id\":\"https:\/\/epochtimestr.com\/index.php\/lider-ruhlu-insan2#primaryimage\"},\"thumbnailUrl\":\"https:\/\/epochtimestr.com\/wp-content\/uploads\/2011y\/Bekir-Zorba.png\",\"articleSection\":[\"K\u00f6\u015fe Yaz\u0131lar\u0131 Bekir Zorba\"],\"inLanguage\":\"tr\",\"potentialAction\":[{\"@type\":\"CommentAction\",\"name\":\"Comment\",\"target\":[\"https:\/\/epochtimestr.com\/index.php\/lider-ruhlu-insan2#respond\"]}]},{\"@type\":\"WebPage\",\"@id\":\"https:\/\/epochtimestr.com\/index.php\/lider-ruhlu-insan2\",\"url\":\"https:\/\/epochtimestr.com\/index.php\/lider-ruhlu-insan2\",\"name\":\"Lider Ruhlu \u0130nsan - The Epoch Times TR\",\"isPartOf\":{\"@id\":\"https:\/\/epochtimestr.com\/#website\"},\"primaryImageOfPage\":{\"@id\":\"https:\/\/epochtimestr.com\/index.php\/lider-ruhlu-insan2#primaryimage\"},\"image\":{\"@id\":\"https:\/\/epochtimestr.com\/index.php\/lider-ruhlu-insan2#primaryimage\"},\"thumbnailUrl\":\"https:\/\/epochtimestr.com\/wp-content\/uploads\/2011y\/Bekir-Zorba.png\",\"datePublished\":\"2026-04-04T05:30:00+00:00\",\"dateModified\":\"2026-04-04T10:39:51+00:00\",\"description\":\"Bir kent, insanlar\u0131yla tan\u0131n\u0131r. Kente emek veren, sevgisini katan kent sevdal\u0131lar\u0131 vard\u0131r. Bekir Alg\u00fcll\u00fc o kent sevdal\u0131lar\u0131ndan biridir.\",\"inLanguage\":\"tr\",\"potentialAction\":[{\"@type\":\"ReadAction\",\"target\":[\"https:\/\/epochtimestr.com\/index.php\/lider-ruhlu-insan2\"]}]},{\"@type\":\"ImageObject\",\"inLanguage\":\"tr\",\"@id\":\"https:\/\/epochtimestr.com\/index.php\/lider-ruhlu-insan2#primaryimage\",\"url\":\"https:\/\/epochtimestr.com\/wp-content\/uploads\/2011y\/Bekir-Zorba.png\",\"contentUrl\":\"https:\/\/epochtimestr.com\/wp-content\/uploads\/2011y\/Bekir-Zorba.png\",\"width\":600,\"height\":600},{\"@type\":\"WebSite\",\"@id\":\"https:\/\/epochtimestr.com\/#website\",\"url\":\"https:\/\/epochtimestr.com\/\",\"name\":\"The Epoch Times TR\",\"description\":\"De\u011fi\u015fen D\u00fcnyam\u0131za Taze Bir Bak\u0131\u015f\",\"publisher\":{\"@id\":\"https:\/\/epochtimestr.com\/#organization\"},\"potentialAction\":[{\"@type\":\"SearchAction\",\"target\":{\"@type\":\"EntryPoint\",\"urlTemplate\":\"https:\/\/epochtimestr.com\/?s={search_term_string}\"},\"query-input\":\"required name=search_term_string\"}],\"inLanguage\":\"tr\"},{\"@type\":\"Organization\",\"@id\":\"https:\/\/epochtimestr.com\/#organization\",\"name\":\"The EpochTimes T\u00fcrkiye\",\"url\":\"https:\/\/epochtimestr.com\/\",\"logo\":{\"@type\":\"ImageObject\",\"inLanguage\":\"tr\",\"@id\":\"https:\/\/epochtimestr.com\/#\/schema\/logo\/image\/\",\"url\":\"https:\/\/epochtimestr.com\/wp-content\/uploads\/2011y\/ET-Logo-YG.jpg\",\"contentUrl\":\"https:\/\/epochtimestr.com\/wp-content\/uploads\/2011y\/ET-Logo-YG.jpg\",\"width\":346,\"height\":29,\"caption\":\"The EpochTimes T\u00fcrkiye\"},\"image\":{\"@id\":\"https:\/\/epochtimestr.com\/#\/schema\/logo\/image\/\"},\"sameAs\":[\"https:\/\/www.facebook.com\/theepochtimestr\",\"https:\/\/x.com\/TheEpochTimesTR\",\"https:\/\/www.instagram.com\/epochtimestr\"]},{\"@type\":\"Person\",\"@id\":\"https:\/\/epochtimestr.com\/#\/schema\/person\/da1ad104599611965442ed3e7e9acb2b\",\"name\":\"Bekir Zorba\",\"image\":{\"@type\":\"ImageObject\",\"inLanguage\":\"tr\",\"@id\":\"https:\/\/epochtimestr.com\/#\/schema\/person\/image\/\",\"url\":\"https:\/\/secure.gravatar.com\/avatar\/eafd40d9b77b1fbf7c565a3d4916b79c?s=96&d=mm&r=g\",\"contentUrl\":\"https:\/\/secure.gravatar.com\/avatar\/eafd40d9b77b1fbf7c565a3d4916b79c?s=96&d=mm&r=g\",\"caption\":\"Bekir Zorba\"},\"url\":\"https:\/\/epochtimestr.com\/index.php\/author\/bekir\"}]}<\/script>\n<!-- \/ Yoast SEO plugin. -->","yoast_head_json":{"title":"Lider Ruhlu \u0130nsan - The Epoch Times TR","description":"Bir kent, insanlar\u0131yla tan\u0131n\u0131r. Kente emek veren, sevgisini katan kent sevdal\u0131lar\u0131 vard\u0131r. Bekir Alg\u00fcll\u00fc o kent sevdal\u0131lar\u0131ndan biridir.","robots":{"index":"index","follow":"follow","max-snippet":"max-snippet:-1","max-image-preview":"max-image-preview:large","max-video-preview":"max-video-preview:-1"},"canonical":"https:\/\/epochtimestr.com\/index.php\/lider-ruhlu-insan2","og_locale":"tr_TR","og_type":"article","og_title":"Lider Ruhlu \u0130nsan - The Epoch Times TR","og_description":"Bir kent, insanlar\u0131yla tan\u0131n\u0131r. Kente emek veren, sevgisini katan kent sevdal\u0131lar\u0131 vard\u0131r. Bekir Alg\u00fcll\u00fc o kent sevdal\u0131lar\u0131ndan biridir.","og_url":"https:\/\/epochtimestr.com\/index.php\/lider-ruhlu-insan2","og_site_name":"The Epoch Times TR","article_publisher":"https:\/\/www.facebook.com\/theepochtimestr","article_published_time":"2026-04-04T05:30:00+00:00","article_modified_time":"2026-04-04T10:39:51+00:00","og_image":[{"width":1200,"height":630,"url":"https:\/\/epochtimestr.com\/wp-content\/uploads\/2011y\/THE-EPOCH-TIMES-TR-1.jpg","type":"image\/jpeg"}],"author":"Bekir Zorba","twitter_card":"summary_large_image","twitter_creator":"@TheEpochTimesTR","twitter_site":"@TheEpochTimesTR","twitter_misc":{"Yazan:":"Bekir Zorba","Tahmini okuma s\u00fcresi":"4 dakika"},"schema":{"@context":"https:\/\/schema.org","@graph":[{"@type":"Article","@id":"https:\/\/epochtimestr.com\/index.php\/lider-ruhlu-insan2#article","isPartOf":{"@id":"https:\/\/epochtimestr.com\/index.php\/lider-ruhlu-insan2"},"author":{"name":"Bekir Zorba","@id":"https:\/\/epochtimestr.com\/#\/schema\/person\/da1ad104599611965442ed3e7e9acb2b"},"headline":"Lider Ruhlu \u0130nsan","datePublished":"2026-04-04T05:30:00+00:00","dateModified":"2026-04-04T10:39:51+00:00","mainEntityOfPage":{"@id":"https:\/\/epochtimestr.com\/index.php\/lider-ruhlu-insan2"},"wordCount":761,"commentCount":0,"publisher":{"@id":"https:\/\/epochtimestr.com\/#organization"},"image":{"@id":"https:\/\/epochtimestr.com\/index.php\/lider-ruhlu-insan2#primaryimage"},"thumbnailUrl":"https:\/\/epochtimestr.com\/wp-content\/uploads\/2011y\/Bekir-Zorba.png","articleSection":["K\u00f6\u015fe Yaz\u0131lar\u0131 Bekir Zorba"],"inLanguage":"tr","potentialAction":[{"@type":"CommentAction","name":"Comment","target":["https:\/\/epochtimestr.com\/index.php\/lider-ruhlu-insan2#respond"]}]},{"@type":"WebPage","@id":"https:\/\/epochtimestr.com\/index.php\/lider-ruhlu-insan2","url":"https:\/\/epochtimestr.com\/index.php\/lider-ruhlu-insan2","name":"Lider Ruhlu \u0130nsan - The Epoch Times TR","isPartOf":{"@id":"https:\/\/epochtimestr.com\/#website"},"primaryImageOfPage":{"@id":"https:\/\/epochtimestr.com\/index.php\/lider-ruhlu-insan2#primaryimage"},"image":{"@id":"https:\/\/epochtimestr.com\/index.php\/lider-ruhlu-insan2#primaryimage"},"thumbnailUrl":"https:\/\/epochtimestr.com\/wp-content\/uploads\/2011y\/Bekir-Zorba.png","datePublished":"2026-04-04T05:30:00+00:00","dateModified":"2026-04-04T10:39:51+00:00","description":"Bir kent, insanlar\u0131yla tan\u0131n\u0131r. Kente emek veren, sevgisini katan kent sevdal\u0131lar\u0131 vard\u0131r. Bekir Alg\u00fcll\u00fc o kent sevdal\u0131lar\u0131ndan biridir.","inLanguage":"tr","potentialAction":[{"@type":"ReadAction","target":["https:\/\/epochtimestr.com\/index.php\/lider-ruhlu-insan2"]}]},{"@type":"ImageObject","inLanguage":"tr","@id":"https:\/\/epochtimestr.com\/index.php\/lider-ruhlu-insan2#primaryimage","url":"https:\/\/epochtimestr.com\/wp-content\/uploads\/2011y\/Bekir-Zorba.png","contentUrl":"https:\/\/epochtimestr.com\/wp-content\/uploads\/2011y\/Bekir-Zorba.png","width":600,"height":600},{"@type":"WebSite","@id":"https:\/\/epochtimestr.com\/#website","url":"https:\/\/epochtimestr.com\/","name":"The Epoch Times TR","description":"De\u011fi\u015fen D\u00fcnyam\u0131za Taze Bir Bak\u0131\u015f","publisher":{"@id":"https:\/\/epochtimestr.com\/#organization"},"potentialAction":[{"@type":"SearchAction","target":{"@type":"EntryPoint","urlTemplate":"https:\/\/epochtimestr.com\/?s={search_term_string}"},"query-input":"required name=search_term_string"}],"inLanguage":"tr"},{"@type":"Organization","@id":"https:\/\/epochtimestr.com\/#organization","name":"The EpochTimes T\u00fcrkiye","url":"https:\/\/epochtimestr.com\/","logo":{"@type":"ImageObject","inLanguage":"tr","@id":"https:\/\/epochtimestr.com\/#\/schema\/logo\/image\/","url":"https:\/\/epochtimestr.com\/wp-content\/uploads\/2011y\/ET-Logo-YG.jpg","contentUrl":"https:\/\/epochtimestr.com\/wp-content\/uploads\/2011y\/ET-Logo-YG.jpg","width":346,"height":29,"caption":"The EpochTimes T\u00fcrkiye"},"image":{"@id":"https:\/\/epochtimestr.com\/#\/schema\/logo\/image\/"},"sameAs":["https:\/\/www.facebook.com\/theepochtimestr","https:\/\/x.com\/TheEpochTimesTR","https:\/\/www.instagram.com\/epochtimestr"]},{"@type":"Person","@id":"https:\/\/epochtimestr.com\/#\/schema\/person\/da1ad104599611965442ed3e7e9acb2b","name":"Bekir Zorba","image":{"@type":"ImageObject","inLanguage":"tr","@id":"https:\/\/epochtimestr.com\/#\/schema\/person\/image\/","url":"https:\/\/secure.gravatar.com\/avatar\/eafd40d9b77b1fbf7c565a3d4916b79c?s=96&d=mm&r=g","contentUrl":"https:\/\/secure.gravatar.com\/avatar\/eafd40d9b77b1fbf7c565a3d4916b79c?s=96&d=mm&r=g","caption":"Bekir Zorba"},"url":"https:\/\/epochtimestr.com\/index.php\/author\/bekir"}]}},"_links":{"self":[{"href":"https:\/\/epochtimestr.com\/index.php\/wp-json\/wp\/v2\/posts\/166583"}],"collection":[{"href":"https:\/\/epochtimestr.com\/index.php\/wp-json\/wp\/v2\/posts"}],"about":[{"href":"https:\/\/epochtimestr.com\/index.php\/wp-json\/wp\/v2\/types\/post"}],"author":[{"embeddable":true,"href":"https:\/\/epochtimestr.com\/index.php\/wp-json\/wp\/v2\/users\/14001"}],"replies":[{"embeddable":true,"href":"https:\/\/epochtimestr.com\/index.php\/wp-json\/wp\/v2\/comments?post=166583"}],"version-history":[{"count":1,"href":"https:\/\/epochtimestr.com\/index.php\/wp-json\/wp\/v2\/posts\/166583\/revisions"}],"predecessor-version":[{"id":166585,"href":"https:\/\/epochtimestr.com\/index.php\/wp-json\/wp\/v2\/posts\/166583\/revisions\/166585"}],"wp:featuredmedia":[{"embeddable":true,"href":"https:\/\/epochtimestr.com\/index.php\/wp-json\/wp\/v2\/media\/161038"}],"wp:attachment":[{"href":"https:\/\/epochtimestr.com\/index.php\/wp-json\/wp\/v2\/media?parent=166583"}],"wp:term":[{"taxonomy":"category","embeddable":true,"href":"https:\/\/epochtimestr.com\/index.php\/wp-json\/wp\/v2\/categories?post=166583"},{"taxonomy":"post_tag","embeddable":true,"href":"https:\/\/epochtimestr.com\/index.php\/wp-json\/wp\/v2\/tags?post=166583"}],"curies":[{"name":"wp","href":"https:\/\/api.w.org\/{rel}","templated":true}]}}