{"id":166590,"date":"2026-04-04T13:46:10","date_gmt":"2026-04-04T10:46:10","guid":{"rendered":"https:\/\/epochtimestr.com\/?p=166590"},"modified":"2026-04-06T13:14:45","modified_gmt":"2026-04-06T10:14:45","slug":"antakyanin-ruhu-mersinde-fotograflarla-canlandi","status":"publish","type":"post","link":"https:\/\/epochtimestr.com\/index.php\/antakyanin-ruhu-mersinde-fotograflarla-canlandi","title":{"rendered":"Antakya\u2019n\u0131n Ruhu Mersin\u2019de Foto\u011fraflarla Canland\u0131"},"content":{"rendered":"<div class=\"wp-block-image\">\n<figure class=\"aligncenter size-full is-resized\"><img loading=\"lazy\" decoding=\"async\" width=\"1447\" height=\"814\" src=\"https:\/\/epochtimestr.com\/wp-content\/uploads\/2011y\/Gumus-takilar-ve-siyah-boncuklar2.png\" alt=\"\" class=\"wp-image-166591\" style=\"width:840px;height:auto\" srcset=\"https:\/\/epochtimestr.com\/wp-content\/uploads\/2011y\/Gumus-takilar-ve-siyah-boncuklar2.png 1447w, https:\/\/epochtimestr.com\/wp-content\/uploads\/2011y\/Gumus-takilar-ve-siyah-boncuklar2-300x169.png 300w, https:\/\/epochtimestr.com\/wp-content\/uploads\/2011y\/Gumus-takilar-ve-siyah-boncuklar2-150x84.png 150w, https:\/\/epochtimestr.com\/wp-content\/uploads\/2011y\/Gumus-takilar-ve-siyah-boncuklar2-768x432.png 768w\" sizes=\"(max-width: 1447px) 100vw, 1447px\" \/><figcaption class=\"wp-element-caption\">Foto\u011fraf: \u0130stanbul ODT\u00dc Mezunlar\u0131 Derne\u011fi FOTOGRAF \u00c7ALI\u015eMA GURUBU (F\u00c7G) \u00fcyesi K.Sina D\u00fclger&#8217;e aittir.<\/figcaption><\/figure><\/div>\n\n\n<p>\u0130stanbul ODT\u00dc Mezunlar\u0131 Derne\u011fi Foto\u011fraf \u00c7al\u0131\u015fma Grubu\u2019nun 2018 ve 2019 y\u0131llar\u0131nda\u00a0Kutsal Hafta ve Paskalya Bayram\u0131 kapsam\u0131nda Antakya\u2019da \u00e7ektikleri foto\u011fraflar Mersin Kent Konseyi\u2019nde (MKK) sanatseverlerle bulu\u015ftu.<strong> <\/strong>Foto\u011fraf \u00e7al\u0131\u015fmas\u0131nda yer alan ve ayn\u0131 zamanda Mersin Kent Konseyi, K\u00fclt\u00fcr-Sanat \u00c7al\u0131\u015fma Grubu \u00fcyesi ve Mersin ODT\u00dc Mezunlar\u0131 Derne\u011fi Ba\u015fkan\u0131 Abdullah Sert\u2019in koordinat\u00f6rl\u00fc\u011f\u00fcnde ger\u00e7ekle\u015ftirilen sergiye, Mersin ODT\u00dc Mezunlar\u0131 Derne\u011fi de destek verdi. Sergiye MKK Ba\u015fkan\u0131 Alper Girge\u00e7, MBB MKK \u015eube M\u00fcd\u00fcr\u00fc Rakibe Er ve MKK K\u00fclt\u00fcr-Sanat \u00c7al\u0131\u015fma Grubu S\u00f6zc\u00fcs\u00fc Monika Kuki\u2019nin yan\u0131 s\u0131ra Mersin Rum Ortodoks Kilisesi Rahibi \u0130spir Teymur ile Mersin\u2019de misafir olarak bulunan Antakya Aziz Pavlus Ortodoks Kilisesi Rahibi Can Dell\u00fcler de kat\u0131ld\u0131. Antakya\u2019n\u0131n y\u0131k\u0131lmadan \u00f6nceki halinin yer ald\u0131\u011f\u0131 ve Antakya&#8217;n\u0131n bir arada ya\u015fama k\u00fclt\u00fcr\u00fcn\u00fc yans\u0131tan kareler foto\u011fraf severlere duygu dolu anlar ya\u015fatt\u0131.<\/p>\n\n\n<div class=\"wp-block-image\">\n<figure class=\"aligncenter size-full\"><img loading=\"lazy\" decoding=\"async\" width=\"1600\" height=\"1200\" src=\"https:\/\/epochtimestr.com\/wp-content\/uploads\/2011y\/Abdullah-Sert.jpg\" alt=\"\" class=\"wp-image-166595\" srcset=\"https:\/\/epochtimestr.com\/wp-content\/uploads\/2011y\/Abdullah-Sert.jpg 1600w, https:\/\/epochtimestr.com\/wp-content\/uploads\/2011y\/Abdullah-Sert-300x225.jpg 300w, https:\/\/epochtimestr.com\/wp-content\/uploads\/2011y\/Abdullah-Sert-150x113.jpg 150w, https:\/\/epochtimestr.com\/wp-content\/uploads\/2011y\/Abdullah-Sert-768x576.jpg 768w, https:\/\/epochtimestr.com\/wp-content\/uploads\/2011y\/Abdullah-Sert-1536x1152.jpg 1536w, https:\/\/epochtimestr.com\/wp-content\/uploads\/2011y\/Abdullah-Sert-86x64.jpg 86w\" sizes=\"(max-width: 1600px) 100vw, 1600px\" \/><figcaption class=\"wp-element-caption\">ODT\u00dc \u0130stanbul Mezunlar\u0131 Derne\u011fi Foto\u011fraf \u00c7al\u0131\u015fma Grubu Koordinat\u00f6r\u00fc Abdullah Sert (Foto\u011fraf: G. Hakan Ko\u00e7man, The Epoch Times TR)<\/figcaption><\/figure><\/div>\n\n\n<h3 class=\"wp-block-heading\"><strong>\u201cO g\u00fcnlerde hi\u00e7birimiz tarihe not d\u00fc\u015ft\u00fc\u011f\u00fcm\u00fcz\u00fcn fark\u0131nda de\u011fildik\u201d<\/strong><\/h3>\n\n\n\n<p>Serginin a\u00e7\u0131l\u0131\u015f\u0131nda yap\u0131lan projeksiyon g\u00f6sterisi \u00f6ncesinde konu\u015fan Abdullah Sert, 2018 y\u0131l\u0131nda yap\u0131lan foto\u011fraf \u00e7al\u0131\u015fmas\u0131 ile ilgili bilgi verdi. Yakla\u015f\u0131k 20 ki\u015filik bir ekiple o g\u00fcn Antakya&#8217;y\u0131 foto\u011fraflad\u0131klar\u0131n\u0131 s\u00f6yleyen Sert, \u201cO g\u00fcnlerde hi\u00e7birimiz tarihe not d\u00fc\u015ft\u00fc\u011f\u00fcm\u00fcz\u00fcn fark\u0131nda de\u011fildik.\u201d dedi.<\/p>\n\n\n\n<p>MKK Ba\u015fkan\u0131 Alper Girge\u00e7 ise yapt\u0131\u011f\u0131 konu\u015fmada bir Hatayl\u0131 olarak bu projelerin i\u00e7erisinde yer alman\u0131n kendisi i\u00e7in \u00e7ok de\u011ferli oldu\u011funu ifade etti. MKK\u2019ya yeni kazand\u0131rd\u0131klar\u0131 salonda b\u00f6yle bir etkinli\u011fi yapman\u0131n kendisini mutlu etti\u011fini s\u00f6yleyen Girge\u00e7, etkinlikte eme\u011fi ge\u00e7enlere te\u015fekk\u00fcr etti.<\/p>\n\n\n<div class=\"wp-block-image\">\n<figure class=\"aligncenter size-full is-resized\"><img loading=\"lazy\" decoding=\"async\" width=\"1600\" height=\"1200\" src=\"https:\/\/epochtimestr.com\/wp-content\/uploads\/2011y\/Teymur-Ispir.jpeg\" alt=\"\" class=\"wp-image-166593\" style=\"width:840px;height:auto\" srcset=\"https:\/\/epochtimestr.com\/wp-content\/uploads\/2011y\/Teymur-Ispir.jpeg 1600w, https:\/\/epochtimestr.com\/wp-content\/uploads\/2011y\/Teymur-Ispir-300x225.jpeg 300w, https:\/\/epochtimestr.com\/wp-content\/uploads\/2011y\/Teymur-Ispir-150x113.jpeg 150w, https:\/\/epochtimestr.com\/wp-content\/uploads\/2011y\/Teymur-Ispir-768x576.jpeg 768w, https:\/\/epochtimestr.com\/wp-content\/uploads\/2011y\/Teymur-Ispir-1536x1152.jpeg 1536w, https:\/\/epochtimestr.com\/wp-content\/uploads\/2011y\/Teymur-Ispir-86x64.jpeg 86w\" sizes=\"(max-width: 1600px) 100vw, 1600px\" \/><figcaption class=\"wp-element-caption\">Mersin Rum Ortodoks Kilisesi Rahibi \u0130spirTeymur (Foto\u011fraf: G. Hakan Ko\u00e7man, The Epoch Times TR)<\/figcaption><\/figure><\/div>\n\n\n<h3 class=\"wp-block-heading\">\u201cAntakya Hristiyanl\u0131k tarihi a\u00e7\u0131s\u0131ndan \u00e7ok \u00f6nemli bir merkez\u201d<\/h3>\n\n\n\n<p>Foto\u011fraf g\u00f6sterisinden sonra Mersin Rum Ortodoks Kilisesi Rahibi \u0130spir Teymur bir konu\u015fma yapmas\u0131 i\u00e7in sahneye davet edildi. Rahip Teymur bir \u0130skenderunlu olarak 21 y\u0131ld\u0131r Mersin\u2019de ruhani g\u00f6rev yapt\u0131\u011f\u0131n\u0131 ifade etti. 2023&#8217;teki 6 \u015eubat depreminden sonra 2.000 y\u0131ll\u0131k Hristiyan var olu\u015funun t\u00fcm k\u00fclt\u00fcr varl\u0131klar\u0131n\u0131n y\u0131k\u0131ld\u0131\u011f\u0131n\u0131 s\u00f6yleyen Teymur, Hristiyanl\u0131\u011f\u0131n ilk d\u00f6nemlerinden beri Antakya&#8217;n\u0131n Hristiyanl\u0131k tarihi a\u00e7\u0131s\u0131ndan \u00e7ok \u00f6nemli bir merkez oldu\u011funu belirtti. H\u00fck\u00fcmetin himmetiyle Hatay\u2019\u0131n eski tarihi yap\u0131s\u0131na kavu\u015faca\u011f\u0131n\u0131 umduklar\u0131n\u0131 s\u00f6yleyen Teymur, \u201cOrada da\u011f\u0131lan cemaatimiz de \u00e7evre yerlere da\u011f\u0131lan cemaatimiz de tekrar o g\u00fczel tarihlerini devam ettirmek \u00fczere kendi \u015fehirlerine giderler ve b\u00f6ylesi g\u00fczellikleri in\u015fallah daha nice y\u0131llarda ya\u015farlar. Bunun temennisini y\u00fcce Rabbimizden diliyoruz.\u201d dedi.\u00a0<\/p>\n\n\n<div class=\"wp-block-image\">\n<figure class=\"aligncenter size-full is-resized\"><img loading=\"lazy\" decoding=\"async\" width=\"1600\" height=\"1200\" src=\"https:\/\/epochtimestr.com\/wp-content\/uploads\/2011y\/Cem-Delluler.jpg\" alt=\"\" class=\"wp-image-166592\" style=\"width:840px;height:auto\" srcset=\"https:\/\/epochtimestr.com\/wp-content\/uploads\/2011y\/Cem-Delluler.jpg 1600w, https:\/\/epochtimestr.com\/wp-content\/uploads\/2011y\/Cem-Delluler-300x225.jpg 300w, https:\/\/epochtimestr.com\/wp-content\/uploads\/2011y\/Cem-Delluler-150x113.jpg 150w, https:\/\/epochtimestr.com\/wp-content\/uploads\/2011y\/Cem-Delluler-768x576.jpg 768w, https:\/\/epochtimestr.com\/wp-content\/uploads\/2011y\/Cem-Delluler-1536x1152.jpg 1536w, https:\/\/epochtimestr.com\/wp-content\/uploads\/2011y\/Cem-Delluler-86x64.jpg 86w\" sizes=\"(max-width: 1600px) 100vw, 1600px\" \/><figcaption class=\"wp-element-caption\">Antakya Aziz Pavlus Ortodoks Kilisesi Rahibi Cem Dell\u00fcler (Foto\u011fraf: G. Hakan Ko\u00e7man, The Epoch Times TR)<\/figcaption><\/figure><\/div>\n\n\n<h3 class=\"wp-block-heading\">\u201cAntakya sadece bir \u015fehir de\u011fil, bir medeniyetti\u201d<\/h3>\n\n\n\n<p>\u0130spir Teymur&#8217;dan sonra konu\u015fan Antakya Aziz Pavlus Kilisesi Rahibi Can Dell\u00fcler, o g\u00fcn ya\u015fad\u0131klar\u0131 g\u00fcnleri do\u011fal ya\u015famlar\u0131n\u0131n bir par\u00e7as\u0131 olarak normal bir g\u00fcn olarak g\u00f6rd\u00fcklerini, ancak o g\u00fcnleri kaybettikten sonra ne kadar b\u00fcy\u00fck bir zenginli\u011fi, k\u00fclt\u00fcr\u00fc ve m\u00fccevherat\u0131 kaybettiklerini anlad\u0131klar\u0131n\u0131 s\u00f6yledi. Dell\u00fcler, \u201cAntakya sadece bir \u015fehir de\u011fildi. Antakya bir medeniyetti. Bir kutsall\u0131kt\u0131. \u00dc\u00e7 semavi dinin bir arada ya\u015fad\u0131\u011f\u0131 ve ortak paydada bulu\u015ftu\u011fu d\u00fcnyadaki ender yerlerden bir tanesiydi.\u201d dedi.<\/p>\n\n\n\n<p>Antakya Medeniyetler Korosu\u2019nda da koristlik yapt\u0131\u011f\u0131n\u0131 ifade eden Rahip Dell\u00fcler, koro ile pek \u00e7ok Avrupa \u00fclkesine gitti\u011fini,\u00a0ama her seferinde sarf etti\u011fi c\u00fcmlenin, &#8220;Benim memleketim her yerden daha \u00fcst\u00fcnd\u00fcr.&#8221; oldu\u011funu s\u00f6yledi. Avrupa&#8217;ya gitti\u011finde g\u00f6rd\u00fc\u011f\u00fc \u015feyin medeniyet de\u011fil, kurallar oldu\u011funu s\u00f6yleyen Dell\u00fcler, \u201cBiz koro olarak medeni denilen yerlere asl\u0131nda medeniyet g\u00f6t\u00fcrd\u00fck. \u00c7\u00fcnk\u00fc orada ortakla\u015fa k\u00fclt\u00fcr yoktu. Kurallar vard\u0131 ve kurallara uyan bir toplum vard\u0131. Oysa biz ger\u00e7ekten Antakya&#8217;da veya tarihi ismiyle Antioch\u2019ta bir k\u00fclt\u00fcrd\u00fck. Biz sevgiydik. Antakyal\u0131lar\u0131n sermayesi maddi de\u011fildi, maneviydi. Sevgi ve g\u00fcvendi. \u0130n\u015fallah tekrar o g\u00fcnlere d\u00f6neriz.\u201d dedi.<\/p>\n\n\n<div class=\"wp-block-image\">\n<figure class=\"aligncenter size-full\"><img loading=\"lazy\" decoding=\"async\" width=\"1600\" height=\"1200\" src=\"https:\/\/epochtimestr.com\/wp-content\/uploads\/2011y\/WhatsApp-Image-2026-04-03-at-23.23.33.jpeg\" alt=\"\" class=\"wp-image-166596\" srcset=\"https:\/\/epochtimestr.com\/wp-content\/uploads\/2011y\/WhatsApp-Image-2026-04-03-at-23.23.33.jpeg 1600w, https:\/\/epochtimestr.com\/wp-content\/uploads\/2011y\/WhatsApp-Image-2026-04-03-at-23.23.33-300x225.jpeg 300w, https:\/\/epochtimestr.com\/wp-content\/uploads\/2011y\/WhatsApp-Image-2026-04-03-at-23.23.33-150x113.jpeg 150w, https:\/\/epochtimestr.com\/wp-content\/uploads\/2011y\/WhatsApp-Image-2026-04-03-at-23.23.33-768x576.jpeg 768w, https:\/\/epochtimestr.com\/wp-content\/uploads\/2011y\/WhatsApp-Image-2026-04-03-at-23.23.33-1536x1152.jpeg 1536w, https:\/\/epochtimestr.com\/wp-content\/uploads\/2011y\/WhatsApp-Image-2026-04-03-at-23.23.33-86x64.jpeg 86w\" sizes=\"(max-width: 1600px) 100vw, 1600px\" \/><figcaption class=\"wp-element-caption\">MKK Ba\u015fkan\u0131 Alper Girge\u00e7 ve Yan Fl\u00fct Sanat\u00e7\u0131s\u0131 Cansu Dalanay (Foto\u011fraf: G. Hakan Ko\u00e7man, The Epoch Times TR)<\/figcaption><\/figure><\/div>\n\n\n<p>Her iki rahibin konu\u015fmas\u0131n\u0131n ard\u0131ndan kendisi de bir Hatayl\u0131 olan yan fl\u00fct sanat\u00e7\u0131s\u0131 Cansu Dalo\u011flu&#8217;nun mini konser\u0130 ile serginin a\u00e7\u0131l\u0131\u015f etkinli\u011fi sona erdi. MKK Ba\u015fkan\u0131 Girge\u00e7, konserden sonra Cansu Dalanay&#8217;a \u00e7i\u00e7ek takdim etti.<\/p>\n","protected":false},"excerpt":{"rendered":"<p>\u0130stanbul ODT\u00dc Mezunlar\u0131 Derne\u011fi Foto\u011fraf \u00c7al\u0131\u015fma Grubu\u2019nun 2018 ve 2019 y\u0131llar\u0131nda\u00a0Kutsal Hafta ve Paskalya Bayram\u0131 kapsam\u0131nda Antakya\u2019da \u00e7ektikleri foto\u011fraflar Mersin Kent Konseyi\u2019nde (MKK) sanatseverlerle bulu\u015ftu. Foto\u011fraf \u00e7al\u0131\u015fmas\u0131nda yer alan ve ayn\u0131 zamanda Mersin Kent Konseyi, K\u00fclt\u00fcr-Sanat \u00c7al\u0131\u015fma Grubu \u00fcyesi ve Mersin ODT\u00dc Mezunlar\u0131 Derne\u011fi Ba\u015fkan\u0131 Abdullah Sert\u2019in koordinat\u00f6rl\u00fc\u011f\u00fcnde ger\u00e7ekle\u015ftirilen sergiye, Mersin ODT\u00dc Mezunlar\u0131 Derne\u011fi de [&hellip;]<\/p>\n","protected":false},"author":22,"featured_media":166603,"comment_status":"open","ping_status":"open","sticky":false,"template":"","format":"standard","meta":{"_yoast_wpseo_focuskw":"Antakya - Mersin","_yoast_wpseo_title":"","_yoast_wpseo_metadesc":"\u0130stanbul ODT\u00dc Mezunlar\u0131 Derne\u011fi Foto\u011fraf \u00c7al\u0131\u015fma Grubu\u2019nun Antakya foto\u011fraflar\u0131 Mersin Kent Konseyi\u2019nde sanatseverlerle bulu\u015ftu.","_bbp_topic_count":0,"_bbp_reply_count":0,"_bbp_total_topic_count":0,"_bbp_total_reply_count":0,"_bbp_voice_count":0,"_bbp_anonymous_reply_count":0,"_bbp_topic_count_hidden":0,"_bbp_reply_count_hidden":0,"_bbp_forum_subforum_count":0,"footnotes":"","_yoast_wpseo_focuskw_text_input":""},"categories":[1,8138,8206,8190],"tags":[],"yoast_head":"<!-- This site is optimized with the Yoast SEO plugin v23.0 - https:\/\/yoast.com\/wordpress\/plugins\/seo\/ -->\n<title>Antakya\u2019n\u0131n Ruhu Mersin\u2019de Foto\u011fraflarla Canland\u0131 - The Epoch Times TR<\/title>\n<meta name=\"description\" content=\"\u0130stanbul ODT\u00dc Mezunlar\u0131 Derne\u011fi Foto\u011fraf \u00c7al\u0131\u015fma Grubu\u2019nun Antakya foto\u011fraflar\u0131 Mersin Kent Konseyi\u2019nde sanatseverlerle bulu\u015ftu.\" \/>\n<meta name=\"robots\" content=\"index, follow, max-snippet:-1, max-image-preview:large, max-video-preview:-1\" \/>\n<link rel=\"canonical\" href=\"https:\/\/epochtimestr.com\/index.php\/antakyanin-ruhu-mersinde-fotograflarla-canlandi\" \/>\n<meta property=\"og:locale\" content=\"tr_TR\" \/>\n<meta property=\"og:type\" content=\"article\" \/>\n<meta property=\"og:title\" content=\"Antakya\u2019n\u0131n Ruhu Mersin\u2019de Foto\u011fraflarla Canland\u0131 - The Epoch Times TR\" \/>\n<meta property=\"og:description\" content=\"\u0130stanbul ODT\u00dc Mezunlar\u0131 Derne\u011fi Foto\u011fraf \u00c7al\u0131\u015fma Grubu\u2019nun Antakya foto\u011fraflar\u0131 Mersin Kent Konseyi\u2019nde sanatseverlerle bulu\u015ftu.\" \/>\n<meta property=\"og:url\" content=\"https:\/\/epochtimestr.com\/index.php\/antakyanin-ruhu-mersinde-fotograflarla-canlandi\" \/>\n<meta property=\"og:site_name\" content=\"The Epoch Times TR\" \/>\n<meta property=\"article:publisher\" content=\"https:\/\/www.facebook.com\/theepochtimestr\" \/>\n<meta property=\"article:published_time\" content=\"2026-04-04T10:46:10+00:00\" \/>\n<meta property=\"article:modified_time\" content=\"2026-04-06T10:14:45+00:00\" \/>\n<meta property=\"og:image\" content=\"https:\/\/epochtimestr.com\/wp-content\/uploads\/2011y\/Gumus-takilar-ve-siyah-boncuklar3.png\" \/>\n\t<meta property=\"og:image:width\" content=\"1323\" \/>\n\t<meta property=\"og:image:height\" content=\"744\" \/>\n\t<meta property=\"og:image:type\" content=\"image\/png\" \/>\n<meta name=\"author\" content=\"G.Hakan Ko\u00e7man\" \/>\n<meta name=\"twitter:card\" content=\"summary_large_image\" \/>\n<meta name=\"twitter:creator\" content=\"@TheEpochTimesTR\" \/>\n<meta name=\"twitter:site\" content=\"@TheEpochTimesTR\" \/>\n<meta name=\"twitter:label1\" content=\"Yazan:\" \/>\n\t<meta name=\"twitter:data1\" content=\"G.Hakan Ko\u00e7man\" \/>\n\t<meta name=\"twitter:label2\" content=\"Tahmini okuma s\u00fcresi\" \/>\n\t<meta name=\"twitter:data2\" content=\"5 dakika\" \/>\n<script type=\"application\/ld+json\" class=\"yoast-schema-graph\">{\"@context\":\"https:\/\/schema.org\",\"@graph\":[{\"@type\":\"Article\",\"@id\":\"https:\/\/epochtimestr.com\/index.php\/antakyanin-ruhu-mersinde-fotograflarla-canlandi#article\",\"isPartOf\":{\"@id\":\"https:\/\/epochtimestr.com\/index.php\/antakyanin-ruhu-mersinde-fotograflarla-canlandi\"},\"author\":{\"name\":\"G.Hakan Ko\u00e7man\",\"@id\":\"https:\/\/epochtimestr.com\/#\/schema\/person\/b5509977c9a6cd729a3e74d9743d035b\"},\"headline\":\"Antakya\u2019n\u0131n Ruhu Mersin\u2019de Foto\u011fraflarla Canland\u0131\",\"datePublished\":\"2026-04-04T10:46:10+00:00\",\"dateModified\":\"2026-04-06T10:14:45+00:00\",\"mainEntityOfPage\":{\"@id\":\"https:\/\/epochtimestr.com\/index.php\/antakyanin-ruhu-mersinde-fotograflarla-canlandi\"},\"wordCount\":847,\"commentCount\":0,\"publisher\":{\"@id\":\"https:\/\/epochtimestr.com\/#organization\"},\"image\":{\"@id\":\"https:\/\/epochtimestr.com\/index.php\/antakyanin-ruhu-mersinde-fotograflarla-canlandi#primaryimage\"},\"thumbnailUrl\":\"https:\/\/epochtimestr.com\/wp-content\/uploads\/2011y\/Gumus-takilar-ve-siyah-boncuklar3.png\",\"articleSection\":[\"G\u00dcNDEM\",\"MAN\u015eET\",\"\u00d6ne \u00c7\u0131kan\",\"Sanat ve Gelenek\"],\"inLanguage\":\"tr\",\"potentialAction\":[{\"@type\":\"CommentAction\",\"name\":\"Comment\",\"target\":[\"https:\/\/epochtimestr.com\/index.php\/antakyanin-ruhu-mersinde-fotograflarla-canlandi#respond\"]}]},{\"@type\":\"WebPage\",\"@id\":\"https:\/\/epochtimestr.com\/index.php\/antakyanin-ruhu-mersinde-fotograflarla-canlandi\",\"url\":\"https:\/\/epochtimestr.com\/index.php\/antakyanin-ruhu-mersinde-fotograflarla-canlandi\",\"name\":\"Antakya\u2019n\u0131n Ruhu Mersin\u2019de Foto\u011fraflarla Canland\u0131 - The Epoch Times TR\",\"isPartOf\":{\"@id\":\"https:\/\/epochtimestr.com\/#website\"},\"primaryImageOfPage\":{\"@id\":\"https:\/\/epochtimestr.com\/index.php\/antakyanin-ruhu-mersinde-fotograflarla-canlandi#primaryimage\"},\"image\":{\"@id\":\"https:\/\/epochtimestr.com\/index.php\/antakyanin-ruhu-mersinde-fotograflarla-canlandi#primaryimage\"},\"thumbnailUrl\":\"https:\/\/epochtimestr.com\/wp-content\/uploads\/2011y\/Gumus-takilar-ve-siyah-boncuklar3.png\",\"datePublished\":\"2026-04-04T10:46:10+00:00\",\"dateModified\":\"2026-04-06T10:14:45+00:00\",\"description\":\"\u0130stanbul ODT\u00dc Mezunlar\u0131 Derne\u011fi Foto\u011fraf \u00c7al\u0131\u015fma Grubu\u2019nun Antakya foto\u011fraflar\u0131 Mersin Kent Konseyi\u2019nde sanatseverlerle bulu\u015ftu.\",\"inLanguage\":\"tr\",\"potentialAction\":[{\"@type\":\"ReadAction\",\"target\":[\"https:\/\/epochtimestr.com\/index.php\/antakyanin-ruhu-mersinde-fotograflarla-canlandi\"]}]},{\"@type\":\"ImageObject\",\"inLanguage\":\"tr\",\"@id\":\"https:\/\/epochtimestr.com\/index.php\/antakyanin-ruhu-mersinde-fotograflarla-canlandi#primaryimage\",\"url\":\"https:\/\/epochtimestr.com\/wp-content\/uploads\/2011y\/Gumus-takilar-ve-siyah-boncuklar3.png\",\"contentUrl\":\"https:\/\/epochtimestr.com\/wp-content\/uploads\/2011y\/Gumus-takilar-ve-siyah-boncuklar3.png\",\"width\":1323,\"height\":744},{\"@type\":\"WebSite\",\"@id\":\"https:\/\/epochtimestr.com\/#website\",\"url\":\"https:\/\/epochtimestr.com\/\",\"name\":\"The Epoch Times TR\",\"description\":\"De\u011fi\u015fen D\u00fcnyam\u0131za Taze Bir Bak\u0131\u015f\",\"publisher\":{\"@id\":\"https:\/\/epochtimestr.com\/#organization\"},\"potentialAction\":[{\"@type\":\"SearchAction\",\"target\":{\"@type\":\"EntryPoint\",\"urlTemplate\":\"https:\/\/epochtimestr.com\/?s={search_term_string}\"},\"query-input\":\"required name=search_term_string\"}],\"inLanguage\":\"tr\"},{\"@type\":\"Organization\",\"@id\":\"https:\/\/epochtimestr.com\/#organization\",\"name\":\"The EpochTimes T\u00fcrkiye\",\"url\":\"https:\/\/epochtimestr.com\/\",\"logo\":{\"@type\":\"ImageObject\",\"inLanguage\":\"tr\",\"@id\":\"https:\/\/epochtimestr.com\/#\/schema\/logo\/image\/\",\"url\":\"https:\/\/epochtimestr.com\/wp-content\/uploads\/2011y\/ET-Logo-YG.jpg\",\"contentUrl\":\"https:\/\/epochtimestr.com\/wp-content\/uploads\/2011y\/ET-Logo-YG.jpg\",\"width\":346,\"height\":29,\"caption\":\"The EpochTimes T\u00fcrkiye\"},\"image\":{\"@id\":\"https:\/\/epochtimestr.com\/#\/schema\/logo\/image\/\"},\"sameAs\":[\"https:\/\/www.facebook.com\/theepochtimestr\",\"https:\/\/x.com\/TheEpochTimesTR\",\"https:\/\/www.instagram.com\/epochtimestr\"]},{\"@type\":\"Person\",\"@id\":\"https:\/\/epochtimestr.com\/#\/schema\/person\/b5509977c9a6cd729a3e74d9743d035b\",\"name\":\"G.Hakan Ko\u00e7man\",\"image\":{\"@type\":\"ImageObject\",\"inLanguage\":\"tr\",\"@id\":\"https:\/\/epochtimestr.com\/#\/schema\/person\/image\/\",\"url\":\"https:\/\/secure.gravatar.com\/avatar\/e4eafee1ab5d1f4015c3930376b22ca8?s=96&d=mm&r=g\",\"contentUrl\":\"https:\/\/secure.gravatar.com\/avatar\/e4eafee1ab5d1f4015c3930376b22ca8?s=96&d=mm&r=g\",\"caption\":\"G.Hakan Ko\u00e7man\"},\"url\":\"https:\/\/epochtimestr.com\/index.php\/author\/hakan\"}]}<\/script>\n<!-- \/ Yoast SEO plugin. -->","yoast_head_json":{"title":"Antakya\u2019n\u0131n Ruhu Mersin\u2019de Foto\u011fraflarla Canland\u0131 - The Epoch Times TR","description":"\u0130stanbul ODT\u00dc Mezunlar\u0131 Derne\u011fi Foto\u011fraf \u00c7al\u0131\u015fma Grubu\u2019nun Antakya foto\u011fraflar\u0131 Mersin Kent Konseyi\u2019nde sanatseverlerle bulu\u015ftu.","robots":{"index":"index","follow":"follow","max-snippet":"max-snippet:-1","max-image-preview":"max-image-preview:large","max-video-preview":"max-video-preview:-1"},"canonical":"https:\/\/epochtimestr.com\/index.php\/antakyanin-ruhu-mersinde-fotograflarla-canlandi","og_locale":"tr_TR","og_type":"article","og_title":"Antakya\u2019n\u0131n Ruhu Mersin\u2019de Foto\u011fraflarla Canland\u0131 - The Epoch Times TR","og_description":"\u0130stanbul ODT\u00dc Mezunlar\u0131 Derne\u011fi Foto\u011fraf \u00c7al\u0131\u015fma Grubu\u2019nun Antakya foto\u011fraflar\u0131 Mersin Kent Konseyi\u2019nde sanatseverlerle bulu\u015ftu.","og_url":"https:\/\/epochtimestr.com\/index.php\/antakyanin-ruhu-mersinde-fotograflarla-canlandi","og_site_name":"The Epoch Times TR","article_publisher":"https:\/\/www.facebook.com\/theepochtimestr","article_published_time":"2026-04-04T10:46:10+00:00","article_modified_time":"2026-04-06T10:14:45+00:00","og_image":[{"width":1323,"height":744,"url":"https:\/\/epochtimestr.com\/wp-content\/uploads\/2011y\/Gumus-takilar-ve-siyah-boncuklar3.png","type":"image\/png"}],"author":"G.Hakan Ko\u00e7man","twitter_card":"summary_large_image","twitter_creator":"@TheEpochTimesTR","twitter_site":"@TheEpochTimesTR","twitter_misc":{"Yazan:":"G.Hakan Ko\u00e7man","Tahmini okuma s\u00fcresi":"5 dakika"},"schema":{"@context":"https:\/\/schema.org","@graph":[{"@type":"Article","@id":"https:\/\/epochtimestr.com\/index.php\/antakyanin-ruhu-mersinde-fotograflarla-canlandi#article","isPartOf":{"@id":"https:\/\/epochtimestr.com\/index.php\/antakyanin-ruhu-mersinde-fotograflarla-canlandi"},"author":{"name":"G.Hakan Ko\u00e7man","@id":"https:\/\/epochtimestr.com\/#\/schema\/person\/b5509977c9a6cd729a3e74d9743d035b"},"headline":"Antakya\u2019n\u0131n Ruhu Mersin\u2019de Foto\u011fraflarla Canland\u0131","datePublished":"2026-04-04T10:46:10+00:00","dateModified":"2026-04-06T10:14:45+00:00","mainEntityOfPage":{"@id":"https:\/\/epochtimestr.com\/index.php\/antakyanin-ruhu-mersinde-fotograflarla-canlandi"},"wordCount":847,"commentCount":0,"publisher":{"@id":"https:\/\/epochtimestr.com\/#organization"},"image":{"@id":"https:\/\/epochtimestr.com\/index.php\/antakyanin-ruhu-mersinde-fotograflarla-canlandi#primaryimage"},"thumbnailUrl":"https:\/\/epochtimestr.com\/wp-content\/uploads\/2011y\/Gumus-takilar-ve-siyah-boncuklar3.png","articleSection":["G\u00dcNDEM","MAN\u015eET","\u00d6ne \u00c7\u0131kan","Sanat ve Gelenek"],"inLanguage":"tr","potentialAction":[{"@type":"CommentAction","name":"Comment","target":["https:\/\/epochtimestr.com\/index.php\/antakyanin-ruhu-mersinde-fotograflarla-canlandi#respond"]}]},{"@type":"WebPage","@id":"https:\/\/epochtimestr.com\/index.php\/antakyanin-ruhu-mersinde-fotograflarla-canlandi","url":"https:\/\/epochtimestr.com\/index.php\/antakyanin-ruhu-mersinde-fotograflarla-canlandi","name":"Antakya\u2019n\u0131n Ruhu Mersin\u2019de Foto\u011fraflarla Canland\u0131 - The Epoch Times TR","isPartOf":{"@id":"https:\/\/epochtimestr.com\/#website"},"primaryImageOfPage":{"@id":"https:\/\/epochtimestr.com\/index.php\/antakyanin-ruhu-mersinde-fotograflarla-canlandi#primaryimage"},"image":{"@id":"https:\/\/epochtimestr.com\/index.php\/antakyanin-ruhu-mersinde-fotograflarla-canlandi#primaryimage"},"thumbnailUrl":"https:\/\/epochtimestr.com\/wp-content\/uploads\/2011y\/Gumus-takilar-ve-siyah-boncuklar3.png","datePublished":"2026-04-04T10:46:10+00:00","dateModified":"2026-04-06T10:14:45+00:00","description":"\u0130stanbul ODT\u00dc Mezunlar\u0131 Derne\u011fi Foto\u011fraf \u00c7al\u0131\u015fma Grubu\u2019nun Antakya foto\u011fraflar\u0131 Mersin Kent Konseyi\u2019nde sanatseverlerle bulu\u015ftu.","inLanguage":"tr","potentialAction":[{"@type":"ReadAction","target":["https:\/\/epochtimestr.com\/index.php\/antakyanin-ruhu-mersinde-fotograflarla-canlandi"]}]},{"@type":"ImageObject","inLanguage":"tr","@id":"https:\/\/epochtimestr.com\/index.php\/antakyanin-ruhu-mersinde-fotograflarla-canlandi#primaryimage","url":"https:\/\/epochtimestr.com\/wp-content\/uploads\/2011y\/Gumus-takilar-ve-siyah-boncuklar3.png","contentUrl":"https:\/\/epochtimestr.com\/wp-content\/uploads\/2011y\/Gumus-takilar-ve-siyah-boncuklar3.png","width":1323,"height":744},{"@type":"WebSite","@id":"https:\/\/epochtimestr.com\/#website","url":"https:\/\/epochtimestr.com\/","name":"The Epoch Times TR","description":"De\u011fi\u015fen D\u00fcnyam\u0131za Taze Bir Bak\u0131\u015f","publisher":{"@id":"https:\/\/epochtimestr.com\/#organization"},"potentialAction":[{"@type":"SearchAction","target":{"@type":"EntryPoint","urlTemplate":"https:\/\/epochtimestr.com\/?s={search_term_string}"},"query-input":"required name=search_term_string"}],"inLanguage":"tr"},{"@type":"Organization","@id":"https:\/\/epochtimestr.com\/#organization","name":"The EpochTimes T\u00fcrkiye","url":"https:\/\/epochtimestr.com\/","logo":{"@type":"ImageObject","inLanguage":"tr","@id":"https:\/\/epochtimestr.com\/#\/schema\/logo\/image\/","url":"https:\/\/epochtimestr.com\/wp-content\/uploads\/2011y\/ET-Logo-YG.jpg","contentUrl":"https:\/\/epochtimestr.com\/wp-content\/uploads\/2011y\/ET-Logo-YG.jpg","width":346,"height":29,"caption":"The EpochTimes T\u00fcrkiye"},"image":{"@id":"https:\/\/epochtimestr.com\/#\/schema\/logo\/image\/"},"sameAs":["https:\/\/www.facebook.com\/theepochtimestr","https:\/\/x.com\/TheEpochTimesTR","https:\/\/www.instagram.com\/epochtimestr"]},{"@type":"Person","@id":"https:\/\/epochtimestr.com\/#\/schema\/person\/b5509977c9a6cd729a3e74d9743d035b","name":"G.Hakan Ko\u00e7man","image":{"@type":"ImageObject","inLanguage":"tr","@id":"https:\/\/epochtimestr.com\/#\/schema\/person\/image\/","url":"https:\/\/secure.gravatar.com\/avatar\/e4eafee1ab5d1f4015c3930376b22ca8?s=96&d=mm&r=g","contentUrl":"https:\/\/secure.gravatar.com\/avatar\/e4eafee1ab5d1f4015c3930376b22ca8?s=96&d=mm&r=g","caption":"G.Hakan Ko\u00e7man"},"url":"https:\/\/epochtimestr.com\/index.php\/author\/hakan"}]}},"_links":{"self":[{"href":"https:\/\/epochtimestr.com\/index.php\/wp-json\/wp\/v2\/posts\/166590"}],"collection":[{"href":"https:\/\/epochtimestr.com\/index.php\/wp-json\/wp\/v2\/posts"}],"about":[{"href":"https:\/\/epochtimestr.com\/index.php\/wp-json\/wp\/v2\/types\/post"}],"author":[{"embeddable":true,"href":"https:\/\/epochtimestr.com\/index.php\/wp-json\/wp\/v2\/users\/22"}],"replies":[{"embeddable":true,"href":"https:\/\/epochtimestr.com\/index.php\/wp-json\/wp\/v2\/comments?post=166590"}],"version-history":[{"count":8,"href":"https:\/\/epochtimestr.com\/index.php\/wp-json\/wp\/v2\/posts\/166590\/revisions"}],"predecessor-version":[{"id":166626,"href":"https:\/\/epochtimestr.com\/index.php\/wp-json\/wp\/v2\/posts\/166590\/revisions\/166626"}],"wp:featuredmedia":[{"embeddable":true,"href":"https:\/\/epochtimestr.com\/index.php\/wp-json\/wp\/v2\/media\/166603"}],"wp:attachment":[{"href":"https:\/\/epochtimestr.com\/index.php\/wp-json\/wp\/v2\/media?parent=166590"}],"wp:term":[{"taxonomy":"category","embeddable":true,"href":"https:\/\/epochtimestr.com\/index.php\/wp-json\/wp\/v2\/categories?post=166590"},{"taxonomy":"post_tag","embeddable":true,"href":"https:\/\/epochtimestr.com\/index.php\/wp-json\/wp\/v2\/tags?post=166590"}],"curies":[{"name":"wp","href":"https:\/\/api.w.org\/{rel}","templated":true}]}}