{"id":166611,"date":"2026-04-05T08:53:40","date_gmt":"2026-04-05T05:53:40","guid":{"rendered":"https:\/\/epochtimestr.com\/?p=166611"},"modified":"2026-04-06T13:25:41","modified_gmt":"2026-04-06T10:25:41","slug":"ekmen-siyasetin-finansmani-icerisinde-medya-ve-stklar-da-var","status":"publish","type":"post","link":"https:\/\/epochtimestr.com\/index.php\/ekmen-siyasetin-finansmani-icerisinde-medya-ve-stklar-da-var","title":{"rendered":"Ekmen: \u201cSiyasetin Finansman\u0131 \u0130\u00e7erisinde Medya ve STK\u2019lar da Var\u201d"},"content":{"rendered":"<div class=\"wp-block-image\">\n<figure class=\"aligncenter size-full\"><img loading=\"lazy\" decoding=\"async\" width=\"1600\" height=\"1200\" src=\"https:\/\/epochtimestr.com\/wp-content\/uploads\/2011y\/Mehmet-Emin-Ekmen.jpeg\" alt=\"\" class=\"wp-image-166612\" srcset=\"https:\/\/epochtimestr.com\/wp-content\/uploads\/2011y\/Mehmet-Emin-Ekmen.jpeg 1600w, https:\/\/epochtimestr.com\/wp-content\/uploads\/2011y\/Mehmet-Emin-Ekmen-300x225.jpeg 300w, https:\/\/epochtimestr.com\/wp-content\/uploads\/2011y\/Mehmet-Emin-Ekmen-150x113.jpeg 150w, https:\/\/epochtimestr.com\/wp-content\/uploads\/2011y\/Mehmet-Emin-Ekmen-768x576.jpeg 768w, https:\/\/epochtimestr.com\/wp-content\/uploads\/2011y\/Mehmet-Emin-Ekmen-1536x1152.jpeg 1536w, https:\/\/epochtimestr.com\/wp-content\/uploads\/2011y\/Mehmet-Emin-Ekmen-86x64.jpeg 86w\" sizes=\"(max-width: 1600px) 100vw, 1600px\" \/><figcaption class=\"wp-element-caption\">DEVA Partisi Mersin MV. Mehmet Emin Ekmen (Foto\u011fraf: Hikmet Durgun)<\/figcaption><\/figure><\/div>\n\n\n<h2 class=\"wp-block-heading\">Mersin \u0130sti\u015fare Kul\u00fcb\u00fc\u2019n\u00fcn \u201csiyasetin finansman kaynaklar\u0131\u201d temas\u0131yla d\u00fczenlenen toplant\u0131s\u0131na kat\u0131lan DEVA Partisi Mersin MV. Mehmet Emin Ekmen, siyasetin finansman\u0131n\u0131n yaln\u0131zca se\u00e7im kampanyalar\u0131ndan ibaret olmad\u0131\u011f\u0131n\u0131, vatanda\u015f\u0131n medya ve sivil toplumla birlikte geni\u015f bir ekonomik a\u011f\u0131n finansman y\u00fck\u00fcn\u00fc ta\u015f\u0131d\u0131\u011f\u0131n\u0131 s\u00f6yleyerek, sistemdeki \u00e7arp\u0131kl\u0131\u011fa dikkat \u00e7ekti.<\/h2>\n\n\n\n<p>Mersin \u0130sti\u015fare Kul\u00fcb\u00fc\u2019n\u00fcn Nisan ay\u0131 toplant\u0131s\u0131 \u201cTemiz Siyaset \u0130\u00e7in Siyasetin Finansman Kaynaklar\u0131\u201d temas\u0131yla d\u00fczenlendi. Toplant\u0131ya DEVA Partisi Genel Ba\u015fkan Yard\u0131mc\u0131s\u0131 ve Mersin Milletvekili Mehmet Emin Ekmen ile Mersin \u00dcniversitesi \u00d6\u011fretim G\u00f6revlisi Prof. Dr. Ula\u015f Bayraktar konu\u015fmac\u0131 olarak kat\u0131ld\u0131. Toplant\u0131da i\u015f d\u00fcnyas\u0131, akademi ve STK\u2019lardan pek \u00e7ok \u00f6nemli isim yer ald\u0131.<\/p>\n\n\n<div class=\"wp-block-image\">\n<figure class=\"aligncenter size-full\"><img loading=\"lazy\" decoding=\"async\" width=\"1600\" height=\"1067\" src=\"https:\/\/epochtimestr.com\/wp-content\/uploads\/2011y\/Ferudun-Gunduz.jpeg\" alt=\"\" class=\"wp-image-166614\" srcset=\"https:\/\/epochtimestr.com\/wp-content\/uploads\/2011y\/Ferudun-Gunduz.jpeg 1600w, https:\/\/epochtimestr.com\/wp-content\/uploads\/2011y\/Ferudun-Gunduz-300x200.jpeg 300w, https:\/\/epochtimestr.com\/wp-content\/uploads\/2011y\/Ferudun-Gunduz-150x100.jpeg 150w, https:\/\/epochtimestr.com\/wp-content\/uploads\/2011y\/Ferudun-Gunduz-768x512.jpeg 768w, https:\/\/epochtimestr.com\/wp-content\/uploads\/2011y\/Ferudun-Gunduz-1536x1024.jpeg 1536w\" sizes=\"(max-width: 1600px) 100vw, 1600px\" \/><figcaption class=\"wp-element-caption\">Mersin \u0130sti\u015fare Kul\u00fcb\u00fc Ba\u015fkan\u0131 Ferudun G\u00fcnd\u00fcz (Foto\u011fraf: Hikmet Durgun)<\/figcaption><\/figure><\/div>\n\n\n<p>Toplant\u0131n\u0131n a\u00e7\u0131l\u0131\u015f konu\u015fmas\u0131n\u0131 yapan Mersin \u0130sti\u015fare Kul\u00fcb\u00fc\u2019n\u00fcn Ba\u015fkan\u0131 Ferudun G\u00fcnd\u00fcz, konu\u015fmas\u0131nda siyasetin finansman\u0131n\u0131n temiz siyaset a\u00e7\u0131s\u0131ndan kritik oldu\u011funu vurgulad\u0131.\u00a0T\u00fcrkiye\u2019de aday belirleme ve se\u00e7im s\u00fcre\u00e7lerinin sorgulanmas\u0131 gerekti\u011fini ifade etti. \u00dclkenin sorunlar\u0131n\u0131n \u00e7\u00f6z\u00fcm\u00fcn\u00fcn nitelikli, d\u00fcr\u00fcst ve liyakatli insanlar\u0131n siyasette ve yerel y\u00f6netimlerde yer almas\u0131yla m\u00fcmk\u00fcn olaca\u011f\u0131n\u0131 dile getiren G\u00fcnd\u00fcz, mevcut sistemin bu nitelikte kadrolar\u0131n \u00f6n\u00fcn\u00fc yeterince a\u00e7mad\u0131\u011f\u0131n\u0131 s\u00f6yledi.<\/p>\n\n\n\n<p><strong>Ekmen: \u201cDevlet yard\u0131m\u0131 parti i\u00e7i demokrasiyi zay\u0131flat\u0131yor\u201d<\/strong><\/p>\n\n\n\n<p>Ekmen yapt\u0131\u011f\u0131 konu\u015fmada mevcut yasal \u00e7er\u00e7evenin kat\u0131l\u0131mc\u0131 bir finansman modeline imk\u00e2n tan\u0131mas\u0131na ra\u011fmen, uygulamada sistemin b\u00fcy\u00fck \u00f6l\u00e7\u00fcde devlet yard\u0131mlar\u0131na dayand\u0131\u011f\u0131n\u0131 belirterek, bunun parti i\u00e7i demokrasiyi zay\u0131flatt\u0131\u011f\u0131n\u0131 s\u00f6yledi.<\/p>\n\n\n\n<p>Siyasi partilerin gelir kaynaklar\u0131n\u0131n kanunda a\u00e7\u0131k\u00e7a tan\u0131mland\u0131\u011f\u0131n\u0131 hat\u0131rlatan Ekmen, \u201cPratikte \u00fcyelik aidatlar\u0131 ve g\u00f6n\u00fcll\u00fc katk\u0131lar yok denecek kadar az. Finansman genel merkezde toplan\u0131nca karar alma s\u00fcre\u00e7leri de merkezile\u015fiyor\u201d dedi.<\/p>\n\n\n\n<h3 class=\"wp-block-heading\"><strong>Yeni Partiler \u0130\u00e7in E\u015fitsizlik Vurgusu<\/strong><\/h3>\n\n\n\n<p>Devlet yard\u0131m\u0131n\u0131n tamamen kald\u0131r\u0131lmas\u0131n\u0131n \u00e7\u00f6z\u00fcm olmad\u0131\u011f\u0131n\u0131 vurgulayan Ekmen, bu deste\u011fin daha adil ve dengeli da\u011f\u0131t\u0131lmas\u0131 gerekti\u011fini ifade etti.<\/p>\n\n\n\n<p>Yeni kurulan partilerin uzun s\u00fcre bu destekten yararlanamamas\u0131n\u0131n siyasette e\u015fitsizlik yaratt\u0131\u011f\u0131n\u0131 dile getiren Ekmen, \u201c\u00dcye say\u0131s\u0131na dayal\u0131 erken destek modelleri geli\u015ftirilirse daha kapsay\u0131c\u0131 bir yap\u0131 kurulabilir\u201d diye konu\u015ftu.<\/p>\n\n\n\n<p><strong>\u201cAday harcamalar\u0131 denetimsiz\u201d<\/strong><\/p>\n\n\n\n<p>Mevcut sistemde en b\u00fcy\u00fck eksikliklerden birinin adaylar\u0131n kampanya finansman\u0131na ili\u015fkin yasal bo\u015fluk oldu\u011funu belirten Ekmen, se\u00e7im s\u00fcre\u00e7lerinde harcanan kaynaklar\u0131n \u015feffaf bi\u00e7imde izlenemedi\u011fini s\u00f6yledi.<\/p>\n\n\n\n<p>Ekmen, \u201cAdaylar\u0131n ne harcad\u0131\u011f\u0131, bu kayna\u011f\u0131n nereden geldi\u011fi ve nas\u0131l denetlendi\u011fi konusunda ciddi bir bo\u015fluk var. Bu alan \u015feffafla\u015fmadan siyasette g\u00fcveni art\u0131rmak zor\u201d ifadelerini kulland\u0131.<\/p>\n\n\n\n<p><strong>Siyaset, medya ve sivil toplum ili\u015fkisi<\/strong><\/p>\n\n\n\n<p>Siyasetin finansman\u0131n\u0131n yaln\u0131zca se\u00e7im kampanyalar\u0131ndan ibaret olmad\u0131\u011f\u0131n\u0131 dile getiren Ekmen, bu yap\u0131n\u0131n medya ve sivil toplumla birlikte geni\u015f bir ekonomik a\u011f olu\u015fturdu\u011funu s\u00f6yledi.<\/p>\n\n\n\n<p>Ge\u00e7mi\u015fte medyan\u0131n siyaseti finanse etti\u011fini, bug\u00fcn ise devletin medya \u00fczerinden hem finansman hem de kontrol sa\u011flad\u0131\u011f\u0131n\u0131 ifade eden Ekmen, kamu kaynaklar\u0131yla ger\u00e7ekle\u015ftirilen medya sat\u0131n almalar\u0131n\u0131n ve finansman ili\u015fkilerinin, ciddi maliyetler ve rant alanlar\u0131 yaratt\u0131\u011f\u0131n\u0131 vurgulad\u0131.<\/p>\n\n\n\n<h3 class=\"wp-block-heading\">\u201cToplum a\u011f\u0131r bir maliyet \u00f6d\u00fcyor\u201d<\/h3>\n\n\n\n<p>\u0130ktidara yak\u0131n medya ve sivil toplum yap\u0131lar\u0131n\u0131n kamu bankalar\u0131 ve b\u00fcy\u00fck ihaleler \u00fczerinden fonland\u0131\u011f\u0131n\u0131 belirten Ekmen, \u201cBu sistem toplum \u00fczerinde a\u011f\u0131r bir ekonomik y\u00fck olu\u015fturuyor\u201d dedi.<\/p>\n\n\n\n<p>T\u00fcrkiye\u2019de siyasi finansman\u0131n etkin \u015fekilde denetlenemedi\u011fine dikkat \u00e7eken Ekmen, siyasetin, medyan\u0131n ve sivil toplumun finansman\u0131n\u0131n birlikte ele al\u0131narak \u015feffaf, etik ve denetlenebilir bir yap\u0131ya kavu\u015fturulmas\u0131 gerekti\u011fini ifade etti.<\/p>\n\n\n\n<p><strong>\u201cSorun sadece \u0130BB\u2019ye \u00f6zg\u00fc de\u011fil\u201d<\/strong><\/p>\n\n\n\n<p>Ekmen, \u0130stanbul B\u00fcy\u00fck\u015fehir Belediyesi\u2019ne (\u0130BB) y\u00f6nelik y\u00fcr\u00fct\u00fclen soru\u015fturmalarda g\u00fcndeme gelen iddialar\u0131n \u00f6nemli bir b\u00f6l\u00fcm\u00fcn\u00fcn siyasetin ve se\u00e7im kampanyalar\u0131n\u0131n finansman\u0131ndan kaynaklanan yap\u0131sal sorunlarla ba\u011flant\u0131l\u0131 oldu\u011funu belirterek, bu durumun yaln\u0131zca \u0130BB\u2019ye \u00f6zg\u00fc olmad\u0131\u011f\u0131n\u0131, T\u00fcrk siyasetinin genel bir problemi oldu\u011funu s\u00f6yledi.<\/p>\n\n\n\n<p><strong>\u201cAK Partili belediyelerde bunun \u00e7ok daha fazlas\u0131 var.\u201d<\/strong><\/p>\n\n\n\n<p>\u201cAK Partili belediyelerde bunun \u00e7ok daha fazlas\u0131n\u0131n denetimsiz bir \u015fekilde yap\u0131ld\u0131\u011f\u0131n\u0131 biliyoruz.\u201d diyen Ekmen, baz\u0131 belediyelerde benzer uygulamalar\u0131n daha yayg\u0131n ve denetimsiz \u015fekilde s\u00fcrd\u00fc\u011f\u00fcn\u00fc ifade etti.  Ekmen, bu alanlarda etkili ve sonu\u00e7 al\u0131c\u0131 soru\u015fturmalar\u0131n y\u00fcr\u00fct\u00fclmedi\u011fini dile getirdi. Denetim ve yarg\u0131 s\u00fcre\u00e7lerinin \u00e7o\u011fu zaman \u201ca\u00e7-kapa\u201d bi\u00e7iminde ilerledi\u011fini savunan Ekmen, sistemin bu y\u00f6n\u00fcyle ciddi bir zaaf ta\u015f\u0131d\u0131\u011f\u0131n\u0131 vurgulad\u0131.<\/p>\n\n\n\n<p><strong>\u201cSiyah-beyaz bir tablo yok\u201d<\/strong><\/p>\n\n\n\n<p>S\u00fcre\u00e7lerin tek tarafl\u0131 de\u011ferlendirilmemesi gerekti\u011fini belirten Ekmen, \u201cBug\u00fcn ortada siyah-beyaz bir tablo yok. Bu s\u00fcre\u00e7lerin sa\u011fl\u0131kl\u0131 y\u00f6netilebilmesi i\u00e7in t\u00fcm taraflar\u0131n daha \u015feffaf ve hesap verebilir bir yakla\u015f\u0131m benimsemesi gerekiyor\u201d dedi.<\/p>\n\n\n\n<p>Ekmen, CHP\u2019nin de s\u00fcreci yaln\u0131zca \u201cpartimize y\u00f6nelik bir sald\u0131r\u0131 var\u201d yakla\u015f\u0131m\u0131yla ele almas\u0131n\u0131n yeterli olmad\u0131\u011f\u0131n\u0131 belirterek, daha kapsaml\u0131 ve objektif bir de\u011ferlendirme yap\u0131lmas\u0131 gerekti\u011fini vurgulad\u0131<\/p>\n\n\n<div class=\"wp-block-image\">\n<figure class=\"aligncenter size-full\"><img loading=\"lazy\" decoding=\"async\" width=\"1600\" height=\"1200\" src=\"https:\/\/epochtimestr.com\/wp-content\/uploads\/2011y\/uLAS-bAYRAKTAR.jpeg\" alt=\"\" class=\"wp-image-166613\" srcset=\"https:\/\/epochtimestr.com\/wp-content\/uploads\/2011y\/uLAS-bAYRAKTAR.jpeg 1600w, https:\/\/epochtimestr.com\/wp-content\/uploads\/2011y\/uLAS-bAYRAKTAR-300x225.jpeg 300w, https:\/\/epochtimestr.com\/wp-content\/uploads\/2011y\/uLAS-bAYRAKTAR-150x113.jpeg 150w, https:\/\/epochtimestr.com\/wp-content\/uploads\/2011y\/uLAS-bAYRAKTAR-768x576.jpeg 768w, https:\/\/epochtimestr.com\/wp-content\/uploads\/2011y\/uLAS-bAYRAKTAR-1536x1152.jpeg 1536w, https:\/\/epochtimestr.com\/wp-content\/uploads\/2011y\/uLAS-bAYRAKTAR-86x64.jpeg 86w\" sizes=\"(max-width: 1600px) 100vw, 1600px\" \/><figcaption class=\"wp-element-caption\">Mersin \u00dcniversitesi \u00d6\u011fretim G\u00f6revlisi Prof. Dr. Ula\u015f Bayraktar (Foto\u011fraf: Hikmet Durgun) <\/figcaption><\/figure><\/div>\n\n\n<h3 class=\"wp-block-heading\">Bayraktar: \u201cSiyasi partiler b\u00fcy\u00fck \u00f6l\u00e7\u00fcde devlet taraf\u0131ndan finanse ediliyor\u201d<\/h3>\n\n\n\n<p>Toplant\u0131n\u0131n di\u011fer konu\u015fmac\u0131s\u0131 olan Prof. Dr. Bayraktar, T\u00fcrkiye\u2019de siyasi partilerin finansman yap\u0131s\u0131na dikkat \u00e7ekti. Bayraktar, sistemin \u00f6nemli \u00f6l\u00e7\u00fcde devlet yard\u0131mlar\u0131na dayand\u0131\u011f\u0131n\u0131 ifade etti. Siyasetin finansman\u0131nda Parti \u00fcyelik aidatlar\u0131n\u0131n son derece d\u00fc\u015f\u00fck seviyede kald\u0131\u011f\u0131n\u0131 belirterek bu durumun se\u00e7men ile parti aras\u0131ndaki ba\u011f\u0131n zay\u0131flamas\u0131na yol a\u00e7t\u0131\u011f\u0131na dikkat \u00e7ekti. <strong><\/strong><\/p>\n\n\n\n<p>Siyasi partilerin finansman\u0131nda \u015feffafl\u0131k sorununa da de\u011finen Bayraktar, kapat\u0131lma riskleri ve yasal s\u0131n\u0131rlamalar nedeniyle partilerin resmi kay\u0131tlar\u0131n d\u0131\u015f\u0131nda b\u00fct\u00e7eler olu\u015fturabildi\u011fini ifade etti. Bu durumun hem hesap verilebilirli\u011fi zay\u0131flatt\u0131\u011f\u0131n\u0131 hem de kamuoyunun ger\u00e7ek finansman yap\u0131s\u0131n\u0131 g\u00f6remedi\u011fini belirtti.<\/p>\n\n\n\n<p><strong>Se\u00e7im s\u00fcreci: \u201cAdayl\u0131k pahal\u0131 ve belirsiz\u201d<\/strong><\/p>\n\n\n\n<p>Se\u00e7im s\u00fcre\u00e7lerinin y\u00fcksek maliyetli oldu\u011funa dikkat \u00e7eken Bayraktar, adayl\u0131k s\u00fcrecinde harcanan paralar\u0131n \u015feffaf bi\u00e7imde izlenemedi\u011fini s\u00f6yledi. Yerel se\u00e7imler \u00fczerinden \u00f6rnek veren Bayraktar, b\u00fcy\u00fck il\u00e7elerde belediye ba\u015fkanl\u0131\u011f\u0131 i\u00e7in milyonlarca liral\u0131k harcamalar\u0131n s\u00f6z konusu oldu\u011funu ifade etti. \u201cSe\u00e7ilmek i\u00e7in gereken oy say\u0131s\u0131 \u00fczerinden yap\u0131lan hesaplarda milyon dolarl\u0131k maliyetler ortaya \u00e7\u0131k\u0131yor\u201d diyen Bayraktar, bu durumun siyasete giri\u015f bariyerini y\u00fckseltti\u011fini kaydetti.<\/p>\n\n\n\n<p><strong>\u201cSe\u00e7im harcamalar\u0131 sonradan telafi ediliyor\u201d<\/strong><\/p>\n\n\n\n<p>Bayraktar, se\u00e7im s\u00fcrecinde yap\u0131lan harcamalar\u0131n, g\u00f6reve geldikten sonra \u00e7e\u015fitli yollarla telafi edilmeye \u00e7al\u0131\u015f\u0131ld\u0131\u011f\u0131na dair yayg\u0131n bir alg\u0131 bulundu\u011funu belirtti.\u00a0Bu durumun yerel y\u00f6netimlerde ihale s\u00fcre\u00e7leri ve kaynak kullan\u0131m\u0131 \u00fczerinde bask\u0131 olu\u015fturdu\u011funu ifade etti.<\/p>\n\n\n\n<p>Yerel y\u00f6netimlerin b\u00fct\u00e7e yap\u0131s\u0131na da de\u011finen Bayraktar, belediyelerin \u00f6nemli bir k\u0131sm\u0131n\u0131n personel ve hizmet al\u0131mlar\u0131na harcand\u0131\u011f\u0131n\u0131, yat\u0131r\u0131m i\u00e7in s\u0131n\u0131rl\u0131 kaynak kald\u0131\u011f\u0131n\u0131 s\u00f6yledi.\u201cKaynak yetersizli\u011fi nedeniyle belediyeler alternatif finansman yollar\u0131na y\u00f6nelmek zorunda kal\u0131yor\u201d diyen Bayraktar, bunun da farkl\u0131 ili\u015fki a\u011flar\u0131n\u0131 beraberinde getirdi\u011fini dile getirdi.<\/p>\n\n\n\n<h3 class=\"wp-block-heading\">Alternatif model: \u201cToplum finansmana ortak olmal\u0131\u201d<\/h3>\n\n\n\n<p>Bayraktar, \u00e7\u00f6z\u00fcm olarak ise daha kat\u0131l\u0131mc\u0131 finansman modellerini \u00f6nerdi.<\/p>\n\n\n\n<p>Kitlesel fonlama, \u00fcyelik aidatlar\u0131n\u0131n g\u00fc\u00e7lendirilmesi ve k\u00fc\u00e7\u00fck \u00f6l\u00e7ekli ba\u011f\u0131\u015flar\u0131n art\u0131r\u0131lmas\u0131 gerekti\u011fini belirten Bayraktar, \u201cAidat ve aidiyet birbirine ba\u011fl\u0131d\u0131r. Paras\u0131n\u0131 vermedi\u011finiz \u015feye ait hissetmezsiniz\u201d dedi. Ayr\u0131ca siyasi partilerin ve yerel y\u00f6netimlerin ticari giri\u015fimlerle kendilerine kaynak yaratabilece\u011fini de s\u00f6zlerine ekledi.<\/p>\n\n\n\n<p>Konu\u015fmas\u0131n\u0131n sonunda mevcut sistemin se\u00e7men yerine belirli gruplar\u0131n etkisini art\u0131rd\u0131\u011f\u0131n\u0131 savunan Bayraktar, daha demokratik ve \u015feffaf bir finansman yap\u0131s\u0131n\u0131n kurulmas\u0131 gerekti\u011fini ifade etti.<\/p>\n","protected":false},"excerpt":{"rendered":"<p>Mersin \u0130sti\u015fare Kul\u00fcb\u00fc\u2019n\u00fcn \u201csiyasetin finansman kaynaklar\u0131\u201d temas\u0131yla d\u00fczenlenen toplant\u0131s\u0131na kat\u0131lan DEVA Partisi Mersin MV. Mehmet Emin Ekmen, siyasetin finansman\u0131n\u0131n yaln\u0131zca se\u00e7im kampanyalar\u0131ndan ibaret olmad\u0131\u011f\u0131n\u0131, vatanda\u015f\u0131n medya ve sivil toplumla birlikte geni\u015f bir ekonomik a\u011f\u0131n finansman y\u00fck\u00fcn\u00fc ta\u015f\u0131d\u0131\u011f\u0131n\u0131 s\u00f6yleyerek, sistemdeki \u00e7arp\u0131kl\u0131\u011fa dikkat \u00e7ekti. Mersin \u0130sti\u015fare Kul\u00fcb\u00fc\u2019n\u00fcn Nisan ay\u0131 toplant\u0131s\u0131 \u201cTemiz Siyaset \u0130\u00e7in Siyasetin Finansman Kaynaklar\u0131\u201d temas\u0131yla [&hellip;]<\/p>\n","protected":false},"author":22,"featured_media":166612,"comment_status":"open","ping_status":"open","sticky":false,"template":"","format":"standard","meta":{"_yoast_wpseo_focuskw":"Siyasetin Finasman\u0131","_yoast_wpseo_title":"","_yoast_wpseo_metadesc":"DEVA Partisi Mersin millet vekili Mehmet Emin Ekmen, Mersin \u0130sti\u015fare Kul\u00fcb\u00fc\u2019n\u00fcn \u201csiyasetin finansman kaynaklar\u0131\u201d toplant\u0131s\u0131na kat\u0131ld\u0131.","_bbp_topic_count":0,"_bbp_reply_count":0,"_bbp_total_topic_count":0,"_bbp_total_reply_count":0,"_bbp_voice_count":0,"_bbp_anonymous_reply_count":0,"_bbp_topic_count_hidden":0,"_bbp_reply_count_hidden":0,"_bbp_forum_subforum_count":0,"footnotes":"","_yoast_wpseo_focuskw_text_input":""},"categories":[1,8138],"tags":[],"yoast_head":"<!-- This site is optimized with the Yoast SEO plugin v23.0 - https:\/\/yoast.com\/wordpress\/plugins\/seo\/ -->\n<title>Ekmen: \u201cSiyasetin Finansman\u0131 \u0130\u00e7erisinde Medya ve STK\u2019lar da Var\u201d - The Epoch Times TR<\/title>\n<meta name=\"description\" content=\"DEVA Partisi Mersin millet vekili Mehmet Emin Ekmen, Mersin \u0130sti\u015fare Kul\u00fcb\u00fc\u2019n\u00fcn \u201csiyasetin finansman kaynaklar\u0131\u201d toplant\u0131s\u0131na kat\u0131ld\u0131.\" \/>\n<meta name=\"robots\" content=\"index, follow, max-snippet:-1, max-image-preview:large, max-video-preview:-1\" \/>\n<link rel=\"canonical\" href=\"https:\/\/epochtimestr.com\/index.php\/ekmen-siyasetin-finansmani-icerisinde-medya-ve-stklar-da-var\" \/>\n<meta property=\"og:locale\" content=\"tr_TR\" \/>\n<meta property=\"og:type\" content=\"article\" \/>\n<meta property=\"og:title\" content=\"Ekmen: \u201cSiyasetin Finansman\u0131 \u0130\u00e7erisinde Medya ve STK\u2019lar da Var\u201d - The Epoch Times TR\" \/>\n<meta property=\"og:description\" content=\"DEVA Partisi Mersin millet vekili Mehmet Emin Ekmen, Mersin \u0130sti\u015fare Kul\u00fcb\u00fc\u2019n\u00fcn \u201csiyasetin finansman kaynaklar\u0131\u201d toplant\u0131s\u0131na kat\u0131ld\u0131.\" \/>\n<meta property=\"og:url\" content=\"https:\/\/epochtimestr.com\/index.php\/ekmen-siyasetin-finansmani-icerisinde-medya-ve-stklar-da-var\" \/>\n<meta property=\"og:site_name\" content=\"The Epoch Times TR\" \/>\n<meta property=\"article:publisher\" content=\"https:\/\/www.facebook.com\/theepochtimestr\" \/>\n<meta property=\"article:published_time\" content=\"2026-04-05T05:53:40+00:00\" \/>\n<meta property=\"article:modified_time\" content=\"2026-04-06T10:25:41+00:00\" \/>\n<meta property=\"og:image\" content=\"https:\/\/epochtimestr.com\/wp-content\/uploads\/2011y\/Mehmet-Emin-Ekmen.jpeg\" \/>\n\t<meta property=\"og:image:width\" content=\"1600\" \/>\n\t<meta property=\"og:image:height\" content=\"1200\" \/>\n\t<meta property=\"og:image:type\" content=\"image\/jpeg\" \/>\n<meta name=\"author\" content=\"G.Hakan Ko\u00e7man\" \/>\n<meta name=\"twitter:card\" content=\"summary_large_image\" \/>\n<meta name=\"twitter:creator\" content=\"@TheEpochTimesTR\" \/>\n<meta name=\"twitter:site\" content=\"@TheEpochTimesTR\" \/>\n<meta name=\"twitter:label1\" content=\"Yazan:\" \/>\n\t<meta name=\"twitter:data1\" content=\"G.Hakan Ko\u00e7man\" \/>\n\t<meta name=\"twitter:label2\" content=\"Tahmini okuma s\u00fcresi\" \/>\n\t<meta name=\"twitter:data2\" content=\"7 dakika\" \/>\n<script type=\"application\/ld+json\" class=\"yoast-schema-graph\">{\"@context\":\"https:\/\/schema.org\",\"@graph\":[{\"@type\":\"Article\",\"@id\":\"https:\/\/epochtimestr.com\/index.php\/ekmen-siyasetin-finansmani-icerisinde-medya-ve-stklar-da-var#article\",\"isPartOf\":{\"@id\":\"https:\/\/epochtimestr.com\/index.php\/ekmen-siyasetin-finansmani-icerisinde-medya-ve-stklar-da-var\"},\"author\":{\"name\":\"G.Hakan Ko\u00e7man\",\"@id\":\"https:\/\/epochtimestr.com\/#\/schema\/person\/b5509977c9a6cd729a3e74d9743d035b\"},\"headline\":\"Ekmen: \u201cSiyasetin Finansman\u0131 \u0130\u00e7erisinde Medya ve STK\u2019lar da Var\u201d\",\"datePublished\":\"2026-04-05T05:53:40+00:00\",\"dateModified\":\"2026-04-06T10:25:41+00:00\",\"mainEntityOfPage\":{\"@id\":\"https:\/\/epochtimestr.com\/index.php\/ekmen-siyasetin-finansmani-icerisinde-medya-ve-stklar-da-var\"},\"wordCount\":1425,\"commentCount\":0,\"publisher\":{\"@id\":\"https:\/\/epochtimestr.com\/#organization\"},\"image\":{\"@id\":\"https:\/\/epochtimestr.com\/index.php\/ekmen-siyasetin-finansmani-icerisinde-medya-ve-stklar-da-var#primaryimage\"},\"thumbnailUrl\":\"https:\/\/epochtimestr.com\/wp-content\/uploads\/2011y\/Mehmet-Emin-Ekmen.jpeg\",\"articleSection\":[\"G\u00dcNDEM\",\"MAN\u015eET\"],\"inLanguage\":\"tr\",\"potentialAction\":[{\"@type\":\"CommentAction\",\"name\":\"Comment\",\"target\":[\"https:\/\/epochtimestr.com\/index.php\/ekmen-siyasetin-finansmani-icerisinde-medya-ve-stklar-da-var#respond\"]}]},{\"@type\":\"WebPage\",\"@id\":\"https:\/\/epochtimestr.com\/index.php\/ekmen-siyasetin-finansmani-icerisinde-medya-ve-stklar-da-var\",\"url\":\"https:\/\/epochtimestr.com\/index.php\/ekmen-siyasetin-finansmani-icerisinde-medya-ve-stklar-da-var\",\"name\":\"Ekmen: \u201cSiyasetin Finansman\u0131 \u0130\u00e7erisinde Medya ve STK\u2019lar da Var\u201d - The Epoch Times TR\",\"isPartOf\":{\"@id\":\"https:\/\/epochtimestr.com\/#website\"},\"primaryImageOfPage\":{\"@id\":\"https:\/\/epochtimestr.com\/index.php\/ekmen-siyasetin-finansmani-icerisinde-medya-ve-stklar-da-var#primaryimage\"},\"image\":{\"@id\":\"https:\/\/epochtimestr.com\/index.php\/ekmen-siyasetin-finansmani-icerisinde-medya-ve-stklar-da-var#primaryimage\"},\"thumbnailUrl\":\"https:\/\/epochtimestr.com\/wp-content\/uploads\/2011y\/Mehmet-Emin-Ekmen.jpeg\",\"datePublished\":\"2026-04-05T05:53:40+00:00\",\"dateModified\":\"2026-04-06T10:25:41+00:00\",\"description\":\"DEVA Partisi Mersin millet vekili Mehmet Emin Ekmen, Mersin \u0130sti\u015fare Kul\u00fcb\u00fc\u2019n\u00fcn \u201csiyasetin finansman kaynaklar\u0131\u201d toplant\u0131s\u0131na kat\u0131ld\u0131.\",\"inLanguage\":\"tr\",\"potentialAction\":[{\"@type\":\"ReadAction\",\"target\":[\"https:\/\/epochtimestr.com\/index.php\/ekmen-siyasetin-finansmani-icerisinde-medya-ve-stklar-da-var\"]}]},{\"@type\":\"ImageObject\",\"inLanguage\":\"tr\",\"@id\":\"https:\/\/epochtimestr.com\/index.php\/ekmen-siyasetin-finansmani-icerisinde-medya-ve-stklar-da-var#primaryimage\",\"url\":\"https:\/\/epochtimestr.com\/wp-content\/uploads\/2011y\/Mehmet-Emin-Ekmen.jpeg\",\"contentUrl\":\"https:\/\/epochtimestr.com\/wp-content\/uploads\/2011y\/Mehmet-Emin-Ekmen.jpeg\",\"width\":1600,\"height\":1200},{\"@type\":\"WebSite\",\"@id\":\"https:\/\/epochtimestr.com\/#website\",\"url\":\"https:\/\/epochtimestr.com\/\",\"name\":\"The Epoch Times TR\",\"description\":\"De\u011fi\u015fen D\u00fcnyam\u0131za Taze Bir Bak\u0131\u015f\",\"publisher\":{\"@id\":\"https:\/\/epochtimestr.com\/#organization\"},\"potentialAction\":[{\"@type\":\"SearchAction\",\"target\":{\"@type\":\"EntryPoint\",\"urlTemplate\":\"https:\/\/epochtimestr.com\/?s={search_term_string}\"},\"query-input\":\"required name=search_term_string\"}],\"inLanguage\":\"tr\"},{\"@type\":\"Organization\",\"@id\":\"https:\/\/epochtimestr.com\/#organization\",\"name\":\"The EpochTimes T\u00fcrkiye\",\"url\":\"https:\/\/epochtimestr.com\/\",\"logo\":{\"@type\":\"ImageObject\",\"inLanguage\":\"tr\",\"@id\":\"https:\/\/epochtimestr.com\/#\/schema\/logo\/image\/\",\"url\":\"https:\/\/epochtimestr.com\/wp-content\/uploads\/2011y\/ET-Logo-YG.jpg\",\"contentUrl\":\"https:\/\/epochtimestr.com\/wp-content\/uploads\/2011y\/ET-Logo-YG.jpg\",\"width\":346,\"height\":29,\"caption\":\"The EpochTimes T\u00fcrkiye\"},\"image\":{\"@id\":\"https:\/\/epochtimestr.com\/#\/schema\/logo\/image\/\"},\"sameAs\":[\"https:\/\/www.facebook.com\/theepochtimestr\",\"https:\/\/x.com\/TheEpochTimesTR\",\"https:\/\/www.instagram.com\/epochtimestr\"]},{\"@type\":\"Person\",\"@id\":\"https:\/\/epochtimestr.com\/#\/schema\/person\/b5509977c9a6cd729a3e74d9743d035b\",\"name\":\"G.Hakan Ko\u00e7man\",\"image\":{\"@type\":\"ImageObject\",\"inLanguage\":\"tr\",\"@id\":\"https:\/\/epochtimestr.com\/#\/schema\/person\/image\/\",\"url\":\"https:\/\/secure.gravatar.com\/avatar\/e4eafee1ab5d1f4015c3930376b22ca8?s=96&d=mm&r=g\",\"contentUrl\":\"https:\/\/secure.gravatar.com\/avatar\/e4eafee1ab5d1f4015c3930376b22ca8?s=96&d=mm&r=g\",\"caption\":\"G.Hakan Ko\u00e7man\"},\"url\":\"https:\/\/epochtimestr.com\/index.php\/author\/hakan\"}]}<\/script>\n<!-- \/ Yoast SEO plugin. -->","yoast_head_json":{"title":"Ekmen: \u201cSiyasetin Finansman\u0131 \u0130\u00e7erisinde Medya ve STK\u2019lar da Var\u201d - The Epoch Times TR","description":"DEVA Partisi Mersin millet vekili Mehmet Emin Ekmen, Mersin \u0130sti\u015fare Kul\u00fcb\u00fc\u2019n\u00fcn \u201csiyasetin finansman kaynaklar\u0131\u201d toplant\u0131s\u0131na kat\u0131ld\u0131.","robots":{"index":"index","follow":"follow","max-snippet":"max-snippet:-1","max-image-preview":"max-image-preview:large","max-video-preview":"max-video-preview:-1"},"canonical":"https:\/\/epochtimestr.com\/index.php\/ekmen-siyasetin-finansmani-icerisinde-medya-ve-stklar-da-var","og_locale":"tr_TR","og_type":"article","og_title":"Ekmen: \u201cSiyasetin Finansman\u0131 \u0130\u00e7erisinde Medya ve STK\u2019lar da Var\u201d - The Epoch Times TR","og_description":"DEVA Partisi Mersin millet vekili Mehmet Emin Ekmen, Mersin \u0130sti\u015fare Kul\u00fcb\u00fc\u2019n\u00fcn \u201csiyasetin finansman kaynaklar\u0131\u201d toplant\u0131s\u0131na kat\u0131ld\u0131.","og_url":"https:\/\/epochtimestr.com\/index.php\/ekmen-siyasetin-finansmani-icerisinde-medya-ve-stklar-da-var","og_site_name":"The Epoch Times TR","article_publisher":"https:\/\/www.facebook.com\/theepochtimestr","article_published_time":"2026-04-05T05:53:40+00:00","article_modified_time":"2026-04-06T10:25:41+00:00","og_image":[{"width":1600,"height":1200,"url":"https:\/\/epochtimestr.com\/wp-content\/uploads\/2011y\/Mehmet-Emin-Ekmen.jpeg","type":"image\/jpeg"}],"author":"G.Hakan Ko\u00e7man","twitter_card":"summary_large_image","twitter_creator":"@TheEpochTimesTR","twitter_site":"@TheEpochTimesTR","twitter_misc":{"Yazan:":"G.Hakan Ko\u00e7man","Tahmini okuma s\u00fcresi":"7 dakika"},"schema":{"@context":"https:\/\/schema.org","@graph":[{"@type":"Article","@id":"https:\/\/epochtimestr.com\/index.php\/ekmen-siyasetin-finansmani-icerisinde-medya-ve-stklar-da-var#article","isPartOf":{"@id":"https:\/\/epochtimestr.com\/index.php\/ekmen-siyasetin-finansmani-icerisinde-medya-ve-stklar-da-var"},"author":{"name":"G.Hakan Ko\u00e7man","@id":"https:\/\/epochtimestr.com\/#\/schema\/person\/b5509977c9a6cd729a3e74d9743d035b"},"headline":"Ekmen: \u201cSiyasetin Finansman\u0131 \u0130\u00e7erisinde Medya ve STK\u2019lar da Var\u201d","datePublished":"2026-04-05T05:53:40+00:00","dateModified":"2026-04-06T10:25:41+00:00","mainEntityOfPage":{"@id":"https:\/\/epochtimestr.com\/index.php\/ekmen-siyasetin-finansmani-icerisinde-medya-ve-stklar-da-var"},"wordCount":1425,"commentCount":0,"publisher":{"@id":"https:\/\/epochtimestr.com\/#organization"},"image":{"@id":"https:\/\/epochtimestr.com\/index.php\/ekmen-siyasetin-finansmani-icerisinde-medya-ve-stklar-da-var#primaryimage"},"thumbnailUrl":"https:\/\/epochtimestr.com\/wp-content\/uploads\/2011y\/Mehmet-Emin-Ekmen.jpeg","articleSection":["G\u00dcNDEM","MAN\u015eET"],"inLanguage":"tr","potentialAction":[{"@type":"CommentAction","name":"Comment","target":["https:\/\/epochtimestr.com\/index.php\/ekmen-siyasetin-finansmani-icerisinde-medya-ve-stklar-da-var#respond"]}]},{"@type":"WebPage","@id":"https:\/\/epochtimestr.com\/index.php\/ekmen-siyasetin-finansmani-icerisinde-medya-ve-stklar-da-var","url":"https:\/\/epochtimestr.com\/index.php\/ekmen-siyasetin-finansmani-icerisinde-medya-ve-stklar-da-var","name":"Ekmen: \u201cSiyasetin Finansman\u0131 \u0130\u00e7erisinde Medya ve STK\u2019lar da Var\u201d - The Epoch Times TR","isPartOf":{"@id":"https:\/\/epochtimestr.com\/#website"},"primaryImageOfPage":{"@id":"https:\/\/epochtimestr.com\/index.php\/ekmen-siyasetin-finansmani-icerisinde-medya-ve-stklar-da-var#primaryimage"},"image":{"@id":"https:\/\/epochtimestr.com\/index.php\/ekmen-siyasetin-finansmani-icerisinde-medya-ve-stklar-da-var#primaryimage"},"thumbnailUrl":"https:\/\/epochtimestr.com\/wp-content\/uploads\/2011y\/Mehmet-Emin-Ekmen.jpeg","datePublished":"2026-04-05T05:53:40+00:00","dateModified":"2026-04-06T10:25:41+00:00","description":"DEVA Partisi Mersin millet vekili Mehmet Emin Ekmen, Mersin \u0130sti\u015fare Kul\u00fcb\u00fc\u2019n\u00fcn \u201csiyasetin finansman kaynaklar\u0131\u201d toplant\u0131s\u0131na kat\u0131ld\u0131.","inLanguage":"tr","potentialAction":[{"@type":"ReadAction","target":["https:\/\/epochtimestr.com\/index.php\/ekmen-siyasetin-finansmani-icerisinde-medya-ve-stklar-da-var"]}]},{"@type":"ImageObject","inLanguage":"tr","@id":"https:\/\/epochtimestr.com\/index.php\/ekmen-siyasetin-finansmani-icerisinde-medya-ve-stklar-da-var#primaryimage","url":"https:\/\/epochtimestr.com\/wp-content\/uploads\/2011y\/Mehmet-Emin-Ekmen.jpeg","contentUrl":"https:\/\/epochtimestr.com\/wp-content\/uploads\/2011y\/Mehmet-Emin-Ekmen.jpeg","width":1600,"height":1200},{"@type":"WebSite","@id":"https:\/\/epochtimestr.com\/#website","url":"https:\/\/epochtimestr.com\/","name":"The Epoch Times TR","description":"De\u011fi\u015fen D\u00fcnyam\u0131za Taze Bir Bak\u0131\u015f","publisher":{"@id":"https:\/\/epochtimestr.com\/#organization"},"potentialAction":[{"@type":"SearchAction","target":{"@type":"EntryPoint","urlTemplate":"https:\/\/epochtimestr.com\/?s={search_term_string}"},"query-input":"required name=search_term_string"}],"inLanguage":"tr"},{"@type":"Organization","@id":"https:\/\/epochtimestr.com\/#organization","name":"The EpochTimes T\u00fcrkiye","url":"https:\/\/epochtimestr.com\/","logo":{"@type":"ImageObject","inLanguage":"tr","@id":"https:\/\/epochtimestr.com\/#\/schema\/logo\/image\/","url":"https:\/\/epochtimestr.com\/wp-content\/uploads\/2011y\/ET-Logo-YG.jpg","contentUrl":"https:\/\/epochtimestr.com\/wp-content\/uploads\/2011y\/ET-Logo-YG.jpg","width":346,"height":29,"caption":"The EpochTimes T\u00fcrkiye"},"image":{"@id":"https:\/\/epochtimestr.com\/#\/schema\/logo\/image\/"},"sameAs":["https:\/\/www.facebook.com\/theepochtimestr","https:\/\/x.com\/TheEpochTimesTR","https:\/\/www.instagram.com\/epochtimestr"]},{"@type":"Person","@id":"https:\/\/epochtimestr.com\/#\/schema\/person\/b5509977c9a6cd729a3e74d9743d035b","name":"G.Hakan Ko\u00e7man","image":{"@type":"ImageObject","inLanguage":"tr","@id":"https:\/\/epochtimestr.com\/#\/schema\/person\/image\/","url":"https:\/\/secure.gravatar.com\/avatar\/e4eafee1ab5d1f4015c3930376b22ca8?s=96&d=mm&r=g","contentUrl":"https:\/\/secure.gravatar.com\/avatar\/e4eafee1ab5d1f4015c3930376b22ca8?s=96&d=mm&r=g","caption":"G.Hakan Ko\u00e7man"},"url":"https:\/\/epochtimestr.com\/index.php\/author\/hakan"}]}},"_links":{"self":[{"href":"https:\/\/epochtimestr.com\/index.php\/wp-json\/wp\/v2\/posts\/166611"}],"collection":[{"href":"https:\/\/epochtimestr.com\/index.php\/wp-json\/wp\/v2\/posts"}],"about":[{"href":"https:\/\/epochtimestr.com\/index.php\/wp-json\/wp\/v2\/types\/post"}],"author":[{"embeddable":true,"href":"https:\/\/epochtimestr.com\/index.php\/wp-json\/wp\/v2\/users\/22"}],"replies":[{"embeddable":true,"href":"https:\/\/epochtimestr.com\/index.php\/wp-json\/wp\/v2\/comments?post=166611"}],"version-history":[{"count":4,"href":"https:\/\/epochtimestr.com\/index.php\/wp-json\/wp\/v2\/posts\/166611\/revisions"}],"predecessor-version":[{"id":166628,"href":"https:\/\/epochtimestr.com\/index.php\/wp-json\/wp\/v2\/posts\/166611\/revisions\/166628"}],"wp:featuredmedia":[{"embeddable":true,"href":"https:\/\/epochtimestr.com\/index.php\/wp-json\/wp\/v2\/media\/166612"}],"wp:attachment":[{"href":"https:\/\/epochtimestr.com\/index.php\/wp-json\/wp\/v2\/media?parent=166611"}],"wp:term":[{"taxonomy":"category","embeddable":true,"href":"https:\/\/epochtimestr.com\/index.php\/wp-json\/wp\/v2\/categories?post=166611"},{"taxonomy":"post_tag","embeddable":true,"href":"https:\/\/epochtimestr.com\/index.php\/wp-json\/wp\/v2\/tags?post=166611"}],"curies":[{"name":"wp","href":"https:\/\/api.w.org\/{rel}","templated":true}]}}