{"id":166621,"date":"2026-04-06T11:02:18","date_gmt":"2026-04-06T08:02:18","guid":{"rendered":"https:\/\/epochtimestr.com\/?p=166621"},"modified":"2026-04-06T13:31:16","modified_gmt":"2026-04-06T10:31:16","slug":"mersinde-otizm-farkindalik-etkinligi-sadece-2-nisan-degil-her-zaman-farkinda-olunmali","status":"publish","type":"post","link":"https:\/\/epochtimestr.com\/index.php\/mersinde-otizm-farkindalik-etkinligi-sadece-2-nisan-degil-her-zaman-farkinda-olunmali","title":{"rendered":"Mersin\u2019de Otizm Fark\u0131ndal\u0131k Etkinli\u011fi: \u201cSadece 2 Nisan De\u011fil, Her Zaman Fark\u0131nda Olunmal\u0131\u201d"},"content":{"rendered":"<div class=\"wp-block-image\">\n<figure class=\"aligncenter size-large\"><img loading=\"lazy\" decoding=\"async\" width=\"1800\" height=\"1200\" src=\"https:\/\/epochtimestr.com\/wp-content\/uploads\/2011y\/WhatsApp-Image-2026-04-04-at-22.31.41-1800x1200.jpeg\" alt=\"\" class=\"wp-image-166623\" srcset=\"https:\/\/epochtimestr.com\/wp-content\/uploads\/2011y\/WhatsApp-Image-2026-04-04-at-22.31.41-1800x1200.jpeg 1800w, https:\/\/epochtimestr.com\/wp-content\/uploads\/2011y\/WhatsApp-Image-2026-04-04-at-22.31.41-300x200.jpeg 300w, https:\/\/epochtimestr.com\/wp-content\/uploads\/2011y\/WhatsApp-Image-2026-04-04-at-22.31.41-150x100.jpeg 150w, https:\/\/epochtimestr.com\/wp-content\/uploads\/2011y\/WhatsApp-Image-2026-04-04-at-22.31.41-768x512.jpeg 768w, https:\/\/epochtimestr.com\/wp-content\/uploads\/2011y\/WhatsApp-Image-2026-04-04-at-22.31.41-1536x1024.jpeg 1536w, https:\/\/epochtimestr.com\/wp-content\/uploads\/2011y\/WhatsApp-Image-2026-04-04-at-22.31.41.jpeg 1932w\" sizes=\"(max-width: 1800px) 100vw, 1800px\" \/><\/figure><\/div>\n\n\n<p>2 Nisan D\u00fcnya Otizm Fark\u0131ndal\u0131k G\u00fcn\u00fc sebebiyle Mersin\u2019de anlaml\u0131 bir etkinlik d\u00fczenlendi. Otizm Federasyonu, Mezitli Otizme Umut Derne\u011fi ile Mersin Otizm ve \u00d6zel \u00c7ocuk Anneleri Derne\u011fi\u2019nin ortakla\u015fa ger\u00e7ekle\u015ftirdi\u011fi etkinlikte \u00f6zel \u00e7ocuklar ve aileleri bir araya geldi.<\/p>\n\n\n\n<p><strong>Down Cafe\u2019de duygu dolu bulu\u015fma<\/strong><\/p>\n\n\n\n<p>Fark\u0131ndal\u0131k etkinli\u011fi, Mersin\u2019de sosyal sorumluluk odakl\u0131 \u00e7al\u0131\u015fmalar\u0131yla bilinen Down Cafe\u2019de ger\u00e7ekle\u015ftirildi. Etkinlik boyunca hem \u00e7ocuklar hem de aileler keyifli ve unutulmaz anlar ya\u015fad\u0131.<\/p>\n\n\n\n<p><strong>M\u00fczik, \u015fiir ve ne\u015fe bir aradayd\u0131<\/strong><\/p>\n\n\n\n<p>Program kapsam\u0131nda d\u00fczenlenen m\u00fczik etkinlikleri, yar\u0131\u015fmalar ve \u00f6zel \u00e7ocuklar\u0131n sahne performanslar\u0131 kat\u0131l\u0131mc\u0131lara duygusal anlar ya\u015fatt\u0131. \u00c7ocuklar\u0131n seslendirdi\u011fi \u015fark\u0131lar ve okuduklar\u0131 \u015fiirler b\u00fcy\u00fck be\u011feni toplad\u0131. G\u00f6n\u00fcll\u00fc palya\u00e7olar\u0131n katk\u0131lar\u0131yla etkinlik alan\u0131 g\u00fcn boyu renkli g\u00f6r\u00fcnt\u00fclere sahne oldu.<\/p>\n\n\n\n<p><strong>\u201cFark\u0131ndal\u0131k bir g\u00fcne s\u0131\u011fmaz\u201d<\/strong><\/p>\n\n\n\n<p>Etkinlikte konu\u015fan dernek ba\u015fkanlar\u0131, otizme y\u00f6nelik fark\u0131ndal\u0131\u011f\u0131n 2 Nisan ile s\u0131n\u0131rl\u0131 kalmamas\u0131 gerekti\u011fine dikkat \u00e7ekti. Ba\u015fkanlar, ttoplumun her zaman bilin\u00e7li ve duyarl\u0131 olmas\u0131 gerekti\u011fini vurgulad\u0131. Otizmli bireylerin ve ailelerinin ya\u015fad\u0131\u011f\u0131 sorunlara y\u00f6nelik <strong>kesin ve kal\u0131c\u0131 \u00e7\u00f6z\u00fcmler \u00fcretilmesi<\/strong> \u00e7a\u011fr\u0131s\u0131nda bulundu.<\/p>\n\n\n\n<p>Etkinlikte Mersin Otizm ve \u00d6zel \u00c7ocuk Anneleri Derne\u011fi Ba\u015fkan\u0131 Nazmiye Yaman da otizmle ilgili mesaj verdi. Yaman yolumda otizm fark\u0131ndal\u0131\u011f\u0131n s\u00fcreklilik gerektirdi\u011fini ifade etti.<\/p>\n\n\n\n<p>Ger\u00e7ekle\u015ftirilen etkinlik, aileler aras\u0131ndaki dayan\u0131\u015fmay\u0131 g\u00fc\u00e7lendirirken, \u00f6zel \u00e7ocuklar\u0131n sosyal hayata kat\u0131l\u0131m\u0131n\u0131n \u00f6nemini bir kez daha ortaya koydu.<\/p>\n","protected":false},"excerpt":{"rendered":"<p>2 Nisan D\u00fcnya Otizm Fark\u0131ndal\u0131k G\u00fcn\u00fc sebebiyle Mersin\u2019de anlaml\u0131 bir etkinlik d\u00fczenlendi. Otizm Federasyonu, Mezitli Otizme Umut Derne\u011fi ile Mersin Otizm ve \u00d6zel \u00c7ocuk Anneleri Derne\u011fi\u2019nin ortakla\u015fa ger\u00e7ekle\u015ftirdi\u011fi etkinlikte \u00f6zel \u00e7ocuklar ve aileleri bir araya geldi. Down Cafe\u2019de duygu dolu bulu\u015fma Fark\u0131ndal\u0131k etkinli\u011fi, Mersin\u2019de sosyal sorumluluk odakl\u0131 \u00e7al\u0131\u015fmalar\u0131yla bilinen Down Cafe\u2019de ger\u00e7ekle\u015ftirildi. Etkinlik boyunca hem [&hellip;]<\/p>\n","protected":false},"author":12791,"featured_media":166623,"comment_status":"open","ping_status":"open","sticky":false,"template":"","format":"standard","meta":{"_yoast_wpseo_focuskw":"Mersin'de Otizm","_yoast_wpseo_title":"","_yoast_wpseo_metadesc":"2 Nisan D\u00fcnya Otizm Fark\u0131ndal\u0131k G\u00fcn\u00fcnde Mersin'de d\u00fczenlenen etkinlikte \u00f6zel \u00e7ocuklar ve aileleri bir araya geldi.","_bbp_topic_count":0,"_bbp_reply_count":0,"_bbp_total_topic_count":0,"_bbp_total_reply_count":0,"_bbp_voice_count":0,"_bbp_anonymous_reply_count":0,"_bbp_topic_count_hidden":0,"_bbp_reply_count_hidden":0,"_bbp_forum_subforum_count":0,"footnotes":"","_yoast_wpseo_focuskw_text_input":""},"categories":[8419],"tags":[],"yoast_head":"<!-- This site is optimized with the Yoast SEO plugin v23.0 - https:\/\/yoast.com\/wordpress\/plugins\/seo\/ -->\n<title>Mersin\u2019de Otizm Fark\u0131ndal\u0131k Etkinli\u011fi: \u201cSadece 2 Nisan De\u011fil, Her Zaman Fark\u0131nda Olunmal\u0131\u201d - The Epoch Times TR<\/title>\n<meta name=\"description\" content=\"2 Nisan D\u00fcnya Otizm Fark\u0131ndal\u0131k G\u00fcn\u00fcnde Mersin&#039;de d\u00fczenlenen etkinlikte \u00f6zel \u00e7ocuklar ve aileleri bir araya geldi.\" \/>\n<meta name=\"robots\" content=\"index, follow, max-snippet:-1, max-image-preview:large, max-video-preview:-1\" \/>\n<link rel=\"canonical\" href=\"https:\/\/epochtimestr.com\/index.php\/mersinde-otizm-farkindalik-etkinligi-sadece-2-nisan-degil-her-zaman-farkinda-olunmali\" \/>\n<meta property=\"og:locale\" content=\"tr_TR\" \/>\n<meta property=\"og:type\" content=\"article\" \/>\n<meta property=\"og:title\" content=\"Mersin\u2019de Otizm Fark\u0131ndal\u0131k Etkinli\u011fi: \u201cSadece 2 Nisan De\u011fil, Her Zaman Fark\u0131nda Olunmal\u0131\u201d - The Epoch Times TR\" \/>\n<meta property=\"og:description\" content=\"2 Nisan D\u00fcnya Otizm Fark\u0131ndal\u0131k G\u00fcn\u00fcnde Mersin&#039;de d\u00fczenlenen etkinlikte \u00f6zel \u00e7ocuklar ve aileleri bir araya geldi.\" \/>\n<meta property=\"og:url\" content=\"https:\/\/epochtimestr.com\/index.php\/mersinde-otizm-farkindalik-etkinligi-sadece-2-nisan-degil-her-zaman-farkinda-olunmali\" \/>\n<meta property=\"og:site_name\" content=\"The Epoch Times TR\" \/>\n<meta property=\"article:publisher\" content=\"https:\/\/www.facebook.com\/theepochtimestr\" \/>\n<meta property=\"article:published_time\" content=\"2026-04-06T08:02:18+00:00\" \/>\n<meta property=\"article:modified_time\" content=\"2026-04-06T10:31:16+00:00\" \/>\n<meta property=\"og:image\" content=\"https:\/\/epochtimestr.com\/wp-content\/uploads\/2011y\/WhatsApp-Image-2026-04-04-at-22.31.41.jpeg\" \/>\n\t<meta property=\"og:image:width\" content=\"1932\" \/>\n\t<meta property=\"og:image:height\" content=\"1288\" \/>\n\t<meta property=\"og:image:type\" content=\"image\/jpeg\" \/>\n<meta name=\"author\" content=\"Haber Merkezi\" \/>\n<meta name=\"twitter:card\" content=\"summary_large_image\" \/>\n<meta name=\"twitter:creator\" content=\"@TheEpochTimesTR\" \/>\n<meta name=\"twitter:site\" content=\"@TheEpochTimesTR\" \/>\n<meta name=\"twitter:label1\" content=\"Yazan:\" \/>\n\t<meta name=\"twitter:data1\" content=\"Haber Merkezi\" \/>\n\t<meta name=\"twitter:label2\" content=\"Tahmini okuma s\u00fcresi\" \/>\n\t<meta name=\"twitter:data2\" content=\"2 dakika\" \/>\n<script type=\"application\/ld+json\" class=\"yoast-schema-graph\">{\"@context\":\"https:\/\/schema.org\",\"@graph\":[{\"@type\":\"Article\",\"@id\":\"https:\/\/epochtimestr.com\/index.php\/mersinde-otizm-farkindalik-etkinligi-sadece-2-nisan-degil-her-zaman-farkinda-olunmali#article\",\"isPartOf\":{\"@id\":\"https:\/\/epochtimestr.com\/index.php\/mersinde-otizm-farkindalik-etkinligi-sadece-2-nisan-degil-her-zaman-farkinda-olunmali\"},\"author\":{\"name\":\"Haber Merkezi\",\"@id\":\"https:\/\/epochtimestr.com\/#\/schema\/person\/3dc5c3adeb9f43923c5aa85889172fdd\"},\"headline\":\"Mersin\u2019de Otizm Fark\u0131ndal\u0131k Etkinli\u011fi: \u201cSadece 2 Nisan De\u011fil, Her Zaman Fark\u0131nda Olunmal\u0131\u201d\",\"datePublished\":\"2026-04-06T08:02:18+00:00\",\"dateModified\":\"2026-04-06T10:31:16+00:00\",\"mainEntityOfPage\":{\"@id\":\"https:\/\/epochtimestr.com\/index.php\/mersinde-otizm-farkindalik-etkinligi-sadece-2-nisan-degil-her-zaman-farkinda-olunmali\"},\"wordCount\":294,\"commentCount\":0,\"publisher\":{\"@id\":\"https:\/\/epochtimestr.com\/#organization\"},\"image\":{\"@id\":\"https:\/\/epochtimestr.com\/index.php\/mersinde-otizm-farkindalik-etkinligi-sadece-2-nisan-degil-her-zaman-farkinda-olunmali#primaryimage\"},\"thumbnailUrl\":\"https:\/\/epochtimestr.com\/wp-content\/uploads\/2011y\/WhatsApp-Image-2026-04-04-at-22.31.41.jpeg\",\"articleSection\":[\"Ya\u015fam\"],\"inLanguage\":\"tr\",\"potentialAction\":[{\"@type\":\"CommentAction\",\"name\":\"Comment\",\"target\":[\"https:\/\/epochtimestr.com\/index.php\/mersinde-otizm-farkindalik-etkinligi-sadece-2-nisan-degil-her-zaman-farkinda-olunmali#respond\"]}]},{\"@type\":\"WebPage\",\"@id\":\"https:\/\/epochtimestr.com\/index.php\/mersinde-otizm-farkindalik-etkinligi-sadece-2-nisan-degil-her-zaman-farkinda-olunmali\",\"url\":\"https:\/\/epochtimestr.com\/index.php\/mersinde-otizm-farkindalik-etkinligi-sadece-2-nisan-degil-her-zaman-farkinda-olunmali\",\"name\":\"Mersin\u2019de Otizm Fark\u0131ndal\u0131k Etkinli\u011fi: \u201cSadece 2 Nisan De\u011fil, Her Zaman Fark\u0131nda Olunmal\u0131\u201d - The Epoch Times TR\",\"isPartOf\":{\"@id\":\"https:\/\/epochtimestr.com\/#website\"},\"primaryImageOfPage\":{\"@id\":\"https:\/\/epochtimestr.com\/index.php\/mersinde-otizm-farkindalik-etkinligi-sadece-2-nisan-degil-her-zaman-farkinda-olunmali#primaryimage\"},\"image\":{\"@id\":\"https:\/\/epochtimestr.com\/index.php\/mersinde-otizm-farkindalik-etkinligi-sadece-2-nisan-degil-her-zaman-farkinda-olunmali#primaryimage\"},\"thumbnailUrl\":\"https:\/\/epochtimestr.com\/wp-content\/uploads\/2011y\/WhatsApp-Image-2026-04-04-at-22.31.41.jpeg\",\"datePublished\":\"2026-04-06T08:02:18+00:00\",\"dateModified\":\"2026-04-06T10:31:16+00:00\",\"description\":\"2 Nisan D\u00fcnya Otizm Fark\u0131ndal\u0131k G\u00fcn\u00fcnde Mersin'de d\u00fczenlenen etkinlikte \u00f6zel \u00e7ocuklar ve aileleri bir araya geldi.\",\"inLanguage\":\"tr\",\"potentialAction\":[{\"@type\":\"ReadAction\",\"target\":[\"https:\/\/epochtimestr.com\/index.php\/mersinde-otizm-farkindalik-etkinligi-sadece-2-nisan-degil-her-zaman-farkinda-olunmali\"]}]},{\"@type\":\"ImageObject\",\"inLanguage\":\"tr\",\"@id\":\"https:\/\/epochtimestr.com\/index.php\/mersinde-otizm-farkindalik-etkinligi-sadece-2-nisan-degil-her-zaman-farkinda-olunmali#primaryimage\",\"url\":\"https:\/\/epochtimestr.com\/wp-content\/uploads\/2011y\/WhatsApp-Image-2026-04-04-at-22.31.41.jpeg\",\"contentUrl\":\"https:\/\/epochtimestr.com\/wp-content\/uploads\/2011y\/WhatsApp-Image-2026-04-04-at-22.31.41.jpeg\",\"width\":1932,\"height\":1288},{\"@type\":\"WebSite\",\"@id\":\"https:\/\/epochtimestr.com\/#website\",\"url\":\"https:\/\/epochtimestr.com\/\",\"name\":\"The Epoch Times TR\",\"description\":\"De\u011fi\u015fen D\u00fcnyam\u0131za Taze Bir Bak\u0131\u015f\",\"publisher\":{\"@id\":\"https:\/\/epochtimestr.com\/#organization\"},\"potentialAction\":[{\"@type\":\"SearchAction\",\"target\":{\"@type\":\"EntryPoint\",\"urlTemplate\":\"https:\/\/epochtimestr.com\/?s={search_term_string}\"},\"query-input\":\"required name=search_term_string\"}],\"inLanguage\":\"tr\"},{\"@type\":\"Organization\",\"@id\":\"https:\/\/epochtimestr.com\/#organization\",\"name\":\"The EpochTimes T\u00fcrkiye\",\"url\":\"https:\/\/epochtimestr.com\/\",\"logo\":{\"@type\":\"ImageObject\",\"inLanguage\":\"tr\",\"@id\":\"https:\/\/epochtimestr.com\/#\/schema\/logo\/image\/\",\"url\":\"https:\/\/epochtimestr.com\/wp-content\/uploads\/2011y\/ET-Logo-YG.jpg\",\"contentUrl\":\"https:\/\/epochtimestr.com\/wp-content\/uploads\/2011y\/ET-Logo-YG.jpg\",\"width\":346,\"height\":29,\"caption\":\"The EpochTimes T\u00fcrkiye\"},\"image\":{\"@id\":\"https:\/\/epochtimestr.com\/#\/schema\/logo\/image\/\"},\"sameAs\":[\"https:\/\/www.facebook.com\/theepochtimestr\",\"https:\/\/x.com\/TheEpochTimesTR\",\"https:\/\/www.instagram.com\/epochtimestr\"]},{\"@type\":\"Person\",\"@id\":\"https:\/\/epochtimestr.com\/#\/schema\/person\/3dc5c3adeb9f43923c5aa85889172fdd\",\"name\":\"Haber Merkezi\",\"image\":{\"@type\":\"ImageObject\",\"inLanguage\":\"tr\",\"@id\":\"https:\/\/epochtimestr.com\/#\/schema\/person\/image\/\",\"url\":\"https:\/\/secure.gravatar.com\/avatar\/d73f772ba5a74f28601361e17c2f93e6?s=96&d=mm&r=g\",\"contentUrl\":\"https:\/\/secure.gravatar.com\/avatar\/d73f772ba5a74f28601361e17c2f93e6?s=96&d=mm&r=g\",\"caption\":\"Haber Merkezi\"},\"url\":\"https:\/\/epochtimestr.com\/index.php\/author\/sendag\"}]}<\/script>\n<!-- \/ Yoast SEO plugin. -->","yoast_head_json":{"title":"Mersin\u2019de Otizm Fark\u0131ndal\u0131k Etkinli\u011fi: \u201cSadece 2 Nisan De\u011fil, Her Zaman Fark\u0131nda Olunmal\u0131\u201d - The Epoch Times TR","description":"2 Nisan D\u00fcnya Otizm Fark\u0131ndal\u0131k G\u00fcn\u00fcnde Mersin'de d\u00fczenlenen etkinlikte \u00f6zel \u00e7ocuklar ve aileleri bir araya geldi.","robots":{"index":"index","follow":"follow","max-snippet":"max-snippet:-1","max-image-preview":"max-image-preview:large","max-video-preview":"max-video-preview:-1"},"canonical":"https:\/\/epochtimestr.com\/index.php\/mersinde-otizm-farkindalik-etkinligi-sadece-2-nisan-degil-her-zaman-farkinda-olunmali","og_locale":"tr_TR","og_type":"article","og_title":"Mersin\u2019de Otizm Fark\u0131ndal\u0131k Etkinli\u011fi: \u201cSadece 2 Nisan De\u011fil, Her Zaman Fark\u0131nda Olunmal\u0131\u201d - The Epoch Times TR","og_description":"2 Nisan D\u00fcnya Otizm Fark\u0131ndal\u0131k G\u00fcn\u00fcnde Mersin'de d\u00fczenlenen etkinlikte \u00f6zel \u00e7ocuklar ve aileleri bir araya geldi.","og_url":"https:\/\/epochtimestr.com\/index.php\/mersinde-otizm-farkindalik-etkinligi-sadece-2-nisan-degil-her-zaman-farkinda-olunmali","og_site_name":"The Epoch Times TR","article_publisher":"https:\/\/www.facebook.com\/theepochtimestr","article_published_time":"2026-04-06T08:02:18+00:00","article_modified_time":"2026-04-06T10:31:16+00:00","og_image":[{"width":1932,"height":1288,"url":"https:\/\/epochtimestr.com\/wp-content\/uploads\/2011y\/WhatsApp-Image-2026-04-04-at-22.31.41.jpeg","type":"image\/jpeg"}],"author":"Haber Merkezi","twitter_card":"summary_large_image","twitter_creator":"@TheEpochTimesTR","twitter_site":"@TheEpochTimesTR","twitter_misc":{"Yazan:":"Haber Merkezi","Tahmini okuma s\u00fcresi":"2 dakika"},"schema":{"@context":"https:\/\/schema.org","@graph":[{"@type":"Article","@id":"https:\/\/epochtimestr.com\/index.php\/mersinde-otizm-farkindalik-etkinligi-sadece-2-nisan-degil-her-zaman-farkinda-olunmali#article","isPartOf":{"@id":"https:\/\/epochtimestr.com\/index.php\/mersinde-otizm-farkindalik-etkinligi-sadece-2-nisan-degil-her-zaman-farkinda-olunmali"},"author":{"name":"Haber Merkezi","@id":"https:\/\/epochtimestr.com\/#\/schema\/person\/3dc5c3adeb9f43923c5aa85889172fdd"},"headline":"Mersin\u2019de Otizm Fark\u0131ndal\u0131k Etkinli\u011fi: \u201cSadece 2 Nisan De\u011fil, Her Zaman Fark\u0131nda Olunmal\u0131\u201d","datePublished":"2026-04-06T08:02:18+00:00","dateModified":"2026-04-06T10:31:16+00:00","mainEntityOfPage":{"@id":"https:\/\/epochtimestr.com\/index.php\/mersinde-otizm-farkindalik-etkinligi-sadece-2-nisan-degil-her-zaman-farkinda-olunmali"},"wordCount":294,"commentCount":0,"publisher":{"@id":"https:\/\/epochtimestr.com\/#organization"},"image":{"@id":"https:\/\/epochtimestr.com\/index.php\/mersinde-otizm-farkindalik-etkinligi-sadece-2-nisan-degil-her-zaman-farkinda-olunmali#primaryimage"},"thumbnailUrl":"https:\/\/epochtimestr.com\/wp-content\/uploads\/2011y\/WhatsApp-Image-2026-04-04-at-22.31.41.jpeg","articleSection":["Ya\u015fam"],"inLanguage":"tr","potentialAction":[{"@type":"CommentAction","name":"Comment","target":["https:\/\/epochtimestr.com\/index.php\/mersinde-otizm-farkindalik-etkinligi-sadece-2-nisan-degil-her-zaman-farkinda-olunmali#respond"]}]},{"@type":"WebPage","@id":"https:\/\/epochtimestr.com\/index.php\/mersinde-otizm-farkindalik-etkinligi-sadece-2-nisan-degil-her-zaman-farkinda-olunmali","url":"https:\/\/epochtimestr.com\/index.php\/mersinde-otizm-farkindalik-etkinligi-sadece-2-nisan-degil-her-zaman-farkinda-olunmali","name":"Mersin\u2019de Otizm Fark\u0131ndal\u0131k Etkinli\u011fi: \u201cSadece 2 Nisan De\u011fil, Her Zaman Fark\u0131nda Olunmal\u0131\u201d - The Epoch Times TR","isPartOf":{"@id":"https:\/\/epochtimestr.com\/#website"},"primaryImageOfPage":{"@id":"https:\/\/epochtimestr.com\/index.php\/mersinde-otizm-farkindalik-etkinligi-sadece-2-nisan-degil-her-zaman-farkinda-olunmali#primaryimage"},"image":{"@id":"https:\/\/epochtimestr.com\/index.php\/mersinde-otizm-farkindalik-etkinligi-sadece-2-nisan-degil-her-zaman-farkinda-olunmali#primaryimage"},"thumbnailUrl":"https:\/\/epochtimestr.com\/wp-content\/uploads\/2011y\/WhatsApp-Image-2026-04-04-at-22.31.41.jpeg","datePublished":"2026-04-06T08:02:18+00:00","dateModified":"2026-04-06T10:31:16+00:00","description":"2 Nisan D\u00fcnya Otizm Fark\u0131ndal\u0131k G\u00fcn\u00fcnde Mersin'de d\u00fczenlenen etkinlikte \u00f6zel \u00e7ocuklar ve aileleri bir araya geldi.","inLanguage":"tr","potentialAction":[{"@type":"ReadAction","target":["https:\/\/epochtimestr.com\/index.php\/mersinde-otizm-farkindalik-etkinligi-sadece-2-nisan-degil-her-zaman-farkinda-olunmali"]}]},{"@type":"ImageObject","inLanguage":"tr","@id":"https:\/\/epochtimestr.com\/index.php\/mersinde-otizm-farkindalik-etkinligi-sadece-2-nisan-degil-her-zaman-farkinda-olunmali#primaryimage","url":"https:\/\/epochtimestr.com\/wp-content\/uploads\/2011y\/WhatsApp-Image-2026-04-04-at-22.31.41.jpeg","contentUrl":"https:\/\/epochtimestr.com\/wp-content\/uploads\/2011y\/WhatsApp-Image-2026-04-04-at-22.31.41.jpeg","width":1932,"height":1288},{"@type":"WebSite","@id":"https:\/\/epochtimestr.com\/#website","url":"https:\/\/epochtimestr.com\/","name":"The Epoch Times TR","description":"De\u011fi\u015fen D\u00fcnyam\u0131za Taze Bir Bak\u0131\u015f","publisher":{"@id":"https:\/\/epochtimestr.com\/#organization"},"potentialAction":[{"@type":"SearchAction","target":{"@type":"EntryPoint","urlTemplate":"https:\/\/epochtimestr.com\/?s={search_term_string}"},"query-input":"required name=search_term_string"}],"inLanguage":"tr"},{"@type":"Organization","@id":"https:\/\/epochtimestr.com\/#organization","name":"The EpochTimes T\u00fcrkiye","url":"https:\/\/epochtimestr.com\/","logo":{"@type":"ImageObject","inLanguage":"tr","@id":"https:\/\/epochtimestr.com\/#\/schema\/logo\/image\/","url":"https:\/\/epochtimestr.com\/wp-content\/uploads\/2011y\/ET-Logo-YG.jpg","contentUrl":"https:\/\/epochtimestr.com\/wp-content\/uploads\/2011y\/ET-Logo-YG.jpg","width":346,"height":29,"caption":"The EpochTimes T\u00fcrkiye"},"image":{"@id":"https:\/\/epochtimestr.com\/#\/schema\/logo\/image\/"},"sameAs":["https:\/\/www.facebook.com\/theepochtimestr","https:\/\/x.com\/TheEpochTimesTR","https:\/\/www.instagram.com\/epochtimestr"]},{"@type":"Person","@id":"https:\/\/epochtimestr.com\/#\/schema\/person\/3dc5c3adeb9f43923c5aa85889172fdd","name":"Haber Merkezi","image":{"@type":"ImageObject","inLanguage":"tr","@id":"https:\/\/epochtimestr.com\/#\/schema\/person\/image\/","url":"https:\/\/secure.gravatar.com\/avatar\/d73f772ba5a74f28601361e17c2f93e6?s=96&d=mm&r=g","contentUrl":"https:\/\/secure.gravatar.com\/avatar\/d73f772ba5a74f28601361e17c2f93e6?s=96&d=mm&r=g","caption":"Haber Merkezi"},"url":"https:\/\/epochtimestr.com\/index.php\/author\/sendag"}]}},"_links":{"self":[{"href":"https:\/\/epochtimestr.com\/index.php\/wp-json\/wp\/v2\/posts\/166621"}],"collection":[{"href":"https:\/\/epochtimestr.com\/index.php\/wp-json\/wp\/v2\/posts"}],"about":[{"href":"https:\/\/epochtimestr.com\/index.php\/wp-json\/wp\/v2\/types\/post"}],"author":[{"embeddable":true,"href":"https:\/\/epochtimestr.com\/index.php\/wp-json\/wp\/v2\/users\/12791"}],"replies":[{"embeddable":true,"href":"https:\/\/epochtimestr.com\/index.php\/wp-json\/wp\/v2\/comments?post=166621"}],"version-history":[{"count":1,"href":"https:\/\/epochtimestr.com\/index.php\/wp-json\/wp\/v2\/posts\/166621\/revisions"}],"predecessor-version":[{"id":166624,"href":"https:\/\/epochtimestr.com\/index.php\/wp-json\/wp\/v2\/posts\/166621\/revisions\/166624"}],"wp:featuredmedia":[{"embeddable":true,"href":"https:\/\/epochtimestr.com\/index.php\/wp-json\/wp\/v2\/media\/166623"}],"wp:attachment":[{"href":"https:\/\/epochtimestr.com\/index.php\/wp-json\/wp\/v2\/media?parent=166621"}],"wp:term":[{"taxonomy":"category","embeddable":true,"href":"https:\/\/epochtimestr.com\/index.php\/wp-json\/wp\/v2\/categories?post=166621"},{"taxonomy":"post_tag","embeddable":true,"href":"https:\/\/epochtimestr.com\/index.php\/wp-json\/wp\/v2\/tags?post=166621"}],"curies":[{"name":"wp","href":"https:\/\/api.w.org\/{rel}","templated":true}]}}