{"id":166637,"date":"2026-04-07T11:11:23","date_gmt":"2026-04-07T08:11:23","guid":{"rendered":"https:\/\/epochtimestr.com\/?p=166637"},"modified":"2026-04-07T11:57:28","modified_gmt":"2026-04-07T08:57:28","slug":"adana-portakal-cicegi-festivali","status":"publish","type":"post","link":"https:\/\/epochtimestr.com\/index.php\/adana-portakal-cicegi-festivali","title":{"rendered":"Adana Portakal \u00c7i\u00e7e\u011fi Festivali"},"content":{"rendered":"\n<h2 class=\"wp-block-heading\">Adana Portakal \u00c7i\u00e7e\u011fi Festivali, farkl\u0131 dillerin ve k\u00fclt\u00fcrlerin \u2018portakal \u00e7i\u00e7e\u011fi\u2019 kokusunda birle\u015fti\u011fi, \u00f6zel bir festival.<\/h2>\n\n\n\n<p>Uluslararas\u0131 boyutu sayesinde farkl\u0131 dillerin ve k\u00fclt\u00fcrlerin \u2018portakal \u00e7i\u00e7e\u011fi\u2019 kokusunda birle\u015fti\u011fi bu \u00f6zel hafta sonu, karnaval\u0131n neden bir T\u00fcrkiye klasi\u011fi oldu\u011funu bir kez daha kan\u0131tl\u0131yor. Adeta evrensel bir kutlamaya d\u00f6n\u00fc\u015ft\u00fc ve bir dostluk k\u00f6pr\u00fcs\u00fc olu\u015ftu.<\/p>\n\n\n\n<p>Nisan ay\u0131n\u0131n o kendine has, insan\u0131n i\u00e7ine i\u015fleyen taze kokusunu hi\u00e7 Adana\u2019da soludunuz mu? Hele ki portakal \u00e7i\u00e7eklerinin \u015fehri ba\u015ftan sona sard\u0131\u011f\u0131 g\u00fcnlerde\u2026 4-5 Nisan tarihlerinde Adana, yaln\u0131zca bir \u015fehir olmaktan \u00e7\u0131k\u0131p, adeta bir sahneye d\u00f6n\u00fc\u015f\u00fcyor. Sokaklar, caddeler, parklar, hepsi reng\u00e2renk bir hik\u00e2yenin par\u00e7as\u0131 oluyor. \u0130\u015fte tam da bu y\u00fczden Uluslararas\u0131 Adana Portakal \u00c7i\u00e7e\u011fi Festivali, yaln\u0131zca bir etkinlik de\u011fil; t\u00fcm duyulara hitap eden, hissederek ya\u015fanan bir deneyim.<\/p>\n\n\n<div class=\"wp-block-image\">\n<figure class=\"aligncenter size-full\"><img loading=\"lazy\" decoding=\"async\" width=\"1600\" height=\"777\" src=\"https:\/\/epochtimestr.com\/wp-content\/uploads\/2011y\/koro.jpeg\" alt=\"2026 Adana Portakal \u00c7i\u00e7e\u011fi Festivali (Foto\u011fraf: Aysel \u00d6zcan Yeti\u015f)\" class=\"wp-image-166646\" srcset=\"https:\/\/epochtimestr.com\/wp-content\/uploads\/2011y\/koro.jpeg 1600w, https:\/\/epochtimestr.com\/wp-content\/uploads\/2011y\/koro-300x146.jpeg 300w, https:\/\/epochtimestr.com\/wp-content\/uploads\/2011y\/koro-150x73.jpeg 150w, https:\/\/epochtimestr.com\/wp-content\/uploads\/2011y\/koro-768x373.jpeg 768w, https:\/\/epochtimestr.com\/wp-content\/uploads\/2011y\/koro-1536x746.jpeg 1536w\" sizes=\"(max-width: 1600px) 100vw, 1600px\" \/><figcaption class=\"wp-element-caption\">2026 Adana Portakal \u00c7i\u00e7e\u011fi Festivali (Foto\u011fraf: Aysel \u00d6zcan Yeti\u015f)<\/figcaption><\/figure><\/div>\n\n\n<p>T\u00fcrkiye\u2019nin ilk karnaval\u0131 olma \u00f6zelli\u011fini ta\u015f\u0131yan bu festival, bahar\u0131n geli\u015fini s\u0131radan bir \u015fekilde kutlamak yerine, onu co\u015fkuyla, m\u00fczikle ve kahkahayla kar\u015f\u0131l\u0131yor. Daha \u015fehre ad\u0131m att\u0131\u011f\u0131n\u0131z anda sizi kar\u015f\u0131layan o yo\u011fun portakal \u00e7i\u00e7e\u011fi kokusu, bu yolculu\u011fun s\u0131radan bir gezi olmayaca\u011f\u0131n\u0131 f\u0131s\u0131ld\u0131yor. \u0130nsan, bu kokunun pe\u015fine tak\u0131l\u0131p kendini kalabal\u0131\u011f\u0131n ritmine b\u0131rakmak istiyor.<\/p>\n\n\n<div class=\"wp-block-image\">\n<figure class=\"aligncenter size-full\"><img loading=\"lazy\" decoding=\"async\" width=\"1600\" height=\"777\" src=\"https:\/\/epochtimestr.com\/wp-content\/uploads\/2011y\/satici-teyze.jpeg\" alt=\"2026 Adana Portakal \u00c7i\u00e7e\u011fi Festivali (Foto\u011fraf: Aysel \u00d6zcan Yeti\u015f)\" class=\"wp-image-166645\" srcset=\"https:\/\/epochtimestr.com\/wp-content\/uploads\/2011y\/satici-teyze.jpeg 1600w, https:\/\/epochtimestr.com\/wp-content\/uploads\/2011y\/satici-teyze-300x146.jpeg 300w, https:\/\/epochtimestr.com\/wp-content\/uploads\/2011y\/satici-teyze-150x73.jpeg 150w, https:\/\/epochtimestr.com\/wp-content\/uploads\/2011y\/satici-teyze-768x373.jpeg 768w, https:\/\/epochtimestr.com\/wp-content\/uploads\/2011y\/satici-teyze-1536x746.jpeg 1536w\" sizes=\"(max-width: 1600px) 100vw, 1600px\" \/><figcaption class=\"wp-element-caption\">2026 Adana Portakal \u00c7i\u00e7e\u011fi Festivali (Foto\u011fraf: Aysel \u00d6zcan Yeti\u015f)<\/figcaption><\/figure><\/div>\n\n\n<p>Adana\u2019n\u0131n s\u0131cak insanlar\u0131yla birle\u015fen festival ruhu, ziyaret\u00e7ileri an\u0131nda i\u00e7ine \u00e7ekiyor. Renkli kost\u00fcmlerle s\u00fcslenmi\u015f kortej y\u00fcr\u00fcy\u00fc\u015fleri, sokak sanat\u00e7\u0131lar\u0131, m\u00fczik seslerinin birbirine kar\u0131\u015ft\u0131\u011f\u0131 caddeler\u2026 Her k\u00f6\u015fe ba\u015f\u0131nda ba\u015fka bir hik\u00e2ye, ba\u015fka bir ritim var. Bir yanda dans eden insanlar, di\u011fer yanda sadece izleyip g\u00fcl\u00fcmseyenler\u2026 Ama herkesin ortak noktas\u0131 ayn\u0131: an\u0131n tad\u0131n\u0131 \u00e7\u0131karmak.<\/p>\n\n\n\n<h3 class=\"wp-block-heading\">Farkl\u0131 K\u00fclt\u00fcrler Ayn\u0131 Sokakta<\/h3>\n\n\n\n<p>Festivalin en b\u00fcy\u00fcleyici taraflar\u0131ndan biri de bu co\u015fkunun s\u0131n\u0131r tan\u0131mamas\u0131. Yerli ve yabanc\u0131 binlerce insan\u0131n bir araya geldi\u011fi bu etkinlik, farkl\u0131 k\u00fclt\u00fcrleri ayn\u0131 sokakta bulu\u015fturuyor. Adana\u2019n\u0131n kendine has mutfa\u011f\u0131, m\u00fczi\u011fi ve enerjisiyle birle\u015fince ortaya unutulmaz bir atmosfer \u00e7\u0131k\u0131yor. Bu sadece bir festival de\u011fil; ayn\u0131 zamanda bir bulu\u015fma, bir payla\u015f\u0131m ve bir hat\u0131ra biriktirme alan\u0131.<\/p>\n\n\n\n<p>Ve belki de en g\u00fczel yan\u0131 \u015fu: Bu karnavalda kimse yabanc\u0131 de\u011fil. \u0130ster ilk kez gelmi\u015f olun, ister y\u0131llard\u0131r her Nisan\u2019da burada bulunuyor olun\u2026 Bir s\u00fcre sonra kendinizi kalabal\u0131\u011f\u0131n bir par\u00e7as\u0131 olarak de\u011fil, onun ta kendisi olarak hissediyorsunuz. \u00c7\u00fcnk\u00fc Adana\u2019da portakal \u00e7i\u00e7ekleri a\u00e7t\u0131\u011f\u0131nda, \u015fehir sadece g\u00fczelle\u015fmez; insan\u0131n i\u00e7i de \u00e7i\u00e7eklenir.<\/p>\n\n\n<div class=\"wp-block-image\">\n<figure class=\"aligncenter size-full\"><img loading=\"lazy\" decoding=\"async\" width=\"1600\" height=\"900\" src=\"https:\/\/epochtimestr.com\/wp-content\/uploads\/2011y\/kalabalik.jpeg\" alt=\"2026 Adana Portakal \u00c7i\u00e7e\u011fi Festivali (Foto\u011fraf: Aysel \u00d6zcan Yeti\u015f)\" class=\"wp-image-166640\" srcset=\"https:\/\/epochtimestr.com\/wp-content\/uploads\/2011y\/kalabalik.jpeg 1600w, https:\/\/epochtimestr.com\/wp-content\/uploads\/2011y\/kalabalik-300x169.jpeg 300w, https:\/\/epochtimestr.com\/wp-content\/uploads\/2011y\/kalabalik-150x84.jpeg 150w, https:\/\/epochtimestr.com\/wp-content\/uploads\/2011y\/kalabalik-768x432.jpeg 768w, https:\/\/epochtimestr.com\/wp-content\/uploads\/2011y\/kalabalik-1536x864.jpeg 1536w\" sizes=\"(max-width: 1600px) 100vw, 1600px\" \/><figcaption class=\"wp-element-caption\">2026 Adana Portakal \u00c7i\u00e7e\u011fi Festivali (Foto\u011fraf: Aysel \u00d6zcan Yeti\u015f)<\/figcaption><\/figure><\/div>\n\n\n<p>2013 y\u0131l\u0131ndan bu yana her bahar yeniden hayat bulan bu b\u00fcy\u00fcleyici hik\u00e2ye, asl\u0131nda bir hayalle ba\u015flad\u0131. \u0130\u015f insan\u0131 Ali Haydar Bozkurt\u2019un \u00f6nc\u00fcl\u00fc\u011f\u00fcnde filizlenen bu fikir, zamanla sadece bir etkinlik olmaktan \u00e7\u0131k\u0131p, kentin ruhuna kar\u0131\u015fan b\u00fcy\u00fck bir karnavala d\u00f6n\u00fc\u015ft\u00fc. Bug\u00fcn 14. kez kutlanan Uluslararas\u0131 Adana Portakal \u00c7i\u00e7e\u011fi Festivali, yerel y\u00f6netimlerin, ba\u015fta Zeydan Karalar olmak \u00fczere bir\u00e7ok payda\u015f\u0131n, sivil toplum kurulu\u015flar\u0131n\u0131n, kanaat \u00f6nderlerinin, sanat\u00e7\u0131lar\u0131n ve \u00f6zel sekt\u00f6r\u00fcn ortak eme\u011fiyle b\u00fcy\u00fcd\u00fc. Bug\u00fcn T\u00fcrkiye\u2019nin ilk ve en \u00f6zg\u00fcn sokak karnaval\u0131 olma \u00f6zelli\u011fini ta\u015f\u0131yor. Ancak belki de onu as\u0131l \u00f6zel k\u0131lan, Adana halk\u0131n\u0131n bu festivali sahiplenmesi, haz\u0131rlamas\u0131 ve i\u00e7tenlikle ya\u015fatmas\u0131.<\/p>\n\n\n\n<h3 class=\"wp-block-heading\">Festival\u2019de Dikkat \u00c7eken \u0130simler<\/h3>\n\n\n\n<p>Evet, Festivalin olmazsa olmaz\u0131, \u201cAdana gibi ba\u015fkan!\u201d Zeydan Karalar, olmasa buruk olurdu. <a href=\"https:\/\/epochtimestr.com\/index.php\/chp-yarin-adanada-zeydan-karalara-ozgurluk-mitingi-duzenleyecek\" target=\"_blank\" rel=\"noreferrer noopener\">Adana halk\u0131n\u0131n<\/a> sevgilisi. Adana ba\u015fkan\u0131na kavu\u015ftu. Kortej ba\u015flamadan sevgili e\u015fi ile geldi halkla kucakla\u015ft\u0131. Fatih Altayl\u0131 ve \u00d6zlem G\u00fcrses gibi duayen gazetecilerimizi g\u00f6r\u00fcnce \u00e7ok mutlu olduk. Ve Ay\u015fe Arman. Kortejin ilk a\u00e7\u0131l\u0131\u015f\u0131n\u0131 motorla Ay\u015fe Arman yapt\u0131. \u00d6nce \u201caaa\u2026\u201d dedim, sonra g\u00fcl\u00fcmsedim cesur y\u00fcrek kendine yak\u0131\u015fan\u0131 yapt\u0131; yine bizi g\u00fcl\u00fcmsetti. Nisanda Adana\u2019da olmak, tertemiz bir bahara girmek gibi. Herkesin e\u011flendi\u011fi, g\u00fcld\u00fc\u011f\u00fc, yeni dostluklar\u0131n, a\u015fklar\u0131n filizlendi\u011fi bir festivaldi. Te\u015fekk\u00fcrler Adana\u2026<\/p>\n\n\n\n<div class=\"wp-block-columns is-layout-flex wp-container-core-columns-is-layout-1 wp-block-columns-is-layout-flex\">\n<div class=\"wp-block-column is-layout-flow wp-block-column-is-layout-flow\">\n<figure class=\"wp-block-image size-full is-resized\"><img loading=\"lazy\" decoding=\"async\" width=\"1080\" height=\"1157\" src=\"https:\/\/epochtimestr.com\/wp-content\/uploads\/2011y\/fatih.jpeg\" alt=\"\" class=\"wp-image-166641\" style=\"width:371px;height:auto\" srcset=\"https:\/\/epochtimestr.com\/wp-content\/uploads\/2011y\/fatih.jpeg 1080w, https:\/\/epochtimestr.com\/wp-content\/uploads\/2011y\/fatih-280x300.jpeg 280w, https:\/\/epochtimestr.com\/wp-content\/uploads\/2011y\/fatih-140x150.jpeg 140w, https:\/\/epochtimestr.com\/wp-content\/uploads\/2011y\/fatih-768x823.jpeg 768w\" sizes=\"(max-width: 1080px) 100vw, 1080px\" \/><figcaption class=\"wp-element-caption\">(Foto\u011fraf: ozlemgurses, Instagram hesab\u0131ndan)<\/figcaption><\/figure>\n<\/div>\n\n\n\n<div class=\"wp-block-column is-layout-flow wp-block-column-is-layout-flow\">\n<figure class=\"wp-block-image size-full\"><img loading=\"lazy\" decoding=\"async\" width=\"749\" height=\"717\" src=\"https:\/\/epochtimestr.com\/wp-content\/uploads\/2011y\/zeydan-2.jpg\" alt=\"\" class=\"wp-image-166643\" srcset=\"https:\/\/epochtimestr.com\/wp-content\/uploads\/2011y\/zeydan-2.jpg 749w, https:\/\/epochtimestr.com\/wp-content\/uploads\/2011y\/zeydan-2-300x287.jpg 300w, https:\/\/epochtimestr.com\/wp-content\/uploads\/2011y\/zeydan-2-150x144.jpg 150w\" sizes=\"(max-width: 749px) 100vw, 749px\" \/><figcaption class=\"wp-element-caption\">(Foto\u011fraf: zeydankaralar01, Instagram hesab\u0131ndan)<\/figcaption><\/figure>\n<\/div>\n<\/div>\n\n\n\n<p>Bu y\u00fczden Adana\u2019da portakal \u00e7i\u00e7ekleri a\u00e7t\u0131\u011f\u0131nda sadece a\u011fa\u00e7lar de\u011fil, bir kentin kalbi de \u00e7i\u00e7ekleniyor. Eme\u011fi ge\u00e7en herkese duyulan minnet, sokaklarda yank\u0131lanan m\u00fcziklere kar\u0131\u015f\u0131yor; her g\u00fcl\u00fcmsemede, her ad\u0131mda hissediliyor. Ve \u015fimdi bu sat\u0131rlar\u0131 tamamlarken insan\u0131n akl\u0131nda tek bir d\u00fc\u015f\u00fcnce kal\u0131yor: Bu hik\u00e2ye burada bitmiyor. Gelecek baharda, ayn\u0131 kokunun pe\u015finden yeniden Adana sokaklar\u0131nda bulu\u015fmak dile\u011fiyle\u2026 \u00c7\u00fcnk\u00fc baz\u0131 yolculuklar bir kez ya\u015fanmaz, her y\u0131l yeniden \u00e7a\u011f\u0131r\u0131r.<\/p>\n","protected":false},"excerpt":{"rendered":"<p>Adana Portakal \u00c7i\u00e7e\u011fi Festivali, farkl\u0131 dillerin ve k\u00fclt\u00fcrlerin \u2018portakal \u00e7i\u00e7e\u011fi\u2019 kokusunda birle\u015fti\u011fi, \u00f6zel bir festival. Uluslararas\u0131 boyutu sayesinde farkl\u0131 dillerin ve k\u00fclt\u00fcrlerin \u2018portakal \u00e7i\u00e7e\u011fi\u2019 kokusunda birle\u015fti\u011fi bu \u00f6zel hafta sonu, karnaval\u0131n neden bir T\u00fcrkiye klasi\u011fi oldu\u011funu bir kez daha kan\u0131tl\u0131yor. Adeta evrensel bir kutlamaya d\u00f6n\u00fc\u015ft\u00fc ve bir dostluk k\u00f6pr\u00fcs\u00fc olu\u015ftu. Nisan ay\u0131n\u0131n o kendine has, [&hellip;]<\/p>\n","protected":false},"author":14005,"featured_media":163897,"comment_status":"open","ping_status":"open","sticky":false,"template":"","format":"standard","meta":{"_yoast_wpseo_focuskw":"Adana Portakal \u00c7i\u00e7e\u011fi Festivali","_yoast_wpseo_title":"","_yoast_wpseo_metadesc":"Adana Portakal \u00c7i\u00e7e\u011fi Festivali, farkl\u0131 dillerin ve k\u00fclt\u00fcrlerin \u2018portakal \u00e7i\u00e7e\u011fi\u2019 kokusunda birle\u015fti\u011fi, \u00f6zel bir festival.","_bbp_topic_count":0,"_bbp_reply_count":0,"_bbp_total_topic_count":0,"_bbp_total_reply_count":0,"_bbp_voice_count":0,"_bbp_anonymous_reply_count":0,"_bbp_topic_count_hidden":0,"_bbp_reply_count_hidden":0,"_bbp_forum_subforum_count":0,"footnotes":"","_yoast_wpseo_focuskw_text_input":""},"categories":[10057],"tags":[6955],"yoast_head":"<!-- This site is optimized with the Yoast SEO plugin v23.0 - https:\/\/yoast.com\/wordpress\/plugins\/seo\/ -->\n<title>Adana Portakal \u00c7i\u00e7e\u011fi Festivali - The Epoch Times TR<\/title>\n<meta name=\"description\" content=\"Adana Portakal \u00c7i\u00e7e\u011fi Festivali, farkl\u0131 dillerin ve k\u00fclt\u00fcrlerin \u2018portakal \u00e7i\u00e7e\u011fi\u2019 kokusunda birle\u015fti\u011fi, \u00f6zel bir festival.\" \/>\n<meta name=\"robots\" content=\"index, follow, max-snippet:-1, max-image-preview:large, max-video-preview:-1\" \/>\n<link rel=\"canonical\" href=\"https:\/\/epochtimestr.com\/index.php\/adana-portakal-cicegi-festivali\" \/>\n<meta property=\"og:locale\" content=\"tr_TR\" \/>\n<meta property=\"og:type\" content=\"article\" \/>\n<meta property=\"og:title\" content=\"Adana Portakal \u00c7i\u00e7e\u011fi Festivali - The Epoch Times TR\" \/>\n<meta property=\"og:description\" content=\"Adana Portakal \u00c7i\u00e7e\u011fi Festivali, farkl\u0131 dillerin ve k\u00fclt\u00fcrlerin \u2018portakal \u00e7i\u00e7e\u011fi\u2019 kokusunda birle\u015fti\u011fi, \u00f6zel bir festival.\" \/>\n<meta property=\"og:url\" content=\"https:\/\/epochtimestr.com\/index.php\/adana-portakal-cicegi-festivali\" \/>\n<meta property=\"og:site_name\" content=\"The Epoch Times TR\" \/>\n<meta property=\"article:publisher\" content=\"https:\/\/www.facebook.com\/theepochtimestr\" \/>\n<meta property=\"article:published_time\" content=\"2026-04-07T08:11:23+00:00\" \/>\n<meta property=\"article:modified_time\" content=\"2026-04-07T08:57:28+00:00\" \/>\n<meta property=\"og:image\" content=\"https:\/\/epochtimestr.com\/wp-content\/uploads\/2011y\/Aysel-Yetis-SM3.png\" \/>\n\t<meta property=\"og:image:width\" content=\"1200\" \/>\n\t<meta property=\"og:image:height\" content=\"630\" \/>\n\t<meta property=\"og:image:type\" content=\"image\/png\" \/>\n<meta name=\"author\" content=\"Aysel \u00d6zcan Yeti\u015f\" \/>\n<meta name=\"twitter:card\" content=\"summary_large_image\" \/>\n<meta name=\"twitter:creator\" content=\"@TheEpochTimesTR\" \/>\n<meta name=\"twitter:site\" content=\"@TheEpochTimesTR\" \/>\n<meta name=\"twitter:label1\" content=\"Yazan:\" \/>\n\t<meta name=\"twitter:data1\" content=\"Aysel \u00d6zcan Yeti\u015f\" \/>\n\t<meta name=\"twitter:label2\" content=\"Tahmini okuma s\u00fcresi\" \/>\n\t<meta name=\"twitter:data2\" content=\"5 dakika\" \/>\n<script type=\"application\/ld+json\" class=\"yoast-schema-graph\">{\"@context\":\"https:\/\/schema.org\",\"@graph\":[{\"@type\":\"Article\",\"@id\":\"https:\/\/epochtimestr.com\/index.php\/adana-portakal-cicegi-festivali#article\",\"isPartOf\":{\"@id\":\"https:\/\/epochtimestr.com\/index.php\/adana-portakal-cicegi-festivali\"},\"author\":{\"name\":\"Aysel \u00d6zcan Yeti\u015f\",\"@id\":\"https:\/\/epochtimestr.com\/#\/schema\/person\/8ac8c965e5072789ae94ce8df3878fad\"},\"headline\":\"Adana Portakal \u00c7i\u00e7e\u011fi Festivali\",\"datePublished\":\"2026-04-07T08:11:23+00:00\",\"dateModified\":\"2026-04-07T08:57:28+00:00\",\"mainEntityOfPage\":{\"@id\":\"https:\/\/epochtimestr.com\/index.php\/adana-portakal-cicegi-festivali\"},\"wordCount\":870,\"commentCount\":0,\"publisher\":{\"@id\":\"https:\/\/epochtimestr.com\/#organization\"},\"image\":{\"@id\":\"https:\/\/epochtimestr.com\/index.php\/adana-portakal-cicegi-festivali#primaryimage\"},\"thumbnailUrl\":\"https:\/\/epochtimestr.com\/wp-content\/uploads\/2011y\/Aysel-Ozcan-Yetis.png\",\"keywords\":[\"Adana Portakal \u00c7i\u00e7e\u011fi Festivali\"],\"articleSection\":[\"K\u00f6\u015fe Yaz\u0131lar\u0131 Aysel \u00d6zcan Yeti\u015f\"],\"inLanguage\":\"tr\",\"potentialAction\":[{\"@type\":\"CommentAction\",\"name\":\"Comment\",\"target\":[\"https:\/\/epochtimestr.com\/index.php\/adana-portakal-cicegi-festivali#respond\"]}]},{\"@type\":\"WebPage\",\"@id\":\"https:\/\/epochtimestr.com\/index.php\/adana-portakal-cicegi-festivali\",\"url\":\"https:\/\/epochtimestr.com\/index.php\/adana-portakal-cicegi-festivali\",\"name\":\"Adana Portakal \u00c7i\u00e7e\u011fi Festivali - The Epoch Times TR\",\"isPartOf\":{\"@id\":\"https:\/\/epochtimestr.com\/#website\"},\"primaryImageOfPage\":{\"@id\":\"https:\/\/epochtimestr.com\/index.php\/adana-portakal-cicegi-festivali#primaryimage\"},\"image\":{\"@id\":\"https:\/\/epochtimestr.com\/index.php\/adana-portakal-cicegi-festivali#primaryimage\"},\"thumbnailUrl\":\"https:\/\/epochtimestr.com\/wp-content\/uploads\/2011y\/Aysel-Ozcan-Yetis.png\",\"datePublished\":\"2026-04-07T08:11:23+00:00\",\"dateModified\":\"2026-04-07T08:57:28+00:00\",\"description\":\"Adana Portakal \u00c7i\u00e7e\u011fi Festivali, farkl\u0131 dillerin ve k\u00fclt\u00fcrlerin \u2018portakal \u00e7i\u00e7e\u011fi\u2019 kokusunda birle\u015fti\u011fi, \u00f6zel bir festival.\",\"inLanguage\":\"tr\",\"potentialAction\":[{\"@type\":\"ReadAction\",\"target\":[\"https:\/\/epochtimestr.com\/index.php\/adana-portakal-cicegi-festivali\"]}]},{\"@type\":\"ImageObject\",\"inLanguage\":\"tr\",\"@id\":\"https:\/\/epochtimestr.com\/index.php\/adana-portakal-cicegi-festivali#primaryimage\",\"url\":\"https:\/\/epochtimestr.com\/wp-content\/uploads\/2011y\/Aysel-Ozcan-Yetis.png\",\"contentUrl\":\"https:\/\/epochtimestr.com\/wp-content\/uploads\/2011y\/Aysel-Ozcan-Yetis.png\",\"width\":750,\"height\":750},{\"@type\":\"WebSite\",\"@id\":\"https:\/\/epochtimestr.com\/#website\",\"url\":\"https:\/\/epochtimestr.com\/\",\"name\":\"The Epoch Times TR\",\"description\":\"De\u011fi\u015fen D\u00fcnyam\u0131za Taze Bir Bak\u0131\u015f\",\"publisher\":{\"@id\":\"https:\/\/epochtimestr.com\/#organization\"},\"potentialAction\":[{\"@type\":\"SearchAction\",\"target\":{\"@type\":\"EntryPoint\",\"urlTemplate\":\"https:\/\/epochtimestr.com\/?s={search_term_string}\"},\"query-input\":\"required name=search_term_string\"}],\"inLanguage\":\"tr\"},{\"@type\":\"Organization\",\"@id\":\"https:\/\/epochtimestr.com\/#organization\",\"name\":\"The EpochTimes T\u00fcrkiye\",\"url\":\"https:\/\/epochtimestr.com\/\",\"logo\":{\"@type\":\"ImageObject\",\"inLanguage\":\"tr\",\"@id\":\"https:\/\/epochtimestr.com\/#\/schema\/logo\/image\/\",\"url\":\"https:\/\/epochtimestr.com\/wp-content\/uploads\/2011y\/ET-Logo-YG.jpg\",\"contentUrl\":\"https:\/\/epochtimestr.com\/wp-content\/uploads\/2011y\/ET-Logo-YG.jpg\",\"width\":346,\"height\":29,\"caption\":\"The EpochTimes T\u00fcrkiye\"},\"image\":{\"@id\":\"https:\/\/epochtimestr.com\/#\/schema\/logo\/image\/\"},\"sameAs\":[\"https:\/\/www.facebook.com\/theepochtimestr\",\"https:\/\/x.com\/TheEpochTimesTR\",\"https:\/\/www.instagram.com\/epochtimestr\"]},{\"@type\":\"Person\",\"@id\":\"https:\/\/epochtimestr.com\/#\/schema\/person\/8ac8c965e5072789ae94ce8df3878fad\",\"name\":\"Aysel \u00d6zcan Yeti\u015f\",\"image\":{\"@type\":\"ImageObject\",\"inLanguage\":\"tr\",\"@id\":\"https:\/\/epochtimestr.com\/#\/schema\/person\/image\/\",\"url\":\"https:\/\/secure.gravatar.com\/avatar\/e05a79b1b2d145df9f842aa7f0e32ef2?s=96&d=mm&r=g\",\"contentUrl\":\"https:\/\/secure.gravatar.com\/avatar\/e05a79b1b2d145df9f842aa7f0e32ef2?s=96&d=mm&r=g\",\"caption\":\"Aysel \u00d6zcan Yeti\u015f\"},\"url\":\"https:\/\/epochtimestr.com\/index.php\/author\/aysel\"}]}<\/script>\n<!-- \/ Yoast SEO plugin. -->","yoast_head_json":{"title":"Adana Portakal \u00c7i\u00e7e\u011fi Festivali - The Epoch Times TR","description":"Adana Portakal \u00c7i\u00e7e\u011fi Festivali, farkl\u0131 dillerin ve k\u00fclt\u00fcrlerin \u2018portakal \u00e7i\u00e7e\u011fi\u2019 kokusunda birle\u015fti\u011fi, \u00f6zel bir festival.","robots":{"index":"index","follow":"follow","max-snippet":"max-snippet:-1","max-image-preview":"max-image-preview:large","max-video-preview":"max-video-preview:-1"},"canonical":"https:\/\/epochtimestr.com\/index.php\/adana-portakal-cicegi-festivali","og_locale":"tr_TR","og_type":"article","og_title":"Adana Portakal \u00c7i\u00e7e\u011fi Festivali - The Epoch Times TR","og_description":"Adana Portakal \u00c7i\u00e7e\u011fi Festivali, farkl\u0131 dillerin ve k\u00fclt\u00fcrlerin \u2018portakal \u00e7i\u00e7e\u011fi\u2019 kokusunda birle\u015fti\u011fi, \u00f6zel bir festival.","og_url":"https:\/\/epochtimestr.com\/index.php\/adana-portakal-cicegi-festivali","og_site_name":"The Epoch Times TR","article_publisher":"https:\/\/www.facebook.com\/theepochtimestr","article_published_time":"2026-04-07T08:11:23+00:00","article_modified_time":"2026-04-07T08:57:28+00:00","og_image":[{"width":1200,"height":630,"url":"https:\/\/epochtimestr.com\/wp-content\/uploads\/2011y\/Aysel-Yetis-SM3.png","type":"image\/png"}],"author":"Aysel \u00d6zcan Yeti\u015f","twitter_card":"summary_large_image","twitter_creator":"@TheEpochTimesTR","twitter_site":"@TheEpochTimesTR","twitter_misc":{"Yazan:":"Aysel \u00d6zcan Yeti\u015f","Tahmini okuma s\u00fcresi":"5 dakika"},"schema":{"@context":"https:\/\/schema.org","@graph":[{"@type":"Article","@id":"https:\/\/epochtimestr.com\/index.php\/adana-portakal-cicegi-festivali#article","isPartOf":{"@id":"https:\/\/epochtimestr.com\/index.php\/adana-portakal-cicegi-festivali"},"author":{"name":"Aysel \u00d6zcan Yeti\u015f","@id":"https:\/\/epochtimestr.com\/#\/schema\/person\/8ac8c965e5072789ae94ce8df3878fad"},"headline":"Adana Portakal \u00c7i\u00e7e\u011fi Festivali","datePublished":"2026-04-07T08:11:23+00:00","dateModified":"2026-04-07T08:57:28+00:00","mainEntityOfPage":{"@id":"https:\/\/epochtimestr.com\/index.php\/adana-portakal-cicegi-festivali"},"wordCount":870,"commentCount":0,"publisher":{"@id":"https:\/\/epochtimestr.com\/#organization"},"image":{"@id":"https:\/\/epochtimestr.com\/index.php\/adana-portakal-cicegi-festivali#primaryimage"},"thumbnailUrl":"https:\/\/epochtimestr.com\/wp-content\/uploads\/2011y\/Aysel-Ozcan-Yetis.png","keywords":["Adana Portakal \u00c7i\u00e7e\u011fi Festivali"],"articleSection":["K\u00f6\u015fe Yaz\u0131lar\u0131 Aysel \u00d6zcan Yeti\u015f"],"inLanguage":"tr","potentialAction":[{"@type":"CommentAction","name":"Comment","target":["https:\/\/epochtimestr.com\/index.php\/adana-portakal-cicegi-festivali#respond"]}]},{"@type":"WebPage","@id":"https:\/\/epochtimestr.com\/index.php\/adana-portakal-cicegi-festivali","url":"https:\/\/epochtimestr.com\/index.php\/adana-portakal-cicegi-festivali","name":"Adana Portakal \u00c7i\u00e7e\u011fi Festivali - The Epoch Times TR","isPartOf":{"@id":"https:\/\/epochtimestr.com\/#website"},"primaryImageOfPage":{"@id":"https:\/\/epochtimestr.com\/index.php\/adana-portakal-cicegi-festivali#primaryimage"},"image":{"@id":"https:\/\/epochtimestr.com\/index.php\/adana-portakal-cicegi-festivali#primaryimage"},"thumbnailUrl":"https:\/\/epochtimestr.com\/wp-content\/uploads\/2011y\/Aysel-Ozcan-Yetis.png","datePublished":"2026-04-07T08:11:23+00:00","dateModified":"2026-04-07T08:57:28+00:00","description":"Adana Portakal \u00c7i\u00e7e\u011fi Festivali, farkl\u0131 dillerin ve k\u00fclt\u00fcrlerin \u2018portakal \u00e7i\u00e7e\u011fi\u2019 kokusunda birle\u015fti\u011fi, \u00f6zel bir festival.","inLanguage":"tr","potentialAction":[{"@type":"ReadAction","target":["https:\/\/epochtimestr.com\/index.php\/adana-portakal-cicegi-festivali"]}]},{"@type":"ImageObject","inLanguage":"tr","@id":"https:\/\/epochtimestr.com\/index.php\/adana-portakal-cicegi-festivali#primaryimage","url":"https:\/\/epochtimestr.com\/wp-content\/uploads\/2011y\/Aysel-Ozcan-Yetis.png","contentUrl":"https:\/\/epochtimestr.com\/wp-content\/uploads\/2011y\/Aysel-Ozcan-Yetis.png","width":750,"height":750},{"@type":"WebSite","@id":"https:\/\/epochtimestr.com\/#website","url":"https:\/\/epochtimestr.com\/","name":"The Epoch Times TR","description":"De\u011fi\u015fen D\u00fcnyam\u0131za Taze Bir Bak\u0131\u015f","publisher":{"@id":"https:\/\/epochtimestr.com\/#organization"},"potentialAction":[{"@type":"SearchAction","target":{"@type":"EntryPoint","urlTemplate":"https:\/\/epochtimestr.com\/?s={search_term_string}"},"query-input":"required name=search_term_string"}],"inLanguage":"tr"},{"@type":"Organization","@id":"https:\/\/epochtimestr.com\/#organization","name":"The EpochTimes T\u00fcrkiye","url":"https:\/\/epochtimestr.com\/","logo":{"@type":"ImageObject","inLanguage":"tr","@id":"https:\/\/epochtimestr.com\/#\/schema\/logo\/image\/","url":"https:\/\/epochtimestr.com\/wp-content\/uploads\/2011y\/ET-Logo-YG.jpg","contentUrl":"https:\/\/epochtimestr.com\/wp-content\/uploads\/2011y\/ET-Logo-YG.jpg","width":346,"height":29,"caption":"The EpochTimes T\u00fcrkiye"},"image":{"@id":"https:\/\/epochtimestr.com\/#\/schema\/logo\/image\/"},"sameAs":["https:\/\/www.facebook.com\/theepochtimestr","https:\/\/x.com\/TheEpochTimesTR","https:\/\/www.instagram.com\/epochtimestr"]},{"@type":"Person","@id":"https:\/\/epochtimestr.com\/#\/schema\/person\/8ac8c965e5072789ae94ce8df3878fad","name":"Aysel \u00d6zcan Yeti\u015f","image":{"@type":"ImageObject","inLanguage":"tr","@id":"https:\/\/epochtimestr.com\/#\/schema\/person\/image\/","url":"https:\/\/secure.gravatar.com\/avatar\/e05a79b1b2d145df9f842aa7f0e32ef2?s=96&d=mm&r=g","contentUrl":"https:\/\/secure.gravatar.com\/avatar\/e05a79b1b2d145df9f842aa7f0e32ef2?s=96&d=mm&r=g","caption":"Aysel \u00d6zcan Yeti\u015f"},"url":"https:\/\/epochtimestr.com\/index.php\/author\/aysel"}]}},"_links":{"self":[{"href":"https:\/\/epochtimestr.com\/index.php\/wp-json\/wp\/v2\/posts\/166637"}],"collection":[{"href":"https:\/\/epochtimestr.com\/index.php\/wp-json\/wp\/v2\/posts"}],"about":[{"href":"https:\/\/epochtimestr.com\/index.php\/wp-json\/wp\/v2\/types\/post"}],"author":[{"embeddable":true,"href":"https:\/\/epochtimestr.com\/index.php\/wp-json\/wp\/v2\/users\/14005"}],"replies":[{"embeddable":true,"href":"https:\/\/epochtimestr.com\/index.php\/wp-json\/wp\/v2\/comments?post=166637"}],"version-history":[{"count":2,"href":"https:\/\/epochtimestr.com\/index.php\/wp-json\/wp\/v2\/posts\/166637\/revisions"}],"predecessor-version":[{"id":166648,"href":"https:\/\/epochtimestr.com\/index.php\/wp-json\/wp\/v2\/posts\/166637\/revisions\/166648"}],"wp:featuredmedia":[{"embeddable":true,"href":"https:\/\/epochtimestr.com\/index.php\/wp-json\/wp\/v2\/media\/163897"}],"wp:attachment":[{"href":"https:\/\/epochtimestr.com\/index.php\/wp-json\/wp\/v2\/media?parent=166637"}],"wp:term":[{"taxonomy":"category","embeddable":true,"href":"https:\/\/epochtimestr.com\/index.php\/wp-json\/wp\/v2\/categories?post=166637"},{"taxonomy":"post_tag","embeddable":true,"href":"https:\/\/epochtimestr.com\/index.php\/wp-json\/wp\/v2\/tags?post=166637"}],"curies":[{"name":"wp","href":"https:\/\/api.w.org\/{rel}","templated":true}]}}