{"id":166908,"date":"2026-04-23T14:06:36","date_gmt":"2026-04-23T11:06:36","guid":{"rendered":"https:\/\/epochtimestr.com\/?p=166908"},"modified":"2026-04-23T14:06:39","modified_gmt":"2026-04-23T11:06:39","slug":"uygur-akademisyen-abdulhakim-idris-malezyada-gozaltina-alindi","status":"publish","type":"post","link":"https:\/\/epochtimestr.com\/index.php\/uygur-akademisyen-abdulhakim-idris-malezyada-gozaltina-alindi","title":{"rendered":"Uygur Akademisyen Abdulhakim \u0130dris Malezya&#8217;da G\u00f6zalt\u0131na Al\u0131nd\u0131"},"content":{"rendered":"<div class=\"wp-block-image\">\n<figure class=\"aligncenter size-large is-resized\"><img loading=\"lazy\" decoding=\"async\" width=\"1802\" height=\"1200\" src=\"https:\/\/epochtimestr.com\/wp-content\/uploads\/2011y\/1000037124-1802x1200.jpg\" alt=\"Uygur akademisyen Abdulhakim \u0130dris, \u00c7in\u2019in talimat\u0131yla Malezya\u2019da g\u00f6zalt\u0131na al\u0131nd\u0131. (Foto\u011fraf: Wikimedia)\" class=\"wp-image-166909\" style=\"width:840px;height:auto\" srcset=\"https:\/\/epochtimestr.com\/wp-content\/uploads\/2011y\/1000037124-1802x1200.jpg 1802w, https:\/\/epochtimestr.com\/wp-content\/uploads\/2011y\/1000037124-300x200.jpg 300w, https:\/\/epochtimestr.com\/wp-content\/uploads\/2011y\/1000037124-150x100.jpg 150w, https:\/\/epochtimestr.com\/wp-content\/uploads\/2011y\/1000037124-768x511.jpg 768w, https:\/\/epochtimestr.com\/wp-content\/uploads\/2011y\/1000037124-1536x1023.jpg 1536w, https:\/\/epochtimestr.com\/wp-content\/uploads\/2011y\/1000037124.jpg 2000w\" sizes=\"(max-width: 1802px) 100vw, 1802px\" \/><figcaption class=\"wp-element-caption\">\u00c7KP&#8217;nin talimat\u0131yla Uygur akademisyen Abdulhakim \u0130dris Malezya\u2019da g\u00f6zalt\u0131na al\u0131nd\u0131. (Foto\u011fraf: Wikimedia)<\/figcaption><\/figure><\/div>\n\n\n<p>Uygur akademisyen <a href=\"https:\/\/www.theepochtimes.com\/article\/uyghur-scholars-book-tour-ends-with-malaysian-airport-detention-he-says-beijing-ordered-6014649\" target=\"_blank\" rel=\"noreferrer noopener\">Abdulhakim \u0130dris<\/a>, Mart 2026&#8217;da Malezya&#8217;ya yapt\u0131\u011f\u0131 kitap turu s\u0131ras\u0131nda beklenmedik bir \u015fekilde g\u00f6zalt\u0131na al\u0131nd\u0131. 29 Mart&#8217;ta Kuala Lumpur Havaliman\u0131&#8217;na indikten sonra Malezya g\u00f6\u00e7menlik yetkilileri \u0130dris&#8217;i tutuklad\u0131. Akademisyenin pasaportunu alarak yakla\u015f\u0131k 21 saat g\u00f6zalt\u0131nda tuttular. \u0130dris, kendisine a\u00e7\u0131klama yap\u0131lmad\u0131\u011f\u0131n\u0131 ve \u00f6zellikle \u00c7in h\u00fck\u00fcmetinin talimat\u0131yla tutukland\u0131\u011f\u0131n\u0131 \u00f6ne s\u00fcrd\u00fc.<\/p>\n\n\n\n<p>\u0130dris, Washington merkezli Uygur Ara\u015ft\u0131rmalar\u0131 Merkezi direkt\u00f6r\u00fc olarak \u00c7in\u2019in milletleraras\u0131 bask\u0131lar\u0131n\u0131 if\u015fa etmeye \u00e7al\u0131\u015f\u0131yordu. Yapt\u0131\u011f\u0131 a\u00e7\u0131klamada, \u00c7in\u2019in d\u00fcnya \u00e7ap\u0131ndaki muhaliflerini susturmak i\u00e7in \u00fc\u00e7\u00fcnc\u00fc \u00fclkeleri kulland\u0131\u011f\u0131n\u0131 s\u00f6yledi. \u00d6zellikle M\u00fcsl\u00fcman n\u00fcfusun \u00e7o\u011funlukta oldu\u011fu Malezya gibi \u00fclkelerde etkisini art\u0131rmaya \u00e7al\u0131\u015ft\u0131\u011f\u0131n\u0131 belirtti. Ayr\u0131ca bu olay\u0131n, ABD vatanda\u015flar\u0131 i\u00e7in tehlikeli bir emsal olu\u015fturdu\u011funu ifade etti.<\/p>\n\n\n\n<p>\u0130dris Malezya\u2019daki i\u015fbirlik\u00e7ileriyle planlad\u0131\u011f\u0131 etkinlikler i\u00e7in \u00fclkeye gelmi\u015fti. Bu tutuklama olay\u0131, \u00c7in\u2019in d\u0131\u015f bask\u0131lar\u0131n\u0131n ne kadar geni\u015fledi\u011fini g\u00f6zler \u00f6n\u00fcne serdi. Ancak Malezya h\u00fck\u00fcmetinin olayla ilgili resmi bir a\u00e7\u0131klama yapmamas\u0131 dikkat \u00e7ekti. <\/p>\n\n\n\n<p>\u0130dris&#8217;in Malezya&#8217;da ge\u00e7irdi\u011fi s\u00fcre boyunca, \u00c7inli yetkililerin \u00fclkeyi ziyaret etmesi de tesad\u00fcf de\u011fildi. \u00c7in G\u00fcvenlik Bakan\u0131 Chen Yixin&#8217;in Kuala Lumpur&#8217;da Malezya Ba\u015fbakan\u0131 Anwar \u0130brahim ile yapt\u0131\u011f\u0131 g\u00f6r\u00fc\u015fmelerin hemen ard\u0131ndan \u0130dris&#8217;in g\u00f6zalt\u0131na al\u0131nmas\u0131, durumu daha da \u015f\u00fcpheli hale getirdi.<\/p>\n\n\n\n<p>Sonu\u00e7 olarak, \u0130dris&#8217;in 70 saat s\u00fcren g\u00f6zalt\u0131 ve yolculu\u011fun ard\u0131ndan Amerika&#8217;ya d\u00f6n\u00fc\u015f\u00fc, <a href=\"https:\/\/epochtimestr.com\/index.php\/cinde-ticaret-fazlasi-azaliyor-ihracat-buyumesi-yavasliyor\" target=\"_blank\" rel=\"noreferrer noopener\">\u00c7in&#8217;in yurtd\u0131\u015f\u0131ndaki <\/a>muhaliflerine y\u00f6nelik uygulad\u0131\u011f\u0131 bask\u0131lar\u0131n geni\u015flemesine dair kayg\u0131lar\u0131 art\u0131rd\u0131.<\/p>\n","protected":false},"excerpt":{"rendered":"<p>Uygur akademisyen Abdulhakim \u0130dris, Mart 2026&#8217;da Malezya&#8217;ya yapt\u0131\u011f\u0131 kitap turu s\u0131ras\u0131nda beklenmedik bir \u015fekilde g\u00f6zalt\u0131na al\u0131nd\u0131. 29 Mart&#8217;ta Kuala Lumpur Havaliman\u0131&#8217;na indikten sonra Malezya g\u00f6\u00e7menlik yetkilileri \u0130dris&#8217;i tutuklad\u0131. Akademisyenin pasaportunu alarak yakla\u015f\u0131k 21 saat g\u00f6zalt\u0131nda tuttular. \u0130dris, kendisine a\u00e7\u0131klama yap\u0131lmad\u0131\u011f\u0131n\u0131 ve \u00f6zellikle \u00c7in h\u00fck\u00fcmetinin talimat\u0131yla tutukland\u0131\u011f\u0131n\u0131 \u00f6ne s\u00fcrd\u00fc. \u0130dris, Washington merkezli Uygur Ara\u015ft\u0131rmalar\u0131 Merkezi direkt\u00f6r\u00fc [&hellip;]<\/p>\n","protected":false},"author":13996,"featured_media":166909,"comment_status":"open","ping_status":"open","sticky":false,"template":"","format":"standard","meta":{"_yoast_wpseo_focuskw":"Uygur Akademisyen","_yoast_wpseo_title":"","_yoast_wpseo_metadesc":"Uygur akademisyen Abdulhakim \u0130dris, Mart 2026'da Malezya'ya yapt\u0131\u011f\u0131 kitap turu s\u0131ras\u0131nda beklenmedik bir \u015fekilde g\u00f6zalt\u0131na al\u0131nd\u0131.","_bbp_topic_count":0,"_bbp_reply_count":0,"_bbp_total_topic_count":0,"_bbp_total_reply_count":0,"_bbp_voice_count":0,"_bbp_anonymous_reply_count":0,"_bbp_topic_count_hidden":0,"_bbp_reply_count_hidden":0,"_bbp_forum_subforum_count":0,"footnotes":"","_yoast_wpseo_focuskw_text_input":""},"categories":[5,1],"tags":[407,11279,11287,11286,239,4156,11284,11285],"yoast_head":"<!-- This site is optimized with the Yoast SEO plugin v23.0 - https:\/\/yoast.com\/wordpress\/plugins\/seo\/ -->\n<title>Uygur Akademisyen Abdulhakim \u0130dris Malezya&#039;da G\u00f6zalt\u0131na Al\u0131nd\u0131 - The Epoch Times TR<\/title>\n<meta name=\"description\" content=\"Uygur akademisyen Abdulhakim \u0130dris, Mart 2026&#039;da Malezya&#039;ya yapt\u0131\u011f\u0131 kitap turu s\u0131ras\u0131nda beklenmedik bir \u015fekilde g\u00f6zalt\u0131na al\u0131nd\u0131.\" \/>\n<meta name=\"robots\" content=\"index, follow, max-snippet:-1, max-image-preview:large, max-video-preview:-1\" \/>\n<link rel=\"canonical\" href=\"https:\/\/epochtimestr.com\/index.php\/uygur-akademisyen-abdulhakim-idris-malezyada-gozaltina-alindi\" \/>\n<meta property=\"og:locale\" content=\"tr_TR\" \/>\n<meta property=\"og:type\" content=\"article\" \/>\n<meta property=\"og:title\" content=\"Uygur Akademisyen Abdulhakim \u0130dris Malezya&#039;da G\u00f6zalt\u0131na Al\u0131nd\u0131 - The Epoch Times TR\" \/>\n<meta property=\"og:description\" content=\"Uygur akademisyen Abdulhakim \u0130dris, Mart 2026&#039;da Malezya&#039;ya yapt\u0131\u011f\u0131 kitap turu s\u0131ras\u0131nda beklenmedik bir \u015fekilde g\u00f6zalt\u0131na al\u0131nd\u0131.\" \/>\n<meta property=\"og:url\" content=\"https:\/\/epochtimestr.com\/index.php\/uygur-akademisyen-abdulhakim-idris-malezyada-gozaltina-alindi\" \/>\n<meta property=\"og:site_name\" content=\"The Epoch Times TR\" \/>\n<meta property=\"article:publisher\" content=\"https:\/\/www.facebook.com\/theepochtimestr\" \/>\n<meta property=\"article:published_time\" content=\"2026-04-23T11:06:36+00:00\" \/>\n<meta property=\"article:modified_time\" content=\"2026-04-23T11:06:39+00:00\" \/>\n<meta property=\"og:image\" content=\"https:\/\/epochtimestr.com\/wp-content\/uploads\/2011y\/1000037124.jpg\" \/>\n\t<meta property=\"og:image:width\" content=\"2000\" \/>\n\t<meta property=\"og:image:height\" content=\"1332\" \/>\n\t<meta property=\"og:image:type\" content=\"image\/jpeg\" \/>\n<meta name=\"author\" content=\"Leo Bajelan\" \/>\n<meta name=\"twitter:card\" content=\"summary_large_image\" \/>\n<meta name=\"twitter:creator\" content=\"@TheEpochTimesTR\" \/>\n<meta name=\"twitter:site\" content=\"@TheEpochTimesTR\" \/>\n<meta name=\"twitter:label1\" content=\"Yazan:\" \/>\n\t<meta name=\"twitter:data1\" content=\"Leo Bajelan\" \/>\n\t<meta name=\"twitter:label2\" content=\"Tahmini okuma s\u00fcresi\" \/>\n\t<meta name=\"twitter:data2\" content=\"2 dakika\" \/>\n<script type=\"application\/ld+json\" class=\"yoast-schema-graph\">{\"@context\":\"https:\/\/schema.org\",\"@graph\":[{\"@type\":\"Article\",\"@id\":\"https:\/\/epochtimestr.com\/index.php\/uygur-akademisyen-abdulhakim-idris-malezyada-gozaltina-alindi#article\",\"isPartOf\":{\"@id\":\"https:\/\/epochtimestr.com\/index.php\/uygur-akademisyen-abdulhakim-idris-malezyada-gozaltina-alindi\"},\"author\":{\"name\":\"Leo Bajelan\",\"@id\":\"https:\/\/epochtimestr.com\/#\/schema\/person\/5fef218711d76d8f232b0e1f1d7e4c0d\"},\"headline\":\"Uygur Akademisyen Abdulhakim \u0130dris Malezya&#8217;da G\u00f6zalt\u0131na Al\u0131nd\u0131\",\"datePublished\":\"2026-04-23T11:06:36+00:00\",\"dateModified\":\"2026-04-23T11:06:39+00:00\",\"mainEntityOfPage\":{\"@id\":\"https:\/\/epochtimestr.com\/index.php\/uygur-akademisyen-abdulhakim-idris-malezyada-gozaltina-alindi\"},\"wordCount\":301,\"commentCount\":0,\"publisher\":{\"@id\":\"https:\/\/epochtimestr.com\/#organization\"},\"image\":{\"@id\":\"https:\/\/epochtimestr.com\/index.php\/uygur-akademisyen-abdulhakim-idris-malezyada-gozaltina-alindi#primaryimage\"},\"thumbnailUrl\":\"https:\/\/epochtimestr.com\/wp-content\/uploads\/2011y\/1000037124.jpg\",\"keywords\":[\"ABD\",\"Abdulhakim Idris\",\"\u00c7in G\u00fcvenlik Bakan\u0131 Chen Yixin\",\"\u00c7in\u2019in d\u0131\u015f bask\u0131lar\u0131\",\"\u00c7kp\",\"Malezya\",\"Uygur akademisyen\",\"Uygur Ara\u015ft\u0131rmalar\u0131 Merkezi\"],\"articleSection\":[\"D\u00dcNYA\",\"G\u00dcNDEM\"],\"inLanguage\":\"tr\",\"potentialAction\":[{\"@type\":\"CommentAction\",\"name\":\"Comment\",\"target\":[\"https:\/\/epochtimestr.com\/index.php\/uygur-akademisyen-abdulhakim-idris-malezyada-gozaltina-alindi#respond\"]}]},{\"@type\":\"WebPage\",\"@id\":\"https:\/\/epochtimestr.com\/index.php\/uygur-akademisyen-abdulhakim-idris-malezyada-gozaltina-alindi\",\"url\":\"https:\/\/epochtimestr.com\/index.php\/uygur-akademisyen-abdulhakim-idris-malezyada-gozaltina-alindi\",\"name\":\"Uygur Akademisyen Abdulhakim \u0130dris Malezya'da G\u00f6zalt\u0131na Al\u0131nd\u0131 - The Epoch Times TR\",\"isPartOf\":{\"@id\":\"https:\/\/epochtimestr.com\/#website\"},\"primaryImageOfPage\":{\"@id\":\"https:\/\/epochtimestr.com\/index.php\/uygur-akademisyen-abdulhakim-idris-malezyada-gozaltina-alindi#primaryimage\"},\"image\":{\"@id\":\"https:\/\/epochtimestr.com\/index.php\/uygur-akademisyen-abdulhakim-idris-malezyada-gozaltina-alindi#primaryimage\"},\"thumbnailUrl\":\"https:\/\/epochtimestr.com\/wp-content\/uploads\/2011y\/1000037124.jpg\",\"datePublished\":\"2026-04-23T11:06:36+00:00\",\"dateModified\":\"2026-04-23T11:06:39+00:00\",\"description\":\"Uygur akademisyen Abdulhakim \u0130dris, Mart 2026'da Malezya'ya yapt\u0131\u011f\u0131 kitap turu s\u0131ras\u0131nda beklenmedik bir \u015fekilde g\u00f6zalt\u0131na al\u0131nd\u0131.\",\"inLanguage\":\"tr\",\"potentialAction\":[{\"@type\":\"ReadAction\",\"target\":[\"https:\/\/epochtimestr.com\/index.php\/uygur-akademisyen-abdulhakim-idris-malezyada-gozaltina-alindi\"]}]},{\"@type\":\"ImageObject\",\"inLanguage\":\"tr\",\"@id\":\"https:\/\/epochtimestr.com\/index.php\/uygur-akademisyen-abdulhakim-idris-malezyada-gozaltina-alindi#primaryimage\",\"url\":\"https:\/\/epochtimestr.com\/wp-content\/uploads\/2011y\/1000037124.jpg\",\"contentUrl\":\"https:\/\/epochtimestr.com\/wp-content\/uploads\/2011y\/1000037124.jpg\",\"width\":2000,\"height\":1332},{\"@type\":\"WebSite\",\"@id\":\"https:\/\/epochtimestr.com\/#website\",\"url\":\"https:\/\/epochtimestr.com\/\",\"name\":\"The Epoch Times TR\",\"description\":\"De\u011fi\u015fen D\u00fcnyam\u0131za Taze Bir Bak\u0131\u015f\",\"publisher\":{\"@id\":\"https:\/\/epochtimestr.com\/#organization\"},\"potentialAction\":[{\"@type\":\"SearchAction\",\"target\":{\"@type\":\"EntryPoint\",\"urlTemplate\":\"https:\/\/epochtimestr.com\/?s={search_term_string}\"},\"query-input\":\"required name=search_term_string\"}],\"inLanguage\":\"tr\"},{\"@type\":\"Organization\",\"@id\":\"https:\/\/epochtimestr.com\/#organization\",\"name\":\"The EpochTimes T\u00fcrkiye\",\"url\":\"https:\/\/epochtimestr.com\/\",\"logo\":{\"@type\":\"ImageObject\",\"inLanguage\":\"tr\",\"@id\":\"https:\/\/epochtimestr.com\/#\/schema\/logo\/image\/\",\"url\":\"https:\/\/epochtimestr.com\/wp-content\/uploads\/2011y\/ET-Logo-YG.jpg\",\"contentUrl\":\"https:\/\/epochtimestr.com\/wp-content\/uploads\/2011y\/ET-Logo-YG.jpg\",\"width\":346,\"height\":29,\"caption\":\"The EpochTimes T\u00fcrkiye\"},\"image\":{\"@id\":\"https:\/\/epochtimestr.com\/#\/schema\/logo\/image\/\"},\"sameAs\":[\"https:\/\/www.facebook.com\/theepochtimestr\",\"https:\/\/x.com\/TheEpochTimesTR\",\"https:\/\/www.instagram.com\/epochtimestr\"]},{\"@type\":\"Person\",\"@id\":\"https:\/\/epochtimestr.com\/#\/schema\/person\/5fef218711d76d8f232b0e1f1d7e4c0d\",\"name\":\"Leo Bajelan\",\"image\":{\"@type\":\"ImageObject\",\"inLanguage\":\"tr\",\"@id\":\"https:\/\/epochtimestr.com\/#\/schema\/person\/image\/\",\"url\":\"https:\/\/secure.gravatar.com\/avatar\/917669146f489549e548a2e9af272df5?s=96&d=mm&r=g\",\"contentUrl\":\"https:\/\/secure.gravatar.com\/avatar\/917669146f489549e548a2e9af272df5?s=96&d=mm&r=g\",\"caption\":\"Leo Bajelan\"},\"url\":\"https:\/\/epochtimestr.com\/index.php\/author\/leo\"}]}<\/script>\n<!-- \/ Yoast SEO plugin. -->","yoast_head_json":{"title":"Uygur Akademisyen Abdulhakim \u0130dris Malezya'da G\u00f6zalt\u0131na Al\u0131nd\u0131 - The Epoch Times TR","description":"Uygur akademisyen Abdulhakim \u0130dris, Mart 2026'da Malezya'ya yapt\u0131\u011f\u0131 kitap turu s\u0131ras\u0131nda beklenmedik bir \u015fekilde g\u00f6zalt\u0131na al\u0131nd\u0131.","robots":{"index":"index","follow":"follow","max-snippet":"max-snippet:-1","max-image-preview":"max-image-preview:large","max-video-preview":"max-video-preview:-1"},"canonical":"https:\/\/epochtimestr.com\/index.php\/uygur-akademisyen-abdulhakim-idris-malezyada-gozaltina-alindi","og_locale":"tr_TR","og_type":"article","og_title":"Uygur Akademisyen Abdulhakim \u0130dris Malezya'da G\u00f6zalt\u0131na Al\u0131nd\u0131 - The Epoch Times TR","og_description":"Uygur akademisyen Abdulhakim \u0130dris, Mart 2026'da Malezya'ya yapt\u0131\u011f\u0131 kitap turu s\u0131ras\u0131nda beklenmedik bir \u015fekilde g\u00f6zalt\u0131na al\u0131nd\u0131.","og_url":"https:\/\/epochtimestr.com\/index.php\/uygur-akademisyen-abdulhakim-idris-malezyada-gozaltina-alindi","og_site_name":"The Epoch Times TR","article_publisher":"https:\/\/www.facebook.com\/theepochtimestr","article_published_time":"2026-04-23T11:06:36+00:00","article_modified_time":"2026-04-23T11:06:39+00:00","og_image":[{"width":2000,"height":1332,"url":"https:\/\/epochtimestr.com\/wp-content\/uploads\/2011y\/1000037124.jpg","type":"image\/jpeg"}],"author":"Leo Bajelan","twitter_card":"summary_large_image","twitter_creator":"@TheEpochTimesTR","twitter_site":"@TheEpochTimesTR","twitter_misc":{"Yazan:":"Leo Bajelan","Tahmini okuma s\u00fcresi":"2 dakika"},"schema":{"@context":"https:\/\/schema.org","@graph":[{"@type":"Article","@id":"https:\/\/epochtimestr.com\/index.php\/uygur-akademisyen-abdulhakim-idris-malezyada-gozaltina-alindi#article","isPartOf":{"@id":"https:\/\/epochtimestr.com\/index.php\/uygur-akademisyen-abdulhakim-idris-malezyada-gozaltina-alindi"},"author":{"name":"Leo Bajelan","@id":"https:\/\/epochtimestr.com\/#\/schema\/person\/5fef218711d76d8f232b0e1f1d7e4c0d"},"headline":"Uygur Akademisyen Abdulhakim \u0130dris Malezya&#8217;da G\u00f6zalt\u0131na Al\u0131nd\u0131","datePublished":"2026-04-23T11:06:36+00:00","dateModified":"2026-04-23T11:06:39+00:00","mainEntityOfPage":{"@id":"https:\/\/epochtimestr.com\/index.php\/uygur-akademisyen-abdulhakim-idris-malezyada-gozaltina-alindi"},"wordCount":301,"commentCount":0,"publisher":{"@id":"https:\/\/epochtimestr.com\/#organization"},"image":{"@id":"https:\/\/epochtimestr.com\/index.php\/uygur-akademisyen-abdulhakim-idris-malezyada-gozaltina-alindi#primaryimage"},"thumbnailUrl":"https:\/\/epochtimestr.com\/wp-content\/uploads\/2011y\/1000037124.jpg","keywords":["ABD","Abdulhakim Idris","\u00c7in G\u00fcvenlik Bakan\u0131 Chen Yixin","\u00c7in\u2019in d\u0131\u015f bask\u0131lar\u0131","\u00c7kp","Malezya","Uygur akademisyen","Uygur Ara\u015ft\u0131rmalar\u0131 Merkezi"],"articleSection":["D\u00dcNYA","G\u00dcNDEM"],"inLanguage":"tr","potentialAction":[{"@type":"CommentAction","name":"Comment","target":["https:\/\/epochtimestr.com\/index.php\/uygur-akademisyen-abdulhakim-idris-malezyada-gozaltina-alindi#respond"]}]},{"@type":"WebPage","@id":"https:\/\/epochtimestr.com\/index.php\/uygur-akademisyen-abdulhakim-idris-malezyada-gozaltina-alindi","url":"https:\/\/epochtimestr.com\/index.php\/uygur-akademisyen-abdulhakim-idris-malezyada-gozaltina-alindi","name":"Uygur Akademisyen Abdulhakim \u0130dris Malezya'da G\u00f6zalt\u0131na Al\u0131nd\u0131 - The Epoch Times TR","isPartOf":{"@id":"https:\/\/epochtimestr.com\/#website"},"primaryImageOfPage":{"@id":"https:\/\/epochtimestr.com\/index.php\/uygur-akademisyen-abdulhakim-idris-malezyada-gozaltina-alindi#primaryimage"},"image":{"@id":"https:\/\/epochtimestr.com\/index.php\/uygur-akademisyen-abdulhakim-idris-malezyada-gozaltina-alindi#primaryimage"},"thumbnailUrl":"https:\/\/epochtimestr.com\/wp-content\/uploads\/2011y\/1000037124.jpg","datePublished":"2026-04-23T11:06:36+00:00","dateModified":"2026-04-23T11:06:39+00:00","description":"Uygur akademisyen Abdulhakim \u0130dris, Mart 2026'da Malezya'ya yapt\u0131\u011f\u0131 kitap turu s\u0131ras\u0131nda beklenmedik bir \u015fekilde g\u00f6zalt\u0131na al\u0131nd\u0131.","inLanguage":"tr","potentialAction":[{"@type":"ReadAction","target":["https:\/\/epochtimestr.com\/index.php\/uygur-akademisyen-abdulhakim-idris-malezyada-gozaltina-alindi"]}]},{"@type":"ImageObject","inLanguage":"tr","@id":"https:\/\/epochtimestr.com\/index.php\/uygur-akademisyen-abdulhakim-idris-malezyada-gozaltina-alindi#primaryimage","url":"https:\/\/epochtimestr.com\/wp-content\/uploads\/2011y\/1000037124.jpg","contentUrl":"https:\/\/epochtimestr.com\/wp-content\/uploads\/2011y\/1000037124.jpg","width":2000,"height":1332},{"@type":"WebSite","@id":"https:\/\/epochtimestr.com\/#website","url":"https:\/\/epochtimestr.com\/","name":"The Epoch Times TR","description":"De\u011fi\u015fen D\u00fcnyam\u0131za Taze Bir Bak\u0131\u015f","publisher":{"@id":"https:\/\/epochtimestr.com\/#organization"},"potentialAction":[{"@type":"SearchAction","target":{"@type":"EntryPoint","urlTemplate":"https:\/\/epochtimestr.com\/?s={search_term_string}"},"query-input":"required name=search_term_string"}],"inLanguage":"tr"},{"@type":"Organization","@id":"https:\/\/epochtimestr.com\/#organization","name":"The EpochTimes T\u00fcrkiye","url":"https:\/\/epochtimestr.com\/","logo":{"@type":"ImageObject","inLanguage":"tr","@id":"https:\/\/epochtimestr.com\/#\/schema\/logo\/image\/","url":"https:\/\/epochtimestr.com\/wp-content\/uploads\/2011y\/ET-Logo-YG.jpg","contentUrl":"https:\/\/epochtimestr.com\/wp-content\/uploads\/2011y\/ET-Logo-YG.jpg","width":346,"height":29,"caption":"The EpochTimes T\u00fcrkiye"},"image":{"@id":"https:\/\/epochtimestr.com\/#\/schema\/logo\/image\/"},"sameAs":["https:\/\/www.facebook.com\/theepochtimestr","https:\/\/x.com\/TheEpochTimesTR","https:\/\/www.instagram.com\/epochtimestr"]},{"@type":"Person","@id":"https:\/\/epochtimestr.com\/#\/schema\/person\/5fef218711d76d8f232b0e1f1d7e4c0d","name":"Leo Bajelan","image":{"@type":"ImageObject","inLanguage":"tr","@id":"https:\/\/epochtimestr.com\/#\/schema\/person\/image\/","url":"https:\/\/secure.gravatar.com\/avatar\/917669146f489549e548a2e9af272df5?s=96&d=mm&r=g","contentUrl":"https:\/\/secure.gravatar.com\/avatar\/917669146f489549e548a2e9af272df5?s=96&d=mm&r=g","caption":"Leo Bajelan"},"url":"https:\/\/epochtimestr.com\/index.php\/author\/leo"}]}},"_links":{"self":[{"href":"https:\/\/epochtimestr.com\/index.php\/wp-json\/wp\/v2\/posts\/166908"}],"collection":[{"href":"https:\/\/epochtimestr.com\/index.php\/wp-json\/wp\/v2\/posts"}],"about":[{"href":"https:\/\/epochtimestr.com\/index.php\/wp-json\/wp\/v2\/types\/post"}],"author":[{"embeddable":true,"href":"https:\/\/epochtimestr.com\/index.php\/wp-json\/wp\/v2\/users\/13996"}],"replies":[{"embeddable":true,"href":"https:\/\/epochtimestr.com\/index.php\/wp-json\/wp\/v2\/comments?post=166908"}],"version-history":[{"count":2,"href":"https:\/\/epochtimestr.com\/index.php\/wp-json\/wp\/v2\/posts\/166908\/revisions"}],"predecessor-version":[{"id":166919,"href":"https:\/\/epochtimestr.com\/index.php\/wp-json\/wp\/v2\/posts\/166908\/revisions\/166919"}],"wp:featuredmedia":[{"embeddable":true,"href":"https:\/\/epochtimestr.com\/index.php\/wp-json\/wp\/v2\/media\/166909"}],"wp:attachment":[{"href":"https:\/\/epochtimestr.com\/index.php\/wp-json\/wp\/v2\/media?parent=166908"}],"wp:term":[{"taxonomy":"category","embeddable":true,"href":"https:\/\/epochtimestr.com\/index.php\/wp-json\/wp\/v2\/categories?post=166908"},{"taxonomy":"post_tag","embeddable":true,"href":"https:\/\/epochtimestr.com\/index.php\/wp-json\/wp\/v2\/tags?post=166908"}],"curies":[{"name":"wp","href":"https:\/\/api.w.org\/{rel}","templated":true}]}}