{"id":166966,"date":"2026-04-26T08:30:00","date_gmt":"2026-04-26T05:30:00","guid":{"rendered":"https:\/\/epochtimestr.com\/?p=166966"},"modified":"2026-04-25T22:38:48","modified_gmt":"2026-04-25T19:38:48","slug":"bu-yaziyi-okumanizi-tavsiye-etmem","status":"publish","type":"post","link":"https:\/\/epochtimestr.com\/index.php\/bu-yaziyi-okumanizi-tavsiye-etmem","title":{"rendered":"Bu Yaz\u0131y\u0131 Okuman\u0131z\u0131 Tavsiye Etmem"},"content":{"rendered":"\n<p class=\"has-text-align-right\">\u201cAynalar, s\u00f6yleyin bana, ben kimim?\u201d<br \/>Necip Faz\u0131l K\u0131sak\u00fcrek<\/p>\n\n\n\n<p>Ba\u015ftan s\u00f6yleyeyim de g\u00fcnah benden gitsin; bu yaz\u0131da bahse konu edilecek baz\u0131 \u00f6rnekler sizi rahats\u0131z edecektir. \u00c7\u00fcnk\u00fc bilirim, bu \u00e7a\u011fda okuma al\u0131\u015fkanl\u0131\u011f\u0131n\u0131 s\u00fcrd\u00fcren ki\u015filer rafine insanlard\u0131r ve hassas ruhlar kolay \u00f6rselenir.<\/p>\n\n\n\n<p>Benden uyarmas\u0131\u2026<\/p>\n\n\n\n<p>\u2026<\/p>\n\n\n\n<p>Okuyorsan\u0131z, devam ediyoruz demektir. O zaman soray\u0131m, Kolombiya Kravat\u0131\u2019n\u0131 duymu\u015f muydunuz? Kolombiya Kravat\u0131, ma\u011fdurun \/ kurban\u0131n bo\u011faz\u0131n\u0131n alt k\u0131sm\u0131n\u0131n b\u0131\u00e7akla delinerek, dilinin bu delikten \u00e7\u0131kart\u0131l\u0131p -bir kravat gibi- sark\u0131t\u0131lmas\u0131yla olu\u015fturulan bir mafya infaz bi\u00e7imidir. 1940\u2019l\u0131 y\u0131llardan ba\u015flayarak, ad\u0131ndan da anla\u015f\u0131laca\u011f\u0131 gibi Kolombiya\u2019dan, d\u00fcnyaya yay\u0131lm\u0131\u015ft\u0131r.<\/p>\n\n\n\n<p>Peki ya Glasgow G\u00fcl\u00fcmsemesi?<\/p>\n\n\n\n<p>Bu da 1920\u2019lerden itibaren \u0130sko\u00e7ya\u2019n\u0131n Glasgow kentinde ortaya \u00e7\u0131kan bir g\u00f6zda\u011f\u0131 y\u00f6ntemi. Kurban\u0131n a\u011fz\u0131n\u0131n iki kenar\u0131ndan yanaklar\u0131na do\u011fru b\u0131\u00e7akla yap\u0131lan \u00e7entik. \u00c7ehreye daimi bir g\u00fcl\u00fcmseme ifadesi yerle\u015ftirdi\u011fi i\u00e7in b\u00f6yle adland\u0131r\u0131lm\u0131\u015f.<\/p>\n\n\n\n<p>Kedi Piyanosu\u2019ndan bahsetmeyece\u011fim, merakl\u0131s\u0131 ara\u015ft\u0131rs\u0131n!<\/p>\n\n\n\n<p>\u2026<\/p>\n\n\n\n<p>Orta \u00c7a\u011f Avrupa\u2019s\u0131nda kediler u\u011fursuz say\u0131l\u0131rd\u0131. \u0130nan\u0131\u015fa g\u00f6re kediler -\u00f6zellikle siyah renkliler- \u015feytan\u0131n casusuydu. Ve bu nedenle yok edilmeleri gerekiyordu. Aziz John G\u00fcn\u00fc gibi dini festivallerde \u00e7uvallara doldurulup yak\u0131l\u0131yorlard\u0131. 1730\u2019larda Fransa\u2019da b\u00fcy\u00fck kedi katliam\u0131 denilen tarih\u00ee olay ya\u015fand\u0131. Avrupa tarihinde bu t\u00fcr eylemlerle fare pop\u00fclasyonu artt\u0131; bu da veban\u0131n yayg\u0131nla\u015fmas\u0131na ve kitlesel \u00f6l\u00fcmlere yol a\u00e7t\u0131.<\/p>\n\n\n\n<p>San\u0131r\u0131m, cad\u0131l\u0131kla su\u00e7lanan \u00e7ok say\u0131da kad\u0131n\u0131n da kedisiyle birlikte yak\u0131larak \u00f6ld\u00fcr\u00fcld\u00fc\u011f\u00fcn\u00fc duymu\u015fsunuzdur.<\/p>\n\n\n\n<p>\u2026<\/p>\n\n\n\n<p>19. y\u00fczy\u0131l \u0130ngiltere\u2019sinde bir kad\u0131n\u0131n evlenmeden \u00f6nce makyaj\u0131n\u0131n, takma sa\u00e7, takma kirpik ve takma di\u015finin olmas\u0131, erke\u011fin kand\u0131r\u0131larak evlenmesine delil olarak kabul ediliyor, bo\u015fanma sebebi olabiliyordu. \u0130stisnai gerek\u00e7eler d\u0131\u015f\u0131nda bo\u015fanmak \u00e7ok zordu; ayr\u0131ca mahkemelere servet ak\u0131tmak gerektiren pahal\u0131 bir i\u015flemdi. Kad\u0131n zaten yasal olarak kocas\u0131n\u0131n <em>mal\u0131yd\u0131. <\/em>Bo\u015fanma zorlu\u011funu a\u015fman\u0131n yolunu arayan yoksul kocalar, \u00e7\u00f6z\u00fcm\u00fc kar\u0131lar\u0131n\u0131 satmakta buldular. Evet, yanl\u0131\u015f okumad\u0131n\u0131z, birka\u00e7 \u015filin ve bazen birka\u00e7 f\u0131\u00e7\u0131 biraya, boyunlar\u0131na yular takt\u0131klar\u0131 kar\u0131lar\u0131n\u0131 pazarda satarak m\u00fclkiyeti, k\u00fclfeti devrettiler. Bu, \u2018Wife selling\u2019 ad\u0131 verilen, 17. y\u00fczy\u0131ldan ba\u015flayarak geli\u015fen bir gelenekti. G\u00f6r\u00fcn\u00fc\u015fte yasal de\u011fildi ama olduk\u00e7a yayg\u0131nd\u0131. 1910\u2019lu y\u0131llara kadar s\u00fcrd\u00fc.<\/p>\n\n\n\n<p>\u2026<\/p>\n\n\n\n<p>Yaz\u0131y\u0131 \u00e7ok uzatmamak i\u00e7in \u0130ngilizlerin ba\u015fta Hindistan olmak \u00fczere bir\u00e7ok s\u00f6m\u00fcrgesinde uygulad\u0131\u011f\u0131 katliamlardan, kopard\u0131\u011f\u0131 ellerden, Frans\u0131zlar\u0131n daha ge\u00e7ti\u011fimiz y\u00fczy\u0131lda ba\u015fta Cezayir olmak \u00fczere bir\u00e7ok s\u00f6m\u00fcrgesinde i\u015fledi\u011fi soyk\u0131r\u0131mlardan, kesilen insan kafalar\u0131ndan dikti\u011fi kulelerden bahsetmeyece\u011fim. Onlar\u0131n \u2018geri kalm\u0131\u015f\u2019 diye adland\u0131rarak arazilerini, madenlerini ve bedenlerini gasp etti\u011fi toplumlar\u0131 s\u00f6ylememe de gerek yok.<\/p>\n\n\n\n<p>Peki bunlar ge\u00e7mi\u015fe ait k\u00f6t\u00fc sayfalar m\u0131? Kirli bir maziden temiz bir <em>\u015fimdi<\/em>ye ge\u00e7tiklerinin, elimizde bir delili var m\u0131? Kovboy, at\u0131ndan inip smokin giyince haydutlu\u011fa t\u00f6vbe etti mi? Hi\u00e7 de \u00f6yle g\u00f6r\u00fcnm\u00fcyor. Gasp ve s\u00f6m\u00fcr\u00fc y\u00f6ntemlerini g\u00fcncelleyip \u00e7e\u015fitlendirdiler sadece.<\/p>\n\n\n\n<p>K\u0131sacas\u0131, \u201cBat\u0131 Cephesinde Yeni Bir \u015eey Yok!\u201d<\/p>\n\n\n\n<p>Bunca s\u00f6z\u00fc \u015funlar\u0131 s\u00f6ylemek i\u00e7in sarf ettim, \u2018Bat\u0131\u2019 bizim pusulam\u0131z, rehberimiz, idealimiz, ufkumuz, y\u00f6n\u00fcm\u00fcz, hayalimiz, ger\u00e7e\u011fimiz\u2026 olamaz.<\/p>\n\n\n\n<p>\u2026<\/p>\n\n\n\n<p>\u201cAman can\u0131m bunlar\u0131 konu\u015fmaya ne gerek var; bizim tarihimizde yok mu b\u00f6yle \u015feyler\u201d diyenler, efendilerinin a\u011fz\u0131yla konu\u015fan <em>sahibinin sesi<\/em> ki\u015filerdir. Bizim tarihimizde ne bir soyk\u0131r\u0131m, ne b\u00f6yle emperyalist bir yamyaml\u0131k anlay\u0131\u015f\u0131 vard\u0131r.<\/p>\n\n\n\n<p>\u201cB\u00fct\u00fcn bunlar ge\u00e7mi\u015fte kald\u0131; ge\u00e7mi\u015f ge\u00e7mi\u015ftir\u201d diyenler varsa, onlara yazar Hakan G\u00fcnday\u2019\u0131n s\u00f6z\u00fcyle cevap veriyorum: \u201cSizi kim uyuttuysa, onun r\u00fcyalar\u0131n\u0131 g\u00f6r\u00fcrs\u00fcn\u00fcz.\u201d<\/p>\n\n\n\n<p>A\u00e7\u0131n g\u00f6z\u00fcn\u00fcz\u00fc ve sadece \u00e7evrenize bak\u0131n; kan ve ya\u011fma sava\u015f\u0131 h\u0131z kesmeden devam ediyor.<\/p>\n\n\n\n<p>Sinema (Propaganda) end\u00fcstrisini ve daha kolay insan \u00f6ld\u00fcrmeye ayarlanm\u0131\u015f teknolojik \u00fcst\u00fcnl\u00fckleri medeniyet sayamay\u0131z. Tak\u0131m elbise giymek, kravat takmak da \u2013giyim ku\u015fam- medeni olman\u0131n bir \u00f6l\u00e7\u00fct\u00fc de\u011fildir. Dikkat edin boynunuzdaki o kravat, Kolombiya Kravat\u0131 olmas\u0131n.<\/p>\n\n\n\n<p>Propagandan\u0131n sarho\u015flu\u011fuyla a\u015f\u0131\u011f\u0131 oldu\u011fumuz o dilberin -Bat\u0131\u2019n\u0131n- nas\u0131l \u00e7irkin ruhlu bir acuze, nas\u0131l korkun\u00e7 bir cad\u0131, bir kepaze oldu\u011funu g\u00f6rmek i\u00e7in makyaj\u0131na, takma sa\u00e7, kirpik ve di\u015flerine dikkatli bakmak yeterli; fazla s\u00f6ze gerek yok.<\/p>\n\n\n\n<p>K\u0131lavuzu \u2018bat\u0131 medeniyeti\u2019 olan\u0131n burnunu&#8230; Pinokyo temsil etsin.<\/p>\n\n\n\n<p>Bizim <em>onlar gibi <\/em>olmam\u0131z de\u011fil, kendimiz olmam\u0131z, kendimizi hat\u0131rlamam\u0131z gerek.<\/p>\n\n\n\n<p>\u2026<\/p>\n\n\n\n<p>Nasreddin Hoca latifelerinde nakledilen bir k\u0131ssa \u015f\u00f6yledir: \u201cBir uzun yolculuk esnas\u0131nda Hoca kaybolmayay\u0131m diye beline bir kabak ba\u011flam\u0131\u015f; yoluna devam etmi\u015f. Menzilin birinde bir muzip, usulca kaba\u011f\u0131 alm\u0131\u015f, kendi beline ba\u011flam\u0131\u015f. Ertesi g\u00fcn beli kabak ba\u011fl\u0131 adam\u0131 \u00f6n\u00fcnde g\u00f6ren Hoca \u015fa\u015falayarak, \u2018Ben \u015fu adam\u0131m, amma acaba kendim kimim?\u2019 demi\u015ftir.<\/p>\n\n\n\n<p>Evet, kendimizi hat\u0131rl\u0131yor muyuz peki, biz kimiz?<\/p>\n","protected":false},"excerpt":{"rendered":"<p>\u201cAynalar, s\u00f6yleyin bana, ben kimim?\u201dNecip Faz\u0131l K\u0131sak\u00fcrek Ba\u015ftan s\u00f6yleyeyim de g\u00fcnah benden gitsin; bu yaz\u0131da bahse konu edilecek baz\u0131 \u00f6rnekler sizi rahats\u0131z edecektir. \u00c7\u00fcnk\u00fc bilirim, bu \u00e7a\u011fda okuma al\u0131\u015fkanl\u0131\u011f\u0131n\u0131 s\u00fcrd\u00fcren ki\u015filer rafine insanlard\u0131r ve hassas ruhlar kolay \u00f6rselenir. Benden uyarmas\u0131\u2026 \u2026 Okuyorsan\u0131z, devam ediyoruz demektir. O zaman soray\u0131m, Kolombiya Kravat\u0131\u2019n\u0131 duymu\u015f muydunuz? Kolombiya Kravat\u0131, ma\u011fdurun [&hellip;]<\/p>\n","protected":false},"author":14002,"featured_media":161248,"comment_status":"open","ping_status":"open","sticky":false,"template":"","format":"standard","meta":{"_yoast_wpseo_focuskw":"bu yaz\u0131","_yoast_wpseo_title":"","_yoast_wpseo_metadesc":"Ba\u015ftan s\u00f6yleyeyim de g\u00fcnah benden gitsin; bu yaz\u0131da bahse konu edilecek baz\u0131 \u00f6rnekler sizi rahats\u0131z edecektir.","_bbp_topic_count":0,"_bbp_reply_count":0,"_bbp_total_topic_count":0,"_bbp_total_reply_count":0,"_bbp_voice_count":0,"_bbp_anonymous_reply_count":0,"_bbp_topic_count_hidden":0,"_bbp_reply_count_hidden":0,"_bbp_forum_subforum_count":0,"footnotes":"","_yoast_wpseo_focuskw_text_input":""},"categories":[9240],"tags":[],"yoast_head":"<!-- This site is optimized with the Yoast SEO plugin v23.0 - https:\/\/yoast.com\/wordpress\/plugins\/seo\/ -->\n<title>Bu Yaz\u0131y\u0131 Okuman\u0131z\u0131 Tavsiye Etmem - The Epoch Times TR<\/title>\n<meta name=\"description\" content=\"Ba\u015ftan s\u00f6yleyeyim de g\u00fcnah benden gitsin; bu yaz\u0131da bahse konu edilecek baz\u0131 \u00f6rnekler sizi rahats\u0131z edecektir.\" \/>\n<meta name=\"robots\" content=\"index, follow, max-snippet:-1, max-image-preview:large, max-video-preview:-1\" \/>\n<link rel=\"canonical\" href=\"https:\/\/epochtimestr.com\/index.php\/bu-yaziyi-okumanizi-tavsiye-etmem\" \/>\n<meta property=\"og:locale\" content=\"tr_TR\" \/>\n<meta property=\"og:type\" content=\"article\" \/>\n<meta property=\"og:title\" content=\"Bu Yaz\u0131y\u0131 Okuman\u0131z\u0131 Tavsiye Etmem - The Epoch Times TR\" \/>\n<meta property=\"og:description\" content=\"Ba\u015ftan s\u00f6yleyeyim de g\u00fcnah benden gitsin; bu yaz\u0131da bahse konu edilecek baz\u0131 \u00f6rnekler sizi rahats\u0131z edecektir.\" \/>\n<meta property=\"og:url\" content=\"https:\/\/epochtimestr.com\/index.php\/bu-yaziyi-okumanizi-tavsiye-etmem\" \/>\n<meta property=\"og:site_name\" content=\"The Epoch Times TR\" \/>\n<meta property=\"article:publisher\" content=\"https:\/\/www.facebook.com\/theepochtimestr\" \/>\n<meta property=\"article:published_time\" content=\"2026-04-26T05:30:00+00:00\" \/>\n<meta property=\"article:modified_time\" content=\"2026-04-25T19:38:48+00:00\" \/>\n<meta property=\"og:image\" content=\"https:\/\/epochtimestr.com\/wp-content\/uploads\/2011y\/Omer-Karayilan-SM-2.jpg\" \/>\n\t<meta property=\"og:image:width\" content=\"1200\" \/>\n\t<meta property=\"og:image:height\" content=\"630\" \/>\n\t<meta property=\"og:image:type\" content=\"image\/jpeg\" \/>\n<meta name=\"author\" content=\"\u00d6mer Karay\u0131lan\" \/>\n<meta name=\"twitter:card\" content=\"summary_large_image\" \/>\n<meta name=\"twitter:creator\" content=\"@TheEpochTimesTR\" \/>\n<meta name=\"twitter:site\" content=\"@TheEpochTimesTR\" \/>\n<meta name=\"twitter:label1\" content=\"Yazan:\" \/>\n\t<meta name=\"twitter:data1\" content=\"\u00d6mer Karay\u0131lan\" \/>\n\t<meta name=\"twitter:label2\" content=\"Tahmini okuma s\u00fcresi\" \/>\n\t<meta name=\"twitter:data2\" content=\"4 dakika\" \/>\n<script type=\"application\/ld+json\" class=\"yoast-schema-graph\">{\"@context\":\"https:\/\/schema.org\",\"@graph\":[{\"@type\":\"Article\",\"@id\":\"https:\/\/epochtimestr.com\/index.php\/bu-yaziyi-okumanizi-tavsiye-etmem#article\",\"isPartOf\":{\"@id\":\"https:\/\/epochtimestr.com\/index.php\/bu-yaziyi-okumanizi-tavsiye-etmem\"},\"author\":{\"name\":\"\u00d6mer Karay\u0131lan\",\"@id\":\"https:\/\/epochtimestr.com\/#\/schema\/person\/ee101079be4d8fb9fb88cca6784e219b\"},\"headline\":\"Bu Yaz\u0131y\u0131 Okuman\u0131z\u0131 Tavsiye Etmem\",\"datePublished\":\"2026-04-26T05:30:00+00:00\",\"dateModified\":\"2026-04-25T19:38:48+00:00\",\"mainEntityOfPage\":{\"@id\":\"https:\/\/epochtimestr.com\/index.php\/bu-yaziyi-okumanizi-tavsiye-etmem\"},\"wordCount\":907,\"commentCount\":1,\"publisher\":{\"@id\":\"https:\/\/epochtimestr.com\/#organization\"},\"image\":{\"@id\":\"https:\/\/epochtimestr.com\/index.php\/bu-yaziyi-okumanizi-tavsiye-etmem#primaryimage\"},\"thumbnailUrl\":\"https:\/\/epochtimestr.com\/wp-content\/uploads\/2011y\/Karayilan-Profil.png\",\"articleSection\":[\"K\u00f6\u015fe Yaz\u0131lar\u0131 \u00d6mer Karay\u0131lan\"],\"inLanguage\":\"tr\",\"potentialAction\":[{\"@type\":\"CommentAction\",\"name\":\"Comment\",\"target\":[\"https:\/\/epochtimestr.com\/index.php\/bu-yaziyi-okumanizi-tavsiye-etmem#respond\"]}]},{\"@type\":\"WebPage\",\"@id\":\"https:\/\/epochtimestr.com\/index.php\/bu-yaziyi-okumanizi-tavsiye-etmem\",\"url\":\"https:\/\/epochtimestr.com\/index.php\/bu-yaziyi-okumanizi-tavsiye-etmem\",\"name\":\"Bu Yaz\u0131y\u0131 Okuman\u0131z\u0131 Tavsiye Etmem - The Epoch Times TR\",\"isPartOf\":{\"@id\":\"https:\/\/epochtimestr.com\/#website\"},\"primaryImageOfPage\":{\"@id\":\"https:\/\/epochtimestr.com\/index.php\/bu-yaziyi-okumanizi-tavsiye-etmem#primaryimage\"},\"image\":{\"@id\":\"https:\/\/epochtimestr.com\/index.php\/bu-yaziyi-okumanizi-tavsiye-etmem#primaryimage\"},\"thumbnailUrl\":\"https:\/\/epochtimestr.com\/wp-content\/uploads\/2011y\/Karayilan-Profil.png\",\"datePublished\":\"2026-04-26T05:30:00+00:00\",\"dateModified\":\"2026-04-25T19:38:48+00:00\",\"description\":\"Ba\u015ftan s\u00f6yleyeyim de g\u00fcnah benden gitsin; bu yaz\u0131da bahse konu edilecek baz\u0131 \u00f6rnekler sizi rahats\u0131z edecektir.\",\"inLanguage\":\"tr\",\"potentialAction\":[{\"@type\":\"ReadAction\",\"target\":[\"https:\/\/epochtimestr.com\/index.php\/bu-yaziyi-okumanizi-tavsiye-etmem\"]}]},{\"@type\":\"ImageObject\",\"inLanguage\":\"tr\",\"@id\":\"https:\/\/epochtimestr.com\/index.php\/bu-yaziyi-okumanizi-tavsiye-etmem#primaryimage\",\"url\":\"https:\/\/epochtimestr.com\/wp-content\/uploads\/2011y\/Karayilan-Profil.png\",\"contentUrl\":\"https:\/\/epochtimestr.com\/wp-content\/uploads\/2011y\/Karayilan-Profil.png\",\"width\":600,\"height\":600},{\"@type\":\"WebSite\",\"@id\":\"https:\/\/epochtimestr.com\/#website\",\"url\":\"https:\/\/epochtimestr.com\/\",\"name\":\"The Epoch Times TR\",\"description\":\"De\u011fi\u015fen D\u00fcnyam\u0131za Taze Bir Bak\u0131\u015f\",\"publisher\":{\"@id\":\"https:\/\/epochtimestr.com\/#organization\"},\"potentialAction\":[{\"@type\":\"SearchAction\",\"target\":{\"@type\":\"EntryPoint\",\"urlTemplate\":\"https:\/\/epochtimestr.com\/?s={search_term_string}\"},\"query-input\":\"required name=search_term_string\"}],\"inLanguage\":\"tr\"},{\"@type\":\"Organization\",\"@id\":\"https:\/\/epochtimestr.com\/#organization\",\"name\":\"The EpochTimes T\u00fcrkiye\",\"url\":\"https:\/\/epochtimestr.com\/\",\"logo\":{\"@type\":\"ImageObject\",\"inLanguage\":\"tr\",\"@id\":\"https:\/\/epochtimestr.com\/#\/schema\/logo\/image\/\",\"url\":\"https:\/\/epochtimestr.com\/wp-content\/uploads\/2011y\/ET-Logo-YG.jpg\",\"contentUrl\":\"https:\/\/epochtimestr.com\/wp-content\/uploads\/2011y\/ET-Logo-YG.jpg\",\"width\":346,\"height\":29,\"caption\":\"The EpochTimes T\u00fcrkiye\"},\"image\":{\"@id\":\"https:\/\/epochtimestr.com\/#\/schema\/logo\/image\/\"},\"sameAs\":[\"https:\/\/www.facebook.com\/theepochtimestr\",\"https:\/\/x.com\/TheEpochTimesTR\",\"https:\/\/www.instagram.com\/epochtimestr\"]},{\"@type\":\"Person\",\"@id\":\"https:\/\/epochtimestr.com\/#\/schema\/person\/ee101079be4d8fb9fb88cca6784e219b\",\"name\":\"\u00d6mer Karay\u0131lan\",\"image\":{\"@type\":\"ImageObject\",\"inLanguage\":\"tr\",\"@id\":\"https:\/\/epochtimestr.com\/#\/schema\/person\/image\/\",\"url\":\"https:\/\/secure.gravatar.com\/avatar\/23a8932f0189c3fe4c0e2731cb5eb5dd?s=96&d=mm&r=g\",\"contentUrl\":\"https:\/\/secure.gravatar.com\/avatar\/23a8932f0189c3fe4c0e2731cb5eb5dd?s=96&d=mm&r=g\",\"caption\":\"\u00d6mer Karay\u0131lan\"},\"url\":\"https:\/\/epochtimestr.com\/index.php\/author\/omer\"}]}<\/script>\n<!-- \/ Yoast SEO plugin. -->","yoast_head_json":{"title":"Bu Yaz\u0131y\u0131 Okuman\u0131z\u0131 Tavsiye Etmem - The Epoch Times TR","description":"Ba\u015ftan s\u00f6yleyeyim de g\u00fcnah benden gitsin; bu yaz\u0131da bahse konu edilecek baz\u0131 \u00f6rnekler sizi rahats\u0131z edecektir.","robots":{"index":"index","follow":"follow","max-snippet":"max-snippet:-1","max-image-preview":"max-image-preview:large","max-video-preview":"max-video-preview:-1"},"canonical":"https:\/\/epochtimestr.com\/index.php\/bu-yaziyi-okumanizi-tavsiye-etmem","og_locale":"tr_TR","og_type":"article","og_title":"Bu Yaz\u0131y\u0131 Okuman\u0131z\u0131 Tavsiye Etmem - The Epoch Times TR","og_description":"Ba\u015ftan s\u00f6yleyeyim de g\u00fcnah benden gitsin; bu yaz\u0131da bahse konu edilecek baz\u0131 \u00f6rnekler sizi rahats\u0131z edecektir.","og_url":"https:\/\/epochtimestr.com\/index.php\/bu-yaziyi-okumanizi-tavsiye-etmem","og_site_name":"The Epoch Times TR","article_publisher":"https:\/\/www.facebook.com\/theepochtimestr","article_published_time":"2026-04-26T05:30:00+00:00","article_modified_time":"2026-04-25T19:38:48+00:00","og_image":[{"width":1200,"height":630,"url":"https:\/\/epochtimestr.com\/wp-content\/uploads\/2011y\/Omer-Karayilan-SM-2.jpg","type":"image\/jpeg"}],"author":"\u00d6mer Karay\u0131lan","twitter_card":"summary_large_image","twitter_creator":"@TheEpochTimesTR","twitter_site":"@TheEpochTimesTR","twitter_misc":{"Yazan:":"\u00d6mer Karay\u0131lan","Tahmini okuma s\u00fcresi":"4 dakika"},"schema":{"@context":"https:\/\/schema.org","@graph":[{"@type":"Article","@id":"https:\/\/epochtimestr.com\/index.php\/bu-yaziyi-okumanizi-tavsiye-etmem#article","isPartOf":{"@id":"https:\/\/epochtimestr.com\/index.php\/bu-yaziyi-okumanizi-tavsiye-etmem"},"author":{"name":"\u00d6mer Karay\u0131lan","@id":"https:\/\/epochtimestr.com\/#\/schema\/person\/ee101079be4d8fb9fb88cca6784e219b"},"headline":"Bu Yaz\u0131y\u0131 Okuman\u0131z\u0131 Tavsiye Etmem","datePublished":"2026-04-26T05:30:00+00:00","dateModified":"2026-04-25T19:38:48+00:00","mainEntityOfPage":{"@id":"https:\/\/epochtimestr.com\/index.php\/bu-yaziyi-okumanizi-tavsiye-etmem"},"wordCount":907,"commentCount":1,"publisher":{"@id":"https:\/\/epochtimestr.com\/#organization"},"image":{"@id":"https:\/\/epochtimestr.com\/index.php\/bu-yaziyi-okumanizi-tavsiye-etmem#primaryimage"},"thumbnailUrl":"https:\/\/epochtimestr.com\/wp-content\/uploads\/2011y\/Karayilan-Profil.png","articleSection":["K\u00f6\u015fe Yaz\u0131lar\u0131 \u00d6mer Karay\u0131lan"],"inLanguage":"tr","potentialAction":[{"@type":"CommentAction","name":"Comment","target":["https:\/\/epochtimestr.com\/index.php\/bu-yaziyi-okumanizi-tavsiye-etmem#respond"]}]},{"@type":"WebPage","@id":"https:\/\/epochtimestr.com\/index.php\/bu-yaziyi-okumanizi-tavsiye-etmem","url":"https:\/\/epochtimestr.com\/index.php\/bu-yaziyi-okumanizi-tavsiye-etmem","name":"Bu Yaz\u0131y\u0131 Okuman\u0131z\u0131 Tavsiye Etmem - The Epoch Times TR","isPartOf":{"@id":"https:\/\/epochtimestr.com\/#website"},"primaryImageOfPage":{"@id":"https:\/\/epochtimestr.com\/index.php\/bu-yaziyi-okumanizi-tavsiye-etmem#primaryimage"},"image":{"@id":"https:\/\/epochtimestr.com\/index.php\/bu-yaziyi-okumanizi-tavsiye-etmem#primaryimage"},"thumbnailUrl":"https:\/\/epochtimestr.com\/wp-content\/uploads\/2011y\/Karayilan-Profil.png","datePublished":"2026-04-26T05:30:00+00:00","dateModified":"2026-04-25T19:38:48+00:00","description":"Ba\u015ftan s\u00f6yleyeyim de g\u00fcnah benden gitsin; bu yaz\u0131da bahse konu edilecek baz\u0131 \u00f6rnekler sizi rahats\u0131z edecektir.","inLanguage":"tr","potentialAction":[{"@type":"ReadAction","target":["https:\/\/epochtimestr.com\/index.php\/bu-yaziyi-okumanizi-tavsiye-etmem"]}]},{"@type":"ImageObject","inLanguage":"tr","@id":"https:\/\/epochtimestr.com\/index.php\/bu-yaziyi-okumanizi-tavsiye-etmem#primaryimage","url":"https:\/\/epochtimestr.com\/wp-content\/uploads\/2011y\/Karayilan-Profil.png","contentUrl":"https:\/\/epochtimestr.com\/wp-content\/uploads\/2011y\/Karayilan-Profil.png","width":600,"height":600},{"@type":"WebSite","@id":"https:\/\/epochtimestr.com\/#website","url":"https:\/\/epochtimestr.com\/","name":"The Epoch Times TR","description":"De\u011fi\u015fen D\u00fcnyam\u0131za Taze Bir Bak\u0131\u015f","publisher":{"@id":"https:\/\/epochtimestr.com\/#organization"},"potentialAction":[{"@type":"SearchAction","target":{"@type":"EntryPoint","urlTemplate":"https:\/\/epochtimestr.com\/?s={search_term_string}"},"query-input":"required name=search_term_string"}],"inLanguage":"tr"},{"@type":"Organization","@id":"https:\/\/epochtimestr.com\/#organization","name":"The EpochTimes T\u00fcrkiye","url":"https:\/\/epochtimestr.com\/","logo":{"@type":"ImageObject","inLanguage":"tr","@id":"https:\/\/epochtimestr.com\/#\/schema\/logo\/image\/","url":"https:\/\/epochtimestr.com\/wp-content\/uploads\/2011y\/ET-Logo-YG.jpg","contentUrl":"https:\/\/epochtimestr.com\/wp-content\/uploads\/2011y\/ET-Logo-YG.jpg","width":346,"height":29,"caption":"The EpochTimes T\u00fcrkiye"},"image":{"@id":"https:\/\/epochtimestr.com\/#\/schema\/logo\/image\/"},"sameAs":["https:\/\/www.facebook.com\/theepochtimestr","https:\/\/x.com\/TheEpochTimesTR","https:\/\/www.instagram.com\/epochtimestr"]},{"@type":"Person","@id":"https:\/\/epochtimestr.com\/#\/schema\/person\/ee101079be4d8fb9fb88cca6784e219b","name":"\u00d6mer Karay\u0131lan","image":{"@type":"ImageObject","inLanguage":"tr","@id":"https:\/\/epochtimestr.com\/#\/schema\/person\/image\/","url":"https:\/\/secure.gravatar.com\/avatar\/23a8932f0189c3fe4c0e2731cb5eb5dd?s=96&d=mm&r=g","contentUrl":"https:\/\/secure.gravatar.com\/avatar\/23a8932f0189c3fe4c0e2731cb5eb5dd?s=96&d=mm&r=g","caption":"\u00d6mer Karay\u0131lan"},"url":"https:\/\/epochtimestr.com\/index.php\/author\/omer"}]}},"_links":{"self":[{"href":"https:\/\/epochtimestr.com\/index.php\/wp-json\/wp\/v2\/posts\/166966"}],"collection":[{"href":"https:\/\/epochtimestr.com\/index.php\/wp-json\/wp\/v2\/posts"}],"about":[{"href":"https:\/\/epochtimestr.com\/index.php\/wp-json\/wp\/v2\/types\/post"}],"author":[{"embeddable":true,"href":"https:\/\/epochtimestr.com\/index.php\/wp-json\/wp\/v2\/users\/14002"}],"replies":[{"embeddable":true,"href":"https:\/\/epochtimestr.com\/index.php\/wp-json\/wp\/v2\/comments?post=166966"}],"version-history":[{"count":1,"href":"https:\/\/epochtimestr.com\/index.php\/wp-json\/wp\/v2\/posts\/166966\/revisions"}],"predecessor-version":[{"id":166967,"href":"https:\/\/epochtimestr.com\/index.php\/wp-json\/wp\/v2\/posts\/166966\/revisions\/166967"}],"wp:featuredmedia":[{"embeddable":true,"href":"https:\/\/epochtimestr.com\/index.php\/wp-json\/wp\/v2\/media\/161248"}],"wp:attachment":[{"href":"https:\/\/epochtimestr.com\/index.php\/wp-json\/wp\/v2\/media?parent=166966"}],"wp:term":[{"taxonomy":"category","embeddable":true,"href":"https:\/\/epochtimestr.com\/index.php\/wp-json\/wp\/v2\/categories?post=166966"},{"taxonomy":"post_tag","embeddable":true,"href":"https:\/\/epochtimestr.com\/index.php\/wp-json\/wp\/v2\/tags?post=166966"}],"curies":[{"name":"wp","href":"https:\/\/api.w.org\/{rel}","templated":true}]}}